{"id":2375,"date":"2019-09-21T08:46:51","date_gmt":"2019-09-21T05:46:51","guid":{"rendered":"https:\/\/hotnewsinworld.com\/hu\/karacsony-erveles-helyett-menekul-magyar-nemzet\/"},"modified":"2019-09-21T08:46:52","modified_gmt":"2019-09-21T05:46:52","slug":"karacsony-erveles-helyett-menekul-magyar-nemzet","status":"publish","type":"post","link":"https:\/\/hotnewsinworld.com\/hu\/karacsony-erveles-helyett-menekul-magyar-nemzet\/","title":{"rendered":"Kar\u00e1csony \u00e9rvel\u00e9s helyett menek\u00fcl | Magyar Nemzet"},"content":{"rendered":"<p>\t\t\t\t\tA cikk emailben t\u00f6rt\u00e9n\u0151 elk\u00fcld\u00e9s\u00e9hez kattintson ide, vagy m\u00e1solja le \u00e9s k\u00fcldje el ezt a linket: https:\/\/magyarnemzet.hu\/belfold\/karacsony-erveles-helyett-menekul-7324121\/<\/p>\n<p>\t\t\t\t\t2019. szeptember 21. szombat 07:40<\/p>\n<p>\t\t\t\t\t\t\t\tKar\u00e1csony Gergelynek, a baloldal f\u0151polg\u00e1rmester-jel\u00f6ltj\u00e9nek sz\u00e1mtalan alkalommal \u00e9s t\u00e9m\u00e1ban lett volna lehet\u0151s\u00e9ge, de az elm\u00falt egy \u00e9vben egyetlen alkalommal sem vit\u00e1zott Tarl\u00f3s Istv\u00e1nnal a F\u0151v\u00e1rosi K\u00f6zgy\u0171l\u00e9sben. Zugl\u00f3 polg\u00e1rmestere a k\u00f6zgy\u0171l\u00e9si munka mellett a bizotts\u00e1gi feladatait is elhanyagolta. Tarl\u00f3s Istv\u00e1n ugyanakkor az elm\u00falt k\u00f6zel harminc \u00e9vben ny\u00edltan megv\u00edvta csat\u00e1it el\u0151dj\u00e9vel, Demszky G\u00e1borral \u00e9s a balliber\u00e1lis k\u00f6zgy\u0171l\u00e9si k\u00e9pvisel\u0151kkel.\t\t\t\t\t\t\t<\/p>\n<p>\t\t\t\t\t\u201eK\u00f6sz\u00f6n\u00f6m a sz\u00f3t. Csak nagyon r\u00f6viden. K\u00f6sz\u00f6n\u00f6m Riz Levente polg\u00e1rmester \u00farnak a felsz\u00f3lal\u00e1s\u00e1t. Term\u00e9szetesen visszavonom a javaslatomat, \u00e9s \u00f6r\u00fcl\u00f6k, hogy az egy\u00e9bk\u00e9nt szint\u00e9n f\u0151v\u00e1rosi tulajdonban l\u00e9v\u0151 ter\u00fcletet fejlesztend\u0151 projekt\u00fcnk is t\u00e1mogat\u00e1st kapott. K\u00f6sz\u00f6n\u00f6m sz\u00e9pen a v\u00e1rosvezet\u00e9snek, hogy korrig\u00e1lta az eredeti el\u0151terjeszt\u00e9st\u201d \u2013 mind\u00f6ssze ennyit mondott az elm\u00falt egy \u00e9vben egyetlen \u2013 2018. szeptember 26-i \u2013 f\u0151v\u00e1rosi k\u00f6zgy\u0171l\u00e9si felsz\u00f3lal\u00e1s\u00e1ban Kar\u00e1csony Gergely. \u00c9rdemes hozz\u00e1tenni: Zugl\u00f3 polg\u00e1rmestere, a baloldal f\u0151polg\u00e1rmester-jel\u00f6ltje a tavaly augusztus 29. \u00f3ta megtartott kilenc f\u0151v\u00e1rosi rendes \u00e9s rendk\u00edv\u00fcli \u00fcl\u00e9sb\u0151l mind\u00f6ssze \u00f6t\u00f6n vett r\u00e9szt, n\u00e9gy alkalommal t\u00e1vol maradt.Kar\u00e1csony Tarl\u00f3s Istv\u00e1n f\u0151polg\u00e1rmesterrel a budapesti \u00fcgyekben, k\u00e9rd\u00e9sekben sz\u00fcletett el\u0151terjeszt\u00e9sek kapcs\u00e1n az ut\u00e1n sem \u00fctk\u00f6ztette v\u00e9lem\u00e9ny\u00e9t a k\u00f6zgy\u0171l\u00e9si tagok \u00e9s az \u00e9l\u0151 k\u00f6zvet\u00edt\u00e9st n\u00e9z\u0151k jelenl\u00e9t\u00e9ben, hogy febru\u00e1r 3. \u00f3ta az MSZP\u2013P\u00e1rbesz\u00e9d f\u0151polg\u00e1rmester-jel\u00f6ltje lett. N\u00e9gy k\u00f6zgy\u0171l\u00e9si \u00fcl\u00e9sen is lett volna m\u00f3dja f\u0151polg\u00e1rmester-jel\u00f6ltk\u00e9nt vit\u00e1ba sz\u00e1llni Tarl\u00f3s Istv\u00e1nnal, de nem tette.<br \/>\nKar\u00e1csony hasonl\u00f3 lelkesed\u00e9ssel vett r\u00e9szt a F\u0151v\u00e1rosi \u00d6nkorm\u00e1nyzat k\u00f6zbeszerz\u00e9si bizotts\u00e1g\u00e1nak munk\u00e1j\u00e1ban is. A test\u00fclet 84 \u00fcl\u00e9s\u00e9b\u0151l mind\u00f6ssze 16-ra ment el a 2014\u20132019 k\u00f6z\u00f6tti ciklusban. Ezeken az \u00fcl\u00e9seken is ker\u00fclte a konfliktusokat, \u00e1ltal\u00e1ban mindent megszavazott, t\u00f6bbek k\u00f6z\u00f6tt azt a patk\u00e1nyirt\u00e1ssal kapcsolatos k\u00f6zbeszerz\u00e9st is, aminek kapcs\u00e1n most csal\u00e1st ki\u00e1llt.<br \/>\nA jelenlegi f\u0151polg\u00e1rmester ezzel szemben 1990 \u00e9s 2010 k\u00f6z\u00f6tt mind III. ker\u00fcleti polg\u00e1rmesterk\u00e9nt, mind a k\u00f6zgy\u0171l\u00e9si Fidesz-frakci\u00f3 vezet\u0151jek\u00e9nt, valamint kih\u00edv\u00f3k\u00e9nt sz\u00e1mtalan esetben \u00e9s f\u00f3rumon vit\u00e1ba sz\u00e1llt el\u0151dj\u00e9vel, az SZDSZ-es Demszky G\u00e1borral. Tarl\u00f3s Istv\u00e1n csak 2009-ben 59 alkalommal vit\u00e1zott az SZDSZ-es f\u0151polg\u00e1rmesterrel.<br \/>\nEgy ideje m\u00e1r az \u00fajs\u00e1g\u00edr\u00f3k k\u00e9rd\u00e9seire sem hajland\u00f3 v\u00e1laszolni a P\u00e1rbesz\u00e9d politikusaFot\u00f3: Havran Zolt\u00e1n<br \/>\nKar\u00e1csony vitak\u00e9ptelens\u00e9g\u00e9t j\u00f3l p\u00e9ld\u00e1zza az a tegnapi eset is, amikor \u00edg\u00e9rete ellen\u00e9re nem jelent meg az M1 reggeli m\u0171sor\u00e1ban. A f\u0151polg\u00e1rmester-jel\u00f6lt el\u0151sz\u00f6r elfogadta a megh\u00edv\u00e1st, k\u00e9s\u0151bb m\u00e9gis lemondta. \u00c1ll\u00edt\u00e1sa szerint az\u00e9rt, mert tudom\u00e1s\u00e1ra jutott, hogy k\u00e9t vet\u00e9lyt\u00e1rsa, Puzs\u00e9r R\u00f3bert \u00e9s Berki Kriszti\u00e1n is megh\u00edv\u00e1st kapott a m\u0171sorba. B\u00e1r a jel\u00f6ltek k\u00fcl\u00f6n-k\u00fcl\u00f6n m\u0171sorid\u0151t kaptak, Kar\u00e1csony Gergely tal\u00e1lkozni sem akart vel\u00fck.<br \/>\nA fentiek ellen\u00e9re a baloldal f\u0151polg\u00e1rmester-jel\u00f6ltje most m\u00e9gis gy\u00e1vas\u00e1ggal v\u00e1dolja Tarl\u00f3s Istv\u00e1nt, s\u00e9relmezve, hogy nem \u00e1ll ki vele vit\u00e1ra. Kar\u00e1csony Gergely kijelent\u00e9sei \u00e9s akci\u00f3i ok\u00e1n Tarl\u00f3s Istv\u00e1n f\u0151polg\u00e1rmester lesz\u00f6gezte: el\u0151bb a kih\u00edv\u00f3inak kellene vit\u00e1zniuk, ez\u00e9rt az \u0151 felt\u00e9tele az, hogy legyen Kar\u00e1csony\u2013Puzs\u00e9r-vita. A f\u0151polg\u00e1rmester elk\u00e9pzel\u00e9se szerint ha a kih\u00edv\u00f3k k\u00f6zti vita lezajlott, akkor tudnak Kar\u00e1csonnyal meg\u00e1llapodni a k\u00e9tszerepl\u0151s vita felt\u00e9teleir\u0151l.<\/p>\n<p>\n<!--noindex--><br \/>\n<a href=\"https:\/\/hirek.oldal.info\/rssclick\/14414797\" rel=\"nofollow\">Source link <\/a><br \/>\n<!--\/noindex--><\/p>\n","protected":false},"excerpt":{"rendered":"<p>A cikk emailben t\u00f6rt\u00e9n\u0151 elk\u00fcld\u00e9s\u00e9hez kattintson ide, vagy m\u00e1solja le \u00e9s k\u00fcldje el ezt a linket: https:\/\/magyarnemzet.hu\/belfold\/karacsony-erveles-helyett-menekul-7324121\/ 2019. szeptember 21. szombat 07:40 Kar\u00e1csony Gergelynek, a baloldal f\u0151polg\u00e1rmester-jel\u00f6ltj\u00e9nek sz\u00e1mtalan alkalommal \u00e9s t\u00e9m\u00e1ban lett volna lehet\u0151s\u00e9ge, de az elm\u00falt egy \u00e9vben egyetlen alkalommal sem vit\u00e1zott Tarl\u00f3s Istv\u00e1nnal a F\u0151v\u00e1rosi K\u00f6zgy\u0171l\u00e9sben. Zugl\u00f3 polg\u00e1rmestere a k\u00f6zgy\u0171l\u00e9si munka mellett a [&hellip;]<\/p>\n","protected":false},"author":2,"featured_media":2376,"comment_status":"open","ping_status":"open","sticky":false,"template":"","format":"standard","meta":{"footnotes":""},"categories":[1],"tags":[],"class_list":["post-2375","post","type-post","status-publish","format-standard","has-post-thumbnail","hentry","category-legujabb-penzugyi-hirek"],"yoast_head":"<!-- This site is optimized with the Yoast SEO plugin v27.4 - https:\/\/yoast.com\/product\/yoast-seo-wordpress\/ -->\n<title>Kar\u00e1csony \u00e9rvel\u00e9s helyett menek\u00fcl | Magyar Nemzet - Hot News in World<\/title>\n<meta name=\"robots\" content=\"index, follow, max-snippet:-1, max-image-preview:large, max-video-preview:-1\" \/>\n<link rel=\"canonical\" href=\"https:\/\/hotnewsinworld.com\/hu\/karacsony-erveles-helyett-menekul-magyar-nemzet\/\" \/>\n<meta property=\"og:locale\" content=\"hu_HU\" \/>\n<meta property=\"og:type\" content=\"article\" \/>\n<meta property=\"og:title\" content=\"Kar\u00e1csony \u00e9rvel\u00e9s helyett menek\u00fcl | Magyar Nemzet - Hot News in World\" \/>\n<meta property=\"og:description\" content=\"A cikk emailben t\u00f6rt\u00e9n\u0151 elk\u00fcld\u00e9s\u00e9hez kattintson ide, vagy m\u00e1solja le \u00e9s k\u00fcldje el ezt a linket: https:\/\/magyarnemzet.hu\/belfold\/karacsony-erveles-helyett-menekul-7324121\/ 2019. szeptember 21. szombat 07:40 Kar\u00e1csony Gergelynek, a baloldal f\u0151polg\u00e1rmester-jel\u00f6ltj\u00e9nek sz\u00e1mtalan alkalommal \u00e9s t\u00e9m\u00e1ban lett volna lehet\u0151s\u00e9ge, de az elm\u00falt egy \u00e9vben egyetlen alkalommal sem vit\u00e1zott Tarl\u00f3s Istv\u00e1nnal a F\u0151v\u00e1rosi K\u00f6zgy\u0171l\u00e9sben. Zugl\u00f3 polg\u00e1rmestere a k\u00f6zgy\u0171l\u00e9si munka mellett a [&hellip;]\" \/>\n<meta property=\"og:url\" content=\"https:\/\/hotnewsinworld.com\/hu\/karacsony-erveles-helyett-menekul-magyar-nemzet\/\" \/>\n<meta property=\"og:site_name\" content=\"Hot News in World\" \/>\n<meta property=\"article:published_time\" content=\"2019-09-21T05:46:51+00:00\" \/>\n<meta property=\"article:modified_time\" content=\"2019-09-21T05:46:52+00:00\" \/>\n<meta property=\"og:image\" content=\"https:\/\/hotnewsinworld.com\/hu\/wp-content\/uploads\/sites\/3\/2019\/09\/Kar\u00e1csony-\u00e9rvel\u00e9s-helyett-menek\u00fcl-Magyar-Nemzet.jpg\" \/>\n\t<meta property=\"og:image:width\" content=\"768\" \/>\n\t<meta property=\"og:image:height\" content=\"433\" \/>\n\t<meta property=\"og:image:type\" content=\"image\/jpeg\" \/>\n<meta name=\"author\" content=\"hotnewsinworld\" \/>\n<meta name=\"twitter:card\" content=\"summary_large_image\" \/>\n<meta name=\"twitter:label1\" content=\"Szerz\u0151:\" \/>\n\t<meta name=\"twitter:data1\" content=\"hotnewsinworld\" \/>\n\t<meta name=\"twitter:label2\" content=\"Becs\u00fclt olvas\u00e1si id\u0151\" \/>\n\t<meta name=\"twitter:data2\" content=\"4 perc\" \/>\n<script type=\"application\/ld+json\" class=\"yoast-schema-graph\">{\"@context\":\"https:\\\/\\\/schema.org\",\"@graph\":[{\"@type\":\"Article\",\"@id\":\"https:\\\/\\\/hotnewsinworld.com\\\/hu\\\/karacsony-erveles-helyett-menekul-magyar-nemzet\\\/#article\",\"isPartOf\":{\"@id\":\"https:\\\/\\\/hotnewsinworld.com\\\/hu\\\/karacsony-erveles-helyett-menekul-magyar-nemzet\\\/\"},\"author\":{\"name\":\"hotnewsinworld\",\"@id\":\"https:\\\/\\\/hotnewsinworld.com\\\/hu\\\/#\\\/schema\\\/person\\\/fe61448b21c0d59086e75fcc1f9d8f6b\"},\"headline\":\"Kar\u00e1csony \u00e9rvel\u00e9s helyett menek\u00fcl | Magyar Nemzet\",\"datePublished\":\"2019-09-21T05:46:51+00:00\",\"dateModified\":\"2019-09-21T05:46:52+00:00\",\"mainEntityOfPage\":{\"@id\":\"https:\\\/\\\/hotnewsinworld.com\\\/hu\\\/karacsony-erveles-helyett-menekul-magyar-nemzet\\\/\"},\"wordCount\":747,\"commentCount\":0,\"image\":{\"@id\":\"https:\\\/\\\/hotnewsinworld.com\\\/hu\\\/karacsony-erveles-helyett-menekul-magyar-nemzet\\\/#primaryimage\"},\"thumbnailUrl\":\"https:\\\/\\\/hotnewsinworld.com\\\/hu\\\/wp-content\\\/uploads\\\/sites\\\/3\\\/2019\\\/09\\\/Kar\u00e1csony-\u00e9rvel\u00e9s-helyett-menek\u00fcl-Magyar-Nemzet.jpg\",\"articleSection\":[\"LEG\u00daJABB P\u00c9NZ\u00dcGYI H\u00cdREK\"],\"inLanguage\":\"hu\",\"potentialAction\":[{\"@type\":\"CommentAction\",\"name\":\"Comment\",\"target\":[\"https:\\\/\\\/hotnewsinworld.com\\\/hu\\\/karacsony-erveles-helyett-menekul-magyar-nemzet\\\/#respond\"]}]},{\"@type\":\"WebPage\",\"@id\":\"https:\\\/\\\/hotnewsinworld.com\\\/hu\\\/karacsony-erveles-helyett-menekul-magyar-nemzet\\\/\",\"url\":\"https:\\\/\\\/hotnewsinworld.com\\\/hu\\\/karacsony-erveles-helyett-menekul-magyar-nemzet\\\/\",\"name\":\"Kar\u00e1csony \u00e9rvel\u00e9s helyett menek\u00fcl | Magyar Nemzet - Hot News in World\",\"isPartOf\":{\"@id\":\"https:\\\/\\\/hotnewsinworld.com\\\/hu\\\/#website\"},\"primaryImageOfPage\":{\"@id\":\"https:\\\/\\\/hotnewsinworld.com\\\/hu\\\/karacsony-erveles-helyett-menekul-magyar-nemzet\\\/#primaryimage\"},\"image\":{\"@id\":\"https:\\\/\\\/hotnewsinworld.com\\\/hu\\\/karacsony-erveles-helyett-menekul-magyar-nemzet\\\/#primaryimage\"},\"thumbnailUrl\":\"https:\\\/\\\/hotnewsinworld.com\\\/hu\\\/wp-content\\\/uploads\\\/sites\\\/3\\\/2019\\\/09\\\/Kar\u00e1csony-\u00e9rvel\u00e9s-helyett-menek\u00fcl-Magyar-Nemzet.jpg\",\"datePublished\":\"2019-09-21T05:46:51+00:00\",\"dateModified\":\"2019-09-21T05:46:52+00:00\",\"author\":{\"@id\":\"https:\\\/\\\/hotnewsinworld.com\\\/hu\\\/#\\\/schema\\\/person\\\/fe61448b21c0d59086e75fcc1f9d8f6b\"},\"breadcrumb\":{\"@id\":\"https:\\\/\\\/hotnewsinworld.com\\\/hu\\\/karacsony-erveles-helyett-menekul-magyar-nemzet\\\/#breadcrumb\"},\"inLanguage\":\"hu\",\"potentialAction\":[{\"@type\":\"ReadAction\",\"target\":[\"https:\\\/\\\/hotnewsinworld.com\\\/hu\\\/karacsony-erveles-helyett-menekul-magyar-nemzet\\\/\"]}]},{\"@type\":\"ImageObject\",\"inLanguage\":\"hu\",\"@id\":\"https:\\\/\\\/hotnewsinworld.com\\\/hu\\\/karacsony-erveles-helyett-menekul-magyar-nemzet\\\/#primaryimage\",\"url\":\"https:\\\/\\\/hotnewsinworld.com\\\/hu\\\/wp-content\\\/uploads\\\/sites\\\/3\\\/2019\\\/09\\\/Kar\u00e1csony-\u00e9rvel\u00e9s-helyett-menek\u00fcl-Magyar-Nemzet.jpg\",\"contentUrl\":\"https:\\\/\\\/hotnewsinworld.com\\\/hu\\\/wp-content\\\/uploads\\\/sites\\\/3\\\/2019\\\/09\\\/Kar\u00e1csony-\u00e9rvel\u00e9s-helyett-menek\u00fcl-Magyar-Nemzet.jpg\",\"width\":768,\"height\":433,\"caption\":\"Kar\u00e1csony \u00e9rvel\u00e9s helyett menek\u00fcl | Magyar Nemzet\"},{\"@type\":\"BreadcrumbList\",\"@id\":\"https:\\\/\\\/hotnewsinworld.com\\\/hu\\\/karacsony-erveles-helyett-menekul-magyar-nemzet\\\/#breadcrumb\",\"itemListElement\":[{\"@type\":\"ListItem\",\"position\":1,\"name\":\"\u0413\u043b\u0430\u0432\u043d\u0430\u044f \u0441\u0442\u0440\u0430\u043d\u0438\u0446\u0430\",\"item\":\"https:\\\/\\\/hotnewsinworld.com\\\/hu\\\/\"},{\"@type\":\"ListItem\",\"position\":2,\"name\":\"Kar\u00e1csony \u00e9rvel\u00e9s helyett menek\u00fcl | Magyar Nemzet\"}]},{\"@type\":\"WebSite\",\"@id\":\"https:\\\/\\\/hotnewsinworld.com\\\/hu\\\/#website\",\"url\":\"https:\\\/\\\/hotnewsinworld.com\\\/hu\\\/\",\"name\":\"Hot News in World\",\"description\":\"Hot News in World from Hungary\",\"potentialAction\":[{\"@type\":\"SearchAction\",\"target\":{\"@type\":\"EntryPoint\",\"urlTemplate\":\"https:\\\/\\\/hotnewsinworld.com\\\/hu\\\/?s={search_term_string}\"},\"query-input\":{\"@type\":\"PropertyValueSpecification\",\"valueRequired\":true,\"valueName\":\"search_term_string\"}}],\"inLanguage\":\"hu\"},{\"@type\":\"Person\",\"@id\":\"https:\\\/\\\/hotnewsinworld.com\\\/hu\\\/#\\\/schema\\\/person\\\/fe61448b21c0d59086e75fcc1f9d8f6b\",\"name\":\"hotnewsinworld\",\"image\":{\"@type\":\"ImageObject\",\"inLanguage\":\"hu\",\"@id\":\"https:\\\/\\\/secure.gravatar.com\\\/avatar\\\/8a09ac165600ce2e1c38fe593c63928eb1e6e7ba5c5a907d67787c41b3d00c14?s=96&d=mm&r=g\",\"url\":\"https:\\\/\\\/secure.gravatar.com\\\/avatar\\\/8a09ac165600ce2e1c38fe593c63928eb1e6e7ba5c5a907d67787c41b3d00c14?s=96&d=mm&r=g\",\"contentUrl\":\"https:\\\/\\\/secure.gravatar.com\\\/avatar\\\/8a09ac165600ce2e1c38fe593c63928eb1e6e7ba5c5a907d67787c41b3d00c14?s=96&d=mm&r=g\",\"caption\":\"hotnewsinworld\"},\"url\":\"https:\\\/\\\/hotnewsinworld.com\\\/hu\\\/author\\\/pt\\\/\"}]}<\/script>\n<!-- \/ Yoast SEO plugin. -->","yoast_head_json":{"title":"Kar\u00e1csony \u00e9rvel\u00e9s helyett menek\u00fcl | Magyar Nemzet - Hot News in World","robots":{"index":"index","follow":"follow","max-snippet":"max-snippet:-1","max-image-preview":"max-image-preview:large","max-video-preview":"max-video-preview:-1"},"canonical":"https:\/\/hotnewsinworld.com\/hu\/karacsony-erveles-helyett-menekul-magyar-nemzet\/","og_locale":"hu_HU","og_type":"article","og_title":"Kar\u00e1csony \u00e9rvel\u00e9s helyett menek\u00fcl | Magyar Nemzet - Hot News in World","og_description":"A cikk emailben t\u00f6rt\u00e9n\u0151 elk\u00fcld\u00e9s\u00e9hez kattintson ide, vagy m\u00e1solja le \u00e9s k\u00fcldje el ezt a linket: https:\/\/magyarnemzet.hu\/belfold\/karacsony-erveles-helyett-menekul-7324121\/ 2019. szeptember 21. szombat 07:40 Kar\u00e1csony Gergelynek, a baloldal f\u0151polg\u00e1rmester-jel\u00f6ltj\u00e9nek sz\u00e1mtalan alkalommal \u00e9s t\u00e9m\u00e1ban lett volna lehet\u0151s\u00e9ge, de az elm\u00falt egy \u00e9vben egyetlen alkalommal sem vit\u00e1zott Tarl\u00f3s Istv\u00e1nnal a F\u0151v\u00e1rosi K\u00f6zgy\u0171l\u00e9sben. Zugl\u00f3 polg\u00e1rmestere a k\u00f6zgy\u0171l\u00e9si munka mellett a [&hellip;]","og_url":"https:\/\/hotnewsinworld.com\/hu\/karacsony-erveles-helyett-menekul-magyar-nemzet\/","og_site_name":"Hot News in World","article_published_time":"2019-09-21T05:46:51+00:00","article_modified_time":"2019-09-21T05:46:52+00:00","og_image":[{"width":768,"height":433,"url":"https:\/\/hotnewsinworld.com\/hu\/wp-content\/uploads\/sites\/3\/2019\/09\/Kar\u00e1csony-\u00e9rvel\u00e9s-helyett-menek\u00fcl-Magyar-Nemzet.jpg","type":"image\/jpeg"}],"author":"hotnewsinworld","twitter_card":"summary_large_image","twitter_misc":{"Szerz\u0151:":"hotnewsinworld","Becs\u00fclt olvas\u00e1si id\u0151":"4 perc"},"schema":{"@context":"https:\/\/schema.org","@graph":[{"@type":"Article","@id":"https:\/\/hotnewsinworld.com\/hu\/karacsony-erveles-helyett-menekul-magyar-nemzet\/#article","isPartOf":{"@id":"https:\/\/hotnewsinworld.com\/hu\/karacsony-erveles-helyett-menekul-magyar-nemzet\/"},"author":{"name":"hotnewsinworld","@id":"https:\/\/hotnewsinworld.com\/hu\/#\/schema\/person\/fe61448b21c0d59086e75fcc1f9d8f6b"},"headline":"Kar\u00e1csony \u00e9rvel\u00e9s helyett menek\u00fcl | Magyar Nemzet","datePublished":"2019-09-21T05:46:51+00:00","dateModified":"2019-09-21T05:46:52+00:00","mainEntityOfPage":{"@id":"https:\/\/hotnewsinworld.com\/hu\/karacsony-erveles-helyett-menekul-magyar-nemzet\/"},"wordCount":747,"commentCount":0,"image":{"@id":"https:\/\/hotnewsinworld.com\/hu\/karacsony-erveles-helyett-menekul-magyar-nemzet\/#primaryimage"},"thumbnailUrl":"https:\/\/hotnewsinworld.com\/hu\/wp-content\/uploads\/sites\/3\/2019\/09\/Kar\u00e1csony-\u00e9rvel\u00e9s-helyett-menek\u00fcl-Magyar-Nemzet.jpg","articleSection":["LEG\u00daJABB P\u00c9NZ\u00dcGYI H\u00cdREK"],"inLanguage":"hu","potentialAction":[{"@type":"CommentAction","name":"Comment","target":["https:\/\/hotnewsinworld.com\/hu\/karacsony-erveles-helyett-menekul-magyar-nemzet\/#respond"]}]},{"@type":"WebPage","@id":"https:\/\/hotnewsinworld.com\/hu\/karacsony-erveles-helyett-menekul-magyar-nemzet\/","url":"https:\/\/hotnewsinworld.com\/hu\/karacsony-erveles-helyett-menekul-magyar-nemzet\/","name":"Kar\u00e1csony \u00e9rvel\u00e9s helyett menek\u00fcl | Magyar Nemzet - Hot News in World","isPartOf":{"@id":"https:\/\/hotnewsinworld.com\/hu\/#website"},"primaryImageOfPage":{"@id":"https:\/\/hotnewsinworld.com\/hu\/karacsony-erveles-helyett-menekul-magyar-nemzet\/#primaryimage"},"image":{"@id":"https:\/\/hotnewsinworld.com\/hu\/karacsony-erveles-helyett-menekul-magyar-nemzet\/#primaryimage"},"thumbnailUrl":"https:\/\/hotnewsinworld.com\/hu\/wp-content\/uploads\/sites\/3\/2019\/09\/Kar\u00e1csony-\u00e9rvel\u00e9s-helyett-menek\u00fcl-Magyar-Nemzet.jpg","datePublished":"2019-09-21T05:46:51+00:00","dateModified":"2019-09-21T05:46:52+00:00","author":{"@id":"https:\/\/hotnewsinworld.com\/hu\/#\/schema\/person\/fe61448b21c0d59086e75fcc1f9d8f6b"},"breadcrumb":{"@id":"https:\/\/hotnewsinworld.com\/hu\/karacsony-erveles-helyett-menekul-magyar-nemzet\/#breadcrumb"},"inLanguage":"hu","potentialAction":[{"@type":"ReadAction","target":["https:\/\/hotnewsinworld.com\/hu\/karacsony-erveles-helyett-menekul-magyar-nemzet\/"]}]},{"@type":"ImageObject","inLanguage":"hu","@id":"https:\/\/hotnewsinworld.com\/hu\/karacsony-erveles-helyett-menekul-magyar-nemzet\/#primaryimage","url":"https:\/\/hotnewsinworld.com\/hu\/wp-content\/uploads\/sites\/3\/2019\/09\/Kar\u00e1csony-\u00e9rvel\u00e9s-helyett-menek\u00fcl-Magyar-Nemzet.jpg","contentUrl":"https:\/\/hotnewsinworld.com\/hu\/wp-content\/uploads\/sites\/3\/2019\/09\/Kar\u00e1csony-\u00e9rvel\u00e9s-helyett-menek\u00fcl-Magyar-Nemzet.jpg","width":768,"height":433,"caption":"Kar\u00e1csony \u00e9rvel\u00e9s helyett menek\u00fcl | Magyar Nemzet"},{"@type":"BreadcrumbList","@id":"https:\/\/hotnewsinworld.com\/hu\/karacsony-erveles-helyett-menekul-magyar-nemzet\/#breadcrumb","itemListElement":[{"@type":"ListItem","position":1,"name":"\u0413\u043b\u0430\u0432\u043d\u0430\u044f \u0441\u0442\u0440\u0430\u043d\u0438\u0446\u0430","item":"https:\/\/hotnewsinworld.com\/hu\/"},{"@type":"ListItem","position":2,"name":"Kar\u00e1csony \u00e9rvel\u00e9s helyett menek\u00fcl | Magyar Nemzet"}]},{"@type":"WebSite","@id":"https:\/\/hotnewsinworld.com\/hu\/#website","url":"https:\/\/hotnewsinworld.com\/hu\/","name":"Hot News in World","description":"Hot News in World from Hungary","potentialAction":[{"@type":"SearchAction","target":{"@type":"EntryPoint","urlTemplate":"https:\/\/hotnewsinworld.com\/hu\/?s={search_term_string}"},"query-input":{"@type":"PropertyValueSpecification","valueRequired":true,"valueName":"search_term_string"}}],"inLanguage":"hu"},{"@type":"Person","@id":"https:\/\/hotnewsinworld.com\/hu\/#\/schema\/person\/fe61448b21c0d59086e75fcc1f9d8f6b","name":"hotnewsinworld","image":{"@type":"ImageObject","inLanguage":"hu","@id":"https:\/\/secure.gravatar.com\/avatar\/8a09ac165600ce2e1c38fe593c63928eb1e6e7ba5c5a907d67787c41b3d00c14?s=96&d=mm&r=g","url":"https:\/\/secure.gravatar.com\/avatar\/8a09ac165600ce2e1c38fe593c63928eb1e6e7ba5c5a907d67787c41b3d00c14?s=96&d=mm&r=g","contentUrl":"https:\/\/secure.gravatar.com\/avatar\/8a09ac165600ce2e1c38fe593c63928eb1e6e7ba5c5a907d67787c41b3d00c14?s=96&d=mm&r=g","caption":"hotnewsinworld"},"url":"https:\/\/hotnewsinworld.com\/hu\/author\/pt\/"}]}},"_links":{"self":[{"href":"https:\/\/hotnewsinworld.com\/hu\/wp-json\/wp\/v2\/posts\/2375","targetHints":{"allow":["GET"]}}],"collection":[{"href":"https:\/\/hotnewsinworld.com\/hu\/wp-json\/wp\/v2\/posts"}],"about":[{"href":"https:\/\/hotnewsinworld.com\/hu\/wp-json\/wp\/v2\/types\/post"}],"author":[{"embeddable":true,"href":"https:\/\/hotnewsinworld.com\/hu\/wp-json\/wp\/v2\/users\/2"}],"replies":[{"embeddable":true,"href":"https:\/\/hotnewsinworld.com\/hu\/wp-json\/wp\/v2\/comments?post=2375"}],"version-history":[{"count":1,"href":"https:\/\/hotnewsinworld.com\/hu\/wp-json\/wp\/v2\/posts\/2375\/revisions"}],"predecessor-version":[{"id":2377,"href":"https:\/\/hotnewsinworld.com\/hu\/wp-json\/wp\/v2\/posts\/2375\/revisions\/2377"}],"wp:featuredmedia":[{"embeddable":true,"href":"https:\/\/hotnewsinworld.com\/hu\/wp-json\/wp\/v2\/media\/2376"}],"wp:attachment":[{"href":"https:\/\/hotnewsinworld.com\/hu\/wp-json\/wp\/v2\/media?parent=2375"}],"wp:term":[{"taxonomy":"category","embeddable":true,"href":"https:\/\/hotnewsinworld.com\/hu\/wp-json\/wp\/v2\/categories?post=2375"},{"taxonomy":"post_tag","embeddable":true,"href":"https:\/\/hotnewsinworld.com\/hu\/wp-json\/wp\/v2\/tags?post=2375"}],"curies":[{"name":"wp","href":"https:\/\/api.w.org\/{rel}","templated":true}]}}