{"id":2378,"date":"2019-09-21T10:22:24","date_gmt":"2019-09-21T07:22:24","guid":{"rendered":"https:\/\/hotnewsinworld.com\/hu\/korozott-audi-kicserelt-rendszammal-es-hamis-forgalmival\/"},"modified":"2019-09-21T10:22:25","modified_gmt":"2019-09-21T07:22:25","slug":"korozott-audi-kicserelt-rendszammal-es-hamis-forgalmival","status":"publish","type":"post","link":"https:\/\/hotnewsinworld.com\/hu\/korozott-audi-kicserelt-rendszammal-es-hamis-forgalmival\/","title":{"rendered":"K\u00f6r\u00f6z\u00f6tt Audi, kicser\u00e9lt rendsz\u00e1mmal \u00e9s hamis forgalmival"},"content":{"rendered":"\n<p>            A magyar rend\u0151r\u00f6k az olasz hat\u00f3s\u00e1gok \u00e1ltal k\u00f6r\u00f6z\u00f6tt j\u00e1rm\u0171vet foglaltak le R\u00f6szk\u00e9n. A sof\u0151rrel szemben elj\u00e1r\u00e1s indult.<\/p>\n<p>            Egy szerb f\u00e9rfi jelentkezett kil\u00e9p\u00e9sre 2019. szeptember 19-\u00e9n 16 \u00f3rakor egy olasz honoss\u00e1g\u00fa szem\u00e9lyaut\u00f3 vezet\u0151jek\u00e9nt a R\u00f6szke K\u00f6z\u00fati Hat\u00e1r\u00e1tkel\u0151helyen. Az ellen\u0151rz\u00e9s meg\u00e1llap\u00edtotta, hogy az Audi Q5 t\u00edpus\u00fa g\u00e9pkocsi forgalmi enged\u00e9ly\u00e9t \u00e9s rendsz\u00e1mt\u00e1bl\u00e1it meghamis\u00edtott\u00e1k. Az eredeti adatok alapj\u00e1n a j\u00e1rm\u0171vet az olasz hat\u00f3s\u00e1gok k\u00f6r\u00f6zik.\u00a0<\/p>\n<p>A sof\u0151rrel szemben egyedi azonos\u00edt\u00f3 jellel vissza\u00e9l\u00e9s b\u0171ntett, k\u00f6zokirat hamis\u00edt\u00e1s b\u0171ntett, valamint orgazdas\u00e1g b\u0171ntett elk\u00f6vet\u00e9s\u00e9nek megalapozott gyan\u00faja miatt indult b\u00fcntet\u0151elj\u00e1r\u00e1s.<\/p>\n<p>A nyomoz\u00f3k a csaknem 6 milli\u00f3 forint \u00e9rt\u00e9k\u0171 Audit lefoglalt\u00e1k.<\/p>\n<p>\n<!--noindex--><br \/>\n<a href=\"https:\/\/hirek.oldal.info\/rssclick\/14415013\" rel=\"nofollow\">Source link <\/a><br \/>\n<!--\/noindex--><\/p>\n","protected":false},"excerpt":{"rendered":"<p>A magyar rend\u0151r\u00f6k az olasz hat\u00f3s\u00e1gok \u00e1ltal k\u00f6r\u00f6z\u00f6tt j\u00e1rm\u0171vet foglaltak le R\u00f6szk\u00e9n. A sof\u0151rrel szemben elj\u00e1r\u00e1s indult. Egy szerb f\u00e9rfi jelentkezett kil\u00e9p\u00e9sre 2019. szeptember 19-\u00e9n 16 \u00f3rakor egy olasz honoss\u00e1g\u00fa szem\u00e9lyaut\u00f3 vezet\u0151jek\u00e9nt a R\u00f6szke K\u00f6z\u00fati Hat\u00e1r\u00e1tkel\u0151helyen. Az ellen\u0151rz\u00e9s meg\u00e1llap\u00edtotta, hogy az Audi Q5 t\u00edpus\u00fa g\u00e9pkocsi forgalmi enged\u00e9ly\u00e9t \u00e9s rendsz\u00e1mt\u00e1bl\u00e1it meghamis\u00edtott\u00e1k. Az eredeti adatok alapj\u00e1n a [&hellip;]<\/p>\n","protected":false},"author":2,"featured_media":2379,"comment_status":"open","ping_status":"open","sticky":false,"template":"","format":"standard","meta":{"footnotes":""},"categories":[1],"tags":[],"class_list":["post-2378","post","type-post","status-publish","format-standard","has-post-thumbnail","hentry","category-legujabb-penzugyi-hirek"],"yoast_head":"<!-- This site is optimized with the Yoast SEO plugin v27.4 - https:\/\/yoast.com\/product\/yoast-seo-wordpress\/ -->\n<title>K\u00f6r\u00f6z\u00f6tt Audi, kicser\u00e9lt rendsz\u00e1mmal \u00e9s hamis forgalmival - Hot News in World<\/title>\n<meta name=\"robots\" content=\"index, follow, max-snippet:-1, max-image-preview:large, max-video-preview:-1\" \/>\n<link rel=\"canonical\" href=\"https:\/\/hotnewsinworld.com\/hu\/korozott-audi-kicserelt-rendszammal-es-hamis-forgalmival\/\" \/>\n<meta property=\"og:locale\" content=\"hu_HU\" \/>\n<meta property=\"og:type\" content=\"article\" \/>\n<meta property=\"og:title\" content=\"K\u00f6r\u00f6z\u00f6tt Audi, kicser\u00e9lt rendsz\u00e1mmal \u00e9s hamis forgalmival - Hot News in World\" \/>\n<meta property=\"og:description\" content=\"A magyar rend\u0151r\u00f6k az olasz hat\u00f3s\u00e1gok \u00e1ltal k\u00f6r\u00f6z\u00f6tt j\u00e1rm\u0171vet foglaltak le R\u00f6szk\u00e9n. A sof\u0151rrel szemben elj\u00e1r\u00e1s indult. Egy szerb f\u00e9rfi jelentkezett kil\u00e9p\u00e9sre 2019. szeptember 19-\u00e9n 16 \u00f3rakor egy olasz honoss\u00e1g\u00fa szem\u00e9lyaut\u00f3 vezet\u0151jek\u00e9nt a R\u00f6szke K\u00f6z\u00fati Hat\u00e1r\u00e1tkel\u0151helyen. Az ellen\u0151rz\u00e9s meg\u00e1llap\u00edtotta, hogy az Audi Q5 t\u00edpus\u00fa g\u00e9pkocsi forgalmi enged\u00e9ly\u00e9t \u00e9s rendsz\u00e1mt\u00e1bl\u00e1it meghamis\u00edtott\u00e1k. Az eredeti adatok alapj\u00e1n a [&hellip;]\" \/>\n<meta property=\"og:url\" content=\"https:\/\/hotnewsinworld.com\/hu\/korozott-audi-kicserelt-rendszammal-es-hamis-forgalmival\/\" \/>\n<meta property=\"og:site_name\" content=\"Hot News in World\" \/>\n<meta property=\"article:published_time\" content=\"2019-09-21T07:22:24+00:00\" \/>\n<meta property=\"article:modified_time\" content=\"2019-09-21T07:22:25+00:00\" \/>\n<meta property=\"og:image\" content=\"https:\/\/hotnewsinworld.com\/hu\/wp-content\/uploads\/sites\/3\/2019\/09\/K\u00f6r\u00f6z\u00f6tt-Audi-kicser\u00e9lt-rendsz\u00e1mmal-\u00e9s-hamis-forgalmival.jpg\" \/>\n\t<meta property=\"og:image:width\" content=\"751\" \/>\n\t<meta property=\"og:image:height\" content=\"500\" \/>\n\t<meta property=\"og:image:type\" content=\"image\/jpeg\" \/>\n<meta name=\"author\" content=\"hotnewsinworld\" \/>\n<meta name=\"twitter:card\" content=\"summary_large_image\" \/>\n<meta name=\"twitter:label1\" content=\"Szerz\u0151:\" \/>\n\t<meta name=\"twitter:data1\" content=\"hotnewsinworld\" \/>\n\t<meta name=\"twitter:label2\" content=\"Becs\u00fclt olvas\u00e1si id\u0151\" \/>\n\t<meta name=\"twitter:data2\" content=\"1 perc\" \/>\n<script type=\"application\/ld+json\" class=\"yoast-schema-graph\">{\"@context\":\"https:\\\/\\\/schema.org\",\"@graph\":[{\"@type\":\"Article\",\"@id\":\"https:\\\/\\\/hotnewsinworld.com\\\/hu\\\/korozott-audi-kicserelt-rendszammal-es-hamis-forgalmival\\\/#article\",\"isPartOf\":{\"@id\":\"https:\\\/\\\/hotnewsinworld.com\\\/hu\\\/korozott-audi-kicserelt-rendszammal-es-hamis-forgalmival\\\/\"},\"author\":{\"name\":\"hotnewsinworld\",\"@id\":\"https:\\\/\\\/hotnewsinworld.com\\\/hu\\\/#\\\/schema\\\/person\\\/fe61448b21c0d59086e75fcc1f9d8f6b\"},\"headline\":\"K\u00f6r\u00f6z\u00f6tt Audi, kicser\u00e9lt rendsz\u00e1mmal \u00e9s hamis forgalmival\",\"datePublished\":\"2019-09-21T07:22:24+00:00\",\"dateModified\":\"2019-09-21T07:22:25+00:00\",\"mainEntityOfPage\":{\"@id\":\"https:\\\/\\\/hotnewsinworld.com\\\/hu\\\/korozott-audi-kicserelt-rendszammal-es-hamis-forgalmival\\\/\"},\"wordCount\":171,\"commentCount\":0,\"image\":{\"@id\":\"https:\\\/\\\/hotnewsinworld.com\\\/hu\\\/korozott-audi-kicserelt-rendszammal-es-hamis-forgalmival\\\/#primaryimage\"},\"thumbnailUrl\":\"https:\\\/\\\/hotnewsinworld.com\\\/hu\\\/wp-content\\\/uploads\\\/sites\\\/3\\\/2019\\\/09\\\/K\u00f6r\u00f6z\u00f6tt-Audi-kicser\u00e9lt-rendsz\u00e1mmal-\u00e9s-hamis-forgalmival.jpg\",\"articleSection\":[\"LEG\u00daJABB P\u00c9NZ\u00dcGYI H\u00cdREK\"],\"inLanguage\":\"hu\",\"potentialAction\":[{\"@type\":\"CommentAction\",\"name\":\"Comment\",\"target\":[\"https:\\\/\\\/hotnewsinworld.com\\\/hu\\\/korozott-audi-kicserelt-rendszammal-es-hamis-forgalmival\\\/#respond\"]}]},{\"@type\":\"WebPage\",\"@id\":\"https:\\\/\\\/hotnewsinworld.com\\\/hu\\\/korozott-audi-kicserelt-rendszammal-es-hamis-forgalmival\\\/\",\"url\":\"https:\\\/\\\/hotnewsinworld.com\\\/hu\\\/korozott-audi-kicserelt-rendszammal-es-hamis-forgalmival\\\/\",\"name\":\"K\u00f6r\u00f6z\u00f6tt Audi, kicser\u00e9lt rendsz\u00e1mmal \u00e9s hamis forgalmival - Hot News in World\",\"isPartOf\":{\"@id\":\"https:\\\/\\\/hotnewsinworld.com\\\/hu\\\/#website\"},\"primaryImageOfPage\":{\"@id\":\"https:\\\/\\\/hotnewsinworld.com\\\/hu\\\/korozott-audi-kicserelt-rendszammal-es-hamis-forgalmival\\\/#primaryimage\"},\"image\":{\"@id\":\"https:\\\/\\\/hotnewsinworld.com\\\/hu\\\/korozott-audi-kicserelt-rendszammal-es-hamis-forgalmival\\\/#primaryimage\"},\"thumbnailUrl\":\"https:\\\/\\\/hotnewsinworld.com\\\/hu\\\/wp-content\\\/uploads\\\/sites\\\/3\\\/2019\\\/09\\\/K\u00f6r\u00f6z\u00f6tt-Audi-kicser\u00e9lt-rendsz\u00e1mmal-\u00e9s-hamis-forgalmival.jpg\",\"datePublished\":\"2019-09-21T07:22:24+00:00\",\"dateModified\":\"2019-09-21T07:22:25+00:00\",\"author\":{\"@id\":\"https:\\\/\\\/hotnewsinworld.com\\\/hu\\\/#\\\/schema\\\/person\\\/fe61448b21c0d59086e75fcc1f9d8f6b\"},\"breadcrumb\":{\"@id\":\"https:\\\/\\\/hotnewsinworld.com\\\/hu\\\/korozott-audi-kicserelt-rendszammal-es-hamis-forgalmival\\\/#breadcrumb\"},\"inLanguage\":\"hu\",\"potentialAction\":[{\"@type\":\"ReadAction\",\"target\":[\"https:\\\/\\\/hotnewsinworld.com\\\/hu\\\/korozott-audi-kicserelt-rendszammal-es-hamis-forgalmival\\\/\"]}]},{\"@type\":\"ImageObject\",\"inLanguage\":\"hu\",\"@id\":\"https:\\\/\\\/hotnewsinworld.com\\\/hu\\\/korozott-audi-kicserelt-rendszammal-es-hamis-forgalmival\\\/#primaryimage\",\"url\":\"https:\\\/\\\/hotnewsinworld.com\\\/hu\\\/wp-content\\\/uploads\\\/sites\\\/3\\\/2019\\\/09\\\/K\u00f6r\u00f6z\u00f6tt-Audi-kicser\u00e9lt-rendsz\u00e1mmal-\u00e9s-hamis-forgalmival.jpg\",\"contentUrl\":\"https:\\\/\\\/hotnewsinworld.com\\\/hu\\\/wp-content\\\/uploads\\\/sites\\\/3\\\/2019\\\/09\\\/K\u00f6r\u00f6z\u00f6tt-Audi-kicser\u00e9lt-rendsz\u00e1mmal-\u00e9s-hamis-forgalmival.jpg\",\"width\":751,\"height\":500,\"caption\":\"K\u00f6r\u00f6z\u00f6tt Audi, kicser\u00e9lt rendsz\u00e1mmal \u00e9s hamis forgalmival\"},{\"@type\":\"BreadcrumbList\",\"@id\":\"https:\\\/\\\/hotnewsinworld.com\\\/hu\\\/korozott-audi-kicserelt-rendszammal-es-hamis-forgalmival\\\/#breadcrumb\",\"itemListElement\":[{\"@type\":\"ListItem\",\"position\":1,\"name\":\"\u0413\u043b\u0430\u0432\u043d\u0430\u044f \u0441\u0442\u0440\u0430\u043d\u0438\u0446\u0430\",\"item\":\"https:\\\/\\\/hotnewsinworld.com\\\/hu\\\/\"},{\"@type\":\"ListItem\",\"position\":2,\"name\":\"K\u00f6r\u00f6z\u00f6tt Audi, kicser\u00e9lt rendsz\u00e1mmal \u00e9s hamis forgalmival\"}]},{\"@type\":\"WebSite\",\"@id\":\"https:\\\/\\\/hotnewsinworld.com\\\/hu\\\/#website\",\"url\":\"https:\\\/\\\/hotnewsinworld.com\\\/hu\\\/\",\"name\":\"Hot News in World\",\"description\":\"Hot News in World from Hungary\",\"potentialAction\":[{\"@type\":\"SearchAction\",\"target\":{\"@type\":\"EntryPoint\",\"urlTemplate\":\"https:\\\/\\\/hotnewsinworld.com\\\/hu\\\/?s={search_term_string}\"},\"query-input\":{\"@type\":\"PropertyValueSpecification\",\"valueRequired\":true,\"valueName\":\"search_term_string\"}}],\"inLanguage\":\"hu\"},{\"@type\":\"Person\",\"@id\":\"https:\\\/\\\/hotnewsinworld.com\\\/hu\\\/#\\\/schema\\\/person\\\/fe61448b21c0d59086e75fcc1f9d8f6b\",\"name\":\"hotnewsinworld\",\"image\":{\"@type\":\"ImageObject\",\"inLanguage\":\"hu\",\"@id\":\"https:\\\/\\\/secure.gravatar.com\\\/avatar\\\/8a09ac165600ce2e1c38fe593c63928eb1e6e7ba5c5a907d67787c41b3d00c14?s=96&d=mm&r=g\",\"url\":\"https:\\\/\\\/secure.gravatar.com\\\/avatar\\\/8a09ac165600ce2e1c38fe593c63928eb1e6e7ba5c5a907d67787c41b3d00c14?s=96&d=mm&r=g\",\"contentUrl\":\"https:\\\/\\\/secure.gravatar.com\\\/avatar\\\/8a09ac165600ce2e1c38fe593c63928eb1e6e7ba5c5a907d67787c41b3d00c14?s=96&d=mm&r=g\",\"caption\":\"hotnewsinworld\"},\"url\":\"https:\\\/\\\/hotnewsinworld.com\\\/hu\\\/author\\\/pt\\\/\"}]}<\/script>\n<!-- \/ Yoast SEO plugin. -->","yoast_head_json":{"title":"K\u00f6r\u00f6z\u00f6tt Audi, kicser\u00e9lt rendsz\u00e1mmal \u00e9s hamis forgalmival - Hot News in World","robots":{"index":"index","follow":"follow","max-snippet":"max-snippet:-1","max-image-preview":"max-image-preview:large","max-video-preview":"max-video-preview:-1"},"canonical":"https:\/\/hotnewsinworld.com\/hu\/korozott-audi-kicserelt-rendszammal-es-hamis-forgalmival\/","og_locale":"hu_HU","og_type":"article","og_title":"K\u00f6r\u00f6z\u00f6tt Audi, kicser\u00e9lt rendsz\u00e1mmal \u00e9s hamis forgalmival - Hot News in World","og_description":"A magyar rend\u0151r\u00f6k az olasz hat\u00f3s\u00e1gok \u00e1ltal k\u00f6r\u00f6z\u00f6tt j\u00e1rm\u0171vet foglaltak le R\u00f6szk\u00e9n. A sof\u0151rrel szemben elj\u00e1r\u00e1s indult. Egy szerb f\u00e9rfi jelentkezett kil\u00e9p\u00e9sre 2019. szeptember 19-\u00e9n 16 \u00f3rakor egy olasz honoss\u00e1g\u00fa szem\u00e9lyaut\u00f3 vezet\u0151jek\u00e9nt a R\u00f6szke K\u00f6z\u00fati Hat\u00e1r\u00e1tkel\u0151helyen. Az ellen\u0151rz\u00e9s meg\u00e1llap\u00edtotta, hogy az Audi Q5 t\u00edpus\u00fa g\u00e9pkocsi forgalmi enged\u00e9ly\u00e9t \u00e9s rendsz\u00e1mt\u00e1bl\u00e1it meghamis\u00edtott\u00e1k. Az eredeti adatok alapj\u00e1n a [&hellip;]","og_url":"https:\/\/hotnewsinworld.com\/hu\/korozott-audi-kicserelt-rendszammal-es-hamis-forgalmival\/","og_site_name":"Hot News in World","article_published_time":"2019-09-21T07:22:24+00:00","article_modified_time":"2019-09-21T07:22:25+00:00","og_image":[{"width":751,"height":500,"url":"https:\/\/hotnewsinworld.com\/hu\/wp-content\/uploads\/sites\/3\/2019\/09\/K\u00f6r\u00f6z\u00f6tt-Audi-kicser\u00e9lt-rendsz\u00e1mmal-\u00e9s-hamis-forgalmival.jpg","type":"image\/jpeg"}],"author":"hotnewsinworld","twitter_card":"summary_large_image","twitter_misc":{"Szerz\u0151:":"hotnewsinworld","Becs\u00fclt olvas\u00e1si id\u0151":"1 perc"},"schema":{"@context":"https:\/\/schema.org","@graph":[{"@type":"Article","@id":"https:\/\/hotnewsinworld.com\/hu\/korozott-audi-kicserelt-rendszammal-es-hamis-forgalmival\/#article","isPartOf":{"@id":"https:\/\/hotnewsinworld.com\/hu\/korozott-audi-kicserelt-rendszammal-es-hamis-forgalmival\/"},"author":{"name":"hotnewsinworld","@id":"https:\/\/hotnewsinworld.com\/hu\/#\/schema\/person\/fe61448b21c0d59086e75fcc1f9d8f6b"},"headline":"K\u00f6r\u00f6z\u00f6tt Audi, kicser\u00e9lt rendsz\u00e1mmal \u00e9s hamis forgalmival","datePublished":"2019-09-21T07:22:24+00:00","dateModified":"2019-09-21T07:22:25+00:00","mainEntityOfPage":{"@id":"https:\/\/hotnewsinworld.com\/hu\/korozott-audi-kicserelt-rendszammal-es-hamis-forgalmival\/"},"wordCount":171,"commentCount":0,"image":{"@id":"https:\/\/hotnewsinworld.com\/hu\/korozott-audi-kicserelt-rendszammal-es-hamis-forgalmival\/#primaryimage"},"thumbnailUrl":"https:\/\/hotnewsinworld.com\/hu\/wp-content\/uploads\/sites\/3\/2019\/09\/K\u00f6r\u00f6z\u00f6tt-Audi-kicser\u00e9lt-rendsz\u00e1mmal-\u00e9s-hamis-forgalmival.jpg","articleSection":["LEG\u00daJABB P\u00c9NZ\u00dcGYI H\u00cdREK"],"inLanguage":"hu","potentialAction":[{"@type":"CommentAction","name":"Comment","target":["https:\/\/hotnewsinworld.com\/hu\/korozott-audi-kicserelt-rendszammal-es-hamis-forgalmival\/#respond"]}]},{"@type":"WebPage","@id":"https:\/\/hotnewsinworld.com\/hu\/korozott-audi-kicserelt-rendszammal-es-hamis-forgalmival\/","url":"https:\/\/hotnewsinworld.com\/hu\/korozott-audi-kicserelt-rendszammal-es-hamis-forgalmival\/","name":"K\u00f6r\u00f6z\u00f6tt Audi, kicser\u00e9lt rendsz\u00e1mmal \u00e9s hamis forgalmival - Hot News in World","isPartOf":{"@id":"https:\/\/hotnewsinworld.com\/hu\/#website"},"primaryImageOfPage":{"@id":"https:\/\/hotnewsinworld.com\/hu\/korozott-audi-kicserelt-rendszammal-es-hamis-forgalmival\/#primaryimage"},"image":{"@id":"https:\/\/hotnewsinworld.com\/hu\/korozott-audi-kicserelt-rendszammal-es-hamis-forgalmival\/#primaryimage"},"thumbnailUrl":"https:\/\/hotnewsinworld.com\/hu\/wp-content\/uploads\/sites\/3\/2019\/09\/K\u00f6r\u00f6z\u00f6tt-Audi-kicser\u00e9lt-rendsz\u00e1mmal-\u00e9s-hamis-forgalmival.jpg","datePublished":"2019-09-21T07:22:24+00:00","dateModified":"2019-09-21T07:22:25+00:00","author":{"@id":"https:\/\/hotnewsinworld.com\/hu\/#\/schema\/person\/fe61448b21c0d59086e75fcc1f9d8f6b"},"breadcrumb":{"@id":"https:\/\/hotnewsinworld.com\/hu\/korozott-audi-kicserelt-rendszammal-es-hamis-forgalmival\/#breadcrumb"},"inLanguage":"hu","potentialAction":[{"@type":"ReadAction","target":["https:\/\/hotnewsinworld.com\/hu\/korozott-audi-kicserelt-rendszammal-es-hamis-forgalmival\/"]}]},{"@type":"ImageObject","inLanguage":"hu","@id":"https:\/\/hotnewsinworld.com\/hu\/korozott-audi-kicserelt-rendszammal-es-hamis-forgalmival\/#primaryimage","url":"https:\/\/hotnewsinworld.com\/hu\/wp-content\/uploads\/sites\/3\/2019\/09\/K\u00f6r\u00f6z\u00f6tt-Audi-kicser\u00e9lt-rendsz\u00e1mmal-\u00e9s-hamis-forgalmival.jpg","contentUrl":"https:\/\/hotnewsinworld.com\/hu\/wp-content\/uploads\/sites\/3\/2019\/09\/K\u00f6r\u00f6z\u00f6tt-Audi-kicser\u00e9lt-rendsz\u00e1mmal-\u00e9s-hamis-forgalmival.jpg","width":751,"height":500,"caption":"K\u00f6r\u00f6z\u00f6tt Audi, kicser\u00e9lt rendsz\u00e1mmal \u00e9s hamis forgalmival"},{"@type":"BreadcrumbList","@id":"https:\/\/hotnewsinworld.com\/hu\/korozott-audi-kicserelt-rendszammal-es-hamis-forgalmival\/#breadcrumb","itemListElement":[{"@type":"ListItem","position":1,"name":"\u0413\u043b\u0430\u0432\u043d\u0430\u044f \u0441\u0442\u0440\u0430\u043d\u0438\u0446\u0430","item":"https:\/\/hotnewsinworld.com\/hu\/"},{"@type":"ListItem","position":2,"name":"K\u00f6r\u00f6z\u00f6tt Audi, kicser\u00e9lt rendsz\u00e1mmal \u00e9s hamis forgalmival"}]},{"@type":"WebSite","@id":"https:\/\/hotnewsinworld.com\/hu\/#website","url":"https:\/\/hotnewsinworld.com\/hu\/","name":"Hot News in World","description":"Hot News in World from Hungary","potentialAction":[{"@type":"SearchAction","target":{"@type":"EntryPoint","urlTemplate":"https:\/\/hotnewsinworld.com\/hu\/?s={search_term_string}"},"query-input":{"@type":"PropertyValueSpecification","valueRequired":true,"valueName":"search_term_string"}}],"inLanguage":"hu"},{"@type":"Person","@id":"https:\/\/hotnewsinworld.com\/hu\/#\/schema\/person\/fe61448b21c0d59086e75fcc1f9d8f6b","name":"hotnewsinworld","image":{"@type":"ImageObject","inLanguage":"hu","@id":"https:\/\/secure.gravatar.com\/avatar\/8a09ac165600ce2e1c38fe593c63928eb1e6e7ba5c5a907d67787c41b3d00c14?s=96&d=mm&r=g","url":"https:\/\/secure.gravatar.com\/avatar\/8a09ac165600ce2e1c38fe593c63928eb1e6e7ba5c5a907d67787c41b3d00c14?s=96&d=mm&r=g","contentUrl":"https:\/\/secure.gravatar.com\/avatar\/8a09ac165600ce2e1c38fe593c63928eb1e6e7ba5c5a907d67787c41b3d00c14?s=96&d=mm&r=g","caption":"hotnewsinworld"},"url":"https:\/\/hotnewsinworld.com\/hu\/author\/pt\/"}]}},"_links":{"self":[{"href":"https:\/\/hotnewsinworld.com\/hu\/wp-json\/wp\/v2\/posts\/2378","targetHints":{"allow":["GET"]}}],"collection":[{"href":"https:\/\/hotnewsinworld.com\/hu\/wp-json\/wp\/v2\/posts"}],"about":[{"href":"https:\/\/hotnewsinworld.com\/hu\/wp-json\/wp\/v2\/types\/post"}],"author":[{"embeddable":true,"href":"https:\/\/hotnewsinworld.com\/hu\/wp-json\/wp\/v2\/users\/2"}],"replies":[{"embeddable":true,"href":"https:\/\/hotnewsinworld.com\/hu\/wp-json\/wp\/v2\/comments?post=2378"}],"version-history":[{"count":1,"href":"https:\/\/hotnewsinworld.com\/hu\/wp-json\/wp\/v2\/posts\/2378\/revisions"}],"predecessor-version":[{"id":2380,"href":"https:\/\/hotnewsinworld.com\/hu\/wp-json\/wp\/v2\/posts\/2378\/revisions\/2380"}],"wp:featuredmedia":[{"embeddable":true,"href":"https:\/\/hotnewsinworld.com\/hu\/wp-json\/wp\/v2\/media\/2379"}],"wp:attachment":[{"href":"https:\/\/hotnewsinworld.com\/hu\/wp-json\/wp\/v2\/media?parent=2378"}],"wp:term":[{"taxonomy":"category","embeddable":true,"href":"https:\/\/hotnewsinworld.com\/hu\/wp-json\/wp\/v2\/categories?post=2378"},{"taxonomy":"post_tag","embeddable":true,"href":"https:\/\/hotnewsinworld.com\/hu\/wp-json\/wp\/v2\/tags?post=2378"}],"curies":[{"name":"wp","href":"https:\/\/api.w.org\/{rel}","templated":true}]}}