{"id":2384,"date":"2019-09-21T13:43:02","date_gmt":"2019-09-21T10:43:02","guid":{"rendered":"https:\/\/hotnewsinworld.com\/hu\/trocsanyi-ket-arca-itthon-bevandorlasellenes-brusszelben-tudos-diplomata\/"},"modified":"2019-09-21T13:43:03","modified_gmt":"2019-09-21T10:43:03","slug":"trocsanyi-ket-arca-itthon-bevandorlasellenes-brusszelben-tudos-diplomata","status":"publish","type":"post","link":"https:\/\/hotnewsinworld.com\/hu\/trocsanyi-ket-arca-itthon-bevandorlasellenes-brusszelben-tudos-diplomata\/","title":{"rendered":"Tr\u00f3cs\u00e1nyi k\u00e9t arca: itthon bev\u00e1ndorl\u00e1sellenes, Br\u00fcsszelben tud\u00f3s diplomata"},"content":{"rendered":"<p>\t\t\t\t\tNem, kedves Fidesz, ez m\u00e1r nem \u00edgy megy! 2010 \u00f3ta ez a j\u00e1t\u00e9k: Orb\u00e1n Viktor megb\u00edzottjai fel\u00f6ltik az eleg\u00e1nsabb ruh\u00e1jukat, pontokba szedik \u00e9s angolul el\u0151adj\u00e1k a fideszes korm\u00e1nyz\u00e1s moder\u00e1lt \u00e9s szakmainak t\u0171n\u0151 v\u00e9delm\u00e9t az EU k\u00fcl\u00f6nb\u00f6z\u0151 f\u00f3rumain \u2013 majd magyarul, a magyar k\u00f6z\u00f6ns\u00e9gnek a leghazugabb \u00f6sszeesk\u00fcv\u00e9s-elm\u00e9letekkel \u00e1llnak el\u0151<br \/>\n\u2013 \u00edrta Facebookon Don\u00e1th Anna arra reakci\u00f3ul, hogy a Fidesz nagyon m\u00e1shogy kommunik\u00e1l Tr\u00f3cs\u00e1nyi L\u00e1szl\u00f3 biztosjel\u00f6ltr\u0151l itthon \u00e9s az EU k\u00fcl\u00f6nb\u00f6z\u0151 f\u00f3rumain.<br \/>\nA Momentumos EP-k\u00e9pvisel\u0151 ez\u00e9rt leford\u00edtotta angolra azt a Facebookon terjesztett k\u00e9pet, amivel Magyarorsz\u00e1gon kamp\u00e1nyol a Fidesz Tr\u00f3cs\u00e1nyinak.<\/p>\n<p>Don\u00e1th Anna felid\u00e9zte, hogy Tr\u00f3cs\u00e1nyi ut\u00f3dja az igazs\u00e1g\u00fcgyi miniszteri sz\u00e9kben, Varga Judit a h\u00e9ten a 7. cikk\u00a0szerinti elj\u00e1r\u00e1shoz sz\u00fcks\u00e9ges meghallgat\u00e1son, angolul eg\u00e9szen m\u00e1st adott el\u0151, mint azt\u00e1n a magyar sajt\u00f3t\u00e1j\u00e9koztat\u00f3n.<br \/>\n\u201eM\u00e1shogy \u00e9rvelnek a biztosi poz\u00edci\u00f3ra egy\u00e9bk\u00e9nt teljesen alkalmatlan \u00e9s m\u00e9ltatlan Tr\u00f3cs\u00e1nyi L\u00e1szl\u00f3 mellett angolul, \u00e9s m\u00e1st \u00edrnak a Fidesz hivatalos, magyar nyelv\u0171 fizetett hirdet\u00e9seibe a belf\u00f6ldi k\u00f6z\u00f6ns\u00e9gnek. A buta \u00e9s hazug \u00f6sszeesk\u00fcv\u00e9s-elm\u00e9leteket Sorosr\u00f3l \u00e9s a bev\u00e1ndorl\u00e1sr\u00f3l\u201d \u2013 tette hozz\u00e1 a k\u00e9pvisel\u0151.<br \/>\n\u00c9rdemes \u00f6sszehasonl\u00edtani a k\u00fclf\u00f6ldre sz\u00e1nt kamp\u00e1nyk\u00e9pet, amit p\u00e9ld\u00e1ul Deutsch Tam\u00e1s osztott meg.<\/p>\n<p>Itt azt eml\u00edtik, hogy Tr\u00f3cs\u00e1nyi alkotm\u00e1nyb\u00edr\u00f3 volt, egy\u00fcttm\u0171k\u00f6d\u00f6tt a Velencei Bizotts\u00e1ggal, h\u00e1rom orsz\u00e1gban dolgozott nagyk\u00f6vetk\u00e9nt, igazs\u00e1g\u00fcgyi miniszter lett, r\u00e1ad\u00e1sul 150 tudom\u00e1nyos munk\u00e1t publik\u00e1lt n\u00e9gy nyelven.<br \/>\nTeh\u00e1t kifel\u00e9 egy europ\u00e9er diplomata, jogtud\u00f3s k\u00e9pet k\u00f6zvet\u00edt a Fidesz, Magyarorsz\u00e1gra pedig azt, hogy Tr\u00f3cs\u00e1nyi a Soros-terv elleni k\u00fczdelem fontos alakja.<br \/>\nTr\u00f3cs\u00e1nyit m\u00e1r szakbizotts\u00e1gi aleln\u00f6knek sem akart\u00e1k megv\u00e1lasztani, \u00e9s a biztosi kinevez\u00e9se is k\u00e9rd\u00e9ses. Annyi biztos, hogy minden magyar ellenz\u00e9ki k\u00e9pvisel\u0151 ellene fog szavazni, \u00e9s frakci\u00f3ik is fontolgatj\u00e1k ezt.<\/p>\n<p>\n<!--noindex--><br \/>\n<a href=\"https:\/\/hirek.oldal.info\/rssclick\/14415440\" rel=\"nofollow\">Source link <\/a><br \/>\n<!--\/noindex--><\/p>\n","protected":false},"excerpt":{"rendered":"<p>Nem, kedves Fidesz, ez m\u00e1r nem \u00edgy megy! 2010 \u00f3ta ez a j\u00e1t\u00e9k: Orb\u00e1n Viktor megb\u00edzottjai fel\u00f6ltik az eleg\u00e1nsabb ruh\u00e1jukat, pontokba szedik \u00e9s angolul el\u0151adj\u00e1k a fideszes korm\u00e1nyz\u00e1s moder\u00e1lt \u00e9s szakmainak t\u0171n\u0151 v\u00e9delm\u00e9t az EU k\u00fcl\u00f6nb\u00f6z\u0151 f\u00f3rumain \u2013 majd magyarul, a magyar k\u00f6z\u00f6ns\u00e9gnek a leghazugabb \u00f6sszeesk\u00fcv\u00e9s-elm\u00e9letekkel \u00e1llnak el\u0151 \u2013 \u00edrta Facebookon Don\u00e1th Anna arra reakci\u00f3ul, [&hellip;]<\/p>\n","protected":false},"author":2,"featured_media":2385,"comment_status":"open","ping_status":"open","sticky":false,"template":"","format":"standard","meta":{"footnotes":""},"categories":[1],"tags":[],"class_list":["post-2384","post","type-post","status-publish","format-standard","has-post-thumbnail","hentry","category-legujabb-penzugyi-hirek"],"yoast_head":"<!-- This site is optimized with the Yoast SEO plugin v27.4 - https:\/\/yoast.com\/product\/yoast-seo-wordpress\/ -->\n<title>Tr\u00f3cs\u00e1nyi k\u00e9t arca: itthon bev\u00e1ndorl\u00e1sellenes, Br\u00fcsszelben tud\u00f3s diplomata - Hot News in World<\/title>\n<meta name=\"robots\" content=\"index, follow, max-snippet:-1, max-image-preview:large, max-video-preview:-1\" \/>\n<link rel=\"canonical\" href=\"https:\/\/hotnewsinworld.com\/hu\/trocsanyi-ket-arca-itthon-bevandorlasellenes-brusszelben-tudos-diplomata\/\" \/>\n<meta property=\"og:locale\" content=\"hu_HU\" \/>\n<meta property=\"og:type\" content=\"article\" \/>\n<meta property=\"og:title\" content=\"Tr\u00f3cs\u00e1nyi k\u00e9t arca: itthon bev\u00e1ndorl\u00e1sellenes, Br\u00fcsszelben tud\u00f3s diplomata - Hot News in World\" \/>\n<meta property=\"og:description\" content=\"Nem, kedves Fidesz, ez m\u00e1r nem \u00edgy megy! 2010 \u00f3ta ez a j\u00e1t\u00e9k: Orb\u00e1n Viktor megb\u00edzottjai fel\u00f6ltik az eleg\u00e1nsabb ruh\u00e1jukat, pontokba szedik \u00e9s angolul el\u0151adj\u00e1k a fideszes korm\u00e1nyz\u00e1s moder\u00e1lt \u00e9s szakmainak t\u0171n\u0151 v\u00e9delm\u00e9t az EU k\u00fcl\u00f6nb\u00f6z\u0151 f\u00f3rumain \u2013 majd magyarul, a magyar k\u00f6z\u00f6ns\u00e9gnek a leghazugabb \u00f6sszeesk\u00fcv\u00e9s-elm\u00e9letekkel \u00e1llnak el\u0151 \u2013 \u00edrta Facebookon Don\u00e1th Anna arra reakci\u00f3ul, [&hellip;]\" \/>\n<meta property=\"og:url\" content=\"https:\/\/hotnewsinworld.com\/hu\/trocsanyi-ket-arca-itthon-bevandorlasellenes-brusszelben-tudos-diplomata\/\" \/>\n<meta property=\"og:site_name\" content=\"Hot News in World\" \/>\n<meta property=\"article:published_time\" content=\"2019-09-21T10:43:02+00:00\" \/>\n<meta property=\"article:modified_time\" content=\"2019-09-21T10:43:03+00:00\" \/>\n<meta property=\"og:image\" content=\"https:\/\/hotnewsinworld.com\/hu\/wp-content\/uploads\/sites\/3\/2019\/09\/Tr\u00f3cs\u00e1nyi-k\u00e9t-arca-itthon-bev\u00e1ndorl\u00e1sellenes-Br\u00fcsszelben-tud\u00f3s-diplomata.jpg\" \/>\n\t<meta property=\"og:image:width\" content=\"960\" \/>\n\t<meta property=\"og:image:height\" content=\"540\" \/>\n\t<meta property=\"og:image:type\" content=\"image\/jpeg\" \/>\n<meta name=\"author\" content=\"hotnewsinworld\" \/>\n<meta name=\"twitter:card\" content=\"summary_large_image\" \/>\n<meta name=\"twitter:label1\" content=\"Szerz\u0151:\" \/>\n\t<meta name=\"twitter:data1\" content=\"hotnewsinworld\" \/>\n\t<meta name=\"twitter:label2\" content=\"Becs\u00fclt olvas\u00e1si id\u0151\" \/>\n\t<meta name=\"twitter:data2\" content=\"2 perc\" \/>\n<script type=\"application\/ld+json\" class=\"yoast-schema-graph\">{\"@context\":\"https:\\\/\\\/schema.org\",\"@graph\":[{\"@type\":\"Article\",\"@id\":\"https:\\\/\\\/hotnewsinworld.com\\\/hu\\\/trocsanyi-ket-arca-itthon-bevandorlasellenes-brusszelben-tudos-diplomata\\\/#article\",\"isPartOf\":{\"@id\":\"https:\\\/\\\/hotnewsinworld.com\\\/hu\\\/trocsanyi-ket-arca-itthon-bevandorlasellenes-brusszelben-tudos-diplomata\\\/\"},\"author\":{\"name\":\"hotnewsinworld\",\"@id\":\"https:\\\/\\\/hotnewsinworld.com\\\/hu\\\/#\\\/schema\\\/person\\\/fe61448b21c0d59086e75fcc1f9d8f6b\"},\"headline\":\"Tr\u00f3cs\u00e1nyi k\u00e9t arca: itthon bev\u00e1ndorl\u00e1sellenes, Br\u00fcsszelben tud\u00f3s diplomata\",\"datePublished\":\"2019-09-21T10:43:02+00:00\",\"dateModified\":\"2019-09-21T10:43:03+00:00\",\"mainEntityOfPage\":{\"@id\":\"https:\\\/\\\/hotnewsinworld.com\\\/hu\\\/trocsanyi-ket-arca-itthon-bevandorlasellenes-brusszelben-tudos-diplomata\\\/\"},\"wordCount\":402,\"commentCount\":0,\"image\":{\"@id\":\"https:\\\/\\\/hotnewsinworld.com\\\/hu\\\/trocsanyi-ket-arca-itthon-bevandorlasellenes-brusszelben-tudos-diplomata\\\/#primaryimage\"},\"thumbnailUrl\":\"https:\\\/\\\/hotnewsinworld.com\\\/hu\\\/wp-content\\\/uploads\\\/sites\\\/3\\\/2019\\\/09\\\/Tr\u00f3cs\u00e1nyi-k\u00e9t-arca-itthon-bev\u00e1ndorl\u00e1sellenes-Br\u00fcsszelben-tud\u00f3s-diplomata.jpg\",\"articleSection\":[\"LEG\u00daJABB P\u00c9NZ\u00dcGYI H\u00cdREK\"],\"inLanguage\":\"hu\",\"potentialAction\":[{\"@type\":\"CommentAction\",\"name\":\"Comment\",\"target\":[\"https:\\\/\\\/hotnewsinworld.com\\\/hu\\\/trocsanyi-ket-arca-itthon-bevandorlasellenes-brusszelben-tudos-diplomata\\\/#respond\"]}]},{\"@type\":\"WebPage\",\"@id\":\"https:\\\/\\\/hotnewsinworld.com\\\/hu\\\/trocsanyi-ket-arca-itthon-bevandorlasellenes-brusszelben-tudos-diplomata\\\/\",\"url\":\"https:\\\/\\\/hotnewsinworld.com\\\/hu\\\/trocsanyi-ket-arca-itthon-bevandorlasellenes-brusszelben-tudos-diplomata\\\/\",\"name\":\"Tr\u00f3cs\u00e1nyi k\u00e9t arca: itthon bev\u00e1ndorl\u00e1sellenes, Br\u00fcsszelben tud\u00f3s diplomata - Hot News in World\",\"isPartOf\":{\"@id\":\"https:\\\/\\\/hotnewsinworld.com\\\/hu\\\/#website\"},\"primaryImageOfPage\":{\"@id\":\"https:\\\/\\\/hotnewsinworld.com\\\/hu\\\/trocsanyi-ket-arca-itthon-bevandorlasellenes-brusszelben-tudos-diplomata\\\/#primaryimage\"},\"image\":{\"@id\":\"https:\\\/\\\/hotnewsinworld.com\\\/hu\\\/trocsanyi-ket-arca-itthon-bevandorlasellenes-brusszelben-tudos-diplomata\\\/#primaryimage\"},\"thumbnailUrl\":\"https:\\\/\\\/hotnewsinworld.com\\\/hu\\\/wp-content\\\/uploads\\\/sites\\\/3\\\/2019\\\/09\\\/Tr\u00f3cs\u00e1nyi-k\u00e9t-arca-itthon-bev\u00e1ndorl\u00e1sellenes-Br\u00fcsszelben-tud\u00f3s-diplomata.jpg\",\"datePublished\":\"2019-09-21T10:43:02+00:00\",\"dateModified\":\"2019-09-21T10:43:03+00:00\",\"author\":{\"@id\":\"https:\\\/\\\/hotnewsinworld.com\\\/hu\\\/#\\\/schema\\\/person\\\/fe61448b21c0d59086e75fcc1f9d8f6b\"},\"breadcrumb\":{\"@id\":\"https:\\\/\\\/hotnewsinworld.com\\\/hu\\\/trocsanyi-ket-arca-itthon-bevandorlasellenes-brusszelben-tudos-diplomata\\\/#breadcrumb\"},\"inLanguage\":\"hu\",\"potentialAction\":[{\"@type\":\"ReadAction\",\"target\":[\"https:\\\/\\\/hotnewsinworld.com\\\/hu\\\/trocsanyi-ket-arca-itthon-bevandorlasellenes-brusszelben-tudos-diplomata\\\/\"]}]},{\"@type\":\"ImageObject\",\"inLanguage\":\"hu\",\"@id\":\"https:\\\/\\\/hotnewsinworld.com\\\/hu\\\/trocsanyi-ket-arca-itthon-bevandorlasellenes-brusszelben-tudos-diplomata\\\/#primaryimage\",\"url\":\"https:\\\/\\\/hotnewsinworld.com\\\/hu\\\/wp-content\\\/uploads\\\/sites\\\/3\\\/2019\\\/09\\\/Tr\u00f3cs\u00e1nyi-k\u00e9t-arca-itthon-bev\u00e1ndorl\u00e1sellenes-Br\u00fcsszelben-tud\u00f3s-diplomata.jpg\",\"contentUrl\":\"https:\\\/\\\/hotnewsinworld.com\\\/hu\\\/wp-content\\\/uploads\\\/sites\\\/3\\\/2019\\\/09\\\/Tr\u00f3cs\u00e1nyi-k\u00e9t-arca-itthon-bev\u00e1ndorl\u00e1sellenes-Br\u00fcsszelben-tud\u00f3s-diplomata.jpg\",\"width\":960,\"height\":540,\"caption\":\"Tr\u00f3cs\u00e1nyi k\u00e9t arca: itthon bev\u00e1ndorl\u00e1sellenes, Br\u00fcsszelben tud\u00f3s diplomata\"},{\"@type\":\"BreadcrumbList\",\"@id\":\"https:\\\/\\\/hotnewsinworld.com\\\/hu\\\/trocsanyi-ket-arca-itthon-bevandorlasellenes-brusszelben-tudos-diplomata\\\/#breadcrumb\",\"itemListElement\":[{\"@type\":\"ListItem\",\"position\":1,\"name\":\"\u0413\u043b\u0430\u0432\u043d\u0430\u044f \u0441\u0442\u0440\u0430\u043d\u0438\u0446\u0430\",\"item\":\"https:\\\/\\\/hotnewsinworld.com\\\/hu\\\/\"},{\"@type\":\"ListItem\",\"position\":2,\"name\":\"Tr\u00f3cs\u00e1nyi k\u00e9t arca: itthon bev\u00e1ndorl\u00e1sellenes, Br\u00fcsszelben tud\u00f3s diplomata\"}]},{\"@type\":\"WebSite\",\"@id\":\"https:\\\/\\\/hotnewsinworld.com\\\/hu\\\/#website\",\"url\":\"https:\\\/\\\/hotnewsinworld.com\\\/hu\\\/\",\"name\":\"Hot News in World\",\"description\":\"Hot News in World from Hungary\",\"potentialAction\":[{\"@type\":\"SearchAction\",\"target\":{\"@type\":\"EntryPoint\",\"urlTemplate\":\"https:\\\/\\\/hotnewsinworld.com\\\/hu\\\/?s={search_term_string}\"},\"query-input\":{\"@type\":\"PropertyValueSpecification\",\"valueRequired\":true,\"valueName\":\"search_term_string\"}}],\"inLanguage\":\"hu\"},{\"@type\":\"Person\",\"@id\":\"https:\\\/\\\/hotnewsinworld.com\\\/hu\\\/#\\\/schema\\\/person\\\/fe61448b21c0d59086e75fcc1f9d8f6b\",\"name\":\"hotnewsinworld\",\"image\":{\"@type\":\"ImageObject\",\"inLanguage\":\"hu\",\"@id\":\"https:\\\/\\\/secure.gravatar.com\\\/avatar\\\/8a09ac165600ce2e1c38fe593c63928eb1e6e7ba5c5a907d67787c41b3d00c14?s=96&d=mm&r=g\",\"url\":\"https:\\\/\\\/secure.gravatar.com\\\/avatar\\\/8a09ac165600ce2e1c38fe593c63928eb1e6e7ba5c5a907d67787c41b3d00c14?s=96&d=mm&r=g\",\"contentUrl\":\"https:\\\/\\\/secure.gravatar.com\\\/avatar\\\/8a09ac165600ce2e1c38fe593c63928eb1e6e7ba5c5a907d67787c41b3d00c14?s=96&d=mm&r=g\",\"caption\":\"hotnewsinworld\"},\"url\":\"https:\\\/\\\/hotnewsinworld.com\\\/hu\\\/author\\\/pt\\\/\"}]}<\/script>\n<!-- \/ Yoast SEO plugin. -->","yoast_head_json":{"title":"Tr\u00f3cs\u00e1nyi k\u00e9t arca: itthon bev\u00e1ndorl\u00e1sellenes, Br\u00fcsszelben tud\u00f3s diplomata - Hot News in World","robots":{"index":"index","follow":"follow","max-snippet":"max-snippet:-1","max-image-preview":"max-image-preview:large","max-video-preview":"max-video-preview:-1"},"canonical":"https:\/\/hotnewsinworld.com\/hu\/trocsanyi-ket-arca-itthon-bevandorlasellenes-brusszelben-tudos-diplomata\/","og_locale":"hu_HU","og_type":"article","og_title":"Tr\u00f3cs\u00e1nyi k\u00e9t arca: itthon bev\u00e1ndorl\u00e1sellenes, Br\u00fcsszelben tud\u00f3s diplomata - Hot News in World","og_description":"Nem, kedves Fidesz, ez m\u00e1r nem \u00edgy megy! 2010 \u00f3ta ez a j\u00e1t\u00e9k: Orb\u00e1n Viktor megb\u00edzottjai fel\u00f6ltik az eleg\u00e1nsabb ruh\u00e1jukat, pontokba szedik \u00e9s angolul el\u0151adj\u00e1k a fideszes korm\u00e1nyz\u00e1s moder\u00e1lt \u00e9s szakmainak t\u0171n\u0151 v\u00e9delm\u00e9t az EU k\u00fcl\u00f6nb\u00f6z\u0151 f\u00f3rumain \u2013 majd magyarul, a magyar k\u00f6z\u00f6ns\u00e9gnek a leghazugabb \u00f6sszeesk\u00fcv\u00e9s-elm\u00e9letekkel \u00e1llnak el\u0151 \u2013 \u00edrta Facebookon Don\u00e1th Anna arra reakci\u00f3ul, [&hellip;]","og_url":"https:\/\/hotnewsinworld.com\/hu\/trocsanyi-ket-arca-itthon-bevandorlasellenes-brusszelben-tudos-diplomata\/","og_site_name":"Hot News in World","article_published_time":"2019-09-21T10:43:02+00:00","article_modified_time":"2019-09-21T10:43:03+00:00","og_image":[{"width":960,"height":540,"url":"https:\/\/hotnewsinworld.com\/hu\/wp-content\/uploads\/sites\/3\/2019\/09\/Tr\u00f3cs\u00e1nyi-k\u00e9t-arca-itthon-bev\u00e1ndorl\u00e1sellenes-Br\u00fcsszelben-tud\u00f3s-diplomata.jpg","type":"image\/jpeg"}],"author":"hotnewsinworld","twitter_card":"summary_large_image","twitter_misc":{"Szerz\u0151:":"hotnewsinworld","Becs\u00fclt olvas\u00e1si id\u0151":"2 perc"},"schema":{"@context":"https:\/\/schema.org","@graph":[{"@type":"Article","@id":"https:\/\/hotnewsinworld.com\/hu\/trocsanyi-ket-arca-itthon-bevandorlasellenes-brusszelben-tudos-diplomata\/#article","isPartOf":{"@id":"https:\/\/hotnewsinworld.com\/hu\/trocsanyi-ket-arca-itthon-bevandorlasellenes-brusszelben-tudos-diplomata\/"},"author":{"name":"hotnewsinworld","@id":"https:\/\/hotnewsinworld.com\/hu\/#\/schema\/person\/fe61448b21c0d59086e75fcc1f9d8f6b"},"headline":"Tr\u00f3cs\u00e1nyi k\u00e9t arca: itthon bev\u00e1ndorl\u00e1sellenes, Br\u00fcsszelben tud\u00f3s diplomata","datePublished":"2019-09-21T10:43:02+00:00","dateModified":"2019-09-21T10:43:03+00:00","mainEntityOfPage":{"@id":"https:\/\/hotnewsinworld.com\/hu\/trocsanyi-ket-arca-itthon-bevandorlasellenes-brusszelben-tudos-diplomata\/"},"wordCount":402,"commentCount":0,"image":{"@id":"https:\/\/hotnewsinworld.com\/hu\/trocsanyi-ket-arca-itthon-bevandorlasellenes-brusszelben-tudos-diplomata\/#primaryimage"},"thumbnailUrl":"https:\/\/hotnewsinworld.com\/hu\/wp-content\/uploads\/sites\/3\/2019\/09\/Tr\u00f3cs\u00e1nyi-k\u00e9t-arca-itthon-bev\u00e1ndorl\u00e1sellenes-Br\u00fcsszelben-tud\u00f3s-diplomata.jpg","articleSection":["LEG\u00daJABB P\u00c9NZ\u00dcGYI H\u00cdREK"],"inLanguage":"hu","potentialAction":[{"@type":"CommentAction","name":"Comment","target":["https:\/\/hotnewsinworld.com\/hu\/trocsanyi-ket-arca-itthon-bevandorlasellenes-brusszelben-tudos-diplomata\/#respond"]}]},{"@type":"WebPage","@id":"https:\/\/hotnewsinworld.com\/hu\/trocsanyi-ket-arca-itthon-bevandorlasellenes-brusszelben-tudos-diplomata\/","url":"https:\/\/hotnewsinworld.com\/hu\/trocsanyi-ket-arca-itthon-bevandorlasellenes-brusszelben-tudos-diplomata\/","name":"Tr\u00f3cs\u00e1nyi k\u00e9t arca: itthon bev\u00e1ndorl\u00e1sellenes, Br\u00fcsszelben tud\u00f3s diplomata - Hot News in World","isPartOf":{"@id":"https:\/\/hotnewsinworld.com\/hu\/#website"},"primaryImageOfPage":{"@id":"https:\/\/hotnewsinworld.com\/hu\/trocsanyi-ket-arca-itthon-bevandorlasellenes-brusszelben-tudos-diplomata\/#primaryimage"},"image":{"@id":"https:\/\/hotnewsinworld.com\/hu\/trocsanyi-ket-arca-itthon-bevandorlasellenes-brusszelben-tudos-diplomata\/#primaryimage"},"thumbnailUrl":"https:\/\/hotnewsinworld.com\/hu\/wp-content\/uploads\/sites\/3\/2019\/09\/Tr\u00f3cs\u00e1nyi-k\u00e9t-arca-itthon-bev\u00e1ndorl\u00e1sellenes-Br\u00fcsszelben-tud\u00f3s-diplomata.jpg","datePublished":"2019-09-21T10:43:02+00:00","dateModified":"2019-09-21T10:43:03+00:00","author":{"@id":"https:\/\/hotnewsinworld.com\/hu\/#\/schema\/person\/fe61448b21c0d59086e75fcc1f9d8f6b"},"breadcrumb":{"@id":"https:\/\/hotnewsinworld.com\/hu\/trocsanyi-ket-arca-itthon-bevandorlasellenes-brusszelben-tudos-diplomata\/#breadcrumb"},"inLanguage":"hu","potentialAction":[{"@type":"ReadAction","target":["https:\/\/hotnewsinworld.com\/hu\/trocsanyi-ket-arca-itthon-bevandorlasellenes-brusszelben-tudos-diplomata\/"]}]},{"@type":"ImageObject","inLanguage":"hu","@id":"https:\/\/hotnewsinworld.com\/hu\/trocsanyi-ket-arca-itthon-bevandorlasellenes-brusszelben-tudos-diplomata\/#primaryimage","url":"https:\/\/hotnewsinworld.com\/hu\/wp-content\/uploads\/sites\/3\/2019\/09\/Tr\u00f3cs\u00e1nyi-k\u00e9t-arca-itthon-bev\u00e1ndorl\u00e1sellenes-Br\u00fcsszelben-tud\u00f3s-diplomata.jpg","contentUrl":"https:\/\/hotnewsinworld.com\/hu\/wp-content\/uploads\/sites\/3\/2019\/09\/Tr\u00f3cs\u00e1nyi-k\u00e9t-arca-itthon-bev\u00e1ndorl\u00e1sellenes-Br\u00fcsszelben-tud\u00f3s-diplomata.jpg","width":960,"height":540,"caption":"Tr\u00f3cs\u00e1nyi k\u00e9t arca: itthon bev\u00e1ndorl\u00e1sellenes, Br\u00fcsszelben tud\u00f3s diplomata"},{"@type":"BreadcrumbList","@id":"https:\/\/hotnewsinworld.com\/hu\/trocsanyi-ket-arca-itthon-bevandorlasellenes-brusszelben-tudos-diplomata\/#breadcrumb","itemListElement":[{"@type":"ListItem","position":1,"name":"\u0413\u043b\u0430\u0432\u043d\u0430\u044f \u0441\u0442\u0440\u0430\u043d\u0438\u0446\u0430","item":"https:\/\/hotnewsinworld.com\/hu\/"},{"@type":"ListItem","position":2,"name":"Tr\u00f3cs\u00e1nyi k\u00e9t arca: itthon bev\u00e1ndorl\u00e1sellenes, Br\u00fcsszelben tud\u00f3s diplomata"}]},{"@type":"WebSite","@id":"https:\/\/hotnewsinworld.com\/hu\/#website","url":"https:\/\/hotnewsinworld.com\/hu\/","name":"Hot News in World","description":"Hot News in World from Hungary","potentialAction":[{"@type":"SearchAction","target":{"@type":"EntryPoint","urlTemplate":"https:\/\/hotnewsinworld.com\/hu\/?s={search_term_string}"},"query-input":{"@type":"PropertyValueSpecification","valueRequired":true,"valueName":"search_term_string"}}],"inLanguage":"hu"},{"@type":"Person","@id":"https:\/\/hotnewsinworld.com\/hu\/#\/schema\/person\/fe61448b21c0d59086e75fcc1f9d8f6b","name":"hotnewsinworld","image":{"@type":"ImageObject","inLanguage":"hu","@id":"https:\/\/secure.gravatar.com\/avatar\/8a09ac165600ce2e1c38fe593c63928eb1e6e7ba5c5a907d67787c41b3d00c14?s=96&d=mm&r=g","url":"https:\/\/secure.gravatar.com\/avatar\/8a09ac165600ce2e1c38fe593c63928eb1e6e7ba5c5a907d67787c41b3d00c14?s=96&d=mm&r=g","contentUrl":"https:\/\/secure.gravatar.com\/avatar\/8a09ac165600ce2e1c38fe593c63928eb1e6e7ba5c5a907d67787c41b3d00c14?s=96&d=mm&r=g","caption":"hotnewsinworld"},"url":"https:\/\/hotnewsinworld.com\/hu\/author\/pt\/"}]}},"_links":{"self":[{"href":"https:\/\/hotnewsinworld.com\/hu\/wp-json\/wp\/v2\/posts\/2384","targetHints":{"allow":["GET"]}}],"collection":[{"href":"https:\/\/hotnewsinworld.com\/hu\/wp-json\/wp\/v2\/posts"}],"about":[{"href":"https:\/\/hotnewsinworld.com\/hu\/wp-json\/wp\/v2\/types\/post"}],"author":[{"embeddable":true,"href":"https:\/\/hotnewsinworld.com\/hu\/wp-json\/wp\/v2\/users\/2"}],"replies":[{"embeddable":true,"href":"https:\/\/hotnewsinworld.com\/hu\/wp-json\/wp\/v2\/comments?post=2384"}],"version-history":[{"count":1,"href":"https:\/\/hotnewsinworld.com\/hu\/wp-json\/wp\/v2\/posts\/2384\/revisions"}],"predecessor-version":[{"id":2386,"href":"https:\/\/hotnewsinworld.com\/hu\/wp-json\/wp\/v2\/posts\/2384\/revisions\/2386"}],"wp:featuredmedia":[{"embeddable":true,"href":"https:\/\/hotnewsinworld.com\/hu\/wp-json\/wp\/v2\/media\/2385"}],"wp:attachment":[{"href":"https:\/\/hotnewsinworld.com\/hu\/wp-json\/wp\/v2\/media?parent=2384"}],"wp:term":[{"taxonomy":"category","embeddable":true,"href":"https:\/\/hotnewsinworld.com\/hu\/wp-json\/wp\/v2\/categories?post=2384"},{"taxonomy":"post_tag","embeddable":true,"href":"https:\/\/hotnewsinworld.com\/hu\/wp-json\/wp\/v2\/tags?post=2384"}],"curies":[{"name":"wp","href":"https:\/\/api.w.org\/{rel}","templated":true}]}}