{"id":2390,"date":"2019-09-21T18:19:14","date_gmt":"2019-09-21T15:19:14","guid":{"rendered":"https:\/\/hotnewsinworld.com\/hu\/pongracz-balint-laszlo-miert-mindig-a-magyarokat-sujtja-az-uefa-kettos-merceje\/"},"modified":"2019-09-21T18:19:15","modified_gmt":"2019-09-21T15:19:15","slug":"pongracz-balint-laszlo-miert-mindig-a-magyarokat-sujtja-az-uefa-kettos-merceje","status":"publish","type":"post","link":"https:\/\/hotnewsinworld.com\/hu\/pongracz-balint-laszlo-miert-mindig-a-magyarokat-sujtja-az-uefa-kettos-merceje\/","title":{"rendered":"Pongr\u00e1cz B\u00e1lint L\u00e1szl\u00f3: Mi\u00e9rt mindig a magyarokat s\u00fajtja az UEFA kett\u0151s m\u00e9rc\u00e9je?"},"content":{"rendered":"<p>2019. szeptember 21. 17:03<br \/>\n                            A sorozatosan igazs\u00e1gtalan \u00edt\u00e9leteknek rendszerint csak mi, magyarok l\u00e1tjuk k\u00e1r\u00e1t.<\/p>\n<p>                            A szlov\u00e1kok elleni Eb-selejtez\u0151n t\u00f6rt\u00e9ntek miatt \u00fajabb z\u00e1rt kapus meccsre k\u00e9nyszer\u00fcl a magyar v\u00e1logatott. Az UEFA d\u00f6nt\u00e9se \u00e9rtelm\u00e9ben \u00edgy Azerbajdzs\u00e1nt szurkol\u00f3k n\u00e9lk\u00fcl fogadhatjuk.<\/p>\n<p>Hasonl\u00f3an kem\u00e9nyen b\u00e1nt vel\u00fcnk a szervezet, amikor\u00a0z\u00e1rt kapus m\u00e9rk\u0151z\u00e9sre \u00e9s 20 milli\u00f3 forint p\u00e9nzb\u00edrs\u00e1gra b\u00fcntette az MLSZ-t a szlov\u00e1kok elleni EB-selejtez\u0151 miatt. Szinte m\u00e1r meg sem lep\u0151d\u00fcnk rajta, hogy az UEFA kiv\u00e9telesen k\u00edm\u00e9letlen\u00fcl \u00edt\u00e9lkezik a magyar ultr\u00e1k rasszista magatart\u00e1sa miatt, f\u0151leg annak f\u00fcggv\u00e9ny\u00e9ben, hogy<\/p>\n<p>a szomsz\u00e9dos orsz\u00e1gok sokkal s\u00falyosabb szab\u00e1lys\u00e9rt\u00e9seivel kapcsolatban mennyire eln\u00e9z\u0151.<\/p>\n<p>Hossz\u00fa \u00e9vek p\u00e9ld\u00e1i bizony\u00edtj\u00e1k mindezt, de az elm\u00falt h\u00f3napok k\u00fcl\u00f6n\u00f6sen botr\u00e1nyosra siker\u00fcltek.<\/p>\n<p>Vess\u00fck \u00f6ssze p\u00e9ld\u00e1ul mi t\u00f6rt\u00e9nt a Craiova-Honv\u00e9d \u00e9s a Magyar-Szlov\u00e1k m\u00e9rk\u0151z\u00e9sen, \u00e9s ezzel \u00f6sszef\u00fcgg\u00e9sben milyen b\u00edrs\u00e1got szabott ki az UEFA! (\u00c9s akkor most azt ne is n\u00e9zz\u00fck, hogy a Honv\u00e9d m\u00e9rk\u0151z\u00e9s le nem f\u00faj\u00e1sa j\u00e1t\u00e9kvezet\u0151i szempontb\u00f3l helyes d\u00f6nt\u00e9s volt-e.)<\/p>\n<p>A Craiova-Honv\u00e9d m\u00e9rk\u0151z\u00e9sen:&#13;<br \/>\n&#8211; a m\u00e1r a m\u00e9rk\u0151z\u00e9st megel\u0151z\u0151 este inzult\u00e1lt\u00e1k a Honv\u00e9d-drukkereket a rom\u00e1nok, t\u00f6bben k\u00f6nnyebb testi s\u00e9r\u00fcl\u00e9st szenvedtek,&#13;<br \/>\n&#8211; a szervez\u0151k \u00e9s biztons\u00e1giak(!) v\u00e9gig provok\u00e1lt\u00e1k a vend\u00e9gszektort, a bel\u00e9ptet\u00e9sn\u00e9l f\u00f6l\u00f6slegesen k\u00f6t\u00f6zk\u00f6dtek, a magyarokat a hazai szektorban l\u00e9v\u0151 b\u00fcf\u00e9be akart\u00e1k vez\u00e9nyelni,&#13;<br \/>\n&#8211; az eg\u00e9sz m\u00e9rk\u0151z\u00e9s alatt t\u00e1madt\u00e1k a rom\u00e1n szurkol\u00f3k a vend\u00e9gszektort, v\u00e9gig ment a trianonoz\u00e1s, \u00e9s a \u201ehalott magyar a j\u00f3 magyar\u201d rigmus,&#13;<br \/>\n&#8211; a\u00a0rom\u00e1n csend\u0151r\u00f6k<\/p>\n<p>gyakorlatilag semmilyen sz\u00fcks\u00e9ges \u00f3vint\u00e9zked\u00e9st nem tettek meg,<\/p>\n<p>csak\u00a0er\u0151demonstr\u00e1ci\u00f3kk\u00e9nt felvonultak a magyarok el\u0151tt, egy rom\u00e1n szurkol\u00f3t m\u00e9g oda is engedtek a vend\u00e9gszektor k\u00f6zel\u00e9be, hogy egy \u00e9g\u0151 f\u00e1kly\u00e1t \u00e1tdobhasson,&#13;<br \/>\n&#8211; a rom\u00e1n szurkol\u00f3k rengeteg hanggr\u00e1n\u00e1tot dobtak be a p\u00e1ly\u00e1ra, ezek k\u00f6z\u00fcl egy a j\u00e1t\u00e9kvezet\u0151 k\u00f6zvetlen k\u00f6zel\u00e9ben robbant fel, aki \u00edgy \u00e1pol\u00e1sra szorult, \u00e9s nem tudta befejezni a m\u00e9rk\u0151z\u00e9s vezet\u00e9s\u00e9t,&#13;<br \/>\n&#8211;\u00a0 a rom\u00e1n szurkol\u00f3k szab\u00e1lys\u00e9rt\u00e9sei miatt\u00a0k\u00e1oszba fulladt, \u00e9s \u00edgy t\u00f6bb mint 30 perc cs\u00fasz\u00e1ssal fejez\u0151d\u00f6tt be a m\u00e9rk\u0151z\u00e9s,&#13;<br \/>\n&#8211; a m\u00e9rk\u0151z\u00e9s v\u00e9g\u00e9n a helysz\u00ednen l\u00e9v\u0151 rend\u0151rs\u00e9gi parancsnok(!) elismerte, hogy a m\u00e9rk\u0151z\u00e9s id\u0151 el\u0151tti lef\u00faj\u00e1sa (teh\u00e1t a rom\u00e1n csapat kies\u00e9se) eset\u00e9n nem tudja garant\u00e1lni a vend\u00e9gek fizikai biztons\u00e1g\u00e1t.<\/p>\n<p>A Magyarorsz\u00e1g-Szlov\u00e1kia m\u00e9rk\u0151z\u00e9sen ugyanakkor:&#13;<br \/>\n&#8211; a n\u00e9z\u0151t\u00e9ren t\u00f6bben t\u00f6bb alkalommal kiab\u00e1ltak cig\u00e1nyoz\u00f3s \u00e9s \u201eszar Szlov\u00e1kia\u201d gy\u0171l\u00f6lk\u00f6d\u0151 rigmusokat.<\/p>\n<p>A Craiova b\u00fcntet\u00e9sk\u00e9nt kapott&#13;<br \/>\n&#8211;\u00a0 60 ezer eur\u00f3 p\u00e9nzb\u00edrs\u00e1got&#13;<br \/>\n&#8211;\u00a0\u00a0k\u00e9t hazai rendez\u00e9s\u0171 nemzetk\u00f6zi klubm\u00e9rk\u0151z\u00e9sr\u0151l val\u00f3 eltilt\u00e1st \u00fagy, hogy ezek a m\u00e9rk\u0151z\u00e9sek ak\u00e1r csak \u00e9vek m\u00falva ker\u00fclhetnek majd megrendez\u00e9sre.&#13;<br \/>\n&#8211;\u00a0 Mindezeken t\u00fal pedig,<\/p>\n<p>a biztons\u00e1g kedv\u00e9\u00e9rt a Honv\u00e9dot is megb\u00fcntett\u00e9k t\u00f6bb\u00a0mint 30 ezer eur\u00f3ra.<\/p>\n<p>A magyar v\u00e1logatott ugyanakkor b\u00fcntet\u00e9sk\u00e9nt kapott:&#13;<br \/>\n&#8211; 60 ezer eur\u00f3 p\u00e9nzb\u00edrs\u00e1got,&#13;<br \/>\n&#8211;\u00a0 egy hazai nemzetk\u00f6zi v\u00e1logatott m\u00e9rk\u0151z\u00e9sr\u0151l val\u00f3 eltilt\u00e1s \u00fagy, hogy ez a m\u00e9rk\u0151z\u00e9s egy h\u00f3nap m\u00falva megrendez\u00e9sre ker\u00fcl.<\/p>\n<p>Vonjunk m\u00e9rleget, \u00e9s d\u00f6nts\u00fck el, hogy igazs\u00e1gos \u00edt\u00e9letek sz\u00fclettek-e\u2026 Illetve tegy\u00fck fel a k\u00e9rd\u00e9st: meddig lehet semmibe venni a magyar sportdiplom\u00e1ci\u00e1t?<\/p>\n<p>\n<!--noindex--><br \/>\n<a href=\"https:\/\/hirek.oldal.info\/rssclick\/14416006\" rel=\"nofollow\">Source link <\/a><br \/>\n<!--\/noindex--><\/p>\n","protected":false},"excerpt":{"rendered":"<p>2019. szeptember 21. 17:03 A sorozatosan igazs\u00e1gtalan \u00edt\u00e9leteknek rendszerint csak mi, magyarok l\u00e1tjuk k\u00e1r\u00e1t. A szlov\u00e1kok elleni Eb-selejtez\u0151n t\u00f6rt\u00e9ntek miatt \u00fajabb z\u00e1rt kapus meccsre k\u00e9nyszer\u00fcl a magyar v\u00e1logatott. Az UEFA d\u00f6nt\u00e9se \u00e9rtelm\u00e9ben \u00edgy Azerbajdzs\u00e1nt szurkol\u00f3k n\u00e9lk\u00fcl fogadhatjuk. Hasonl\u00f3an kem\u00e9nyen b\u00e1nt vel\u00fcnk a szervezet, amikor\u00a0z\u00e1rt kapus m\u00e9rk\u0151z\u00e9sre \u00e9s 20 milli\u00f3 forint p\u00e9nzb\u00edrs\u00e1gra b\u00fcntette az MLSZ-t a [&hellip;]<\/p>\n","protected":false},"author":2,"featured_media":2391,"comment_status":"open","ping_status":"open","sticky":false,"template":"","format":"standard","meta":{"footnotes":""},"categories":[1],"tags":[],"class_list":["post-2390","post","type-post","status-publish","format-standard","has-post-thumbnail","hentry","category-legujabb-penzugyi-hirek"],"yoast_head":"<!-- This site is optimized with the Yoast SEO plugin v27.4 - https:\/\/yoast.com\/product\/yoast-seo-wordpress\/ -->\n<title>Pongr\u00e1cz B\u00e1lint L\u00e1szl\u00f3: Mi\u00e9rt mindig a magyarokat s\u00fajtja az UEFA kett\u0151s m\u00e9rc\u00e9je? - Hot News in World<\/title>\n<meta name=\"robots\" content=\"index, follow, max-snippet:-1, max-image-preview:large, max-video-preview:-1\" \/>\n<link rel=\"canonical\" href=\"https:\/\/hotnewsinworld.com\/hu\/pongracz-balint-laszlo-miert-mindig-a-magyarokat-sujtja-az-uefa-kettos-merceje\/\" \/>\n<meta property=\"og:locale\" content=\"hu_HU\" \/>\n<meta property=\"og:type\" content=\"article\" \/>\n<meta property=\"og:title\" content=\"Pongr\u00e1cz B\u00e1lint L\u00e1szl\u00f3: Mi\u00e9rt mindig a magyarokat s\u00fajtja az UEFA kett\u0151s m\u00e9rc\u00e9je? - Hot News in World\" \/>\n<meta property=\"og:description\" content=\"2019. szeptember 21. 17:03 A sorozatosan igazs\u00e1gtalan \u00edt\u00e9leteknek rendszerint csak mi, magyarok l\u00e1tjuk k\u00e1r\u00e1t. A szlov\u00e1kok elleni Eb-selejtez\u0151n t\u00f6rt\u00e9ntek miatt \u00fajabb z\u00e1rt kapus meccsre k\u00e9nyszer\u00fcl a magyar v\u00e1logatott. Az UEFA d\u00f6nt\u00e9se \u00e9rtelm\u00e9ben \u00edgy Azerbajdzs\u00e1nt szurkol\u00f3k n\u00e9lk\u00fcl fogadhatjuk. Hasonl\u00f3an kem\u00e9nyen b\u00e1nt vel\u00fcnk a szervezet, amikor\u00a0z\u00e1rt kapus m\u00e9rk\u0151z\u00e9sre \u00e9s 20 milli\u00f3 forint p\u00e9nzb\u00edrs\u00e1gra b\u00fcntette az MLSZ-t a [&hellip;]\" \/>\n<meta property=\"og:url\" content=\"https:\/\/hotnewsinworld.com\/hu\/pongracz-balint-laszlo-miert-mindig-a-magyarokat-sujtja-az-uefa-kettos-merceje\/\" \/>\n<meta property=\"og:site_name\" content=\"Hot News in World\" \/>\n<meta property=\"article:published_time\" content=\"2019-09-21T15:19:14+00:00\" \/>\n<meta property=\"article:modified_time\" content=\"2019-09-21T15:19:15+00:00\" \/>\n<meta property=\"og:image\" content=\"https:\/\/hotnewsinworld.com\/hu\/wp-content\/uploads\/sites\/3\/2019\/09\/Pongr\u00e1cz-B\u00e1lint-L\u00e1szl\u00f3-Mi\u00e9rt-mindig-a-magyarokat-s\u00fajtja-az-UEFA.jpg\" \/>\n\t<meta property=\"og:image:width\" content=\"300\" \/>\n\t<meta property=\"og:image:height\" content=\"271\" \/>\n\t<meta property=\"og:image:type\" content=\"image\/jpeg\" \/>\n<meta name=\"author\" content=\"hotnewsinworld\" \/>\n<meta name=\"twitter:card\" content=\"summary_large_image\" \/>\n<meta name=\"twitter:label1\" content=\"Szerz\u0151:\" \/>\n\t<meta name=\"twitter:data1\" content=\"hotnewsinworld\" \/>\n\t<meta name=\"twitter:label2\" content=\"Becs\u00fclt olvas\u00e1si id\u0151\" \/>\n\t<meta name=\"twitter:data2\" content=\"4 perc\" \/>\n<script type=\"application\/ld+json\" class=\"yoast-schema-graph\">{\"@context\":\"https:\\\/\\\/schema.org\",\"@graph\":[{\"@type\":\"Article\",\"@id\":\"https:\\\/\\\/hotnewsinworld.com\\\/hu\\\/pongracz-balint-laszlo-miert-mindig-a-magyarokat-sujtja-az-uefa-kettos-merceje\\\/#article\",\"isPartOf\":{\"@id\":\"https:\\\/\\\/hotnewsinworld.com\\\/hu\\\/pongracz-balint-laszlo-miert-mindig-a-magyarokat-sujtja-az-uefa-kettos-merceje\\\/\"},\"author\":{\"name\":\"hotnewsinworld\",\"@id\":\"https:\\\/\\\/hotnewsinworld.com\\\/hu\\\/#\\\/schema\\\/person\\\/fe61448b21c0d59086e75fcc1f9d8f6b\"},\"headline\":\"Pongr\u00e1cz B\u00e1lint L\u00e1szl\u00f3: Mi\u00e9rt mindig a magyarokat s\u00fajtja az UEFA kett\u0151s m\u00e9rc\u00e9je?\",\"datePublished\":\"2019-09-21T15:19:14+00:00\",\"dateModified\":\"2019-09-21T15:19:15+00:00\",\"mainEntityOfPage\":{\"@id\":\"https:\\\/\\\/hotnewsinworld.com\\\/hu\\\/pongracz-balint-laszlo-miert-mindig-a-magyarokat-sujtja-az-uefa-kettos-merceje\\\/\"},\"wordCount\":738,\"commentCount\":0,\"image\":{\"@id\":\"https:\\\/\\\/hotnewsinworld.com\\\/hu\\\/pongracz-balint-laszlo-miert-mindig-a-magyarokat-sujtja-az-uefa-kettos-merceje\\\/#primaryimage\"},\"thumbnailUrl\":\"https:\\\/\\\/hotnewsinworld.com\\\/hu\\\/wp-content\\\/uploads\\\/sites\\\/3\\\/2019\\\/09\\\/Pongr\u00e1cz-B\u00e1lint-L\u00e1szl\u00f3-Mi\u00e9rt-mindig-a-magyarokat-s\u00fajtja-az-UEFA.jpg\",\"articleSection\":[\"LEG\u00daJABB P\u00c9NZ\u00dcGYI H\u00cdREK\"],\"inLanguage\":\"hu\",\"potentialAction\":[{\"@type\":\"CommentAction\",\"name\":\"Comment\",\"target\":[\"https:\\\/\\\/hotnewsinworld.com\\\/hu\\\/pongracz-balint-laszlo-miert-mindig-a-magyarokat-sujtja-az-uefa-kettos-merceje\\\/#respond\"]}]},{\"@type\":\"WebPage\",\"@id\":\"https:\\\/\\\/hotnewsinworld.com\\\/hu\\\/pongracz-balint-laszlo-miert-mindig-a-magyarokat-sujtja-az-uefa-kettos-merceje\\\/\",\"url\":\"https:\\\/\\\/hotnewsinworld.com\\\/hu\\\/pongracz-balint-laszlo-miert-mindig-a-magyarokat-sujtja-az-uefa-kettos-merceje\\\/\",\"name\":\"Pongr\u00e1cz B\u00e1lint L\u00e1szl\u00f3: Mi\u00e9rt mindig a magyarokat s\u00fajtja az UEFA kett\u0151s m\u00e9rc\u00e9je? - Hot News in World\",\"isPartOf\":{\"@id\":\"https:\\\/\\\/hotnewsinworld.com\\\/hu\\\/#website\"},\"primaryImageOfPage\":{\"@id\":\"https:\\\/\\\/hotnewsinworld.com\\\/hu\\\/pongracz-balint-laszlo-miert-mindig-a-magyarokat-sujtja-az-uefa-kettos-merceje\\\/#primaryimage\"},\"image\":{\"@id\":\"https:\\\/\\\/hotnewsinworld.com\\\/hu\\\/pongracz-balint-laszlo-miert-mindig-a-magyarokat-sujtja-az-uefa-kettos-merceje\\\/#primaryimage\"},\"thumbnailUrl\":\"https:\\\/\\\/hotnewsinworld.com\\\/hu\\\/wp-content\\\/uploads\\\/sites\\\/3\\\/2019\\\/09\\\/Pongr\u00e1cz-B\u00e1lint-L\u00e1szl\u00f3-Mi\u00e9rt-mindig-a-magyarokat-s\u00fajtja-az-UEFA.jpg\",\"datePublished\":\"2019-09-21T15:19:14+00:00\",\"dateModified\":\"2019-09-21T15:19:15+00:00\",\"author\":{\"@id\":\"https:\\\/\\\/hotnewsinworld.com\\\/hu\\\/#\\\/schema\\\/person\\\/fe61448b21c0d59086e75fcc1f9d8f6b\"},\"breadcrumb\":{\"@id\":\"https:\\\/\\\/hotnewsinworld.com\\\/hu\\\/pongracz-balint-laszlo-miert-mindig-a-magyarokat-sujtja-az-uefa-kettos-merceje\\\/#breadcrumb\"},\"inLanguage\":\"hu\",\"potentialAction\":[{\"@type\":\"ReadAction\",\"target\":[\"https:\\\/\\\/hotnewsinworld.com\\\/hu\\\/pongracz-balint-laszlo-miert-mindig-a-magyarokat-sujtja-az-uefa-kettos-merceje\\\/\"]}]},{\"@type\":\"ImageObject\",\"inLanguage\":\"hu\",\"@id\":\"https:\\\/\\\/hotnewsinworld.com\\\/hu\\\/pongracz-balint-laszlo-miert-mindig-a-magyarokat-sujtja-az-uefa-kettos-merceje\\\/#primaryimage\",\"url\":\"https:\\\/\\\/hotnewsinworld.com\\\/hu\\\/wp-content\\\/uploads\\\/sites\\\/3\\\/2019\\\/09\\\/Pongr\u00e1cz-B\u00e1lint-L\u00e1szl\u00f3-Mi\u00e9rt-mindig-a-magyarokat-s\u00fajtja-az-UEFA.jpg\",\"contentUrl\":\"https:\\\/\\\/hotnewsinworld.com\\\/hu\\\/wp-content\\\/uploads\\\/sites\\\/3\\\/2019\\\/09\\\/Pongr\u00e1cz-B\u00e1lint-L\u00e1szl\u00f3-Mi\u00e9rt-mindig-a-magyarokat-s\u00fajtja-az-UEFA.jpg\",\"width\":300,\"height\":271,\"caption\":\"Pongr\u00e1cz B\u00e1lint L\u00e1szl\u00f3: Mi\u00e9rt mindig a magyarokat s\u00fajtja az UEFA kett\u0151s m\u00e9rc\u00e9je?\"},{\"@type\":\"BreadcrumbList\",\"@id\":\"https:\\\/\\\/hotnewsinworld.com\\\/hu\\\/pongracz-balint-laszlo-miert-mindig-a-magyarokat-sujtja-az-uefa-kettos-merceje\\\/#breadcrumb\",\"itemListElement\":[{\"@type\":\"ListItem\",\"position\":1,\"name\":\"\u0413\u043b\u0430\u0432\u043d\u0430\u044f \u0441\u0442\u0440\u0430\u043d\u0438\u0446\u0430\",\"item\":\"https:\\\/\\\/hotnewsinworld.com\\\/hu\\\/\"},{\"@type\":\"ListItem\",\"position\":2,\"name\":\"Pongr\u00e1cz B\u00e1lint L\u00e1szl\u00f3: Mi\u00e9rt mindig a magyarokat s\u00fajtja az UEFA kett\u0151s m\u00e9rc\u00e9je?\"}]},{\"@type\":\"WebSite\",\"@id\":\"https:\\\/\\\/hotnewsinworld.com\\\/hu\\\/#website\",\"url\":\"https:\\\/\\\/hotnewsinworld.com\\\/hu\\\/\",\"name\":\"Hot News in World\",\"description\":\"Hot News in World from Hungary\",\"potentialAction\":[{\"@type\":\"SearchAction\",\"target\":{\"@type\":\"EntryPoint\",\"urlTemplate\":\"https:\\\/\\\/hotnewsinworld.com\\\/hu\\\/?s={search_term_string}\"},\"query-input\":{\"@type\":\"PropertyValueSpecification\",\"valueRequired\":true,\"valueName\":\"search_term_string\"}}],\"inLanguage\":\"hu\"},{\"@type\":\"Person\",\"@id\":\"https:\\\/\\\/hotnewsinworld.com\\\/hu\\\/#\\\/schema\\\/person\\\/fe61448b21c0d59086e75fcc1f9d8f6b\",\"name\":\"hotnewsinworld\",\"image\":{\"@type\":\"ImageObject\",\"inLanguage\":\"hu\",\"@id\":\"https:\\\/\\\/secure.gravatar.com\\\/avatar\\\/8a09ac165600ce2e1c38fe593c63928eb1e6e7ba5c5a907d67787c41b3d00c14?s=96&d=mm&r=g\",\"url\":\"https:\\\/\\\/secure.gravatar.com\\\/avatar\\\/8a09ac165600ce2e1c38fe593c63928eb1e6e7ba5c5a907d67787c41b3d00c14?s=96&d=mm&r=g\",\"contentUrl\":\"https:\\\/\\\/secure.gravatar.com\\\/avatar\\\/8a09ac165600ce2e1c38fe593c63928eb1e6e7ba5c5a907d67787c41b3d00c14?s=96&d=mm&r=g\",\"caption\":\"hotnewsinworld\"},\"url\":\"https:\\\/\\\/hotnewsinworld.com\\\/hu\\\/author\\\/pt\\\/\"}]}<\/script>\n<!-- \/ Yoast SEO plugin. -->","yoast_head_json":{"title":"Pongr\u00e1cz B\u00e1lint L\u00e1szl\u00f3: Mi\u00e9rt mindig a magyarokat s\u00fajtja az UEFA kett\u0151s m\u00e9rc\u00e9je? - Hot News in World","robots":{"index":"index","follow":"follow","max-snippet":"max-snippet:-1","max-image-preview":"max-image-preview:large","max-video-preview":"max-video-preview:-1"},"canonical":"https:\/\/hotnewsinworld.com\/hu\/pongracz-balint-laszlo-miert-mindig-a-magyarokat-sujtja-az-uefa-kettos-merceje\/","og_locale":"hu_HU","og_type":"article","og_title":"Pongr\u00e1cz B\u00e1lint L\u00e1szl\u00f3: Mi\u00e9rt mindig a magyarokat s\u00fajtja az UEFA kett\u0151s m\u00e9rc\u00e9je? - Hot News in World","og_description":"2019. szeptember 21. 17:03 A sorozatosan igazs\u00e1gtalan \u00edt\u00e9leteknek rendszerint csak mi, magyarok l\u00e1tjuk k\u00e1r\u00e1t. A szlov\u00e1kok elleni Eb-selejtez\u0151n t\u00f6rt\u00e9ntek miatt \u00fajabb z\u00e1rt kapus meccsre k\u00e9nyszer\u00fcl a magyar v\u00e1logatott. Az UEFA d\u00f6nt\u00e9se \u00e9rtelm\u00e9ben \u00edgy Azerbajdzs\u00e1nt szurkol\u00f3k n\u00e9lk\u00fcl fogadhatjuk. Hasonl\u00f3an kem\u00e9nyen b\u00e1nt vel\u00fcnk a szervezet, amikor\u00a0z\u00e1rt kapus m\u00e9rk\u0151z\u00e9sre \u00e9s 20 milli\u00f3 forint p\u00e9nzb\u00edrs\u00e1gra b\u00fcntette az MLSZ-t a [&hellip;]","og_url":"https:\/\/hotnewsinworld.com\/hu\/pongracz-balint-laszlo-miert-mindig-a-magyarokat-sujtja-az-uefa-kettos-merceje\/","og_site_name":"Hot News in World","article_published_time":"2019-09-21T15:19:14+00:00","article_modified_time":"2019-09-21T15:19:15+00:00","og_image":[{"width":300,"height":271,"url":"https:\/\/hotnewsinworld.com\/hu\/wp-content\/uploads\/sites\/3\/2019\/09\/Pongr\u00e1cz-B\u00e1lint-L\u00e1szl\u00f3-Mi\u00e9rt-mindig-a-magyarokat-s\u00fajtja-az-UEFA.jpg","type":"image\/jpeg"}],"author":"hotnewsinworld","twitter_card":"summary_large_image","twitter_misc":{"Szerz\u0151:":"hotnewsinworld","Becs\u00fclt olvas\u00e1si id\u0151":"4 perc"},"schema":{"@context":"https:\/\/schema.org","@graph":[{"@type":"Article","@id":"https:\/\/hotnewsinworld.com\/hu\/pongracz-balint-laszlo-miert-mindig-a-magyarokat-sujtja-az-uefa-kettos-merceje\/#article","isPartOf":{"@id":"https:\/\/hotnewsinworld.com\/hu\/pongracz-balint-laszlo-miert-mindig-a-magyarokat-sujtja-az-uefa-kettos-merceje\/"},"author":{"name":"hotnewsinworld","@id":"https:\/\/hotnewsinworld.com\/hu\/#\/schema\/person\/fe61448b21c0d59086e75fcc1f9d8f6b"},"headline":"Pongr\u00e1cz B\u00e1lint L\u00e1szl\u00f3: Mi\u00e9rt mindig a magyarokat s\u00fajtja az UEFA kett\u0151s m\u00e9rc\u00e9je?","datePublished":"2019-09-21T15:19:14+00:00","dateModified":"2019-09-21T15:19:15+00:00","mainEntityOfPage":{"@id":"https:\/\/hotnewsinworld.com\/hu\/pongracz-balint-laszlo-miert-mindig-a-magyarokat-sujtja-az-uefa-kettos-merceje\/"},"wordCount":738,"commentCount":0,"image":{"@id":"https:\/\/hotnewsinworld.com\/hu\/pongracz-balint-laszlo-miert-mindig-a-magyarokat-sujtja-az-uefa-kettos-merceje\/#primaryimage"},"thumbnailUrl":"https:\/\/hotnewsinworld.com\/hu\/wp-content\/uploads\/sites\/3\/2019\/09\/Pongr\u00e1cz-B\u00e1lint-L\u00e1szl\u00f3-Mi\u00e9rt-mindig-a-magyarokat-s\u00fajtja-az-UEFA.jpg","articleSection":["LEG\u00daJABB P\u00c9NZ\u00dcGYI H\u00cdREK"],"inLanguage":"hu","potentialAction":[{"@type":"CommentAction","name":"Comment","target":["https:\/\/hotnewsinworld.com\/hu\/pongracz-balint-laszlo-miert-mindig-a-magyarokat-sujtja-az-uefa-kettos-merceje\/#respond"]}]},{"@type":"WebPage","@id":"https:\/\/hotnewsinworld.com\/hu\/pongracz-balint-laszlo-miert-mindig-a-magyarokat-sujtja-az-uefa-kettos-merceje\/","url":"https:\/\/hotnewsinworld.com\/hu\/pongracz-balint-laszlo-miert-mindig-a-magyarokat-sujtja-az-uefa-kettos-merceje\/","name":"Pongr\u00e1cz B\u00e1lint L\u00e1szl\u00f3: Mi\u00e9rt mindig a magyarokat s\u00fajtja az UEFA kett\u0151s m\u00e9rc\u00e9je? - Hot News in World","isPartOf":{"@id":"https:\/\/hotnewsinworld.com\/hu\/#website"},"primaryImageOfPage":{"@id":"https:\/\/hotnewsinworld.com\/hu\/pongracz-balint-laszlo-miert-mindig-a-magyarokat-sujtja-az-uefa-kettos-merceje\/#primaryimage"},"image":{"@id":"https:\/\/hotnewsinworld.com\/hu\/pongracz-balint-laszlo-miert-mindig-a-magyarokat-sujtja-az-uefa-kettos-merceje\/#primaryimage"},"thumbnailUrl":"https:\/\/hotnewsinworld.com\/hu\/wp-content\/uploads\/sites\/3\/2019\/09\/Pongr\u00e1cz-B\u00e1lint-L\u00e1szl\u00f3-Mi\u00e9rt-mindig-a-magyarokat-s\u00fajtja-az-UEFA.jpg","datePublished":"2019-09-21T15:19:14+00:00","dateModified":"2019-09-21T15:19:15+00:00","author":{"@id":"https:\/\/hotnewsinworld.com\/hu\/#\/schema\/person\/fe61448b21c0d59086e75fcc1f9d8f6b"},"breadcrumb":{"@id":"https:\/\/hotnewsinworld.com\/hu\/pongracz-balint-laszlo-miert-mindig-a-magyarokat-sujtja-az-uefa-kettos-merceje\/#breadcrumb"},"inLanguage":"hu","potentialAction":[{"@type":"ReadAction","target":["https:\/\/hotnewsinworld.com\/hu\/pongracz-balint-laszlo-miert-mindig-a-magyarokat-sujtja-az-uefa-kettos-merceje\/"]}]},{"@type":"ImageObject","inLanguage":"hu","@id":"https:\/\/hotnewsinworld.com\/hu\/pongracz-balint-laszlo-miert-mindig-a-magyarokat-sujtja-az-uefa-kettos-merceje\/#primaryimage","url":"https:\/\/hotnewsinworld.com\/hu\/wp-content\/uploads\/sites\/3\/2019\/09\/Pongr\u00e1cz-B\u00e1lint-L\u00e1szl\u00f3-Mi\u00e9rt-mindig-a-magyarokat-s\u00fajtja-az-UEFA.jpg","contentUrl":"https:\/\/hotnewsinworld.com\/hu\/wp-content\/uploads\/sites\/3\/2019\/09\/Pongr\u00e1cz-B\u00e1lint-L\u00e1szl\u00f3-Mi\u00e9rt-mindig-a-magyarokat-s\u00fajtja-az-UEFA.jpg","width":300,"height":271,"caption":"Pongr\u00e1cz B\u00e1lint L\u00e1szl\u00f3: Mi\u00e9rt mindig a magyarokat s\u00fajtja az UEFA kett\u0151s m\u00e9rc\u00e9je?"},{"@type":"BreadcrumbList","@id":"https:\/\/hotnewsinworld.com\/hu\/pongracz-balint-laszlo-miert-mindig-a-magyarokat-sujtja-az-uefa-kettos-merceje\/#breadcrumb","itemListElement":[{"@type":"ListItem","position":1,"name":"\u0413\u043b\u0430\u0432\u043d\u0430\u044f \u0441\u0442\u0440\u0430\u043d\u0438\u0446\u0430","item":"https:\/\/hotnewsinworld.com\/hu\/"},{"@type":"ListItem","position":2,"name":"Pongr\u00e1cz B\u00e1lint L\u00e1szl\u00f3: Mi\u00e9rt mindig a magyarokat s\u00fajtja az UEFA kett\u0151s m\u00e9rc\u00e9je?"}]},{"@type":"WebSite","@id":"https:\/\/hotnewsinworld.com\/hu\/#website","url":"https:\/\/hotnewsinworld.com\/hu\/","name":"Hot News in World","description":"Hot News in World from Hungary","potentialAction":[{"@type":"SearchAction","target":{"@type":"EntryPoint","urlTemplate":"https:\/\/hotnewsinworld.com\/hu\/?s={search_term_string}"},"query-input":{"@type":"PropertyValueSpecification","valueRequired":true,"valueName":"search_term_string"}}],"inLanguage":"hu"},{"@type":"Person","@id":"https:\/\/hotnewsinworld.com\/hu\/#\/schema\/person\/fe61448b21c0d59086e75fcc1f9d8f6b","name":"hotnewsinworld","image":{"@type":"ImageObject","inLanguage":"hu","@id":"https:\/\/secure.gravatar.com\/avatar\/8a09ac165600ce2e1c38fe593c63928eb1e6e7ba5c5a907d67787c41b3d00c14?s=96&d=mm&r=g","url":"https:\/\/secure.gravatar.com\/avatar\/8a09ac165600ce2e1c38fe593c63928eb1e6e7ba5c5a907d67787c41b3d00c14?s=96&d=mm&r=g","contentUrl":"https:\/\/secure.gravatar.com\/avatar\/8a09ac165600ce2e1c38fe593c63928eb1e6e7ba5c5a907d67787c41b3d00c14?s=96&d=mm&r=g","caption":"hotnewsinworld"},"url":"https:\/\/hotnewsinworld.com\/hu\/author\/pt\/"}]}},"_links":{"self":[{"href":"https:\/\/hotnewsinworld.com\/hu\/wp-json\/wp\/v2\/posts\/2390","targetHints":{"allow":["GET"]}}],"collection":[{"href":"https:\/\/hotnewsinworld.com\/hu\/wp-json\/wp\/v2\/posts"}],"about":[{"href":"https:\/\/hotnewsinworld.com\/hu\/wp-json\/wp\/v2\/types\/post"}],"author":[{"embeddable":true,"href":"https:\/\/hotnewsinworld.com\/hu\/wp-json\/wp\/v2\/users\/2"}],"replies":[{"embeddable":true,"href":"https:\/\/hotnewsinworld.com\/hu\/wp-json\/wp\/v2\/comments?post=2390"}],"version-history":[{"count":1,"href":"https:\/\/hotnewsinworld.com\/hu\/wp-json\/wp\/v2\/posts\/2390\/revisions"}],"predecessor-version":[{"id":2392,"href":"https:\/\/hotnewsinworld.com\/hu\/wp-json\/wp\/v2\/posts\/2390\/revisions\/2392"}],"wp:featuredmedia":[{"embeddable":true,"href":"https:\/\/hotnewsinworld.com\/hu\/wp-json\/wp\/v2\/media\/2391"}],"wp:attachment":[{"href":"https:\/\/hotnewsinworld.com\/hu\/wp-json\/wp\/v2\/media?parent=2390"}],"wp:term":[{"taxonomy":"category","embeddable":true,"href":"https:\/\/hotnewsinworld.com\/hu\/wp-json\/wp\/v2\/categories?post=2390"},{"taxonomy":"post_tag","embeddable":true,"href":"https:\/\/hotnewsinworld.com\/hu\/wp-json\/wp\/v2\/tags?post=2390"}],"curies":[{"name":"wp","href":"https:\/\/api.w.org\/{rel}","templated":true}]}}