{"id":2393,"date":"2019-09-21T19:40:49","date_gmt":"2019-09-21T16:40:49","guid":{"rendered":"https:\/\/hotnewsinworld.com\/hu\/toltsd-ki-orban-viktor-nemzetkarakterologiai-megatesztjet\/"},"modified":"2019-09-21T19:40:51","modified_gmt":"2019-09-21T16:40:51","slug":"toltsd-ki-orban-viktor-nemzetkarakterologiai-megatesztjet","status":"publish","type":"post","link":"https:\/\/hotnewsinworld.com\/hu\/toltsd-ki-orban-viktor-nemzetkarakterologiai-megatesztjet\/","title":{"rendered":"T\u00f6ltsd ki Orb\u00e1n Viktor nemzetkarakterol\u00f3giai megatesztj\u00e9t!"},"content":{"rendered":"<p>Mi, magyarok<\/p>\n<p>Orb\u00e1n Viktor szerint ilyenek vagyunk. Magadra ismersz?<br \/>\nMi, magyarok a f\u00fcl\u00fcnkben egy v\u00e9szcseng\u0151vel \u00e9l\u00fcnk.<br \/>\nMindig is azt gondoltam, hogy a szerb egy nagyvonal\u00fa n\u00e9p. Mi, magyarok is szeret\u00fcnk \u00edgy gondolni saj\u00e1t magunkra, \u00e9s mindig f\u00f6lemel\u0151 pillanat, hogyha \u00f6n\u00e9rdek n\u00e9lk\u00fcl, csak a sz\u00e9ps\u00e9g\u00e9rt \u00e9s a j\u00f3s\u00e1g\u00e9rt tehet\u00fcnk valamit.<br \/>\nNek\u00fcnk, magyaroknak ak\u00e1rkit akarunk meg\u00e9rteni, csak \u00f3ri\u00e1si er\u0151fesz\u00edt\u00e9sek \u00e1r\u00e1n siker\u00fclhet, mert egy teljesen k\u00fcl\u00f6nb\u00f6z\u0151 logik\u00e1ra \u00e9p\u00fcl\u0151 dolgot, egy idegen nyelvet kell megtanulnunk. A magyarnak a logik\u00e1ja ink\u00e1bb a matematik\u00e1ra eml\u00e9keztet \u00e9s kev\u00e9sb\u00e9 m\u00e1sok nyelvtan\u00e1ra. Ez\u00e9rt a magyarok \u00e1ltal\u00e1ban nehezen k\u00f6vetik \u2013 k\u00fcl\u00f6n\u00f6sen nem origin\u00e1lis nyelven \u2013 azokat a vit\u00e1kat, amelyek a vil\u00e1gban zajlanak, \u00e9s ez\u00e9rt nagy szerencse, hogy id\u0151nk\u00e9nt elj\u00f6n hozz\u00e1nk a vil\u00e1g, hogy itt el\u0151tt\u00fcnk besz\u00e9ljen, \u00e9s mutasson r\u00e1 a probl\u00e9m\u00e1ira.<br \/>\nA magyarokban \u00e9l egy furcsa szer\u00e9nys\u00e9g vagy ink\u00e1bb \u00e1lszer\u00e9nys\u00e9g.<br \/>\nNek\u00fcnk, magyaroknak pedig romantikus hajlamunk is van, ami n\u00e9ha naivv\u00e1 tesz benn\u00fcnket. A magyaroknak nagy sz\u00edv\u00fck van. \u00c9s gyakran a sz\u00edvb\u0151l \u00e9s nem az \u00e9rtelemb\u0151l indulnak ki.<br \/>\nA nagys\u00e1g v\u00edzszintes \u00e9rtelmez\u00e9s\u00e9vel szemben mi, magyarok ink\u00e1bb a magasba t\u00f6rekv\u0151 nagys\u00e1g h\u00edvei vagyunk. Az ilyen nagys\u00e1g szellemi term\u00e9szet\u0171.\u00a0<br \/>\nA magyarok tehets\u00e9gtelenek a konspir\u00e1ci\u00f3ban. Ez igaz, hiszen mi egy k\u00e1v\u00e9h\u00e1zi n\u00e9p vagyunk, \u00e9s a k\u00e1v\u00e9h\u00e1z l\u00e9nyege nem a k\u00e1v\u00e9, hanem a j\u00f3l \u00e9rtes\u00fclts\u00e9g.<br \/>\nMi egy bizalmatlan n\u00e9p vagyunk.<br \/>\nA magyar nyelvben a legn\u00e9pszer\u0171bb szavak \u00fagy hangzanak, hogy egyed\u00fcl, csak az\u00e9rt is, mi magunk. Van egy olyan k\u00e9sztet\u00e9s a magyarban, hogy heroikus p\u00f3zt vegyen f\u00f6l, amikor nemzetk\u00f6zi esem\u00e9nyeket elemez.\u00a0<br \/>\nMagyarok vagyunk, megvan a magunkhoz val\u00f3 esz\u00fcnk. D\u00f6rzs\u00f6ltek vagyunk, tudjuk, hogy mikor mit kell csin\u00e1lni. Teh\u00e1t ha ki kell v\u00e1rni, akkor kiv\u00e1runk. Ha meg azonnal k\u00f6lteni kell vagy v\u00e1s\u00e1rolni, akkor meg azonnal megtessz\u00fck ezt. Teh\u00e1t a magyaroknak hely\u00e9n van az esz\u00fck, ha gazdas\u00e1gi \u00e9sszer\u0171s\u00e9gr\u0151l van sz\u00f3, \u00e9s logikusan igazgatj\u00e1k a saj\u00e1t \u00e9s a csal\u00e1djaik l\u00e9p\u00e9seit ilyenkor.\u00a0\u00a0<br \/>\nMi, magyarok, ha l\u00e1tunk egy l\u00e9ghaj\u00f3t, egy goly\u00f3stollat, egy pressz\u00f3k\u00e1v\u00e9-g\u00e9pet vagy egy j\u00e1t\u00e9kbolt polc\u00e1n megpillantunk egy Rubik-kock\u00e1t, \u00f6nk\u00e9ntelen\u00fcl is kih\u00fazzuk magunkat, hogy l\u00e1m, ez sem j\u00f6hetett volna l\u00e9tre n\u00e9lk\u00fcl\u00fcnk, magyarok n\u00e9lk\u00fcl.<br \/>\nA gazdakult\u00fara, a dolgok rendbetart\u00e1sa, most nemcsak a mez\u0151gazdas\u00e1gra gondolok egy\u00e9bk\u00e9nt, hanem a port\u00e1ink rendbetart\u00e1sa, hogy ami r\u00e1nk tartozik, az rendezett legyen, \u00e9s ami r\u00e1nk van b\u00edzva, az valami hasznot hajtson, ez az \u00f6szt\u00f6nvil\u00e1g nagyon er\u0151s a magyarban, a mez\u0151gazdas\u00e1gban ennek pedig nyilv\u00e1nval\u00f3 gazdas\u00e1gi el\u0151nyeit is l\u00e1thatjuk.\u00a0\u00a0<br \/>\nAz\u00e9rt \u00e9n m\u00e9gis azt szeretem a legjobban a magyarokban, amiben k\u00fcl\u00f6nb\u00f6z\u00fcnk t\u0151l\u00fck, m\u00e1rmint a t\u0151l\u00fcnk nyugatiakt\u00f3l, teh\u00e1t a fokos \u00e9s a rizspar\u00f3ka m\u00e9rk\u0151z\u00e9s\u00e9ben \u00e9n a fokos oldal\u00e1n vagyok, \u00e9s a kisnemesi udvarh\u00e1zakat is jobban szeretem, mint a Kaiser palot\u00e1j\u00e1t.<br \/>\nMi, magyarok tudunk a legjobban keseregni, mi, magyarok tudunk a legszebben panaszkodni, \u00e9s mi, magyarok tudjuk a leg\u0151szint\u00e9bben elsiratni magunkat. A teljes rem\u00e9nytelens\u00e9g \u00e9s kil\u00e1t\u00e1stalans\u00e1g meg\u00e9nekl\u00e9s\u00e9nek nagymesterei vagyunk.\u00a0\u00a0<br \/>\nT\u00e1mad\u00e1sok elh\u00e1r\u00edt\u00e1s\u00e1ban nem vagyunk el\u00e9g tehets\u00e9gesek. Az \u00e1br\u00e1zol\u00e1s j\u00e1t\u00e9k\u00e1nak modern form\u00e1i, a PR, a kommunik\u00e1ci\u00f3, a branding nek\u00fcnk, magyaroknak nem siker\u00fclnek el\u00e9g j\u00f3l. Van egy magyar mentalit\u00e1s: ha nem \u00e9rtenek benn\u00fcnket, akkor nem \u00e9rtenek benn\u00fcnket, ez az \u0151 probl\u00e9m\u00e1juk.\u00a0\u00a0<br \/>\nA magyaroknak kifinomult geopolitikai \u00e9rz\u00e9k\u00fck van.<br \/>\nA magyarok szinte sportot \u0171ztek kor\u00e1bban is \u00e9s \u0171znek ma is abb\u00f3l, hogy hogyan lehet egy-egy k\u00e9rd\u00e9sr\u0151l eg\u00e9szen m\u00e1sk\u00e9nt gondolkodni, mint b\u00e1rki m\u00e1s gondolkodik a vil\u00e1gon. Mi, magyarok szeret\u00fcnk ott keresni utat, ahol m\u00e1sok csak a boz\u00f3tot l\u00e1tj\u00e1k.<br \/>\nAz a magyar, akinek az unok\u00e1ja is magyar lesz.\u00a0<br \/>\nMi, magyarok nem akarunk lehetetlen dolgokat; \u00e9ppen ellenkez\u0151leg: nagyon is egyszer\u0171 dolgokat akarunk.<br \/>\nMi, magyarok a szabads\u00e1g n\u00e9pe, egy k\u00fcl\u00f6nleges szabads\u00e1gnemzet vagyunk.\u00a0<br \/>\nMi, magyarok egyenes gerinccel, felvetett fejjel \u00e9s felemelt sz\u00edvvel \u00e1llunk az eur\u00f3pai n\u00e9pek csal\u00e1dj\u00e1ban.<br \/>\nMagyarorsz\u00e1gon most m\u00e1r el\u00e9rte a fejleszt\u0151 m\u00e9rn\u00f6k\u00f6k sz\u00e1ma a t\u00edzezret, a high-tech m\u00e9rn\u00f6k\u00f6k sz\u00e1ma is el\u00e9rte a t\u00edzezret, teh\u00e1t er\u0151sek vagyunk az iparban is, de az igazs\u00e1g az, hogy az nek\u00fcnk idegen p\u00e1lya. A hazai p\u00e1lya a mez\u0151gazdas\u00e1g.<\/p>\n<p>Magyarok vagyunk, \u00e9s szerintem igaz r\u00e1nk az a gondolat, hogy a saj\u00e1t magunk siker\u00e9nek mi magunk vagyunk a legnagyobb ellens\u00e9gei, teh\u00e1t mi egy olyan orsz\u00e1g vagyunk, amely a legnagyobb sikereir\u0151l is be tudja bizony\u00edtani, hogy nem is akkora nagy siker, igaz\u00e1b\u00f3l v\u00e9letlen\u00fcl t\u00f6rt\u00e9nt.<br \/>\nLehet, hogy ez nem sz\u00e9p, tal\u00e1n a kereszt\u00e9ny al\u00e1zatnak sem mindenben felel meg, de m\u00e9gis a nyugatiakkal folytatott vit\u00e1ban mi, magyarok erk\u00f6lcsi f\u00f6l\u00e9nyben \u00e9rezz\u00fck magunkat.\u00a0\u00a0<br \/>\nAz igazi nagy utaz\u00e1s m\u00e9g v\u00e1r a magyarokra. \u00c9s a legnagyobb gy\u0151zelmek m\u00e9g csak most j\u00f6nnek. Ne szem\u00e9rmeskedj\u00fcnk, mondjuk ki ny\u00edltan, szerencs\u00e9sen \u00e1llnak egy\u00fctt a csillagok, \u00e9s minden nap \u00e9rezhetj\u00fck, ha \u00e9rdemtelen\u00fcl is, de rajtunk van a Gondvisel\u00e9s \u00e1ld\u00e1sa. Magyarorsz\u00e1g mindenek el\u0151tt, a J\u00f3isten mindannyiunk f\u00f6l\u00f6tt! Hajr\u00e1, Magyarorsz\u00e1g, hajr\u00e1, magyarok!\u00a0<br \/>\n<br \/>\n<!--noindex--><br \/>\n<a href=\"https:\/\/hirek.oldal.info\/rssclick\/14416164\" rel=\"nofollow\">Source link <\/a><br \/>\n<!--\/noindex--><\/p>\n","protected":false},"excerpt":{"rendered":"<p>Mi, magyarok Orb\u00e1n Viktor szerint ilyenek vagyunk. Magadra ismersz? Mi, magyarok a f\u00fcl\u00fcnkben egy v\u00e9szcseng\u0151vel \u00e9l\u00fcnk. Mindig is azt gondoltam, hogy a szerb egy nagyvonal\u00fa n\u00e9p. Mi, magyarok is szeret\u00fcnk \u00edgy gondolni saj\u00e1t magunkra, \u00e9s mindig f\u00f6lemel\u0151 pillanat, hogyha \u00f6n\u00e9rdek n\u00e9lk\u00fcl, csak a sz\u00e9ps\u00e9g\u00e9rt \u00e9s a j\u00f3s\u00e1g\u00e9rt tehet\u00fcnk valamit. Nek\u00fcnk, magyaroknak ak\u00e1rkit akarunk meg\u00e9rteni, csak [&hellip;]<\/p>\n","protected":false},"author":2,"featured_media":2394,"comment_status":"open","ping_status":"open","sticky":false,"template":"","format":"standard","meta":{"footnotes":""},"categories":[1],"tags":[],"class_list":["post-2393","post","type-post","status-publish","format-standard","has-post-thumbnail","hentry","category-legujabb-penzugyi-hirek"],"yoast_head":"<!-- This site is optimized with the Yoast SEO plugin v27.4 - https:\/\/yoast.com\/product\/yoast-seo-wordpress\/ -->\n<title>T\u00f6ltsd ki Orb\u00e1n Viktor nemzetkarakterol\u00f3giai megatesztj\u00e9t! - Hot News in World<\/title>\n<meta name=\"robots\" content=\"index, follow, max-snippet:-1, max-image-preview:large, max-video-preview:-1\" \/>\n<link rel=\"canonical\" href=\"https:\/\/hotnewsinworld.com\/hu\/toltsd-ki-orban-viktor-nemzetkarakterologiai-megatesztjet\/\" \/>\n<meta property=\"og:locale\" content=\"hu_HU\" \/>\n<meta property=\"og:type\" content=\"article\" \/>\n<meta property=\"og:title\" content=\"T\u00f6ltsd ki Orb\u00e1n Viktor nemzetkarakterol\u00f3giai megatesztj\u00e9t! - Hot News in World\" \/>\n<meta property=\"og:description\" content=\"Mi, magyarok Orb\u00e1n Viktor szerint ilyenek vagyunk. Magadra ismersz? Mi, magyarok a f\u00fcl\u00fcnkben egy v\u00e9szcseng\u0151vel \u00e9l\u00fcnk. Mindig is azt gondoltam, hogy a szerb egy nagyvonal\u00fa n\u00e9p. Mi, magyarok is szeret\u00fcnk \u00edgy gondolni saj\u00e1t magunkra, \u00e9s mindig f\u00f6lemel\u0151 pillanat, hogyha \u00f6n\u00e9rdek n\u00e9lk\u00fcl, csak a sz\u00e9ps\u00e9g\u00e9rt \u00e9s a j\u00f3s\u00e1g\u00e9rt tehet\u00fcnk valamit. Nek\u00fcnk, magyaroknak ak\u00e1rkit akarunk meg\u00e9rteni, csak [&hellip;]\" \/>\n<meta property=\"og:url\" content=\"https:\/\/hotnewsinworld.com\/hu\/toltsd-ki-orban-viktor-nemzetkarakterologiai-megatesztjet\/\" \/>\n<meta property=\"og:site_name\" content=\"Hot News in World\" \/>\n<meta property=\"article:published_time\" content=\"2019-09-21T16:40:49+00:00\" \/>\n<meta property=\"article:modified_time\" content=\"2019-09-21T16:40:51+00:00\" \/>\n<meta property=\"og:image\" content=\"https:\/\/hotnewsinworld.com\/hu\/wp-content\/uploads\/sites\/3\/2019\/09\/T\u00f6ltsd-ki-Orb\u00e1n-Viktor-nemzetkarakterol\u00f3giai-megatesztj\u00e9t.jpeg\" \/>\n\t<meta property=\"og:image:width\" content=\"688\" \/>\n\t<meta property=\"og:image:height\" content=\"632\" \/>\n\t<meta property=\"og:image:type\" content=\"image\/jpeg\" \/>\n<meta name=\"author\" content=\"hotnewsinworld\" \/>\n<meta name=\"twitter:card\" content=\"summary_large_image\" \/>\n<meta name=\"twitter:label1\" content=\"Szerz\u0151:\" \/>\n\t<meta name=\"twitter:data1\" content=\"hotnewsinworld\" \/>\n\t<meta name=\"twitter:label2\" content=\"Becs\u00fclt olvas\u00e1si id\u0151\" \/>\n\t<meta name=\"twitter:data2\" content=\"5 perc\" \/>\n<script type=\"application\/ld+json\" class=\"yoast-schema-graph\">{\"@context\":\"https:\\\/\\\/schema.org\",\"@graph\":[{\"@type\":\"Article\",\"@id\":\"https:\\\/\\\/hotnewsinworld.com\\\/hu\\\/toltsd-ki-orban-viktor-nemzetkarakterologiai-megatesztjet\\\/#article\",\"isPartOf\":{\"@id\":\"https:\\\/\\\/hotnewsinworld.com\\\/hu\\\/toltsd-ki-orban-viktor-nemzetkarakterologiai-megatesztjet\\\/\"},\"author\":{\"name\":\"hotnewsinworld\",\"@id\":\"https:\\\/\\\/hotnewsinworld.com\\\/hu\\\/#\\\/schema\\\/person\\\/fe61448b21c0d59086e75fcc1f9d8f6b\"},\"headline\":\"T\u00f6ltsd ki Orb\u00e1n Viktor nemzetkarakterol\u00f3giai megatesztj\u00e9t!\",\"datePublished\":\"2019-09-21T16:40:49+00:00\",\"dateModified\":\"2019-09-21T16:40:51+00:00\",\"mainEntityOfPage\":{\"@id\":\"https:\\\/\\\/hotnewsinworld.com\\\/hu\\\/toltsd-ki-orban-viktor-nemzetkarakterologiai-megatesztjet\\\/\"},\"wordCount\":1058,\"commentCount\":0,\"image\":{\"@id\":\"https:\\\/\\\/hotnewsinworld.com\\\/hu\\\/toltsd-ki-orban-viktor-nemzetkarakterologiai-megatesztjet\\\/#primaryimage\"},\"thumbnailUrl\":\"https:\\\/\\\/hotnewsinworld.com\\\/hu\\\/wp-content\\\/uploads\\\/sites\\\/3\\\/2019\\\/09\\\/T\u00f6ltsd-ki-Orb\u00e1n-Viktor-nemzetkarakterol\u00f3giai-megatesztj\u00e9t.jpeg\",\"articleSection\":[\"LEG\u00daJABB P\u00c9NZ\u00dcGYI H\u00cdREK\"],\"inLanguage\":\"hu\",\"potentialAction\":[{\"@type\":\"CommentAction\",\"name\":\"Comment\",\"target\":[\"https:\\\/\\\/hotnewsinworld.com\\\/hu\\\/toltsd-ki-orban-viktor-nemzetkarakterologiai-megatesztjet\\\/#respond\"]}]},{\"@type\":\"WebPage\",\"@id\":\"https:\\\/\\\/hotnewsinworld.com\\\/hu\\\/toltsd-ki-orban-viktor-nemzetkarakterologiai-megatesztjet\\\/\",\"url\":\"https:\\\/\\\/hotnewsinworld.com\\\/hu\\\/toltsd-ki-orban-viktor-nemzetkarakterologiai-megatesztjet\\\/\",\"name\":\"T\u00f6ltsd ki Orb\u00e1n Viktor nemzetkarakterol\u00f3giai megatesztj\u00e9t! - Hot News in World\",\"isPartOf\":{\"@id\":\"https:\\\/\\\/hotnewsinworld.com\\\/hu\\\/#website\"},\"primaryImageOfPage\":{\"@id\":\"https:\\\/\\\/hotnewsinworld.com\\\/hu\\\/toltsd-ki-orban-viktor-nemzetkarakterologiai-megatesztjet\\\/#primaryimage\"},\"image\":{\"@id\":\"https:\\\/\\\/hotnewsinworld.com\\\/hu\\\/toltsd-ki-orban-viktor-nemzetkarakterologiai-megatesztjet\\\/#primaryimage\"},\"thumbnailUrl\":\"https:\\\/\\\/hotnewsinworld.com\\\/hu\\\/wp-content\\\/uploads\\\/sites\\\/3\\\/2019\\\/09\\\/T\u00f6ltsd-ki-Orb\u00e1n-Viktor-nemzetkarakterol\u00f3giai-megatesztj\u00e9t.jpeg\",\"datePublished\":\"2019-09-21T16:40:49+00:00\",\"dateModified\":\"2019-09-21T16:40:51+00:00\",\"author\":{\"@id\":\"https:\\\/\\\/hotnewsinworld.com\\\/hu\\\/#\\\/schema\\\/person\\\/fe61448b21c0d59086e75fcc1f9d8f6b\"},\"breadcrumb\":{\"@id\":\"https:\\\/\\\/hotnewsinworld.com\\\/hu\\\/toltsd-ki-orban-viktor-nemzetkarakterologiai-megatesztjet\\\/#breadcrumb\"},\"inLanguage\":\"hu\",\"potentialAction\":[{\"@type\":\"ReadAction\",\"target\":[\"https:\\\/\\\/hotnewsinworld.com\\\/hu\\\/toltsd-ki-orban-viktor-nemzetkarakterologiai-megatesztjet\\\/\"]}]},{\"@type\":\"ImageObject\",\"inLanguage\":\"hu\",\"@id\":\"https:\\\/\\\/hotnewsinworld.com\\\/hu\\\/toltsd-ki-orban-viktor-nemzetkarakterologiai-megatesztjet\\\/#primaryimage\",\"url\":\"https:\\\/\\\/hotnewsinworld.com\\\/hu\\\/wp-content\\\/uploads\\\/sites\\\/3\\\/2019\\\/09\\\/T\u00f6ltsd-ki-Orb\u00e1n-Viktor-nemzetkarakterol\u00f3giai-megatesztj\u00e9t.jpeg\",\"contentUrl\":\"https:\\\/\\\/hotnewsinworld.com\\\/hu\\\/wp-content\\\/uploads\\\/sites\\\/3\\\/2019\\\/09\\\/T\u00f6ltsd-ki-Orb\u00e1n-Viktor-nemzetkarakterol\u00f3giai-megatesztj\u00e9t.jpeg\",\"width\":688,\"height\":632,\"caption\":\"T\u00f6ltsd ki Orb\u00e1n Viktor nemzetkarakterol\u00f3giai megatesztj\u00e9t!\"},{\"@type\":\"BreadcrumbList\",\"@id\":\"https:\\\/\\\/hotnewsinworld.com\\\/hu\\\/toltsd-ki-orban-viktor-nemzetkarakterologiai-megatesztjet\\\/#breadcrumb\",\"itemListElement\":[{\"@type\":\"ListItem\",\"position\":1,\"name\":\"\u0413\u043b\u0430\u0432\u043d\u0430\u044f \u0441\u0442\u0440\u0430\u043d\u0438\u0446\u0430\",\"item\":\"https:\\\/\\\/hotnewsinworld.com\\\/hu\\\/\"},{\"@type\":\"ListItem\",\"position\":2,\"name\":\"T\u00f6ltsd ki Orb\u00e1n Viktor nemzetkarakterol\u00f3giai megatesztj\u00e9t!\"}]},{\"@type\":\"WebSite\",\"@id\":\"https:\\\/\\\/hotnewsinworld.com\\\/hu\\\/#website\",\"url\":\"https:\\\/\\\/hotnewsinworld.com\\\/hu\\\/\",\"name\":\"Hot News in World\",\"description\":\"Hot News in World from Hungary\",\"potentialAction\":[{\"@type\":\"SearchAction\",\"target\":{\"@type\":\"EntryPoint\",\"urlTemplate\":\"https:\\\/\\\/hotnewsinworld.com\\\/hu\\\/?s={search_term_string}\"},\"query-input\":{\"@type\":\"PropertyValueSpecification\",\"valueRequired\":true,\"valueName\":\"search_term_string\"}}],\"inLanguage\":\"hu\"},{\"@type\":\"Person\",\"@id\":\"https:\\\/\\\/hotnewsinworld.com\\\/hu\\\/#\\\/schema\\\/person\\\/fe61448b21c0d59086e75fcc1f9d8f6b\",\"name\":\"hotnewsinworld\",\"image\":{\"@type\":\"ImageObject\",\"inLanguage\":\"hu\",\"@id\":\"https:\\\/\\\/secure.gravatar.com\\\/avatar\\\/8a09ac165600ce2e1c38fe593c63928eb1e6e7ba5c5a907d67787c41b3d00c14?s=96&d=mm&r=g\",\"url\":\"https:\\\/\\\/secure.gravatar.com\\\/avatar\\\/8a09ac165600ce2e1c38fe593c63928eb1e6e7ba5c5a907d67787c41b3d00c14?s=96&d=mm&r=g\",\"contentUrl\":\"https:\\\/\\\/secure.gravatar.com\\\/avatar\\\/8a09ac165600ce2e1c38fe593c63928eb1e6e7ba5c5a907d67787c41b3d00c14?s=96&d=mm&r=g\",\"caption\":\"hotnewsinworld\"},\"url\":\"https:\\\/\\\/hotnewsinworld.com\\\/hu\\\/author\\\/pt\\\/\"}]}<\/script>\n<!-- \/ Yoast SEO plugin. -->","yoast_head_json":{"title":"T\u00f6ltsd ki Orb\u00e1n Viktor nemzetkarakterol\u00f3giai megatesztj\u00e9t! - Hot News in World","robots":{"index":"index","follow":"follow","max-snippet":"max-snippet:-1","max-image-preview":"max-image-preview:large","max-video-preview":"max-video-preview:-1"},"canonical":"https:\/\/hotnewsinworld.com\/hu\/toltsd-ki-orban-viktor-nemzetkarakterologiai-megatesztjet\/","og_locale":"hu_HU","og_type":"article","og_title":"T\u00f6ltsd ki Orb\u00e1n Viktor nemzetkarakterol\u00f3giai megatesztj\u00e9t! - Hot News in World","og_description":"Mi, magyarok Orb\u00e1n Viktor szerint ilyenek vagyunk. Magadra ismersz? Mi, magyarok a f\u00fcl\u00fcnkben egy v\u00e9szcseng\u0151vel \u00e9l\u00fcnk. Mindig is azt gondoltam, hogy a szerb egy nagyvonal\u00fa n\u00e9p. Mi, magyarok is szeret\u00fcnk \u00edgy gondolni saj\u00e1t magunkra, \u00e9s mindig f\u00f6lemel\u0151 pillanat, hogyha \u00f6n\u00e9rdek n\u00e9lk\u00fcl, csak a sz\u00e9ps\u00e9g\u00e9rt \u00e9s a j\u00f3s\u00e1g\u00e9rt tehet\u00fcnk valamit. Nek\u00fcnk, magyaroknak ak\u00e1rkit akarunk meg\u00e9rteni, csak [&hellip;]","og_url":"https:\/\/hotnewsinworld.com\/hu\/toltsd-ki-orban-viktor-nemzetkarakterologiai-megatesztjet\/","og_site_name":"Hot News in World","article_published_time":"2019-09-21T16:40:49+00:00","article_modified_time":"2019-09-21T16:40:51+00:00","og_image":[{"width":688,"height":632,"url":"https:\/\/hotnewsinworld.com\/hu\/wp-content\/uploads\/sites\/3\/2019\/09\/T\u00f6ltsd-ki-Orb\u00e1n-Viktor-nemzetkarakterol\u00f3giai-megatesztj\u00e9t.jpeg","type":"image\/jpeg"}],"author":"hotnewsinworld","twitter_card":"summary_large_image","twitter_misc":{"Szerz\u0151:":"hotnewsinworld","Becs\u00fclt olvas\u00e1si id\u0151":"5 perc"},"schema":{"@context":"https:\/\/schema.org","@graph":[{"@type":"Article","@id":"https:\/\/hotnewsinworld.com\/hu\/toltsd-ki-orban-viktor-nemzetkarakterologiai-megatesztjet\/#article","isPartOf":{"@id":"https:\/\/hotnewsinworld.com\/hu\/toltsd-ki-orban-viktor-nemzetkarakterologiai-megatesztjet\/"},"author":{"name":"hotnewsinworld","@id":"https:\/\/hotnewsinworld.com\/hu\/#\/schema\/person\/fe61448b21c0d59086e75fcc1f9d8f6b"},"headline":"T\u00f6ltsd ki Orb\u00e1n Viktor nemzetkarakterol\u00f3giai megatesztj\u00e9t!","datePublished":"2019-09-21T16:40:49+00:00","dateModified":"2019-09-21T16:40:51+00:00","mainEntityOfPage":{"@id":"https:\/\/hotnewsinworld.com\/hu\/toltsd-ki-orban-viktor-nemzetkarakterologiai-megatesztjet\/"},"wordCount":1058,"commentCount":0,"image":{"@id":"https:\/\/hotnewsinworld.com\/hu\/toltsd-ki-orban-viktor-nemzetkarakterologiai-megatesztjet\/#primaryimage"},"thumbnailUrl":"https:\/\/hotnewsinworld.com\/hu\/wp-content\/uploads\/sites\/3\/2019\/09\/T\u00f6ltsd-ki-Orb\u00e1n-Viktor-nemzetkarakterol\u00f3giai-megatesztj\u00e9t.jpeg","articleSection":["LEG\u00daJABB P\u00c9NZ\u00dcGYI H\u00cdREK"],"inLanguage":"hu","potentialAction":[{"@type":"CommentAction","name":"Comment","target":["https:\/\/hotnewsinworld.com\/hu\/toltsd-ki-orban-viktor-nemzetkarakterologiai-megatesztjet\/#respond"]}]},{"@type":"WebPage","@id":"https:\/\/hotnewsinworld.com\/hu\/toltsd-ki-orban-viktor-nemzetkarakterologiai-megatesztjet\/","url":"https:\/\/hotnewsinworld.com\/hu\/toltsd-ki-orban-viktor-nemzetkarakterologiai-megatesztjet\/","name":"T\u00f6ltsd ki Orb\u00e1n Viktor nemzetkarakterol\u00f3giai megatesztj\u00e9t! - Hot News in World","isPartOf":{"@id":"https:\/\/hotnewsinworld.com\/hu\/#website"},"primaryImageOfPage":{"@id":"https:\/\/hotnewsinworld.com\/hu\/toltsd-ki-orban-viktor-nemzetkarakterologiai-megatesztjet\/#primaryimage"},"image":{"@id":"https:\/\/hotnewsinworld.com\/hu\/toltsd-ki-orban-viktor-nemzetkarakterologiai-megatesztjet\/#primaryimage"},"thumbnailUrl":"https:\/\/hotnewsinworld.com\/hu\/wp-content\/uploads\/sites\/3\/2019\/09\/T\u00f6ltsd-ki-Orb\u00e1n-Viktor-nemzetkarakterol\u00f3giai-megatesztj\u00e9t.jpeg","datePublished":"2019-09-21T16:40:49+00:00","dateModified":"2019-09-21T16:40:51+00:00","author":{"@id":"https:\/\/hotnewsinworld.com\/hu\/#\/schema\/person\/fe61448b21c0d59086e75fcc1f9d8f6b"},"breadcrumb":{"@id":"https:\/\/hotnewsinworld.com\/hu\/toltsd-ki-orban-viktor-nemzetkarakterologiai-megatesztjet\/#breadcrumb"},"inLanguage":"hu","potentialAction":[{"@type":"ReadAction","target":["https:\/\/hotnewsinworld.com\/hu\/toltsd-ki-orban-viktor-nemzetkarakterologiai-megatesztjet\/"]}]},{"@type":"ImageObject","inLanguage":"hu","@id":"https:\/\/hotnewsinworld.com\/hu\/toltsd-ki-orban-viktor-nemzetkarakterologiai-megatesztjet\/#primaryimage","url":"https:\/\/hotnewsinworld.com\/hu\/wp-content\/uploads\/sites\/3\/2019\/09\/T\u00f6ltsd-ki-Orb\u00e1n-Viktor-nemzetkarakterol\u00f3giai-megatesztj\u00e9t.jpeg","contentUrl":"https:\/\/hotnewsinworld.com\/hu\/wp-content\/uploads\/sites\/3\/2019\/09\/T\u00f6ltsd-ki-Orb\u00e1n-Viktor-nemzetkarakterol\u00f3giai-megatesztj\u00e9t.jpeg","width":688,"height":632,"caption":"T\u00f6ltsd ki Orb\u00e1n Viktor nemzetkarakterol\u00f3giai megatesztj\u00e9t!"},{"@type":"BreadcrumbList","@id":"https:\/\/hotnewsinworld.com\/hu\/toltsd-ki-orban-viktor-nemzetkarakterologiai-megatesztjet\/#breadcrumb","itemListElement":[{"@type":"ListItem","position":1,"name":"\u0413\u043b\u0430\u0432\u043d\u0430\u044f \u0441\u0442\u0440\u0430\u043d\u0438\u0446\u0430","item":"https:\/\/hotnewsinworld.com\/hu\/"},{"@type":"ListItem","position":2,"name":"T\u00f6ltsd ki Orb\u00e1n Viktor nemzetkarakterol\u00f3giai megatesztj\u00e9t!"}]},{"@type":"WebSite","@id":"https:\/\/hotnewsinworld.com\/hu\/#website","url":"https:\/\/hotnewsinworld.com\/hu\/","name":"Hot News in World","description":"Hot News in World from Hungary","potentialAction":[{"@type":"SearchAction","target":{"@type":"EntryPoint","urlTemplate":"https:\/\/hotnewsinworld.com\/hu\/?s={search_term_string}"},"query-input":{"@type":"PropertyValueSpecification","valueRequired":true,"valueName":"search_term_string"}}],"inLanguage":"hu"},{"@type":"Person","@id":"https:\/\/hotnewsinworld.com\/hu\/#\/schema\/person\/fe61448b21c0d59086e75fcc1f9d8f6b","name":"hotnewsinworld","image":{"@type":"ImageObject","inLanguage":"hu","@id":"https:\/\/secure.gravatar.com\/avatar\/8a09ac165600ce2e1c38fe593c63928eb1e6e7ba5c5a907d67787c41b3d00c14?s=96&d=mm&r=g","url":"https:\/\/secure.gravatar.com\/avatar\/8a09ac165600ce2e1c38fe593c63928eb1e6e7ba5c5a907d67787c41b3d00c14?s=96&d=mm&r=g","contentUrl":"https:\/\/secure.gravatar.com\/avatar\/8a09ac165600ce2e1c38fe593c63928eb1e6e7ba5c5a907d67787c41b3d00c14?s=96&d=mm&r=g","caption":"hotnewsinworld"},"url":"https:\/\/hotnewsinworld.com\/hu\/author\/pt\/"}]}},"_links":{"self":[{"href":"https:\/\/hotnewsinworld.com\/hu\/wp-json\/wp\/v2\/posts\/2393","targetHints":{"allow":["GET"]}}],"collection":[{"href":"https:\/\/hotnewsinworld.com\/hu\/wp-json\/wp\/v2\/posts"}],"about":[{"href":"https:\/\/hotnewsinworld.com\/hu\/wp-json\/wp\/v2\/types\/post"}],"author":[{"embeddable":true,"href":"https:\/\/hotnewsinworld.com\/hu\/wp-json\/wp\/v2\/users\/2"}],"replies":[{"embeddable":true,"href":"https:\/\/hotnewsinworld.com\/hu\/wp-json\/wp\/v2\/comments?post=2393"}],"version-history":[{"count":1,"href":"https:\/\/hotnewsinworld.com\/hu\/wp-json\/wp\/v2\/posts\/2393\/revisions"}],"predecessor-version":[{"id":2395,"href":"https:\/\/hotnewsinworld.com\/hu\/wp-json\/wp\/v2\/posts\/2393\/revisions\/2395"}],"wp:featuredmedia":[{"embeddable":true,"href":"https:\/\/hotnewsinworld.com\/hu\/wp-json\/wp\/v2\/media\/2394"}],"wp:attachment":[{"href":"https:\/\/hotnewsinworld.com\/hu\/wp-json\/wp\/v2\/media?parent=2393"}],"wp:term":[{"taxonomy":"category","embeddable":true,"href":"https:\/\/hotnewsinworld.com\/hu\/wp-json\/wp\/v2\/categories?post=2393"},{"taxonomy":"post_tag","embeddable":true,"href":"https:\/\/hotnewsinworld.com\/hu\/wp-json\/wp\/v2\/tags?post=2393"}],"curies":[{"name":"wp","href":"https:\/\/api.w.org\/{rel}","templated":true}]}}