{"id":2396,"date":"2019-09-21T21:09:54","date_gmt":"2019-09-21T18:09:54","guid":{"rendered":"https:\/\/hotnewsinworld.com\/hu\/a-nemzet-vezetoiert-kellett-imadkoznia-hatszaz-gyereknek-a-parlamentben\/"},"modified":"2019-09-21T21:09:55","modified_gmt":"2019-09-21T18:09:55","slug":"a-nemzet-vezetoiert-kellett-imadkoznia-hatszaz-gyereknek-a-parlamentben","status":"publish","type":"post","link":"https:\/\/hotnewsinworld.com\/hu\/a-nemzet-vezetoiert-kellett-imadkoznia-hatszaz-gyereknek-a-parlamentben\/","title":{"rendered":"A &#8222;nemzet vezet\u0151i\u00e9rt&#8221; kellett im\u00e1dkoznia hatsz\u00e1z gyereknek a parlamentben"},"content":{"rendered":"<p>            Magyarorsz\u00e1gi \u00fajraindul\u00e1s\u00e1nak tizedik \u00e9vfordul\u00f3j\u00e1t \u00fcnnepelte a P\u00e1pai Misszi\u00f3s M\u0171vek Szent Gyermeks\u00e9g M\u0171ve szombaton Budapesten.<\/p>\n<p>A Szent Istv\u00e1n-bazilik\u00e1ban mintegy hatsz\u00e1z gyerek vett r\u00e9szt a mis\u00e9n, majd l\u00e1togatta meg az Orsz\u00e1gh\u00e1zat, ahol k\u00f6z\u00f6sen im\u00e1dkoztak<br \/>\n&#13;<br \/>\na nemzet\u00e9rt, vezet\u0151i\u00e9rt, a kereszt\u00e9nys\u00e9g\u00e9rt.&#13;<\/p>\n<p>Solt\u00e9sz Mikl\u00f3s, a Minisztereln\u00f6ks\u00e9g egyh\u00e1zi \u00e9s nemzetis\u00e9gi kapcsolatok\u00e9rt felel\u0151s \u00e1llamtitk\u00e1ra a felel\u0151ss\u00e9g fontoss\u00e1g\u00e1t hangs\u00falyozta a Parlamentben. Azt mondta, hogy<br \/>\n&#13;<br \/>\naz iskol\u00e1ban \u00e9s a templomban sok mindent megtan\u00edtanak, de a felel\u0151ss\u00e9g gyakran kimarad a nevel\u00e9sb\u0151l.&#13;<\/p>\n<p>Az \u00e1llamtitk\u00e1r arra biztatta a fiatalokat, hogy a feln\u0151tt korra felel\u0151ss\u00e9gtudattal k\u00e9sz\u00fcljenek, el\u0151sz\u00f6r is saj\u00e1t maguk\u00e9rt.<br \/>\nHa ezt meg tudj\u00e1k tanulni, maguk\u00e9v\u00e1 tudj\u00e1k tenni, akkor nagyszer\u0171 tagjai lehetnek mind a magyar nemzetnek, mind a kereszt\u00e9nys\u00e9gnek, mind pedig a saj\u00e1t csal\u00e1djuknak:<br \/>\n&#13;<br \/>\n\u00e9desap\u00e1k, \u00e9desany\u00e1k, vezet\u0151k, tan\u00edt\u00f3k, s\u0151t rem\u00e9lhet\u0151leg min\u00e9l t\u00f6bben papok, szerzetesek&#13;<\/p>\n<p>&#8211; fogalmazott Solt\u00e9sz Mikl\u00f3s.<br \/>\nFot\u00f3: MTI\/Kov\u00e1cs Attila<br \/>\nAz \u00e1llamtitk\u00e1r arra buzd\u00edtotta a jelenl\u00e9v\u0151ket, hogy legyenek b\u00fcszk\u00e9k a Szent Koron\u00e1ra, a Parlamentre, valamint<br \/>\n&#13;<br \/>\nv\u00e1llalj\u00e1k fel a kereszt\u00e9ny \u00e9letm\u00f3dot, ezzel ugyanis nem vesz\u00edtenek semmit, s\u0151t rengeteget nyernek.&#13;<\/p>\n<p>Solt\u00e9sz Mikl\u00f3s az Orsz\u00e1gh\u00e1z tervez\u0151j\u00e9t m\u00e9ltatva nagyszer\u0171 \u00e9p\u00edt\u00e9sznek nevezte Steindl Imr\u00e9t.<br \/>\nA parlamenti \u00fcnneps\u00e9gen t\u00f6bb \u00fczenetet is felolvastak: \u00c1der J\u00e1nos k\u00f6zt\u00e1rsas\u00e1gi eln\u00f6k \u00e9s K\u00f6v\u00e9r L\u00e1szl\u00f3 h\u00e1zeln\u00f6k egyar\u00e1nt k\u00f6sz\u00f6nt\u00f6tte a gyermekeket.<br \/>\nA P\u00e1pai Misszi\u00f3s M\u0171vek honlapja szerint a Szent Gyermeks\u00e9g M\u0171ve \u2013 m\u00e1sk\u00e9ppen a Misszi\u00f3s Gyermekek T\u00e1rsas\u00e1ga \u2013 annak a v\u00e1gynak k\u00f6sz\u00f6nheti nev\u00e9t, hogy a Gyermek J\u00e9zus az oltalma al\u00e1 helyezi \u0151ket. Meg van gy\u0151z\u0151dve arr\u00f3l, hogy a gyermekek szellemi \u00e9s t\u00e1rsadalmi er\u0151t jelenthetnek a vil\u00e1g igazi \u00e1tform\u00e1l\u00e1s\u00e1ban.<br \/>\nA Szent Gyermeks\u00e9g M\u0171ve 1843-ban alakult meg, gyorsan meggy\u00f6kerezett a magyar t\u00e1rsadalomban is. A lend\u00fcletes misszi\u00f3s nevel\u00e9si munka 1948-ban, az egyh\u00e1zi szervezetek betilt\u00e1s\u00e1val teljesen megsz\u0171nt, csup\u00e1n 2009-ben sz\u00fcletett \u00fajra \u2013 olvashat\u00f3 a honlapon.<br \/>\n(MTI)<\/p>\n<p>\n<!--noindex--><br \/>\n<a href=\"https:\/\/hirek.oldal.info\/rssclick\/14416310\" rel=\"nofollow\">Source link <\/a><br \/>\n<!--\/noindex--><\/p>\n","protected":false},"excerpt":{"rendered":"<p>Magyarorsz\u00e1gi \u00fajraindul\u00e1s\u00e1nak tizedik \u00e9vfordul\u00f3j\u00e1t \u00fcnnepelte a P\u00e1pai Misszi\u00f3s M\u0171vek Szent Gyermeks\u00e9g M\u0171ve szombaton Budapesten. A Szent Istv\u00e1n-bazilik\u00e1ban mintegy hatsz\u00e1z gyerek vett r\u00e9szt a mis\u00e9n, majd l\u00e1togatta meg az Orsz\u00e1gh\u00e1zat, ahol k\u00f6z\u00f6sen im\u00e1dkoztak &#13; a nemzet\u00e9rt, vezet\u0151i\u00e9rt, a kereszt\u00e9nys\u00e9g\u00e9rt.&#13; Solt\u00e9sz Mikl\u00f3s, a Minisztereln\u00f6ks\u00e9g egyh\u00e1zi \u00e9s nemzetis\u00e9gi kapcsolatok\u00e9rt felel\u0151s \u00e1llamtitk\u00e1ra a felel\u0151ss\u00e9g fontoss\u00e1g\u00e1t hangs\u00falyozta a Parlamentben. Azt [&hellip;]<\/p>\n","protected":false},"author":2,"featured_media":2397,"comment_status":"open","ping_status":"open","sticky":false,"template":"","format":"standard","meta":{"footnotes":""},"categories":[1],"tags":[],"class_list":["post-2396","post","type-post","status-publish","format-standard","has-post-thumbnail","hentry","category-legujabb-penzugyi-hirek"],"yoast_head":"<!-- This site is optimized with the Yoast SEO plugin v27.4 - https:\/\/yoast.com\/product\/yoast-seo-wordpress\/ -->\n<title>A &quot;nemzet vezet\u0151i\u00e9rt&quot; kellett im\u00e1dkoznia hatsz\u00e1z gyereknek a parlamentben - Hot News in World<\/title>\n<meta name=\"robots\" content=\"index, follow, max-snippet:-1, max-image-preview:large, max-video-preview:-1\" \/>\n<link rel=\"canonical\" href=\"https:\/\/hotnewsinworld.com\/hu\/a-nemzet-vezetoiert-kellett-imadkoznia-hatszaz-gyereknek-a-parlamentben\/\" \/>\n<meta property=\"og:locale\" content=\"hu_HU\" \/>\n<meta property=\"og:type\" content=\"article\" \/>\n<meta property=\"og:title\" content=\"A &quot;nemzet vezet\u0151i\u00e9rt&quot; kellett im\u00e1dkoznia hatsz\u00e1z gyereknek a parlamentben - Hot News in World\" \/>\n<meta property=\"og:description\" content=\"Magyarorsz\u00e1gi \u00fajraindul\u00e1s\u00e1nak tizedik \u00e9vfordul\u00f3j\u00e1t \u00fcnnepelte a P\u00e1pai Misszi\u00f3s M\u0171vek Szent Gyermeks\u00e9g M\u0171ve szombaton Budapesten. A Szent Istv\u00e1n-bazilik\u00e1ban mintegy hatsz\u00e1z gyerek vett r\u00e9szt a mis\u00e9n, majd l\u00e1togatta meg az Orsz\u00e1gh\u00e1zat, ahol k\u00f6z\u00f6sen im\u00e1dkoztak &#013; a nemzet\u00e9rt, vezet\u0151i\u00e9rt, a kereszt\u00e9nys\u00e9g\u00e9rt.&#013; Solt\u00e9sz Mikl\u00f3s, a Minisztereln\u00f6ks\u00e9g egyh\u00e1zi \u00e9s nemzetis\u00e9gi kapcsolatok\u00e9rt felel\u0151s \u00e1llamtitk\u00e1ra a felel\u0151ss\u00e9g fontoss\u00e1g\u00e1t hangs\u00falyozta a Parlamentben. Azt [&hellip;]\" \/>\n<meta property=\"og:url\" content=\"https:\/\/hotnewsinworld.com\/hu\/a-nemzet-vezetoiert-kellett-imadkoznia-hatszaz-gyereknek-a-parlamentben\/\" \/>\n<meta property=\"og:site_name\" content=\"Hot News in World\" \/>\n<meta property=\"article:published_time\" content=\"2019-09-21T18:09:54+00:00\" \/>\n<meta property=\"article:modified_time\" content=\"2019-09-21T18:09:55+00:00\" \/>\n<meta property=\"og:image\" content=\"https:\/\/hotnewsinworld.com\/hu\/wp-content\/uploads\/sites\/3\/2019\/09\/A-nemzet-vezet\u0151i\u00e9rt-kellett-im\u00e1dkoznia-hatsz\u00e1z-gyereknek-a-parlamentben.jpg\" \/>\n\t<meta property=\"og:image:width\" content=\"800\" \/>\n\t<meta property=\"og:image:height\" content=\"532\" \/>\n\t<meta property=\"og:image:type\" content=\"image\/jpeg\" \/>\n<meta name=\"author\" content=\"hotnewsinworld\" \/>\n<meta name=\"twitter:card\" content=\"summary_large_image\" \/>\n<meta name=\"twitter:label1\" content=\"Szerz\u0151:\" \/>\n\t<meta name=\"twitter:data1\" content=\"hotnewsinworld\" \/>\n\t<meta name=\"twitter:label2\" content=\"Becs\u00fclt olvas\u00e1si id\u0151\" \/>\n\t<meta name=\"twitter:data2\" content=\"2 perc\" \/>\n<script type=\"application\/ld+json\" class=\"yoast-schema-graph\">{\"@context\":\"https:\\\/\\\/schema.org\",\"@graph\":[{\"@type\":\"Article\",\"@id\":\"https:\\\/\\\/hotnewsinworld.com\\\/hu\\\/a-nemzet-vezetoiert-kellett-imadkoznia-hatszaz-gyereknek-a-parlamentben\\\/#article\",\"isPartOf\":{\"@id\":\"https:\\\/\\\/hotnewsinworld.com\\\/hu\\\/a-nemzet-vezetoiert-kellett-imadkoznia-hatszaz-gyereknek-a-parlamentben\\\/\"},\"author\":{\"name\":\"hotnewsinworld\",\"@id\":\"https:\\\/\\\/hotnewsinworld.com\\\/hu\\\/#\\\/schema\\\/person\\\/fe61448b21c0d59086e75fcc1f9d8f6b\"},\"headline\":\"A &#8222;nemzet vezet\u0151i\u00e9rt&#8221; kellett im\u00e1dkoznia hatsz\u00e1z gyereknek a parlamentben\",\"datePublished\":\"2019-09-21T18:09:54+00:00\",\"dateModified\":\"2019-09-21T18:09:55+00:00\",\"mainEntityOfPage\":{\"@id\":\"https:\\\/\\\/hotnewsinworld.com\\\/hu\\\/a-nemzet-vezetoiert-kellett-imadkoznia-hatszaz-gyereknek-a-parlamentben\\\/\"},\"wordCount\":433,\"commentCount\":0,\"image\":{\"@id\":\"https:\\\/\\\/hotnewsinworld.com\\\/hu\\\/a-nemzet-vezetoiert-kellett-imadkoznia-hatszaz-gyereknek-a-parlamentben\\\/#primaryimage\"},\"thumbnailUrl\":\"https:\\\/\\\/hotnewsinworld.com\\\/hu\\\/wp-content\\\/uploads\\\/sites\\\/3\\\/2019\\\/09\\\/A-nemzet-vezet\u0151i\u00e9rt-kellett-im\u00e1dkoznia-hatsz\u00e1z-gyereknek-a-parlamentben.jpg\",\"articleSection\":[\"LEG\u00daJABB P\u00c9NZ\u00dcGYI H\u00cdREK\"],\"inLanguage\":\"hu\",\"potentialAction\":[{\"@type\":\"CommentAction\",\"name\":\"Comment\",\"target\":[\"https:\\\/\\\/hotnewsinworld.com\\\/hu\\\/a-nemzet-vezetoiert-kellett-imadkoznia-hatszaz-gyereknek-a-parlamentben\\\/#respond\"]}]},{\"@type\":\"WebPage\",\"@id\":\"https:\\\/\\\/hotnewsinworld.com\\\/hu\\\/a-nemzet-vezetoiert-kellett-imadkoznia-hatszaz-gyereknek-a-parlamentben\\\/\",\"url\":\"https:\\\/\\\/hotnewsinworld.com\\\/hu\\\/a-nemzet-vezetoiert-kellett-imadkoznia-hatszaz-gyereknek-a-parlamentben\\\/\",\"name\":\"A \\\"nemzet vezet\u0151i\u00e9rt\\\" kellett im\u00e1dkoznia hatsz\u00e1z gyereknek a parlamentben - Hot News in World\",\"isPartOf\":{\"@id\":\"https:\\\/\\\/hotnewsinworld.com\\\/hu\\\/#website\"},\"primaryImageOfPage\":{\"@id\":\"https:\\\/\\\/hotnewsinworld.com\\\/hu\\\/a-nemzet-vezetoiert-kellett-imadkoznia-hatszaz-gyereknek-a-parlamentben\\\/#primaryimage\"},\"image\":{\"@id\":\"https:\\\/\\\/hotnewsinworld.com\\\/hu\\\/a-nemzet-vezetoiert-kellett-imadkoznia-hatszaz-gyereknek-a-parlamentben\\\/#primaryimage\"},\"thumbnailUrl\":\"https:\\\/\\\/hotnewsinworld.com\\\/hu\\\/wp-content\\\/uploads\\\/sites\\\/3\\\/2019\\\/09\\\/A-nemzet-vezet\u0151i\u00e9rt-kellett-im\u00e1dkoznia-hatsz\u00e1z-gyereknek-a-parlamentben.jpg\",\"datePublished\":\"2019-09-21T18:09:54+00:00\",\"dateModified\":\"2019-09-21T18:09:55+00:00\",\"author\":{\"@id\":\"https:\\\/\\\/hotnewsinworld.com\\\/hu\\\/#\\\/schema\\\/person\\\/fe61448b21c0d59086e75fcc1f9d8f6b\"},\"breadcrumb\":{\"@id\":\"https:\\\/\\\/hotnewsinworld.com\\\/hu\\\/a-nemzet-vezetoiert-kellett-imadkoznia-hatszaz-gyereknek-a-parlamentben\\\/#breadcrumb\"},\"inLanguage\":\"hu\",\"potentialAction\":[{\"@type\":\"ReadAction\",\"target\":[\"https:\\\/\\\/hotnewsinworld.com\\\/hu\\\/a-nemzet-vezetoiert-kellett-imadkoznia-hatszaz-gyereknek-a-parlamentben\\\/\"]}]},{\"@type\":\"ImageObject\",\"inLanguage\":\"hu\",\"@id\":\"https:\\\/\\\/hotnewsinworld.com\\\/hu\\\/a-nemzet-vezetoiert-kellett-imadkoznia-hatszaz-gyereknek-a-parlamentben\\\/#primaryimage\",\"url\":\"https:\\\/\\\/hotnewsinworld.com\\\/hu\\\/wp-content\\\/uploads\\\/sites\\\/3\\\/2019\\\/09\\\/A-nemzet-vezet\u0151i\u00e9rt-kellett-im\u00e1dkoznia-hatsz\u00e1z-gyereknek-a-parlamentben.jpg\",\"contentUrl\":\"https:\\\/\\\/hotnewsinworld.com\\\/hu\\\/wp-content\\\/uploads\\\/sites\\\/3\\\/2019\\\/09\\\/A-nemzet-vezet\u0151i\u00e9rt-kellett-im\u00e1dkoznia-hatsz\u00e1z-gyereknek-a-parlamentben.jpg\",\"width\":800,\"height\":532,\"caption\":\"A &quot;nemzet vezet\u0151i&eacute;rt&quot; kellett im&aacute;dkoznia hatsz&aacute;z gyereknek a parlamentben\"},{\"@type\":\"BreadcrumbList\",\"@id\":\"https:\\\/\\\/hotnewsinworld.com\\\/hu\\\/a-nemzet-vezetoiert-kellett-imadkoznia-hatszaz-gyereknek-a-parlamentben\\\/#breadcrumb\",\"itemListElement\":[{\"@type\":\"ListItem\",\"position\":1,\"name\":\"\u0413\u043b\u0430\u0432\u043d\u0430\u044f \u0441\u0442\u0440\u0430\u043d\u0438\u0446\u0430\",\"item\":\"https:\\\/\\\/hotnewsinworld.com\\\/hu\\\/\"},{\"@type\":\"ListItem\",\"position\":2,\"name\":\"A &#8220;nemzet vezet\u0151i\u00e9rt&#8221; kellett im\u00e1dkoznia hatsz\u00e1z gyereknek a parlamentben\"}]},{\"@type\":\"WebSite\",\"@id\":\"https:\\\/\\\/hotnewsinworld.com\\\/hu\\\/#website\",\"url\":\"https:\\\/\\\/hotnewsinworld.com\\\/hu\\\/\",\"name\":\"Hot News in World\",\"description\":\"Hot News in World from Hungary\",\"potentialAction\":[{\"@type\":\"SearchAction\",\"target\":{\"@type\":\"EntryPoint\",\"urlTemplate\":\"https:\\\/\\\/hotnewsinworld.com\\\/hu\\\/?s={search_term_string}\"},\"query-input\":{\"@type\":\"PropertyValueSpecification\",\"valueRequired\":true,\"valueName\":\"search_term_string\"}}],\"inLanguage\":\"hu\"},{\"@type\":\"Person\",\"@id\":\"https:\\\/\\\/hotnewsinworld.com\\\/hu\\\/#\\\/schema\\\/person\\\/fe61448b21c0d59086e75fcc1f9d8f6b\",\"name\":\"hotnewsinworld\",\"image\":{\"@type\":\"ImageObject\",\"inLanguage\":\"hu\",\"@id\":\"https:\\\/\\\/secure.gravatar.com\\\/avatar\\\/8a09ac165600ce2e1c38fe593c63928eb1e6e7ba5c5a907d67787c41b3d00c14?s=96&d=mm&r=g\",\"url\":\"https:\\\/\\\/secure.gravatar.com\\\/avatar\\\/8a09ac165600ce2e1c38fe593c63928eb1e6e7ba5c5a907d67787c41b3d00c14?s=96&d=mm&r=g\",\"contentUrl\":\"https:\\\/\\\/secure.gravatar.com\\\/avatar\\\/8a09ac165600ce2e1c38fe593c63928eb1e6e7ba5c5a907d67787c41b3d00c14?s=96&d=mm&r=g\",\"caption\":\"hotnewsinworld\"},\"url\":\"https:\\\/\\\/hotnewsinworld.com\\\/hu\\\/author\\\/pt\\\/\"}]}<\/script>\n<!-- \/ Yoast SEO plugin. -->","yoast_head_json":{"title":"A \"nemzet vezet\u0151i\u00e9rt\" kellett im\u00e1dkoznia hatsz\u00e1z gyereknek a parlamentben - Hot News in World","robots":{"index":"index","follow":"follow","max-snippet":"max-snippet:-1","max-image-preview":"max-image-preview:large","max-video-preview":"max-video-preview:-1"},"canonical":"https:\/\/hotnewsinworld.com\/hu\/a-nemzet-vezetoiert-kellett-imadkoznia-hatszaz-gyereknek-a-parlamentben\/","og_locale":"hu_HU","og_type":"article","og_title":"A \"nemzet vezet\u0151i\u00e9rt\" kellett im\u00e1dkoznia hatsz\u00e1z gyereknek a parlamentben - Hot News in World","og_description":"Magyarorsz\u00e1gi \u00fajraindul\u00e1s\u00e1nak tizedik \u00e9vfordul\u00f3j\u00e1t \u00fcnnepelte a P\u00e1pai Misszi\u00f3s M\u0171vek Szent Gyermeks\u00e9g M\u0171ve szombaton Budapesten. A Szent Istv\u00e1n-bazilik\u00e1ban mintegy hatsz\u00e1z gyerek vett r\u00e9szt a mis\u00e9n, majd l\u00e1togatta meg az Orsz\u00e1gh\u00e1zat, ahol k\u00f6z\u00f6sen im\u00e1dkoztak &#13; a nemzet\u00e9rt, vezet\u0151i\u00e9rt, a kereszt\u00e9nys\u00e9g\u00e9rt.&#13; Solt\u00e9sz Mikl\u00f3s, a Minisztereln\u00f6ks\u00e9g egyh\u00e1zi \u00e9s nemzetis\u00e9gi kapcsolatok\u00e9rt felel\u0151s \u00e1llamtitk\u00e1ra a felel\u0151ss\u00e9g fontoss\u00e1g\u00e1t hangs\u00falyozta a Parlamentben. Azt [&hellip;]","og_url":"https:\/\/hotnewsinworld.com\/hu\/a-nemzet-vezetoiert-kellett-imadkoznia-hatszaz-gyereknek-a-parlamentben\/","og_site_name":"Hot News in World","article_published_time":"2019-09-21T18:09:54+00:00","article_modified_time":"2019-09-21T18:09:55+00:00","og_image":[{"width":800,"height":532,"url":"https:\/\/hotnewsinworld.com\/hu\/wp-content\/uploads\/sites\/3\/2019\/09\/A-nemzet-vezet\u0151i\u00e9rt-kellett-im\u00e1dkoznia-hatsz\u00e1z-gyereknek-a-parlamentben.jpg","type":"image\/jpeg"}],"author":"hotnewsinworld","twitter_card":"summary_large_image","twitter_misc":{"Szerz\u0151:":"hotnewsinworld","Becs\u00fclt olvas\u00e1si id\u0151":"2 perc"},"schema":{"@context":"https:\/\/schema.org","@graph":[{"@type":"Article","@id":"https:\/\/hotnewsinworld.com\/hu\/a-nemzet-vezetoiert-kellett-imadkoznia-hatszaz-gyereknek-a-parlamentben\/#article","isPartOf":{"@id":"https:\/\/hotnewsinworld.com\/hu\/a-nemzet-vezetoiert-kellett-imadkoznia-hatszaz-gyereknek-a-parlamentben\/"},"author":{"name":"hotnewsinworld","@id":"https:\/\/hotnewsinworld.com\/hu\/#\/schema\/person\/fe61448b21c0d59086e75fcc1f9d8f6b"},"headline":"A &#8222;nemzet vezet\u0151i\u00e9rt&#8221; kellett im\u00e1dkoznia hatsz\u00e1z gyereknek a parlamentben","datePublished":"2019-09-21T18:09:54+00:00","dateModified":"2019-09-21T18:09:55+00:00","mainEntityOfPage":{"@id":"https:\/\/hotnewsinworld.com\/hu\/a-nemzet-vezetoiert-kellett-imadkoznia-hatszaz-gyereknek-a-parlamentben\/"},"wordCount":433,"commentCount":0,"image":{"@id":"https:\/\/hotnewsinworld.com\/hu\/a-nemzet-vezetoiert-kellett-imadkoznia-hatszaz-gyereknek-a-parlamentben\/#primaryimage"},"thumbnailUrl":"https:\/\/hotnewsinworld.com\/hu\/wp-content\/uploads\/sites\/3\/2019\/09\/A-nemzet-vezet\u0151i\u00e9rt-kellett-im\u00e1dkoznia-hatsz\u00e1z-gyereknek-a-parlamentben.jpg","articleSection":["LEG\u00daJABB P\u00c9NZ\u00dcGYI H\u00cdREK"],"inLanguage":"hu","potentialAction":[{"@type":"CommentAction","name":"Comment","target":["https:\/\/hotnewsinworld.com\/hu\/a-nemzet-vezetoiert-kellett-imadkoznia-hatszaz-gyereknek-a-parlamentben\/#respond"]}]},{"@type":"WebPage","@id":"https:\/\/hotnewsinworld.com\/hu\/a-nemzet-vezetoiert-kellett-imadkoznia-hatszaz-gyereknek-a-parlamentben\/","url":"https:\/\/hotnewsinworld.com\/hu\/a-nemzet-vezetoiert-kellett-imadkoznia-hatszaz-gyereknek-a-parlamentben\/","name":"A \"nemzet vezet\u0151i\u00e9rt\" kellett im\u00e1dkoznia hatsz\u00e1z gyereknek a parlamentben - Hot News in World","isPartOf":{"@id":"https:\/\/hotnewsinworld.com\/hu\/#website"},"primaryImageOfPage":{"@id":"https:\/\/hotnewsinworld.com\/hu\/a-nemzet-vezetoiert-kellett-imadkoznia-hatszaz-gyereknek-a-parlamentben\/#primaryimage"},"image":{"@id":"https:\/\/hotnewsinworld.com\/hu\/a-nemzet-vezetoiert-kellett-imadkoznia-hatszaz-gyereknek-a-parlamentben\/#primaryimage"},"thumbnailUrl":"https:\/\/hotnewsinworld.com\/hu\/wp-content\/uploads\/sites\/3\/2019\/09\/A-nemzet-vezet\u0151i\u00e9rt-kellett-im\u00e1dkoznia-hatsz\u00e1z-gyereknek-a-parlamentben.jpg","datePublished":"2019-09-21T18:09:54+00:00","dateModified":"2019-09-21T18:09:55+00:00","author":{"@id":"https:\/\/hotnewsinworld.com\/hu\/#\/schema\/person\/fe61448b21c0d59086e75fcc1f9d8f6b"},"breadcrumb":{"@id":"https:\/\/hotnewsinworld.com\/hu\/a-nemzet-vezetoiert-kellett-imadkoznia-hatszaz-gyereknek-a-parlamentben\/#breadcrumb"},"inLanguage":"hu","potentialAction":[{"@type":"ReadAction","target":["https:\/\/hotnewsinworld.com\/hu\/a-nemzet-vezetoiert-kellett-imadkoznia-hatszaz-gyereknek-a-parlamentben\/"]}]},{"@type":"ImageObject","inLanguage":"hu","@id":"https:\/\/hotnewsinworld.com\/hu\/a-nemzet-vezetoiert-kellett-imadkoznia-hatszaz-gyereknek-a-parlamentben\/#primaryimage","url":"https:\/\/hotnewsinworld.com\/hu\/wp-content\/uploads\/sites\/3\/2019\/09\/A-nemzet-vezet\u0151i\u00e9rt-kellett-im\u00e1dkoznia-hatsz\u00e1z-gyereknek-a-parlamentben.jpg","contentUrl":"https:\/\/hotnewsinworld.com\/hu\/wp-content\/uploads\/sites\/3\/2019\/09\/A-nemzet-vezet\u0151i\u00e9rt-kellett-im\u00e1dkoznia-hatsz\u00e1z-gyereknek-a-parlamentben.jpg","width":800,"height":532,"caption":"A &quot;nemzet vezet\u0151i&eacute;rt&quot; kellett im&aacute;dkoznia hatsz&aacute;z gyereknek a parlamentben"},{"@type":"BreadcrumbList","@id":"https:\/\/hotnewsinworld.com\/hu\/a-nemzet-vezetoiert-kellett-imadkoznia-hatszaz-gyereknek-a-parlamentben\/#breadcrumb","itemListElement":[{"@type":"ListItem","position":1,"name":"\u0413\u043b\u0430\u0432\u043d\u0430\u044f \u0441\u0442\u0440\u0430\u043d\u0438\u0446\u0430","item":"https:\/\/hotnewsinworld.com\/hu\/"},{"@type":"ListItem","position":2,"name":"A &#8220;nemzet vezet\u0151i\u00e9rt&#8221; kellett im\u00e1dkoznia hatsz\u00e1z gyereknek a parlamentben"}]},{"@type":"WebSite","@id":"https:\/\/hotnewsinworld.com\/hu\/#website","url":"https:\/\/hotnewsinworld.com\/hu\/","name":"Hot News in World","description":"Hot News in World from Hungary","potentialAction":[{"@type":"SearchAction","target":{"@type":"EntryPoint","urlTemplate":"https:\/\/hotnewsinworld.com\/hu\/?s={search_term_string}"},"query-input":{"@type":"PropertyValueSpecification","valueRequired":true,"valueName":"search_term_string"}}],"inLanguage":"hu"},{"@type":"Person","@id":"https:\/\/hotnewsinworld.com\/hu\/#\/schema\/person\/fe61448b21c0d59086e75fcc1f9d8f6b","name":"hotnewsinworld","image":{"@type":"ImageObject","inLanguage":"hu","@id":"https:\/\/secure.gravatar.com\/avatar\/8a09ac165600ce2e1c38fe593c63928eb1e6e7ba5c5a907d67787c41b3d00c14?s=96&d=mm&r=g","url":"https:\/\/secure.gravatar.com\/avatar\/8a09ac165600ce2e1c38fe593c63928eb1e6e7ba5c5a907d67787c41b3d00c14?s=96&d=mm&r=g","contentUrl":"https:\/\/secure.gravatar.com\/avatar\/8a09ac165600ce2e1c38fe593c63928eb1e6e7ba5c5a907d67787c41b3d00c14?s=96&d=mm&r=g","caption":"hotnewsinworld"},"url":"https:\/\/hotnewsinworld.com\/hu\/author\/pt\/"}]}},"_links":{"self":[{"href":"https:\/\/hotnewsinworld.com\/hu\/wp-json\/wp\/v2\/posts\/2396","targetHints":{"allow":["GET"]}}],"collection":[{"href":"https:\/\/hotnewsinworld.com\/hu\/wp-json\/wp\/v2\/posts"}],"about":[{"href":"https:\/\/hotnewsinworld.com\/hu\/wp-json\/wp\/v2\/types\/post"}],"author":[{"embeddable":true,"href":"https:\/\/hotnewsinworld.com\/hu\/wp-json\/wp\/v2\/users\/2"}],"replies":[{"embeddable":true,"href":"https:\/\/hotnewsinworld.com\/hu\/wp-json\/wp\/v2\/comments?post=2396"}],"version-history":[{"count":1,"href":"https:\/\/hotnewsinworld.com\/hu\/wp-json\/wp\/v2\/posts\/2396\/revisions"}],"predecessor-version":[{"id":2398,"href":"https:\/\/hotnewsinworld.com\/hu\/wp-json\/wp\/v2\/posts\/2396\/revisions\/2398"}],"wp:featuredmedia":[{"embeddable":true,"href":"https:\/\/hotnewsinworld.com\/hu\/wp-json\/wp\/v2\/media\/2397"}],"wp:attachment":[{"href":"https:\/\/hotnewsinworld.com\/hu\/wp-json\/wp\/v2\/media?parent=2396"}],"wp:term":[{"taxonomy":"category","embeddable":true,"href":"https:\/\/hotnewsinworld.com\/hu\/wp-json\/wp\/v2\/categories?post=2396"},{"taxonomy":"post_tag","embeddable":true,"href":"https:\/\/hotnewsinworld.com\/hu\/wp-json\/wp\/v2\/tags?post=2396"}],"curies":[{"name":"wp","href":"https:\/\/api.w.org\/{rel}","templated":true}]}}