{"id":2402,"date":"2019-09-21T23:59:54","date_gmt":"2019-09-21T20:59:54","guid":{"rendered":"https:\/\/hotnewsinworld.com\/hu\/foldbe-dongolte-orbant-az-olasz-kulugyminiszter\/"},"modified":"2019-09-21T23:59:55","modified_gmt":"2019-09-21T20:59:55","slug":"foldbe-dongolte-orbant-az-olasz-kulugyminiszter","status":"publish","type":"post","link":"https:\/\/hotnewsinworld.com\/hu\/foldbe-dongolte-orbant-az-olasz-kulugyminiszter\/","title":{"rendered":"F\u00f6ldbe d\u00f6ng\u00f6lte Orb\u00e1nt az olasz k\u00fcl\u00fcgyminiszter"},"content":{"rendered":"<p>            Elutas\u00edtotta Orb\u00e1n Viktornak az Olasz Testv\u00e9rek (FdI) jobboldali p\u00e1rt r\u00f3mai tal\u00e1lkoz\u00f3j\u00e1n elhangzott kijelent\u00e9seit Luigi Di Maio olasz k\u00fcl\u00fcgyminiszter, az \u00d6t Csillag Mozgalom (M5S) korm\u00e1nyp\u00e1rt vezet\u0151je szombaton kiadott k\u00f6zlem\u00e9ny\u00e9ben. Luigi Di Maio &#8222;felesleges beavatkoz\u00e1snak&#8221; nevezte a magyar minisztereln\u00f6k szavait.<\/p>\n<p>Orb\u00e1n Viktor minisztereln\u00f6k \u00e9s Giorgia Meloni, az Olasz Testv\u00e9rek (FdI) p\u00e1rt vezet\u0151je az Atreju nev\u0171 rendezv\u00e9nyen, a jobboldali Olasz Testv\u00e9rek (FdI) p\u00e1rttal\u00e1lkoz\u00f3j\u00e1n R\u00f3m\u00e1ban 2019. szeptember 21-\u00e9n. MTI\/Minisztereln\u00f6ki Sajt\u00f3iroda\/Szecs\u0151di Bal\u00e1zs<br \/>\n&#13;<br \/>\n&#8222;Nem engedem meg senkinek, hogy b\u00edr\u00e1lja vagy t\u00e1madja Olaszorsz\u00e1got, f\u0151k\u00e9ppen annak nem, aki a mi hat\u00e1raink rov\u00e1s\u00e1ra szuverenista&#8221;&#13;<\/p>\n<p>&#8211; olvashat\u00f3 az olasz k\u00fcl\u00fcgyminiszter k\u00f6zlem\u00e9ny\u00e9ben. Hozz\u00e1tette:<br \/>\n&#13;<br \/>\n&#8222;Orb\u00e1n nem ismeri az olasz n\u00e9pet, teh\u00e1t a saj\u00e1t n\u00e9p\u00e9r\u0151l besz\u00e9ljen, ha akar, ne a mi\u00e9nkr\u0151l&#8221;&#13;<\/p>\n<p>\u2013 sz\u00f6gezte le Luigi Di Maio.<br \/>\nGiorgia Meloni, az FdI eln\u00f6ke azonnali v\u00e1lasz\u00e1ban &#8222;zavarba ejt\u0151nek&#8221; nevezte Luigi Di Maio reakci\u00f3j\u00e1t. Meloni hangs\u00falyozta, sajn\u00e1lja, hogy mik\u00f6zben a magyar minisztereln\u00f6k felaj\u00e1nlja, hogy seg\u00edt Olaszorsz\u00e1gnak meg\u00e1ll\u00edtani a migr\u00e1nsok \u00e9rkez\u00e9s\u00e9t, ezek sz\u00e9toszt\u00e1sa helyett, &#8222;Di Maio egy olyan orsz\u00e1got t\u00e1mad, amely jobban v\u00e9gzi munk\u00e1j\u00e1t mint a Conte-korm\u00e1ny&#8221;.<br \/>\nMeloni hozz\u00e1tette, az FdI f\u00f6ldg\u00f6mb\u00f6t aj\u00e1nd\u00e9koz Di Mai\u00f3nak, hogy l\u00e1ssa, hogy az Eur\u00f3pai Uni\u00f3ban Magyarorsz\u00e1g \u00e9pp\u00fagy hat\u00e1r\u00e1llam mint Olaszorsz\u00e1g.<br \/>\n&#13;<br \/>\n&#8222;Orb\u00e1n Viktor nagyon egyszer\u0171en azt mondja, hogy ha Magyarorsz\u00e1g megv\u00e9di a Magyarorsz\u00e1ghoz tartoz\u00f3 eur\u00f3pai hat\u00e1rokat, ugyanezt k\u00e9ri Olaszorsz\u00e1gt\u00f3l is, \u00e9s nem hajland\u00f3 \u00e1tvenni azokat az illeg\u00e1lis bev\u00e1ndorl\u00f3kat, akiket Olaszorsz\u00e1g beenged, mert nem k\u00e9pes elv\u00e9gezni azt a hat\u00e1rv\u00e9delmi munk\u00e1t, amit tennie kellene&#8221;&#13;<\/p>\n<p>&#8211; nyilatkozta Giorgia Meloni.<br \/>\n(MTI)<\/p>\n<p>\n<!--noindex--><br \/>\n<a href=\"https:\/\/hirek.oldal.info\/rssclick\/14416470\" rel=\"nofollow\">Source link <\/a><br \/>\n<!--\/noindex--><\/p>\n","protected":false},"excerpt":{"rendered":"<p>Elutas\u00edtotta Orb\u00e1n Viktornak az Olasz Testv\u00e9rek (FdI) jobboldali p\u00e1rt r\u00f3mai tal\u00e1lkoz\u00f3j\u00e1n elhangzott kijelent\u00e9seit Luigi Di Maio olasz k\u00fcl\u00fcgyminiszter, az \u00d6t Csillag Mozgalom (M5S) korm\u00e1nyp\u00e1rt vezet\u0151je szombaton kiadott k\u00f6zlem\u00e9ny\u00e9ben. Luigi Di Maio &#8222;felesleges beavatkoz\u00e1snak&#8221; nevezte a magyar minisztereln\u00f6k szavait. Orb\u00e1n Viktor minisztereln\u00f6k \u00e9s Giorgia Meloni, az Olasz Testv\u00e9rek (FdI) p\u00e1rt vezet\u0151je az Atreju nev\u0171 rendezv\u00e9nyen, a [&hellip;]<\/p>\n","protected":false},"author":2,"featured_media":2403,"comment_status":"open","ping_status":"open","sticky":false,"template":"","format":"standard","meta":{"footnotes":""},"categories":[1],"tags":[],"class_list":["post-2402","post","type-post","status-publish","format-standard","has-post-thumbnail","hentry","category-legujabb-penzugyi-hirek"],"yoast_head":"<!-- This site is optimized with the Yoast SEO plugin v27.4 - https:\/\/yoast.com\/product\/yoast-seo-wordpress\/ -->\n<title>F\u00f6ldbe d\u00f6ng\u00f6lte Orb\u00e1nt az olasz k\u00fcl\u00fcgyminiszter - Hot News in World<\/title>\n<meta name=\"robots\" content=\"index, follow, max-snippet:-1, max-image-preview:large, max-video-preview:-1\" \/>\n<link rel=\"canonical\" href=\"https:\/\/hotnewsinworld.com\/hu\/foldbe-dongolte-orbant-az-olasz-kulugyminiszter\/\" \/>\n<meta property=\"og:locale\" content=\"hu_HU\" \/>\n<meta property=\"og:type\" content=\"article\" \/>\n<meta property=\"og:title\" content=\"F\u00f6ldbe d\u00f6ng\u00f6lte Orb\u00e1nt az olasz k\u00fcl\u00fcgyminiszter - Hot News in World\" \/>\n<meta property=\"og:description\" content=\"Elutas\u00edtotta Orb\u00e1n Viktornak az Olasz Testv\u00e9rek (FdI) jobboldali p\u00e1rt r\u00f3mai tal\u00e1lkoz\u00f3j\u00e1n elhangzott kijelent\u00e9seit Luigi Di Maio olasz k\u00fcl\u00fcgyminiszter, az \u00d6t Csillag Mozgalom (M5S) korm\u00e1nyp\u00e1rt vezet\u0151je szombaton kiadott k\u00f6zlem\u00e9ny\u00e9ben. Luigi Di Maio &#8222;felesleges beavatkoz\u00e1snak&#8221; nevezte a magyar minisztereln\u00f6k szavait. Orb\u00e1n Viktor minisztereln\u00f6k \u00e9s Giorgia Meloni, az Olasz Testv\u00e9rek (FdI) p\u00e1rt vezet\u0151je az Atreju nev\u0171 rendezv\u00e9nyen, a [&hellip;]\" \/>\n<meta property=\"og:url\" content=\"https:\/\/hotnewsinworld.com\/hu\/foldbe-dongolte-orbant-az-olasz-kulugyminiszter\/\" \/>\n<meta property=\"og:site_name\" content=\"Hot News in World\" \/>\n<meta property=\"article:published_time\" content=\"2019-09-21T20:59:54+00:00\" \/>\n<meta property=\"article:modified_time\" content=\"2019-09-21T20:59:55+00:00\" \/>\n<meta property=\"og:image\" content=\"https:\/\/hotnewsinworld.com\/hu\/wp-content\/uploads\/sites\/3\/2019\/09\/F\u00f6ldbe-d\u00f6ng\u00f6lte-Orb\u00e1nt-az-olasz-k\u00fcl\u00fcgyminiszter.jpg\" \/>\n\t<meta property=\"og:image:width\" content=\"600\" \/>\n\t<meta property=\"og:image:height\" content=\"399\" \/>\n\t<meta property=\"og:image:type\" content=\"image\/jpeg\" \/>\n<meta name=\"author\" content=\"hotnewsinworld\" \/>\n<meta name=\"twitter:card\" content=\"summary_large_image\" \/>\n<meta name=\"twitter:label1\" content=\"Szerz\u0151:\" \/>\n\t<meta name=\"twitter:data1\" content=\"hotnewsinworld\" \/>\n\t<meta name=\"twitter:label2\" content=\"Becs\u00fclt olvas\u00e1si id\u0151\" \/>\n\t<meta name=\"twitter:data2\" content=\"2 perc\" \/>\n<script type=\"application\/ld+json\" class=\"yoast-schema-graph\">{\"@context\":\"https:\\\/\\\/schema.org\",\"@graph\":[{\"@type\":\"Article\",\"@id\":\"https:\\\/\\\/hotnewsinworld.com\\\/hu\\\/foldbe-dongolte-orbant-az-olasz-kulugyminiszter\\\/#article\",\"isPartOf\":{\"@id\":\"https:\\\/\\\/hotnewsinworld.com\\\/hu\\\/foldbe-dongolte-orbant-az-olasz-kulugyminiszter\\\/\"},\"author\":{\"name\":\"hotnewsinworld\",\"@id\":\"https:\\\/\\\/hotnewsinworld.com\\\/hu\\\/#\\\/schema\\\/person\\\/fe61448b21c0d59086e75fcc1f9d8f6b\"},\"headline\":\"F\u00f6ldbe d\u00f6ng\u00f6lte Orb\u00e1nt az olasz k\u00fcl\u00fcgyminiszter\",\"datePublished\":\"2019-09-21T20:59:54+00:00\",\"dateModified\":\"2019-09-21T20:59:55+00:00\",\"mainEntityOfPage\":{\"@id\":\"https:\\\/\\\/hotnewsinworld.com\\\/hu\\\/foldbe-dongolte-orbant-az-olasz-kulugyminiszter\\\/\"},\"wordCount\":363,\"commentCount\":0,\"image\":{\"@id\":\"https:\\\/\\\/hotnewsinworld.com\\\/hu\\\/foldbe-dongolte-orbant-az-olasz-kulugyminiszter\\\/#primaryimage\"},\"thumbnailUrl\":\"https:\\\/\\\/hotnewsinworld.com\\\/hu\\\/wp-content\\\/uploads\\\/sites\\\/3\\\/2019\\\/09\\\/F\u00f6ldbe-d\u00f6ng\u00f6lte-Orb\u00e1nt-az-olasz-k\u00fcl\u00fcgyminiszter.jpg\",\"articleSection\":[\"LEG\u00daJABB P\u00c9NZ\u00dcGYI H\u00cdREK\"],\"inLanguage\":\"hu\",\"potentialAction\":[{\"@type\":\"CommentAction\",\"name\":\"Comment\",\"target\":[\"https:\\\/\\\/hotnewsinworld.com\\\/hu\\\/foldbe-dongolte-orbant-az-olasz-kulugyminiszter\\\/#respond\"]}]},{\"@type\":\"WebPage\",\"@id\":\"https:\\\/\\\/hotnewsinworld.com\\\/hu\\\/foldbe-dongolte-orbant-az-olasz-kulugyminiszter\\\/\",\"url\":\"https:\\\/\\\/hotnewsinworld.com\\\/hu\\\/foldbe-dongolte-orbant-az-olasz-kulugyminiszter\\\/\",\"name\":\"F\u00f6ldbe d\u00f6ng\u00f6lte Orb\u00e1nt az olasz k\u00fcl\u00fcgyminiszter - Hot News in World\",\"isPartOf\":{\"@id\":\"https:\\\/\\\/hotnewsinworld.com\\\/hu\\\/#website\"},\"primaryImageOfPage\":{\"@id\":\"https:\\\/\\\/hotnewsinworld.com\\\/hu\\\/foldbe-dongolte-orbant-az-olasz-kulugyminiszter\\\/#primaryimage\"},\"image\":{\"@id\":\"https:\\\/\\\/hotnewsinworld.com\\\/hu\\\/foldbe-dongolte-orbant-az-olasz-kulugyminiszter\\\/#primaryimage\"},\"thumbnailUrl\":\"https:\\\/\\\/hotnewsinworld.com\\\/hu\\\/wp-content\\\/uploads\\\/sites\\\/3\\\/2019\\\/09\\\/F\u00f6ldbe-d\u00f6ng\u00f6lte-Orb\u00e1nt-az-olasz-k\u00fcl\u00fcgyminiszter.jpg\",\"datePublished\":\"2019-09-21T20:59:54+00:00\",\"dateModified\":\"2019-09-21T20:59:55+00:00\",\"author\":{\"@id\":\"https:\\\/\\\/hotnewsinworld.com\\\/hu\\\/#\\\/schema\\\/person\\\/fe61448b21c0d59086e75fcc1f9d8f6b\"},\"breadcrumb\":{\"@id\":\"https:\\\/\\\/hotnewsinworld.com\\\/hu\\\/foldbe-dongolte-orbant-az-olasz-kulugyminiszter\\\/#breadcrumb\"},\"inLanguage\":\"hu\",\"potentialAction\":[{\"@type\":\"ReadAction\",\"target\":[\"https:\\\/\\\/hotnewsinworld.com\\\/hu\\\/foldbe-dongolte-orbant-az-olasz-kulugyminiszter\\\/\"]}]},{\"@type\":\"ImageObject\",\"inLanguage\":\"hu\",\"@id\":\"https:\\\/\\\/hotnewsinworld.com\\\/hu\\\/foldbe-dongolte-orbant-az-olasz-kulugyminiszter\\\/#primaryimage\",\"url\":\"https:\\\/\\\/hotnewsinworld.com\\\/hu\\\/wp-content\\\/uploads\\\/sites\\\/3\\\/2019\\\/09\\\/F\u00f6ldbe-d\u00f6ng\u00f6lte-Orb\u00e1nt-az-olasz-k\u00fcl\u00fcgyminiszter.jpg\",\"contentUrl\":\"https:\\\/\\\/hotnewsinworld.com\\\/hu\\\/wp-content\\\/uploads\\\/sites\\\/3\\\/2019\\\/09\\\/F\u00f6ldbe-d\u00f6ng\u00f6lte-Orb\u00e1nt-az-olasz-k\u00fcl\u00fcgyminiszter.jpg\",\"width\":600,\"height\":399,\"caption\":\"F&ouml;ldbe d&ouml;ng&ouml;lte Orb&aacute;nt az olasz k&uuml;l&uuml;gyminiszter\"},{\"@type\":\"BreadcrumbList\",\"@id\":\"https:\\\/\\\/hotnewsinworld.com\\\/hu\\\/foldbe-dongolte-orbant-az-olasz-kulugyminiszter\\\/#breadcrumb\",\"itemListElement\":[{\"@type\":\"ListItem\",\"position\":1,\"name\":\"\u0413\u043b\u0430\u0432\u043d\u0430\u044f \u0441\u0442\u0440\u0430\u043d\u0438\u0446\u0430\",\"item\":\"https:\\\/\\\/hotnewsinworld.com\\\/hu\\\/\"},{\"@type\":\"ListItem\",\"position\":2,\"name\":\"F\u00f6ldbe d\u00f6ng\u00f6lte Orb\u00e1nt az olasz k\u00fcl\u00fcgyminiszter\"}]},{\"@type\":\"WebSite\",\"@id\":\"https:\\\/\\\/hotnewsinworld.com\\\/hu\\\/#website\",\"url\":\"https:\\\/\\\/hotnewsinworld.com\\\/hu\\\/\",\"name\":\"Hot News in World\",\"description\":\"Hot News in World from Hungary\",\"potentialAction\":[{\"@type\":\"SearchAction\",\"target\":{\"@type\":\"EntryPoint\",\"urlTemplate\":\"https:\\\/\\\/hotnewsinworld.com\\\/hu\\\/?s={search_term_string}\"},\"query-input\":{\"@type\":\"PropertyValueSpecification\",\"valueRequired\":true,\"valueName\":\"search_term_string\"}}],\"inLanguage\":\"hu\"},{\"@type\":\"Person\",\"@id\":\"https:\\\/\\\/hotnewsinworld.com\\\/hu\\\/#\\\/schema\\\/person\\\/fe61448b21c0d59086e75fcc1f9d8f6b\",\"name\":\"hotnewsinworld\",\"image\":{\"@type\":\"ImageObject\",\"inLanguage\":\"hu\",\"@id\":\"https:\\\/\\\/secure.gravatar.com\\\/avatar\\\/8a09ac165600ce2e1c38fe593c63928eb1e6e7ba5c5a907d67787c41b3d00c14?s=96&d=mm&r=g\",\"url\":\"https:\\\/\\\/secure.gravatar.com\\\/avatar\\\/8a09ac165600ce2e1c38fe593c63928eb1e6e7ba5c5a907d67787c41b3d00c14?s=96&d=mm&r=g\",\"contentUrl\":\"https:\\\/\\\/secure.gravatar.com\\\/avatar\\\/8a09ac165600ce2e1c38fe593c63928eb1e6e7ba5c5a907d67787c41b3d00c14?s=96&d=mm&r=g\",\"caption\":\"hotnewsinworld\"},\"url\":\"https:\\\/\\\/hotnewsinworld.com\\\/hu\\\/author\\\/pt\\\/\"}]}<\/script>\n<!-- \/ Yoast SEO plugin. -->","yoast_head_json":{"title":"F\u00f6ldbe d\u00f6ng\u00f6lte Orb\u00e1nt az olasz k\u00fcl\u00fcgyminiszter - Hot News in World","robots":{"index":"index","follow":"follow","max-snippet":"max-snippet:-1","max-image-preview":"max-image-preview:large","max-video-preview":"max-video-preview:-1"},"canonical":"https:\/\/hotnewsinworld.com\/hu\/foldbe-dongolte-orbant-az-olasz-kulugyminiszter\/","og_locale":"hu_HU","og_type":"article","og_title":"F\u00f6ldbe d\u00f6ng\u00f6lte Orb\u00e1nt az olasz k\u00fcl\u00fcgyminiszter - Hot News in World","og_description":"Elutas\u00edtotta Orb\u00e1n Viktornak az Olasz Testv\u00e9rek (FdI) jobboldali p\u00e1rt r\u00f3mai tal\u00e1lkoz\u00f3j\u00e1n elhangzott kijelent\u00e9seit Luigi Di Maio olasz k\u00fcl\u00fcgyminiszter, az \u00d6t Csillag Mozgalom (M5S) korm\u00e1nyp\u00e1rt vezet\u0151je szombaton kiadott k\u00f6zlem\u00e9ny\u00e9ben. Luigi Di Maio &#8222;felesleges beavatkoz\u00e1snak&#8221; nevezte a magyar minisztereln\u00f6k szavait. Orb\u00e1n Viktor minisztereln\u00f6k \u00e9s Giorgia Meloni, az Olasz Testv\u00e9rek (FdI) p\u00e1rt vezet\u0151je az Atreju nev\u0171 rendezv\u00e9nyen, a [&hellip;]","og_url":"https:\/\/hotnewsinworld.com\/hu\/foldbe-dongolte-orbant-az-olasz-kulugyminiszter\/","og_site_name":"Hot News in World","article_published_time":"2019-09-21T20:59:54+00:00","article_modified_time":"2019-09-21T20:59:55+00:00","og_image":[{"width":600,"height":399,"url":"https:\/\/hotnewsinworld.com\/hu\/wp-content\/uploads\/sites\/3\/2019\/09\/F\u00f6ldbe-d\u00f6ng\u00f6lte-Orb\u00e1nt-az-olasz-k\u00fcl\u00fcgyminiszter.jpg","type":"image\/jpeg"}],"author":"hotnewsinworld","twitter_card":"summary_large_image","twitter_misc":{"Szerz\u0151:":"hotnewsinworld","Becs\u00fclt olvas\u00e1si id\u0151":"2 perc"},"schema":{"@context":"https:\/\/schema.org","@graph":[{"@type":"Article","@id":"https:\/\/hotnewsinworld.com\/hu\/foldbe-dongolte-orbant-az-olasz-kulugyminiszter\/#article","isPartOf":{"@id":"https:\/\/hotnewsinworld.com\/hu\/foldbe-dongolte-orbant-az-olasz-kulugyminiszter\/"},"author":{"name":"hotnewsinworld","@id":"https:\/\/hotnewsinworld.com\/hu\/#\/schema\/person\/fe61448b21c0d59086e75fcc1f9d8f6b"},"headline":"F\u00f6ldbe d\u00f6ng\u00f6lte Orb\u00e1nt az olasz k\u00fcl\u00fcgyminiszter","datePublished":"2019-09-21T20:59:54+00:00","dateModified":"2019-09-21T20:59:55+00:00","mainEntityOfPage":{"@id":"https:\/\/hotnewsinworld.com\/hu\/foldbe-dongolte-orbant-az-olasz-kulugyminiszter\/"},"wordCount":363,"commentCount":0,"image":{"@id":"https:\/\/hotnewsinworld.com\/hu\/foldbe-dongolte-orbant-az-olasz-kulugyminiszter\/#primaryimage"},"thumbnailUrl":"https:\/\/hotnewsinworld.com\/hu\/wp-content\/uploads\/sites\/3\/2019\/09\/F\u00f6ldbe-d\u00f6ng\u00f6lte-Orb\u00e1nt-az-olasz-k\u00fcl\u00fcgyminiszter.jpg","articleSection":["LEG\u00daJABB P\u00c9NZ\u00dcGYI H\u00cdREK"],"inLanguage":"hu","potentialAction":[{"@type":"CommentAction","name":"Comment","target":["https:\/\/hotnewsinworld.com\/hu\/foldbe-dongolte-orbant-az-olasz-kulugyminiszter\/#respond"]}]},{"@type":"WebPage","@id":"https:\/\/hotnewsinworld.com\/hu\/foldbe-dongolte-orbant-az-olasz-kulugyminiszter\/","url":"https:\/\/hotnewsinworld.com\/hu\/foldbe-dongolte-orbant-az-olasz-kulugyminiszter\/","name":"F\u00f6ldbe d\u00f6ng\u00f6lte Orb\u00e1nt az olasz k\u00fcl\u00fcgyminiszter - Hot News in World","isPartOf":{"@id":"https:\/\/hotnewsinworld.com\/hu\/#website"},"primaryImageOfPage":{"@id":"https:\/\/hotnewsinworld.com\/hu\/foldbe-dongolte-orbant-az-olasz-kulugyminiszter\/#primaryimage"},"image":{"@id":"https:\/\/hotnewsinworld.com\/hu\/foldbe-dongolte-orbant-az-olasz-kulugyminiszter\/#primaryimage"},"thumbnailUrl":"https:\/\/hotnewsinworld.com\/hu\/wp-content\/uploads\/sites\/3\/2019\/09\/F\u00f6ldbe-d\u00f6ng\u00f6lte-Orb\u00e1nt-az-olasz-k\u00fcl\u00fcgyminiszter.jpg","datePublished":"2019-09-21T20:59:54+00:00","dateModified":"2019-09-21T20:59:55+00:00","author":{"@id":"https:\/\/hotnewsinworld.com\/hu\/#\/schema\/person\/fe61448b21c0d59086e75fcc1f9d8f6b"},"breadcrumb":{"@id":"https:\/\/hotnewsinworld.com\/hu\/foldbe-dongolte-orbant-az-olasz-kulugyminiszter\/#breadcrumb"},"inLanguage":"hu","potentialAction":[{"@type":"ReadAction","target":["https:\/\/hotnewsinworld.com\/hu\/foldbe-dongolte-orbant-az-olasz-kulugyminiszter\/"]}]},{"@type":"ImageObject","inLanguage":"hu","@id":"https:\/\/hotnewsinworld.com\/hu\/foldbe-dongolte-orbant-az-olasz-kulugyminiszter\/#primaryimage","url":"https:\/\/hotnewsinworld.com\/hu\/wp-content\/uploads\/sites\/3\/2019\/09\/F\u00f6ldbe-d\u00f6ng\u00f6lte-Orb\u00e1nt-az-olasz-k\u00fcl\u00fcgyminiszter.jpg","contentUrl":"https:\/\/hotnewsinworld.com\/hu\/wp-content\/uploads\/sites\/3\/2019\/09\/F\u00f6ldbe-d\u00f6ng\u00f6lte-Orb\u00e1nt-az-olasz-k\u00fcl\u00fcgyminiszter.jpg","width":600,"height":399,"caption":"F&ouml;ldbe d&ouml;ng&ouml;lte Orb&aacute;nt az olasz k&uuml;l&uuml;gyminiszter"},{"@type":"BreadcrumbList","@id":"https:\/\/hotnewsinworld.com\/hu\/foldbe-dongolte-orbant-az-olasz-kulugyminiszter\/#breadcrumb","itemListElement":[{"@type":"ListItem","position":1,"name":"\u0413\u043b\u0430\u0432\u043d\u0430\u044f \u0441\u0442\u0440\u0430\u043d\u0438\u0446\u0430","item":"https:\/\/hotnewsinworld.com\/hu\/"},{"@type":"ListItem","position":2,"name":"F\u00f6ldbe d\u00f6ng\u00f6lte Orb\u00e1nt az olasz k\u00fcl\u00fcgyminiszter"}]},{"@type":"WebSite","@id":"https:\/\/hotnewsinworld.com\/hu\/#website","url":"https:\/\/hotnewsinworld.com\/hu\/","name":"Hot News in World","description":"Hot News in World from Hungary","potentialAction":[{"@type":"SearchAction","target":{"@type":"EntryPoint","urlTemplate":"https:\/\/hotnewsinworld.com\/hu\/?s={search_term_string}"},"query-input":{"@type":"PropertyValueSpecification","valueRequired":true,"valueName":"search_term_string"}}],"inLanguage":"hu"},{"@type":"Person","@id":"https:\/\/hotnewsinworld.com\/hu\/#\/schema\/person\/fe61448b21c0d59086e75fcc1f9d8f6b","name":"hotnewsinworld","image":{"@type":"ImageObject","inLanguage":"hu","@id":"https:\/\/secure.gravatar.com\/avatar\/8a09ac165600ce2e1c38fe593c63928eb1e6e7ba5c5a907d67787c41b3d00c14?s=96&d=mm&r=g","url":"https:\/\/secure.gravatar.com\/avatar\/8a09ac165600ce2e1c38fe593c63928eb1e6e7ba5c5a907d67787c41b3d00c14?s=96&d=mm&r=g","contentUrl":"https:\/\/secure.gravatar.com\/avatar\/8a09ac165600ce2e1c38fe593c63928eb1e6e7ba5c5a907d67787c41b3d00c14?s=96&d=mm&r=g","caption":"hotnewsinworld"},"url":"https:\/\/hotnewsinworld.com\/hu\/author\/pt\/"}]}},"_links":{"self":[{"href":"https:\/\/hotnewsinworld.com\/hu\/wp-json\/wp\/v2\/posts\/2402","targetHints":{"allow":["GET"]}}],"collection":[{"href":"https:\/\/hotnewsinworld.com\/hu\/wp-json\/wp\/v2\/posts"}],"about":[{"href":"https:\/\/hotnewsinworld.com\/hu\/wp-json\/wp\/v2\/types\/post"}],"author":[{"embeddable":true,"href":"https:\/\/hotnewsinworld.com\/hu\/wp-json\/wp\/v2\/users\/2"}],"replies":[{"embeddable":true,"href":"https:\/\/hotnewsinworld.com\/hu\/wp-json\/wp\/v2\/comments?post=2402"}],"version-history":[{"count":1,"href":"https:\/\/hotnewsinworld.com\/hu\/wp-json\/wp\/v2\/posts\/2402\/revisions"}],"predecessor-version":[{"id":2404,"href":"https:\/\/hotnewsinworld.com\/hu\/wp-json\/wp\/v2\/posts\/2402\/revisions\/2404"}],"wp:featuredmedia":[{"embeddable":true,"href":"https:\/\/hotnewsinworld.com\/hu\/wp-json\/wp\/v2\/media\/2403"}],"wp:attachment":[{"href":"https:\/\/hotnewsinworld.com\/hu\/wp-json\/wp\/v2\/media?parent=2402"}],"wp:term":[{"taxonomy":"category","embeddable":true,"href":"https:\/\/hotnewsinworld.com\/hu\/wp-json\/wp\/v2\/categories?post=2402"},{"taxonomy":"post_tag","embeddable":true,"href":"https:\/\/hotnewsinworld.com\/hu\/wp-json\/wp\/v2\/tags?post=2402"}],"curies":[{"name":"wp","href":"https:\/\/api.w.org\/{rel}","templated":true}]}}