{"id":2408,"date":"2019-09-22T02:37:33","date_gmt":"2019-09-21T23:37:33","guid":{"rendered":"https:\/\/hotnewsinworld.com\/hu\/meg-a-falvakban-is-kulonb-a-helyzet-mint-karacsony-gergely-keruleteben\/"},"modified":"2019-09-22T02:37:34","modified_gmt":"2019-09-21T23:37:34","slug":"meg-a-falvakban-is-kulonb-a-helyzet-mint-karacsony-gergely-keruleteben","status":"publish","type":"post","link":"https:\/\/hotnewsinworld.com\/hu\/meg-a-falvakban-is-kulonb-a-helyzet-mint-karacsony-gergely-keruleteben\/","title":{"rendered":"m\u00e9g a falvakban is k\u00fcl\u00f6nb a helyzet, mint Kar\u00e1csony Gergely ker\u00fclet\u00e9ben"},"content":{"rendered":"<p>\tKar\u00e1csony Gergely alkalmatlans\u00e1ga cs\u0151dbe vitte Zugl\u00f3t, ha pedig valaki ker\u00fcleti polg\u00e1rmesternek ennyire alkalmatlan \u00e9s megb\u00edzhatatlan, az f\u0151polg\u00e1rmesternek is az lenne \u2013 mondta Zsigmond Barna P\u00e1l, a Fidesz budapesti sz\u00f3viv\u0151je szombaton Budapesten.<br \/>\nFot\u00f3: MTI\/Szigetv\u00e1ry Zsolt<br \/>\nA korm\u00e1nyp\u00e1rti politikus kifejtette, m\u00e1r \u00e9rtik Kar\u00e1csony\u2026<\/p>\n<p>class=&#8221;line-title-with-image&#8221;&gt;Mind\u00f6ssze 50 milli\u00f3 forint van a Zugl\u00f3i \u00f6nkorm\u00e1nyzat sz\u00e1ml\u00e1j\u00e1n \u2013 ismertette a Fidesz budapesti sz\u00f3viv\u0151je.class=&#8221;&#8221;&gt;Zsigmond Barna P\u00e1l szerint Kar\u00e1csony Gergely alkalmatlans\u00e1g\u00e1t mutatja, hogy semmilyen \u00e9rdemi ker\u00fcleti eredm\u00e9nyr\u0151l nem tud besz\u00e1molni.class=&#8221;line-title-with-image&#8221;&gt;Kar\u00e1csony Gergely alkalmatlans\u00e1ga cs\u0151dbe vitte Zugl\u00f3t, ha pedig valaki ker\u00fcleti polg\u00e1rmesternek ennyire alkalmatlan \u00e9s megb\u00edzhatatlan, az f\u0151polg\u00e1rmesternek is az lenne &#8211; mondta Zsigmond Barna P\u00e1l, a Fidesz budapesti sz\u00f3viv\u0151je szombaton Budapesten.class=&#8221;line-title-with-image&#8221;&gt;T\u00f6bb mint h\u00e1rom h\u00f3nappal \u00e9v v\u00e9ge el\u0151tt mind\u00f6ssze 50 milli\u00f3 forint maradt a zugl\u00f3i \u00f6nkorm\u00e1nyzat sz\u00e1ml\u00e1j\u00e1nclass=&#8221;&#8221;&gt;A ker\u00fclet k\u00e9nytelen hitelekb\u0151l \u00e9lni, mind\u00f6ssze 50 milli\u00f3 forint van az \u00f6nkorm\u00e1nyzat sz\u00e1mlaegyenleg\u00e9n.class=&#8221;line-title-with-image&#8221;&gt;Kar\u00e1csony Gergely alkalmatlans\u00e1ga cs\u0151dbe vitte Zugl\u00f3t, ha pedig valaki ker\u00fcleti polg\u00e1rmesternek ennyire alkalmatlan \u00e9s megb\u00edzhatatlan, az f\u0151polg\u00e1rmesternek is az lenne &#8211; mondta Zsigmond Barna P\u00e1l, a Fidesz budapesti sz\u00f3viv\u0151je szombaton Budapesten.class=&#8221;line-title-with-image&#8221;&gt;Kar\u00e1csony Gergely jegyz\u0151je is al\u00e1t\u00e1masztotta, hogy nagy a baj.<br \/>\n<br \/>\n<!--noindex--><br \/>\n<a href=\"https:\/\/hirek.oldal.info\/rssclick\/14416451\" rel=\"nofollow\">Source link <\/a><br \/>\n<!--\/noindex--><\/p>\n","protected":false},"excerpt":{"rendered":"<p>Kar\u00e1csony Gergely alkalmatlans\u00e1ga cs\u0151dbe vitte Zugl\u00f3t, ha pedig valaki ker\u00fcleti polg\u00e1rmesternek ennyire alkalmatlan \u00e9s megb\u00edzhatatlan, az f\u0151polg\u00e1rmesternek is az lenne \u2013 mondta Zsigmond Barna P\u00e1l, a Fidesz budapesti sz\u00f3viv\u0151je szombaton Budapesten. Fot\u00f3: MTI\/Szigetv\u00e1ry Zsolt A korm\u00e1nyp\u00e1rti politikus kifejtette, m\u00e1r \u00e9rtik Kar\u00e1csony\u2026 class=&#8221;line-title-with-image&#8221;&gt;Mind\u00f6ssze 50 milli\u00f3 forint van a Zugl\u00f3i \u00f6nkorm\u00e1nyzat sz\u00e1ml\u00e1j\u00e1n \u2013 ismertette a Fidesz budapesti [&hellip;]<\/p>\n","protected":false},"author":2,"featured_media":2409,"comment_status":"open","ping_status":"open","sticky":false,"template":"","format":"standard","meta":{"footnotes":""},"categories":[1],"tags":[],"class_list":["post-2408","post","type-post","status-publish","format-standard","has-post-thumbnail","hentry","category-legujabb-penzugyi-hirek"],"yoast_head":"<!-- This site is optimized with the Yoast SEO plugin v27.4 - https:\/\/yoast.com\/product\/yoast-seo-wordpress\/ -->\n<title>m\u00e9g a falvakban is k\u00fcl\u00f6nb a helyzet, mint Kar\u00e1csony Gergely ker\u00fclet\u00e9ben - Hot News in World<\/title>\n<meta name=\"robots\" content=\"index, follow, max-snippet:-1, max-image-preview:large, max-video-preview:-1\" \/>\n<link rel=\"canonical\" href=\"https:\/\/hotnewsinworld.com\/hu\/meg-a-falvakban-is-kulonb-a-helyzet-mint-karacsony-gergely-keruleteben\/\" \/>\n<meta property=\"og:locale\" content=\"hu_HU\" \/>\n<meta property=\"og:type\" content=\"article\" \/>\n<meta property=\"og:title\" content=\"m\u00e9g a falvakban is k\u00fcl\u00f6nb a helyzet, mint Kar\u00e1csony Gergely ker\u00fclet\u00e9ben - Hot News in World\" \/>\n<meta property=\"og:description\" content=\"Kar\u00e1csony Gergely alkalmatlans\u00e1ga cs\u0151dbe vitte Zugl\u00f3t, ha pedig valaki ker\u00fcleti polg\u00e1rmesternek ennyire alkalmatlan \u00e9s megb\u00edzhatatlan, az f\u0151polg\u00e1rmesternek is az lenne \u2013 mondta Zsigmond Barna P\u00e1l, a Fidesz budapesti sz\u00f3viv\u0151je szombaton Budapesten. Fot\u00f3: MTI\/Szigetv\u00e1ry Zsolt A korm\u00e1nyp\u00e1rti politikus kifejtette, m\u00e1r \u00e9rtik Kar\u00e1csony\u2026 class=&#8221;line-title-with-image&#8221;&gt;Mind\u00f6ssze 50 milli\u00f3 forint van a Zugl\u00f3i \u00f6nkorm\u00e1nyzat sz\u00e1ml\u00e1j\u00e1n \u2013 ismertette a Fidesz budapesti [&hellip;]\" \/>\n<meta property=\"og:url\" content=\"https:\/\/hotnewsinworld.com\/hu\/meg-a-falvakban-is-kulonb-a-helyzet-mint-karacsony-gergely-keruleteben\/\" \/>\n<meta property=\"og:site_name\" content=\"Hot News in World\" \/>\n<meta property=\"article:published_time\" content=\"2019-09-21T23:37:33+00:00\" \/>\n<meta property=\"article:modified_time\" content=\"2019-09-21T23:37:34+00:00\" \/>\n<meta property=\"og:image\" content=\"https:\/\/hotnewsinworld.com\/hu\/wp-content\/uploads\/sites\/3\/2019\/09\/m\u00e9g-a-falvakban-is-k\u00fcl\u00f6nb-a-helyzet-mint-Kar\u00e1csony-Gergely.jpg\" \/>\n\t<meta property=\"og:image:width\" content=\"600\" \/>\n\t<meta property=\"og:image:height\" content=\"315\" \/>\n\t<meta property=\"og:image:type\" content=\"image\/jpeg\" \/>\n<meta name=\"author\" content=\"hotnewsinworld\" \/>\n<meta name=\"twitter:card\" content=\"summary_large_image\" \/>\n<meta name=\"twitter:label1\" content=\"Szerz\u0151:\" \/>\n\t<meta name=\"twitter:data1\" content=\"hotnewsinworld\" \/>\n\t<meta name=\"twitter:label2\" content=\"Becs\u00fclt olvas\u00e1si id\u0151\" \/>\n\t<meta name=\"twitter:data2\" content=\"1 perc\" \/>\n<script type=\"application\/ld+json\" class=\"yoast-schema-graph\">{\"@context\":\"https:\\\/\\\/schema.org\",\"@graph\":[{\"@type\":\"Article\",\"@id\":\"https:\\\/\\\/hotnewsinworld.com\\\/hu\\\/meg-a-falvakban-is-kulonb-a-helyzet-mint-karacsony-gergely-keruleteben\\\/#article\",\"isPartOf\":{\"@id\":\"https:\\\/\\\/hotnewsinworld.com\\\/hu\\\/meg-a-falvakban-is-kulonb-a-helyzet-mint-karacsony-gergely-keruleteben\\\/\"},\"author\":{\"name\":\"hotnewsinworld\",\"@id\":\"https:\\\/\\\/hotnewsinworld.com\\\/hu\\\/#\\\/schema\\\/person\\\/fe61448b21c0d59086e75fcc1f9d8f6b\"},\"headline\":\"m\u00e9g a falvakban is k\u00fcl\u00f6nb a helyzet, mint Kar\u00e1csony Gergely ker\u00fclet\u00e9ben\",\"datePublished\":\"2019-09-21T23:37:33+00:00\",\"dateModified\":\"2019-09-21T23:37:34+00:00\",\"mainEntityOfPage\":{\"@id\":\"https:\\\/\\\/hotnewsinworld.com\\\/hu\\\/meg-a-falvakban-is-kulonb-a-helyzet-mint-karacsony-gergely-keruleteben\\\/\"},\"wordCount\":284,\"commentCount\":0,\"image\":{\"@id\":\"https:\\\/\\\/hotnewsinworld.com\\\/hu\\\/meg-a-falvakban-is-kulonb-a-helyzet-mint-karacsony-gergely-keruleteben\\\/#primaryimage\"},\"thumbnailUrl\":\"https:\\\/\\\/hotnewsinworld.com\\\/hu\\\/wp-content\\\/uploads\\\/sites\\\/3\\\/2019\\\/09\\\/m\u00e9g-a-falvakban-is-k\u00fcl\u00f6nb-a-helyzet-mint-Kar\u00e1csony-Gergely.jpg\",\"articleSection\":[\"LEG\u00daJABB P\u00c9NZ\u00dcGYI H\u00cdREK\"],\"inLanguage\":\"hu\",\"potentialAction\":[{\"@type\":\"CommentAction\",\"name\":\"Comment\",\"target\":[\"https:\\\/\\\/hotnewsinworld.com\\\/hu\\\/meg-a-falvakban-is-kulonb-a-helyzet-mint-karacsony-gergely-keruleteben\\\/#respond\"]}]},{\"@type\":\"WebPage\",\"@id\":\"https:\\\/\\\/hotnewsinworld.com\\\/hu\\\/meg-a-falvakban-is-kulonb-a-helyzet-mint-karacsony-gergely-keruleteben\\\/\",\"url\":\"https:\\\/\\\/hotnewsinworld.com\\\/hu\\\/meg-a-falvakban-is-kulonb-a-helyzet-mint-karacsony-gergely-keruleteben\\\/\",\"name\":\"m\u00e9g a falvakban is k\u00fcl\u00f6nb a helyzet, mint Kar\u00e1csony Gergely ker\u00fclet\u00e9ben - Hot News in World\",\"isPartOf\":{\"@id\":\"https:\\\/\\\/hotnewsinworld.com\\\/hu\\\/#website\"},\"primaryImageOfPage\":{\"@id\":\"https:\\\/\\\/hotnewsinworld.com\\\/hu\\\/meg-a-falvakban-is-kulonb-a-helyzet-mint-karacsony-gergely-keruleteben\\\/#primaryimage\"},\"image\":{\"@id\":\"https:\\\/\\\/hotnewsinworld.com\\\/hu\\\/meg-a-falvakban-is-kulonb-a-helyzet-mint-karacsony-gergely-keruleteben\\\/#primaryimage\"},\"thumbnailUrl\":\"https:\\\/\\\/hotnewsinworld.com\\\/hu\\\/wp-content\\\/uploads\\\/sites\\\/3\\\/2019\\\/09\\\/m\u00e9g-a-falvakban-is-k\u00fcl\u00f6nb-a-helyzet-mint-Kar\u00e1csony-Gergely.jpg\",\"datePublished\":\"2019-09-21T23:37:33+00:00\",\"dateModified\":\"2019-09-21T23:37:34+00:00\",\"author\":{\"@id\":\"https:\\\/\\\/hotnewsinworld.com\\\/hu\\\/#\\\/schema\\\/person\\\/fe61448b21c0d59086e75fcc1f9d8f6b\"},\"breadcrumb\":{\"@id\":\"https:\\\/\\\/hotnewsinworld.com\\\/hu\\\/meg-a-falvakban-is-kulonb-a-helyzet-mint-karacsony-gergely-keruleteben\\\/#breadcrumb\"},\"inLanguage\":\"hu\",\"potentialAction\":[{\"@type\":\"ReadAction\",\"target\":[\"https:\\\/\\\/hotnewsinworld.com\\\/hu\\\/meg-a-falvakban-is-kulonb-a-helyzet-mint-karacsony-gergely-keruleteben\\\/\"]}]},{\"@type\":\"ImageObject\",\"inLanguage\":\"hu\",\"@id\":\"https:\\\/\\\/hotnewsinworld.com\\\/hu\\\/meg-a-falvakban-is-kulonb-a-helyzet-mint-karacsony-gergely-keruleteben\\\/#primaryimage\",\"url\":\"https:\\\/\\\/hotnewsinworld.com\\\/hu\\\/wp-content\\\/uploads\\\/sites\\\/3\\\/2019\\\/09\\\/m\u00e9g-a-falvakban-is-k\u00fcl\u00f6nb-a-helyzet-mint-Kar\u00e1csony-Gergely.jpg\",\"contentUrl\":\"https:\\\/\\\/hotnewsinworld.com\\\/hu\\\/wp-content\\\/uploads\\\/sites\\\/3\\\/2019\\\/09\\\/m\u00e9g-a-falvakban-is-k\u00fcl\u00f6nb-a-helyzet-mint-Kar\u00e1csony-Gergely.jpg\",\"width\":600,\"height\":315,\"caption\":\"m\u00e9g a falvakban is k\u00fcl\u00f6nb a helyzet, mint Kar\u00e1csony Gergely ker\u00fclet\u00e9ben\"},{\"@type\":\"BreadcrumbList\",\"@id\":\"https:\\\/\\\/hotnewsinworld.com\\\/hu\\\/meg-a-falvakban-is-kulonb-a-helyzet-mint-karacsony-gergely-keruleteben\\\/#breadcrumb\",\"itemListElement\":[{\"@type\":\"ListItem\",\"position\":1,\"name\":\"\u0413\u043b\u0430\u0432\u043d\u0430\u044f \u0441\u0442\u0440\u0430\u043d\u0438\u0446\u0430\",\"item\":\"https:\\\/\\\/hotnewsinworld.com\\\/hu\\\/\"},{\"@type\":\"ListItem\",\"position\":2,\"name\":\"m\u00e9g a falvakban is k\u00fcl\u00f6nb a helyzet, mint Kar\u00e1csony Gergely ker\u00fclet\u00e9ben\"}]},{\"@type\":\"WebSite\",\"@id\":\"https:\\\/\\\/hotnewsinworld.com\\\/hu\\\/#website\",\"url\":\"https:\\\/\\\/hotnewsinworld.com\\\/hu\\\/\",\"name\":\"Hot News in World\",\"description\":\"Hot News in World from Hungary\",\"potentialAction\":[{\"@type\":\"SearchAction\",\"target\":{\"@type\":\"EntryPoint\",\"urlTemplate\":\"https:\\\/\\\/hotnewsinworld.com\\\/hu\\\/?s={search_term_string}\"},\"query-input\":{\"@type\":\"PropertyValueSpecification\",\"valueRequired\":true,\"valueName\":\"search_term_string\"}}],\"inLanguage\":\"hu\"},{\"@type\":\"Person\",\"@id\":\"https:\\\/\\\/hotnewsinworld.com\\\/hu\\\/#\\\/schema\\\/person\\\/fe61448b21c0d59086e75fcc1f9d8f6b\",\"name\":\"hotnewsinworld\",\"image\":{\"@type\":\"ImageObject\",\"inLanguage\":\"hu\",\"@id\":\"https:\\\/\\\/secure.gravatar.com\\\/avatar\\\/8a09ac165600ce2e1c38fe593c63928eb1e6e7ba5c5a907d67787c41b3d00c14?s=96&d=mm&r=g\",\"url\":\"https:\\\/\\\/secure.gravatar.com\\\/avatar\\\/8a09ac165600ce2e1c38fe593c63928eb1e6e7ba5c5a907d67787c41b3d00c14?s=96&d=mm&r=g\",\"contentUrl\":\"https:\\\/\\\/secure.gravatar.com\\\/avatar\\\/8a09ac165600ce2e1c38fe593c63928eb1e6e7ba5c5a907d67787c41b3d00c14?s=96&d=mm&r=g\",\"caption\":\"hotnewsinworld\"},\"url\":\"https:\\\/\\\/hotnewsinworld.com\\\/hu\\\/author\\\/pt\\\/\"}]}<\/script>\n<!-- \/ Yoast SEO plugin. -->","yoast_head_json":{"title":"m\u00e9g a falvakban is k\u00fcl\u00f6nb a helyzet, mint Kar\u00e1csony Gergely ker\u00fclet\u00e9ben - Hot News in World","robots":{"index":"index","follow":"follow","max-snippet":"max-snippet:-1","max-image-preview":"max-image-preview:large","max-video-preview":"max-video-preview:-1"},"canonical":"https:\/\/hotnewsinworld.com\/hu\/meg-a-falvakban-is-kulonb-a-helyzet-mint-karacsony-gergely-keruleteben\/","og_locale":"hu_HU","og_type":"article","og_title":"m\u00e9g a falvakban is k\u00fcl\u00f6nb a helyzet, mint Kar\u00e1csony Gergely ker\u00fclet\u00e9ben - Hot News in World","og_description":"Kar\u00e1csony Gergely alkalmatlans\u00e1ga cs\u0151dbe vitte Zugl\u00f3t, ha pedig valaki ker\u00fcleti polg\u00e1rmesternek ennyire alkalmatlan \u00e9s megb\u00edzhatatlan, az f\u0151polg\u00e1rmesternek is az lenne \u2013 mondta Zsigmond Barna P\u00e1l, a Fidesz budapesti sz\u00f3viv\u0151je szombaton Budapesten. Fot\u00f3: MTI\/Szigetv\u00e1ry Zsolt A korm\u00e1nyp\u00e1rti politikus kifejtette, m\u00e1r \u00e9rtik Kar\u00e1csony\u2026 class=&#8221;line-title-with-image&#8221;&gt;Mind\u00f6ssze 50 milli\u00f3 forint van a Zugl\u00f3i \u00f6nkorm\u00e1nyzat sz\u00e1ml\u00e1j\u00e1n \u2013 ismertette a Fidesz budapesti [&hellip;]","og_url":"https:\/\/hotnewsinworld.com\/hu\/meg-a-falvakban-is-kulonb-a-helyzet-mint-karacsony-gergely-keruleteben\/","og_site_name":"Hot News in World","article_published_time":"2019-09-21T23:37:33+00:00","article_modified_time":"2019-09-21T23:37:34+00:00","og_image":[{"width":600,"height":315,"url":"https:\/\/hotnewsinworld.com\/hu\/wp-content\/uploads\/sites\/3\/2019\/09\/m\u00e9g-a-falvakban-is-k\u00fcl\u00f6nb-a-helyzet-mint-Kar\u00e1csony-Gergely.jpg","type":"image\/jpeg"}],"author":"hotnewsinworld","twitter_card":"summary_large_image","twitter_misc":{"Szerz\u0151:":"hotnewsinworld","Becs\u00fclt olvas\u00e1si id\u0151":"1 perc"},"schema":{"@context":"https:\/\/schema.org","@graph":[{"@type":"Article","@id":"https:\/\/hotnewsinworld.com\/hu\/meg-a-falvakban-is-kulonb-a-helyzet-mint-karacsony-gergely-keruleteben\/#article","isPartOf":{"@id":"https:\/\/hotnewsinworld.com\/hu\/meg-a-falvakban-is-kulonb-a-helyzet-mint-karacsony-gergely-keruleteben\/"},"author":{"name":"hotnewsinworld","@id":"https:\/\/hotnewsinworld.com\/hu\/#\/schema\/person\/fe61448b21c0d59086e75fcc1f9d8f6b"},"headline":"m\u00e9g a falvakban is k\u00fcl\u00f6nb a helyzet, mint Kar\u00e1csony Gergely ker\u00fclet\u00e9ben","datePublished":"2019-09-21T23:37:33+00:00","dateModified":"2019-09-21T23:37:34+00:00","mainEntityOfPage":{"@id":"https:\/\/hotnewsinworld.com\/hu\/meg-a-falvakban-is-kulonb-a-helyzet-mint-karacsony-gergely-keruleteben\/"},"wordCount":284,"commentCount":0,"image":{"@id":"https:\/\/hotnewsinworld.com\/hu\/meg-a-falvakban-is-kulonb-a-helyzet-mint-karacsony-gergely-keruleteben\/#primaryimage"},"thumbnailUrl":"https:\/\/hotnewsinworld.com\/hu\/wp-content\/uploads\/sites\/3\/2019\/09\/m\u00e9g-a-falvakban-is-k\u00fcl\u00f6nb-a-helyzet-mint-Kar\u00e1csony-Gergely.jpg","articleSection":["LEG\u00daJABB P\u00c9NZ\u00dcGYI H\u00cdREK"],"inLanguage":"hu","potentialAction":[{"@type":"CommentAction","name":"Comment","target":["https:\/\/hotnewsinworld.com\/hu\/meg-a-falvakban-is-kulonb-a-helyzet-mint-karacsony-gergely-keruleteben\/#respond"]}]},{"@type":"WebPage","@id":"https:\/\/hotnewsinworld.com\/hu\/meg-a-falvakban-is-kulonb-a-helyzet-mint-karacsony-gergely-keruleteben\/","url":"https:\/\/hotnewsinworld.com\/hu\/meg-a-falvakban-is-kulonb-a-helyzet-mint-karacsony-gergely-keruleteben\/","name":"m\u00e9g a falvakban is k\u00fcl\u00f6nb a helyzet, mint Kar\u00e1csony Gergely ker\u00fclet\u00e9ben - Hot News in World","isPartOf":{"@id":"https:\/\/hotnewsinworld.com\/hu\/#website"},"primaryImageOfPage":{"@id":"https:\/\/hotnewsinworld.com\/hu\/meg-a-falvakban-is-kulonb-a-helyzet-mint-karacsony-gergely-keruleteben\/#primaryimage"},"image":{"@id":"https:\/\/hotnewsinworld.com\/hu\/meg-a-falvakban-is-kulonb-a-helyzet-mint-karacsony-gergely-keruleteben\/#primaryimage"},"thumbnailUrl":"https:\/\/hotnewsinworld.com\/hu\/wp-content\/uploads\/sites\/3\/2019\/09\/m\u00e9g-a-falvakban-is-k\u00fcl\u00f6nb-a-helyzet-mint-Kar\u00e1csony-Gergely.jpg","datePublished":"2019-09-21T23:37:33+00:00","dateModified":"2019-09-21T23:37:34+00:00","author":{"@id":"https:\/\/hotnewsinworld.com\/hu\/#\/schema\/person\/fe61448b21c0d59086e75fcc1f9d8f6b"},"breadcrumb":{"@id":"https:\/\/hotnewsinworld.com\/hu\/meg-a-falvakban-is-kulonb-a-helyzet-mint-karacsony-gergely-keruleteben\/#breadcrumb"},"inLanguage":"hu","potentialAction":[{"@type":"ReadAction","target":["https:\/\/hotnewsinworld.com\/hu\/meg-a-falvakban-is-kulonb-a-helyzet-mint-karacsony-gergely-keruleteben\/"]}]},{"@type":"ImageObject","inLanguage":"hu","@id":"https:\/\/hotnewsinworld.com\/hu\/meg-a-falvakban-is-kulonb-a-helyzet-mint-karacsony-gergely-keruleteben\/#primaryimage","url":"https:\/\/hotnewsinworld.com\/hu\/wp-content\/uploads\/sites\/3\/2019\/09\/m\u00e9g-a-falvakban-is-k\u00fcl\u00f6nb-a-helyzet-mint-Kar\u00e1csony-Gergely.jpg","contentUrl":"https:\/\/hotnewsinworld.com\/hu\/wp-content\/uploads\/sites\/3\/2019\/09\/m\u00e9g-a-falvakban-is-k\u00fcl\u00f6nb-a-helyzet-mint-Kar\u00e1csony-Gergely.jpg","width":600,"height":315,"caption":"m\u00e9g a falvakban is k\u00fcl\u00f6nb a helyzet, mint Kar\u00e1csony Gergely ker\u00fclet\u00e9ben"},{"@type":"BreadcrumbList","@id":"https:\/\/hotnewsinworld.com\/hu\/meg-a-falvakban-is-kulonb-a-helyzet-mint-karacsony-gergely-keruleteben\/#breadcrumb","itemListElement":[{"@type":"ListItem","position":1,"name":"\u0413\u043b\u0430\u0432\u043d\u0430\u044f \u0441\u0442\u0440\u0430\u043d\u0438\u0446\u0430","item":"https:\/\/hotnewsinworld.com\/hu\/"},{"@type":"ListItem","position":2,"name":"m\u00e9g a falvakban is k\u00fcl\u00f6nb a helyzet, mint Kar\u00e1csony Gergely ker\u00fclet\u00e9ben"}]},{"@type":"WebSite","@id":"https:\/\/hotnewsinworld.com\/hu\/#website","url":"https:\/\/hotnewsinworld.com\/hu\/","name":"Hot News in World","description":"Hot News in World from Hungary","potentialAction":[{"@type":"SearchAction","target":{"@type":"EntryPoint","urlTemplate":"https:\/\/hotnewsinworld.com\/hu\/?s={search_term_string}"},"query-input":{"@type":"PropertyValueSpecification","valueRequired":true,"valueName":"search_term_string"}}],"inLanguage":"hu"},{"@type":"Person","@id":"https:\/\/hotnewsinworld.com\/hu\/#\/schema\/person\/fe61448b21c0d59086e75fcc1f9d8f6b","name":"hotnewsinworld","image":{"@type":"ImageObject","inLanguage":"hu","@id":"https:\/\/secure.gravatar.com\/avatar\/8a09ac165600ce2e1c38fe593c63928eb1e6e7ba5c5a907d67787c41b3d00c14?s=96&d=mm&r=g","url":"https:\/\/secure.gravatar.com\/avatar\/8a09ac165600ce2e1c38fe593c63928eb1e6e7ba5c5a907d67787c41b3d00c14?s=96&d=mm&r=g","contentUrl":"https:\/\/secure.gravatar.com\/avatar\/8a09ac165600ce2e1c38fe593c63928eb1e6e7ba5c5a907d67787c41b3d00c14?s=96&d=mm&r=g","caption":"hotnewsinworld"},"url":"https:\/\/hotnewsinworld.com\/hu\/author\/pt\/"}]}},"_links":{"self":[{"href":"https:\/\/hotnewsinworld.com\/hu\/wp-json\/wp\/v2\/posts\/2408","targetHints":{"allow":["GET"]}}],"collection":[{"href":"https:\/\/hotnewsinworld.com\/hu\/wp-json\/wp\/v2\/posts"}],"about":[{"href":"https:\/\/hotnewsinworld.com\/hu\/wp-json\/wp\/v2\/types\/post"}],"author":[{"embeddable":true,"href":"https:\/\/hotnewsinworld.com\/hu\/wp-json\/wp\/v2\/users\/2"}],"replies":[{"embeddable":true,"href":"https:\/\/hotnewsinworld.com\/hu\/wp-json\/wp\/v2\/comments?post=2408"}],"version-history":[{"count":1,"href":"https:\/\/hotnewsinworld.com\/hu\/wp-json\/wp\/v2\/posts\/2408\/revisions"}],"predecessor-version":[{"id":2410,"href":"https:\/\/hotnewsinworld.com\/hu\/wp-json\/wp\/v2\/posts\/2408\/revisions\/2410"}],"wp:featuredmedia":[{"embeddable":true,"href":"https:\/\/hotnewsinworld.com\/hu\/wp-json\/wp\/v2\/media\/2409"}],"wp:attachment":[{"href":"https:\/\/hotnewsinworld.com\/hu\/wp-json\/wp\/v2\/media?parent=2408"}],"wp:term":[{"taxonomy":"category","embeddable":true,"href":"https:\/\/hotnewsinworld.com\/hu\/wp-json\/wp\/v2\/categories?post=2408"},{"taxonomy":"post_tag","embeddable":true,"href":"https:\/\/hotnewsinworld.com\/hu\/wp-json\/wp\/v2\/tags?post=2408"}],"curies":[{"name":"wp","href":"https:\/\/api.w.org\/{rel}","templated":true}]}}