{"id":2414,"date":"2019-09-22T05:22:44","date_gmt":"2019-09-22T02:22:44","guid":{"rendered":"https:\/\/hotnewsinworld.com\/hu\/iden-is-lesz-europai-madarmegfigyelo-napok\/"},"modified":"2019-09-22T05:22:45","modified_gmt":"2019-09-22T02:22:45","slug":"iden-is-lesz-europai-madarmegfigyelo-napok","status":"publish","type":"post","link":"https:\/\/hotnewsinworld.com\/hu\/iden-is-lesz-europai-madarmegfigyelo-napok\/","title":{"rendered":"Id\u00e9n is lesz Eur\u00f3pai Mad\u00e1rmegfigyel\u0151 Napok"},"content":{"rendered":"<p>\tA madarak \u0151szi vonul\u00e1s\u00e1t figyelhetik meg \u00e9s r\u00f6gz\u00edthetik id\u00e9n \u0151sszel is az \u00e9rdekl\u0151d\u0151k az Eur\u00f3pai Mad\u00e1rmegfigyel\u0151 Napok (EMN) keret\u00e9ben okt\u00f3ber 5-6-\u00e1n &#8211; k\u00f6z\u00f6lte az MTI-vel az esem\u00e9ny magyarorsz\u00e1gi koordin\u00e1ci\u00f3j\u00e1t v\u00e9gz\u0151 Magyar Mad\u00e1rtani \u00e9s Term\u00e9szetv\u00e9delmi Egyes\u00fclet (MME).<\/p>\n<p>class=&#8221;&#8221;&gt;A madarak \u0151szi vonul\u00e1s\u00e1t figyelhetik meg \u00e9s r\u00f6gz\u00edthetik id\u00e9n \u0151sszel is az \u00e9rdekl\u0151d\u0151k az Eur\u00f3pai Mad\u00e1rmegfigyel\u0151 Napok (EMN) keret\u00e9ben okt\u00f3ber 5-6-\u00e1n &#8211; k\u00f6z\u00f6lte az MTI-vel az esem\u00e9ny magyarorsz\u00e1gi koordin\u00e1ci\u00f3j\u00e1t v\u00e9gz\u0151 Magyar Mad\u00e1rtani \u00e9s Term\u00e9szetv\u00e9delmi Egyes\u00fclet (MME).class=&#8221;&#8221;&gt;A program c\u00e9lja, hogy inform\u00e1ci\u00f3t gy\u0171jtsenek az \u0151szi mad\u00e1rvonul\u00e1sr\u00f3l a lakoss\u00e1g seg\u00edts\u00e9g\u00e9vel.class=&#8221;&#8221;&gt;A program c\u00e9lja, hogy inform\u00e1ci\u00f3t gy\u0171jtsenek az \u0151szi mad\u00e1rvonul\u00e1sr\u00f3l a lakoss\u00e1g seg\u00edts\u00e9g\u00e9vel.class=&#8221;line-title-with-image&#8221;&gt;Okt\u00f3ber els\u0151 h\u00e9tv\u00e9g\u00e9j\u00e9n rendezik meg az Eur\u00f3pai Mad\u00e1rmegfigyel\u0151 Napokat.class=&#8221;line-title-with-image&#8221;&gt;Ekkor rendezik meg az Eur\u00f3pai Mad\u00e1rmegfigyel\u0151 Napokat.class=&#8221;line-title-with-image&#8221;&gt;A madarak \u0151szi vonul\u00e1s\u00e1t figyelhetik meg \u00e9s r\u00f6gz\u00edthetik id\u00e9n \u0151sszel is az \u00e9rdekl\u0151d\u0151k az Eur\u00f3pai Mad\u00e1rmegfigyel\u0151 Napok (EMN) keret\u00e9ben okt\u00f3ber 5-6-\u00e1n \u2013 k\u00f6z\u00f6lte az MTI-vel az esem\u00e9ny magyarorsz\u00e1gi koordin\u00e1ci\u00f3j\u00e1t v\u00e9gz\u0151 Magyar Mad\u00e1rtani \u00e9s Term\u00e9szetv\u00e9delmi Egyes\u00fclet (MME). A program c\u00e9lja, hogy inform\u00e1ci\u00f3t gy\u0171jtsenek az \u0151szi\u2026class=&#8221;line-title-with-image&#8221;&gt;A program c\u00e9lja, hogy inform\u00e1ci\u00f3t gy\u0171jtsenek az \u0151szi mad\u00e1rvonul\u00e1sr\u00f3l a lakoss\u00e1g seg\u00edts\u00e9g\u00e9vel.<br \/>\n<br \/>\n<!--noindex--><br \/>\n<a href=\"https:\/\/hirek.oldal.info\/rssclick\/14416592\" rel=\"nofollow\">Source link <\/a><br \/>\n<!--\/noindex--><\/p>\n","protected":false},"excerpt":{"rendered":"<p>A madarak \u0151szi vonul\u00e1s\u00e1t figyelhetik meg \u00e9s r\u00f6gz\u00edthetik id\u00e9n \u0151sszel is az \u00e9rdekl\u0151d\u0151k az Eur\u00f3pai Mad\u00e1rmegfigyel\u0151 Napok (EMN) keret\u00e9ben okt\u00f3ber 5-6-\u00e1n &#8211; k\u00f6z\u00f6lte az MTI-vel az esem\u00e9ny magyarorsz\u00e1gi koordin\u00e1ci\u00f3j\u00e1t v\u00e9gz\u0151 Magyar Mad\u00e1rtani \u00e9s Term\u00e9szetv\u00e9delmi Egyes\u00fclet (MME). class=&#8221;&#8221;&gt;A madarak \u0151szi vonul\u00e1s\u00e1t figyelhetik meg \u00e9s r\u00f6gz\u00edthetik id\u00e9n \u0151sszel is az \u00e9rdekl\u0151d\u0151k az Eur\u00f3pai Mad\u00e1rmegfigyel\u0151 Napok (EMN) keret\u00e9ben [&hellip;]<\/p>\n","protected":false},"author":2,"featured_media":2415,"comment_status":"open","ping_status":"open","sticky":false,"template":"","format":"standard","meta":{"footnotes":""},"categories":[1],"tags":[],"class_list":["post-2414","post","type-post","status-publish","format-standard","has-post-thumbnail","hentry","category-legujabb-penzugyi-hirek"],"yoast_head":"<!-- This site is optimized with the Yoast SEO plugin v27.4 - https:\/\/yoast.com\/product\/yoast-seo-wordpress\/ -->\n<title>Id\u00e9n is lesz Eur\u00f3pai Mad\u00e1rmegfigyel\u0151 Napok - Hot News in World<\/title>\n<meta name=\"robots\" content=\"index, follow, max-snippet:-1, max-image-preview:large, max-video-preview:-1\" \/>\n<link rel=\"canonical\" href=\"https:\/\/hotnewsinworld.com\/hu\/iden-is-lesz-europai-madarmegfigyelo-napok\/\" \/>\n<meta property=\"og:locale\" content=\"hu_HU\" \/>\n<meta property=\"og:type\" content=\"article\" \/>\n<meta property=\"og:title\" content=\"Id\u00e9n is lesz Eur\u00f3pai Mad\u00e1rmegfigyel\u0151 Napok - Hot News in World\" \/>\n<meta property=\"og:description\" content=\"A madarak \u0151szi vonul\u00e1s\u00e1t figyelhetik meg \u00e9s r\u00f6gz\u00edthetik id\u00e9n \u0151sszel is az \u00e9rdekl\u0151d\u0151k az Eur\u00f3pai Mad\u00e1rmegfigyel\u0151 Napok (EMN) keret\u00e9ben okt\u00f3ber 5-6-\u00e1n &#8211; k\u00f6z\u00f6lte az MTI-vel az esem\u00e9ny magyarorsz\u00e1gi koordin\u00e1ci\u00f3j\u00e1t v\u00e9gz\u0151 Magyar Mad\u00e1rtani \u00e9s Term\u00e9szetv\u00e9delmi Egyes\u00fclet (MME). class=&#8221;&#8221;&gt;A madarak \u0151szi vonul\u00e1s\u00e1t figyelhetik meg \u00e9s r\u00f6gz\u00edthetik id\u00e9n \u0151sszel is az \u00e9rdekl\u0151d\u0151k az Eur\u00f3pai Mad\u00e1rmegfigyel\u0151 Napok (EMN) keret\u00e9ben [&hellip;]\" \/>\n<meta property=\"og:url\" content=\"https:\/\/hotnewsinworld.com\/hu\/iden-is-lesz-europai-madarmegfigyelo-napok\/\" \/>\n<meta property=\"og:site_name\" content=\"Hot News in World\" \/>\n<meta property=\"article:published_time\" content=\"2019-09-22T02:22:44+00:00\" \/>\n<meta property=\"article:modified_time\" content=\"2019-09-22T02:22:45+00:00\" \/>\n<meta property=\"og:image\" content=\"https:\/\/hotnewsinworld.com\/hu\/wp-content\/uploads\/sites\/3\/2019\/09\/Id\u00e9n-is-lesz-Eur\u00f3pai-Mad\u00e1rmegfigyel\u0151-Napok.jpeg\" \/>\n\t<meta property=\"og:image:width\" content=\"600\" \/>\n\t<meta property=\"og:image:height\" content=\"315\" \/>\n\t<meta property=\"og:image:type\" content=\"image\/jpeg\" \/>\n<meta name=\"author\" content=\"hotnewsinworld\" \/>\n<meta name=\"twitter:card\" content=\"summary_large_image\" \/>\n<meta name=\"twitter:label1\" content=\"Szerz\u0151:\" \/>\n\t<meta name=\"twitter:data1\" content=\"hotnewsinworld\" \/>\n\t<meta name=\"twitter:label2\" content=\"Becs\u00fclt olvas\u00e1si id\u0151\" \/>\n\t<meta name=\"twitter:data2\" content=\"2 perc\" \/>\n<script type=\"application\/ld+json\" class=\"yoast-schema-graph\">{\"@context\":\"https:\\\/\\\/schema.org\",\"@graph\":[{\"@type\":\"Article\",\"@id\":\"https:\\\/\\\/hotnewsinworld.com\\\/hu\\\/iden-is-lesz-europai-madarmegfigyelo-napok\\\/#article\",\"isPartOf\":{\"@id\":\"https:\\\/\\\/hotnewsinworld.com\\\/hu\\\/iden-is-lesz-europai-madarmegfigyelo-napok\\\/\"},\"author\":{\"name\":\"hotnewsinworld\",\"@id\":\"https:\\\/\\\/hotnewsinworld.com\\\/hu\\\/#\\\/schema\\\/person\\\/fe61448b21c0d59086e75fcc1f9d8f6b\"},\"headline\":\"Id\u00e9n is lesz Eur\u00f3pai Mad\u00e1rmegfigyel\u0151 Napok\",\"datePublished\":\"2019-09-22T02:22:44+00:00\",\"dateModified\":\"2019-09-22T02:22:45+00:00\",\"mainEntityOfPage\":{\"@id\":\"https:\\\/\\\/hotnewsinworld.com\\\/hu\\\/iden-is-lesz-europai-madarmegfigyelo-napok\\\/\"},\"wordCount\":317,\"commentCount\":0,\"image\":{\"@id\":\"https:\\\/\\\/hotnewsinworld.com\\\/hu\\\/iden-is-lesz-europai-madarmegfigyelo-napok\\\/#primaryimage\"},\"thumbnailUrl\":\"https:\\\/\\\/hotnewsinworld.com\\\/hu\\\/wp-content\\\/uploads\\\/sites\\\/3\\\/2019\\\/09\\\/Id\u00e9n-is-lesz-Eur\u00f3pai-Mad\u00e1rmegfigyel\u0151-Napok.jpeg\",\"articleSection\":[\"LEG\u00daJABB P\u00c9NZ\u00dcGYI H\u00cdREK\"],\"inLanguage\":\"hu\",\"potentialAction\":[{\"@type\":\"CommentAction\",\"name\":\"Comment\",\"target\":[\"https:\\\/\\\/hotnewsinworld.com\\\/hu\\\/iden-is-lesz-europai-madarmegfigyelo-napok\\\/#respond\"]}]},{\"@type\":\"WebPage\",\"@id\":\"https:\\\/\\\/hotnewsinworld.com\\\/hu\\\/iden-is-lesz-europai-madarmegfigyelo-napok\\\/\",\"url\":\"https:\\\/\\\/hotnewsinworld.com\\\/hu\\\/iden-is-lesz-europai-madarmegfigyelo-napok\\\/\",\"name\":\"Id\u00e9n is lesz Eur\u00f3pai Mad\u00e1rmegfigyel\u0151 Napok - Hot News in World\",\"isPartOf\":{\"@id\":\"https:\\\/\\\/hotnewsinworld.com\\\/hu\\\/#website\"},\"primaryImageOfPage\":{\"@id\":\"https:\\\/\\\/hotnewsinworld.com\\\/hu\\\/iden-is-lesz-europai-madarmegfigyelo-napok\\\/#primaryimage\"},\"image\":{\"@id\":\"https:\\\/\\\/hotnewsinworld.com\\\/hu\\\/iden-is-lesz-europai-madarmegfigyelo-napok\\\/#primaryimage\"},\"thumbnailUrl\":\"https:\\\/\\\/hotnewsinworld.com\\\/hu\\\/wp-content\\\/uploads\\\/sites\\\/3\\\/2019\\\/09\\\/Id\u00e9n-is-lesz-Eur\u00f3pai-Mad\u00e1rmegfigyel\u0151-Napok.jpeg\",\"datePublished\":\"2019-09-22T02:22:44+00:00\",\"dateModified\":\"2019-09-22T02:22:45+00:00\",\"author\":{\"@id\":\"https:\\\/\\\/hotnewsinworld.com\\\/hu\\\/#\\\/schema\\\/person\\\/fe61448b21c0d59086e75fcc1f9d8f6b\"},\"breadcrumb\":{\"@id\":\"https:\\\/\\\/hotnewsinworld.com\\\/hu\\\/iden-is-lesz-europai-madarmegfigyelo-napok\\\/#breadcrumb\"},\"inLanguage\":\"hu\",\"potentialAction\":[{\"@type\":\"ReadAction\",\"target\":[\"https:\\\/\\\/hotnewsinworld.com\\\/hu\\\/iden-is-lesz-europai-madarmegfigyelo-napok\\\/\"]}]},{\"@type\":\"ImageObject\",\"inLanguage\":\"hu\",\"@id\":\"https:\\\/\\\/hotnewsinworld.com\\\/hu\\\/iden-is-lesz-europai-madarmegfigyelo-napok\\\/#primaryimage\",\"url\":\"https:\\\/\\\/hotnewsinworld.com\\\/hu\\\/wp-content\\\/uploads\\\/sites\\\/3\\\/2019\\\/09\\\/Id\u00e9n-is-lesz-Eur\u00f3pai-Mad\u00e1rmegfigyel\u0151-Napok.jpeg\",\"contentUrl\":\"https:\\\/\\\/hotnewsinworld.com\\\/hu\\\/wp-content\\\/uploads\\\/sites\\\/3\\\/2019\\\/09\\\/Id\u00e9n-is-lesz-Eur\u00f3pai-Mad\u00e1rmegfigyel\u0151-Napok.jpeg\",\"width\":600,\"height\":315,\"caption\":\"Id\u00e9n is lesz Eur\u00f3pai Mad\u00e1rmegfigyel\u0151 Napok\"},{\"@type\":\"BreadcrumbList\",\"@id\":\"https:\\\/\\\/hotnewsinworld.com\\\/hu\\\/iden-is-lesz-europai-madarmegfigyelo-napok\\\/#breadcrumb\",\"itemListElement\":[{\"@type\":\"ListItem\",\"position\":1,\"name\":\"\u0413\u043b\u0430\u0432\u043d\u0430\u044f \u0441\u0442\u0440\u0430\u043d\u0438\u0446\u0430\",\"item\":\"https:\\\/\\\/hotnewsinworld.com\\\/hu\\\/\"},{\"@type\":\"ListItem\",\"position\":2,\"name\":\"Id\u00e9n is lesz Eur\u00f3pai Mad\u00e1rmegfigyel\u0151 Napok\"}]},{\"@type\":\"WebSite\",\"@id\":\"https:\\\/\\\/hotnewsinworld.com\\\/hu\\\/#website\",\"url\":\"https:\\\/\\\/hotnewsinworld.com\\\/hu\\\/\",\"name\":\"Hot News in World\",\"description\":\"Hot News in World from Hungary\",\"potentialAction\":[{\"@type\":\"SearchAction\",\"target\":{\"@type\":\"EntryPoint\",\"urlTemplate\":\"https:\\\/\\\/hotnewsinworld.com\\\/hu\\\/?s={search_term_string}\"},\"query-input\":{\"@type\":\"PropertyValueSpecification\",\"valueRequired\":true,\"valueName\":\"search_term_string\"}}],\"inLanguage\":\"hu\"},{\"@type\":\"Person\",\"@id\":\"https:\\\/\\\/hotnewsinworld.com\\\/hu\\\/#\\\/schema\\\/person\\\/fe61448b21c0d59086e75fcc1f9d8f6b\",\"name\":\"hotnewsinworld\",\"image\":{\"@type\":\"ImageObject\",\"inLanguage\":\"hu\",\"@id\":\"https:\\\/\\\/secure.gravatar.com\\\/avatar\\\/8a09ac165600ce2e1c38fe593c63928eb1e6e7ba5c5a907d67787c41b3d00c14?s=96&d=mm&r=g\",\"url\":\"https:\\\/\\\/secure.gravatar.com\\\/avatar\\\/8a09ac165600ce2e1c38fe593c63928eb1e6e7ba5c5a907d67787c41b3d00c14?s=96&d=mm&r=g\",\"contentUrl\":\"https:\\\/\\\/secure.gravatar.com\\\/avatar\\\/8a09ac165600ce2e1c38fe593c63928eb1e6e7ba5c5a907d67787c41b3d00c14?s=96&d=mm&r=g\",\"caption\":\"hotnewsinworld\"},\"url\":\"https:\\\/\\\/hotnewsinworld.com\\\/hu\\\/author\\\/pt\\\/\"}]}<\/script>\n<!-- \/ Yoast SEO plugin. -->","yoast_head_json":{"title":"Id\u00e9n is lesz Eur\u00f3pai Mad\u00e1rmegfigyel\u0151 Napok - Hot News in World","robots":{"index":"index","follow":"follow","max-snippet":"max-snippet:-1","max-image-preview":"max-image-preview:large","max-video-preview":"max-video-preview:-1"},"canonical":"https:\/\/hotnewsinworld.com\/hu\/iden-is-lesz-europai-madarmegfigyelo-napok\/","og_locale":"hu_HU","og_type":"article","og_title":"Id\u00e9n is lesz Eur\u00f3pai Mad\u00e1rmegfigyel\u0151 Napok - Hot News in World","og_description":"A madarak \u0151szi vonul\u00e1s\u00e1t figyelhetik meg \u00e9s r\u00f6gz\u00edthetik id\u00e9n \u0151sszel is az \u00e9rdekl\u0151d\u0151k az Eur\u00f3pai Mad\u00e1rmegfigyel\u0151 Napok (EMN) keret\u00e9ben okt\u00f3ber 5-6-\u00e1n &#8211; k\u00f6z\u00f6lte az MTI-vel az esem\u00e9ny magyarorsz\u00e1gi koordin\u00e1ci\u00f3j\u00e1t v\u00e9gz\u0151 Magyar Mad\u00e1rtani \u00e9s Term\u00e9szetv\u00e9delmi Egyes\u00fclet (MME). class=&#8221;&#8221;&gt;A madarak \u0151szi vonul\u00e1s\u00e1t figyelhetik meg \u00e9s r\u00f6gz\u00edthetik id\u00e9n \u0151sszel is az \u00e9rdekl\u0151d\u0151k az Eur\u00f3pai Mad\u00e1rmegfigyel\u0151 Napok (EMN) keret\u00e9ben [&hellip;]","og_url":"https:\/\/hotnewsinworld.com\/hu\/iden-is-lesz-europai-madarmegfigyelo-napok\/","og_site_name":"Hot News in World","article_published_time":"2019-09-22T02:22:44+00:00","article_modified_time":"2019-09-22T02:22:45+00:00","og_image":[{"width":600,"height":315,"url":"https:\/\/hotnewsinworld.com\/hu\/wp-content\/uploads\/sites\/3\/2019\/09\/Id\u00e9n-is-lesz-Eur\u00f3pai-Mad\u00e1rmegfigyel\u0151-Napok.jpeg","type":"image\/jpeg"}],"author":"hotnewsinworld","twitter_card":"summary_large_image","twitter_misc":{"Szerz\u0151:":"hotnewsinworld","Becs\u00fclt olvas\u00e1si id\u0151":"2 perc"},"schema":{"@context":"https:\/\/schema.org","@graph":[{"@type":"Article","@id":"https:\/\/hotnewsinworld.com\/hu\/iden-is-lesz-europai-madarmegfigyelo-napok\/#article","isPartOf":{"@id":"https:\/\/hotnewsinworld.com\/hu\/iden-is-lesz-europai-madarmegfigyelo-napok\/"},"author":{"name":"hotnewsinworld","@id":"https:\/\/hotnewsinworld.com\/hu\/#\/schema\/person\/fe61448b21c0d59086e75fcc1f9d8f6b"},"headline":"Id\u00e9n is lesz Eur\u00f3pai Mad\u00e1rmegfigyel\u0151 Napok","datePublished":"2019-09-22T02:22:44+00:00","dateModified":"2019-09-22T02:22:45+00:00","mainEntityOfPage":{"@id":"https:\/\/hotnewsinworld.com\/hu\/iden-is-lesz-europai-madarmegfigyelo-napok\/"},"wordCount":317,"commentCount":0,"image":{"@id":"https:\/\/hotnewsinworld.com\/hu\/iden-is-lesz-europai-madarmegfigyelo-napok\/#primaryimage"},"thumbnailUrl":"https:\/\/hotnewsinworld.com\/hu\/wp-content\/uploads\/sites\/3\/2019\/09\/Id\u00e9n-is-lesz-Eur\u00f3pai-Mad\u00e1rmegfigyel\u0151-Napok.jpeg","articleSection":["LEG\u00daJABB P\u00c9NZ\u00dcGYI H\u00cdREK"],"inLanguage":"hu","potentialAction":[{"@type":"CommentAction","name":"Comment","target":["https:\/\/hotnewsinworld.com\/hu\/iden-is-lesz-europai-madarmegfigyelo-napok\/#respond"]}]},{"@type":"WebPage","@id":"https:\/\/hotnewsinworld.com\/hu\/iden-is-lesz-europai-madarmegfigyelo-napok\/","url":"https:\/\/hotnewsinworld.com\/hu\/iden-is-lesz-europai-madarmegfigyelo-napok\/","name":"Id\u00e9n is lesz Eur\u00f3pai Mad\u00e1rmegfigyel\u0151 Napok - Hot News in World","isPartOf":{"@id":"https:\/\/hotnewsinworld.com\/hu\/#website"},"primaryImageOfPage":{"@id":"https:\/\/hotnewsinworld.com\/hu\/iden-is-lesz-europai-madarmegfigyelo-napok\/#primaryimage"},"image":{"@id":"https:\/\/hotnewsinworld.com\/hu\/iden-is-lesz-europai-madarmegfigyelo-napok\/#primaryimage"},"thumbnailUrl":"https:\/\/hotnewsinworld.com\/hu\/wp-content\/uploads\/sites\/3\/2019\/09\/Id\u00e9n-is-lesz-Eur\u00f3pai-Mad\u00e1rmegfigyel\u0151-Napok.jpeg","datePublished":"2019-09-22T02:22:44+00:00","dateModified":"2019-09-22T02:22:45+00:00","author":{"@id":"https:\/\/hotnewsinworld.com\/hu\/#\/schema\/person\/fe61448b21c0d59086e75fcc1f9d8f6b"},"breadcrumb":{"@id":"https:\/\/hotnewsinworld.com\/hu\/iden-is-lesz-europai-madarmegfigyelo-napok\/#breadcrumb"},"inLanguage":"hu","potentialAction":[{"@type":"ReadAction","target":["https:\/\/hotnewsinworld.com\/hu\/iden-is-lesz-europai-madarmegfigyelo-napok\/"]}]},{"@type":"ImageObject","inLanguage":"hu","@id":"https:\/\/hotnewsinworld.com\/hu\/iden-is-lesz-europai-madarmegfigyelo-napok\/#primaryimage","url":"https:\/\/hotnewsinworld.com\/hu\/wp-content\/uploads\/sites\/3\/2019\/09\/Id\u00e9n-is-lesz-Eur\u00f3pai-Mad\u00e1rmegfigyel\u0151-Napok.jpeg","contentUrl":"https:\/\/hotnewsinworld.com\/hu\/wp-content\/uploads\/sites\/3\/2019\/09\/Id\u00e9n-is-lesz-Eur\u00f3pai-Mad\u00e1rmegfigyel\u0151-Napok.jpeg","width":600,"height":315,"caption":"Id\u00e9n is lesz Eur\u00f3pai Mad\u00e1rmegfigyel\u0151 Napok"},{"@type":"BreadcrumbList","@id":"https:\/\/hotnewsinworld.com\/hu\/iden-is-lesz-europai-madarmegfigyelo-napok\/#breadcrumb","itemListElement":[{"@type":"ListItem","position":1,"name":"\u0413\u043b\u0430\u0432\u043d\u0430\u044f \u0441\u0442\u0440\u0430\u043d\u0438\u0446\u0430","item":"https:\/\/hotnewsinworld.com\/hu\/"},{"@type":"ListItem","position":2,"name":"Id\u00e9n is lesz Eur\u00f3pai Mad\u00e1rmegfigyel\u0151 Napok"}]},{"@type":"WebSite","@id":"https:\/\/hotnewsinworld.com\/hu\/#website","url":"https:\/\/hotnewsinworld.com\/hu\/","name":"Hot News in World","description":"Hot News in World from Hungary","potentialAction":[{"@type":"SearchAction","target":{"@type":"EntryPoint","urlTemplate":"https:\/\/hotnewsinworld.com\/hu\/?s={search_term_string}"},"query-input":{"@type":"PropertyValueSpecification","valueRequired":true,"valueName":"search_term_string"}}],"inLanguage":"hu"},{"@type":"Person","@id":"https:\/\/hotnewsinworld.com\/hu\/#\/schema\/person\/fe61448b21c0d59086e75fcc1f9d8f6b","name":"hotnewsinworld","image":{"@type":"ImageObject","inLanguage":"hu","@id":"https:\/\/secure.gravatar.com\/avatar\/8a09ac165600ce2e1c38fe593c63928eb1e6e7ba5c5a907d67787c41b3d00c14?s=96&d=mm&r=g","url":"https:\/\/secure.gravatar.com\/avatar\/8a09ac165600ce2e1c38fe593c63928eb1e6e7ba5c5a907d67787c41b3d00c14?s=96&d=mm&r=g","contentUrl":"https:\/\/secure.gravatar.com\/avatar\/8a09ac165600ce2e1c38fe593c63928eb1e6e7ba5c5a907d67787c41b3d00c14?s=96&d=mm&r=g","caption":"hotnewsinworld"},"url":"https:\/\/hotnewsinworld.com\/hu\/author\/pt\/"}]}},"_links":{"self":[{"href":"https:\/\/hotnewsinworld.com\/hu\/wp-json\/wp\/v2\/posts\/2414","targetHints":{"allow":["GET"]}}],"collection":[{"href":"https:\/\/hotnewsinworld.com\/hu\/wp-json\/wp\/v2\/posts"}],"about":[{"href":"https:\/\/hotnewsinworld.com\/hu\/wp-json\/wp\/v2\/types\/post"}],"author":[{"embeddable":true,"href":"https:\/\/hotnewsinworld.com\/hu\/wp-json\/wp\/v2\/users\/2"}],"replies":[{"embeddable":true,"href":"https:\/\/hotnewsinworld.com\/hu\/wp-json\/wp\/v2\/comments?post=2414"}],"version-history":[{"count":1,"href":"https:\/\/hotnewsinworld.com\/hu\/wp-json\/wp\/v2\/posts\/2414\/revisions"}],"predecessor-version":[{"id":2416,"href":"https:\/\/hotnewsinworld.com\/hu\/wp-json\/wp\/v2\/posts\/2414\/revisions\/2416"}],"wp:featuredmedia":[{"embeddable":true,"href":"https:\/\/hotnewsinworld.com\/hu\/wp-json\/wp\/v2\/media\/2415"}],"wp:attachment":[{"href":"https:\/\/hotnewsinworld.com\/hu\/wp-json\/wp\/v2\/media?parent=2414"}],"wp:term":[{"taxonomy":"category","embeddable":true,"href":"https:\/\/hotnewsinworld.com\/hu\/wp-json\/wp\/v2\/categories?post=2414"},{"taxonomy":"post_tag","embeddable":true,"href":"https:\/\/hotnewsinworld.com\/hu\/wp-json\/wp\/v2\/tags?post=2414"}],"curies":[{"name":"wp","href":"https:\/\/api.w.org\/{rel}","templated":true}]}}