{"id":2420,"date":"2019-09-22T08:13:46","date_gmt":"2019-09-22T05:13:46","guid":{"rendered":"https:\/\/hotnewsinworld.com\/hu\/szazan-ujpestert-a-magyar-rendorseg-hivatalos-honlapja\/"},"modified":"2019-09-22T08:13:47","modified_gmt":"2019-09-22T05:13:47","slug":"szazan-ujpestert-a-magyar-rendorseg-hivatalos-honlapja","status":"publish","type":"post","link":"https:\/\/hotnewsinworld.com\/hu\/szazan-ujpestert-a-magyar-rendorseg-hivatalos-honlapja\/","title":{"rendered":"Sz\u00e1zan \u00dajpest\u00e9rt | A Magyar Rend\u0151rs\u00e9g hivatalos honlapja"},"content":{"rendered":"\n<p>            K\u00f6zbiztons\u00e1gi \u00e9s k\u00f6zleked\u00e9srend\u00e9szeti akci\u00f3t tartottak a IV. ker\u00fcleti rend\u0151r\u00f6k, amelybe bevont\u00e1k a t\u00e1rshat\u00f3s\u00e1gokat is.<\/p>\n<p>            Az \u00f6sszehangolt akci\u00f3t 2012 \u00f3ta tartja egy\u00fctt a rend\u0151rs\u00e9g, az \u00f6nkorm\u00e1nyzati rend\u00e9szet, a katasztr\u00f3fav\u00e9delem, a Polg\u00e1r\u0151rs\u00e9g, a Nemzeti Ad\u00f3- \u00e9s V\u00e1mhivatal, a munka\u00fcgyi fel\u00fcgyel\u0151s\u00e9g, a k\u00f6zleked\u00e9si hat\u00f3s\u00e1g \u00e9s a ker\u00fcleti \u00e1llatv\u00e9delmi liga.<\/p>\n<p>Az akci\u00f3 sor\u00e1n \u00f6sszesen 313 embert igazoltattak. A rend\u0151r\u00f6k elfogtak k\u00e9t f\u00e9rfit gar\u00e1zdas\u00e1g, \u00f6t f\u0151t k\u00e1b\u00edt\u00f3szer birtokl\u00e1sa, k\u00e9t f\u0151t pedig tr\u00fckk\u00f6s lop\u00e1s miatt.<\/p>\n<p>Egy f\u00e9rfit szab\u00e1lys\u00e9rt\u00e9si \u0151rizetbe vettek, mert j\u00e1rm\u0171vezet\u00e9st\u0151l eltilt\u00e1s hat\u00e1lya alatt vezetett.<\/p>\n<p>A k\u00f6zleked\u00e9si j\u00e1r\u0151r\u00f6k egy esetben az\u00e9rt szabtak ki k\u00f6zigazgat\u00e1si b\u00edrs\u00e1got, mert a sof\u0151r ittasan vezetett.<\/p>\n<p>Az \u00e9jszakai ellen\u0151rz\u00e9sben r\u00e9sztvev\u0151 rend\u0151r\u00f6k egy forgalmi enged\u00e9lyt a helysz\u00ednen elvettek, mert az aut\u00f3t szab\u00e1lytalanul \u00e1talak\u00edtott\u00e1k.<\/p>\n<p>Az akci\u00f3ban t\u00f6bb mint sz\u00e1zan vettek r\u00e9szt.<\/p>\n<p>\n<!--noindex--><br \/>\n<a href=\"https:\/\/hirek.oldal.info\/rssclick\/14416690\" rel=\"nofollow\">Source link <\/a><br \/>\n<!--\/noindex--><\/p>\n","protected":false},"excerpt":{"rendered":"<p>K\u00f6zbiztons\u00e1gi \u00e9s k\u00f6zleked\u00e9srend\u00e9szeti akci\u00f3t tartottak a IV. ker\u00fcleti rend\u0151r\u00f6k, amelybe bevont\u00e1k a t\u00e1rshat\u00f3s\u00e1gokat is. Az \u00f6sszehangolt akci\u00f3t 2012 \u00f3ta tartja egy\u00fctt a rend\u0151rs\u00e9g, az \u00f6nkorm\u00e1nyzati rend\u00e9szet, a katasztr\u00f3fav\u00e9delem, a Polg\u00e1r\u0151rs\u00e9g, a Nemzeti Ad\u00f3- \u00e9s V\u00e1mhivatal, a munka\u00fcgyi fel\u00fcgyel\u0151s\u00e9g, a k\u00f6zleked\u00e9si hat\u00f3s\u00e1g \u00e9s a ker\u00fcleti \u00e1llatv\u00e9delmi liga. Az akci\u00f3 sor\u00e1n \u00f6sszesen 313 embert igazoltattak. A rend\u0151r\u00f6k [&hellip;]<\/p>\n","protected":false},"author":2,"featured_media":2421,"comment_status":"open","ping_status":"open","sticky":false,"template":"","format":"standard","meta":{"footnotes":""},"categories":[1],"tags":[],"class_list":["post-2420","post","type-post","status-publish","format-standard","has-post-thumbnail","hentry","category-legujabb-penzugyi-hirek"],"yoast_head":"<!-- This site is optimized with the Yoast SEO plugin v27.4 - https:\/\/yoast.com\/product\/yoast-seo-wordpress\/ -->\n<title>Sz\u00e1zan \u00dajpest\u00e9rt | A Magyar Rend\u0151rs\u00e9g hivatalos honlapja - Hot News in World<\/title>\n<meta name=\"robots\" content=\"index, follow, max-snippet:-1, max-image-preview:large, max-video-preview:-1\" \/>\n<link rel=\"canonical\" href=\"https:\/\/hotnewsinworld.com\/hu\/szazan-ujpestert-a-magyar-rendorseg-hivatalos-honlapja\/\" \/>\n<meta property=\"og:locale\" content=\"hu_HU\" \/>\n<meta property=\"og:type\" content=\"article\" \/>\n<meta property=\"og:title\" content=\"Sz\u00e1zan \u00dajpest\u00e9rt | A Magyar Rend\u0151rs\u00e9g hivatalos honlapja - Hot News in World\" \/>\n<meta property=\"og:description\" content=\"K\u00f6zbiztons\u00e1gi \u00e9s k\u00f6zleked\u00e9srend\u00e9szeti akci\u00f3t tartottak a IV. ker\u00fcleti rend\u0151r\u00f6k, amelybe bevont\u00e1k a t\u00e1rshat\u00f3s\u00e1gokat is. Az \u00f6sszehangolt akci\u00f3t 2012 \u00f3ta tartja egy\u00fctt a rend\u0151rs\u00e9g, az \u00f6nkorm\u00e1nyzati rend\u00e9szet, a katasztr\u00f3fav\u00e9delem, a Polg\u00e1r\u0151rs\u00e9g, a Nemzeti Ad\u00f3- \u00e9s V\u00e1mhivatal, a munka\u00fcgyi fel\u00fcgyel\u0151s\u00e9g, a k\u00f6zleked\u00e9si hat\u00f3s\u00e1g \u00e9s a ker\u00fcleti \u00e1llatv\u00e9delmi liga. Az akci\u00f3 sor\u00e1n \u00f6sszesen 313 embert igazoltattak. A rend\u0151r\u00f6k [&hellip;]\" \/>\n<meta property=\"og:url\" content=\"https:\/\/hotnewsinworld.com\/hu\/szazan-ujpestert-a-magyar-rendorseg-hivatalos-honlapja\/\" \/>\n<meta property=\"og:site_name\" content=\"Hot News in World\" \/>\n<meta property=\"article:published_time\" content=\"2019-09-22T05:13:46+00:00\" \/>\n<meta property=\"article:modified_time\" content=\"2019-09-22T05:13:47+00:00\" \/>\n<meta property=\"og:image\" content=\"https:\/\/hotnewsinworld.com\/hu\/wp-content\/uploads\/sites\/3\/2019\/09\/Sz\u00e1zan-\u00dajpest\u00e9rt-A-Magyar-Rend\u0151rs\u00e9g-hivatalos-honlapja.jpg\" \/>\n\t<meta property=\"og:image:width\" content=\"751\" \/>\n\t<meta property=\"og:image:height\" content=\"500\" \/>\n\t<meta property=\"og:image:type\" content=\"image\/jpeg\" \/>\n<meta name=\"author\" content=\"hotnewsinworld\" \/>\n<meta name=\"twitter:card\" content=\"summary_large_image\" \/>\n<meta name=\"twitter:label1\" content=\"Szerz\u0151:\" \/>\n\t<meta name=\"twitter:data1\" content=\"hotnewsinworld\" \/>\n\t<meta name=\"twitter:label2\" content=\"Becs\u00fclt olvas\u00e1si id\u0151\" \/>\n\t<meta name=\"twitter:data2\" content=\"1 perc\" \/>\n<script type=\"application\/ld+json\" class=\"yoast-schema-graph\">{\"@context\":\"https:\\\/\\\/schema.org\",\"@graph\":[{\"@type\":\"Article\",\"@id\":\"https:\\\/\\\/hotnewsinworld.com\\\/hu\\\/szazan-ujpestert-a-magyar-rendorseg-hivatalos-honlapja\\\/#article\",\"isPartOf\":{\"@id\":\"https:\\\/\\\/hotnewsinworld.com\\\/hu\\\/szazan-ujpestert-a-magyar-rendorseg-hivatalos-honlapja\\\/\"},\"author\":{\"name\":\"hotnewsinworld\",\"@id\":\"https:\\\/\\\/hotnewsinworld.com\\\/hu\\\/#\\\/schema\\\/person\\\/fe61448b21c0d59086e75fcc1f9d8f6b\"},\"headline\":\"Sz\u00e1zan \u00dajpest\u00e9rt | A Magyar Rend\u0151rs\u00e9g hivatalos honlapja\",\"datePublished\":\"2019-09-22T05:13:46+00:00\",\"dateModified\":\"2019-09-22T05:13:47+00:00\",\"mainEntityOfPage\":{\"@id\":\"https:\\\/\\\/hotnewsinworld.com\\\/hu\\\/szazan-ujpestert-a-magyar-rendorseg-hivatalos-honlapja\\\/\"},\"wordCount\":218,\"commentCount\":0,\"image\":{\"@id\":\"https:\\\/\\\/hotnewsinworld.com\\\/hu\\\/szazan-ujpestert-a-magyar-rendorseg-hivatalos-honlapja\\\/#primaryimage\"},\"thumbnailUrl\":\"https:\\\/\\\/hotnewsinworld.com\\\/hu\\\/wp-content\\\/uploads\\\/sites\\\/3\\\/2019\\\/09\\\/Sz\u00e1zan-\u00dajpest\u00e9rt-A-Magyar-Rend\u0151rs\u00e9g-hivatalos-honlapja.jpg\",\"articleSection\":[\"LEG\u00daJABB P\u00c9NZ\u00dcGYI H\u00cdREK\"],\"inLanguage\":\"hu\",\"potentialAction\":[{\"@type\":\"CommentAction\",\"name\":\"Comment\",\"target\":[\"https:\\\/\\\/hotnewsinworld.com\\\/hu\\\/szazan-ujpestert-a-magyar-rendorseg-hivatalos-honlapja\\\/#respond\"]}]},{\"@type\":\"WebPage\",\"@id\":\"https:\\\/\\\/hotnewsinworld.com\\\/hu\\\/szazan-ujpestert-a-magyar-rendorseg-hivatalos-honlapja\\\/\",\"url\":\"https:\\\/\\\/hotnewsinworld.com\\\/hu\\\/szazan-ujpestert-a-magyar-rendorseg-hivatalos-honlapja\\\/\",\"name\":\"Sz\u00e1zan \u00dajpest\u00e9rt | A Magyar Rend\u0151rs\u00e9g hivatalos honlapja - Hot News in World\",\"isPartOf\":{\"@id\":\"https:\\\/\\\/hotnewsinworld.com\\\/hu\\\/#website\"},\"primaryImageOfPage\":{\"@id\":\"https:\\\/\\\/hotnewsinworld.com\\\/hu\\\/szazan-ujpestert-a-magyar-rendorseg-hivatalos-honlapja\\\/#primaryimage\"},\"image\":{\"@id\":\"https:\\\/\\\/hotnewsinworld.com\\\/hu\\\/szazan-ujpestert-a-magyar-rendorseg-hivatalos-honlapja\\\/#primaryimage\"},\"thumbnailUrl\":\"https:\\\/\\\/hotnewsinworld.com\\\/hu\\\/wp-content\\\/uploads\\\/sites\\\/3\\\/2019\\\/09\\\/Sz\u00e1zan-\u00dajpest\u00e9rt-A-Magyar-Rend\u0151rs\u00e9g-hivatalos-honlapja.jpg\",\"datePublished\":\"2019-09-22T05:13:46+00:00\",\"dateModified\":\"2019-09-22T05:13:47+00:00\",\"author\":{\"@id\":\"https:\\\/\\\/hotnewsinworld.com\\\/hu\\\/#\\\/schema\\\/person\\\/fe61448b21c0d59086e75fcc1f9d8f6b\"},\"breadcrumb\":{\"@id\":\"https:\\\/\\\/hotnewsinworld.com\\\/hu\\\/szazan-ujpestert-a-magyar-rendorseg-hivatalos-honlapja\\\/#breadcrumb\"},\"inLanguage\":\"hu\",\"potentialAction\":[{\"@type\":\"ReadAction\",\"target\":[\"https:\\\/\\\/hotnewsinworld.com\\\/hu\\\/szazan-ujpestert-a-magyar-rendorseg-hivatalos-honlapja\\\/\"]}]},{\"@type\":\"ImageObject\",\"inLanguage\":\"hu\",\"@id\":\"https:\\\/\\\/hotnewsinworld.com\\\/hu\\\/szazan-ujpestert-a-magyar-rendorseg-hivatalos-honlapja\\\/#primaryimage\",\"url\":\"https:\\\/\\\/hotnewsinworld.com\\\/hu\\\/wp-content\\\/uploads\\\/sites\\\/3\\\/2019\\\/09\\\/Sz\u00e1zan-\u00dajpest\u00e9rt-A-Magyar-Rend\u0151rs\u00e9g-hivatalos-honlapja.jpg\",\"contentUrl\":\"https:\\\/\\\/hotnewsinworld.com\\\/hu\\\/wp-content\\\/uploads\\\/sites\\\/3\\\/2019\\\/09\\\/Sz\u00e1zan-\u00dajpest\u00e9rt-A-Magyar-Rend\u0151rs\u00e9g-hivatalos-honlapja.jpg\",\"width\":751,\"height\":500,\"caption\":\"Sz\u00e1zan \u00dajpest\u00e9rt | A Magyar Rend\u0151rs\u00e9g hivatalos honlapja\"},{\"@type\":\"BreadcrumbList\",\"@id\":\"https:\\\/\\\/hotnewsinworld.com\\\/hu\\\/szazan-ujpestert-a-magyar-rendorseg-hivatalos-honlapja\\\/#breadcrumb\",\"itemListElement\":[{\"@type\":\"ListItem\",\"position\":1,\"name\":\"\u0413\u043b\u0430\u0432\u043d\u0430\u044f \u0441\u0442\u0440\u0430\u043d\u0438\u0446\u0430\",\"item\":\"https:\\\/\\\/hotnewsinworld.com\\\/hu\\\/\"},{\"@type\":\"ListItem\",\"position\":2,\"name\":\"Sz\u00e1zan \u00dajpest\u00e9rt | A Magyar Rend\u0151rs\u00e9g hivatalos honlapja\"}]},{\"@type\":\"WebSite\",\"@id\":\"https:\\\/\\\/hotnewsinworld.com\\\/hu\\\/#website\",\"url\":\"https:\\\/\\\/hotnewsinworld.com\\\/hu\\\/\",\"name\":\"Hot News in World\",\"description\":\"Hot News in World from Hungary\",\"potentialAction\":[{\"@type\":\"SearchAction\",\"target\":{\"@type\":\"EntryPoint\",\"urlTemplate\":\"https:\\\/\\\/hotnewsinworld.com\\\/hu\\\/?s={search_term_string}\"},\"query-input\":{\"@type\":\"PropertyValueSpecification\",\"valueRequired\":true,\"valueName\":\"search_term_string\"}}],\"inLanguage\":\"hu\"},{\"@type\":\"Person\",\"@id\":\"https:\\\/\\\/hotnewsinworld.com\\\/hu\\\/#\\\/schema\\\/person\\\/fe61448b21c0d59086e75fcc1f9d8f6b\",\"name\":\"hotnewsinworld\",\"image\":{\"@type\":\"ImageObject\",\"inLanguage\":\"hu\",\"@id\":\"https:\\\/\\\/secure.gravatar.com\\\/avatar\\\/8a09ac165600ce2e1c38fe593c63928eb1e6e7ba5c5a907d67787c41b3d00c14?s=96&d=mm&r=g\",\"url\":\"https:\\\/\\\/secure.gravatar.com\\\/avatar\\\/8a09ac165600ce2e1c38fe593c63928eb1e6e7ba5c5a907d67787c41b3d00c14?s=96&d=mm&r=g\",\"contentUrl\":\"https:\\\/\\\/secure.gravatar.com\\\/avatar\\\/8a09ac165600ce2e1c38fe593c63928eb1e6e7ba5c5a907d67787c41b3d00c14?s=96&d=mm&r=g\",\"caption\":\"hotnewsinworld\"},\"url\":\"https:\\\/\\\/hotnewsinworld.com\\\/hu\\\/author\\\/pt\\\/\"}]}<\/script>\n<!-- \/ Yoast SEO plugin. -->","yoast_head_json":{"title":"Sz\u00e1zan \u00dajpest\u00e9rt | A Magyar Rend\u0151rs\u00e9g hivatalos honlapja - Hot News in World","robots":{"index":"index","follow":"follow","max-snippet":"max-snippet:-1","max-image-preview":"max-image-preview:large","max-video-preview":"max-video-preview:-1"},"canonical":"https:\/\/hotnewsinworld.com\/hu\/szazan-ujpestert-a-magyar-rendorseg-hivatalos-honlapja\/","og_locale":"hu_HU","og_type":"article","og_title":"Sz\u00e1zan \u00dajpest\u00e9rt | A Magyar Rend\u0151rs\u00e9g hivatalos honlapja - Hot News in World","og_description":"K\u00f6zbiztons\u00e1gi \u00e9s k\u00f6zleked\u00e9srend\u00e9szeti akci\u00f3t tartottak a IV. ker\u00fcleti rend\u0151r\u00f6k, amelybe bevont\u00e1k a t\u00e1rshat\u00f3s\u00e1gokat is. Az \u00f6sszehangolt akci\u00f3t 2012 \u00f3ta tartja egy\u00fctt a rend\u0151rs\u00e9g, az \u00f6nkorm\u00e1nyzati rend\u00e9szet, a katasztr\u00f3fav\u00e9delem, a Polg\u00e1r\u0151rs\u00e9g, a Nemzeti Ad\u00f3- \u00e9s V\u00e1mhivatal, a munka\u00fcgyi fel\u00fcgyel\u0151s\u00e9g, a k\u00f6zleked\u00e9si hat\u00f3s\u00e1g \u00e9s a ker\u00fcleti \u00e1llatv\u00e9delmi liga. Az akci\u00f3 sor\u00e1n \u00f6sszesen 313 embert igazoltattak. A rend\u0151r\u00f6k [&hellip;]","og_url":"https:\/\/hotnewsinworld.com\/hu\/szazan-ujpestert-a-magyar-rendorseg-hivatalos-honlapja\/","og_site_name":"Hot News in World","article_published_time":"2019-09-22T05:13:46+00:00","article_modified_time":"2019-09-22T05:13:47+00:00","og_image":[{"width":751,"height":500,"url":"https:\/\/hotnewsinworld.com\/hu\/wp-content\/uploads\/sites\/3\/2019\/09\/Sz\u00e1zan-\u00dajpest\u00e9rt-A-Magyar-Rend\u0151rs\u00e9g-hivatalos-honlapja.jpg","type":"image\/jpeg"}],"author":"hotnewsinworld","twitter_card":"summary_large_image","twitter_misc":{"Szerz\u0151:":"hotnewsinworld","Becs\u00fclt olvas\u00e1si id\u0151":"1 perc"},"schema":{"@context":"https:\/\/schema.org","@graph":[{"@type":"Article","@id":"https:\/\/hotnewsinworld.com\/hu\/szazan-ujpestert-a-magyar-rendorseg-hivatalos-honlapja\/#article","isPartOf":{"@id":"https:\/\/hotnewsinworld.com\/hu\/szazan-ujpestert-a-magyar-rendorseg-hivatalos-honlapja\/"},"author":{"name":"hotnewsinworld","@id":"https:\/\/hotnewsinworld.com\/hu\/#\/schema\/person\/fe61448b21c0d59086e75fcc1f9d8f6b"},"headline":"Sz\u00e1zan \u00dajpest\u00e9rt | A Magyar Rend\u0151rs\u00e9g hivatalos honlapja","datePublished":"2019-09-22T05:13:46+00:00","dateModified":"2019-09-22T05:13:47+00:00","mainEntityOfPage":{"@id":"https:\/\/hotnewsinworld.com\/hu\/szazan-ujpestert-a-magyar-rendorseg-hivatalos-honlapja\/"},"wordCount":218,"commentCount":0,"image":{"@id":"https:\/\/hotnewsinworld.com\/hu\/szazan-ujpestert-a-magyar-rendorseg-hivatalos-honlapja\/#primaryimage"},"thumbnailUrl":"https:\/\/hotnewsinworld.com\/hu\/wp-content\/uploads\/sites\/3\/2019\/09\/Sz\u00e1zan-\u00dajpest\u00e9rt-A-Magyar-Rend\u0151rs\u00e9g-hivatalos-honlapja.jpg","articleSection":["LEG\u00daJABB P\u00c9NZ\u00dcGYI H\u00cdREK"],"inLanguage":"hu","potentialAction":[{"@type":"CommentAction","name":"Comment","target":["https:\/\/hotnewsinworld.com\/hu\/szazan-ujpestert-a-magyar-rendorseg-hivatalos-honlapja\/#respond"]}]},{"@type":"WebPage","@id":"https:\/\/hotnewsinworld.com\/hu\/szazan-ujpestert-a-magyar-rendorseg-hivatalos-honlapja\/","url":"https:\/\/hotnewsinworld.com\/hu\/szazan-ujpestert-a-magyar-rendorseg-hivatalos-honlapja\/","name":"Sz\u00e1zan \u00dajpest\u00e9rt | A Magyar Rend\u0151rs\u00e9g hivatalos honlapja - Hot News in World","isPartOf":{"@id":"https:\/\/hotnewsinworld.com\/hu\/#website"},"primaryImageOfPage":{"@id":"https:\/\/hotnewsinworld.com\/hu\/szazan-ujpestert-a-magyar-rendorseg-hivatalos-honlapja\/#primaryimage"},"image":{"@id":"https:\/\/hotnewsinworld.com\/hu\/szazan-ujpestert-a-magyar-rendorseg-hivatalos-honlapja\/#primaryimage"},"thumbnailUrl":"https:\/\/hotnewsinworld.com\/hu\/wp-content\/uploads\/sites\/3\/2019\/09\/Sz\u00e1zan-\u00dajpest\u00e9rt-A-Magyar-Rend\u0151rs\u00e9g-hivatalos-honlapja.jpg","datePublished":"2019-09-22T05:13:46+00:00","dateModified":"2019-09-22T05:13:47+00:00","author":{"@id":"https:\/\/hotnewsinworld.com\/hu\/#\/schema\/person\/fe61448b21c0d59086e75fcc1f9d8f6b"},"breadcrumb":{"@id":"https:\/\/hotnewsinworld.com\/hu\/szazan-ujpestert-a-magyar-rendorseg-hivatalos-honlapja\/#breadcrumb"},"inLanguage":"hu","potentialAction":[{"@type":"ReadAction","target":["https:\/\/hotnewsinworld.com\/hu\/szazan-ujpestert-a-magyar-rendorseg-hivatalos-honlapja\/"]}]},{"@type":"ImageObject","inLanguage":"hu","@id":"https:\/\/hotnewsinworld.com\/hu\/szazan-ujpestert-a-magyar-rendorseg-hivatalos-honlapja\/#primaryimage","url":"https:\/\/hotnewsinworld.com\/hu\/wp-content\/uploads\/sites\/3\/2019\/09\/Sz\u00e1zan-\u00dajpest\u00e9rt-A-Magyar-Rend\u0151rs\u00e9g-hivatalos-honlapja.jpg","contentUrl":"https:\/\/hotnewsinworld.com\/hu\/wp-content\/uploads\/sites\/3\/2019\/09\/Sz\u00e1zan-\u00dajpest\u00e9rt-A-Magyar-Rend\u0151rs\u00e9g-hivatalos-honlapja.jpg","width":751,"height":500,"caption":"Sz\u00e1zan \u00dajpest\u00e9rt | A Magyar Rend\u0151rs\u00e9g hivatalos honlapja"},{"@type":"BreadcrumbList","@id":"https:\/\/hotnewsinworld.com\/hu\/szazan-ujpestert-a-magyar-rendorseg-hivatalos-honlapja\/#breadcrumb","itemListElement":[{"@type":"ListItem","position":1,"name":"\u0413\u043b\u0430\u0432\u043d\u0430\u044f \u0441\u0442\u0440\u0430\u043d\u0438\u0446\u0430","item":"https:\/\/hotnewsinworld.com\/hu\/"},{"@type":"ListItem","position":2,"name":"Sz\u00e1zan \u00dajpest\u00e9rt | A Magyar Rend\u0151rs\u00e9g hivatalos honlapja"}]},{"@type":"WebSite","@id":"https:\/\/hotnewsinworld.com\/hu\/#website","url":"https:\/\/hotnewsinworld.com\/hu\/","name":"Hot News in World","description":"Hot News in World from Hungary","potentialAction":[{"@type":"SearchAction","target":{"@type":"EntryPoint","urlTemplate":"https:\/\/hotnewsinworld.com\/hu\/?s={search_term_string}"},"query-input":{"@type":"PropertyValueSpecification","valueRequired":true,"valueName":"search_term_string"}}],"inLanguage":"hu"},{"@type":"Person","@id":"https:\/\/hotnewsinworld.com\/hu\/#\/schema\/person\/fe61448b21c0d59086e75fcc1f9d8f6b","name":"hotnewsinworld","image":{"@type":"ImageObject","inLanguage":"hu","@id":"https:\/\/secure.gravatar.com\/avatar\/8a09ac165600ce2e1c38fe593c63928eb1e6e7ba5c5a907d67787c41b3d00c14?s=96&d=mm&r=g","url":"https:\/\/secure.gravatar.com\/avatar\/8a09ac165600ce2e1c38fe593c63928eb1e6e7ba5c5a907d67787c41b3d00c14?s=96&d=mm&r=g","contentUrl":"https:\/\/secure.gravatar.com\/avatar\/8a09ac165600ce2e1c38fe593c63928eb1e6e7ba5c5a907d67787c41b3d00c14?s=96&d=mm&r=g","caption":"hotnewsinworld"},"url":"https:\/\/hotnewsinworld.com\/hu\/author\/pt\/"}]}},"_links":{"self":[{"href":"https:\/\/hotnewsinworld.com\/hu\/wp-json\/wp\/v2\/posts\/2420","targetHints":{"allow":["GET"]}}],"collection":[{"href":"https:\/\/hotnewsinworld.com\/hu\/wp-json\/wp\/v2\/posts"}],"about":[{"href":"https:\/\/hotnewsinworld.com\/hu\/wp-json\/wp\/v2\/types\/post"}],"author":[{"embeddable":true,"href":"https:\/\/hotnewsinworld.com\/hu\/wp-json\/wp\/v2\/users\/2"}],"replies":[{"embeddable":true,"href":"https:\/\/hotnewsinworld.com\/hu\/wp-json\/wp\/v2\/comments?post=2420"}],"version-history":[{"count":1,"href":"https:\/\/hotnewsinworld.com\/hu\/wp-json\/wp\/v2\/posts\/2420\/revisions"}],"predecessor-version":[{"id":2422,"href":"https:\/\/hotnewsinworld.com\/hu\/wp-json\/wp\/v2\/posts\/2420\/revisions\/2422"}],"wp:featuredmedia":[{"embeddable":true,"href":"https:\/\/hotnewsinworld.com\/hu\/wp-json\/wp\/v2\/media\/2421"}],"wp:attachment":[{"href":"https:\/\/hotnewsinworld.com\/hu\/wp-json\/wp\/v2\/media?parent=2420"}],"wp:term":[{"taxonomy":"category","embeddable":true,"href":"https:\/\/hotnewsinworld.com\/hu\/wp-json\/wp\/v2\/categories?post=2420"},{"taxonomy":"post_tag","embeddable":true,"href":"https:\/\/hotnewsinworld.com\/hu\/wp-json\/wp\/v2\/tags?post=2420"}],"curies":[{"name":"wp","href":"https:\/\/api.w.org\/{rel}","templated":true}]}}