{"id":2423,"date":"2019-09-22T09:33:48","date_gmt":"2019-09-22T06:33:48","guid":{"rendered":"https:\/\/hotnewsinworld.com\/hu\/csak-az-angoloktol-felt-magyar-nemzet\/"},"modified":"2019-09-22T09:33:49","modified_gmt":"2019-09-22T06:33:49","slug":"csak-az-angoloktol-felt-magyar-nemzet","status":"publish","type":"post","link":"https:\/\/hotnewsinworld.com\/hu\/csak-az-angoloktol-felt-magyar-nemzet\/","title":{"rendered":"Csak az angolokt\u00f3l f\u00e9lt | Magyar Nemzet"},"content":{"rendered":"<p>\t\t\t\t\t2019. szeptember 22. vas\u00e1rnap 08:25<\/p>\n<p>\t\t\t\t\t\t\t\tEg\u00e9szs\u00e9gesen kihagyhatatlan volt a Bp. Honv\u00e9db\u00f3l \u00e9s a v\u00e1logatottb\u00f3l is. A magyar futball t\u00f6rt\u00e9net\u00e9nek egyik legjobb k\u00f6z\u00e9ps\u0151 v\u00e9d\u0151j\u00e9t Garaba Imr\u00e9nek h\u00edvj\u00e1k, aki 82 v\u00e1logatotts\u00e1got mag\u00e1ba foglal\u00f3 p\u00e1lyafut\u00e1sa befejezt\u00e9vel csup\u00e1n nagyon r\u00f6vid ideig edz\u0151sk\u00f6d\u00f6tt, csaknem negyed \u00e9vsz\u00e1zada mag\u00e1t a futballt\u00f3l t\u00e1vol tartva \u00e9l, elmond\u00e1sa szerint boldogan \u00e9s szabadon.&#13;<\/p>\n<p>\t\t\t\t\t\u2013 Olvasom, hogy itt a szarvasb\u0151g\u00e9s ideje.\u2013 Bizony, \u00e9s m\u00e1r nagyon izgatott vagyok. V\u00e1rom egy j\u00f3 bar\u00e1tomat, vele szeretn\u00e9k l\u00f6vetni egy sz\u00e9p bik\u00e1t.<br \/>\n\u2013 Honnan ez a szenved\u00e9ly a vad\u00e1szat ir\u00e1nt?\u2013 Egy kis faluban, Sz\u0151d\u00f6n nevelkedtem, kis csib\u00e9szekk\u00e9nt a szabadid\u0151nkben fociztunk vagy az erd\u0151ket \u00e9s a r\u00e9teket j\u00e1rtuk. Vitt\u00fcnk magunkkal cs\u00fazlit, azzal vad\u00e1sztunk sikl\u00f3ra, gerl\u00e9re, vagy pedig a patakokb\u00f3l pr\u00f3b\u00e1ltunk halat fogni. A feles\u00e9gem csal\u00e1dja is sz\u0151di, az ap\u00f3som gyerekkora \u00f3ta benne \u00e9lt a vad\u00e1szatban, \u00e9s \u0151 szerettette meg velem. Ez a k\u00e9t hobbim, a vad\u00e1szat \u00e9s a horg\u00e1sz\u00e1s, ezekkel t\u00f6lt\u00f6m az id\u0151m jelent\u0151s r\u00e9sz\u00e9t.<br \/>\n\u2013 Hogyan indult el a sz\u0151di kisfi\u00fa a profi futballkarrier fel\u00e9?\u2013 Ap\u00e1m\u00e9k n\u00e9gyen voltak fi\u00fatestv\u00e9rek, im\u00e1dt\u00e1k a futballt, \u0151 a helyi szakoszt\u00e1lyt vezette, k\u00e9t \u00f6ccse pedig j\u00e1tszott is a falu csapat\u00e1ban. H\u00e1rman a Fradinak szurkoltak, egyik\u00fck pedig az \u00dajpestnek. \u00d3hatatlanul belecs\u00f6ppentem ebbe a vil\u00e1gba, h\u00e9t k\u00f6zben sokat fociztunk, a h\u00e9t v\u00e9g\u00e9n pedig ment\u00fcnk a feln\u0151ttek meccs\u00e9re, m\u00e9g idegenbe is egy teheraut\u00f3 plat\u00f3j\u00e1n. Ap\u00e1m v\u00e1llalati f\u0151n\u00f6ke a III. Ker\u00fclet edz\u0151je volt, az \u0151 r\u00e9v\u00e9n tizenn\u00e9gy \u00e9vesen az ifik k\u00f6z\u00f6tt j\u00e1tszottam el\u0151sz\u00f6r szervezett k\u00f6r\u00fclm\u00e9nyek k\u00f6z\u00f6tt. Az \u00f3budai sr\u00e1coknak eleinte vid\u00e9ki sutty\u00f3 gyerek voltam, de azt\u00e1n befogadtak, \u00e9s m\u00e9g kiskor\u00fak\u00e9nt bemutatkozhattam a feln\u0151ttek k\u00f6z\u00f6tt is. Amikor viszont kiest\u00fcnk az NB III-b\u00f3l, engem ki\u00e1ltottak ki b\u0171nbaknak, \u00e9s elker\u00fcltem V\u00e1cra, ahol leszedtek r\u00f3lam nyolc kil\u00f3t, \u00e9s \u00e9n lettem a k\u00f6z\u00e9ps\u0151 v\u00e9d\u0151.<br \/>\n\u2013 Mindig err\u0151l a posztr\u00f3l \u00e1lmodozott?\u2013 Dehogy, mint minden gyerek, g\u00f3lokat akartam l\u0151ni. Marada Gy\u0151z\u0151, az egyik edz\u0151m vitt egyre h\u00e1tr\u00e9bb, \u00e9s remek \u00e9rz\u00e9kkel \u0151 tal\u00e1lta meg a posztomat.<br \/>\n\u2013 Ez is seg\u00edtett abban, hogy hamarosan leigazolta az NB I egyik \u00e9lcsapata, a Honv\u00e9d?\u2013 Biztosan, de ezt els\u0151sorban \u00adTichy Lajosnak k\u00f6sz\u00f6nhetem. Akkoriban volt olyan, hogy NB-s Kupa a felk\u00e9sz\u00fcl\u00e9s idej\u00e9n, \u00e9s a V\u00e1c egy csoportba ker\u00fclt a Honv\u00e9ddal. Tudtam, ez remek lehet\u0151s\u00e9g arra, hogy megmutassam magam, nagyon k\u00e9sz\u00fcltem mindk\u00e9t meccsre, \u00e9s annyira j\u00f3l ment a j\u00e1t\u00e9k, hogy Lajos b\u00e1csi \u00fctni kezdte a vasat Kispesten: ezt a Garab\u00e1t meg kell szerezni! Ezt persze csak k\u00e9s\u0151bb tudtam meg, ugyanakkor eszem \u00e1g\u00e1ban sem volt a Honv\u00e9dhoz menni.<br \/>\n\u2013 Hogyhogy?\u2013 Fradi-szurkol\u00f3 voltam, viszont az \u00dajpest h\u00edv\u00e1s\u00e1ra v\u00e1rtam, mert az van legk\u00f6zelebb Sz\u0151dh\u00f6z. Csakhogy egyik\u00fck sem keresett. Kor\u00e1bban megegyeztem a Debrecennel, \u00e1m halogattam az al\u00e1\u00edr\u00e1st, amikor megjelent a Honv\u00e9dt\u00f3l Komora Imre, akinek roppant magabiztosan soroltam a felt\u00e9teleimet. \u0150 meghallgatott, majd azt mondta, rendben, t\u00e9rj\u00fcnk erre vissza egy h\u00e9t m\u00falva. N\u00e9h\u00e1ny nap m\u00falva megj\u00f6tt a katonai beh\u00edv\u00f3m. Komora ism\u00e9t elj\u00f6tt, sorra fel\u00fcl\u00edrta a felt\u00e9teleimet, \u00e9n pedig fokozatosan els\u00fcllyedtem a fotelben\u2026 Persze hogy al\u00e1\u00edrtam, m\u00e1s volt futballistak\u00e9nt katon\u00e1skodni, mint b\u00e1rhol m\u00e1shol. Viszont azt mondom, \u00e9letem egyik legjobb d\u00f6nt\u00e9s\u00e9t k\u00e9nyszer\u00edtett\u00e9k r\u00e1m.<br \/>\n\u2013 Kispesten a v\u00e1logatott szt\u00e1rok k\u00f6nnyebben elfogadt\u00e1k a vid\u00e9ki gyereket?\u2013 Nem \u00e9reztem ilyen gondot. Az esk\u00fcig nem edzhettem, azt\u00e1n nyolcvanan voltunk egy edz\u00e9sen bevonult futballist\u00e1k, \u00e9s \u00e9n maradhattam. Nem sok cikiz\u00e9st kaptam, gyan\u00edtom, Tichy Lajos tekint\u00e9lye is v\u00e9dett. Azt\u00e1n az els\u0151 meccsem a N\u00e9pstadionban a Fradi ellen volt, \u00e9s Nyilasival szemben kellett j\u00e1tszanom. Gondoljon bele, f\u00e9l \u00e9vvel kor\u00e1bban m\u00e9g a kakas\u00fcl\u0151n n\u00e9ztem a kett\u0151s rangad\u00f3kat, \u00e9s most olyan futballist\u00e1kkal lehettem egy csapatban, mint Pint\u00e9r S\u00e1ndor, Gujd\u00e1r S\u00e1ndor \u00e9s Kocsis Istv\u00e1n, akiknek egy \u00e9vvel azel\u0151tt, a hetven\u00adnyolcas vil\u00e1gbajnoks\u00e1gon a t\u00e9v\u00e9 el\u0151tt szurkoltam.<br \/>\nA 82-szeres v\u00e1logatott, legend\u00e1s k\u00f6z\u00e9ph\u00e1tv\u00e9d nem akart minden\u00e1ron edz\u0151sk\u00f6dniFot\u00f3: Mirk\u00f3 Istv\u00e1n<br \/>\n\u2013 Nem volt ez t\u00fal hirtelen nagy ugr\u00e1s?\u2013 Nem \u00e9reztem annak. Az a legfelemel\u0151bb, amikor klasszis csat\u00e1rokat kell semleges\u00edteni. Ha siker\u00fcl, nagyot nyerhetek, ha nem, akkor azt mondt\u00e1k, semmi baj, m\u00e1s sem volt erre k\u00e9pes. A v\u00e1logatott meccsek el\u0151tt a p\u00e1lyafut\u00e1som v\u00e9g\u00e9ig nagyon izgultam, h\u00e1rompercenk\u00e9nt mentem ki a mosd\u00f3ba, de ahogy p\u00e1ly\u00e1ra l\u00e9pt\u00fcnk, ez elm\u00falt. Egy kiv\u00e9telt\u0151l eltekintve minden csapat ellen f\u00e9lelem n\u00e9lk\u00fcl j\u00e1tszottam, m\u00e9g ha mondjuk Vialli, Rummenigge, Van Basten vagy Maradona is j\u00f6tt velem szemben.<br \/>\n\u2013 Ki a kiv\u00e9tel?\u2013 Nem ki, kik: az angolok. Amikor el\u0151sz\u00f6r megjelentek a Wembley folyos\u00f3j\u00e1n, \u00e9s \u00fcv\u00f6ltve hergelt\u00e9k magukat, az f\u00e9lelmetes volt. Mariner vagy Keegan p\u00e1ratlan fizikai er\u0151t k\u00e9pviselt, a t\u00f6bbiekkel egy\u00fctt. Hatszor j\u00e1tszottam ellen\u00fck, egyszer sem nyert\u00fcnk, \u00e9s mindig bennem volt a f\u00e9lsz. Tudja, a sz\u00edvem szerint \u00e9n odamentem volna futballozni, Ang\u00adli\u00e1ba. Leny\u0171g\u00f6z az ottani futballkult\u00fara, szeretem a st\u00edlust, kiv\u00e9ve a \u00adGuardiola-f\u00e9le Manchester City\u00e9t.<br \/>\n\u2013 Visszat\u00e9rve a Honv\u00e9dhoz, a csapat kor\u00e1bban az \u00f6tvenes \u00e9vek k\u00f6zepe \u00f3ta nem nyert bajnoks\u00e1got, a nyolcvanas \u00e9vtizedben viszont hatszor volt arany\u00e9rmes. Mi kellett ehhez a kiugr\u00e1shoz?\u2013 Azzal szoktam viccel\u0151dni, hogy olyan j\u00e1t\u00e9kos, aki tud bajnoks\u00e1got nyerni. Ha megn\u00e9zi, hogy ki \u00e9rkezett 1979 nyar\u00e1n \u00e9s vert gy\u00f6keret a csapatban, akkor egy nevet l\u00e1t, az eny\u00e9met\u2026 \u00adEsterh\u00e1zy Marci mag\u00e1nak szokta tulajdon\u00edtani ezt a jelent\u0151s\u00e9get, de \u0151 f\u00e9l \u00e9vvel k\u00e9s\u0151bb j\u00f6tt. Komolyra ford\u00edtva, nagyon j\u00f3 csapat j\u00f6tt \u00f6ssze, \u00e9s stabiliz\u00e1l\u00f3dott a v\u00e9delm\u00fcnk, nagyon kev\u00e9s g\u00f3lt kaptunk. Ha az eredm\u00e9nyeket n\u00e9zz\u00fck, akkor a nyolcvanas \u00e9vek Honv\u00e9dja a klub m\u00e1sodik aranygener\u00e1ci\u00f3ja. \u00c9n nyolc \u00e9v alatt n\u00e9gy bajnoki c\u00edmet nyertem, a legt\u00f6bb arany\u00e9rmet azonban \u2013 sz\u00e1m szerint hatot \u2013 meglep\u0151 m\u00f3don az a Sikesdi G\u00e1bor szerezte, aki egyszer sem lett v\u00e1logatott.<br \/>\n\u2013 K\u00e9t vil\u00e1gbajnoks\u00e1gon vehetett r\u00e9szt. Tud k\u00fcl\u00f6nbs\u00e9get tenni k\u00f6z\u00f6tt\u00fck?\u2013 Tudok, b\u00e1r \u00e9rzelmileg mindkett\u0151h\u00f6z er\u0151sen k\u00f6t\u0151d\u00f6m. Az els\u0151, a \u201982-es az\u00e9rt volt eg\u00e9szen k\u00fcl\u00f6nleges, mert olyan j\u00e1t\u00e9kosok k\u00f6z\u00e9 ker\u00fcltem, akik nekem a fiatal \u00e9veim ide\u00e1ljai voltak. Ha az a koroszt\u00e1ly \u00e9vekkel kor\u00e1bban kimehetett volna Nyugatra, m\u00e1sk\u00e9nt alakul a magyar labdar\u00fag\u00e1s t\u00f6rt\u00e9nete. R\u00e1juk \u00e9s a kapit\u00e1nyra, M\u00e9sz\u00f6ly K\u00e1lm\u00e1nra is feln\u00e9ztem, \u00e9s az a csapat \u2013 nem megb\u00e1ntva senkit sem \u2013 jobb futballist\u00e1kb\u00f3l \u00e1llt, mint a \u201986-os mexik\u00f3i. Az is j\u00f3 bar\u00e1ti t\u00e1rsas\u00e1g volt, a Honv\u00e9dra \u00e9p\u00fclt, kieg\u00e9sz\u00fclt m\u00e1shonnan \u00e9rkez\u0151 remek j\u00e1t\u00e9kosokkal, \u00e9s volt egy edz\u0151, akinek a nev\u00e9t nem szeretn\u00e9m kimondani\u2013 err\u0151l el\u00e9gedj\u00fcnk meg ennyivel \u2013, \u0151 \u00f6sszefogta ezeket az embereket, \u00e9s a taktik\u00e1j\u00e1val \u00e9rett\u00e9 tette a csapatot a nagy feladatokra.<br \/>\n\u2013 Ideges\u00edti, ha Irapuat\u00f3r\u00f3l k\u00e9rdezik?\u2013 Nem, mert hozz\u00e1tartozik a futballunkhoz. N\u00e1lunk ezt m\u00e1sk\u00e9nt \u00e9lte meg mindenki, mint kellett volna. \u00d6t \u00e9ve a brazilok saj\u00e1t p\u00e1ly\u00e1n kaptak ki a vil\u00e1gbajnoks\u00e1gon 7-1-re a n\u00e9metekt\u0151l, nem lett bel\u0151le akkora nemzeti katasztr\u00f3fa, mint n\u00e1lunk a szovjetekt\u0151l elszenvedett 0-6 ut\u00e1n, ami lehetett volna 0-12 is \u2013 ilyen el\u0151fordul a futballban. Ez a meccs ugyan\u00fagy v\u00e9gigk\u00eds\u00e9ri az \u00e9let\u00fcnket, mint az Aranycsapat tagjai\u00e9t a berni veres\u00e9g a vil\u00e1gbajnoki d\u00f6nt\u0151ben. K\u00e1r, mert ha az a csapat egy\u00fctt marad, szerintem ott lett\u00fcnk volna a k\u00f6vetkez\u0151 Eur\u00f3pa- \u00e9s vil\u00e1gbajnoks\u00e1gon is.<br \/>\n\u2013 Ezut\u00e1n, p\u00e1ly\u00e1ja cs\u00facs\u00e1n szerz\u0151d\u00f6tt a francia m\u00e1sodoszt\u00e1ly\u00fa \u00adRennes-hez, majd k\u00e9s\u0151bb Belgiumban is j\u00e1tszott. Nem volt jobb aj\u00e1nlata?\u2013 Ahogy mondja. Ennek ellen\u00e9re az anyagiak miatt igent mondtam a franci\u00e1knak, de k\u00edv\u00e1ncsi is voltam a m\u00e1s k\u00f6rnyezetre. Emellett a francia m\u00e1sodoszt\u00e1ly felvette volna a versenyt a hazai \u00e9lvonallal, higgye el! Am\u00fagy minden m\u00e1s volt: az edz\u00e9smunka, az orvosi ell\u00e1t\u00e1s, t\u00e9nyleg minden. P\u00e9ld\u00e1ul v\u00e9rt vettek t\u0151lem, \u00e9s megmondt\u00e1k, \u00adf\u00e9ny\u00e9vnyi a lemarad\u00e1som, \u00e9s m\u00e1snap az orvos letette el\u00e9m az \u00faj \u00e9trendemet. \u00c9s azt hiszem, ez csak ut\u00e1nzata volt annak a profizmusnak, ami a topklubokat jellemezte.<br \/>\n\u2013 Mind\u00f6ssze h\u00e1rom \u00e9vig edz\u0151sk\u00f6d\u00f6tt. Ennyire nem tetszett?\u2013 Nem akartam minden\u00e1ron edz\u0151 lenni, de \u00e9rdekelt a munka. A BVSC-n\u00e9l az utols\u00f3 fordul\u00f3kra k\u00e9rtek fel, bennmaradtunk, a ny\u00e1ron j\u00f6tt vezet\u0151nek az, akinek a nev\u00e9t megint csak nem szeretn\u00e9m kimondani, \u00e9s az \u0151sszel elv\u00e1ltunk egym\u00e1st\u00f3l. Dolgoztam a \u00adREAC-n\u00e1l, G\u00f6d\u00f6ll\u0151n, majd k\u00f6vetkezett az MTK. Itt nem \u00e9rt\u00fck el a c\u00e9lt, a bronz\u00e9rmet, azt mondt\u00e1k, maradhatok p\u00e1lyaedz\u0151nek, de ahol f\u0151n\u00f6k voltam, ott nem leszek beosztott. Ekkor \u00e9ppen bej\u00f6tt a civil \u00e9let, m\u0171k\u00f6dni kezdett a v\u00e1llalkoz\u00e1som, amib\u0151l az\u00f3ta is meg\u00e9lek \u00fagy, ahogyan szeretn\u00e9k, \u00e9s \u00fagy d\u00f6nt\u00f6ttem, nem teszem ki a sorsomat annak, hogy a kapuf\u00e1r\u00f3l ki- vagy befel\u00e9 pattan a labda. A magam ura vagyok, f\u00fcggetlen mindenkit\u0151l, szabadon elmondhatom a v\u00e9lem\u00e9nyemet. Van k\u00e9t gyerekem, n\u00e9gy unok\u00e1m, \u00c1d\u00e1m, Botond, Dom\u00e1n \u00e9s Mil\u00e1n, siker\u00fclt nekik \u00e1tadni azt a sport\u00adim\u00e1datot, amit \u00e9n is kaptam a sz\u00fc\u00adleimt\u0151l, \u00e9s vad\u00e1szom, horg\u00e1szom. Rendben vagyok, nincs hi\u00e1ny\u00e9rzetem az\u00f3ta sem, ami\u00f3ta huszonh\u00e1rom \u00e9ve elszakadtam a futballt\u00f3l.<\/p>\n<p>\n<!--noindex--><br \/>\n<a href=\"https:\/\/hirek.oldal.info\/rssclick\/14416834\" rel=\"nofollow\">Source link <\/a><br \/>\n<!--\/noindex--><\/p>\n","protected":false},"excerpt":{"rendered":"<p>2019. szeptember 22. vas\u00e1rnap 08:25 Eg\u00e9szs\u00e9gesen kihagyhatatlan volt a Bp. Honv\u00e9db\u00f3l \u00e9s a v\u00e1logatottb\u00f3l is. A magyar futball t\u00f6rt\u00e9net\u00e9nek egyik legjobb k\u00f6z\u00e9ps\u0151 v\u00e9d\u0151j\u00e9t Garaba Imr\u00e9nek h\u00edvj\u00e1k, aki 82 v\u00e1logatotts\u00e1got mag\u00e1ba foglal\u00f3 p\u00e1lyafut\u00e1sa befejezt\u00e9vel csup\u00e1n nagyon r\u00f6vid ideig edz\u0151sk\u00f6d\u00f6tt, csaknem negyed \u00e9vsz\u00e1zada mag\u00e1t a futballt\u00f3l t\u00e1vol tartva \u00e9l, elmond\u00e1sa szerint boldogan \u00e9s szabadon.&#13; \u2013 Olvasom, hogy [&hellip;]<\/p>\n","protected":false},"author":2,"featured_media":2424,"comment_status":"open","ping_status":"open","sticky":false,"template":"","format":"standard","meta":{"footnotes":""},"categories":[1],"tags":[],"class_list":["post-2423","post","type-post","status-publish","format-standard","has-post-thumbnail","hentry","category-legujabb-penzugyi-hirek"],"yoast_head":"<!-- This site is optimized with the Yoast SEO plugin v27.4 - https:\/\/yoast.com\/product\/yoast-seo-wordpress\/ -->\n<title>Csak az angolokt\u00f3l f\u00e9lt | Magyar Nemzet - Hot News in World<\/title>\n<meta name=\"robots\" content=\"index, follow, max-snippet:-1, max-image-preview:large, max-video-preview:-1\" \/>\n<link rel=\"canonical\" href=\"https:\/\/hotnewsinworld.com\/hu\/csak-az-angoloktol-felt-magyar-nemzet\/\" \/>\n<meta property=\"og:locale\" content=\"hu_HU\" \/>\n<meta property=\"og:type\" content=\"article\" \/>\n<meta property=\"og:title\" content=\"Csak az angolokt\u00f3l f\u00e9lt | Magyar Nemzet - Hot News in World\" \/>\n<meta property=\"og:description\" content=\"2019. szeptember 22. vas\u00e1rnap 08:25 Eg\u00e9szs\u00e9gesen kihagyhatatlan volt a Bp. Honv\u00e9db\u00f3l \u00e9s a v\u00e1logatottb\u00f3l is. A magyar futball t\u00f6rt\u00e9net\u00e9nek egyik legjobb k\u00f6z\u00e9ps\u0151 v\u00e9d\u0151j\u00e9t Garaba Imr\u00e9nek h\u00edvj\u00e1k, aki 82 v\u00e1logatotts\u00e1got mag\u00e1ba foglal\u00f3 p\u00e1lyafut\u00e1sa befejezt\u00e9vel csup\u00e1n nagyon r\u00f6vid ideig edz\u0151sk\u00f6d\u00f6tt, csaknem negyed \u00e9vsz\u00e1zada mag\u00e1t a futballt\u00f3l t\u00e1vol tartva \u00e9l, elmond\u00e1sa szerint boldogan \u00e9s szabadon.&#013; \u2013 Olvasom, hogy [&hellip;]\" \/>\n<meta property=\"og:url\" content=\"https:\/\/hotnewsinworld.com\/hu\/csak-az-angoloktol-felt-magyar-nemzet\/\" \/>\n<meta property=\"og:site_name\" content=\"Hot News in World\" \/>\n<meta property=\"article:published_time\" content=\"2019-09-22T06:33:48+00:00\" \/>\n<meta property=\"article:modified_time\" content=\"2019-09-22T06:33:49+00:00\" \/>\n<meta property=\"og:image\" content=\"https:\/\/hotnewsinworld.com\/hu\/wp-content\/uploads\/sites\/3\/2019\/09\/Csak-az-angolokt\u00f3l-f\u00e9lt-Magyar-Nemzet.jpg\" \/>\n\t<meta property=\"og:image:width\" content=\"768\" \/>\n\t<meta property=\"og:image:height\" content=\"432\" \/>\n\t<meta property=\"og:image:type\" content=\"image\/jpeg\" \/>\n<meta name=\"author\" content=\"hotnewsinworld\" \/>\n<meta name=\"twitter:card\" content=\"summary_large_image\" \/>\n<meta name=\"twitter:label1\" content=\"Szerz\u0151:\" \/>\n\t<meta name=\"twitter:data1\" content=\"hotnewsinworld\" \/>\n\t<meta name=\"twitter:label2\" content=\"Becs\u00fclt olvas\u00e1si id\u0151\" \/>\n\t<meta name=\"twitter:data2\" content=\"9 perc\" \/>\n<script type=\"application\/ld+json\" class=\"yoast-schema-graph\">{\"@context\":\"https:\\\/\\\/schema.org\",\"@graph\":[{\"@type\":\"Article\",\"@id\":\"https:\\\/\\\/hotnewsinworld.com\\\/hu\\\/csak-az-angoloktol-felt-magyar-nemzet\\\/#article\",\"isPartOf\":{\"@id\":\"https:\\\/\\\/hotnewsinworld.com\\\/hu\\\/csak-az-angoloktol-felt-magyar-nemzet\\\/\"},\"author\":{\"name\":\"hotnewsinworld\",\"@id\":\"https:\\\/\\\/hotnewsinworld.com\\\/hu\\\/#\\\/schema\\\/person\\\/fe61448b21c0d59086e75fcc1f9d8f6b\"},\"headline\":\"Csak az angolokt\u00f3l f\u00e9lt | Magyar Nemzet\",\"datePublished\":\"2019-09-22T06:33:48+00:00\",\"dateModified\":\"2019-09-22T06:33:49+00:00\",\"mainEntityOfPage\":{\"@id\":\"https:\\\/\\\/hotnewsinworld.com\\\/hu\\\/csak-az-angoloktol-felt-magyar-nemzet\\\/\"},\"wordCount\":1857,\"commentCount\":0,\"image\":{\"@id\":\"https:\\\/\\\/hotnewsinworld.com\\\/hu\\\/csak-az-angoloktol-felt-magyar-nemzet\\\/#primaryimage\"},\"thumbnailUrl\":\"https:\\\/\\\/hotnewsinworld.com\\\/hu\\\/wp-content\\\/uploads\\\/sites\\\/3\\\/2019\\\/09\\\/Csak-az-angolokt\u00f3l-f\u00e9lt-Magyar-Nemzet.jpg\",\"articleSection\":[\"LEG\u00daJABB P\u00c9NZ\u00dcGYI H\u00cdREK\"],\"inLanguage\":\"hu\",\"potentialAction\":[{\"@type\":\"CommentAction\",\"name\":\"Comment\",\"target\":[\"https:\\\/\\\/hotnewsinworld.com\\\/hu\\\/csak-az-angoloktol-felt-magyar-nemzet\\\/#respond\"]}]},{\"@type\":\"WebPage\",\"@id\":\"https:\\\/\\\/hotnewsinworld.com\\\/hu\\\/csak-az-angoloktol-felt-magyar-nemzet\\\/\",\"url\":\"https:\\\/\\\/hotnewsinworld.com\\\/hu\\\/csak-az-angoloktol-felt-magyar-nemzet\\\/\",\"name\":\"Csak az angolokt\u00f3l f\u00e9lt | Magyar Nemzet - Hot News in World\",\"isPartOf\":{\"@id\":\"https:\\\/\\\/hotnewsinworld.com\\\/hu\\\/#website\"},\"primaryImageOfPage\":{\"@id\":\"https:\\\/\\\/hotnewsinworld.com\\\/hu\\\/csak-az-angoloktol-felt-magyar-nemzet\\\/#primaryimage\"},\"image\":{\"@id\":\"https:\\\/\\\/hotnewsinworld.com\\\/hu\\\/csak-az-angoloktol-felt-magyar-nemzet\\\/#primaryimage\"},\"thumbnailUrl\":\"https:\\\/\\\/hotnewsinworld.com\\\/hu\\\/wp-content\\\/uploads\\\/sites\\\/3\\\/2019\\\/09\\\/Csak-az-angolokt\u00f3l-f\u00e9lt-Magyar-Nemzet.jpg\",\"datePublished\":\"2019-09-22T06:33:48+00:00\",\"dateModified\":\"2019-09-22T06:33:49+00:00\",\"author\":{\"@id\":\"https:\\\/\\\/hotnewsinworld.com\\\/hu\\\/#\\\/schema\\\/person\\\/fe61448b21c0d59086e75fcc1f9d8f6b\"},\"breadcrumb\":{\"@id\":\"https:\\\/\\\/hotnewsinworld.com\\\/hu\\\/csak-az-angoloktol-felt-magyar-nemzet\\\/#breadcrumb\"},\"inLanguage\":\"hu\",\"potentialAction\":[{\"@type\":\"ReadAction\",\"target\":[\"https:\\\/\\\/hotnewsinworld.com\\\/hu\\\/csak-az-angoloktol-felt-magyar-nemzet\\\/\"]}]},{\"@type\":\"ImageObject\",\"inLanguage\":\"hu\",\"@id\":\"https:\\\/\\\/hotnewsinworld.com\\\/hu\\\/csak-az-angoloktol-felt-magyar-nemzet\\\/#primaryimage\",\"url\":\"https:\\\/\\\/hotnewsinworld.com\\\/hu\\\/wp-content\\\/uploads\\\/sites\\\/3\\\/2019\\\/09\\\/Csak-az-angolokt\u00f3l-f\u00e9lt-Magyar-Nemzet.jpg\",\"contentUrl\":\"https:\\\/\\\/hotnewsinworld.com\\\/hu\\\/wp-content\\\/uploads\\\/sites\\\/3\\\/2019\\\/09\\\/Csak-az-angolokt\u00f3l-f\u00e9lt-Magyar-Nemzet.jpg\",\"width\":768,\"height\":432,\"caption\":\"Csak az angolokt\u00f3l f\u00e9lt | Magyar Nemzet\"},{\"@type\":\"BreadcrumbList\",\"@id\":\"https:\\\/\\\/hotnewsinworld.com\\\/hu\\\/csak-az-angoloktol-felt-magyar-nemzet\\\/#breadcrumb\",\"itemListElement\":[{\"@type\":\"ListItem\",\"position\":1,\"name\":\"\u0413\u043b\u0430\u0432\u043d\u0430\u044f \u0441\u0442\u0440\u0430\u043d\u0438\u0446\u0430\",\"item\":\"https:\\\/\\\/hotnewsinworld.com\\\/hu\\\/\"},{\"@type\":\"ListItem\",\"position\":2,\"name\":\"Csak az angolokt\u00f3l f\u00e9lt | Magyar Nemzet\"}]},{\"@type\":\"WebSite\",\"@id\":\"https:\\\/\\\/hotnewsinworld.com\\\/hu\\\/#website\",\"url\":\"https:\\\/\\\/hotnewsinworld.com\\\/hu\\\/\",\"name\":\"Hot News in World\",\"description\":\"Hot News in World from Hungary\",\"potentialAction\":[{\"@type\":\"SearchAction\",\"target\":{\"@type\":\"EntryPoint\",\"urlTemplate\":\"https:\\\/\\\/hotnewsinworld.com\\\/hu\\\/?s={search_term_string}\"},\"query-input\":{\"@type\":\"PropertyValueSpecification\",\"valueRequired\":true,\"valueName\":\"search_term_string\"}}],\"inLanguage\":\"hu\"},{\"@type\":\"Person\",\"@id\":\"https:\\\/\\\/hotnewsinworld.com\\\/hu\\\/#\\\/schema\\\/person\\\/fe61448b21c0d59086e75fcc1f9d8f6b\",\"name\":\"hotnewsinworld\",\"image\":{\"@type\":\"ImageObject\",\"inLanguage\":\"hu\",\"@id\":\"https:\\\/\\\/secure.gravatar.com\\\/avatar\\\/8a09ac165600ce2e1c38fe593c63928eb1e6e7ba5c5a907d67787c41b3d00c14?s=96&d=mm&r=g\",\"url\":\"https:\\\/\\\/secure.gravatar.com\\\/avatar\\\/8a09ac165600ce2e1c38fe593c63928eb1e6e7ba5c5a907d67787c41b3d00c14?s=96&d=mm&r=g\",\"contentUrl\":\"https:\\\/\\\/secure.gravatar.com\\\/avatar\\\/8a09ac165600ce2e1c38fe593c63928eb1e6e7ba5c5a907d67787c41b3d00c14?s=96&d=mm&r=g\",\"caption\":\"hotnewsinworld\"},\"url\":\"https:\\\/\\\/hotnewsinworld.com\\\/hu\\\/author\\\/pt\\\/\"}]}<\/script>\n<!-- \/ Yoast SEO plugin. -->","yoast_head_json":{"title":"Csak az angolokt\u00f3l f\u00e9lt | Magyar Nemzet - Hot News in World","robots":{"index":"index","follow":"follow","max-snippet":"max-snippet:-1","max-image-preview":"max-image-preview:large","max-video-preview":"max-video-preview:-1"},"canonical":"https:\/\/hotnewsinworld.com\/hu\/csak-az-angoloktol-felt-magyar-nemzet\/","og_locale":"hu_HU","og_type":"article","og_title":"Csak az angolokt\u00f3l f\u00e9lt | Magyar Nemzet - Hot News in World","og_description":"2019. szeptember 22. vas\u00e1rnap 08:25 Eg\u00e9szs\u00e9gesen kihagyhatatlan volt a Bp. Honv\u00e9db\u00f3l \u00e9s a v\u00e1logatottb\u00f3l is. A magyar futball t\u00f6rt\u00e9net\u00e9nek egyik legjobb k\u00f6z\u00e9ps\u0151 v\u00e9d\u0151j\u00e9t Garaba Imr\u00e9nek h\u00edvj\u00e1k, aki 82 v\u00e1logatotts\u00e1got mag\u00e1ba foglal\u00f3 p\u00e1lyafut\u00e1sa befejezt\u00e9vel csup\u00e1n nagyon r\u00f6vid ideig edz\u0151sk\u00f6d\u00f6tt, csaknem negyed \u00e9vsz\u00e1zada mag\u00e1t a futballt\u00f3l t\u00e1vol tartva \u00e9l, elmond\u00e1sa szerint boldogan \u00e9s szabadon.&#13; \u2013 Olvasom, hogy [&hellip;]","og_url":"https:\/\/hotnewsinworld.com\/hu\/csak-az-angoloktol-felt-magyar-nemzet\/","og_site_name":"Hot News in World","article_published_time":"2019-09-22T06:33:48+00:00","article_modified_time":"2019-09-22T06:33:49+00:00","og_image":[{"width":768,"height":432,"url":"https:\/\/hotnewsinworld.com\/hu\/wp-content\/uploads\/sites\/3\/2019\/09\/Csak-az-angolokt\u00f3l-f\u00e9lt-Magyar-Nemzet.jpg","type":"image\/jpeg"}],"author":"hotnewsinworld","twitter_card":"summary_large_image","twitter_misc":{"Szerz\u0151:":"hotnewsinworld","Becs\u00fclt olvas\u00e1si id\u0151":"9 perc"},"schema":{"@context":"https:\/\/schema.org","@graph":[{"@type":"Article","@id":"https:\/\/hotnewsinworld.com\/hu\/csak-az-angoloktol-felt-magyar-nemzet\/#article","isPartOf":{"@id":"https:\/\/hotnewsinworld.com\/hu\/csak-az-angoloktol-felt-magyar-nemzet\/"},"author":{"name":"hotnewsinworld","@id":"https:\/\/hotnewsinworld.com\/hu\/#\/schema\/person\/fe61448b21c0d59086e75fcc1f9d8f6b"},"headline":"Csak az angolokt\u00f3l f\u00e9lt | Magyar Nemzet","datePublished":"2019-09-22T06:33:48+00:00","dateModified":"2019-09-22T06:33:49+00:00","mainEntityOfPage":{"@id":"https:\/\/hotnewsinworld.com\/hu\/csak-az-angoloktol-felt-magyar-nemzet\/"},"wordCount":1857,"commentCount":0,"image":{"@id":"https:\/\/hotnewsinworld.com\/hu\/csak-az-angoloktol-felt-magyar-nemzet\/#primaryimage"},"thumbnailUrl":"https:\/\/hotnewsinworld.com\/hu\/wp-content\/uploads\/sites\/3\/2019\/09\/Csak-az-angolokt\u00f3l-f\u00e9lt-Magyar-Nemzet.jpg","articleSection":["LEG\u00daJABB P\u00c9NZ\u00dcGYI H\u00cdREK"],"inLanguage":"hu","potentialAction":[{"@type":"CommentAction","name":"Comment","target":["https:\/\/hotnewsinworld.com\/hu\/csak-az-angoloktol-felt-magyar-nemzet\/#respond"]}]},{"@type":"WebPage","@id":"https:\/\/hotnewsinworld.com\/hu\/csak-az-angoloktol-felt-magyar-nemzet\/","url":"https:\/\/hotnewsinworld.com\/hu\/csak-az-angoloktol-felt-magyar-nemzet\/","name":"Csak az angolokt\u00f3l f\u00e9lt | Magyar Nemzet - Hot News in World","isPartOf":{"@id":"https:\/\/hotnewsinworld.com\/hu\/#website"},"primaryImageOfPage":{"@id":"https:\/\/hotnewsinworld.com\/hu\/csak-az-angoloktol-felt-magyar-nemzet\/#primaryimage"},"image":{"@id":"https:\/\/hotnewsinworld.com\/hu\/csak-az-angoloktol-felt-magyar-nemzet\/#primaryimage"},"thumbnailUrl":"https:\/\/hotnewsinworld.com\/hu\/wp-content\/uploads\/sites\/3\/2019\/09\/Csak-az-angolokt\u00f3l-f\u00e9lt-Magyar-Nemzet.jpg","datePublished":"2019-09-22T06:33:48+00:00","dateModified":"2019-09-22T06:33:49+00:00","author":{"@id":"https:\/\/hotnewsinworld.com\/hu\/#\/schema\/person\/fe61448b21c0d59086e75fcc1f9d8f6b"},"breadcrumb":{"@id":"https:\/\/hotnewsinworld.com\/hu\/csak-az-angoloktol-felt-magyar-nemzet\/#breadcrumb"},"inLanguage":"hu","potentialAction":[{"@type":"ReadAction","target":["https:\/\/hotnewsinworld.com\/hu\/csak-az-angoloktol-felt-magyar-nemzet\/"]}]},{"@type":"ImageObject","inLanguage":"hu","@id":"https:\/\/hotnewsinworld.com\/hu\/csak-az-angoloktol-felt-magyar-nemzet\/#primaryimage","url":"https:\/\/hotnewsinworld.com\/hu\/wp-content\/uploads\/sites\/3\/2019\/09\/Csak-az-angolokt\u00f3l-f\u00e9lt-Magyar-Nemzet.jpg","contentUrl":"https:\/\/hotnewsinworld.com\/hu\/wp-content\/uploads\/sites\/3\/2019\/09\/Csak-az-angolokt\u00f3l-f\u00e9lt-Magyar-Nemzet.jpg","width":768,"height":432,"caption":"Csak az angolokt\u00f3l f\u00e9lt | Magyar Nemzet"},{"@type":"BreadcrumbList","@id":"https:\/\/hotnewsinworld.com\/hu\/csak-az-angoloktol-felt-magyar-nemzet\/#breadcrumb","itemListElement":[{"@type":"ListItem","position":1,"name":"\u0413\u043b\u0430\u0432\u043d\u0430\u044f \u0441\u0442\u0440\u0430\u043d\u0438\u0446\u0430","item":"https:\/\/hotnewsinworld.com\/hu\/"},{"@type":"ListItem","position":2,"name":"Csak az angolokt\u00f3l f\u00e9lt | Magyar Nemzet"}]},{"@type":"WebSite","@id":"https:\/\/hotnewsinworld.com\/hu\/#website","url":"https:\/\/hotnewsinworld.com\/hu\/","name":"Hot News in World","description":"Hot News in World from Hungary","potentialAction":[{"@type":"SearchAction","target":{"@type":"EntryPoint","urlTemplate":"https:\/\/hotnewsinworld.com\/hu\/?s={search_term_string}"},"query-input":{"@type":"PropertyValueSpecification","valueRequired":true,"valueName":"search_term_string"}}],"inLanguage":"hu"},{"@type":"Person","@id":"https:\/\/hotnewsinworld.com\/hu\/#\/schema\/person\/fe61448b21c0d59086e75fcc1f9d8f6b","name":"hotnewsinworld","image":{"@type":"ImageObject","inLanguage":"hu","@id":"https:\/\/secure.gravatar.com\/avatar\/8a09ac165600ce2e1c38fe593c63928eb1e6e7ba5c5a907d67787c41b3d00c14?s=96&d=mm&r=g","url":"https:\/\/secure.gravatar.com\/avatar\/8a09ac165600ce2e1c38fe593c63928eb1e6e7ba5c5a907d67787c41b3d00c14?s=96&d=mm&r=g","contentUrl":"https:\/\/secure.gravatar.com\/avatar\/8a09ac165600ce2e1c38fe593c63928eb1e6e7ba5c5a907d67787c41b3d00c14?s=96&d=mm&r=g","caption":"hotnewsinworld"},"url":"https:\/\/hotnewsinworld.com\/hu\/author\/pt\/"}]}},"_links":{"self":[{"href":"https:\/\/hotnewsinworld.com\/hu\/wp-json\/wp\/v2\/posts\/2423","targetHints":{"allow":["GET"]}}],"collection":[{"href":"https:\/\/hotnewsinworld.com\/hu\/wp-json\/wp\/v2\/posts"}],"about":[{"href":"https:\/\/hotnewsinworld.com\/hu\/wp-json\/wp\/v2\/types\/post"}],"author":[{"embeddable":true,"href":"https:\/\/hotnewsinworld.com\/hu\/wp-json\/wp\/v2\/users\/2"}],"replies":[{"embeddable":true,"href":"https:\/\/hotnewsinworld.com\/hu\/wp-json\/wp\/v2\/comments?post=2423"}],"version-history":[{"count":1,"href":"https:\/\/hotnewsinworld.com\/hu\/wp-json\/wp\/v2\/posts\/2423\/revisions"}],"predecessor-version":[{"id":2425,"href":"https:\/\/hotnewsinworld.com\/hu\/wp-json\/wp\/v2\/posts\/2423\/revisions\/2425"}],"wp:featuredmedia":[{"embeddable":true,"href":"https:\/\/hotnewsinworld.com\/hu\/wp-json\/wp\/v2\/media\/2424"}],"wp:attachment":[{"href":"https:\/\/hotnewsinworld.com\/hu\/wp-json\/wp\/v2\/media?parent=2423"}],"wp:term":[{"taxonomy":"category","embeddable":true,"href":"https:\/\/hotnewsinworld.com\/hu\/wp-json\/wp\/v2\/categories?post=2423"},{"taxonomy":"post_tag","embeddable":true,"href":"https:\/\/hotnewsinworld.com\/hu\/wp-json\/wp\/v2\/tags?post=2423"}],"curies":[{"name":"wp","href":"https:\/\/api.w.org\/{rel}","templated":true}]}}