{"id":2429,"date":"2019-09-22T12:19:33","date_gmt":"2019-09-22T09:19:33","guid":{"rendered":"https:\/\/hotnewsinworld.com\/hu\/video-kevesebb-mint-3-perc-alatt-futott-fel-22-emeletnyit-egy-budapesti-tuzolto\/"},"modified":"2019-09-22T12:19:35","modified_gmt":"2019-09-22T09:19:35","slug":"video-kevesebb-mint-3-perc-alatt-futott-fel-22-emeletnyit-egy-budapesti-tuzolto","status":"publish","type":"post","link":"https:\/\/hotnewsinworld.com\/hu\/video-kevesebb-mint-3-perc-alatt-futott-fel-22-emeletnyit-egy-budapesti-tuzolto\/","title":{"rendered":"Vide\u00f3: kevesebb, mint 3 perc alatt futott fel 22 emeletnyit egy budapesti t\u0171zolt\u00f3"},"content":{"rendered":"<p>\t\t\t\t\tAz imm\u00e1r huszadik orsz\u00e1gos l\u00e9pcs\u0151fut\u00f3versenyen az egy\u00e9ni abszol\u00fat kateg\u00f3ri\u00e1t Moln\u00e1r M\u00e1t\u00e9, a F\u0151v\u00e1rosi Katasztr\u00f3fav\u00e9delmi Igazgat\u00f3s\u00e1g t\u0171zolt\u00f3ja nyerte 2 perc 42 m\u00e1sodperces id\u0151eredm\u00e9nnyel, m\u00edg a p\u00e1rosok abszol\u00fat verseny\u00e9t szint\u00e9n f\u0151v\u00e1rosi indul\u00f3k, Dud\u00e1s Csaba \u00e9s Moln\u00e1r M\u00e1rk nyert\u00e9k meg 2 perc 57 m\u00e1sodperces eredm\u00e9nnyel \u2014 sz\u00e1molt be honlapj\u00e1n a\u00a0BM Orsz\u00e1gos Katasztr\u00f3fav\u00e9delmi F\u0151igazgat\u00f3s\u00e1g.<br \/>\nA 22 emelet megt\u00e9tel\u00e9hez 510 l\u00e9pcs\u0151n kellett felfutni. A BM Orsz\u00e1gos Katasztr\u00f3fav\u00e9delmi F\u0151igazgat\u00f3s\u00e1g, a F\u0151v\u00e1rosi Katasztr\u00f3fav\u00e9delmi Igazgat\u00f3s\u00e1g, az Orsz\u00e1gos Katasztr\u00f3fav\u00e9delmi Sportegyes\u00fclet \u00e9s a Magyar T\u0171zolt\u00f3 Sz\u00f6vets\u00e9g \u00e1ltal szervezett 20. L\u00e9pcs\u0151fut\u00f3 Orsz\u00e1gos Bajnoks\u00e1gra t\u00f6bb mint sz\u00e1zhatvanan neveztek. A megm\u00e9rettet\u00e9snek id\u00e9n is a Semmelweis Egyetem Nagyv\u00e1rad t\u00e9ri Elm\u00e9leti T\u00f6mbje adott otthont.<\/p>\n<p>Huszadik alkalom, huszonk\u00e9t emelet, \u00f6tsz\u00e1zt\u00edz l\u00e9pcs\u0151<br \/>\nA huszadik orsz\u00e1gos l\u00e9pcs\u0151fut\u00f3versenyen huszonk\u00e9t emeletet \u00e9s \u00f6tsz\u00e1zt\u00edz l\u00e9pcs\u0151fokot kellett teljes\u00edtenie a t\u00f6bb mint sz\u00e1zhatvan indul\u00f3nak. A hagyom\u00e1nyos megm\u00e9ret\u00e9st a Semmelweis Egyetem Nagyv\u00e1rad t\u00e9ri Elm\u00e9leti T\u00f6mbj\u00e9ben rendezt\u00e9k meg szeptember 21-\u00e9n. Az esem\u00e9ny r\u00e9szleteir\u0151l \u00e9s eredm\u00e9nyeir\u0151l ide kattintva olvashatnak:http:\/\/www.katasztrofavedelem.hu\/index2.php?pageid=szervezet_hirek&amp;hirid=6813Vide\u00f3:Schultz L\u00e1szl\u00f3 t\u0171zolt\u00f3 f\u0151t\u00f6rzs\u0151rmester \u2013 FKI<br \/>\nK\u00f6zz\u00e9tette: BM Orsz\u00e1gos Katasztr\u00f3fav\u00e9delmi F\u0151igazgat\u00f3s\u00e1g \u2013 2019. szeptember 21., szombat<\/p>\n<p>\u00a0<br \/>\nMint \u00edrj\u00e1k: a 2000 \u00f3ta megrendezett viadalon az indul\u00f3k teljes v\u00e9d\u0151felszerel\u00e9sben, l\u00e9gz\u0151k\u00e9sz\u00fcl\u00e9kben, ac\u00e9lpalackkal a h\u00e1tukon futottak fel a Semmelweis Egyetem Nagyv\u00e1rad t\u00e9ri \u00e9p\u00fclet\u00e9nek huszonkettedik emelet\u00e9re. A versenyz\u0151k nemek \u00e9s korcsoportok szerinti bont\u00e1sban, egy\u00e9niben \u00e9s p\u00e1rban v\u00e1gtak neki a t\u00f6bb sz\u00e1z l\u00e9pcs\u0151nek, nagyj\u00e1b\u00f3l harminckil\u00f3s felszerel\u00e9ssel. A szab\u00e1ly szerint a p\u00e1rosok tagjainak egy\u00fctt kellett maradniuk, egy l\u00e9pcs\u0151fordul\u00f3nyin\u00e1l nagyobb t\u00e1vols\u00e1gra nem maradhattak el egym\u00e1st\u00f3l. Az orsz\u00e1gos bajnoks\u00e1g abszol\u00fat rekordja 2002-ben sz\u00fcletett, akkor a F\u0151v\u00e1rosi Katasztr\u00f3fav\u00e9delmi Igazgat\u00f3s\u00e1g jelenlegi t\u0171zolt\u00f3s\u00e1gi f\u0151fel\u00fcgyel\u0151je, dr. Kany\u00f3 Ferenc ezredes 2 perc 23 m\u00e1sodperc alatt \u00e9rt fel a c\u00e9lba.<br \/>\nAz elm\u00falt \u00e9vek hagyom\u00e1nyait folytatva id\u00e9n is r\u00e9szt vettek vend\u00e9g indul\u00f3k a viadalon. Szlov\u00e1ki\u00e1b\u00f3l h\u00e1rom t\u0171zolt\u00f3 \u00e9rkezett, de rajthoz \u00e1llt a Semmelweis Egyetem h\u00e1rom munkat\u00e1rsa: dr. Hank\u00f3 Bal\u00e1zs, a Semmelweis Egyetem strat\u00e9giai rektorhelyettese, M\u00e9sz\u00e1ros Istv\u00e1n, az egyetem megb\u00edzott m\u0171szaki f\u0151igazgat\u00f3ja \u00e9s Kov\u00e1cs Borb\u00e1la, a biztons\u00e1gtechnikai igazgat\u00f3s\u00e1g munkat\u00e1rsa is. Id\u00e9n az Orsz\u00e1gos Ment\u0151szolg\u00e1lat tizenh\u00e1rom f\u0151vel k\u00e9pviseltette mag\u00e1t.<br \/>\nA verseny d\u00edj\u00e1tad\u00f3j\u00e1n dr. B\u00e9rczi L\u00e1szl\u00f3 t\u0171zolt\u00f3 dand\u00e1rt\u00e1bornok, a BM Orsz\u00e1gos Katasztr\u00f3fav\u00e9delmi F\u0151igazgat\u00f3s\u00e1g t\u0171zolt\u00f3s\u00e1gi f\u0151fel\u00fcgyel\u0151je k\u00f6sz\u00f6nt\u00f6tte az indul\u00f3kat. A t\u00e1bornok besz\u00e9d\u00e9ben kit\u00e9rt arra, hogy a t\u0171zolt\u00f3kt\u00f3l mindig valami t\u00f6bbet v\u00e1rnak el, \u00e9s ez a verseny bizony\u00edtja, hogy ez a t\u00f6bblet nemcsak a szakmai, technikai, hanem a fizikai felk\u00e9sz\u00fclts\u00e9gben is megmutatkozik.<\/p>\n<p>\n<!--noindex--><br \/>\n<a href=\"https:\/\/hirek.oldal.info\/rssclick\/14417153\" rel=\"nofollow\">Source link <\/a><br \/>\n<!--\/noindex--><\/p>\n","protected":false},"excerpt":{"rendered":"<p>Az imm\u00e1r huszadik orsz\u00e1gos l\u00e9pcs\u0151fut\u00f3versenyen az egy\u00e9ni abszol\u00fat kateg\u00f3ri\u00e1t Moln\u00e1r M\u00e1t\u00e9, a F\u0151v\u00e1rosi Katasztr\u00f3fav\u00e9delmi Igazgat\u00f3s\u00e1g t\u0171zolt\u00f3ja nyerte 2 perc 42 m\u00e1sodperces id\u0151eredm\u00e9nnyel, m\u00edg a p\u00e1rosok abszol\u00fat verseny\u00e9t szint\u00e9n f\u0151v\u00e1rosi indul\u00f3k, Dud\u00e1s Csaba \u00e9s Moln\u00e1r M\u00e1rk nyert\u00e9k meg 2 perc 57 m\u00e1sodperces eredm\u00e9nnyel \u2014 sz\u00e1molt be honlapj\u00e1n a\u00a0BM Orsz\u00e1gos Katasztr\u00f3fav\u00e9delmi F\u0151igazgat\u00f3s\u00e1g. A 22 emelet megt\u00e9tel\u00e9hez 510 [&hellip;]<\/p>\n","protected":false},"author":2,"featured_media":2430,"comment_status":"open","ping_status":"open","sticky":false,"template":"","format":"standard","meta":{"footnotes":""},"categories":[1],"tags":[],"class_list":["post-2429","post","type-post","status-publish","format-standard","has-post-thumbnail","hentry","category-legujabb-penzugyi-hirek"],"yoast_head":"<!-- This site is optimized with the Yoast SEO plugin v27.4 - https:\/\/yoast.com\/product\/yoast-seo-wordpress\/ -->\n<title>Vide\u00f3: kevesebb, mint 3 perc alatt futott fel 22 emeletnyit egy budapesti t\u0171zolt\u00f3 - Hot News in World<\/title>\n<meta name=\"robots\" content=\"index, follow, max-snippet:-1, max-image-preview:large, max-video-preview:-1\" \/>\n<link rel=\"canonical\" href=\"https:\/\/hotnewsinworld.com\/hu\/video-kevesebb-mint-3-perc-alatt-futott-fel-22-emeletnyit-egy-budapesti-tuzolto\/\" \/>\n<meta property=\"og:locale\" content=\"hu_HU\" \/>\n<meta property=\"og:type\" content=\"article\" \/>\n<meta property=\"og:title\" content=\"Vide\u00f3: kevesebb, mint 3 perc alatt futott fel 22 emeletnyit egy budapesti t\u0171zolt\u00f3 - Hot News in World\" \/>\n<meta property=\"og:description\" content=\"Az imm\u00e1r huszadik orsz\u00e1gos l\u00e9pcs\u0151fut\u00f3versenyen az egy\u00e9ni abszol\u00fat kateg\u00f3ri\u00e1t Moln\u00e1r M\u00e1t\u00e9, a F\u0151v\u00e1rosi Katasztr\u00f3fav\u00e9delmi Igazgat\u00f3s\u00e1g t\u0171zolt\u00f3ja nyerte 2 perc 42 m\u00e1sodperces id\u0151eredm\u00e9nnyel, m\u00edg a p\u00e1rosok abszol\u00fat verseny\u00e9t szint\u00e9n f\u0151v\u00e1rosi indul\u00f3k, Dud\u00e1s Csaba \u00e9s Moln\u00e1r M\u00e1rk nyert\u00e9k meg 2 perc 57 m\u00e1sodperces eredm\u00e9nnyel \u2014 sz\u00e1molt be honlapj\u00e1n a\u00a0BM Orsz\u00e1gos Katasztr\u00f3fav\u00e9delmi F\u0151igazgat\u00f3s\u00e1g. A 22 emelet megt\u00e9tel\u00e9hez 510 [&hellip;]\" \/>\n<meta property=\"og:url\" content=\"https:\/\/hotnewsinworld.com\/hu\/video-kevesebb-mint-3-perc-alatt-futott-fel-22-emeletnyit-egy-budapesti-tuzolto\/\" \/>\n<meta property=\"og:site_name\" content=\"Hot News in World\" \/>\n<meta property=\"article:published_time\" content=\"2019-09-22T09:19:33+00:00\" \/>\n<meta property=\"article:modified_time\" content=\"2019-09-22T09:19:35+00:00\" \/>\n<meta property=\"og:image\" content=\"https:\/\/hotnewsinworld.com\/hu\/wp-content\/uploads\/sites\/3\/2019\/09\/Vide\u00f3-kevesebb-mint-3-perc-alatt-futott-fel-22-emeletnyit.png\" \/>\n\t<meta property=\"og:image:width\" content=\"823\" \/>\n\t<meta property=\"og:image:height\" content=\"451\" \/>\n\t<meta property=\"og:image:type\" content=\"image\/png\" \/>\n<meta name=\"author\" content=\"hotnewsinworld\" \/>\n<meta name=\"twitter:card\" content=\"summary_large_image\" \/>\n<meta name=\"twitter:label1\" content=\"Szerz\u0151:\" \/>\n\t<meta name=\"twitter:data1\" content=\"hotnewsinworld\" \/>\n\t<meta name=\"twitter:label2\" content=\"Becs\u00fclt olvas\u00e1si id\u0151\" \/>\n\t<meta name=\"twitter:data2\" content=\"3 perc\" \/>\n<script type=\"application\/ld+json\" class=\"yoast-schema-graph\">{\"@context\":\"https:\\\/\\\/schema.org\",\"@graph\":[{\"@type\":\"Article\",\"@id\":\"https:\\\/\\\/hotnewsinworld.com\\\/hu\\\/video-kevesebb-mint-3-perc-alatt-futott-fel-22-emeletnyit-egy-budapesti-tuzolto\\\/#article\",\"isPartOf\":{\"@id\":\"https:\\\/\\\/hotnewsinworld.com\\\/hu\\\/video-kevesebb-mint-3-perc-alatt-futott-fel-22-emeletnyit-egy-budapesti-tuzolto\\\/\"},\"author\":{\"name\":\"hotnewsinworld\",\"@id\":\"https:\\\/\\\/hotnewsinworld.com\\\/hu\\\/#\\\/schema\\\/person\\\/fe61448b21c0d59086e75fcc1f9d8f6b\"},\"headline\":\"Vide\u00f3: kevesebb, mint 3 perc alatt futott fel 22 emeletnyit egy budapesti t\u0171zolt\u00f3\",\"datePublished\":\"2019-09-22T09:19:33+00:00\",\"dateModified\":\"2019-09-22T09:19:35+00:00\",\"mainEntityOfPage\":{\"@id\":\"https:\\\/\\\/hotnewsinworld.com\\\/hu\\\/video-kevesebb-mint-3-perc-alatt-futott-fel-22-emeletnyit-egy-budapesti-tuzolto\\\/\"},\"wordCount\":625,\"commentCount\":0,\"image\":{\"@id\":\"https:\\\/\\\/hotnewsinworld.com\\\/hu\\\/video-kevesebb-mint-3-perc-alatt-futott-fel-22-emeletnyit-egy-budapesti-tuzolto\\\/#primaryimage\"},\"thumbnailUrl\":\"https:\\\/\\\/hotnewsinworld.com\\\/hu\\\/wp-content\\\/uploads\\\/sites\\\/3\\\/2019\\\/09\\\/Vide\u00f3-kevesebb-mint-3-perc-alatt-futott-fel-22-emeletnyit.png\",\"articleSection\":[\"LEG\u00daJABB P\u00c9NZ\u00dcGYI H\u00cdREK\"],\"inLanguage\":\"hu\",\"potentialAction\":[{\"@type\":\"CommentAction\",\"name\":\"Comment\",\"target\":[\"https:\\\/\\\/hotnewsinworld.com\\\/hu\\\/video-kevesebb-mint-3-perc-alatt-futott-fel-22-emeletnyit-egy-budapesti-tuzolto\\\/#respond\"]}]},{\"@type\":\"WebPage\",\"@id\":\"https:\\\/\\\/hotnewsinworld.com\\\/hu\\\/video-kevesebb-mint-3-perc-alatt-futott-fel-22-emeletnyit-egy-budapesti-tuzolto\\\/\",\"url\":\"https:\\\/\\\/hotnewsinworld.com\\\/hu\\\/video-kevesebb-mint-3-perc-alatt-futott-fel-22-emeletnyit-egy-budapesti-tuzolto\\\/\",\"name\":\"Vide\u00f3: kevesebb, mint 3 perc alatt futott fel 22 emeletnyit egy budapesti t\u0171zolt\u00f3 - Hot News in World\",\"isPartOf\":{\"@id\":\"https:\\\/\\\/hotnewsinworld.com\\\/hu\\\/#website\"},\"primaryImageOfPage\":{\"@id\":\"https:\\\/\\\/hotnewsinworld.com\\\/hu\\\/video-kevesebb-mint-3-perc-alatt-futott-fel-22-emeletnyit-egy-budapesti-tuzolto\\\/#primaryimage\"},\"image\":{\"@id\":\"https:\\\/\\\/hotnewsinworld.com\\\/hu\\\/video-kevesebb-mint-3-perc-alatt-futott-fel-22-emeletnyit-egy-budapesti-tuzolto\\\/#primaryimage\"},\"thumbnailUrl\":\"https:\\\/\\\/hotnewsinworld.com\\\/hu\\\/wp-content\\\/uploads\\\/sites\\\/3\\\/2019\\\/09\\\/Vide\u00f3-kevesebb-mint-3-perc-alatt-futott-fel-22-emeletnyit.png\",\"datePublished\":\"2019-09-22T09:19:33+00:00\",\"dateModified\":\"2019-09-22T09:19:35+00:00\",\"author\":{\"@id\":\"https:\\\/\\\/hotnewsinworld.com\\\/hu\\\/#\\\/schema\\\/person\\\/fe61448b21c0d59086e75fcc1f9d8f6b\"},\"breadcrumb\":{\"@id\":\"https:\\\/\\\/hotnewsinworld.com\\\/hu\\\/video-kevesebb-mint-3-perc-alatt-futott-fel-22-emeletnyit-egy-budapesti-tuzolto\\\/#breadcrumb\"},\"inLanguage\":\"hu\",\"potentialAction\":[{\"@type\":\"ReadAction\",\"target\":[\"https:\\\/\\\/hotnewsinworld.com\\\/hu\\\/video-kevesebb-mint-3-perc-alatt-futott-fel-22-emeletnyit-egy-budapesti-tuzolto\\\/\"]}]},{\"@type\":\"ImageObject\",\"inLanguage\":\"hu\",\"@id\":\"https:\\\/\\\/hotnewsinworld.com\\\/hu\\\/video-kevesebb-mint-3-perc-alatt-futott-fel-22-emeletnyit-egy-budapesti-tuzolto\\\/#primaryimage\",\"url\":\"https:\\\/\\\/hotnewsinworld.com\\\/hu\\\/wp-content\\\/uploads\\\/sites\\\/3\\\/2019\\\/09\\\/Vide\u00f3-kevesebb-mint-3-perc-alatt-futott-fel-22-emeletnyit.png\",\"contentUrl\":\"https:\\\/\\\/hotnewsinworld.com\\\/hu\\\/wp-content\\\/uploads\\\/sites\\\/3\\\/2019\\\/09\\\/Vide\u00f3-kevesebb-mint-3-perc-alatt-futott-fel-22-emeletnyit.png\",\"width\":823,\"height\":451,\"caption\":\"Vide\u00f3: kevesebb, mint 3 perc alatt futott fel 22 emeletnyit egy budapesti t\u0171zolt\u00f3\"},{\"@type\":\"BreadcrumbList\",\"@id\":\"https:\\\/\\\/hotnewsinworld.com\\\/hu\\\/video-kevesebb-mint-3-perc-alatt-futott-fel-22-emeletnyit-egy-budapesti-tuzolto\\\/#breadcrumb\",\"itemListElement\":[{\"@type\":\"ListItem\",\"position\":1,\"name\":\"\u0413\u043b\u0430\u0432\u043d\u0430\u044f \u0441\u0442\u0440\u0430\u043d\u0438\u0446\u0430\",\"item\":\"https:\\\/\\\/hotnewsinworld.com\\\/hu\\\/\"},{\"@type\":\"ListItem\",\"position\":2,\"name\":\"Vide\u00f3: kevesebb, mint 3 perc alatt futott fel 22 emeletnyit egy budapesti t\u0171zolt\u00f3\"}]},{\"@type\":\"WebSite\",\"@id\":\"https:\\\/\\\/hotnewsinworld.com\\\/hu\\\/#website\",\"url\":\"https:\\\/\\\/hotnewsinworld.com\\\/hu\\\/\",\"name\":\"Hot News in World\",\"description\":\"Hot News in World from Hungary\",\"potentialAction\":[{\"@type\":\"SearchAction\",\"target\":{\"@type\":\"EntryPoint\",\"urlTemplate\":\"https:\\\/\\\/hotnewsinworld.com\\\/hu\\\/?s={search_term_string}\"},\"query-input\":{\"@type\":\"PropertyValueSpecification\",\"valueRequired\":true,\"valueName\":\"search_term_string\"}}],\"inLanguage\":\"hu\"},{\"@type\":\"Person\",\"@id\":\"https:\\\/\\\/hotnewsinworld.com\\\/hu\\\/#\\\/schema\\\/person\\\/fe61448b21c0d59086e75fcc1f9d8f6b\",\"name\":\"hotnewsinworld\",\"image\":{\"@type\":\"ImageObject\",\"inLanguage\":\"hu\",\"@id\":\"https:\\\/\\\/secure.gravatar.com\\\/avatar\\\/8a09ac165600ce2e1c38fe593c63928eb1e6e7ba5c5a907d67787c41b3d00c14?s=96&d=mm&r=g\",\"url\":\"https:\\\/\\\/secure.gravatar.com\\\/avatar\\\/8a09ac165600ce2e1c38fe593c63928eb1e6e7ba5c5a907d67787c41b3d00c14?s=96&d=mm&r=g\",\"contentUrl\":\"https:\\\/\\\/secure.gravatar.com\\\/avatar\\\/8a09ac165600ce2e1c38fe593c63928eb1e6e7ba5c5a907d67787c41b3d00c14?s=96&d=mm&r=g\",\"caption\":\"hotnewsinworld\"},\"url\":\"https:\\\/\\\/hotnewsinworld.com\\\/hu\\\/author\\\/pt\\\/\"}]}<\/script>\n<!-- \/ Yoast SEO plugin. -->","yoast_head_json":{"title":"Vide\u00f3: kevesebb, mint 3 perc alatt futott fel 22 emeletnyit egy budapesti t\u0171zolt\u00f3 - Hot News in World","robots":{"index":"index","follow":"follow","max-snippet":"max-snippet:-1","max-image-preview":"max-image-preview:large","max-video-preview":"max-video-preview:-1"},"canonical":"https:\/\/hotnewsinworld.com\/hu\/video-kevesebb-mint-3-perc-alatt-futott-fel-22-emeletnyit-egy-budapesti-tuzolto\/","og_locale":"hu_HU","og_type":"article","og_title":"Vide\u00f3: kevesebb, mint 3 perc alatt futott fel 22 emeletnyit egy budapesti t\u0171zolt\u00f3 - Hot News in World","og_description":"Az imm\u00e1r huszadik orsz\u00e1gos l\u00e9pcs\u0151fut\u00f3versenyen az egy\u00e9ni abszol\u00fat kateg\u00f3ri\u00e1t Moln\u00e1r M\u00e1t\u00e9, a F\u0151v\u00e1rosi Katasztr\u00f3fav\u00e9delmi Igazgat\u00f3s\u00e1g t\u0171zolt\u00f3ja nyerte 2 perc 42 m\u00e1sodperces id\u0151eredm\u00e9nnyel, m\u00edg a p\u00e1rosok abszol\u00fat verseny\u00e9t szint\u00e9n f\u0151v\u00e1rosi indul\u00f3k, Dud\u00e1s Csaba \u00e9s Moln\u00e1r M\u00e1rk nyert\u00e9k meg 2 perc 57 m\u00e1sodperces eredm\u00e9nnyel \u2014 sz\u00e1molt be honlapj\u00e1n a\u00a0BM Orsz\u00e1gos Katasztr\u00f3fav\u00e9delmi F\u0151igazgat\u00f3s\u00e1g. A 22 emelet megt\u00e9tel\u00e9hez 510 [&hellip;]","og_url":"https:\/\/hotnewsinworld.com\/hu\/video-kevesebb-mint-3-perc-alatt-futott-fel-22-emeletnyit-egy-budapesti-tuzolto\/","og_site_name":"Hot News in World","article_published_time":"2019-09-22T09:19:33+00:00","article_modified_time":"2019-09-22T09:19:35+00:00","og_image":[{"width":823,"height":451,"url":"https:\/\/hotnewsinworld.com\/hu\/wp-content\/uploads\/sites\/3\/2019\/09\/Vide\u00f3-kevesebb-mint-3-perc-alatt-futott-fel-22-emeletnyit.png","type":"image\/png"}],"author":"hotnewsinworld","twitter_card":"summary_large_image","twitter_misc":{"Szerz\u0151:":"hotnewsinworld","Becs\u00fclt olvas\u00e1si id\u0151":"3 perc"},"schema":{"@context":"https:\/\/schema.org","@graph":[{"@type":"Article","@id":"https:\/\/hotnewsinworld.com\/hu\/video-kevesebb-mint-3-perc-alatt-futott-fel-22-emeletnyit-egy-budapesti-tuzolto\/#article","isPartOf":{"@id":"https:\/\/hotnewsinworld.com\/hu\/video-kevesebb-mint-3-perc-alatt-futott-fel-22-emeletnyit-egy-budapesti-tuzolto\/"},"author":{"name":"hotnewsinworld","@id":"https:\/\/hotnewsinworld.com\/hu\/#\/schema\/person\/fe61448b21c0d59086e75fcc1f9d8f6b"},"headline":"Vide\u00f3: kevesebb, mint 3 perc alatt futott fel 22 emeletnyit egy budapesti t\u0171zolt\u00f3","datePublished":"2019-09-22T09:19:33+00:00","dateModified":"2019-09-22T09:19:35+00:00","mainEntityOfPage":{"@id":"https:\/\/hotnewsinworld.com\/hu\/video-kevesebb-mint-3-perc-alatt-futott-fel-22-emeletnyit-egy-budapesti-tuzolto\/"},"wordCount":625,"commentCount":0,"image":{"@id":"https:\/\/hotnewsinworld.com\/hu\/video-kevesebb-mint-3-perc-alatt-futott-fel-22-emeletnyit-egy-budapesti-tuzolto\/#primaryimage"},"thumbnailUrl":"https:\/\/hotnewsinworld.com\/hu\/wp-content\/uploads\/sites\/3\/2019\/09\/Vide\u00f3-kevesebb-mint-3-perc-alatt-futott-fel-22-emeletnyit.png","articleSection":["LEG\u00daJABB P\u00c9NZ\u00dcGYI H\u00cdREK"],"inLanguage":"hu","potentialAction":[{"@type":"CommentAction","name":"Comment","target":["https:\/\/hotnewsinworld.com\/hu\/video-kevesebb-mint-3-perc-alatt-futott-fel-22-emeletnyit-egy-budapesti-tuzolto\/#respond"]}]},{"@type":"WebPage","@id":"https:\/\/hotnewsinworld.com\/hu\/video-kevesebb-mint-3-perc-alatt-futott-fel-22-emeletnyit-egy-budapesti-tuzolto\/","url":"https:\/\/hotnewsinworld.com\/hu\/video-kevesebb-mint-3-perc-alatt-futott-fel-22-emeletnyit-egy-budapesti-tuzolto\/","name":"Vide\u00f3: kevesebb, mint 3 perc alatt futott fel 22 emeletnyit egy budapesti t\u0171zolt\u00f3 - Hot News in World","isPartOf":{"@id":"https:\/\/hotnewsinworld.com\/hu\/#website"},"primaryImageOfPage":{"@id":"https:\/\/hotnewsinworld.com\/hu\/video-kevesebb-mint-3-perc-alatt-futott-fel-22-emeletnyit-egy-budapesti-tuzolto\/#primaryimage"},"image":{"@id":"https:\/\/hotnewsinworld.com\/hu\/video-kevesebb-mint-3-perc-alatt-futott-fel-22-emeletnyit-egy-budapesti-tuzolto\/#primaryimage"},"thumbnailUrl":"https:\/\/hotnewsinworld.com\/hu\/wp-content\/uploads\/sites\/3\/2019\/09\/Vide\u00f3-kevesebb-mint-3-perc-alatt-futott-fel-22-emeletnyit.png","datePublished":"2019-09-22T09:19:33+00:00","dateModified":"2019-09-22T09:19:35+00:00","author":{"@id":"https:\/\/hotnewsinworld.com\/hu\/#\/schema\/person\/fe61448b21c0d59086e75fcc1f9d8f6b"},"breadcrumb":{"@id":"https:\/\/hotnewsinworld.com\/hu\/video-kevesebb-mint-3-perc-alatt-futott-fel-22-emeletnyit-egy-budapesti-tuzolto\/#breadcrumb"},"inLanguage":"hu","potentialAction":[{"@type":"ReadAction","target":["https:\/\/hotnewsinworld.com\/hu\/video-kevesebb-mint-3-perc-alatt-futott-fel-22-emeletnyit-egy-budapesti-tuzolto\/"]}]},{"@type":"ImageObject","inLanguage":"hu","@id":"https:\/\/hotnewsinworld.com\/hu\/video-kevesebb-mint-3-perc-alatt-futott-fel-22-emeletnyit-egy-budapesti-tuzolto\/#primaryimage","url":"https:\/\/hotnewsinworld.com\/hu\/wp-content\/uploads\/sites\/3\/2019\/09\/Vide\u00f3-kevesebb-mint-3-perc-alatt-futott-fel-22-emeletnyit.png","contentUrl":"https:\/\/hotnewsinworld.com\/hu\/wp-content\/uploads\/sites\/3\/2019\/09\/Vide\u00f3-kevesebb-mint-3-perc-alatt-futott-fel-22-emeletnyit.png","width":823,"height":451,"caption":"Vide\u00f3: kevesebb, mint 3 perc alatt futott fel 22 emeletnyit egy budapesti t\u0171zolt\u00f3"},{"@type":"BreadcrumbList","@id":"https:\/\/hotnewsinworld.com\/hu\/video-kevesebb-mint-3-perc-alatt-futott-fel-22-emeletnyit-egy-budapesti-tuzolto\/#breadcrumb","itemListElement":[{"@type":"ListItem","position":1,"name":"\u0413\u043b\u0430\u0432\u043d\u0430\u044f \u0441\u0442\u0440\u0430\u043d\u0438\u0446\u0430","item":"https:\/\/hotnewsinworld.com\/hu\/"},{"@type":"ListItem","position":2,"name":"Vide\u00f3: kevesebb, mint 3 perc alatt futott fel 22 emeletnyit egy budapesti t\u0171zolt\u00f3"}]},{"@type":"WebSite","@id":"https:\/\/hotnewsinworld.com\/hu\/#website","url":"https:\/\/hotnewsinworld.com\/hu\/","name":"Hot News in World","description":"Hot News in World from Hungary","potentialAction":[{"@type":"SearchAction","target":{"@type":"EntryPoint","urlTemplate":"https:\/\/hotnewsinworld.com\/hu\/?s={search_term_string}"},"query-input":{"@type":"PropertyValueSpecification","valueRequired":true,"valueName":"search_term_string"}}],"inLanguage":"hu"},{"@type":"Person","@id":"https:\/\/hotnewsinworld.com\/hu\/#\/schema\/person\/fe61448b21c0d59086e75fcc1f9d8f6b","name":"hotnewsinworld","image":{"@type":"ImageObject","inLanguage":"hu","@id":"https:\/\/secure.gravatar.com\/avatar\/8a09ac165600ce2e1c38fe593c63928eb1e6e7ba5c5a907d67787c41b3d00c14?s=96&d=mm&r=g","url":"https:\/\/secure.gravatar.com\/avatar\/8a09ac165600ce2e1c38fe593c63928eb1e6e7ba5c5a907d67787c41b3d00c14?s=96&d=mm&r=g","contentUrl":"https:\/\/secure.gravatar.com\/avatar\/8a09ac165600ce2e1c38fe593c63928eb1e6e7ba5c5a907d67787c41b3d00c14?s=96&d=mm&r=g","caption":"hotnewsinworld"},"url":"https:\/\/hotnewsinworld.com\/hu\/author\/pt\/"}]}},"_links":{"self":[{"href":"https:\/\/hotnewsinworld.com\/hu\/wp-json\/wp\/v2\/posts\/2429","targetHints":{"allow":["GET"]}}],"collection":[{"href":"https:\/\/hotnewsinworld.com\/hu\/wp-json\/wp\/v2\/posts"}],"about":[{"href":"https:\/\/hotnewsinworld.com\/hu\/wp-json\/wp\/v2\/types\/post"}],"author":[{"embeddable":true,"href":"https:\/\/hotnewsinworld.com\/hu\/wp-json\/wp\/v2\/users\/2"}],"replies":[{"embeddable":true,"href":"https:\/\/hotnewsinworld.com\/hu\/wp-json\/wp\/v2\/comments?post=2429"}],"version-history":[{"count":1,"href":"https:\/\/hotnewsinworld.com\/hu\/wp-json\/wp\/v2\/posts\/2429\/revisions"}],"predecessor-version":[{"id":2431,"href":"https:\/\/hotnewsinworld.com\/hu\/wp-json\/wp\/v2\/posts\/2429\/revisions\/2431"}],"wp:featuredmedia":[{"embeddable":true,"href":"https:\/\/hotnewsinworld.com\/hu\/wp-json\/wp\/v2\/media\/2430"}],"wp:attachment":[{"href":"https:\/\/hotnewsinworld.com\/hu\/wp-json\/wp\/v2\/media?parent=2429"}],"wp:term":[{"taxonomy":"category","embeddable":true,"href":"https:\/\/hotnewsinworld.com\/hu\/wp-json\/wp\/v2\/categories?post=2429"},{"taxonomy":"post_tag","embeddable":true,"href":"https:\/\/hotnewsinworld.com\/hu\/wp-json\/wp\/v2\/tags?post=2429"}],"curies":[{"name":"wp","href":"https:\/\/api.w.org\/{rel}","templated":true}]}}