{"id":2438,"date":"2019-09-22T16:30:20","date_gmt":"2019-09-22T13:30:20","guid":{"rendered":"https:\/\/hotnewsinworld.com\/hu\/magyarorszag-a-diszvendege-a-fiatal-kinai-vezetok-idei-konferenciajanak-hangcsouban\/"},"modified":"2019-09-22T16:30:21","modified_gmt":"2019-09-22T13:30:21","slug":"magyarorszag-a-diszvendege-a-fiatal-kinai-vezetok-idei-konferenciajanak-hangcsouban","status":"publish","type":"post","link":"https:\/\/hotnewsinworld.com\/hu\/magyarorszag-a-diszvendege-a-fiatal-kinai-vezetok-idei-konferenciajanak-hangcsouban\/","title":{"rendered":"Magyarorsz\u00e1g a d\u00edszvend\u00e9ge a fiatal k\u00ednai vezet\u0151k idei konferenci\u00e1j\u00e1nak Hangcsouban"},"content":{"rendered":"<p>            Magyarorsz\u00e1g d\u00edszvend\u00e9gk\u00e9nt vett r\u00e9szt vas\u00e1rnap a h\u00fasz orsz\u00e1g fiatal vezet\u0151i sz\u00e1m\u00e1ra a kelet-k\u00ednai Hangcsouban rendezett v\u00e1llalkoz\u00f3i konferenci\u00e1n, amelyet h\u00e1rom \u00e9ve a legnagyobb k\u00ednai internetes kiskereskedelmi v\u00e1llalatnak sz\u00e1m\u00edt\u00f3 Alibaba t\u00e1rsalap\u00edt\u00f3ja, Jack Ma h\u00edvott \u00e9letre.<\/p>\n<p>Fot\u00f3:\u00a0Balogh Zolt\u00e1n\/MTI<br \/>\nA World Youth Leaders&#8217; Summit (A vil\u00e1g ifj\u00fa vezet\u0151inek cs\u00facstal\u00e1lkoz\u00f3ja) nev\u0171 egynapos esem\u00e9ny megnyit\u00f3j\u00e1n elmondott besz\u00e9d\u00e9ben Gy\u00f6rgy L\u00e1szl\u00f3, az Innov\u00e1ci\u00f3s \u00e9s Technol\u00f3giai Miniszt\u00e9rium gazdas\u00e1gstrat\u00e9gi\u00e1\u00e9rt \u00e9s szab\u00e1lyoz\u00e1s\u00e9rt felel\u0151s \u00e1llamtitk\u00e1ra hangs\u00falyozta: a 21. sz\u00e1zad egyik legnagyobb kih\u00edv\u00e1sa a technol\u00f3gia robban\u00e1sszer\u0171 fejl\u0151d\u00e9se, ami alapjaiban v\u00e1ltoztathatja meg gondolkod\u00e1sunkat a munk\u00e1r\u00f3l, tud\u00e1sr\u00f3l, csal\u00e1dr\u00f3l, illetve az egym\u00e1shoz val\u00f3 viszonyainkr\u00f3l. Ezeknek a k\u00e9rd\u00e9seknek a megv\u00e1laszol\u00e1sa a felt\u00f6rekv\u0151 fiatal gener\u00e1ci\u00f3 vezet\u0151ire h\u00e1rul, akik sz\u00fcleik b\u00f6lcsess\u00e9g\u00e9t \u00e9s saj\u00e1t kreat\u00edv energi\u00e1ikat, valamint frissess\u00e9g\u00fcket felhaszn\u00e1lva n\u00e9zhetnek szembe a feladattal \u2013 tette hozz\u00e1. Gy\u00f6rgy L\u00e1szl\u00f3 az MTI-nek telefonon elmondta: a harmincas, negyvenes \u00e9veikben j\u00e1r\u00f3, sikeres k\u00ednai v\u00e1llalkoz\u00f3k legfontosabb rendezv\u00e9ny\u00e9re Magyarorsz\u00e1g egy saj\u00e1t, fiatalos innov\u00e1ci\u00f3val, a teqballal \u00e9rkezett. A magyar fejleszt\u00e9s\u0171 teqball egy \u00faj, futballalap\u00fa, hajl\u00edtott asztalon j\u00e1tszott sport, amely edz\u0151eszk\u00f6zk\u00e9nt is szolg\u00e1l a profi \u00e9s amat\u0151r labdar\u00fag\u00f3knak egyar\u00e1nt, t\u00e1mogat\u00f3i k\u00f6z\u00f6tt pedig sz\u00e1mos vil\u00e1gszt\u00e1r megtal\u00e1lhat\u00f3.<br \/>\nAz \u00e1llamtitk\u00e1r \u00fagy fogalmazott: a teqball a rem\u00e9nyek szerint az lehet Magyarorsz\u00e1g sz\u00e1m\u00e1ra, amit a hetvenes \u00e9vekt\u0151l kezd\u0151d\u0151en az asztalitenisz sport\u00e1g jelentett K\u00edna sz\u00e1m\u00e1ra.<br \/>\nA magyar deleg\u00e1ci\u00f3 \u2013 amelynek tagjai k\u00f6z\u00f6tt szerepeltek a K\u00fclgazdas\u00e1gi \u00e9s K\u00fcl\u00fcgyminiszt\u00e9rium Sportdiplom\u00e1ciai F\u0151oszt\u00e1ly\u00e1nak munkat\u00e1rsai, illetve Gyurta D\u00e1niel, Szijj\u00e1rt\u00f3 P\u00e9ter k\u00fclgazdas\u00e1gi- \u00e9s k\u00fcl\u00fcgyminiszter f\u0151tan\u00e1csad\u00f3ja \u2013, teqball asztallal aj\u00e1nd\u00e9kozta meg a sanghaji SIPG FC labdar\u00fag\u00f3 klubot, valamint Hangcsou v\u00e1ros futballcsapat\u00e1t.<br \/>\nAz \u00e1llamtitk\u00e1r ezzel kapcsolatban kiemelte: a teqball gyakorl\u00e1sa a labdar\u00fag\u00f3k j\u00e1t\u00e9ktechnik\u00e1j\u00e1ra is j\u00f3 hat\u00e1ssal van.<br \/>\nBolla Szil\u00e1rd, Magyarorsz\u00e1g sanghaji f\u0151konzulja az MTI-nek telefonon elmondta: a priv\u00e1t kezdem\u00e9nyez\u00e9sk\u00e9nt megjelen\u0151 teqball \u2013 melyet a magyar korm\u00e1ny is felkarolt \u2013, nemzetk\u00f6zi h\u00f3d\u00edt\u00e1snak indult, a rem\u00e9nyek szerint a j\u00f6v\u0151ben olimpiai sport\u00e1gg\u00e1 v\u00e1lhat. Az els\u0151 l\u00e9p\u00e9s e c\u00e9l fel\u00e9 a 2020-ban, a k\u00ednai Hajnan-szigeten megrendezett \u00c1zsiai Strandj\u00e1t\u00e9kokon val\u00f3 szerepl\u00e9s lesz \u2013 mondta, majd hozz\u00e1tette: a f\u0151konzul\u00e1tus azon dolgozik, hogy a teqball felker\u00fclj\u00f6n a 2022-es \u00c1zsiai J\u00e1t\u00e9kok palett\u00e1j\u00e1ra is, amelynek Hangcsou ad otthont. A v\u00e1ros vezet\u00e9s\u00e9vel fenn\u00e1ll\u00f3 j\u00f3 kapcsolatok, valamint az orsz\u00e1gaink k\u00f6z\u00f6tti diplom\u00e1ciai viszony egyar\u00e1nt bizakod\u00e1sra adnak okot arra n\u00e9zve, hogy a magyar f\u00e9l meggy\u0151zheti a k\u00ednai d\u00f6nt\u00e9shoz\u00f3kat err\u0151l az innovat\u00edv \u00e9s szoci\u00e1lis probl\u00e9m\u00e1kra is v\u00e1laszt ny\u00fajt\u00f3 sport\u00e1gr\u00f3l, mely ez\u00e1ltal tov\u00e1bbi vil\u00e1gesem\u00e9nyekre is eljuthat majd \u2013 hangoztatta.<br \/>\nA teqball n\u00e9pszer\u0171s\u00edt\u00e9s\u00e9re a magyar deleg\u00e1ci\u00f3val K\u00edn\u00e1ba \u00e9rkezett Cafu, a k\u00e9tszeres vil\u00e1gbajnok brazil labdar\u00fag\u00f3 is.<br \/>\nA f\u0151konzul hangs\u00falyozta: a magyar innov\u00e1ci\u00f3 mellett a haz\u00e1nk k\u00edn\u00e1lta befektet\u00e9si k\u00f6rnyezet bemutat\u00e1sa is hangs\u00falyt kapott a rendezv\u00e9nyen, hiszen annak r\u00e9sztvev\u0151i a k\u00ednai &#8222;China Going Global&#8221; (K\u00edna glob\u00e1liss\u00e1 v\u00e1lik) elnevez\u00e9s\u0171 strat\u00e9gia ment\u00e9n k\u00fclf\u00f6ldi befektet\u00e9si lehet\u0151s\u00e9geket keresnek majd.<br \/>\nGy\u00f6rgy L\u00e1szl\u00f3 besz\u00e1molt arr\u00f3l is, hogy a konferenci\u00e1t megel\u0151z\u0151en a k\u00ednai f\u0151v\u00e1rosban, valamint az orsz\u00e1g keleti r\u00e9sz\u00e9n tal\u00e1lhat\u00f3 Csinan v\u00e1rosban is megbesz\u00e9l\u00e9seket folytatott t\u00f6bb k\u00e9toldali egyetemi \u00e9s innov\u00e1ci\u00f3s egy\u00fcttm\u0171k\u00f6d\u00e9s el\u0151k\u00e9sz\u00edt\u00e9se c\u00e9lj\u00e1b\u00f3l, egyebek mellett egy magyar-k\u00ednai egyetem l\u00e9trehoz\u00e1s\u00e1nak lehet\u0151s\u00e9g\u00e9r\u0151l, amelyr\u0151l m\u00e9g Orb\u00e1n Viktor minisztereln\u00f6k \u00e9s Hszi Csin-ing k\u00ednai eln\u00f6k \u00e1llapodott meg. K\u00edna egyik legnagyobb p\u00e9nzint\u00e9zete, a China Construction Bank p\u00e9nz\u00fcgyi technol\u00f3giai k\u00f6zpontot k\u00edv\u00e1n l\u00e9trehozni haz\u00e1nkban, tov\u00e1bb\u00e1 k\u00f6rvonalaz\u00f3dik egy egy\u00fcttm\u0171k\u00f6d\u00e9s az egyik legnagyobb k\u00ednai turisztikai \u00fcgyn\u00f6ks\u00e9gnek sz\u00e1m\u00edt\u00f3 Ctrip v\u00e1llalattal is \u2013 ismertette megbesz\u00e9l\u00e9seinek f\u0151bb elemeit az \u00e1llamtitk\u00e1r.<br \/>\nMTI<\/p>\n<p>\n<!--noindex--><br \/>\n<a href=\"https:\/\/hirek.oldal.info\/rssclick\/14417628\" rel=\"nofollow\">Source link <\/a><br \/>\n<!--\/noindex--><\/p>\n","protected":false},"excerpt":{"rendered":"<p>Magyarorsz\u00e1g d\u00edszvend\u00e9gk\u00e9nt vett r\u00e9szt vas\u00e1rnap a h\u00fasz orsz\u00e1g fiatal vezet\u0151i sz\u00e1m\u00e1ra a kelet-k\u00ednai Hangcsouban rendezett v\u00e1llalkoz\u00f3i konferenci\u00e1n, amelyet h\u00e1rom \u00e9ve a legnagyobb k\u00ednai internetes kiskereskedelmi v\u00e1llalatnak sz\u00e1m\u00edt\u00f3 Alibaba t\u00e1rsalap\u00edt\u00f3ja, Jack Ma h\u00edvott \u00e9letre. Fot\u00f3:\u00a0Balogh Zolt\u00e1n\/MTI A World Youth Leaders&#8217; Summit (A vil\u00e1g ifj\u00fa vezet\u0151inek cs\u00facstal\u00e1lkoz\u00f3ja) nev\u0171 egynapos esem\u00e9ny megnyit\u00f3j\u00e1n elmondott besz\u00e9d\u00e9ben Gy\u00f6rgy L\u00e1szl\u00f3, az Innov\u00e1ci\u00f3s [&hellip;]<\/p>\n","protected":false},"author":2,"featured_media":2439,"comment_status":"open","ping_status":"open","sticky":false,"template":"","format":"standard","meta":{"footnotes":""},"categories":[1],"tags":[],"class_list":["post-2438","post","type-post","status-publish","format-standard","has-post-thumbnail","hentry","category-legujabb-penzugyi-hirek"],"yoast_head":"<!-- This site is optimized with the Yoast SEO plugin v27.4 - https:\/\/yoast.com\/product\/yoast-seo-wordpress\/ -->\n<title>Magyarorsz\u00e1g a d\u00edszvend\u00e9ge a fiatal k\u00ednai vezet\u0151k idei konferenci\u00e1j\u00e1nak Hangcsouban - Hot News in World<\/title>\n<meta name=\"robots\" content=\"index, follow, max-snippet:-1, max-image-preview:large, max-video-preview:-1\" \/>\n<link rel=\"canonical\" href=\"https:\/\/hotnewsinworld.com\/hu\/magyarorszag-a-diszvendege-a-fiatal-kinai-vezetok-idei-konferenciajanak-hangcsouban\/\" \/>\n<meta property=\"og:locale\" content=\"hu_HU\" \/>\n<meta property=\"og:type\" content=\"article\" \/>\n<meta property=\"og:title\" content=\"Magyarorsz\u00e1g a d\u00edszvend\u00e9ge a fiatal k\u00ednai vezet\u0151k idei konferenci\u00e1j\u00e1nak Hangcsouban - Hot News in World\" \/>\n<meta property=\"og:description\" content=\"Magyarorsz\u00e1g d\u00edszvend\u00e9gk\u00e9nt vett r\u00e9szt vas\u00e1rnap a h\u00fasz orsz\u00e1g fiatal vezet\u0151i sz\u00e1m\u00e1ra a kelet-k\u00ednai Hangcsouban rendezett v\u00e1llalkoz\u00f3i konferenci\u00e1n, amelyet h\u00e1rom \u00e9ve a legnagyobb k\u00ednai internetes kiskereskedelmi v\u00e1llalatnak sz\u00e1m\u00edt\u00f3 Alibaba t\u00e1rsalap\u00edt\u00f3ja, Jack Ma h\u00edvott \u00e9letre. Fot\u00f3:\u00a0Balogh Zolt\u00e1n\/MTI A World Youth Leaders&#8217; Summit (A vil\u00e1g ifj\u00fa vezet\u0151inek cs\u00facstal\u00e1lkoz\u00f3ja) nev\u0171 egynapos esem\u00e9ny megnyit\u00f3j\u00e1n elmondott besz\u00e9d\u00e9ben Gy\u00f6rgy L\u00e1szl\u00f3, az Innov\u00e1ci\u00f3s [&hellip;]\" \/>\n<meta property=\"og:url\" content=\"https:\/\/hotnewsinworld.com\/hu\/magyarorszag-a-diszvendege-a-fiatal-kinai-vezetok-idei-konferenciajanak-hangcsouban\/\" \/>\n<meta property=\"og:site_name\" content=\"Hot News in World\" \/>\n<meta property=\"article:published_time\" content=\"2019-09-22T13:30:20+00:00\" \/>\n<meta property=\"article:modified_time\" content=\"2019-09-22T13:30:21+00:00\" \/>\n<meta property=\"og:image\" content=\"https:\/\/hotnewsinworld.com\/hu\/wp-content\/uploads\/sites\/3\/2019\/09\/Magyarorsz\u00e1g-a-d\u00edszvend\u00e9ge-a-fiatal-k\u00ednai-vezet\u0151k-idei-konferenci\u00e1j\u00e1nak-Hangcsouban.jpg\" \/>\n\t<meta property=\"og:image:width\" content=\"800\" \/>\n\t<meta property=\"og:image:height\" content=\"532\" \/>\n\t<meta property=\"og:image:type\" content=\"image\/jpeg\" \/>\n<meta name=\"author\" content=\"hotnewsinworld\" \/>\n<meta name=\"twitter:card\" content=\"summary_large_image\" \/>\n<meta name=\"twitter:label1\" content=\"Szerz\u0151:\" \/>\n\t<meta name=\"twitter:data1\" content=\"hotnewsinworld\" \/>\n\t<meta name=\"twitter:label2\" content=\"Becs\u00fclt olvas\u00e1si id\u0151\" \/>\n\t<meta name=\"twitter:data2\" content=\"4 perc\" \/>\n<script type=\"application\/ld+json\" class=\"yoast-schema-graph\">{\"@context\":\"https:\\\/\\\/schema.org\",\"@graph\":[{\"@type\":\"Article\",\"@id\":\"https:\\\/\\\/hotnewsinworld.com\\\/hu\\\/magyarorszag-a-diszvendege-a-fiatal-kinai-vezetok-idei-konferenciajanak-hangcsouban\\\/#article\",\"isPartOf\":{\"@id\":\"https:\\\/\\\/hotnewsinworld.com\\\/hu\\\/magyarorszag-a-diszvendege-a-fiatal-kinai-vezetok-idei-konferenciajanak-hangcsouban\\\/\"},\"author\":{\"name\":\"hotnewsinworld\",\"@id\":\"https:\\\/\\\/hotnewsinworld.com\\\/hu\\\/#\\\/schema\\\/person\\\/fe61448b21c0d59086e75fcc1f9d8f6b\"},\"headline\":\"Magyarorsz\u00e1g a d\u00edszvend\u00e9ge a fiatal k\u00ednai vezet\u0151k idei konferenci\u00e1j\u00e1nak Hangcsouban\",\"datePublished\":\"2019-09-22T13:30:20+00:00\",\"dateModified\":\"2019-09-22T13:30:21+00:00\",\"mainEntityOfPage\":{\"@id\":\"https:\\\/\\\/hotnewsinworld.com\\\/hu\\\/magyarorszag-a-diszvendege-a-fiatal-kinai-vezetok-idei-konferenciajanak-hangcsouban\\\/\"},\"wordCount\":852,\"commentCount\":0,\"image\":{\"@id\":\"https:\\\/\\\/hotnewsinworld.com\\\/hu\\\/magyarorszag-a-diszvendege-a-fiatal-kinai-vezetok-idei-konferenciajanak-hangcsouban\\\/#primaryimage\"},\"thumbnailUrl\":\"https:\\\/\\\/hotnewsinworld.com\\\/hu\\\/wp-content\\\/uploads\\\/sites\\\/3\\\/2019\\\/09\\\/Magyarorsz\u00e1g-a-d\u00edszvend\u00e9ge-a-fiatal-k\u00ednai-vezet\u0151k-idei-konferenci\u00e1j\u00e1nak-Hangcsouban.jpg\",\"articleSection\":[\"LEG\u00daJABB P\u00c9NZ\u00dcGYI H\u00cdREK\"],\"inLanguage\":\"hu\",\"potentialAction\":[{\"@type\":\"CommentAction\",\"name\":\"Comment\",\"target\":[\"https:\\\/\\\/hotnewsinworld.com\\\/hu\\\/magyarorszag-a-diszvendege-a-fiatal-kinai-vezetok-idei-konferenciajanak-hangcsouban\\\/#respond\"]}]},{\"@type\":\"WebPage\",\"@id\":\"https:\\\/\\\/hotnewsinworld.com\\\/hu\\\/magyarorszag-a-diszvendege-a-fiatal-kinai-vezetok-idei-konferenciajanak-hangcsouban\\\/\",\"url\":\"https:\\\/\\\/hotnewsinworld.com\\\/hu\\\/magyarorszag-a-diszvendege-a-fiatal-kinai-vezetok-idei-konferenciajanak-hangcsouban\\\/\",\"name\":\"Magyarorsz\u00e1g a d\u00edszvend\u00e9ge a fiatal k\u00ednai vezet\u0151k idei konferenci\u00e1j\u00e1nak Hangcsouban - Hot News in World\",\"isPartOf\":{\"@id\":\"https:\\\/\\\/hotnewsinworld.com\\\/hu\\\/#website\"},\"primaryImageOfPage\":{\"@id\":\"https:\\\/\\\/hotnewsinworld.com\\\/hu\\\/magyarorszag-a-diszvendege-a-fiatal-kinai-vezetok-idei-konferenciajanak-hangcsouban\\\/#primaryimage\"},\"image\":{\"@id\":\"https:\\\/\\\/hotnewsinworld.com\\\/hu\\\/magyarorszag-a-diszvendege-a-fiatal-kinai-vezetok-idei-konferenciajanak-hangcsouban\\\/#primaryimage\"},\"thumbnailUrl\":\"https:\\\/\\\/hotnewsinworld.com\\\/hu\\\/wp-content\\\/uploads\\\/sites\\\/3\\\/2019\\\/09\\\/Magyarorsz\u00e1g-a-d\u00edszvend\u00e9ge-a-fiatal-k\u00ednai-vezet\u0151k-idei-konferenci\u00e1j\u00e1nak-Hangcsouban.jpg\",\"datePublished\":\"2019-09-22T13:30:20+00:00\",\"dateModified\":\"2019-09-22T13:30:21+00:00\",\"author\":{\"@id\":\"https:\\\/\\\/hotnewsinworld.com\\\/hu\\\/#\\\/schema\\\/person\\\/fe61448b21c0d59086e75fcc1f9d8f6b\"},\"breadcrumb\":{\"@id\":\"https:\\\/\\\/hotnewsinworld.com\\\/hu\\\/magyarorszag-a-diszvendege-a-fiatal-kinai-vezetok-idei-konferenciajanak-hangcsouban\\\/#breadcrumb\"},\"inLanguage\":\"hu\",\"potentialAction\":[{\"@type\":\"ReadAction\",\"target\":[\"https:\\\/\\\/hotnewsinworld.com\\\/hu\\\/magyarorszag-a-diszvendege-a-fiatal-kinai-vezetok-idei-konferenciajanak-hangcsouban\\\/\"]}]},{\"@type\":\"ImageObject\",\"inLanguage\":\"hu\",\"@id\":\"https:\\\/\\\/hotnewsinworld.com\\\/hu\\\/magyarorszag-a-diszvendege-a-fiatal-kinai-vezetok-idei-konferenciajanak-hangcsouban\\\/#primaryimage\",\"url\":\"https:\\\/\\\/hotnewsinworld.com\\\/hu\\\/wp-content\\\/uploads\\\/sites\\\/3\\\/2019\\\/09\\\/Magyarorsz\u00e1g-a-d\u00edszvend\u00e9ge-a-fiatal-k\u00ednai-vezet\u0151k-idei-konferenci\u00e1j\u00e1nak-Hangcsouban.jpg\",\"contentUrl\":\"https:\\\/\\\/hotnewsinworld.com\\\/hu\\\/wp-content\\\/uploads\\\/sites\\\/3\\\/2019\\\/09\\\/Magyarorsz\u00e1g-a-d\u00edszvend\u00e9ge-a-fiatal-k\u00ednai-vezet\u0151k-idei-konferenci\u00e1j\u00e1nak-Hangcsouban.jpg\",\"width\":800,\"height\":532,\"caption\":\"Magyarorsz&aacute;g a d&iacute;szvend&eacute;ge a fiatal k&iacute;nai vezet\u0151k idei konferenci&aacute;j&aacute;nak Hangcsouban\"},{\"@type\":\"BreadcrumbList\",\"@id\":\"https:\\\/\\\/hotnewsinworld.com\\\/hu\\\/magyarorszag-a-diszvendege-a-fiatal-kinai-vezetok-idei-konferenciajanak-hangcsouban\\\/#breadcrumb\",\"itemListElement\":[{\"@type\":\"ListItem\",\"position\":1,\"name\":\"\u0413\u043b\u0430\u0432\u043d\u0430\u044f \u0441\u0442\u0440\u0430\u043d\u0438\u0446\u0430\",\"item\":\"https:\\\/\\\/hotnewsinworld.com\\\/hu\\\/\"},{\"@type\":\"ListItem\",\"position\":2,\"name\":\"Magyarorsz\u00e1g a d\u00edszvend\u00e9ge a fiatal k\u00ednai vezet\u0151k idei konferenci\u00e1j\u00e1nak Hangcsouban\"}]},{\"@type\":\"WebSite\",\"@id\":\"https:\\\/\\\/hotnewsinworld.com\\\/hu\\\/#website\",\"url\":\"https:\\\/\\\/hotnewsinworld.com\\\/hu\\\/\",\"name\":\"Hot News in World\",\"description\":\"Hot News in World from Hungary\",\"potentialAction\":[{\"@type\":\"SearchAction\",\"target\":{\"@type\":\"EntryPoint\",\"urlTemplate\":\"https:\\\/\\\/hotnewsinworld.com\\\/hu\\\/?s={search_term_string}\"},\"query-input\":{\"@type\":\"PropertyValueSpecification\",\"valueRequired\":true,\"valueName\":\"search_term_string\"}}],\"inLanguage\":\"hu\"},{\"@type\":\"Person\",\"@id\":\"https:\\\/\\\/hotnewsinworld.com\\\/hu\\\/#\\\/schema\\\/person\\\/fe61448b21c0d59086e75fcc1f9d8f6b\",\"name\":\"hotnewsinworld\",\"image\":{\"@type\":\"ImageObject\",\"inLanguage\":\"hu\",\"@id\":\"https:\\\/\\\/secure.gravatar.com\\\/avatar\\\/8a09ac165600ce2e1c38fe593c63928eb1e6e7ba5c5a907d67787c41b3d00c14?s=96&d=mm&r=g\",\"url\":\"https:\\\/\\\/secure.gravatar.com\\\/avatar\\\/8a09ac165600ce2e1c38fe593c63928eb1e6e7ba5c5a907d67787c41b3d00c14?s=96&d=mm&r=g\",\"contentUrl\":\"https:\\\/\\\/secure.gravatar.com\\\/avatar\\\/8a09ac165600ce2e1c38fe593c63928eb1e6e7ba5c5a907d67787c41b3d00c14?s=96&d=mm&r=g\",\"caption\":\"hotnewsinworld\"},\"url\":\"https:\\\/\\\/hotnewsinworld.com\\\/hu\\\/author\\\/pt\\\/\"}]}<\/script>\n<!-- \/ Yoast SEO plugin. -->","yoast_head_json":{"title":"Magyarorsz\u00e1g a d\u00edszvend\u00e9ge a fiatal k\u00ednai vezet\u0151k idei konferenci\u00e1j\u00e1nak Hangcsouban - Hot News in World","robots":{"index":"index","follow":"follow","max-snippet":"max-snippet:-1","max-image-preview":"max-image-preview:large","max-video-preview":"max-video-preview:-1"},"canonical":"https:\/\/hotnewsinworld.com\/hu\/magyarorszag-a-diszvendege-a-fiatal-kinai-vezetok-idei-konferenciajanak-hangcsouban\/","og_locale":"hu_HU","og_type":"article","og_title":"Magyarorsz\u00e1g a d\u00edszvend\u00e9ge a fiatal k\u00ednai vezet\u0151k idei konferenci\u00e1j\u00e1nak Hangcsouban - Hot News in World","og_description":"Magyarorsz\u00e1g d\u00edszvend\u00e9gk\u00e9nt vett r\u00e9szt vas\u00e1rnap a h\u00fasz orsz\u00e1g fiatal vezet\u0151i sz\u00e1m\u00e1ra a kelet-k\u00ednai Hangcsouban rendezett v\u00e1llalkoz\u00f3i konferenci\u00e1n, amelyet h\u00e1rom \u00e9ve a legnagyobb k\u00ednai internetes kiskereskedelmi v\u00e1llalatnak sz\u00e1m\u00edt\u00f3 Alibaba t\u00e1rsalap\u00edt\u00f3ja, Jack Ma h\u00edvott \u00e9letre. Fot\u00f3:\u00a0Balogh Zolt\u00e1n\/MTI A World Youth Leaders&#8217; Summit (A vil\u00e1g ifj\u00fa vezet\u0151inek cs\u00facstal\u00e1lkoz\u00f3ja) nev\u0171 egynapos esem\u00e9ny megnyit\u00f3j\u00e1n elmondott besz\u00e9d\u00e9ben Gy\u00f6rgy L\u00e1szl\u00f3, az Innov\u00e1ci\u00f3s [&hellip;]","og_url":"https:\/\/hotnewsinworld.com\/hu\/magyarorszag-a-diszvendege-a-fiatal-kinai-vezetok-idei-konferenciajanak-hangcsouban\/","og_site_name":"Hot News in World","article_published_time":"2019-09-22T13:30:20+00:00","article_modified_time":"2019-09-22T13:30:21+00:00","og_image":[{"width":800,"height":532,"url":"https:\/\/hotnewsinworld.com\/hu\/wp-content\/uploads\/sites\/3\/2019\/09\/Magyarorsz\u00e1g-a-d\u00edszvend\u00e9ge-a-fiatal-k\u00ednai-vezet\u0151k-idei-konferenci\u00e1j\u00e1nak-Hangcsouban.jpg","type":"image\/jpeg"}],"author":"hotnewsinworld","twitter_card":"summary_large_image","twitter_misc":{"Szerz\u0151:":"hotnewsinworld","Becs\u00fclt olvas\u00e1si id\u0151":"4 perc"},"schema":{"@context":"https:\/\/schema.org","@graph":[{"@type":"Article","@id":"https:\/\/hotnewsinworld.com\/hu\/magyarorszag-a-diszvendege-a-fiatal-kinai-vezetok-idei-konferenciajanak-hangcsouban\/#article","isPartOf":{"@id":"https:\/\/hotnewsinworld.com\/hu\/magyarorszag-a-diszvendege-a-fiatal-kinai-vezetok-idei-konferenciajanak-hangcsouban\/"},"author":{"name":"hotnewsinworld","@id":"https:\/\/hotnewsinworld.com\/hu\/#\/schema\/person\/fe61448b21c0d59086e75fcc1f9d8f6b"},"headline":"Magyarorsz\u00e1g a d\u00edszvend\u00e9ge a fiatal k\u00ednai vezet\u0151k idei konferenci\u00e1j\u00e1nak Hangcsouban","datePublished":"2019-09-22T13:30:20+00:00","dateModified":"2019-09-22T13:30:21+00:00","mainEntityOfPage":{"@id":"https:\/\/hotnewsinworld.com\/hu\/magyarorszag-a-diszvendege-a-fiatal-kinai-vezetok-idei-konferenciajanak-hangcsouban\/"},"wordCount":852,"commentCount":0,"image":{"@id":"https:\/\/hotnewsinworld.com\/hu\/magyarorszag-a-diszvendege-a-fiatal-kinai-vezetok-idei-konferenciajanak-hangcsouban\/#primaryimage"},"thumbnailUrl":"https:\/\/hotnewsinworld.com\/hu\/wp-content\/uploads\/sites\/3\/2019\/09\/Magyarorsz\u00e1g-a-d\u00edszvend\u00e9ge-a-fiatal-k\u00ednai-vezet\u0151k-idei-konferenci\u00e1j\u00e1nak-Hangcsouban.jpg","articleSection":["LEG\u00daJABB P\u00c9NZ\u00dcGYI H\u00cdREK"],"inLanguage":"hu","potentialAction":[{"@type":"CommentAction","name":"Comment","target":["https:\/\/hotnewsinworld.com\/hu\/magyarorszag-a-diszvendege-a-fiatal-kinai-vezetok-idei-konferenciajanak-hangcsouban\/#respond"]}]},{"@type":"WebPage","@id":"https:\/\/hotnewsinworld.com\/hu\/magyarorszag-a-diszvendege-a-fiatal-kinai-vezetok-idei-konferenciajanak-hangcsouban\/","url":"https:\/\/hotnewsinworld.com\/hu\/magyarorszag-a-diszvendege-a-fiatal-kinai-vezetok-idei-konferenciajanak-hangcsouban\/","name":"Magyarorsz\u00e1g a d\u00edszvend\u00e9ge a fiatal k\u00ednai vezet\u0151k idei konferenci\u00e1j\u00e1nak Hangcsouban - Hot News in World","isPartOf":{"@id":"https:\/\/hotnewsinworld.com\/hu\/#website"},"primaryImageOfPage":{"@id":"https:\/\/hotnewsinworld.com\/hu\/magyarorszag-a-diszvendege-a-fiatal-kinai-vezetok-idei-konferenciajanak-hangcsouban\/#primaryimage"},"image":{"@id":"https:\/\/hotnewsinworld.com\/hu\/magyarorszag-a-diszvendege-a-fiatal-kinai-vezetok-idei-konferenciajanak-hangcsouban\/#primaryimage"},"thumbnailUrl":"https:\/\/hotnewsinworld.com\/hu\/wp-content\/uploads\/sites\/3\/2019\/09\/Magyarorsz\u00e1g-a-d\u00edszvend\u00e9ge-a-fiatal-k\u00ednai-vezet\u0151k-idei-konferenci\u00e1j\u00e1nak-Hangcsouban.jpg","datePublished":"2019-09-22T13:30:20+00:00","dateModified":"2019-09-22T13:30:21+00:00","author":{"@id":"https:\/\/hotnewsinworld.com\/hu\/#\/schema\/person\/fe61448b21c0d59086e75fcc1f9d8f6b"},"breadcrumb":{"@id":"https:\/\/hotnewsinworld.com\/hu\/magyarorszag-a-diszvendege-a-fiatal-kinai-vezetok-idei-konferenciajanak-hangcsouban\/#breadcrumb"},"inLanguage":"hu","potentialAction":[{"@type":"ReadAction","target":["https:\/\/hotnewsinworld.com\/hu\/magyarorszag-a-diszvendege-a-fiatal-kinai-vezetok-idei-konferenciajanak-hangcsouban\/"]}]},{"@type":"ImageObject","inLanguage":"hu","@id":"https:\/\/hotnewsinworld.com\/hu\/magyarorszag-a-diszvendege-a-fiatal-kinai-vezetok-idei-konferenciajanak-hangcsouban\/#primaryimage","url":"https:\/\/hotnewsinworld.com\/hu\/wp-content\/uploads\/sites\/3\/2019\/09\/Magyarorsz\u00e1g-a-d\u00edszvend\u00e9ge-a-fiatal-k\u00ednai-vezet\u0151k-idei-konferenci\u00e1j\u00e1nak-Hangcsouban.jpg","contentUrl":"https:\/\/hotnewsinworld.com\/hu\/wp-content\/uploads\/sites\/3\/2019\/09\/Magyarorsz\u00e1g-a-d\u00edszvend\u00e9ge-a-fiatal-k\u00ednai-vezet\u0151k-idei-konferenci\u00e1j\u00e1nak-Hangcsouban.jpg","width":800,"height":532,"caption":"Magyarorsz&aacute;g a d&iacute;szvend&eacute;ge a fiatal k&iacute;nai vezet\u0151k idei konferenci&aacute;j&aacute;nak Hangcsouban"},{"@type":"BreadcrumbList","@id":"https:\/\/hotnewsinworld.com\/hu\/magyarorszag-a-diszvendege-a-fiatal-kinai-vezetok-idei-konferenciajanak-hangcsouban\/#breadcrumb","itemListElement":[{"@type":"ListItem","position":1,"name":"\u0413\u043b\u0430\u0432\u043d\u0430\u044f \u0441\u0442\u0440\u0430\u043d\u0438\u0446\u0430","item":"https:\/\/hotnewsinworld.com\/hu\/"},{"@type":"ListItem","position":2,"name":"Magyarorsz\u00e1g a d\u00edszvend\u00e9ge a fiatal k\u00ednai vezet\u0151k idei konferenci\u00e1j\u00e1nak Hangcsouban"}]},{"@type":"WebSite","@id":"https:\/\/hotnewsinworld.com\/hu\/#website","url":"https:\/\/hotnewsinworld.com\/hu\/","name":"Hot News in World","description":"Hot News in World from Hungary","potentialAction":[{"@type":"SearchAction","target":{"@type":"EntryPoint","urlTemplate":"https:\/\/hotnewsinworld.com\/hu\/?s={search_term_string}"},"query-input":{"@type":"PropertyValueSpecification","valueRequired":true,"valueName":"search_term_string"}}],"inLanguage":"hu"},{"@type":"Person","@id":"https:\/\/hotnewsinworld.com\/hu\/#\/schema\/person\/fe61448b21c0d59086e75fcc1f9d8f6b","name":"hotnewsinworld","image":{"@type":"ImageObject","inLanguage":"hu","@id":"https:\/\/secure.gravatar.com\/avatar\/8a09ac165600ce2e1c38fe593c63928eb1e6e7ba5c5a907d67787c41b3d00c14?s=96&d=mm&r=g","url":"https:\/\/secure.gravatar.com\/avatar\/8a09ac165600ce2e1c38fe593c63928eb1e6e7ba5c5a907d67787c41b3d00c14?s=96&d=mm&r=g","contentUrl":"https:\/\/secure.gravatar.com\/avatar\/8a09ac165600ce2e1c38fe593c63928eb1e6e7ba5c5a907d67787c41b3d00c14?s=96&d=mm&r=g","caption":"hotnewsinworld"},"url":"https:\/\/hotnewsinworld.com\/hu\/author\/pt\/"}]}},"_links":{"self":[{"href":"https:\/\/hotnewsinworld.com\/hu\/wp-json\/wp\/v2\/posts\/2438","targetHints":{"allow":["GET"]}}],"collection":[{"href":"https:\/\/hotnewsinworld.com\/hu\/wp-json\/wp\/v2\/posts"}],"about":[{"href":"https:\/\/hotnewsinworld.com\/hu\/wp-json\/wp\/v2\/types\/post"}],"author":[{"embeddable":true,"href":"https:\/\/hotnewsinworld.com\/hu\/wp-json\/wp\/v2\/users\/2"}],"replies":[{"embeddable":true,"href":"https:\/\/hotnewsinworld.com\/hu\/wp-json\/wp\/v2\/comments?post=2438"}],"version-history":[{"count":1,"href":"https:\/\/hotnewsinworld.com\/hu\/wp-json\/wp\/v2\/posts\/2438\/revisions"}],"predecessor-version":[{"id":2440,"href":"https:\/\/hotnewsinworld.com\/hu\/wp-json\/wp\/v2\/posts\/2438\/revisions\/2440"}],"wp:featuredmedia":[{"embeddable":true,"href":"https:\/\/hotnewsinworld.com\/hu\/wp-json\/wp\/v2\/media\/2439"}],"wp:attachment":[{"href":"https:\/\/hotnewsinworld.com\/hu\/wp-json\/wp\/v2\/media?parent=2438"}],"wp:term":[{"taxonomy":"category","embeddable":true,"href":"https:\/\/hotnewsinworld.com\/hu\/wp-json\/wp\/v2\/categories?post=2438"},{"taxonomy":"post_tag","embeddable":true,"href":"https:\/\/hotnewsinworld.com\/hu\/wp-json\/wp\/v2\/tags?post=2438"}],"curies":[{"name":"wp","href":"https:\/\/api.w.org\/{rel}","templated":true}]}}