{"id":2441,"date":"2019-09-22T18:11:57","date_gmt":"2019-09-22T15:11:57","guid":{"rendered":"https:\/\/hotnewsinworld.com\/hu\/nepszava-karacsony-egykori-ellenfeleivel-hirdetett-programot-a-rendezvenyt-megprobaltak-megzavarni\/"},"modified":"2019-09-22T18:11:58","modified_gmt":"2019-09-22T15:11:58","slug":"nepszava-karacsony-egykori-ellenfeleivel-hirdetett-programot-a-rendezvenyt-megprobaltak-megzavarni","status":"publish","type":"post","link":"https:\/\/hotnewsinworld.com\/hu\/nepszava-karacsony-egykori-ellenfeleivel-hirdetett-programot-a-rendezvenyt-megprobaltak-megzavarni\/","title":{"rendered":"N\u00e9pszava Kar\u00e1csony egykori ellenfeleivel hirdetett programot, a rendezv\u00e9nyt megpr\u00f3b\u00e1lt\u00e1k megzavarni"},"content":{"rendered":"<p>Letakart lajstromsz\u00e1m\u00fa motorcs\u00f3nakb\u00f3l kapucnival eltakart arc\u00fa alakok b\u00f6mb\u00f6ltett\u00e9k a cirkuszi zen\u00e9t.\u00a0\u2013 B\u00fcszke vagyok arra, hogy rengeteg vita ut\u00e1n egys\u00e9ges programmal kanyarodunk r\u00e1 a f\u0151polg\u00e1rmester-v\u00e1laszt\u00e1s kamp\u00e1ny-hajr\u00e1j\u00e1ra \u2013 mondta Kar\u00e1csony Gergely vas\u00e1rnapi programismertet\u00e9s\u00e9n. Az ellenz\u00e9k k\u00f6z\u00f6s f\u0151polg\u00e1rmester-jel\u00f6ltje m\u00e1r janu\u00e1rban is bemutatta v\u00edzi\u00f3j\u00e1t \u201eBudapest mindenki\u00e9\u201d c\u00edmmel. A mostani, v\u00e9gleges program a \u201eVegy\u00fck vissza Budapestet\u201d erre alapult, K\u00e1lm\u00e1n Olga, Kerpel-Fronius G\u00e1bor \u00e9s Horv\u00e1th Csaba \u00f6tleteivel kieg\u00e9sz\u00fclve. A szocialista politikus \u2013 aki a XIV. ker\u00fcletben indul polg\u00e1rmester-jel\u00f6ltk\u00e9nt \u2013 az el\u0151v\u00e1laszt\u00e1s els\u0151, m\u00edg a DK t\u00e1mogat\u00e1s\u00e1val kor\u00e1bban pr\u00f3b\u00e1lkoz\u00f3 \u00fajs\u00e1g\u00edr\u00f3 \u00e9s a Momentum aspir\u00e1nsa a m\u00e1sodik fordul\u00f3ban volt Kar\u00e1csony ellenfele.<\/p>\n<p>Kerpel-Fronius G\u00e1bor k\u00e9t programpontot emelt ki: minden kor\u00e1bbin\u00e1l \u00e1tl\u00e1that\u00f3bb Budapestet kell l\u00e9trehozni, valamint a k\u00f6lts\u00e9gvet\u00e9s egy r\u00e9sz\u00e9r\u0151l a polg\u00e1rok k\u00f6zvetlen szavaz\u00e1ssal d\u00f6nthetn\u00e9nek. \u2013 Ebb\u0151l j\u00f3val t\u00f6bb vita lesz, mint a nemzetinek \u00e9s egy\u00fcttm\u0171k\u00f6d\u0151nek cs\u00fafolt rendszerben, de ett\u0151l nem kell f\u00e9lni, a v\u00e9g\u00e9n ugyanis jobb d\u00f6nt\u00e9seket hozunk \u2013 magyar\u00e1zta. K\u00e1lm\u00e1n Olga azt szeretn\u00e9, ha Budapest \u00e9lharcosa lenne a mostani rendszer megd\u00f6nt\u00e9s\u00e9nek. \u2013 Arr\u00f3l kell d\u00f6ntenie a f\u0151v\u00e1rosiaknak, hogy parancsokat v\u00e9grehajt\u00f3, kritikus helyzetekben hallgat\u00f3 vezet\u0151j\u00fck legyen, vagy olyan, akinek a programja a szabads\u00e1g visszanyer\u00e9s\u00e9re alapul \u2013 mondta. K\u00e1lm\u00e1n Olga felid\u00e9zte Orb\u00e1n Viktor 2002-ben tett kijelent\u00e9s\u00e9t, miszerint a haza nem lehet ellenz\u00e9kben. Ez szerinte ma \u00fagy hangzik helyesen, hogy a \u201eszabads\u00e1g nem lehet ellenz\u00e9kben\u201d.<\/p>\n<p>\u2013 Amikor Budapest j\u00f6v\u0151j\u00e9r\u0151l kellene besz\u00e9lni, Tarl\u00f3s Istv\u00e1n mindig engem eml\u00edt \u2013 kezdte Kar\u00e1csony Gergely. A programr\u00f3l sz\u00f3lva elmondta, szeretne egy Budapest alkotm\u00e1nyt, amelyre az\u00e9rt van sz\u00fcks\u00e9g, hogy legyenek szil\u00e1rd alapjai a v\u00edzi\u00f3juknak, szemben a Fidesz folyton v\u00e1ltoz\u00f3, sodr\u00f3d\u00f3 politik\u00e1j\u00e1val.<\/p>\n<p>Kar\u00e1csony meg\u00edg\u00e9rte, hogy a ker\u00fcletekkel egy\u00fctt talpra \u00e1ll\u00edtja az eg\u00e9szs\u00e9g\u00fcgyet. B\u00e1r sokan demag\u00f3gnak tartj\u00e1k \u2013 folytatta \u2013, a politikus lesz\u00f6gezte: ragaszkodik ahhoz, hogy ne \u00e9p\u00fclj\u00f6n addig \u00faj stadion a v\u00e1rosban, am\u00edg nem lesz minden ker\u00fcletben CT-k\u00e9sz\u00fcl\u00e9k. A f\u0151polg\u00e1rmester-jel\u00f6lt a lak\u00e1shelyzetre is megold\u00e1st k\u00edn\u00e1l, tov\u00e1bbra is a Tiborcz-ad\u00f3b\u00f3l finansz\u00edrozn\u00e1 p\u00e9ld\u00e1ul azt, hogy egy fiatal sz\u00e1m\u00e1ra ne csak \u00e1lom maradjon a saj\u00e1t lak\u00e1s. Egy lak\u00e1s\u00fcgyi ombudsmant is kinevezve, az alb\u00e9rleti piacon el\u0151fordul\u00f3 igazs\u00e1gtalans\u00e1gok ellen. <\/p>\n<p>\u2013 Nem csak, amikor v\u00e1laszt\u00e1s van, hanem minden \u00e9vben legal\u00e1bb 20 ezer forint f\u0171t\u00e9st\u00e1mogat\u00e1st adunk minden r\u00e1szorul\u00f3 nyugd\u00edjasnak \u00e9s nagycsal\u00e1dosnak \u2013 \u00edg\u00e9rte meg. Fontos feladatnak nevezte a v\u00e1ros z\u00f6ld\u00edt\u00e9s\u00e9t is, ezt fa\u00fcltet\u00e9sekkel akarja megoldani, valamint \u201e\u00faj V\u00e1rosligetet\u201d hozna l\u00e9tre. A k\u00f6z\u00f6ss\u00e9gi k\u00f6zleked\u00e9s \u00e1r\u00e1t pedig &#8222;okos, apr\u00f3 l\u00e9p\u00e9sekkel&#8221; cs\u00f6kkenten\u00e9. Els\u0151 l\u00e9p\u00e9sk\u00e9nt v\u00e1llaln\u00e1, hogy a 14 \u00e9ven aluliak sz\u00e1m\u00e1ra ingyenes legyen a BKV.Trollok t\u00e1mad\u00e1saKar\u00e1csony besz\u00e9de alatt besz\u0171r\u0151d\u00f6tt a cirkuszi indul\u00f3 is. A rendezv\u00e9nyt egy haj\u00f3n tartott\u00e1k, egyszercsak felbukkant egy letakart lajstromsz\u00e1m\u00fa motorcs\u00f3nak, amin kapucnival eltakart arc\u00fa alakok b\u00f6mb\u00f6ltett\u00e9k a zen\u00e9t. Legut\u00f3bb fidelitasos fiatalok ugyanezzel az indul\u00f3val pr\u00f3b\u00e1lt\u00e1k megzavarni Kar\u00e1csony egyik programj\u00e1t. A kis k\u00f6zj\u00e1t\u00e9k ut\u00e1n a politikus \u00fajra vit\u00e1ra h\u00edvta Tarl\u00f3s Istv\u00e1nt, megism\u00e9telte, hogy neki teljesen mindegy hol \u00e9s mikor rendezik, illetve az sem zavarja, ha Tarl\u00f3s hozza a kis csipet-csapat\u00e1t. (Itt v\u00e9lhet\u0151en Puzs\u00e9r R\u00f3bertre \u00e9s Berki Kriszti\u00e1nra utalt.)<\/p>\n<p>Az Index vide\u00f3ja a trollokr\u00f3l:<br \/>\n            <a class=\"slogo\"><br \/>\n                <\/a><\/p>\n<p>\n<!--noindex--><br \/>\n<a href=\"https:\/\/hirek.oldal.info\/rssclick\/14417821\" rel=\"nofollow\">Source link <\/a><br \/>\n<!--\/noindex--><\/p>\n","protected":false},"excerpt":{"rendered":"<p>Letakart lajstromsz\u00e1m\u00fa motorcs\u00f3nakb\u00f3l kapucnival eltakart arc\u00fa alakok b\u00f6mb\u00f6ltett\u00e9k a cirkuszi zen\u00e9t.\u00a0\u2013 B\u00fcszke vagyok arra, hogy rengeteg vita ut\u00e1n egys\u00e9ges programmal kanyarodunk r\u00e1 a f\u0151polg\u00e1rmester-v\u00e1laszt\u00e1s kamp\u00e1ny-hajr\u00e1j\u00e1ra \u2013 mondta Kar\u00e1csony Gergely vas\u00e1rnapi programismertet\u00e9s\u00e9n. Az ellenz\u00e9k k\u00f6z\u00f6s f\u0151polg\u00e1rmester-jel\u00f6ltje m\u00e1r janu\u00e1rban is bemutatta v\u00edzi\u00f3j\u00e1t \u201eBudapest mindenki\u00e9\u201d c\u00edmmel. A mostani, v\u00e9gleges program a \u201eVegy\u00fck vissza Budapestet\u201d erre alapult, K\u00e1lm\u00e1n Olga, [&hellip;]<\/p>\n","protected":false},"author":2,"featured_media":2442,"comment_status":"open","ping_status":"open","sticky":false,"template":"","format":"standard","meta":{"footnotes":""},"categories":[1],"tags":[],"class_list":["post-2441","post","type-post","status-publish","format-standard","has-post-thumbnail","hentry","category-legujabb-penzugyi-hirek"],"yoast_head":"<!-- This site is optimized with the Yoast SEO plugin v27.4 - https:\/\/yoast.com\/product\/yoast-seo-wordpress\/ -->\n<title>N\u00e9pszava Kar\u00e1csony egykori ellenfeleivel hirdetett programot, a rendezv\u00e9nyt megpr\u00f3b\u00e1lt\u00e1k megzavarni - Hot News in World<\/title>\n<meta name=\"robots\" content=\"index, follow, max-snippet:-1, max-image-preview:large, max-video-preview:-1\" \/>\n<link rel=\"canonical\" href=\"https:\/\/hotnewsinworld.com\/hu\/nepszava-karacsony-egykori-ellenfeleivel-hirdetett-programot-a-rendezvenyt-megprobaltak-megzavarni\/\" \/>\n<meta property=\"og:locale\" content=\"hu_HU\" \/>\n<meta property=\"og:type\" content=\"article\" \/>\n<meta property=\"og:title\" content=\"N\u00e9pszava Kar\u00e1csony egykori ellenfeleivel hirdetett programot, a rendezv\u00e9nyt megpr\u00f3b\u00e1lt\u00e1k megzavarni - Hot News in World\" \/>\n<meta property=\"og:description\" content=\"Letakart lajstromsz\u00e1m\u00fa motorcs\u00f3nakb\u00f3l kapucnival eltakart arc\u00fa alakok b\u00f6mb\u00f6ltett\u00e9k a cirkuszi zen\u00e9t.\u00a0\u2013 B\u00fcszke vagyok arra, hogy rengeteg vita ut\u00e1n egys\u00e9ges programmal kanyarodunk r\u00e1 a f\u0151polg\u00e1rmester-v\u00e1laszt\u00e1s kamp\u00e1ny-hajr\u00e1j\u00e1ra \u2013 mondta Kar\u00e1csony Gergely vas\u00e1rnapi programismertet\u00e9s\u00e9n. Az ellenz\u00e9k k\u00f6z\u00f6s f\u0151polg\u00e1rmester-jel\u00f6ltje m\u00e1r janu\u00e1rban is bemutatta v\u00edzi\u00f3j\u00e1t \u201eBudapest mindenki\u00e9\u201d c\u00edmmel. A mostani, v\u00e9gleges program a \u201eVegy\u00fck vissza Budapestet\u201d erre alapult, K\u00e1lm\u00e1n Olga, [&hellip;]\" \/>\n<meta property=\"og:url\" content=\"https:\/\/hotnewsinworld.com\/hu\/nepszava-karacsony-egykori-ellenfeleivel-hirdetett-programot-a-rendezvenyt-megprobaltak-megzavarni\/\" \/>\n<meta property=\"og:site_name\" content=\"Hot News in World\" \/>\n<meta property=\"article:published_time\" content=\"2019-09-22T15:11:57+00:00\" \/>\n<meta property=\"article:modified_time\" content=\"2019-09-22T15:11:58+00:00\" \/>\n<meta property=\"og:image\" content=\"https:\/\/hotnewsinworld.com\/hu\/wp-content\/uploads\/sites\/3\/2019\/09\/N\u00e9pszava-Kar\u00e1csony-egykori-ellenfeleivel-hirdetett-programot-a-rendezv\u00e9nyt-megpr\u00f3b\u00e1lt\u00e1k-megzavarni.jpg\" \/>\n\t<meta property=\"og:image:width\" content=\"1000\" \/>\n\t<meta property=\"og:image:height\" content=\"600\" \/>\n\t<meta property=\"og:image:type\" content=\"image\/jpeg\" \/>\n<meta name=\"author\" content=\"hotnewsinworld\" \/>\n<meta name=\"twitter:card\" content=\"summary_large_image\" \/>\n<meta name=\"twitter:label1\" content=\"Szerz\u0151:\" \/>\n\t<meta name=\"twitter:data1\" content=\"hotnewsinworld\" \/>\n\t<meta name=\"twitter:label2\" content=\"Becs\u00fclt olvas\u00e1si id\u0151\" \/>\n\t<meta name=\"twitter:data2\" content=\"4 perc\" \/>\n<script type=\"application\/ld+json\" class=\"yoast-schema-graph\">{\"@context\":\"https:\\\/\\\/schema.org\",\"@graph\":[{\"@type\":\"Article\",\"@id\":\"https:\\\/\\\/hotnewsinworld.com\\\/hu\\\/nepszava-karacsony-egykori-ellenfeleivel-hirdetett-programot-a-rendezvenyt-megprobaltak-megzavarni\\\/#article\",\"isPartOf\":{\"@id\":\"https:\\\/\\\/hotnewsinworld.com\\\/hu\\\/nepszava-karacsony-egykori-ellenfeleivel-hirdetett-programot-a-rendezvenyt-megprobaltak-megzavarni\\\/\"},\"author\":{\"name\":\"hotnewsinworld\",\"@id\":\"https:\\\/\\\/hotnewsinworld.com\\\/hu\\\/#\\\/schema\\\/person\\\/fe61448b21c0d59086e75fcc1f9d8f6b\"},\"headline\":\"N\u00e9pszava Kar\u00e1csony egykori ellenfeleivel hirdetett programot, a rendezv\u00e9nyt megpr\u00f3b\u00e1lt\u00e1k megzavarni\",\"datePublished\":\"2019-09-22T15:11:57+00:00\",\"dateModified\":\"2019-09-22T15:11:58+00:00\",\"mainEntityOfPage\":{\"@id\":\"https:\\\/\\\/hotnewsinworld.com\\\/hu\\\/nepszava-karacsony-egykori-ellenfeleivel-hirdetett-programot-a-rendezvenyt-megprobaltak-megzavarni\\\/\"},\"wordCount\":722,\"commentCount\":0,\"image\":{\"@id\":\"https:\\\/\\\/hotnewsinworld.com\\\/hu\\\/nepszava-karacsony-egykori-ellenfeleivel-hirdetett-programot-a-rendezvenyt-megprobaltak-megzavarni\\\/#primaryimage\"},\"thumbnailUrl\":\"https:\\\/\\\/hotnewsinworld.com\\\/hu\\\/wp-content\\\/uploads\\\/sites\\\/3\\\/2019\\\/09\\\/N\u00e9pszava-Kar\u00e1csony-egykori-ellenfeleivel-hirdetett-programot-a-rendezv\u00e9nyt-megpr\u00f3b\u00e1lt\u00e1k-megzavarni.jpg\",\"articleSection\":[\"LEG\u00daJABB P\u00c9NZ\u00dcGYI H\u00cdREK\"],\"inLanguage\":\"hu\",\"potentialAction\":[{\"@type\":\"CommentAction\",\"name\":\"Comment\",\"target\":[\"https:\\\/\\\/hotnewsinworld.com\\\/hu\\\/nepszava-karacsony-egykori-ellenfeleivel-hirdetett-programot-a-rendezvenyt-megprobaltak-megzavarni\\\/#respond\"]}]},{\"@type\":\"WebPage\",\"@id\":\"https:\\\/\\\/hotnewsinworld.com\\\/hu\\\/nepszava-karacsony-egykori-ellenfeleivel-hirdetett-programot-a-rendezvenyt-megprobaltak-megzavarni\\\/\",\"url\":\"https:\\\/\\\/hotnewsinworld.com\\\/hu\\\/nepszava-karacsony-egykori-ellenfeleivel-hirdetett-programot-a-rendezvenyt-megprobaltak-megzavarni\\\/\",\"name\":\"N\u00e9pszava Kar\u00e1csony egykori ellenfeleivel hirdetett programot, a rendezv\u00e9nyt megpr\u00f3b\u00e1lt\u00e1k megzavarni - Hot News in World\",\"isPartOf\":{\"@id\":\"https:\\\/\\\/hotnewsinworld.com\\\/hu\\\/#website\"},\"primaryImageOfPage\":{\"@id\":\"https:\\\/\\\/hotnewsinworld.com\\\/hu\\\/nepszava-karacsony-egykori-ellenfeleivel-hirdetett-programot-a-rendezvenyt-megprobaltak-megzavarni\\\/#primaryimage\"},\"image\":{\"@id\":\"https:\\\/\\\/hotnewsinworld.com\\\/hu\\\/nepszava-karacsony-egykori-ellenfeleivel-hirdetett-programot-a-rendezvenyt-megprobaltak-megzavarni\\\/#primaryimage\"},\"thumbnailUrl\":\"https:\\\/\\\/hotnewsinworld.com\\\/hu\\\/wp-content\\\/uploads\\\/sites\\\/3\\\/2019\\\/09\\\/N\u00e9pszava-Kar\u00e1csony-egykori-ellenfeleivel-hirdetett-programot-a-rendezv\u00e9nyt-megpr\u00f3b\u00e1lt\u00e1k-megzavarni.jpg\",\"datePublished\":\"2019-09-22T15:11:57+00:00\",\"dateModified\":\"2019-09-22T15:11:58+00:00\",\"author\":{\"@id\":\"https:\\\/\\\/hotnewsinworld.com\\\/hu\\\/#\\\/schema\\\/person\\\/fe61448b21c0d59086e75fcc1f9d8f6b\"},\"breadcrumb\":{\"@id\":\"https:\\\/\\\/hotnewsinworld.com\\\/hu\\\/nepszava-karacsony-egykori-ellenfeleivel-hirdetett-programot-a-rendezvenyt-megprobaltak-megzavarni\\\/#breadcrumb\"},\"inLanguage\":\"hu\",\"potentialAction\":[{\"@type\":\"ReadAction\",\"target\":[\"https:\\\/\\\/hotnewsinworld.com\\\/hu\\\/nepszava-karacsony-egykori-ellenfeleivel-hirdetett-programot-a-rendezvenyt-megprobaltak-megzavarni\\\/\"]}]},{\"@type\":\"ImageObject\",\"inLanguage\":\"hu\",\"@id\":\"https:\\\/\\\/hotnewsinworld.com\\\/hu\\\/nepszava-karacsony-egykori-ellenfeleivel-hirdetett-programot-a-rendezvenyt-megprobaltak-megzavarni\\\/#primaryimage\",\"url\":\"https:\\\/\\\/hotnewsinworld.com\\\/hu\\\/wp-content\\\/uploads\\\/sites\\\/3\\\/2019\\\/09\\\/N\u00e9pszava-Kar\u00e1csony-egykori-ellenfeleivel-hirdetett-programot-a-rendezv\u00e9nyt-megpr\u00f3b\u00e1lt\u00e1k-megzavarni.jpg\",\"contentUrl\":\"https:\\\/\\\/hotnewsinworld.com\\\/hu\\\/wp-content\\\/uploads\\\/sites\\\/3\\\/2019\\\/09\\\/N\u00e9pszava-Kar\u00e1csony-egykori-ellenfeleivel-hirdetett-programot-a-rendezv\u00e9nyt-megpr\u00f3b\u00e1lt\u00e1k-megzavarni.jpg\",\"width\":1000,\"height\":600,\"caption\":\"N\u00e9pszava Kar\u00e1csony egykori ellenfeleivel hirdetett programot, a rendezv\u00e9nyt megpr\u00f3b\u00e1lt\u00e1k megzavarni\"},{\"@type\":\"BreadcrumbList\",\"@id\":\"https:\\\/\\\/hotnewsinworld.com\\\/hu\\\/nepszava-karacsony-egykori-ellenfeleivel-hirdetett-programot-a-rendezvenyt-megprobaltak-megzavarni\\\/#breadcrumb\",\"itemListElement\":[{\"@type\":\"ListItem\",\"position\":1,\"name\":\"\u0413\u043b\u0430\u0432\u043d\u0430\u044f \u0441\u0442\u0440\u0430\u043d\u0438\u0446\u0430\",\"item\":\"https:\\\/\\\/hotnewsinworld.com\\\/hu\\\/\"},{\"@type\":\"ListItem\",\"position\":2,\"name\":\"N\u00e9pszava Kar\u00e1csony egykori ellenfeleivel hirdetett programot, a rendezv\u00e9nyt megpr\u00f3b\u00e1lt\u00e1k megzavarni\"}]},{\"@type\":\"WebSite\",\"@id\":\"https:\\\/\\\/hotnewsinworld.com\\\/hu\\\/#website\",\"url\":\"https:\\\/\\\/hotnewsinworld.com\\\/hu\\\/\",\"name\":\"Hot News in World\",\"description\":\"Hot News in World from Hungary\",\"potentialAction\":[{\"@type\":\"SearchAction\",\"target\":{\"@type\":\"EntryPoint\",\"urlTemplate\":\"https:\\\/\\\/hotnewsinworld.com\\\/hu\\\/?s={search_term_string}\"},\"query-input\":{\"@type\":\"PropertyValueSpecification\",\"valueRequired\":true,\"valueName\":\"search_term_string\"}}],\"inLanguage\":\"hu\"},{\"@type\":\"Person\",\"@id\":\"https:\\\/\\\/hotnewsinworld.com\\\/hu\\\/#\\\/schema\\\/person\\\/fe61448b21c0d59086e75fcc1f9d8f6b\",\"name\":\"hotnewsinworld\",\"image\":{\"@type\":\"ImageObject\",\"inLanguage\":\"hu\",\"@id\":\"https:\\\/\\\/secure.gravatar.com\\\/avatar\\\/8a09ac165600ce2e1c38fe593c63928eb1e6e7ba5c5a907d67787c41b3d00c14?s=96&d=mm&r=g\",\"url\":\"https:\\\/\\\/secure.gravatar.com\\\/avatar\\\/8a09ac165600ce2e1c38fe593c63928eb1e6e7ba5c5a907d67787c41b3d00c14?s=96&d=mm&r=g\",\"contentUrl\":\"https:\\\/\\\/secure.gravatar.com\\\/avatar\\\/8a09ac165600ce2e1c38fe593c63928eb1e6e7ba5c5a907d67787c41b3d00c14?s=96&d=mm&r=g\",\"caption\":\"hotnewsinworld\"},\"url\":\"https:\\\/\\\/hotnewsinworld.com\\\/hu\\\/author\\\/pt\\\/\"}]}<\/script>\n<!-- \/ Yoast SEO plugin. -->","yoast_head_json":{"title":"N\u00e9pszava Kar\u00e1csony egykori ellenfeleivel hirdetett programot, a rendezv\u00e9nyt megpr\u00f3b\u00e1lt\u00e1k megzavarni - Hot News in World","robots":{"index":"index","follow":"follow","max-snippet":"max-snippet:-1","max-image-preview":"max-image-preview:large","max-video-preview":"max-video-preview:-1"},"canonical":"https:\/\/hotnewsinworld.com\/hu\/nepszava-karacsony-egykori-ellenfeleivel-hirdetett-programot-a-rendezvenyt-megprobaltak-megzavarni\/","og_locale":"hu_HU","og_type":"article","og_title":"N\u00e9pszava Kar\u00e1csony egykori ellenfeleivel hirdetett programot, a rendezv\u00e9nyt megpr\u00f3b\u00e1lt\u00e1k megzavarni - Hot News in World","og_description":"Letakart lajstromsz\u00e1m\u00fa motorcs\u00f3nakb\u00f3l kapucnival eltakart arc\u00fa alakok b\u00f6mb\u00f6ltett\u00e9k a cirkuszi zen\u00e9t.\u00a0\u2013 B\u00fcszke vagyok arra, hogy rengeteg vita ut\u00e1n egys\u00e9ges programmal kanyarodunk r\u00e1 a f\u0151polg\u00e1rmester-v\u00e1laszt\u00e1s kamp\u00e1ny-hajr\u00e1j\u00e1ra \u2013 mondta Kar\u00e1csony Gergely vas\u00e1rnapi programismertet\u00e9s\u00e9n. Az ellenz\u00e9k k\u00f6z\u00f6s f\u0151polg\u00e1rmester-jel\u00f6ltje m\u00e1r janu\u00e1rban is bemutatta v\u00edzi\u00f3j\u00e1t \u201eBudapest mindenki\u00e9\u201d c\u00edmmel. A mostani, v\u00e9gleges program a \u201eVegy\u00fck vissza Budapestet\u201d erre alapult, K\u00e1lm\u00e1n Olga, [&hellip;]","og_url":"https:\/\/hotnewsinworld.com\/hu\/nepszava-karacsony-egykori-ellenfeleivel-hirdetett-programot-a-rendezvenyt-megprobaltak-megzavarni\/","og_site_name":"Hot News in World","article_published_time":"2019-09-22T15:11:57+00:00","article_modified_time":"2019-09-22T15:11:58+00:00","og_image":[{"width":1000,"height":600,"url":"https:\/\/hotnewsinworld.com\/hu\/wp-content\/uploads\/sites\/3\/2019\/09\/N\u00e9pszava-Kar\u00e1csony-egykori-ellenfeleivel-hirdetett-programot-a-rendezv\u00e9nyt-megpr\u00f3b\u00e1lt\u00e1k-megzavarni.jpg","type":"image\/jpeg"}],"author":"hotnewsinworld","twitter_card":"summary_large_image","twitter_misc":{"Szerz\u0151:":"hotnewsinworld","Becs\u00fclt olvas\u00e1si id\u0151":"4 perc"},"schema":{"@context":"https:\/\/schema.org","@graph":[{"@type":"Article","@id":"https:\/\/hotnewsinworld.com\/hu\/nepszava-karacsony-egykori-ellenfeleivel-hirdetett-programot-a-rendezvenyt-megprobaltak-megzavarni\/#article","isPartOf":{"@id":"https:\/\/hotnewsinworld.com\/hu\/nepszava-karacsony-egykori-ellenfeleivel-hirdetett-programot-a-rendezvenyt-megprobaltak-megzavarni\/"},"author":{"name":"hotnewsinworld","@id":"https:\/\/hotnewsinworld.com\/hu\/#\/schema\/person\/fe61448b21c0d59086e75fcc1f9d8f6b"},"headline":"N\u00e9pszava Kar\u00e1csony egykori ellenfeleivel hirdetett programot, a rendezv\u00e9nyt megpr\u00f3b\u00e1lt\u00e1k megzavarni","datePublished":"2019-09-22T15:11:57+00:00","dateModified":"2019-09-22T15:11:58+00:00","mainEntityOfPage":{"@id":"https:\/\/hotnewsinworld.com\/hu\/nepszava-karacsony-egykori-ellenfeleivel-hirdetett-programot-a-rendezvenyt-megprobaltak-megzavarni\/"},"wordCount":722,"commentCount":0,"image":{"@id":"https:\/\/hotnewsinworld.com\/hu\/nepszava-karacsony-egykori-ellenfeleivel-hirdetett-programot-a-rendezvenyt-megprobaltak-megzavarni\/#primaryimage"},"thumbnailUrl":"https:\/\/hotnewsinworld.com\/hu\/wp-content\/uploads\/sites\/3\/2019\/09\/N\u00e9pszava-Kar\u00e1csony-egykori-ellenfeleivel-hirdetett-programot-a-rendezv\u00e9nyt-megpr\u00f3b\u00e1lt\u00e1k-megzavarni.jpg","articleSection":["LEG\u00daJABB P\u00c9NZ\u00dcGYI H\u00cdREK"],"inLanguage":"hu","potentialAction":[{"@type":"CommentAction","name":"Comment","target":["https:\/\/hotnewsinworld.com\/hu\/nepszava-karacsony-egykori-ellenfeleivel-hirdetett-programot-a-rendezvenyt-megprobaltak-megzavarni\/#respond"]}]},{"@type":"WebPage","@id":"https:\/\/hotnewsinworld.com\/hu\/nepszava-karacsony-egykori-ellenfeleivel-hirdetett-programot-a-rendezvenyt-megprobaltak-megzavarni\/","url":"https:\/\/hotnewsinworld.com\/hu\/nepszava-karacsony-egykori-ellenfeleivel-hirdetett-programot-a-rendezvenyt-megprobaltak-megzavarni\/","name":"N\u00e9pszava Kar\u00e1csony egykori ellenfeleivel hirdetett programot, a rendezv\u00e9nyt megpr\u00f3b\u00e1lt\u00e1k megzavarni - Hot News in World","isPartOf":{"@id":"https:\/\/hotnewsinworld.com\/hu\/#website"},"primaryImageOfPage":{"@id":"https:\/\/hotnewsinworld.com\/hu\/nepszava-karacsony-egykori-ellenfeleivel-hirdetett-programot-a-rendezvenyt-megprobaltak-megzavarni\/#primaryimage"},"image":{"@id":"https:\/\/hotnewsinworld.com\/hu\/nepszava-karacsony-egykori-ellenfeleivel-hirdetett-programot-a-rendezvenyt-megprobaltak-megzavarni\/#primaryimage"},"thumbnailUrl":"https:\/\/hotnewsinworld.com\/hu\/wp-content\/uploads\/sites\/3\/2019\/09\/N\u00e9pszava-Kar\u00e1csony-egykori-ellenfeleivel-hirdetett-programot-a-rendezv\u00e9nyt-megpr\u00f3b\u00e1lt\u00e1k-megzavarni.jpg","datePublished":"2019-09-22T15:11:57+00:00","dateModified":"2019-09-22T15:11:58+00:00","author":{"@id":"https:\/\/hotnewsinworld.com\/hu\/#\/schema\/person\/fe61448b21c0d59086e75fcc1f9d8f6b"},"breadcrumb":{"@id":"https:\/\/hotnewsinworld.com\/hu\/nepszava-karacsony-egykori-ellenfeleivel-hirdetett-programot-a-rendezvenyt-megprobaltak-megzavarni\/#breadcrumb"},"inLanguage":"hu","potentialAction":[{"@type":"ReadAction","target":["https:\/\/hotnewsinworld.com\/hu\/nepszava-karacsony-egykori-ellenfeleivel-hirdetett-programot-a-rendezvenyt-megprobaltak-megzavarni\/"]}]},{"@type":"ImageObject","inLanguage":"hu","@id":"https:\/\/hotnewsinworld.com\/hu\/nepszava-karacsony-egykori-ellenfeleivel-hirdetett-programot-a-rendezvenyt-megprobaltak-megzavarni\/#primaryimage","url":"https:\/\/hotnewsinworld.com\/hu\/wp-content\/uploads\/sites\/3\/2019\/09\/N\u00e9pszava-Kar\u00e1csony-egykori-ellenfeleivel-hirdetett-programot-a-rendezv\u00e9nyt-megpr\u00f3b\u00e1lt\u00e1k-megzavarni.jpg","contentUrl":"https:\/\/hotnewsinworld.com\/hu\/wp-content\/uploads\/sites\/3\/2019\/09\/N\u00e9pszava-Kar\u00e1csony-egykori-ellenfeleivel-hirdetett-programot-a-rendezv\u00e9nyt-megpr\u00f3b\u00e1lt\u00e1k-megzavarni.jpg","width":1000,"height":600,"caption":"N\u00e9pszava Kar\u00e1csony egykori ellenfeleivel hirdetett programot, a rendezv\u00e9nyt megpr\u00f3b\u00e1lt\u00e1k megzavarni"},{"@type":"BreadcrumbList","@id":"https:\/\/hotnewsinworld.com\/hu\/nepszava-karacsony-egykori-ellenfeleivel-hirdetett-programot-a-rendezvenyt-megprobaltak-megzavarni\/#breadcrumb","itemListElement":[{"@type":"ListItem","position":1,"name":"\u0413\u043b\u0430\u0432\u043d\u0430\u044f \u0441\u0442\u0440\u0430\u043d\u0438\u0446\u0430","item":"https:\/\/hotnewsinworld.com\/hu\/"},{"@type":"ListItem","position":2,"name":"N\u00e9pszava Kar\u00e1csony egykori ellenfeleivel hirdetett programot, a rendezv\u00e9nyt megpr\u00f3b\u00e1lt\u00e1k megzavarni"}]},{"@type":"WebSite","@id":"https:\/\/hotnewsinworld.com\/hu\/#website","url":"https:\/\/hotnewsinworld.com\/hu\/","name":"Hot News in World","description":"Hot News in World from Hungary","potentialAction":[{"@type":"SearchAction","target":{"@type":"EntryPoint","urlTemplate":"https:\/\/hotnewsinworld.com\/hu\/?s={search_term_string}"},"query-input":{"@type":"PropertyValueSpecification","valueRequired":true,"valueName":"search_term_string"}}],"inLanguage":"hu"},{"@type":"Person","@id":"https:\/\/hotnewsinworld.com\/hu\/#\/schema\/person\/fe61448b21c0d59086e75fcc1f9d8f6b","name":"hotnewsinworld","image":{"@type":"ImageObject","inLanguage":"hu","@id":"https:\/\/secure.gravatar.com\/avatar\/8a09ac165600ce2e1c38fe593c63928eb1e6e7ba5c5a907d67787c41b3d00c14?s=96&d=mm&r=g","url":"https:\/\/secure.gravatar.com\/avatar\/8a09ac165600ce2e1c38fe593c63928eb1e6e7ba5c5a907d67787c41b3d00c14?s=96&d=mm&r=g","contentUrl":"https:\/\/secure.gravatar.com\/avatar\/8a09ac165600ce2e1c38fe593c63928eb1e6e7ba5c5a907d67787c41b3d00c14?s=96&d=mm&r=g","caption":"hotnewsinworld"},"url":"https:\/\/hotnewsinworld.com\/hu\/author\/pt\/"}]}},"_links":{"self":[{"href":"https:\/\/hotnewsinworld.com\/hu\/wp-json\/wp\/v2\/posts\/2441","targetHints":{"allow":["GET"]}}],"collection":[{"href":"https:\/\/hotnewsinworld.com\/hu\/wp-json\/wp\/v2\/posts"}],"about":[{"href":"https:\/\/hotnewsinworld.com\/hu\/wp-json\/wp\/v2\/types\/post"}],"author":[{"embeddable":true,"href":"https:\/\/hotnewsinworld.com\/hu\/wp-json\/wp\/v2\/users\/2"}],"replies":[{"embeddable":true,"href":"https:\/\/hotnewsinworld.com\/hu\/wp-json\/wp\/v2\/comments?post=2441"}],"version-history":[{"count":1,"href":"https:\/\/hotnewsinworld.com\/hu\/wp-json\/wp\/v2\/posts\/2441\/revisions"}],"predecessor-version":[{"id":2443,"href":"https:\/\/hotnewsinworld.com\/hu\/wp-json\/wp\/v2\/posts\/2441\/revisions\/2443"}],"wp:featuredmedia":[{"embeddable":true,"href":"https:\/\/hotnewsinworld.com\/hu\/wp-json\/wp\/v2\/media\/2442"}],"wp:attachment":[{"href":"https:\/\/hotnewsinworld.com\/hu\/wp-json\/wp\/v2\/media?parent=2441"}],"wp:term":[{"taxonomy":"category","embeddable":true,"href":"https:\/\/hotnewsinworld.com\/hu\/wp-json\/wp\/v2\/categories?post=2441"},{"taxonomy":"post_tag","embeddable":true,"href":"https:\/\/hotnewsinworld.com\/hu\/wp-json\/wp\/v2\/tags?post=2441"}],"curies":[{"name":"wp","href":"https:\/\/api.w.org\/{rel}","templated":true}]}}