{"id":2444,"date":"2019-09-22T19:33:01","date_gmt":"2019-09-22T16:33:01","guid":{"rendered":"https:\/\/hotnewsinworld.com\/hu\/nepszava-maskepp-beszel-aki-ott-volt\/"},"modified":"2019-09-22T19:33:02","modified_gmt":"2019-09-22T16:33:02","slug":"nepszava-maskepp-beszel-aki-ott-volt","status":"publish","type":"post","link":"https:\/\/hotnewsinworld.com\/hu\/nepszava-maskepp-beszel-aki-ott-volt\/","title":{"rendered":"N\u00e9pszava M\u00e1sk\u00e9pp besz\u00e9l, aki ott volt"},"content":{"rendered":"<p>Nem csak a csal\u00e1djukat vesztett\u00e9k el, hanem saj\u00e1t civiliz\u00e1ci\u00f3s \u00f6r\u00f6ks\u00e9g\u00fcket is. A v\u00e9szkorszakban \u00e1rv\u00e1n maradt t\u00fal\u00e9l\u0151k tal\u00e1lkoztak a B\u00e1lint H\u00e1zban.\u201eM\u00e1sk\u00e9pp besz\u00e9l \u00e9s m\u00e1sk\u00e9pp hallgat az, aki ott volt, ez\u00e9rt m\u00e1sk\u00e9pp besz\u00e9l \u00e9s m\u00e1sk\u00e9pp hallgat az is, aki nem volt\u2026\u201d \u2013 Esterh\u00e1zy P\u00e9ter gondolat\u00e1t v\u00e1lasztotta mott\u00f3ul a N\u00e1cizmus \u00dcld\u00f6z\u00f6tteinek Orsz\u00e1gos Egyes\u00fclete (N\u00dcB), a budapesti \u00e1rvah\u00e1zi tal\u00e1lkoz\u00f3 szervez\u0151je. A B\u00e1lint H\u00e1zban tartott vas\u00e1rnapi rendezv\u00e9ny c\u00e9lja az volt, hogy \u00fajra tal\u00e1lkozhassanak egym\u00e1ssal azok a holokausztt\u00fal\u00e9l\u0151k, akik \u00e1rva vagy f\u00e9l\u00e1rva kisgyermekk\u00e9nt hitk\u00f6zs\u00e9gek gyermekotthonaiban \u00e9ltek a Joint (nemzetk\u00f6zi zsid\u00f3 seg\u00e9lyszervezet) t\u00e1mogat\u00e1s\u00e1val.A N\u00dcB ismertet\u0151je szerint 1944 \u0151sz\u00e9t\u0151l a Nemzetk\u00f6zi V\u00f6r\u00f6skereszt v\u00e9dlevel\u00e9vel mintegy 800 gyerek \u00e9s 400 feln\u0151tt zs\u00fafol\u00f3dott \u00f6ssze a Pesti Izraelita Hitk\u00f6zs\u00e9g Fi\u00fa\u00e1rvah\u00e1z\u00e1ban (Vilma kir\u00e1lyn\u0151 \u00fatja 25-27. \u2013 ma: V\u00e1rosligeti fasor \u2013 \u00e9s Munk\u00e1csy Mih\u00e1ly utca 5-7.). A Joint t\u00e1mogat\u00e1s\u00e1val fenntartott cionista gyermekotthonok sz\u00e1ma gyorsan n\u0151tt, Budapesten harmincn\u00e9gyet l\u00e9tes\u00edtettek, \u00e9s 1945 december\u00e9ben m\u00e1r t\u00edz m\u0171k\u00f6d\u00f6tt vid\u00e9ken. 1946 \u00e1prilis\u00e1ban a f\u0151v\u00e1rosban 2800, a vid\u00e9ken 4000 gyermeket gondoztak a k\u00fcl\u00f6nf\u00e9le otthonokban. A Joint 1947 ut\u00e1n m\u00e1r nem m\u0171k\u00f6dtethetett Magyarorsz\u00e1gon gyermekotthonokat.A tal\u00e1lkoz\u00f3t megnyit\u00f3 k\u00f6sz\u00f6nt\u0151j\u00e9ben Schiffer J\u00e1nos, a N\u00dcB eln\u00f6ke kijelentette, hogy a holokauszt ut\u00e1n \u00e1rvah\u00e1zba ker\u00fclt t\u00fal\u00e9l\u0151k nem csak a sz\u00fcleiket vesztett\u00e9k el, pedig ez is p\u00f3tolhatatlan vesztes\u00e9g volt sz\u00e1mukra. \u0150k nem csak egy meggyilkolt csal\u00e1d \u00e1rv\u00e1i lettek, hanem egy felsz\u00e1molt, elpuszt\u00edtott \u00e9s meggyal\u00e1zott civiliz\u00e1ci\u00f3 el\u00e1rvult gyermekei is. Nem csak a csal\u00e1djukat vesztett\u00e9k el, hanem saj\u00e1t civiliz\u00e1ci\u00f3s \u00f6r\u00f6ks\u00e9g\u00fcket is.A gonoszs\u00e1g azonban, ellent\u00e9tben a f\u00f6ldreng\u00e9ssel \u00e9s a sz\u00f6k\u0151\u00e1rral, feltart\u00f3ztathat\u00f3, ha vannak becs\u00fcletes, tisztess\u00e9ges emberek. M\u00e1rpedig vannak, m\u00e9g ha kevesen is \u2013 k\u00f6z\u00f6lte Schiffer J\u00e1nos, aki arra figyelmeztetett, hogy ism\u00e9t teret nyert az idegenelleness\u00e9g. Ehhez kapcsol\u00f3dva N\u00e1dudvari Zolt\u00e1n, az egyik t\u00fal\u00e9l\u0151 hangs\u00falyozta: soha t\u00f6bb\u00e9 nem szabad megengedni, hogy uralkod\u00f3v\u00e1 v\u00e1ljon a gy\u0171l\u00f6let \u00e9s a kirekeszt\u00e9s.A szervez\u0151k adatai szerint a hajdani zsid\u00f3 \u00e1rvah\u00e1zak lak\u00f3i k\u00f6z\u00fcl m\u00e1r csak mintegy hetvenen vannak \u00e9letben. A visszaeml\u00e9kez\u0151k \u00e1ltal\u00e1ban nem a csal\u00e1djukkal t\u00f6rt\u00e9nt borzalmakat id\u00e9zt\u00e9k fel: f\u0151k\u00e9nt pozit\u00edv, szinte m\u00e1r nosztalgikus \u00e9lm\u00e9nyeikr\u0151l mes\u00e9ltek. Dalos Gy\u00f6rgy \u00edr\u00f3 p\u00e9ld\u00e1ul arr\u00f3l, hogyan vonultak \u00e1t a h\u00eddon mez\u00edtl\u00e1b a Dag\u00e1ly strandra f\u00fcr\u00f6dni. \u201eNem azt mondom, hogy boldogok voltunk, hanem azt, hogy nem voltunk teljesen \u00e1rv\u00e1k\u201d \u2013 foglalta \u00f6ssze, milyen eml\u00e9ket \u0151riz mag\u00e1ban azokr\u00f3l az id\u0151kr\u0151l. Kov\u00e1cs Mira megfogalmaz\u00e1sa szerint a sok megpr\u00f3b\u00e1ltat\u00e1s ut\u00e1n v\u00e9gre volt egy biztons\u00e1gos zug a vil\u00e1gban.Darvas G\u00e1bor, az egyik hozz\u00e1sz\u00f3l\u00f3 kit\u00e9rt arra, hogy nevel\u0151ik is \u00e1ldozatok voltak: a hal\u00e1lt\u00e1borokb\u00f3l vagy munkaszolg\u00e1latosk\u00e9nt a Don-kanyarb\u00f3l t\u00e9rtek vissza. A traum\u00e1k miatt a gyerekeket nem lehetett k\u00f6nnyen kezelni. Olykor a nevel\u0151k elvesz\u00edtett\u00e9k a t\u00fcrelm\u00fcket, elcsattant n\u00e9h\u00e1ny pofon. Ezzel egy\u00fctt \u2013 mondta \u2013 kit\u00f6r\u00f6lhetetlen\u00fcl benne \u00e9lnek azok az \u00e9vek: \u201emindannyiunkb\u00f3l embert faragtak\u201d. Panni n\u00e9ni simogat\u00f3 kez\u00e9t, amelyen ott volt az auschwitzi tetov\u00e1l\u00e1s, nem lehet elfelejteni. Lisznyai M\u00e1rta k\u00e9s\u0151bb hozz\u00e1tette: Berta n\u00e9nir\u0151l, a tejes k\u00e1v\u00e9j\u00e1r\u00f3l se feledkezzenek meg.\u201eAki r\u00e1m n\u00e9z, az tudja, hogy holokausztt\u00fal\u00e9l\u0151 vagyok\u201d \u2013 kezdte Ung\u00e1rn\u00e9 Komoly Judit, aki azonban nem saj\u00e1t mag\u00e1r\u00f3l, hanem nagyb\u00e1tyj\u00e1r\u00f3l, Komoly Ott\u00f3r\u00f3l szeretett volna besz\u00e9lni. Komoly Ott\u00f3nak jelent\u0151s szerepe volt az \u00e1rv\u00e1n maradt zsid\u00f3 gyerekek \u00e9let\u00e9nek megment\u00e9s\u00e9ben. Ennek ellen\u00e9re Magyarorsz\u00e1gon csak egyetlen t\u00e1bla \u0151rzi az eml\u00e9k\u00e9t, m\u00edg Izraelben h\u00e1rom utc\u00e1t is elneveztek r\u00f3la. \u201eEml\u00e9kezzenek r\u00e1!\u201d \u2013 k\u00e9rte hozz\u00e1tartoz\u00f3ja.A t\u00fal\u00e9l\u0151kn\u00e9l l\u00e9v\u0151 fot\u00f3kb\u00f3l, dokumentumokb\u00f3l, a le\u00edrt vagy elbesz\u00e9lt visszaeml\u00e9kez\u00e9sekb\u0151l k\u00f6tet k\u00e9sz\u00fcl. A rendezv\u00e9ny r\u00e9sztvev\u0151i eml\u00e9klapot kaptak: \u201eK\u00f6sz\u00f6net \u00e9s h\u00e1la mindazoknak, akik k\u00e9zen fogtak, seg\u00edts\u00e9get adtak, otthont teremtettek, lelket \u00f6nt\u00f6ttek bel\u00e9nk, s biztattak, hogy a szomor\u00fa t\u00f6rt\u00e9ntek ut\u00e1n b\u00edzzunk a szebb j\u00f6v\u0151ben\u201d.<br \/>\n            <a class=\"slogo\"><br \/>\n                <\/a><\/p>\n<p>\n<!--noindex--><br \/>\n<a href=\"https:\/\/hirek.oldal.info\/rssclick\/14417970\" rel=\"nofollow\">Source link <\/a><br \/>\n<!--\/noindex--><\/p>\n","protected":false},"excerpt":{"rendered":"<p>Nem csak a csal\u00e1djukat vesztett\u00e9k el, hanem saj\u00e1t civiliz\u00e1ci\u00f3s \u00f6r\u00f6ks\u00e9g\u00fcket is. A v\u00e9szkorszakban \u00e1rv\u00e1n maradt t\u00fal\u00e9l\u0151k tal\u00e1lkoztak a B\u00e1lint H\u00e1zban.\u201eM\u00e1sk\u00e9pp besz\u00e9l \u00e9s m\u00e1sk\u00e9pp hallgat az, aki ott volt, ez\u00e9rt m\u00e1sk\u00e9pp besz\u00e9l \u00e9s m\u00e1sk\u00e9pp hallgat az is, aki nem volt\u2026\u201d \u2013 Esterh\u00e1zy P\u00e9ter gondolat\u00e1t v\u00e1lasztotta mott\u00f3ul a N\u00e1cizmus \u00dcld\u00f6z\u00f6tteinek Orsz\u00e1gos Egyes\u00fclete (N\u00dcB), a budapesti \u00e1rvah\u00e1zi tal\u00e1lkoz\u00f3 [&hellip;]<\/p>\n","protected":false},"author":2,"featured_media":2445,"comment_status":"open","ping_status":"open","sticky":false,"template":"","format":"standard","meta":{"footnotes":""},"categories":[1],"tags":[],"class_list":["post-2444","post","type-post","status-publish","format-standard","has-post-thumbnail","hentry","category-legujabb-penzugyi-hirek"],"yoast_head":"<!-- This site is optimized with the Yoast SEO plugin v27.4 - https:\/\/yoast.com\/product\/yoast-seo-wordpress\/ -->\n<title>N\u00e9pszava M\u00e1sk\u00e9pp besz\u00e9l, aki ott volt - Hot News in World<\/title>\n<meta name=\"robots\" content=\"index, follow, max-snippet:-1, max-image-preview:large, max-video-preview:-1\" \/>\n<link rel=\"canonical\" href=\"https:\/\/hotnewsinworld.com\/hu\/nepszava-maskepp-beszel-aki-ott-volt\/\" \/>\n<meta property=\"og:locale\" content=\"hu_HU\" \/>\n<meta property=\"og:type\" content=\"article\" \/>\n<meta property=\"og:title\" content=\"N\u00e9pszava M\u00e1sk\u00e9pp besz\u00e9l, aki ott volt - Hot News in World\" \/>\n<meta property=\"og:description\" content=\"Nem csak a csal\u00e1djukat vesztett\u00e9k el, hanem saj\u00e1t civiliz\u00e1ci\u00f3s \u00f6r\u00f6ks\u00e9g\u00fcket is. A v\u00e9szkorszakban \u00e1rv\u00e1n maradt t\u00fal\u00e9l\u0151k tal\u00e1lkoztak a B\u00e1lint H\u00e1zban.\u201eM\u00e1sk\u00e9pp besz\u00e9l \u00e9s m\u00e1sk\u00e9pp hallgat az, aki ott volt, ez\u00e9rt m\u00e1sk\u00e9pp besz\u00e9l \u00e9s m\u00e1sk\u00e9pp hallgat az is, aki nem volt\u2026\u201d \u2013 Esterh\u00e1zy P\u00e9ter gondolat\u00e1t v\u00e1lasztotta mott\u00f3ul a N\u00e1cizmus \u00dcld\u00f6z\u00f6tteinek Orsz\u00e1gos Egyes\u00fclete (N\u00dcB), a budapesti \u00e1rvah\u00e1zi tal\u00e1lkoz\u00f3 [&hellip;]\" \/>\n<meta property=\"og:url\" content=\"https:\/\/hotnewsinworld.com\/hu\/nepszava-maskepp-beszel-aki-ott-volt\/\" \/>\n<meta property=\"og:site_name\" content=\"Hot News in World\" \/>\n<meta property=\"article:published_time\" content=\"2019-09-22T16:33:01+00:00\" \/>\n<meta property=\"article:modified_time\" content=\"2019-09-22T16:33:02+00:00\" \/>\n<meta property=\"og:image\" content=\"https:\/\/hotnewsinworld.com\/hu\/wp-content\/uploads\/sites\/3\/2019\/09\/N\u00e9pszava-M\u00e1sk\u00e9pp-besz\u00e9l-aki-ott-volt.jpg\" \/>\n\t<meta property=\"og:image:width\" content=\"1000\" \/>\n\t<meta property=\"og:image:height\" content=\"600\" \/>\n\t<meta property=\"og:image:type\" content=\"image\/jpeg\" \/>\n<meta name=\"author\" content=\"hotnewsinworld\" \/>\n<meta name=\"twitter:card\" content=\"summary_large_image\" \/>\n<meta name=\"twitter:label1\" content=\"Szerz\u0151:\" \/>\n\t<meta name=\"twitter:data1\" content=\"hotnewsinworld\" \/>\n\t<meta name=\"twitter:label2\" content=\"Becs\u00fclt olvas\u00e1si id\u0151\" \/>\n\t<meta name=\"twitter:data2\" content=\"4 perc\" \/>\n<script type=\"application\/ld+json\" class=\"yoast-schema-graph\">{\"@context\":\"https:\\\/\\\/schema.org\",\"@graph\":[{\"@type\":\"Article\",\"@id\":\"https:\\\/\\\/hotnewsinworld.com\\\/hu\\\/nepszava-maskepp-beszel-aki-ott-volt\\\/#article\",\"isPartOf\":{\"@id\":\"https:\\\/\\\/hotnewsinworld.com\\\/hu\\\/nepszava-maskepp-beszel-aki-ott-volt\\\/\"},\"author\":{\"name\":\"hotnewsinworld\",\"@id\":\"https:\\\/\\\/hotnewsinworld.com\\\/hu\\\/#\\\/schema\\\/person\\\/fe61448b21c0d59086e75fcc1f9d8f6b\"},\"headline\":\"N\u00e9pszava M\u00e1sk\u00e9pp besz\u00e9l, aki ott volt\",\"datePublished\":\"2019-09-22T16:33:01+00:00\",\"dateModified\":\"2019-09-22T16:33:02+00:00\",\"mainEntityOfPage\":{\"@id\":\"https:\\\/\\\/hotnewsinworld.com\\\/hu\\\/nepszava-maskepp-beszel-aki-ott-volt\\\/\"},\"wordCount\":862,\"commentCount\":0,\"image\":{\"@id\":\"https:\\\/\\\/hotnewsinworld.com\\\/hu\\\/nepszava-maskepp-beszel-aki-ott-volt\\\/#primaryimage\"},\"thumbnailUrl\":\"https:\\\/\\\/hotnewsinworld.com\\\/hu\\\/wp-content\\\/uploads\\\/sites\\\/3\\\/2019\\\/09\\\/N\u00e9pszava-M\u00e1sk\u00e9pp-besz\u00e9l-aki-ott-volt.jpg\",\"articleSection\":[\"LEG\u00daJABB P\u00c9NZ\u00dcGYI H\u00cdREK\"],\"inLanguage\":\"hu\",\"potentialAction\":[{\"@type\":\"CommentAction\",\"name\":\"Comment\",\"target\":[\"https:\\\/\\\/hotnewsinworld.com\\\/hu\\\/nepszava-maskepp-beszel-aki-ott-volt\\\/#respond\"]}]},{\"@type\":\"WebPage\",\"@id\":\"https:\\\/\\\/hotnewsinworld.com\\\/hu\\\/nepszava-maskepp-beszel-aki-ott-volt\\\/\",\"url\":\"https:\\\/\\\/hotnewsinworld.com\\\/hu\\\/nepszava-maskepp-beszel-aki-ott-volt\\\/\",\"name\":\"N\u00e9pszava M\u00e1sk\u00e9pp besz\u00e9l, aki ott volt - Hot News in World\",\"isPartOf\":{\"@id\":\"https:\\\/\\\/hotnewsinworld.com\\\/hu\\\/#website\"},\"primaryImageOfPage\":{\"@id\":\"https:\\\/\\\/hotnewsinworld.com\\\/hu\\\/nepszava-maskepp-beszel-aki-ott-volt\\\/#primaryimage\"},\"image\":{\"@id\":\"https:\\\/\\\/hotnewsinworld.com\\\/hu\\\/nepszava-maskepp-beszel-aki-ott-volt\\\/#primaryimage\"},\"thumbnailUrl\":\"https:\\\/\\\/hotnewsinworld.com\\\/hu\\\/wp-content\\\/uploads\\\/sites\\\/3\\\/2019\\\/09\\\/N\u00e9pszava-M\u00e1sk\u00e9pp-besz\u00e9l-aki-ott-volt.jpg\",\"datePublished\":\"2019-09-22T16:33:01+00:00\",\"dateModified\":\"2019-09-22T16:33:02+00:00\",\"author\":{\"@id\":\"https:\\\/\\\/hotnewsinworld.com\\\/hu\\\/#\\\/schema\\\/person\\\/fe61448b21c0d59086e75fcc1f9d8f6b\"},\"breadcrumb\":{\"@id\":\"https:\\\/\\\/hotnewsinworld.com\\\/hu\\\/nepszava-maskepp-beszel-aki-ott-volt\\\/#breadcrumb\"},\"inLanguage\":\"hu\",\"potentialAction\":[{\"@type\":\"ReadAction\",\"target\":[\"https:\\\/\\\/hotnewsinworld.com\\\/hu\\\/nepszava-maskepp-beszel-aki-ott-volt\\\/\"]}]},{\"@type\":\"ImageObject\",\"inLanguage\":\"hu\",\"@id\":\"https:\\\/\\\/hotnewsinworld.com\\\/hu\\\/nepszava-maskepp-beszel-aki-ott-volt\\\/#primaryimage\",\"url\":\"https:\\\/\\\/hotnewsinworld.com\\\/hu\\\/wp-content\\\/uploads\\\/sites\\\/3\\\/2019\\\/09\\\/N\u00e9pszava-M\u00e1sk\u00e9pp-besz\u00e9l-aki-ott-volt.jpg\",\"contentUrl\":\"https:\\\/\\\/hotnewsinworld.com\\\/hu\\\/wp-content\\\/uploads\\\/sites\\\/3\\\/2019\\\/09\\\/N\u00e9pszava-M\u00e1sk\u00e9pp-besz\u00e9l-aki-ott-volt.jpg\",\"width\":1000,\"height\":600,\"caption\":\"N\u00e9pszava M\u00e1sk\u00e9pp besz\u00e9l, aki ott volt\"},{\"@type\":\"BreadcrumbList\",\"@id\":\"https:\\\/\\\/hotnewsinworld.com\\\/hu\\\/nepszava-maskepp-beszel-aki-ott-volt\\\/#breadcrumb\",\"itemListElement\":[{\"@type\":\"ListItem\",\"position\":1,\"name\":\"\u0413\u043b\u0430\u0432\u043d\u0430\u044f \u0441\u0442\u0440\u0430\u043d\u0438\u0446\u0430\",\"item\":\"https:\\\/\\\/hotnewsinworld.com\\\/hu\\\/\"},{\"@type\":\"ListItem\",\"position\":2,\"name\":\"N\u00e9pszava M\u00e1sk\u00e9pp besz\u00e9l, aki ott volt\"}]},{\"@type\":\"WebSite\",\"@id\":\"https:\\\/\\\/hotnewsinworld.com\\\/hu\\\/#website\",\"url\":\"https:\\\/\\\/hotnewsinworld.com\\\/hu\\\/\",\"name\":\"Hot News in World\",\"description\":\"Hot News in World from Hungary\",\"potentialAction\":[{\"@type\":\"SearchAction\",\"target\":{\"@type\":\"EntryPoint\",\"urlTemplate\":\"https:\\\/\\\/hotnewsinworld.com\\\/hu\\\/?s={search_term_string}\"},\"query-input\":{\"@type\":\"PropertyValueSpecification\",\"valueRequired\":true,\"valueName\":\"search_term_string\"}}],\"inLanguage\":\"hu\"},{\"@type\":\"Person\",\"@id\":\"https:\\\/\\\/hotnewsinworld.com\\\/hu\\\/#\\\/schema\\\/person\\\/fe61448b21c0d59086e75fcc1f9d8f6b\",\"name\":\"hotnewsinworld\",\"image\":{\"@type\":\"ImageObject\",\"inLanguage\":\"hu\",\"@id\":\"https:\\\/\\\/secure.gravatar.com\\\/avatar\\\/8a09ac165600ce2e1c38fe593c63928eb1e6e7ba5c5a907d67787c41b3d00c14?s=96&d=mm&r=g\",\"url\":\"https:\\\/\\\/secure.gravatar.com\\\/avatar\\\/8a09ac165600ce2e1c38fe593c63928eb1e6e7ba5c5a907d67787c41b3d00c14?s=96&d=mm&r=g\",\"contentUrl\":\"https:\\\/\\\/secure.gravatar.com\\\/avatar\\\/8a09ac165600ce2e1c38fe593c63928eb1e6e7ba5c5a907d67787c41b3d00c14?s=96&d=mm&r=g\",\"caption\":\"hotnewsinworld\"},\"url\":\"https:\\\/\\\/hotnewsinworld.com\\\/hu\\\/author\\\/pt\\\/\"}]}<\/script>\n<!-- \/ Yoast SEO plugin. -->","yoast_head_json":{"title":"N\u00e9pszava M\u00e1sk\u00e9pp besz\u00e9l, aki ott volt - Hot News in World","robots":{"index":"index","follow":"follow","max-snippet":"max-snippet:-1","max-image-preview":"max-image-preview:large","max-video-preview":"max-video-preview:-1"},"canonical":"https:\/\/hotnewsinworld.com\/hu\/nepszava-maskepp-beszel-aki-ott-volt\/","og_locale":"hu_HU","og_type":"article","og_title":"N\u00e9pszava M\u00e1sk\u00e9pp besz\u00e9l, aki ott volt - Hot News in World","og_description":"Nem csak a csal\u00e1djukat vesztett\u00e9k el, hanem saj\u00e1t civiliz\u00e1ci\u00f3s \u00f6r\u00f6ks\u00e9g\u00fcket is. A v\u00e9szkorszakban \u00e1rv\u00e1n maradt t\u00fal\u00e9l\u0151k tal\u00e1lkoztak a B\u00e1lint H\u00e1zban.\u201eM\u00e1sk\u00e9pp besz\u00e9l \u00e9s m\u00e1sk\u00e9pp hallgat az, aki ott volt, ez\u00e9rt m\u00e1sk\u00e9pp besz\u00e9l \u00e9s m\u00e1sk\u00e9pp hallgat az is, aki nem volt\u2026\u201d \u2013 Esterh\u00e1zy P\u00e9ter gondolat\u00e1t v\u00e1lasztotta mott\u00f3ul a N\u00e1cizmus \u00dcld\u00f6z\u00f6tteinek Orsz\u00e1gos Egyes\u00fclete (N\u00dcB), a budapesti \u00e1rvah\u00e1zi tal\u00e1lkoz\u00f3 [&hellip;]","og_url":"https:\/\/hotnewsinworld.com\/hu\/nepszava-maskepp-beszel-aki-ott-volt\/","og_site_name":"Hot News in World","article_published_time":"2019-09-22T16:33:01+00:00","article_modified_time":"2019-09-22T16:33:02+00:00","og_image":[{"width":1000,"height":600,"url":"https:\/\/hotnewsinworld.com\/hu\/wp-content\/uploads\/sites\/3\/2019\/09\/N\u00e9pszava-M\u00e1sk\u00e9pp-besz\u00e9l-aki-ott-volt.jpg","type":"image\/jpeg"}],"author":"hotnewsinworld","twitter_card":"summary_large_image","twitter_misc":{"Szerz\u0151:":"hotnewsinworld","Becs\u00fclt olvas\u00e1si id\u0151":"4 perc"},"schema":{"@context":"https:\/\/schema.org","@graph":[{"@type":"Article","@id":"https:\/\/hotnewsinworld.com\/hu\/nepszava-maskepp-beszel-aki-ott-volt\/#article","isPartOf":{"@id":"https:\/\/hotnewsinworld.com\/hu\/nepszava-maskepp-beszel-aki-ott-volt\/"},"author":{"name":"hotnewsinworld","@id":"https:\/\/hotnewsinworld.com\/hu\/#\/schema\/person\/fe61448b21c0d59086e75fcc1f9d8f6b"},"headline":"N\u00e9pszava M\u00e1sk\u00e9pp besz\u00e9l, aki ott volt","datePublished":"2019-09-22T16:33:01+00:00","dateModified":"2019-09-22T16:33:02+00:00","mainEntityOfPage":{"@id":"https:\/\/hotnewsinworld.com\/hu\/nepszava-maskepp-beszel-aki-ott-volt\/"},"wordCount":862,"commentCount":0,"image":{"@id":"https:\/\/hotnewsinworld.com\/hu\/nepszava-maskepp-beszel-aki-ott-volt\/#primaryimage"},"thumbnailUrl":"https:\/\/hotnewsinworld.com\/hu\/wp-content\/uploads\/sites\/3\/2019\/09\/N\u00e9pszava-M\u00e1sk\u00e9pp-besz\u00e9l-aki-ott-volt.jpg","articleSection":["LEG\u00daJABB P\u00c9NZ\u00dcGYI H\u00cdREK"],"inLanguage":"hu","potentialAction":[{"@type":"CommentAction","name":"Comment","target":["https:\/\/hotnewsinworld.com\/hu\/nepszava-maskepp-beszel-aki-ott-volt\/#respond"]}]},{"@type":"WebPage","@id":"https:\/\/hotnewsinworld.com\/hu\/nepszava-maskepp-beszel-aki-ott-volt\/","url":"https:\/\/hotnewsinworld.com\/hu\/nepszava-maskepp-beszel-aki-ott-volt\/","name":"N\u00e9pszava M\u00e1sk\u00e9pp besz\u00e9l, aki ott volt - Hot News in World","isPartOf":{"@id":"https:\/\/hotnewsinworld.com\/hu\/#website"},"primaryImageOfPage":{"@id":"https:\/\/hotnewsinworld.com\/hu\/nepszava-maskepp-beszel-aki-ott-volt\/#primaryimage"},"image":{"@id":"https:\/\/hotnewsinworld.com\/hu\/nepszava-maskepp-beszel-aki-ott-volt\/#primaryimage"},"thumbnailUrl":"https:\/\/hotnewsinworld.com\/hu\/wp-content\/uploads\/sites\/3\/2019\/09\/N\u00e9pszava-M\u00e1sk\u00e9pp-besz\u00e9l-aki-ott-volt.jpg","datePublished":"2019-09-22T16:33:01+00:00","dateModified":"2019-09-22T16:33:02+00:00","author":{"@id":"https:\/\/hotnewsinworld.com\/hu\/#\/schema\/person\/fe61448b21c0d59086e75fcc1f9d8f6b"},"breadcrumb":{"@id":"https:\/\/hotnewsinworld.com\/hu\/nepszava-maskepp-beszel-aki-ott-volt\/#breadcrumb"},"inLanguage":"hu","potentialAction":[{"@type":"ReadAction","target":["https:\/\/hotnewsinworld.com\/hu\/nepszava-maskepp-beszel-aki-ott-volt\/"]}]},{"@type":"ImageObject","inLanguage":"hu","@id":"https:\/\/hotnewsinworld.com\/hu\/nepszava-maskepp-beszel-aki-ott-volt\/#primaryimage","url":"https:\/\/hotnewsinworld.com\/hu\/wp-content\/uploads\/sites\/3\/2019\/09\/N\u00e9pszava-M\u00e1sk\u00e9pp-besz\u00e9l-aki-ott-volt.jpg","contentUrl":"https:\/\/hotnewsinworld.com\/hu\/wp-content\/uploads\/sites\/3\/2019\/09\/N\u00e9pszava-M\u00e1sk\u00e9pp-besz\u00e9l-aki-ott-volt.jpg","width":1000,"height":600,"caption":"N\u00e9pszava M\u00e1sk\u00e9pp besz\u00e9l, aki ott volt"},{"@type":"BreadcrumbList","@id":"https:\/\/hotnewsinworld.com\/hu\/nepszava-maskepp-beszel-aki-ott-volt\/#breadcrumb","itemListElement":[{"@type":"ListItem","position":1,"name":"\u0413\u043b\u0430\u0432\u043d\u0430\u044f \u0441\u0442\u0440\u0430\u043d\u0438\u0446\u0430","item":"https:\/\/hotnewsinworld.com\/hu\/"},{"@type":"ListItem","position":2,"name":"N\u00e9pszava M\u00e1sk\u00e9pp besz\u00e9l, aki ott volt"}]},{"@type":"WebSite","@id":"https:\/\/hotnewsinworld.com\/hu\/#website","url":"https:\/\/hotnewsinworld.com\/hu\/","name":"Hot News in World","description":"Hot News in World from Hungary","potentialAction":[{"@type":"SearchAction","target":{"@type":"EntryPoint","urlTemplate":"https:\/\/hotnewsinworld.com\/hu\/?s={search_term_string}"},"query-input":{"@type":"PropertyValueSpecification","valueRequired":true,"valueName":"search_term_string"}}],"inLanguage":"hu"},{"@type":"Person","@id":"https:\/\/hotnewsinworld.com\/hu\/#\/schema\/person\/fe61448b21c0d59086e75fcc1f9d8f6b","name":"hotnewsinworld","image":{"@type":"ImageObject","inLanguage":"hu","@id":"https:\/\/secure.gravatar.com\/avatar\/8a09ac165600ce2e1c38fe593c63928eb1e6e7ba5c5a907d67787c41b3d00c14?s=96&d=mm&r=g","url":"https:\/\/secure.gravatar.com\/avatar\/8a09ac165600ce2e1c38fe593c63928eb1e6e7ba5c5a907d67787c41b3d00c14?s=96&d=mm&r=g","contentUrl":"https:\/\/secure.gravatar.com\/avatar\/8a09ac165600ce2e1c38fe593c63928eb1e6e7ba5c5a907d67787c41b3d00c14?s=96&d=mm&r=g","caption":"hotnewsinworld"},"url":"https:\/\/hotnewsinworld.com\/hu\/author\/pt\/"}]}},"_links":{"self":[{"href":"https:\/\/hotnewsinworld.com\/hu\/wp-json\/wp\/v2\/posts\/2444","targetHints":{"allow":["GET"]}}],"collection":[{"href":"https:\/\/hotnewsinworld.com\/hu\/wp-json\/wp\/v2\/posts"}],"about":[{"href":"https:\/\/hotnewsinworld.com\/hu\/wp-json\/wp\/v2\/types\/post"}],"author":[{"embeddable":true,"href":"https:\/\/hotnewsinworld.com\/hu\/wp-json\/wp\/v2\/users\/2"}],"replies":[{"embeddable":true,"href":"https:\/\/hotnewsinworld.com\/hu\/wp-json\/wp\/v2\/comments?post=2444"}],"version-history":[{"count":1,"href":"https:\/\/hotnewsinworld.com\/hu\/wp-json\/wp\/v2\/posts\/2444\/revisions"}],"predecessor-version":[{"id":2446,"href":"https:\/\/hotnewsinworld.com\/hu\/wp-json\/wp\/v2\/posts\/2444\/revisions\/2446"}],"wp:featuredmedia":[{"embeddable":true,"href":"https:\/\/hotnewsinworld.com\/hu\/wp-json\/wp\/v2\/media\/2445"}],"wp:attachment":[{"href":"https:\/\/hotnewsinworld.com\/hu\/wp-json\/wp\/v2\/media?parent=2444"}],"wp:term":[{"taxonomy":"category","embeddable":true,"href":"https:\/\/hotnewsinworld.com\/hu\/wp-json\/wp\/v2\/categories?post=2444"},{"taxonomy":"post_tag","embeddable":true,"href":"https:\/\/hotnewsinworld.com\/hu\/wp-json\/wp\/v2\/tags?post=2444"}],"curies":[{"name":"wp","href":"https:\/\/api.w.org\/{rel}","templated":true}]}}