{"id":2450,"date":"2019-09-22T23:38:51","date_gmt":"2019-09-22T20:38:51","guid":{"rendered":"https:\/\/hotnewsinworld.com\/hu\/nepszava-menj-a-zsidokhoz-ezzel-dobtak-ki-hunvald-etelosztasarol-gulyas-martont\/"},"modified":"2019-09-22T23:38:53","modified_gmt":"2019-09-22T20:38:53","slug":"nepszava-menj-a-zsidokhoz-ezzel-dobtak-ki-hunvald-etelosztasarol-gulyas-martont","status":"publish","type":"post","link":"https:\/\/hotnewsinworld.com\/hu\/nepszava-menj-a-zsidokhoz-ezzel-dobtak-ki-hunvald-etelosztasarol-gulyas-martont\/","title":{"rendered":"N\u00e9pszava &#8222;Menj a zsid\u00f3khoz!&#8221; &#8211; ezzel dobt\u00e1k ki Hunvald \u00e9teloszt\u00e1s\u00e1r\u00f3l Guly\u00e1s M\u00e1rtont"},"content":{"rendered":"<p>\u00c1tfog\u00f3 meg\u00e1llapod\u00e1st k\u00f6t\u00f6ttek a korm\u00e1nnyal, a legmagasabb kateg\u00f3ri\u00e1ban v\u00e1lik elismert egyh\u00e1zz\u00e1 az EMIH.\u00c1tfog\u00f3 meg\u00e1llapod\u00e1st k\u00f6t\u00f6tt a magyar korm\u00e1ny \u00e9s az Egys\u00e9ges Magyarorsz\u00e1gi Izraelita Hitk\u00f6zs\u00e9g (EMIH), amelynek \u00e9rtelm\u00e9ben a legmagasabb kateg\u00f3ri\u00e1ban elismert egyh\u00e1zz\u00e1 v\u00e1lik &#8211; jelentette be a minisztereln\u00f6k-helyettes vas\u00e1rnap, a szentendrei \u00faj zsinag\u00f3ga avat\u00e1si \u00fcnneps\u00e9g\u00e9n.    Semj\u00e9n Zsolt r\u00e1mutatott: ezzel alanyi jogon j\u00e1r az \u00e1llami, \u00f6nkorm\u00e1nyzati int\u00e9zm\u00e9nyrendszerrel azonos finansz\u00edroz\u00e1s minden k\u00f6zfeladatot \u00e1tv\u00e1llal\u00f3 int\u00e9zm\u00e9ny tekintet\u00e9ben, legyen az oktat\u00e1si, szoci\u00e1lis, kultur\u00e1lis vagy az \u00e9let b\u00e1rmely ter\u00fclet\u00e9t \u00e9rint\u0151 k\u00f6zfeladat-\u00e1tv\u00e1llal\u00e1s.A meg\u00e1llapod\u00e1s alapj\u00e1n a fegyveres test\u00fcletekn\u00e9l is fel\u00e1llhat az EMIH t\u00e1bori lelk\u00e9szi szolg\u00e1lata &#8211; f\u0171zte hozz\u00e1. Semj\u00e9n fontosnak nevezte, hogy a szerz\u0151d\u00e9s tartalmazza azon zsid\u00f3 eml\u00e9khelyek meg\u0151rz\u00e9s\u00e9t \u00e9s fel\u00faj\u00edt\u00e1s\u00e1t is, amelyekhez ma m\u00e1r nem tartozik gy\u00fclekezet. A minisztereln\u00f6k-helyettes elmondta: Magyarorsz\u00e1gon a zsid\u00f3 \u00e9letnek, kult\u00far\u00e1nak renesz\u00e1nsza van. K\u00f6sz\u00f6net\u00e9t fejezte ki K\u00f6ves Slom\u00f3nak, az EMIH vezet\u0151 rabbij\u00e1nak \u00e9s Oberlander B\u00e1ruch rabbinak, a budapesti Ortodox Rabbin\u00e1tus vezet\u0151j\u00e9nek, akiknek ebben nagy szerep\u00fck van azzal, hogy a r\u00e9gi hagyom\u00e1nyokat visszahozt\u00e1k, \u00e9s \u00e9lettel t\u00f6lt\u00f6tt\u00e9k meg azokat a kereteket, amelyeket a t\u00f6rt\u00e9nelem trag\u00e9dia megrend\u00edtett.     Hangoztatta:a magyar zsid\u00f3s\u00e1gnak eg\u00e9szen k\u00fcl\u00f6nleges k\u00fcldet\u00e9se \u00e9s szerepe van, saj\u00e1tos \u00e9rt\u00e9kgazdags\u00e1got hordoz. A korm\u00e1ny pontosan tudja ezt, \u00e9s term\u00e9szetes k\u00f6teless\u00e9g\u00e9nek tartja, hogy ehhez minden sz\u00fcks\u00e9ges seg\u00edts\u00e9get megadjon.A minisztereln\u00f6k-helyettes a Tett \u00e9s V\u00e9delem Alap\u00edtv\u00e1ny tev\u00e9kenys\u00e9g\u00e9t elismerve kifejtette: az eur\u00f3pai \u00e9s a magyar zsid\u00f3s\u00e1got h\u00e1rom dolog fenyegeti. Az egyik a hagyom\u00e1nyos antiszemitizmus, ebben a magyar korm\u00e1ny \u00e1ll\u00e1spontja a z\u00e9r\u00f3 tolerancia. A m\u00e1sodik elv\u00e1laszthatatlan az illeg\u00e1lis, t\u00f6meges iszl\u00e1m bev\u00e1ndorl\u00e1st\u00f3l &#8211; \u00e1ll\u00edtotta, r\u00e1mutatva: amikor Magyarorsz\u00e1g megv\u00e9di a hat\u00e1rait, akkor a magyar zsid\u00f3s\u00e1got is v\u00e9di. A harmadik pedig elmond\u00e1sa szerint az &#8222;Izrael-elleness\u00e9g&#8221;, amelyet \u0151 Izrael politik\u00e1j\u00e1nak kritiz\u00e1l\u00e1s\u00e1ban v\u00e9l felfedezni az Eur\u00f3pai Uni\u00f3ban is. (Az EU ugyanis nem ismeri el az 1967-es hatnapos h\u00e1bor\u00fa folyam\u00e1n Izrael \u00e1ltal elfoglalt ter\u00fcleteket Izrael \u00e1llam r\u00e9szek\u00e9nt.)Slom\u00f3: Magyarorsz\u00e1gon ma a zsid\u00f3 k\u00f6z\u00f6ss\u00e9g biztons\u00e1gban \u00e9s nyugodalomban \u00e9lhetA zsid\u00f3 k\u00f6z\u00f6ss\u00e9g biztons\u00e1gban \u00e9s nyugodalomban \u00e9lhet, b\u00fcszk\u00e9k vagyunk a m\u00faltunkra, hagyom\u00e1nyainkra, \u00e9s \u00fagy gondoljuk, hogy Magyarorsz\u00e1gon \u00e9s Budapesten nemcsak m\u00faltja, hanem jelene \u00e9s j\u00f6v\u0151je is van a zsid\u00f3 k\u00f6z\u00f6ss\u00e9gnek &#8211; jelentette ki K\u00f6ves Slom\u00f3, az EMIH vezet\u0151 rabbija vas\u00e1rnap Budapesten, a k\u00f6z\u00f6ss\u00e9g k\u00e9t \u00faj Duna menti zsinag\u00f3g\u00e1j\u00e1nak \u00e9s k\u00e9t \u00faj t\u00f3ratekercs\u00e9nek avat\u00e1si \u00fcnneps\u00e9g\u00e9n. Azt az\u00e9rt hozz\u00e1tette: hab\u00e1r fizikai atrocit\u00e1sok nincsenek, a sz\u00edvekben \u00e9s a fejekben &#8222;m\u00e9g mindig ki kell nyitnunk a kapukat \u00e9s ablakokat&#8221;.&#8221;A mai nap t\u00f6rt\u00e9nelem&#8221; &#8211; mondta a rabbi az esem\u00e9nynek otthont ad\u00f3 Cip\u0151k a Duna-parton holokauszt-eml\u00e9km\u0171n\u00e9l. Hozz\u00e1tette: tudom\u00e1sa szerint soha, de a holokauszt \u00f3ta biztosan nem volt m\u00e9g Budapesten olyan esem\u00e9ny, amelynek keret\u00e9ben egy nap k\u00e9t t\u00f3ratekercset is \u00fcnnep\u00e9lyesen befejeztek \u00e9s k\u00e9t \u00faj k\u00f6z\u00f6ss\u00e9gi k\u00f6zpontot is \u00e1tadtak.\u00a0A vas\u00e1rnapi esem\u00e9nysorozat a k\u00f6z\u00f6ss\u00e9g szentendrei \u00e9s lip\u00f3tv\u00e1rosi imahelyeinek \u00e1tad\u00e1s\u00e1val folytat\u00f3dik, amelyet avat\u00f3\u00fcnneps\u00e9gek \u00e9s a zsinag\u00f3g\u00e1k \u00faj t\u00f3ratekercseinek elhelyez\u00e9se k\u00eds\u00e9r.<br \/>\n            <a class=\"slogo\"><br \/>\n                <\/a><\/p>\n<p>\n<!--noindex--><br \/>\n<a href=\"https:\/\/hirek.oldal.info\/rssclick\/14418306\" rel=\"nofollow\">Source link <\/a><br \/>\n<!--\/noindex--><\/p>\n","protected":false},"excerpt":{"rendered":"<p>\u00c1tfog\u00f3 meg\u00e1llapod\u00e1st k\u00f6t\u00f6ttek a korm\u00e1nnyal, a legmagasabb kateg\u00f3ri\u00e1ban v\u00e1lik elismert egyh\u00e1zz\u00e1 az EMIH.\u00c1tfog\u00f3 meg\u00e1llapod\u00e1st k\u00f6t\u00f6tt a magyar korm\u00e1ny \u00e9s az Egys\u00e9ges Magyarorsz\u00e1gi Izraelita Hitk\u00f6zs\u00e9g (EMIH), amelynek \u00e9rtelm\u00e9ben a legmagasabb kateg\u00f3ri\u00e1ban elismert egyh\u00e1zz\u00e1 v\u00e1lik &#8211; jelentette be a minisztereln\u00f6k-helyettes vas\u00e1rnap, a szentendrei \u00faj zsinag\u00f3ga avat\u00e1si \u00fcnneps\u00e9g\u00e9n. Semj\u00e9n Zsolt r\u00e1mutatott: ezzel alanyi jogon j\u00e1r az \u00e1llami, \u00f6nkorm\u00e1nyzati [&hellip;]<\/p>\n","protected":false},"author":2,"featured_media":2451,"comment_status":"open","ping_status":"open","sticky":false,"template":"","format":"standard","meta":{"footnotes":""},"categories":[1],"tags":[],"class_list":["post-2450","post","type-post","status-publish","format-standard","has-post-thumbnail","hentry","category-legujabb-penzugyi-hirek"],"yoast_head":"<!-- This site is optimized with the Yoast SEO plugin v27.4 - https:\/\/yoast.com\/product\/yoast-seo-wordpress\/ -->\n<title>N\u00e9pszava &quot;Menj a zsid\u00f3khoz!&quot; - ezzel dobt\u00e1k ki Hunvald \u00e9teloszt\u00e1s\u00e1r\u00f3l Guly\u00e1s M\u00e1rtont - Hot News in World<\/title>\n<meta name=\"robots\" content=\"index, follow, max-snippet:-1, max-image-preview:large, max-video-preview:-1\" \/>\n<link rel=\"canonical\" href=\"https:\/\/hotnewsinworld.com\/hu\/nepszava-menj-a-zsidokhoz-ezzel-dobtak-ki-hunvald-etelosztasarol-gulyas-martont\/\" \/>\n<meta property=\"og:locale\" content=\"hu_HU\" \/>\n<meta property=\"og:type\" content=\"article\" \/>\n<meta property=\"og:title\" content=\"N\u00e9pszava &quot;Menj a zsid\u00f3khoz!&quot; - ezzel dobt\u00e1k ki Hunvald \u00e9teloszt\u00e1s\u00e1r\u00f3l Guly\u00e1s M\u00e1rtont - Hot News in World\" \/>\n<meta property=\"og:description\" content=\"\u00c1tfog\u00f3 meg\u00e1llapod\u00e1st k\u00f6t\u00f6ttek a korm\u00e1nnyal, a legmagasabb kateg\u00f3ri\u00e1ban v\u00e1lik elismert egyh\u00e1zz\u00e1 az EMIH.\u00c1tfog\u00f3 meg\u00e1llapod\u00e1st k\u00f6t\u00f6tt a magyar korm\u00e1ny \u00e9s az Egys\u00e9ges Magyarorsz\u00e1gi Izraelita Hitk\u00f6zs\u00e9g (EMIH), amelynek \u00e9rtelm\u00e9ben a legmagasabb kateg\u00f3ri\u00e1ban elismert egyh\u00e1zz\u00e1 v\u00e1lik &#8211; jelentette be a minisztereln\u00f6k-helyettes vas\u00e1rnap, a szentendrei \u00faj zsinag\u00f3ga avat\u00e1si \u00fcnneps\u00e9g\u00e9n. Semj\u00e9n Zsolt r\u00e1mutatott: ezzel alanyi jogon j\u00e1r az \u00e1llami, \u00f6nkorm\u00e1nyzati [&hellip;]\" \/>\n<meta property=\"og:url\" content=\"https:\/\/hotnewsinworld.com\/hu\/nepszava-menj-a-zsidokhoz-ezzel-dobtak-ki-hunvald-etelosztasarol-gulyas-martont\/\" \/>\n<meta property=\"og:site_name\" content=\"Hot News in World\" \/>\n<meta property=\"article:published_time\" content=\"2019-09-22T20:38:51+00:00\" \/>\n<meta property=\"article:modified_time\" content=\"2019-09-22T20:38:53+00:00\" \/>\n<meta property=\"og:image\" content=\"https:\/\/hotnewsinworld.com\/hu\/wp-content\/uploads\/sites\/3\/2019\/09\/N\u00e9pszava-Menj-a-zsid\u00f3khoz-ezzel-dobt\u00e1k-ki-Hunvald-\u00e9teloszt\u00e1s\u00e1r\u00f3l.jpg\" \/>\n\t<meta property=\"og:image:width\" content=\"1000\" \/>\n\t<meta property=\"og:image:height\" content=\"600\" \/>\n\t<meta property=\"og:image:type\" content=\"image\/jpeg\" \/>\n<meta name=\"author\" content=\"hotnewsinworld\" \/>\n<meta name=\"twitter:card\" content=\"summary_large_image\" \/>\n<meta name=\"twitter:label1\" content=\"Szerz\u0151:\" \/>\n\t<meta name=\"twitter:data1\" content=\"hotnewsinworld\" \/>\n\t<meta name=\"twitter:label2\" content=\"Becs\u00fclt olvas\u00e1si id\u0151\" \/>\n\t<meta name=\"twitter:data2\" content=\"3 perc\" \/>\n<script type=\"application\/ld+json\" class=\"yoast-schema-graph\">{\"@context\":\"https:\\\/\\\/schema.org\",\"@graph\":[{\"@type\":\"Article\",\"@id\":\"https:\\\/\\\/hotnewsinworld.com\\\/hu\\\/nepszava-menj-a-zsidokhoz-ezzel-dobtak-ki-hunvald-etelosztasarol-gulyas-martont\\\/#article\",\"isPartOf\":{\"@id\":\"https:\\\/\\\/hotnewsinworld.com\\\/hu\\\/nepszava-menj-a-zsidokhoz-ezzel-dobtak-ki-hunvald-etelosztasarol-gulyas-martont\\\/\"},\"author\":{\"name\":\"hotnewsinworld\",\"@id\":\"https:\\\/\\\/hotnewsinworld.com\\\/hu\\\/#\\\/schema\\\/person\\\/fe61448b21c0d59086e75fcc1f9d8f6b\"},\"headline\":\"N\u00e9pszava &#8222;Menj a zsid\u00f3khoz!&#8221; &#8211; ezzel dobt\u00e1k ki Hunvald \u00e9teloszt\u00e1s\u00e1r\u00f3l Guly\u00e1s M\u00e1rtont\",\"datePublished\":\"2019-09-22T20:38:51+00:00\",\"dateModified\":\"2019-09-22T20:38:53+00:00\",\"mainEntityOfPage\":{\"@id\":\"https:\\\/\\\/hotnewsinworld.com\\\/hu\\\/nepszava-menj-a-zsidokhoz-ezzel-dobtak-ki-hunvald-etelosztasarol-gulyas-martont\\\/\"},\"wordCount\":698,\"commentCount\":0,\"image\":{\"@id\":\"https:\\\/\\\/hotnewsinworld.com\\\/hu\\\/nepszava-menj-a-zsidokhoz-ezzel-dobtak-ki-hunvald-etelosztasarol-gulyas-martont\\\/#primaryimage\"},\"thumbnailUrl\":\"https:\\\/\\\/hotnewsinworld.com\\\/hu\\\/wp-content\\\/uploads\\\/sites\\\/3\\\/2019\\\/09\\\/N\u00e9pszava-Menj-a-zsid\u00f3khoz-ezzel-dobt\u00e1k-ki-Hunvald-\u00e9teloszt\u00e1s\u00e1r\u00f3l.jpg\",\"articleSection\":[\"LEG\u00daJABB P\u00c9NZ\u00dcGYI H\u00cdREK\"],\"inLanguage\":\"hu\",\"potentialAction\":[{\"@type\":\"CommentAction\",\"name\":\"Comment\",\"target\":[\"https:\\\/\\\/hotnewsinworld.com\\\/hu\\\/nepszava-menj-a-zsidokhoz-ezzel-dobtak-ki-hunvald-etelosztasarol-gulyas-martont\\\/#respond\"]}]},{\"@type\":\"WebPage\",\"@id\":\"https:\\\/\\\/hotnewsinworld.com\\\/hu\\\/nepszava-menj-a-zsidokhoz-ezzel-dobtak-ki-hunvald-etelosztasarol-gulyas-martont\\\/\",\"url\":\"https:\\\/\\\/hotnewsinworld.com\\\/hu\\\/nepszava-menj-a-zsidokhoz-ezzel-dobtak-ki-hunvald-etelosztasarol-gulyas-martont\\\/\",\"name\":\"N\u00e9pszava \\\"Menj a zsid\u00f3khoz!\\\" - ezzel dobt\u00e1k ki Hunvald \u00e9teloszt\u00e1s\u00e1r\u00f3l Guly\u00e1s M\u00e1rtont - Hot News in World\",\"isPartOf\":{\"@id\":\"https:\\\/\\\/hotnewsinworld.com\\\/hu\\\/#website\"},\"primaryImageOfPage\":{\"@id\":\"https:\\\/\\\/hotnewsinworld.com\\\/hu\\\/nepszava-menj-a-zsidokhoz-ezzel-dobtak-ki-hunvald-etelosztasarol-gulyas-martont\\\/#primaryimage\"},\"image\":{\"@id\":\"https:\\\/\\\/hotnewsinworld.com\\\/hu\\\/nepszava-menj-a-zsidokhoz-ezzel-dobtak-ki-hunvald-etelosztasarol-gulyas-martont\\\/#primaryimage\"},\"thumbnailUrl\":\"https:\\\/\\\/hotnewsinworld.com\\\/hu\\\/wp-content\\\/uploads\\\/sites\\\/3\\\/2019\\\/09\\\/N\u00e9pszava-Menj-a-zsid\u00f3khoz-ezzel-dobt\u00e1k-ki-Hunvald-\u00e9teloszt\u00e1s\u00e1r\u00f3l.jpg\",\"datePublished\":\"2019-09-22T20:38:51+00:00\",\"dateModified\":\"2019-09-22T20:38:53+00:00\",\"author\":{\"@id\":\"https:\\\/\\\/hotnewsinworld.com\\\/hu\\\/#\\\/schema\\\/person\\\/fe61448b21c0d59086e75fcc1f9d8f6b\"},\"breadcrumb\":{\"@id\":\"https:\\\/\\\/hotnewsinworld.com\\\/hu\\\/nepszava-menj-a-zsidokhoz-ezzel-dobtak-ki-hunvald-etelosztasarol-gulyas-martont\\\/#breadcrumb\"},\"inLanguage\":\"hu\",\"potentialAction\":[{\"@type\":\"ReadAction\",\"target\":[\"https:\\\/\\\/hotnewsinworld.com\\\/hu\\\/nepszava-menj-a-zsidokhoz-ezzel-dobtak-ki-hunvald-etelosztasarol-gulyas-martont\\\/\"]}]},{\"@type\":\"ImageObject\",\"inLanguage\":\"hu\",\"@id\":\"https:\\\/\\\/hotnewsinworld.com\\\/hu\\\/nepszava-menj-a-zsidokhoz-ezzel-dobtak-ki-hunvald-etelosztasarol-gulyas-martont\\\/#primaryimage\",\"url\":\"https:\\\/\\\/hotnewsinworld.com\\\/hu\\\/wp-content\\\/uploads\\\/sites\\\/3\\\/2019\\\/09\\\/N\u00e9pszava-Menj-a-zsid\u00f3khoz-ezzel-dobt\u00e1k-ki-Hunvald-\u00e9teloszt\u00e1s\u00e1r\u00f3l.jpg\",\"contentUrl\":\"https:\\\/\\\/hotnewsinworld.com\\\/hu\\\/wp-content\\\/uploads\\\/sites\\\/3\\\/2019\\\/09\\\/N\u00e9pszava-Menj-a-zsid\u00f3khoz-ezzel-dobt\u00e1k-ki-Hunvald-\u00e9teloszt\u00e1s\u00e1r\u00f3l.jpg\",\"width\":1000,\"height\":600,\"caption\":\"N\u00e9pszava \\\"Menj a zsid\u00f3khoz!\\\" - ezzel dobt\u00e1k ki Hunvald \u00e9teloszt\u00e1s\u00e1r\u00f3l Guly\u00e1s M\u00e1rtont\"},{\"@type\":\"BreadcrumbList\",\"@id\":\"https:\\\/\\\/hotnewsinworld.com\\\/hu\\\/nepszava-menj-a-zsidokhoz-ezzel-dobtak-ki-hunvald-etelosztasarol-gulyas-martont\\\/#breadcrumb\",\"itemListElement\":[{\"@type\":\"ListItem\",\"position\":1,\"name\":\"\u0413\u043b\u0430\u0432\u043d\u0430\u044f \u0441\u0442\u0440\u0430\u043d\u0438\u0446\u0430\",\"item\":\"https:\\\/\\\/hotnewsinworld.com\\\/hu\\\/\"},{\"@type\":\"ListItem\",\"position\":2,\"name\":\"N\u00e9pszava &#8220;Menj a zsid\u00f3khoz!&#8221; &#8211; ezzel dobt\u00e1k ki Hunvald \u00e9teloszt\u00e1s\u00e1r\u00f3l Guly\u00e1s M\u00e1rtont\"}]},{\"@type\":\"WebSite\",\"@id\":\"https:\\\/\\\/hotnewsinworld.com\\\/hu\\\/#website\",\"url\":\"https:\\\/\\\/hotnewsinworld.com\\\/hu\\\/\",\"name\":\"Hot News in World\",\"description\":\"Hot News in World from Hungary\",\"potentialAction\":[{\"@type\":\"SearchAction\",\"target\":{\"@type\":\"EntryPoint\",\"urlTemplate\":\"https:\\\/\\\/hotnewsinworld.com\\\/hu\\\/?s={search_term_string}\"},\"query-input\":{\"@type\":\"PropertyValueSpecification\",\"valueRequired\":true,\"valueName\":\"search_term_string\"}}],\"inLanguage\":\"hu\"},{\"@type\":\"Person\",\"@id\":\"https:\\\/\\\/hotnewsinworld.com\\\/hu\\\/#\\\/schema\\\/person\\\/fe61448b21c0d59086e75fcc1f9d8f6b\",\"name\":\"hotnewsinworld\",\"image\":{\"@type\":\"ImageObject\",\"inLanguage\":\"hu\",\"@id\":\"https:\\\/\\\/secure.gravatar.com\\\/avatar\\\/8a09ac165600ce2e1c38fe593c63928eb1e6e7ba5c5a907d67787c41b3d00c14?s=96&d=mm&r=g\",\"url\":\"https:\\\/\\\/secure.gravatar.com\\\/avatar\\\/8a09ac165600ce2e1c38fe593c63928eb1e6e7ba5c5a907d67787c41b3d00c14?s=96&d=mm&r=g\",\"contentUrl\":\"https:\\\/\\\/secure.gravatar.com\\\/avatar\\\/8a09ac165600ce2e1c38fe593c63928eb1e6e7ba5c5a907d67787c41b3d00c14?s=96&d=mm&r=g\",\"caption\":\"hotnewsinworld\"},\"url\":\"https:\\\/\\\/hotnewsinworld.com\\\/hu\\\/author\\\/pt\\\/\"}]}<\/script>\n<!-- \/ Yoast SEO plugin. -->","yoast_head_json":{"title":"N\u00e9pszava \"Menj a zsid\u00f3khoz!\" - ezzel dobt\u00e1k ki Hunvald \u00e9teloszt\u00e1s\u00e1r\u00f3l Guly\u00e1s M\u00e1rtont - Hot News in World","robots":{"index":"index","follow":"follow","max-snippet":"max-snippet:-1","max-image-preview":"max-image-preview:large","max-video-preview":"max-video-preview:-1"},"canonical":"https:\/\/hotnewsinworld.com\/hu\/nepszava-menj-a-zsidokhoz-ezzel-dobtak-ki-hunvald-etelosztasarol-gulyas-martont\/","og_locale":"hu_HU","og_type":"article","og_title":"N\u00e9pszava \"Menj a zsid\u00f3khoz!\" - ezzel dobt\u00e1k ki Hunvald \u00e9teloszt\u00e1s\u00e1r\u00f3l Guly\u00e1s M\u00e1rtont - Hot News in World","og_description":"\u00c1tfog\u00f3 meg\u00e1llapod\u00e1st k\u00f6t\u00f6ttek a korm\u00e1nnyal, a legmagasabb kateg\u00f3ri\u00e1ban v\u00e1lik elismert egyh\u00e1zz\u00e1 az EMIH.\u00c1tfog\u00f3 meg\u00e1llapod\u00e1st k\u00f6t\u00f6tt a magyar korm\u00e1ny \u00e9s az Egys\u00e9ges Magyarorsz\u00e1gi Izraelita Hitk\u00f6zs\u00e9g (EMIH), amelynek \u00e9rtelm\u00e9ben a legmagasabb kateg\u00f3ri\u00e1ban elismert egyh\u00e1zz\u00e1 v\u00e1lik &#8211; jelentette be a minisztereln\u00f6k-helyettes vas\u00e1rnap, a szentendrei \u00faj zsinag\u00f3ga avat\u00e1si \u00fcnneps\u00e9g\u00e9n. Semj\u00e9n Zsolt r\u00e1mutatott: ezzel alanyi jogon j\u00e1r az \u00e1llami, \u00f6nkorm\u00e1nyzati [&hellip;]","og_url":"https:\/\/hotnewsinworld.com\/hu\/nepszava-menj-a-zsidokhoz-ezzel-dobtak-ki-hunvald-etelosztasarol-gulyas-martont\/","og_site_name":"Hot News in World","article_published_time":"2019-09-22T20:38:51+00:00","article_modified_time":"2019-09-22T20:38:53+00:00","og_image":[{"width":1000,"height":600,"url":"https:\/\/hotnewsinworld.com\/hu\/wp-content\/uploads\/sites\/3\/2019\/09\/N\u00e9pszava-Menj-a-zsid\u00f3khoz-ezzel-dobt\u00e1k-ki-Hunvald-\u00e9teloszt\u00e1s\u00e1r\u00f3l.jpg","type":"image\/jpeg"}],"author":"hotnewsinworld","twitter_card":"summary_large_image","twitter_misc":{"Szerz\u0151:":"hotnewsinworld","Becs\u00fclt olvas\u00e1si id\u0151":"3 perc"},"schema":{"@context":"https:\/\/schema.org","@graph":[{"@type":"Article","@id":"https:\/\/hotnewsinworld.com\/hu\/nepszava-menj-a-zsidokhoz-ezzel-dobtak-ki-hunvald-etelosztasarol-gulyas-martont\/#article","isPartOf":{"@id":"https:\/\/hotnewsinworld.com\/hu\/nepszava-menj-a-zsidokhoz-ezzel-dobtak-ki-hunvald-etelosztasarol-gulyas-martont\/"},"author":{"name":"hotnewsinworld","@id":"https:\/\/hotnewsinworld.com\/hu\/#\/schema\/person\/fe61448b21c0d59086e75fcc1f9d8f6b"},"headline":"N\u00e9pszava &#8222;Menj a zsid\u00f3khoz!&#8221; &#8211; ezzel dobt\u00e1k ki Hunvald \u00e9teloszt\u00e1s\u00e1r\u00f3l Guly\u00e1s M\u00e1rtont","datePublished":"2019-09-22T20:38:51+00:00","dateModified":"2019-09-22T20:38:53+00:00","mainEntityOfPage":{"@id":"https:\/\/hotnewsinworld.com\/hu\/nepszava-menj-a-zsidokhoz-ezzel-dobtak-ki-hunvald-etelosztasarol-gulyas-martont\/"},"wordCount":698,"commentCount":0,"image":{"@id":"https:\/\/hotnewsinworld.com\/hu\/nepszava-menj-a-zsidokhoz-ezzel-dobtak-ki-hunvald-etelosztasarol-gulyas-martont\/#primaryimage"},"thumbnailUrl":"https:\/\/hotnewsinworld.com\/hu\/wp-content\/uploads\/sites\/3\/2019\/09\/N\u00e9pszava-Menj-a-zsid\u00f3khoz-ezzel-dobt\u00e1k-ki-Hunvald-\u00e9teloszt\u00e1s\u00e1r\u00f3l.jpg","articleSection":["LEG\u00daJABB P\u00c9NZ\u00dcGYI H\u00cdREK"],"inLanguage":"hu","potentialAction":[{"@type":"CommentAction","name":"Comment","target":["https:\/\/hotnewsinworld.com\/hu\/nepszava-menj-a-zsidokhoz-ezzel-dobtak-ki-hunvald-etelosztasarol-gulyas-martont\/#respond"]}]},{"@type":"WebPage","@id":"https:\/\/hotnewsinworld.com\/hu\/nepszava-menj-a-zsidokhoz-ezzel-dobtak-ki-hunvald-etelosztasarol-gulyas-martont\/","url":"https:\/\/hotnewsinworld.com\/hu\/nepszava-menj-a-zsidokhoz-ezzel-dobtak-ki-hunvald-etelosztasarol-gulyas-martont\/","name":"N\u00e9pszava \"Menj a zsid\u00f3khoz!\" - ezzel dobt\u00e1k ki Hunvald \u00e9teloszt\u00e1s\u00e1r\u00f3l Guly\u00e1s M\u00e1rtont - Hot News in World","isPartOf":{"@id":"https:\/\/hotnewsinworld.com\/hu\/#website"},"primaryImageOfPage":{"@id":"https:\/\/hotnewsinworld.com\/hu\/nepszava-menj-a-zsidokhoz-ezzel-dobtak-ki-hunvald-etelosztasarol-gulyas-martont\/#primaryimage"},"image":{"@id":"https:\/\/hotnewsinworld.com\/hu\/nepszava-menj-a-zsidokhoz-ezzel-dobtak-ki-hunvald-etelosztasarol-gulyas-martont\/#primaryimage"},"thumbnailUrl":"https:\/\/hotnewsinworld.com\/hu\/wp-content\/uploads\/sites\/3\/2019\/09\/N\u00e9pszava-Menj-a-zsid\u00f3khoz-ezzel-dobt\u00e1k-ki-Hunvald-\u00e9teloszt\u00e1s\u00e1r\u00f3l.jpg","datePublished":"2019-09-22T20:38:51+00:00","dateModified":"2019-09-22T20:38:53+00:00","author":{"@id":"https:\/\/hotnewsinworld.com\/hu\/#\/schema\/person\/fe61448b21c0d59086e75fcc1f9d8f6b"},"breadcrumb":{"@id":"https:\/\/hotnewsinworld.com\/hu\/nepszava-menj-a-zsidokhoz-ezzel-dobtak-ki-hunvald-etelosztasarol-gulyas-martont\/#breadcrumb"},"inLanguage":"hu","potentialAction":[{"@type":"ReadAction","target":["https:\/\/hotnewsinworld.com\/hu\/nepszava-menj-a-zsidokhoz-ezzel-dobtak-ki-hunvald-etelosztasarol-gulyas-martont\/"]}]},{"@type":"ImageObject","inLanguage":"hu","@id":"https:\/\/hotnewsinworld.com\/hu\/nepszava-menj-a-zsidokhoz-ezzel-dobtak-ki-hunvald-etelosztasarol-gulyas-martont\/#primaryimage","url":"https:\/\/hotnewsinworld.com\/hu\/wp-content\/uploads\/sites\/3\/2019\/09\/N\u00e9pszava-Menj-a-zsid\u00f3khoz-ezzel-dobt\u00e1k-ki-Hunvald-\u00e9teloszt\u00e1s\u00e1r\u00f3l.jpg","contentUrl":"https:\/\/hotnewsinworld.com\/hu\/wp-content\/uploads\/sites\/3\/2019\/09\/N\u00e9pszava-Menj-a-zsid\u00f3khoz-ezzel-dobt\u00e1k-ki-Hunvald-\u00e9teloszt\u00e1s\u00e1r\u00f3l.jpg","width":1000,"height":600,"caption":"N\u00e9pszava \"Menj a zsid\u00f3khoz!\" - ezzel dobt\u00e1k ki Hunvald \u00e9teloszt\u00e1s\u00e1r\u00f3l Guly\u00e1s M\u00e1rtont"},{"@type":"BreadcrumbList","@id":"https:\/\/hotnewsinworld.com\/hu\/nepszava-menj-a-zsidokhoz-ezzel-dobtak-ki-hunvald-etelosztasarol-gulyas-martont\/#breadcrumb","itemListElement":[{"@type":"ListItem","position":1,"name":"\u0413\u043b\u0430\u0432\u043d\u0430\u044f \u0441\u0442\u0440\u0430\u043d\u0438\u0446\u0430","item":"https:\/\/hotnewsinworld.com\/hu\/"},{"@type":"ListItem","position":2,"name":"N\u00e9pszava &#8220;Menj a zsid\u00f3khoz!&#8221; &#8211; ezzel dobt\u00e1k ki Hunvald \u00e9teloszt\u00e1s\u00e1r\u00f3l Guly\u00e1s M\u00e1rtont"}]},{"@type":"WebSite","@id":"https:\/\/hotnewsinworld.com\/hu\/#website","url":"https:\/\/hotnewsinworld.com\/hu\/","name":"Hot News in World","description":"Hot News in World from Hungary","potentialAction":[{"@type":"SearchAction","target":{"@type":"EntryPoint","urlTemplate":"https:\/\/hotnewsinworld.com\/hu\/?s={search_term_string}"},"query-input":{"@type":"PropertyValueSpecification","valueRequired":true,"valueName":"search_term_string"}}],"inLanguage":"hu"},{"@type":"Person","@id":"https:\/\/hotnewsinworld.com\/hu\/#\/schema\/person\/fe61448b21c0d59086e75fcc1f9d8f6b","name":"hotnewsinworld","image":{"@type":"ImageObject","inLanguage":"hu","@id":"https:\/\/secure.gravatar.com\/avatar\/8a09ac165600ce2e1c38fe593c63928eb1e6e7ba5c5a907d67787c41b3d00c14?s=96&d=mm&r=g","url":"https:\/\/secure.gravatar.com\/avatar\/8a09ac165600ce2e1c38fe593c63928eb1e6e7ba5c5a907d67787c41b3d00c14?s=96&d=mm&r=g","contentUrl":"https:\/\/secure.gravatar.com\/avatar\/8a09ac165600ce2e1c38fe593c63928eb1e6e7ba5c5a907d67787c41b3d00c14?s=96&d=mm&r=g","caption":"hotnewsinworld"},"url":"https:\/\/hotnewsinworld.com\/hu\/author\/pt\/"}]}},"_links":{"self":[{"href":"https:\/\/hotnewsinworld.com\/hu\/wp-json\/wp\/v2\/posts\/2450","targetHints":{"allow":["GET"]}}],"collection":[{"href":"https:\/\/hotnewsinworld.com\/hu\/wp-json\/wp\/v2\/posts"}],"about":[{"href":"https:\/\/hotnewsinworld.com\/hu\/wp-json\/wp\/v2\/types\/post"}],"author":[{"embeddable":true,"href":"https:\/\/hotnewsinworld.com\/hu\/wp-json\/wp\/v2\/users\/2"}],"replies":[{"embeddable":true,"href":"https:\/\/hotnewsinworld.com\/hu\/wp-json\/wp\/v2\/comments?post=2450"}],"version-history":[{"count":1,"href":"https:\/\/hotnewsinworld.com\/hu\/wp-json\/wp\/v2\/posts\/2450\/revisions"}],"predecessor-version":[{"id":2452,"href":"https:\/\/hotnewsinworld.com\/hu\/wp-json\/wp\/v2\/posts\/2450\/revisions\/2452"}],"wp:featuredmedia":[{"embeddable":true,"href":"https:\/\/hotnewsinworld.com\/hu\/wp-json\/wp\/v2\/media\/2451"}],"wp:attachment":[{"href":"https:\/\/hotnewsinworld.com\/hu\/wp-json\/wp\/v2\/media?parent=2450"}],"wp:term":[{"taxonomy":"category","embeddable":true,"href":"https:\/\/hotnewsinworld.com\/hu\/wp-json\/wp\/v2\/categories?post=2450"},{"taxonomy":"post_tag","embeddable":true,"href":"https:\/\/hotnewsinworld.com\/hu\/wp-json\/wp\/v2\/tags?post=2450"}],"curies":[{"name":"wp","href":"https:\/\/api.w.org\/{rel}","templated":true}]}}