{"id":2462,"date":"2019-09-23T05:46:36","date_gmt":"2019-09-23T02:46:36","guid":{"rendered":"https:\/\/hotnewsinworld.com\/hu\/igy-bukta-el-miskolc-a-bmw-t\/"},"modified":"2019-09-23T05:46:38","modified_gmt":"2019-09-23T02:46:38","slug":"igy-bukta-el-miskolc-a-bmw-t","status":"publish","type":"post","link":"https:\/\/hotnewsinworld.com\/hu\/igy-bukta-el-miskolc-a-bmw-t\/","title":{"rendered":"\u00cdgy bukta el Miskolc a BMW-t"},"content":{"rendered":"<p>                        Az elk\u00e9pzel\u00e9s, hogy Kecskem\u00e9t \u00e9s Gy\u0151r ut\u00e1n itt is megval\u00f3suljon egy munkahelyek ezreit l\u00e9trehoz\u00f3 beruh\u00e1z\u00e1s, kor\u00e1bban m\u00e9g egy\u00e1ltal\u00e1n nem t\u0171nt elk\u00e9pzelhetetlennek.2012-re dat\u00e1lhat\u00f3 az els\u0151, igaz\u00e1n komoly rem\u00e9nysug\u00e1r, amikor a n\u00e9met gazdas\u00e1gi lapok arr\u00f3l \u00edrtak, hogy a BMW Miskolcot is vizsg\u00e1lja, mint lehets\u00e9ges helysz\u00ednt az \u00faj gy\u00e1r\u00e1hoz. Kriza \u00c1kos lek\u00f6sz\u00f6n\u0151 polg\u00e1rmester akkor \u00fagy l\u00e1tta, minden felt\u00e9tel adott egy ilyen jelent\u0151s beruh\u00e1z\u00e1shoz: mind a ter\u00fclet, mind a szakk\u00e9pzett munkaer\u0151, a szakk\u00e9pz\u00e9s, vagyis mindazon krit\u00e9riumok megvannak, amelyek a befektet\u0151nek sz\u00fcks\u00e9gesek.A bizakod\u00e1s jeleiEzut\u00e1n hossz\u00fa csend k\u00f6vetkezett, majd 2018 tavasz\u00e1n \u00fajra sz\u00e1rnyra keltek a pletyk\u00e1k, m\u00e9gpedig egy \u201etitkos korm\u00e1nyrendelet\u201d miatt. A N\u00e9pszava \u00edrta meg, hogy nemzetgazdas\u00e1gi szempontb\u00f3l kiemelt jelent\u0151s\u00e9g\u0171v\u00e9 nyilv\u00e1n\u00edtotta a korm\u00e1ny a Miskolchoz k\u00f6zeli Hern\u00e1dn\u00e9metin\u00e9l l\u00e9trehozand\u00f3 ipari telephely kialak\u00edt\u00e1s\u00e1val kapcsolatos hat\u00f3s\u00e1gi \u00fcgyeket.A Miskolccal k\u00f6z\u00f6s projektben a felekkel titoktart\u00e1si szerz\u0151d\u00e9st \u00edrattak al\u00e1, \u00edgy enn\u00e9l t\u00f6bbet nem lehetett megtudni.Sokaknak esz\u00e9be jutott viszont az is, hogy 2015-ben Orb\u00e1n Viktor minisztereln\u00f6k a Modern V\u00e1rosok Program keret\u00e9ben egy ezerhekt\u00e1ros ipari park kialak\u00edt\u00e1s\u00e1t jelentette be. Vagyis, ebb\u0151l m\u00e1r t\u00f6bben arra k\u00f6vetkeztettek, hogy ak\u00e1r a BMW is \u00e1llhat mindezek h\u00e1tter\u00e9ben.A pofonN\u00e9h\u00e1ny h\u00f3nappal k\u00e9s\u0151bb azonban j\u00f6tt a feketeleves, j\u00falius 31-\u00e9n der\u00fclt ki, hogy a n\u00e9met aut\u00f3gy\u00e1r nem Miskolcot, hanem Debrecent v\u00e1lasztotta az \u00faj beruh\u00e1z\u00e1sa helysz\u00edn\u00e9\u00fcl. Szijj\u00e1rt\u00f3 P\u00e9ter k\u00fclgazdas\u00e1gi \u00e9s k\u00fcl\u00fcgyminiszter jelentette be\u00a0a nagy h\u00edrt, m\u00e1rmint a Debrecennek \u00f6r\u00f6met jelent\u0151 nagy h\u00edrt.Miskolc \u00f6nkorm\u00e1nyzata sietett gyorsan lesz\u00f6gezni, hogy a v\u00e1ros az utols\u00f3 pillanatig versenyben volt.K\u00f6zlem\u00e9ny\u00fck szerint \u00f6r\u00f6mmel tapasztalt\u00e1k, hogy a magas nemzetk\u00f6zi elv\u00e1r\u00e1soknak, amelyek egy ilyen multiberuh\u00e1z\u00e1shoz sz\u00fcks\u00e9gesek, Miskolc mindenben megfelelt. Egyet azonban kiv\u00e9ve. Ez az egy pedig \u00e9ppen el\u00e9g volt ahhoz, hogy a BMW m\u00e1shol kezdje meg a munk\u00e1t. A d\u00f6nt\u0151 indok \u2013 az \u00f6nkorm\u00e1nyzat k\u00f6zl\u00e9se szerint \u2013 az volt, hogy a nemzetk\u00f6zi rep\u00fcl\u0151teret a beruh\u00e1z\u00f3k s\u00falyponti felt\u00e9telnek tartott\u00e1k, ez pedig Debrecen eset\u00e9ben adott volt.A c\u00e9g azzal indokolta\u00a0a v\u00e1laszt\u00e1s\u00e1t, hogy Debrecen infrastrukt\u00far\u00e1ja, logisztikai kapcsolatai \u00e9s a BMW megl\u00e9v\u0151 besz\u00e1ll\u00edt\u00f3i h\u00e1l\u00f3zat\u00e1nak elhelyezked\u00e9se miatt ide\u00e1lis helysz\u00edn az aut\u00f3gy\u00e1rt\u00f3 csoport gy\u00e1rt\u00f3kapacit\u00e1s\u00e1nak b\u0151v\u00edt\u00e9s\u00e9re.A k\u00f6rny\u00e9k szakk\u00e9pzett munkaereje szint\u00e9n jelent\u0151s el\u0151ny volt a helysz\u00edn kiv\u00e1laszt\u00e1skor, az ezer \u00faj gy\u00e1ri munkahely mellett egy\u00e9bk\u00e9nt sz\u00e1mos \u00faj munkalehet\u0151s\u00e9g lesz a besz\u00e1ll\u00edt\u00f3kn\u00e1l \u00e9s egy\u00e9b szolg\u00e1ltat\u00f3kn\u00e1l.A lobbier\u0151 hi\u00e1nyaL\u00e9tezik azonban m\u00e1sf\u00e9le \u00e9rtelmez\u00e9s is. Varga Gerg\u0151, a DK t\u00e9rs\u00e9gi koordin\u00e1tora p\u00e9ld\u00e1ul azt mondta\u00a0a N\u00e9pszav\u00e1nak, hogy a miskolci k\u00e9pvisel\u0151k lobbiereje harmatgyenge, \u00e9s olyan projekt el\u0151k\u00e9sz\u00edt\u00e9s\u00e9re k\u00f6lt\u00f6ttek el milli\u00f3kat, amit v\u00e9g\u00fcl elbukott a v\u00e1ros.Az MSZP-s Varga L\u00e1szl\u00f3 a parlamentben k\u00e9rdezte\u00a0meg Orb\u00e1n Viktort\u00f3l, hogy \u0151 pr\u00f3b\u00e1lta-e a szem\u00e9lyes kapcsolatait latba vetni Miskolc \u00e9rdek\u00e9ben. A korm\u00e1nyf\u0151 a konkr\u00e9t v\u00e1lasz helyett csak annyit mondott, hogy meg\u00e9rti, ha a magyar v\u00e1rosok egym\u00e1ssal versengenek a beruh\u00e1z\u00e1sok\u00e9rt, de ebben az esetben nem Miskolc futott versenyt Debrecennel, hanem Magyarorsz\u00e1g Szlov\u00e1ki\u00e1val. (Kor\u00e1bban ugyanis szlov\u00e1k v\u00e1rosok is felmer\u00fcltek lehets\u00e9ges helysz\u00ednk\u00e9nt.) Hozz\u00e1tette: a korm\u00e1ny sz\u00e1m\u00e1ra minden telep\u00fcl\u00e9s egyform\u00e1n fontos, t\u00f6bb miskolci beruh\u00e1z\u00e1s megval\u00f3sul\u00e1s\u00e1ban seg\u00edtett szem\u00e9lyesen.A BMW egy\u00e9bk\u00e9nt t\u00f6bb, mint egymilli\u00e1rd eur\u00f3\u00e9rt, vagyis t\u00f6bb mint 320 milli\u00e1rd forint\u00e9rt fejleszt majd Debrecenben, \u00e9s m\u00e1r a beruh\u00e1z\u00e1s elej\u00e9n t\u00f6bb, mint ezer \u00faj munkahelyet hoz l\u00e9tre a hajd\u00fa-bihari megyesz\u00e9khelyre.<br \/>\n<br \/>\n<!--noindex--><br \/>\n<a href=\"https:\/\/hirek.oldal.info\/rssclick\/14418422\" rel=\"nofollow\">Source link <\/a><br \/>\n<!--\/noindex--><\/p>\n","protected":false},"excerpt":{"rendered":"<p>Az elk\u00e9pzel\u00e9s, hogy Kecskem\u00e9t \u00e9s Gy\u0151r ut\u00e1n itt is megval\u00f3suljon egy munkahelyek ezreit l\u00e9trehoz\u00f3 beruh\u00e1z\u00e1s, kor\u00e1bban m\u00e9g egy\u00e1ltal\u00e1n nem t\u0171nt elk\u00e9pzelhetetlennek.2012-re dat\u00e1lhat\u00f3 az els\u0151, igaz\u00e1n komoly rem\u00e9nysug\u00e1r, amikor a n\u00e9met gazdas\u00e1gi lapok arr\u00f3l \u00edrtak, hogy a BMW Miskolcot is vizsg\u00e1lja, mint lehets\u00e9ges helysz\u00ednt az \u00faj gy\u00e1r\u00e1hoz. Kriza \u00c1kos lek\u00f6sz\u00f6n\u0151 polg\u00e1rmester akkor \u00fagy l\u00e1tta, minden felt\u00e9tel [&hellip;]<\/p>\n","protected":false},"author":2,"featured_media":2463,"comment_status":"open","ping_status":"open","sticky":false,"template":"","format":"standard","meta":{"footnotes":""},"categories":[1],"tags":[],"class_list":["post-2462","post","type-post","status-publish","format-standard","has-post-thumbnail","hentry","category-legujabb-penzugyi-hirek"],"yoast_head":"<!-- This site is optimized with the Yoast SEO plugin v27.4 - https:\/\/yoast.com\/product\/yoast-seo-wordpress\/ -->\n<title>\u00cdgy bukta el Miskolc a BMW-t - Hot News in World<\/title>\n<meta name=\"robots\" content=\"index, follow, max-snippet:-1, max-image-preview:large, max-video-preview:-1\" \/>\n<link rel=\"canonical\" href=\"https:\/\/hotnewsinworld.com\/hu\/igy-bukta-el-miskolc-a-bmw-t\/\" \/>\n<meta property=\"og:locale\" content=\"hu_HU\" \/>\n<meta property=\"og:type\" content=\"article\" \/>\n<meta property=\"og:title\" content=\"\u00cdgy bukta el Miskolc a BMW-t - Hot News in World\" \/>\n<meta property=\"og:description\" content=\"Az elk\u00e9pzel\u00e9s, hogy Kecskem\u00e9t \u00e9s Gy\u0151r ut\u00e1n itt is megval\u00f3suljon egy munkahelyek ezreit l\u00e9trehoz\u00f3 beruh\u00e1z\u00e1s, kor\u00e1bban m\u00e9g egy\u00e1ltal\u00e1n nem t\u0171nt elk\u00e9pzelhetetlennek.2012-re dat\u00e1lhat\u00f3 az els\u0151, igaz\u00e1n komoly rem\u00e9nysug\u00e1r, amikor a n\u00e9met gazdas\u00e1gi lapok arr\u00f3l \u00edrtak, hogy a BMW Miskolcot is vizsg\u00e1lja, mint lehets\u00e9ges helysz\u00ednt az \u00faj gy\u00e1r\u00e1hoz. Kriza \u00c1kos lek\u00f6sz\u00f6n\u0151 polg\u00e1rmester akkor \u00fagy l\u00e1tta, minden felt\u00e9tel [&hellip;]\" \/>\n<meta property=\"og:url\" content=\"https:\/\/hotnewsinworld.com\/hu\/igy-bukta-el-miskolc-a-bmw-t\/\" \/>\n<meta property=\"og:site_name\" content=\"Hot News in World\" \/>\n<meta property=\"article:published_time\" content=\"2019-09-23T02:46:36+00:00\" \/>\n<meta property=\"article:modified_time\" content=\"2019-09-23T02:46:38+00:00\" \/>\n<meta property=\"og:image\" content=\"https:\/\/hotnewsinworld.com\/hu\/wp-content\/uploads\/sites\/3\/2019\/09\/\u00cdgy-bukta-el-Miskolc-a-BMW-t.jpg\" \/>\n\t<meta property=\"og:image:width\" content=\"1200\" \/>\n\t<meta property=\"og:image:height\" content=\"630\" \/>\n\t<meta property=\"og:image:type\" content=\"image\/jpeg\" \/>\n<meta name=\"author\" content=\"hotnewsinworld\" \/>\n<meta name=\"twitter:card\" content=\"summary_large_image\" \/>\n<meta name=\"twitter:label1\" content=\"Szerz\u0151:\" \/>\n\t<meta name=\"twitter:data1\" content=\"hotnewsinworld\" \/>\n\t<meta name=\"twitter:label2\" content=\"Becs\u00fclt olvas\u00e1si id\u0151\" \/>\n\t<meta name=\"twitter:data2\" content=\"4 perc\" \/>\n<script type=\"application\/ld+json\" class=\"yoast-schema-graph\">{\"@context\":\"https:\\\/\\\/schema.org\",\"@graph\":[{\"@type\":\"Article\",\"@id\":\"https:\\\/\\\/hotnewsinworld.com\\\/hu\\\/igy-bukta-el-miskolc-a-bmw-t\\\/#article\",\"isPartOf\":{\"@id\":\"https:\\\/\\\/hotnewsinworld.com\\\/hu\\\/igy-bukta-el-miskolc-a-bmw-t\\\/\"},\"author\":{\"name\":\"hotnewsinworld\",\"@id\":\"https:\\\/\\\/hotnewsinworld.com\\\/hu\\\/#\\\/schema\\\/person\\\/fe61448b21c0d59086e75fcc1f9d8f6b\"},\"headline\":\"\u00cdgy bukta el Miskolc a BMW-t\",\"datePublished\":\"2019-09-23T02:46:36+00:00\",\"dateModified\":\"2019-09-23T02:46:38+00:00\",\"mainEntityOfPage\":{\"@id\":\"https:\\\/\\\/hotnewsinworld.com\\\/hu\\\/igy-bukta-el-miskolc-a-bmw-t\\\/\"},\"wordCount\":770,\"commentCount\":0,\"image\":{\"@id\":\"https:\\\/\\\/hotnewsinworld.com\\\/hu\\\/igy-bukta-el-miskolc-a-bmw-t\\\/#primaryimage\"},\"thumbnailUrl\":\"https:\\\/\\\/hotnewsinworld.com\\\/hu\\\/wp-content\\\/uploads\\\/sites\\\/3\\\/2019\\\/09\\\/\u00cdgy-bukta-el-Miskolc-a-BMW-t.jpg\",\"articleSection\":[\"LEG\u00daJABB P\u00c9NZ\u00dcGYI H\u00cdREK\"],\"inLanguage\":\"hu\",\"potentialAction\":[{\"@type\":\"CommentAction\",\"name\":\"Comment\",\"target\":[\"https:\\\/\\\/hotnewsinworld.com\\\/hu\\\/igy-bukta-el-miskolc-a-bmw-t\\\/#respond\"]}]},{\"@type\":\"WebPage\",\"@id\":\"https:\\\/\\\/hotnewsinworld.com\\\/hu\\\/igy-bukta-el-miskolc-a-bmw-t\\\/\",\"url\":\"https:\\\/\\\/hotnewsinworld.com\\\/hu\\\/igy-bukta-el-miskolc-a-bmw-t\\\/\",\"name\":\"\u00cdgy bukta el Miskolc a BMW-t - Hot News in World\",\"isPartOf\":{\"@id\":\"https:\\\/\\\/hotnewsinworld.com\\\/hu\\\/#website\"},\"primaryImageOfPage\":{\"@id\":\"https:\\\/\\\/hotnewsinworld.com\\\/hu\\\/igy-bukta-el-miskolc-a-bmw-t\\\/#primaryimage\"},\"image\":{\"@id\":\"https:\\\/\\\/hotnewsinworld.com\\\/hu\\\/igy-bukta-el-miskolc-a-bmw-t\\\/#primaryimage\"},\"thumbnailUrl\":\"https:\\\/\\\/hotnewsinworld.com\\\/hu\\\/wp-content\\\/uploads\\\/sites\\\/3\\\/2019\\\/09\\\/\u00cdgy-bukta-el-Miskolc-a-BMW-t.jpg\",\"datePublished\":\"2019-09-23T02:46:36+00:00\",\"dateModified\":\"2019-09-23T02:46:38+00:00\",\"author\":{\"@id\":\"https:\\\/\\\/hotnewsinworld.com\\\/hu\\\/#\\\/schema\\\/person\\\/fe61448b21c0d59086e75fcc1f9d8f6b\"},\"breadcrumb\":{\"@id\":\"https:\\\/\\\/hotnewsinworld.com\\\/hu\\\/igy-bukta-el-miskolc-a-bmw-t\\\/#breadcrumb\"},\"inLanguage\":\"hu\",\"potentialAction\":[{\"@type\":\"ReadAction\",\"target\":[\"https:\\\/\\\/hotnewsinworld.com\\\/hu\\\/igy-bukta-el-miskolc-a-bmw-t\\\/\"]}]},{\"@type\":\"ImageObject\",\"inLanguage\":\"hu\",\"@id\":\"https:\\\/\\\/hotnewsinworld.com\\\/hu\\\/igy-bukta-el-miskolc-a-bmw-t\\\/#primaryimage\",\"url\":\"https:\\\/\\\/hotnewsinworld.com\\\/hu\\\/wp-content\\\/uploads\\\/sites\\\/3\\\/2019\\\/09\\\/\u00cdgy-bukta-el-Miskolc-a-BMW-t.jpg\",\"contentUrl\":\"https:\\\/\\\/hotnewsinworld.com\\\/hu\\\/wp-content\\\/uploads\\\/sites\\\/3\\\/2019\\\/09\\\/\u00cdgy-bukta-el-Miskolc-a-BMW-t.jpg\",\"width\":1200,\"height\":630,\"caption\":\"\u00cdgy bukta el Miskolc a BMW-t\"},{\"@type\":\"BreadcrumbList\",\"@id\":\"https:\\\/\\\/hotnewsinworld.com\\\/hu\\\/igy-bukta-el-miskolc-a-bmw-t\\\/#breadcrumb\",\"itemListElement\":[{\"@type\":\"ListItem\",\"position\":1,\"name\":\"\u0413\u043b\u0430\u0432\u043d\u0430\u044f \u0441\u0442\u0440\u0430\u043d\u0438\u0446\u0430\",\"item\":\"https:\\\/\\\/hotnewsinworld.com\\\/hu\\\/\"},{\"@type\":\"ListItem\",\"position\":2,\"name\":\"\u00cdgy bukta el Miskolc a BMW-t\"}]},{\"@type\":\"WebSite\",\"@id\":\"https:\\\/\\\/hotnewsinworld.com\\\/hu\\\/#website\",\"url\":\"https:\\\/\\\/hotnewsinworld.com\\\/hu\\\/\",\"name\":\"Hot News in World\",\"description\":\"Hot News in World from Hungary\",\"potentialAction\":[{\"@type\":\"SearchAction\",\"target\":{\"@type\":\"EntryPoint\",\"urlTemplate\":\"https:\\\/\\\/hotnewsinworld.com\\\/hu\\\/?s={search_term_string}\"},\"query-input\":{\"@type\":\"PropertyValueSpecification\",\"valueRequired\":true,\"valueName\":\"search_term_string\"}}],\"inLanguage\":\"hu\"},{\"@type\":\"Person\",\"@id\":\"https:\\\/\\\/hotnewsinworld.com\\\/hu\\\/#\\\/schema\\\/person\\\/fe61448b21c0d59086e75fcc1f9d8f6b\",\"name\":\"hotnewsinworld\",\"image\":{\"@type\":\"ImageObject\",\"inLanguage\":\"hu\",\"@id\":\"https:\\\/\\\/secure.gravatar.com\\\/avatar\\\/8a09ac165600ce2e1c38fe593c63928eb1e6e7ba5c5a907d67787c41b3d00c14?s=96&d=mm&r=g\",\"url\":\"https:\\\/\\\/secure.gravatar.com\\\/avatar\\\/8a09ac165600ce2e1c38fe593c63928eb1e6e7ba5c5a907d67787c41b3d00c14?s=96&d=mm&r=g\",\"contentUrl\":\"https:\\\/\\\/secure.gravatar.com\\\/avatar\\\/8a09ac165600ce2e1c38fe593c63928eb1e6e7ba5c5a907d67787c41b3d00c14?s=96&d=mm&r=g\",\"caption\":\"hotnewsinworld\"},\"url\":\"https:\\\/\\\/hotnewsinworld.com\\\/hu\\\/author\\\/pt\\\/\"}]}<\/script>\n<!-- \/ Yoast SEO plugin. -->","yoast_head_json":{"title":"\u00cdgy bukta el Miskolc a BMW-t - Hot News in World","robots":{"index":"index","follow":"follow","max-snippet":"max-snippet:-1","max-image-preview":"max-image-preview:large","max-video-preview":"max-video-preview:-1"},"canonical":"https:\/\/hotnewsinworld.com\/hu\/igy-bukta-el-miskolc-a-bmw-t\/","og_locale":"hu_HU","og_type":"article","og_title":"\u00cdgy bukta el Miskolc a BMW-t - Hot News in World","og_description":"Az elk\u00e9pzel\u00e9s, hogy Kecskem\u00e9t \u00e9s Gy\u0151r ut\u00e1n itt is megval\u00f3suljon egy munkahelyek ezreit l\u00e9trehoz\u00f3 beruh\u00e1z\u00e1s, kor\u00e1bban m\u00e9g egy\u00e1ltal\u00e1n nem t\u0171nt elk\u00e9pzelhetetlennek.2012-re dat\u00e1lhat\u00f3 az els\u0151, igaz\u00e1n komoly rem\u00e9nysug\u00e1r, amikor a n\u00e9met gazdas\u00e1gi lapok arr\u00f3l \u00edrtak, hogy a BMW Miskolcot is vizsg\u00e1lja, mint lehets\u00e9ges helysz\u00ednt az \u00faj gy\u00e1r\u00e1hoz. Kriza \u00c1kos lek\u00f6sz\u00f6n\u0151 polg\u00e1rmester akkor \u00fagy l\u00e1tta, minden felt\u00e9tel [&hellip;]","og_url":"https:\/\/hotnewsinworld.com\/hu\/igy-bukta-el-miskolc-a-bmw-t\/","og_site_name":"Hot News in World","article_published_time":"2019-09-23T02:46:36+00:00","article_modified_time":"2019-09-23T02:46:38+00:00","og_image":[{"width":1200,"height":630,"url":"https:\/\/hotnewsinworld.com\/hu\/wp-content\/uploads\/sites\/3\/2019\/09\/\u00cdgy-bukta-el-Miskolc-a-BMW-t.jpg","type":"image\/jpeg"}],"author":"hotnewsinworld","twitter_card":"summary_large_image","twitter_misc":{"Szerz\u0151:":"hotnewsinworld","Becs\u00fclt olvas\u00e1si id\u0151":"4 perc"},"schema":{"@context":"https:\/\/schema.org","@graph":[{"@type":"Article","@id":"https:\/\/hotnewsinworld.com\/hu\/igy-bukta-el-miskolc-a-bmw-t\/#article","isPartOf":{"@id":"https:\/\/hotnewsinworld.com\/hu\/igy-bukta-el-miskolc-a-bmw-t\/"},"author":{"name":"hotnewsinworld","@id":"https:\/\/hotnewsinworld.com\/hu\/#\/schema\/person\/fe61448b21c0d59086e75fcc1f9d8f6b"},"headline":"\u00cdgy bukta el Miskolc a BMW-t","datePublished":"2019-09-23T02:46:36+00:00","dateModified":"2019-09-23T02:46:38+00:00","mainEntityOfPage":{"@id":"https:\/\/hotnewsinworld.com\/hu\/igy-bukta-el-miskolc-a-bmw-t\/"},"wordCount":770,"commentCount":0,"image":{"@id":"https:\/\/hotnewsinworld.com\/hu\/igy-bukta-el-miskolc-a-bmw-t\/#primaryimage"},"thumbnailUrl":"https:\/\/hotnewsinworld.com\/hu\/wp-content\/uploads\/sites\/3\/2019\/09\/\u00cdgy-bukta-el-Miskolc-a-BMW-t.jpg","articleSection":["LEG\u00daJABB P\u00c9NZ\u00dcGYI H\u00cdREK"],"inLanguage":"hu","potentialAction":[{"@type":"CommentAction","name":"Comment","target":["https:\/\/hotnewsinworld.com\/hu\/igy-bukta-el-miskolc-a-bmw-t\/#respond"]}]},{"@type":"WebPage","@id":"https:\/\/hotnewsinworld.com\/hu\/igy-bukta-el-miskolc-a-bmw-t\/","url":"https:\/\/hotnewsinworld.com\/hu\/igy-bukta-el-miskolc-a-bmw-t\/","name":"\u00cdgy bukta el Miskolc a BMW-t - Hot News in World","isPartOf":{"@id":"https:\/\/hotnewsinworld.com\/hu\/#website"},"primaryImageOfPage":{"@id":"https:\/\/hotnewsinworld.com\/hu\/igy-bukta-el-miskolc-a-bmw-t\/#primaryimage"},"image":{"@id":"https:\/\/hotnewsinworld.com\/hu\/igy-bukta-el-miskolc-a-bmw-t\/#primaryimage"},"thumbnailUrl":"https:\/\/hotnewsinworld.com\/hu\/wp-content\/uploads\/sites\/3\/2019\/09\/\u00cdgy-bukta-el-Miskolc-a-BMW-t.jpg","datePublished":"2019-09-23T02:46:36+00:00","dateModified":"2019-09-23T02:46:38+00:00","author":{"@id":"https:\/\/hotnewsinworld.com\/hu\/#\/schema\/person\/fe61448b21c0d59086e75fcc1f9d8f6b"},"breadcrumb":{"@id":"https:\/\/hotnewsinworld.com\/hu\/igy-bukta-el-miskolc-a-bmw-t\/#breadcrumb"},"inLanguage":"hu","potentialAction":[{"@type":"ReadAction","target":["https:\/\/hotnewsinworld.com\/hu\/igy-bukta-el-miskolc-a-bmw-t\/"]}]},{"@type":"ImageObject","inLanguage":"hu","@id":"https:\/\/hotnewsinworld.com\/hu\/igy-bukta-el-miskolc-a-bmw-t\/#primaryimage","url":"https:\/\/hotnewsinworld.com\/hu\/wp-content\/uploads\/sites\/3\/2019\/09\/\u00cdgy-bukta-el-Miskolc-a-BMW-t.jpg","contentUrl":"https:\/\/hotnewsinworld.com\/hu\/wp-content\/uploads\/sites\/3\/2019\/09\/\u00cdgy-bukta-el-Miskolc-a-BMW-t.jpg","width":1200,"height":630,"caption":"\u00cdgy bukta el Miskolc a BMW-t"},{"@type":"BreadcrumbList","@id":"https:\/\/hotnewsinworld.com\/hu\/igy-bukta-el-miskolc-a-bmw-t\/#breadcrumb","itemListElement":[{"@type":"ListItem","position":1,"name":"\u0413\u043b\u0430\u0432\u043d\u0430\u044f \u0441\u0442\u0440\u0430\u043d\u0438\u0446\u0430","item":"https:\/\/hotnewsinworld.com\/hu\/"},{"@type":"ListItem","position":2,"name":"\u00cdgy bukta el Miskolc a BMW-t"}]},{"@type":"WebSite","@id":"https:\/\/hotnewsinworld.com\/hu\/#website","url":"https:\/\/hotnewsinworld.com\/hu\/","name":"Hot News in World","description":"Hot News in World from Hungary","potentialAction":[{"@type":"SearchAction","target":{"@type":"EntryPoint","urlTemplate":"https:\/\/hotnewsinworld.com\/hu\/?s={search_term_string}"},"query-input":{"@type":"PropertyValueSpecification","valueRequired":true,"valueName":"search_term_string"}}],"inLanguage":"hu"},{"@type":"Person","@id":"https:\/\/hotnewsinworld.com\/hu\/#\/schema\/person\/fe61448b21c0d59086e75fcc1f9d8f6b","name":"hotnewsinworld","image":{"@type":"ImageObject","inLanguage":"hu","@id":"https:\/\/secure.gravatar.com\/avatar\/8a09ac165600ce2e1c38fe593c63928eb1e6e7ba5c5a907d67787c41b3d00c14?s=96&d=mm&r=g","url":"https:\/\/secure.gravatar.com\/avatar\/8a09ac165600ce2e1c38fe593c63928eb1e6e7ba5c5a907d67787c41b3d00c14?s=96&d=mm&r=g","contentUrl":"https:\/\/secure.gravatar.com\/avatar\/8a09ac165600ce2e1c38fe593c63928eb1e6e7ba5c5a907d67787c41b3d00c14?s=96&d=mm&r=g","caption":"hotnewsinworld"},"url":"https:\/\/hotnewsinworld.com\/hu\/author\/pt\/"}]}},"_links":{"self":[{"href":"https:\/\/hotnewsinworld.com\/hu\/wp-json\/wp\/v2\/posts\/2462","targetHints":{"allow":["GET"]}}],"collection":[{"href":"https:\/\/hotnewsinworld.com\/hu\/wp-json\/wp\/v2\/posts"}],"about":[{"href":"https:\/\/hotnewsinworld.com\/hu\/wp-json\/wp\/v2\/types\/post"}],"author":[{"embeddable":true,"href":"https:\/\/hotnewsinworld.com\/hu\/wp-json\/wp\/v2\/users\/2"}],"replies":[{"embeddable":true,"href":"https:\/\/hotnewsinworld.com\/hu\/wp-json\/wp\/v2\/comments?post=2462"}],"version-history":[{"count":1,"href":"https:\/\/hotnewsinworld.com\/hu\/wp-json\/wp\/v2\/posts\/2462\/revisions"}],"predecessor-version":[{"id":2464,"href":"https:\/\/hotnewsinworld.com\/hu\/wp-json\/wp\/v2\/posts\/2462\/revisions\/2464"}],"wp:featuredmedia":[{"embeddable":true,"href":"https:\/\/hotnewsinworld.com\/hu\/wp-json\/wp\/v2\/media\/2463"}],"wp:attachment":[{"href":"https:\/\/hotnewsinworld.com\/hu\/wp-json\/wp\/v2\/media?parent=2462"}],"wp:term":[{"taxonomy":"category","embeddable":true,"href":"https:\/\/hotnewsinworld.com\/hu\/wp-json\/wp\/v2\/categories?post=2462"},{"taxonomy":"post_tag","embeddable":true,"href":"https:\/\/hotnewsinworld.com\/hu\/wp-json\/wp\/v2\/tags?post=2462"}],"curies":[{"name":"wp","href":"https:\/\/api.w.org\/{rel}","templated":true}]}}