{"id":2477,"date":"2019-09-23T12:46:23","date_gmt":"2019-09-23T09:46:23","guid":{"rendered":"https:\/\/hotnewsinworld.com\/hu\/karacsony-gergely-a-kormany-gyuloli-budapestet\/"},"modified":"2019-09-23T12:46:25","modified_gmt":"2019-09-23T09:46:25","slug":"karacsony-gergely-a-kormany-gyuloli-budapestet","status":"publish","type":"post","link":"https:\/\/hotnewsinworld.com\/hu\/karacsony-gergely-a-kormany-gyuloli-budapestet\/","title":{"rendered":"Kar\u00e1csony Gergely: A korm\u00e1ny gy\u0171l\u00f6li Budapestet"},"content":{"rendered":"<p>2019. szeptember 23. 11:39<br \/>\n                            Ez a v\u00e1ros el van ad\u00f3sodva \u00e9s ki van v\u00e9reztetve \u2013 v\u00e9lekedett Kar\u00e1csony Gergely.<\/p>\n<p>                            Az ellenz\u00e9ki f\u0151polg\u00e1rmester-jel\u00f6lt az ATV Egyenes besz\u00e9d c\u00edm\u0171 m\u0171sor\u00e1ban arr\u00f3l besz\u00e9lt, hogy szerinte Guly\u00e1s Gergely \u00e9s Tarl\u00f3s Istv\u00e1n \u00fagy tekint a f\u0151v\u00e1rosra, mint \u201eannak idej\u00e9n a f\u00f6ldesurak a jobb\u00e1gyaikra \u00e9s a birodalmaikra\u201d. Kar\u00e1csony hozz\u00e1tette, hogy a minisztereln\u00f6ks\u00e9get vezet\u0151 miniszter kijelent\u00e9se\u00a0miatt a K\u00fari\u00e1ig mennek \u00e9s b\u00edznak benne, hogy tal\u00e1n ott kimondj\u00e1k, hogy ez egy \u201ehat\u00e1r\u00e1tl\u00e9p\u00e9s\u201d volt.<\/p>\n<p>Kar\u00e1csony Gergely arr\u00f3l is besz\u00e9lt, hogy b\u00fcszke a zugl\u00f3i teljes\u00edtm\u00e9ny\u00e9re. \u00dagy fogalmazott, hogy \u201eaz elm\u00falt \u00e9vtizedek legnagyobb int\u00e9zm\u00e9nyfel\u00faj\u00edt\u00e1s\u00e1t, a legnagyobb k\u00f6zpark fel\u00faj\u00edt\u00e1st \u00e9s az elm\u00falt 30 \u00e9v legnagyobb eg\u00e9szs\u00e9g\u00fcgyi fejleszt\u00e9s\u00e9t csin\u00e1lt\u00e1k meg. Kar\u00e1csony hozz\u00e1tette, hogy szerinte az eg\u00e9sz orsz\u00e1gban h\u00edres a zugl\u00f3i szoci\u00e1lis modell\u201d.<\/p>\n<p>Kar\u00e1csony Gergely szerint Tarl\u00f3s Istv\u00e1n kiv\u00e9reztette a f\u0151v\u00e1rost \u00e9s mindenben kiszolg\u00e1lta a korm\u00e1nyt.\u00a0A f\u0151polg\u00e1rmester-jel\u00f6lt szerint Tarl\u00f3s egyetlen kamp\u00e1ny\u00edg\u00e9rete, hogy j\u00f3ban van a korm\u00e1nnyal. Szerinte nem a korm\u00e1nnyal, hanem a budapestiekkel k\u00e9ne j\u00f3ban lennie.\u00a0<\/p>\n<p>Puzs\u00e9r R\u00f3bert kijelent\u00e9seire, miszerint a parkol\u00e1si maffia p\u00e9nzeli a kamp\u00e1ny\u00e1t azt mondta, hogy ha van ilyen, akkor az a Fideszn\u00e9l fordulhat el\u0151. Hozz\u00e1tette, hogy ez egy olyan abszurd v\u00e1d, hogy k\u00e1r is r\u00f3la besz\u00e9lni. \u00dagy folytatta, hogy az \u0151 kamp\u00e1nyb\u00fcdzs\u00e9j\u00e9t az ellenz\u00e9ki p\u00e1rtok \u00e9s mikroadom\u00e1nyok teszik ki.\u00a0<\/p>\n<p>A programj\u00e1r\u00f3l is besz\u00e9lt a m\u0171sorban. Azt mondta t\u00f6bb helyr\u0151l is vett \u00e1t programelemeket.\u00a0Horv\u00e1th Csaba programj\u00e1b\u00f3l p\u00e9ld\u00e1ul azt emelte be a saj\u00e1tj\u00e1ba, hogy\u00a0minden megsz\u00fcletett gyerek ut\u00e1n \u00fcltetn\u00e9nek\u00a0egy f\u00e1t Budapesten.\u00a0A\u00a0Momentum programj\u00e1b\u00f3l egy antikorrupci\u00f3s v\u00e1llal\u00e1st, K\u00e1lm\u00e1n Olga programj\u00e1b\u00f3l pedig egy eg\u00e9szs\u00e9g\u00fcgyi \u00e9s a k\u00f6z\u00f6ss\u00e9gi k\u00f6zleked\u00e9ssel kapcsolatos programokat vette \u00e1t.\u00a0<\/p>\n<p>\n<!--noindex--><br \/>\n<a href=\"https:\/\/hirek.oldal.info\/rssclick\/14419488\" rel=\"nofollow\">Source link <\/a><br \/>\n<!--\/noindex--><\/p>\n","protected":false},"excerpt":{"rendered":"<p>2019. szeptember 23. 11:39 Ez a v\u00e1ros el van ad\u00f3sodva \u00e9s ki van v\u00e9reztetve \u2013 v\u00e9lekedett Kar\u00e1csony Gergely. Az ellenz\u00e9ki f\u0151polg\u00e1rmester-jel\u00f6lt az ATV Egyenes besz\u00e9d c\u00edm\u0171 m\u0171sor\u00e1ban arr\u00f3l besz\u00e9lt, hogy szerinte Guly\u00e1s Gergely \u00e9s Tarl\u00f3s Istv\u00e1n \u00fagy tekint a f\u0151v\u00e1rosra, mint \u201eannak idej\u00e9n a f\u00f6ldesurak a jobb\u00e1gyaikra \u00e9s a birodalmaikra\u201d. Kar\u00e1csony hozz\u00e1tette, hogy a minisztereln\u00f6ks\u00e9get [&hellip;]<\/p>\n","protected":false},"author":2,"featured_media":2478,"comment_status":"open","ping_status":"open","sticky":false,"template":"","format":"standard","meta":{"footnotes":""},"categories":[1],"tags":[],"class_list":["post-2477","post","type-post","status-publish","format-standard","has-post-thumbnail","hentry","category-legujabb-penzugyi-hirek"],"yoast_head":"<!-- This site is optimized with the Yoast SEO plugin v27.4 - https:\/\/yoast.com\/product\/yoast-seo-wordpress\/ -->\n<title>Kar\u00e1csony Gergely: A korm\u00e1ny gy\u0171l\u00f6li Budapestet - Hot News in World<\/title>\n<meta name=\"robots\" content=\"index, follow, max-snippet:-1, max-image-preview:large, max-video-preview:-1\" \/>\n<link rel=\"canonical\" href=\"https:\/\/hotnewsinworld.com\/hu\/karacsony-gergely-a-kormany-gyuloli-budapestet\/\" \/>\n<meta property=\"og:locale\" content=\"hu_HU\" \/>\n<meta property=\"og:type\" content=\"article\" \/>\n<meta property=\"og:title\" content=\"Kar\u00e1csony Gergely: A korm\u00e1ny gy\u0171l\u00f6li Budapestet - Hot News in World\" \/>\n<meta property=\"og:description\" content=\"2019. szeptember 23. 11:39 Ez a v\u00e1ros el van ad\u00f3sodva \u00e9s ki van v\u00e9reztetve \u2013 v\u00e9lekedett Kar\u00e1csony Gergely. Az ellenz\u00e9ki f\u0151polg\u00e1rmester-jel\u00f6lt az ATV Egyenes besz\u00e9d c\u00edm\u0171 m\u0171sor\u00e1ban arr\u00f3l besz\u00e9lt, hogy szerinte Guly\u00e1s Gergely \u00e9s Tarl\u00f3s Istv\u00e1n \u00fagy tekint a f\u0151v\u00e1rosra, mint \u201eannak idej\u00e9n a f\u00f6ldesurak a jobb\u00e1gyaikra \u00e9s a birodalmaikra\u201d. Kar\u00e1csony hozz\u00e1tette, hogy a minisztereln\u00f6ks\u00e9get [&hellip;]\" \/>\n<meta property=\"og:url\" content=\"https:\/\/hotnewsinworld.com\/hu\/karacsony-gergely-a-kormany-gyuloli-budapestet\/\" \/>\n<meta property=\"og:site_name\" content=\"Hot News in World\" \/>\n<meta property=\"article:published_time\" content=\"2019-09-23T09:46:23+00:00\" \/>\n<meta property=\"article:modified_time\" content=\"2019-09-23T09:46:25+00:00\" \/>\n<meta property=\"og:image\" content=\"https:\/\/hotnewsinworld.com\/hu\/wp-content\/uploads\/sites\/3\/2019\/09\/Kar\u00e1csony-Gergely-A-korm\u00e1ny-gy\u0171l\u00f6li-Budapestet.png\" \/>\n\t<meta property=\"og:image:width\" content=\"1200\" \/>\n\t<meta property=\"og:image:height\" content=\"675\" \/>\n\t<meta property=\"og:image:type\" content=\"image\/png\" \/>\n<meta name=\"author\" content=\"hotnewsinworld\" \/>\n<meta name=\"twitter:card\" content=\"summary_large_image\" \/>\n<meta name=\"twitter:label1\" content=\"Szerz\u0151:\" \/>\n\t<meta name=\"twitter:data1\" content=\"hotnewsinworld\" \/>\n\t<meta name=\"twitter:label2\" content=\"Becs\u00fclt olvas\u00e1si id\u0151\" \/>\n\t<meta name=\"twitter:data2\" content=\"2 perc\" \/>\n<script type=\"application\/ld+json\" class=\"yoast-schema-graph\">{\"@context\":\"https:\\\/\\\/schema.org\",\"@graph\":[{\"@type\":\"Article\",\"@id\":\"https:\\\/\\\/hotnewsinworld.com\\\/hu\\\/karacsony-gergely-a-kormany-gyuloli-budapestet\\\/#article\",\"isPartOf\":{\"@id\":\"https:\\\/\\\/hotnewsinworld.com\\\/hu\\\/karacsony-gergely-a-kormany-gyuloli-budapestet\\\/\"},\"author\":{\"name\":\"hotnewsinworld\",\"@id\":\"https:\\\/\\\/hotnewsinworld.com\\\/hu\\\/#\\\/schema\\\/person\\\/fe61448b21c0d59086e75fcc1f9d8f6b\"},\"headline\":\"Kar\u00e1csony Gergely: A korm\u00e1ny gy\u0171l\u00f6li Budapestet\",\"datePublished\":\"2019-09-23T09:46:23+00:00\",\"dateModified\":\"2019-09-23T09:46:25+00:00\",\"mainEntityOfPage\":{\"@id\":\"https:\\\/\\\/hotnewsinworld.com\\\/hu\\\/karacsony-gergely-a-kormany-gyuloli-budapestet\\\/\"},\"wordCount\":402,\"commentCount\":0,\"image\":{\"@id\":\"https:\\\/\\\/hotnewsinworld.com\\\/hu\\\/karacsony-gergely-a-kormany-gyuloli-budapestet\\\/#primaryimage\"},\"thumbnailUrl\":\"https:\\\/\\\/hotnewsinworld.com\\\/hu\\\/wp-content\\\/uploads\\\/sites\\\/3\\\/2019\\\/09\\\/Kar\u00e1csony-Gergely-A-korm\u00e1ny-gy\u0171l\u00f6li-Budapestet.png\",\"articleSection\":[\"LEG\u00daJABB P\u00c9NZ\u00dcGYI H\u00cdREK\"],\"inLanguage\":\"hu\",\"potentialAction\":[{\"@type\":\"CommentAction\",\"name\":\"Comment\",\"target\":[\"https:\\\/\\\/hotnewsinworld.com\\\/hu\\\/karacsony-gergely-a-kormany-gyuloli-budapestet\\\/#respond\"]}]},{\"@type\":\"WebPage\",\"@id\":\"https:\\\/\\\/hotnewsinworld.com\\\/hu\\\/karacsony-gergely-a-kormany-gyuloli-budapestet\\\/\",\"url\":\"https:\\\/\\\/hotnewsinworld.com\\\/hu\\\/karacsony-gergely-a-kormany-gyuloli-budapestet\\\/\",\"name\":\"Kar\u00e1csony Gergely: A korm\u00e1ny gy\u0171l\u00f6li Budapestet - Hot News in World\",\"isPartOf\":{\"@id\":\"https:\\\/\\\/hotnewsinworld.com\\\/hu\\\/#website\"},\"primaryImageOfPage\":{\"@id\":\"https:\\\/\\\/hotnewsinworld.com\\\/hu\\\/karacsony-gergely-a-kormany-gyuloli-budapestet\\\/#primaryimage\"},\"image\":{\"@id\":\"https:\\\/\\\/hotnewsinworld.com\\\/hu\\\/karacsony-gergely-a-kormany-gyuloli-budapestet\\\/#primaryimage\"},\"thumbnailUrl\":\"https:\\\/\\\/hotnewsinworld.com\\\/hu\\\/wp-content\\\/uploads\\\/sites\\\/3\\\/2019\\\/09\\\/Kar\u00e1csony-Gergely-A-korm\u00e1ny-gy\u0171l\u00f6li-Budapestet.png\",\"datePublished\":\"2019-09-23T09:46:23+00:00\",\"dateModified\":\"2019-09-23T09:46:25+00:00\",\"author\":{\"@id\":\"https:\\\/\\\/hotnewsinworld.com\\\/hu\\\/#\\\/schema\\\/person\\\/fe61448b21c0d59086e75fcc1f9d8f6b\"},\"breadcrumb\":{\"@id\":\"https:\\\/\\\/hotnewsinworld.com\\\/hu\\\/karacsony-gergely-a-kormany-gyuloli-budapestet\\\/#breadcrumb\"},\"inLanguage\":\"hu\",\"potentialAction\":[{\"@type\":\"ReadAction\",\"target\":[\"https:\\\/\\\/hotnewsinworld.com\\\/hu\\\/karacsony-gergely-a-kormany-gyuloli-budapestet\\\/\"]}]},{\"@type\":\"ImageObject\",\"inLanguage\":\"hu\",\"@id\":\"https:\\\/\\\/hotnewsinworld.com\\\/hu\\\/karacsony-gergely-a-kormany-gyuloli-budapestet\\\/#primaryimage\",\"url\":\"https:\\\/\\\/hotnewsinworld.com\\\/hu\\\/wp-content\\\/uploads\\\/sites\\\/3\\\/2019\\\/09\\\/Kar\u00e1csony-Gergely-A-korm\u00e1ny-gy\u0171l\u00f6li-Budapestet.png\",\"contentUrl\":\"https:\\\/\\\/hotnewsinworld.com\\\/hu\\\/wp-content\\\/uploads\\\/sites\\\/3\\\/2019\\\/09\\\/Kar\u00e1csony-Gergely-A-korm\u00e1ny-gy\u0171l\u00f6li-Budapestet.png\",\"width\":1200,\"height\":675,\"caption\":\"Kar\u00e1csony Gergely: A korm\u00e1ny gy\u0171l\u00f6li Budapestet\"},{\"@type\":\"BreadcrumbList\",\"@id\":\"https:\\\/\\\/hotnewsinworld.com\\\/hu\\\/karacsony-gergely-a-kormany-gyuloli-budapestet\\\/#breadcrumb\",\"itemListElement\":[{\"@type\":\"ListItem\",\"position\":1,\"name\":\"\u0413\u043b\u0430\u0432\u043d\u0430\u044f \u0441\u0442\u0440\u0430\u043d\u0438\u0446\u0430\",\"item\":\"https:\\\/\\\/hotnewsinworld.com\\\/hu\\\/\"},{\"@type\":\"ListItem\",\"position\":2,\"name\":\"Kar\u00e1csony Gergely: A korm\u00e1ny gy\u0171l\u00f6li Budapestet\"}]},{\"@type\":\"WebSite\",\"@id\":\"https:\\\/\\\/hotnewsinworld.com\\\/hu\\\/#website\",\"url\":\"https:\\\/\\\/hotnewsinworld.com\\\/hu\\\/\",\"name\":\"Hot News in World\",\"description\":\"Hot News in World from Hungary\",\"potentialAction\":[{\"@type\":\"SearchAction\",\"target\":{\"@type\":\"EntryPoint\",\"urlTemplate\":\"https:\\\/\\\/hotnewsinworld.com\\\/hu\\\/?s={search_term_string}\"},\"query-input\":{\"@type\":\"PropertyValueSpecification\",\"valueRequired\":true,\"valueName\":\"search_term_string\"}}],\"inLanguage\":\"hu\"},{\"@type\":\"Person\",\"@id\":\"https:\\\/\\\/hotnewsinworld.com\\\/hu\\\/#\\\/schema\\\/person\\\/fe61448b21c0d59086e75fcc1f9d8f6b\",\"name\":\"hotnewsinworld\",\"image\":{\"@type\":\"ImageObject\",\"inLanguage\":\"hu\",\"@id\":\"https:\\\/\\\/secure.gravatar.com\\\/avatar\\\/8a09ac165600ce2e1c38fe593c63928eb1e6e7ba5c5a907d67787c41b3d00c14?s=96&d=mm&r=g\",\"url\":\"https:\\\/\\\/secure.gravatar.com\\\/avatar\\\/8a09ac165600ce2e1c38fe593c63928eb1e6e7ba5c5a907d67787c41b3d00c14?s=96&d=mm&r=g\",\"contentUrl\":\"https:\\\/\\\/secure.gravatar.com\\\/avatar\\\/8a09ac165600ce2e1c38fe593c63928eb1e6e7ba5c5a907d67787c41b3d00c14?s=96&d=mm&r=g\",\"caption\":\"hotnewsinworld\"},\"url\":\"https:\\\/\\\/hotnewsinworld.com\\\/hu\\\/author\\\/pt\\\/\"}]}<\/script>\n<!-- \/ Yoast SEO plugin. -->","yoast_head_json":{"title":"Kar\u00e1csony Gergely: A korm\u00e1ny gy\u0171l\u00f6li Budapestet - Hot News in World","robots":{"index":"index","follow":"follow","max-snippet":"max-snippet:-1","max-image-preview":"max-image-preview:large","max-video-preview":"max-video-preview:-1"},"canonical":"https:\/\/hotnewsinworld.com\/hu\/karacsony-gergely-a-kormany-gyuloli-budapestet\/","og_locale":"hu_HU","og_type":"article","og_title":"Kar\u00e1csony Gergely: A korm\u00e1ny gy\u0171l\u00f6li Budapestet - Hot News in World","og_description":"2019. szeptember 23. 11:39 Ez a v\u00e1ros el van ad\u00f3sodva \u00e9s ki van v\u00e9reztetve \u2013 v\u00e9lekedett Kar\u00e1csony Gergely. Az ellenz\u00e9ki f\u0151polg\u00e1rmester-jel\u00f6lt az ATV Egyenes besz\u00e9d c\u00edm\u0171 m\u0171sor\u00e1ban arr\u00f3l besz\u00e9lt, hogy szerinte Guly\u00e1s Gergely \u00e9s Tarl\u00f3s Istv\u00e1n \u00fagy tekint a f\u0151v\u00e1rosra, mint \u201eannak idej\u00e9n a f\u00f6ldesurak a jobb\u00e1gyaikra \u00e9s a birodalmaikra\u201d. Kar\u00e1csony hozz\u00e1tette, hogy a minisztereln\u00f6ks\u00e9get [&hellip;]","og_url":"https:\/\/hotnewsinworld.com\/hu\/karacsony-gergely-a-kormany-gyuloli-budapestet\/","og_site_name":"Hot News in World","article_published_time":"2019-09-23T09:46:23+00:00","article_modified_time":"2019-09-23T09:46:25+00:00","og_image":[{"width":1200,"height":675,"url":"https:\/\/hotnewsinworld.com\/hu\/wp-content\/uploads\/sites\/3\/2019\/09\/Kar\u00e1csony-Gergely-A-korm\u00e1ny-gy\u0171l\u00f6li-Budapestet.png","type":"image\/png"}],"author":"hotnewsinworld","twitter_card":"summary_large_image","twitter_misc":{"Szerz\u0151:":"hotnewsinworld","Becs\u00fclt olvas\u00e1si id\u0151":"2 perc"},"schema":{"@context":"https:\/\/schema.org","@graph":[{"@type":"Article","@id":"https:\/\/hotnewsinworld.com\/hu\/karacsony-gergely-a-kormany-gyuloli-budapestet\/#article","isPartOf":{"@id":"https:\/\/hotnewsinworld.com\/hu\/karacsony-gergely-a-kormany-gyuloli-budapestet\/"},"author":{"name":"hotnewsinworld","@id":"https:\/\/hotnewsinworld.com\/hu\/#\/schema\/person\/fe61448b21c0d59086e75fcc1f9d8f6b"},"headline":"Kar\u00e1csony Gergely: A korm\u00e1ny gy\u0171l\u00f6li Budapestet","datePublished":"2019-09-23T09:46:23+00:00","dateModified":"2019-09-23T09:46:25+00:00","mainEntityOfPage":{"@id":"https:\/\/hotnewsinworld.com\/hu\/karacsony-gergely-a-kormany-gyuloli-budapestet\/"},"wordCount":402,"commentCount":0,"image":{"@id":"https:\/\/hotnewsinworld.com\/hu\/karacsony-gergely-a-kormany-gyuloli-budapestet\/#primaryimage"},"thumbnailUrl":"https:\/\/hotnewsinworld.com\/hu\/wp-content\/uploads\/sites\/3\/2019\/09\/Kar\u00e1csony-Gergely-A-korm\u00e1ny-gy\u0171l\u00f6li-Budapestet.png","articleSection":["LEG\u00daJABB P\u00c9NZ\u00dcGYI H\u00cdREK"],"inLanguage":"hu","potentialAction":[{"@type":"CommentAction","name":"Comment","target":["https:\/\/hotnewsinworld.com\/hu\/karacsony-gergely-a-kormany-gyuloli-budapestet\/#respond"]}]},{"@type":"WebPage","@id":"https:\/\/hotnewsinworld.com\/hu\/karacsony-gergely-a-kormany-gyuloli-budapestet\/","url":"https:\/\/hotnewsinworld.com\/hu\/karacsony-gergely-a-kormany-gyuloli-budapestet\/","name":"Kar\u00e1csony Gergely: A korm\u00e1ny gy\u0171l\u00f6li Budapestet - Hot News in World","isPartOf":{"@id":"https:\/\/hotnewsinworld.com\/hu\/#website"},"primaryImageOfPage":{"@id":"https:\/\/hotnewsinworld.com\/hu\/karacsony-gergely-a-kormany-gyuloli-budapestet\/#primaryimage"},"image":{"@id":"https:\/\/hotnewsinworld.com\/hu\/karacsony-gergely-a-kormany-gyuloli-budapestet\/#primaryimage"},"thumbnailUrl":"https:\/\/hotnewsinworld.com\/hu\/wp-content\/uploads\/sites\/3\/2019\/09\/Kar\u00e1csony-Gergely-A-korm\u00e1ny-gy\u0171l\u00f6li-Budapestet.png","datePublished":"2019-09-23T09:46:23+00:00","dateModified":"2019-09-23T09:46:25+00:00","author":{"@id":"https:\/\/hotnewsinworld.com\/hu\/#\/schema\/person\/fe61448b21c0d59086e75fcc1f9d8f6b"},"breadcrumb":{"@id":"https:\/\/hotnewsinworld.com\/hu\/karacsony-gergely-a-kormany-gyuloli-budapestet\/#breadcrumb"},"inLanguage":"hu","potentialAction":[{"@type":"ReadAction","target":["https:\/\/hotnewsinworld.com\/hu\/karacsony-gergely-a-kormany-gyuloli-budapestet\/"]}]},{"@type":"ImageObject","inLanguage":"hu","@id":"https:\/\/hotnewsinworld.com\/hu\/karacsony-gergely-a-kormany-gyuloli-budapestet\/#primaryimage","url":"https:\/\/hotnewsinworld.com\/hu\/wp-content\/uploads\/sites\/3\/2019\/09\/Kar\u00e1csony-Gergely-A-korm\u00e1ny-gy\u0171l\u00f6li-Budapestet.png","contentUrl":"https:\/\/hotnewsinworld.com\/hu\/wp-content\/uploads\/sites\/3\/2019\/09\/Kar\u00e1csony-Gergely-A-korm\u00e1ny-gy\u0171l\u00f6li-Budapestet.png","width":1200,"height":675,"caption":"Kar\u00e1csony Gergely: A korm\u00e1ny gy\u0171l\u00f6li Budapestet"},{"@type":"BreadcrumbList","@id":"https:\/\/hotnewsinworld.com\/hu\/karacsony-gergely-a-kormany-gyuloli-budapestet\/#breadcrumb","itemListElement":[{"@type":"ListItem","position":1,"name":"\u0413\u043b\u0430\u0432\u043d\u0430\u044f \u0441\u0442\u0440\u0430\u043d\u0438\u0446\u0430","item":"https:\/\/hotnewsinworld.com\/hu\/"},{"@type":"ListItem","position":2,"name":"Kar\u00e1csony Gergely: A korm\u00e1ny gy\u0171l\u00f6li Budapestet"}]},{"@type":"WebSite","@id":"https:\/\/hotnewsinworld.com\/hu\/#website","url":"https:\/\/hotnewsinworld.com\/hu\/","name":"Hot News in World","description":"Hot News in World from Hungary","potentialAction":[{"@type":"SearchAction","target":{"@type":"EntryPoint","urlTemplate":"https:\/\/hotnewsinworld.com\/hu\/?s={search_term_string}"},"query-input":{"@type":"PropertyValueSpecification","valueRequired":true,"valueName":"search_term_string"}}],"inLanguage":"hu"},{"@type":"Person","@id":"https:\/\/hotnewsinworld.com\/hu\/#\/schema\/person\/fe61448b21c0d59086e75fcc1f9d8f6b","name":"hotnewsinworld","image":{"@type":"ImageObject","inLanguage":"hu","@id":"https:\/\/secure.gravatar.com\/avatar\/8a09ac165600ce2e1c38fe593c63928eb1e6e7ba5c5a907d67787c41b3d00c14?s=96&d=mm&r=g","url":"https:\/\/secure.gravatar.com\/avatar\/8a09ac165600ce2e1c38fe593c63928eb1e6e7ba5c5a907d67787c41b3d00c14?s=96&d=mm&r=g","contentUrl":"https:\/\/secure.gravatar.com\/avatar\/8a09ac165600ce2e1c38fe593c63928eb1e6e7ba5c5a907d67787c41b3d00c14?s=96&d=mm&r=g","caption":"hotnewsinworld"},"url":"https:\/\/hotnewsinworld.com\/hu\/author\/pt\/"}]}},"_links":{"self":[{"href":"https:\/\/hotnewsinworld.com\/hu\/wp-json\/wp\/v2\/posts\/2477","targetHints":{"allow":["GET"]}}],"collection":[{"href":"https:\/\/hotnewsinworld.com\/hu\/wp-json\/wp\/v2\/posts"}],"about":[{"href":"https:\/\/hotnewsinworld.com\/hu\/wp-json\/wp\/v2\/types\/post"}],"author":[{"embeddable":true,"href":"https:\/\/hotnewsinworld.com\/hu\/wp-json\/wp\/v2\/users\/2"}],"replies":[{"embeddable":true,"href":"https:\/\/hotnewsinworld.com\/hu\/wp-json\/wp\/v2\/comments?post=2477"}],"version-history":[{"count":1,"href":"https:\/\/hotnewsinworld.com\/hu\/wp-json\/wp\/v2\/posts\/2477\/revisions"}],"predecessor-version":[{"id":2479,"href":"https:\/\/hotnewsinworld.com\/hu\/wp-json\/wp\/v2\/posts\/2477\/revisions\/2479"}],"wp:featuredmedia":[{"embeddable":true,"href":"https:\/\/hotnewsinworld.com\/hu\/wp-json\/wp\/v2\/media\/2478"}],"wp:attachment":[{"href":"https:\/\/hotnewsinworld.com\/hu\/wp-json\/wp\/v2\/media?parent=2477"}],"wp:term":[{"taxonomy":"category","embeddable":true,"href":"https:\/\/hotnewsinworld.com\/hu\/wp-json\/wp\/v2\/categories?post=2477"},{"taxonomy":"post_tag","embeddable":true,"href":"https:\/\/hotnewsinworld.com\/hu\/wp-json\/wp\/v2\/tags?post=2477"}],"curies":[{"name":"wp","href":"https:\/\/api.w.org\/{rel}","templated":true}]}}