{"id":2483,"date":"2019-09-23T15:38:40","date_gmt":"2019-09-23T12:38:40","guid":{"rendered":"https:\/\/hotnewsinworld.com\/hu\/nepszava-az-ellenzek-szerint-a-vilagoroksegi-ingatlanokat-is-at-akarjak-jatszani-a-ner-oligarchia-kezebe\/"},"modified":"2019-09-23T15:38:42","modified_gmt":"2019-09-23T12:38:42","slug":"nepszava-az-ellenzek-szerint-a-vilagoroksegi-ingatlanokat-is-at-akarjak-jatszani-a-ner-oligarchia-kezebe","status":"publish","type":"post","link":"https:\/\/hotnewsinworld.com\/hu\/nepszava-az-ellenzek-szerint-a-vilagoroksegi-ingatlanokat-is-at-akarjak-jatszani-a-ner-oligarchia-kezebe\/","title":{"rendered":"N\u00e9pszava Az ellenz\u00e9k szerint a vil\u00e1g\u00f6r\u00f6ks\u00e9gi ingatlanokat is \u00e1t akarj\u00e1k j\u00e1tszani \u201ea NER-oligarchia kez\u00e9be\u201d"},"content":{"rendered":"<p>Hogy-hogy nem, rossz helyre tov\u00e1bb\u00edtott\u00e1k k\u00e9relm\u00fcket, majd tov\u00e1bbi pontos\u00edt\u00e1sokat v\u00e1rtak t\u0151l\u00fck.A hivatali pack\u00e1z\u00e1s eredm\u00e9nyek\u00e9nt val\u00f3sz\u00edn\u0171leg m\u00e1r csak az okt\u00f3ber 13-\u00e1n esed\u00e9kes v\u00e1laszt\u00e1sok ut\u00e1n kaphat enged\u00e9lyt plak\u00e1tol\u00e1sra a szeksz\u00e1rdi ellenz\u00e9k, aminek megl\u00e9v\u0151 hirdet\u00e9seit is szorgalmasan leszedeti a fideszes \u00f6nkorm\u00e1nyzat \u2013 tudta meg a Magyar Hang.A k\u00e9relem rossz helyre megy, a v\u00e1lasz heteket k\u00e9sikAz ellenz\u00e9ki polg\u00e1rmesterjel\u00f6lt, Bomba G\u00e1bor a lapnak nyilatkozva elmondta, Az \u00c9ljen Szeksz\u00e1rd Egyes\u00fclet augusztus 29-\u00e9n adta be hozz\u00e1j\u00e1rul\u00e1si k\u00e9relm\u00e9t a plak\u00e1tok kihelyez\u00e9s\u00e9re, amit a jegyz\u0151 \u201ev\u00e9letlen\u00fcl\u201d a Polg\u00e1rmesteri Hivatal egy olyan igazgat\u00f3s\u00e1g\u00e1nak (V\u00e1rosfejleszt\u00e9si \u00e9s \u00dczemeltet\u00e9si Igazgat\u00f3s\u00e1g) adott \u00e1t, ami nem volt illet\u00e9kes az \u00fcgyben.\u00a0Csak k\u00e9t h\u00e9ttel k\u00e9s\u0151bb, szeptember 12-\u00e9n kapott a szervezet \u2013 postai \u00faton \u2013 \u00e9rtes\u00edt\u00e9st arr\u00f3l, hogy \u0151k nem illet\u00e9kesek az \u00fcgyben, ez\u00e9rtny\u00fajtsuk be k\u00e9relm\u00fcnket \u00fajra az \u00e1ltaluk megnevezett oszt\u00e1lynak, ami egy\u00e9bk\u00e9nt az igazgat\u00f3s\u00e1g ir\u00e1ny\u00edt\u00e1sa alatt \u00e1ll \u2013 v\u00e1zolta az abszurd helyzetet Bomba.Pontosan melyik villanyoszlopon kamp\u00e1nyoln\u00e1nak?A polg\u00e1rmesterjel\u00f6lt szerint szeptember 20-\u00e1n, azaz m\u00falt p\u00e9nteken \u00fajabb levelet k\u00fcld\u00f6tt nekik az igazgat\u00f3s\u00e1g, amelyben m\u00e1r az \u00edrj\u00e1k, \u00fcgy\u00fcket ugyan tov\u00e1bb\u00edtott\u00e1k az illet\u00e9kes oszt\u00e1lynak, \u00e1m m\u00e9gis ny\u00fajtsanak be \u00faj k\u00e9relmet, amelyben pontosan megnevezik, a v\u00e1ros mely villanyoszlopaira szeretn\u00e9nek \u00a0plak\u00e1tokat helyezni. <\/p>\n<p>Bomba szerint a k\u00e9r\u00e9s teljes\u00edthetetlen, hacsak nem GPS-koordin\u00e1t\u00e1kat ad meg, r\u00e1ad\u00e1sul ha \u00faj k\u00e9relmet ny\u00fajt be, az \u00f6nkorm\u00e1nyzat \u00fajraind\u00edtja az \u00fcgyint\u00e9z\u00e9si hat\u00e1rid\u0151t, ami az itt szok\u00e1sos 30-60 nappal sz\u00e1molva j\u00f3csk\u00e1n az okt\u00f3ber 13-i v\u00e1laszt\u00e1sok ut\u00e1n b\u00edr\u00e1ln\u00e1nak el.<\/p>\n<p>Az \u00c9ljen Szeksz\u00e1rdnak most is vannak hirdet\u00e9sei a v\u00e1rosban, \u00e1m egyre kevsebb. A Helyi V\u00e1laszt\u00e1si Bizotts\u00e1g ugyanis els\u0151 fokon plak\u00e1tok elt\u00e1vol\u00edt\u00e1s\u00e1ra k\u00f6telezte a szervezetet. B\u00e1r a d\u00f6nt\u00e9s nem joger\u0151s \u2013az \u00c9SZ  fellebbezett \u2013 az \u00f6nkorm\u00e1nyzat emberei megkezdt\u00e9k a plak\u00e1tok elt\u00e1vol\u00edt\u00e1s\u00e1t. Bomba G\u00e1bor lesz\u00f6gezte: most az a helyzet Szeksz\u00e1rdon, hogy\u00a0az \u00c9ljen Szeksz\u00e1rdnak nincs hozz\u00e1j\u00e1rul\u00e1sa plak\u00e1t kihelyez\u00e9s\u00e9re, mik\u00f6zben a korm\u00e1nyp\u00e1rt a fizetett hirdet\u00e9sekkel lepte el a v\u00e1rost.\u00a0\u00c9rdekes m\u00f3don a m\u00e1sik indul\u00f3, a MI Haz\u00e1nk \u201eellenz\u00e9ki\u201d p\u00e1rt plak\u00e1tjai pedig nem zavarj\u00e1k sem az \u00f6nkorm\u00e1nyzatot, sem a Helyi V\u00e1laszt\u00e1si Bizotts\u00e1got (\u0151k az egyed\u00fcliek, akik nem \u00e1lltak be Bomba m\u00f6g\u00e9.)<br \/>\n\u00a0<br \/>\nBomba G\u00e1bor szerint ebb\u0151l orsz\u00e1gos probl\u00e9ma lehet, ugyanis egy \u00faj jogszab\u00e1ly-m\u00f3dos\u00edt\u00e1s miatt a v\u00e1laszt\u00e1si plak\u00e1tok a kamp\u00e1ny kezdet\u00e9t\u0151l ugyan korl\u00e1toz\u00e1s n\u00e9lk\u00fcl ingyen kihelyezhet\u0151k, de ehhez el\u0151zetes hozz\u00e1j\u00e1rul\u00e1s kell annak a t\u00e1rgynak a tulajdonos\u00e1t\u00f3l, amelyre ki akarj\u00e1k f\u00fcggeszteni a plak\u00e1tot. A korm\u00e1nyp\u00e1rti indul\u00f3knak nincs sz\u00fcks\u00e9ge ilyen hozz\u00e1j\u00e1rul\u00e1sra, hiszen \u0151k p\u00e9nz\u00e9rt az \u00f3ri\u00e1splak\u00e1tokon, hirdet\u0151 oszlopokon, villanyoszlopok fizetett rekl\u00e1mfel\u00fcletein is meg tudnak jelenni. Az ellen\u00fck indul\u00f3knak azonban marad a villanyoszlop, t\u00e1bl\u00e1k, l\u00e1mp\u00e1k.\u00a0\u00a0M\u00e1r a neve miatt is bepanaszolt\u00e1kFog\u00e1st jelentett r\u00f6vid ideig a polg\u00e1rmester-jel\u00f6lt\u00f6n saj\u00e1t vezet\u00e9kneve is: a Helyi V\u00e1laszt\u00e1si Bizotts\u00e1ghoz panaszt ny\u00fajtottak is, ami azt s\u00e9relmezte, hogy Bomba neve \u00e9s plak\u00e1tja t\u00fals\u00e1gosan hasonl\u00edt egy energiaitalra \u00e9s annak k\u00fcls\u0151 megjelen\u00e9si form\u00e1j\u00e1ra.<\/p>\n<p>\u00a0A 444.hu\u00a0 azt ia kider\u00edtette, hogy az a szem\u00e9ly, aki az energiaital gy\u00e1rt\u00f3j\u00e1nak is levelet k\u00fcld\u00f6tt Bomba szerinte jogs\u00e9rt\u0151 kamp\u00e1ny\u00e1r\u00f3l, nem volt m\u00e1s, mint M\u00f3ra Vikt\u00f3ria, a kor\u00e1bbi szeksz\u00e1rdi polg\u00e1rmesternek, jelenleg a t\u00e9rs\u00e9g fideszes orsz\u00e1ggy\u0171l\u00e9si k\u00e9pvisel\u0151j\u00e9nek, Horv\u00e1th Istv\u00e1nnak a kabinetf\u0151n\u00f6ke.  A n\u00e9vhaszn\u00e1lat \u00fcgy\u00e9ben egy\u00e9bk\u00e9nt a v\u00e1laszt\u00e1si bizotts\u00e1g  Bomba G\u00e1bornak adott igazat, aki tov\u00e1bbra is haszn\u00e1lhatja nev\u00e9t \u00e9s az abb\u00f3l gy\u00e1rtott log\u00f3t.\u00a0 \u00a0 \u00a0<br \/>\n            <a class=\"slogo\"><br \/>\n                <\/a><\/p>\n<p>\n<!--noindex--><br \/>\n<a href=\"https:\/\/hirek.oldal.info\/rssclick\/14420061\" rel=\"nofollow\">Source link <\/a><br \/>\n<!--\/noindex--><\/p>\n","protected":false},"excerpt":{"rendered":"<p>Hogy-hogy nem, rossz helyre tov\u00e1bb\u00edtott\u00e1k k\u00e9relm\u00fcket, majd tov\u00e1bbi pontos\u00edt\u00e1sokat v\u00e1rtak t\u0151l\u00fck.A hivatali pack\u00e1z\u00e1s eredm\u00e9nyek\u00e9nt val\u00f3sz\u00edn\u0171leg m\u00e1r csak az okt\u00f3ber 13-\u00e1n esed\u00e9kes v\u00e1laszt\u00e1sok ut\u00e1n kaphat enged\u00e9lyt plak\u00e1tol\u00e1sra a szeksz\u00e1rdi ellenz\u00e9k, aminek megl\u00e9v\u0151 hirdet\u00e9seit is szorgalmasan leszedeti a fideszes \u00f6nkorm\u00e1nyzat \u2013 tudta meg a Magyar Hang.A k\u00e9relem rossz helyre megy, a v\u00e1lasz heteket k\u00e9sikAz ellenz\u00e9ki polg\u00e1rmesterjel\u00f6lt, Bomba [&hellip;]<\/p>\n","protected":false},"author":2,"featured_media":2484,"comment_status":"open","ping_status":"open","sticky":false,"template":"","format":"standard","meta":{"footnotes":""},"categories":[1],"tags":[],"class_list":["post-2483","post","type-post","status-publish","format-standard","has-post-thumbnail","hentry","category-legujabb-penzugyi-hirek"],"yoast_head":"<!-- This site is optimized with the Yoast SEO plugin v27.4 - https:\/\/yoast.com\/product\/yoast-seo-wordpress\/ -->\n<title>N\u00e9pszava Az ellenz\u00e9k szerint a vil\u00e1g\u00f6r\u00f6ks\u00e9gi ingatlanokat is \u00e1t akarj\u00e1k j\u00e1tszani \u201ea NER-oligarchia kez\u00e9be\u201d - Hot News in World<\/title>\n<meta name=\"robots\" content=\"index, follow, max-snippet:-1, max-image-preview:large, max-video-preview:-1\" \/>\n<link rel=\"canonical\" href=\"https:\/\/hotnewsinworld.com\/hu\/nepszava-az-ellenzek-szerint-a-vilagoroksegi-ingatlanokat-is-at-akarjak-jatszani-a-ner-oligarchia-kezebe\/\" \/>\n<meta property=\"og:locale\" content=\"hu_HU\" \/>\n<meta property=\"og:type\" content=\"article\" \/>\n<meta property=\"og:title\" content=\"N\u00e9pszava Az ellenz\u00e9k szerint a vil\u00e1g\u00f6r\u00f6ks\u00e9gi ingatlanokat is \u00e1t akarj\u00e1k j\u00e1tszani \u201ea NER-oligarchia kez\u00e9be\u201d - Hot News in World\" \/>\n<meta property=\"og:description\" content=\"Hogy-hogy nem, rossz helyre tov\u00e1bb\u00edtott\u00e1k k\u00e9relm\u00fcket, majd tov\u00e1bbi pontos\u00edt\u00e1sokat v\u00e1rtak t\u0151l\u00fck.A hivatali pack\u00e1z\u00e1s eredm\u00e9nyek\u00e9nt val\u00f3sz\u00edn\u0171leg m\u00e1r csak az okt\u00f3ber 13-\u00e1n esed\u00e9kes v\u00e1laszt\u00e1sok ut\u00e1n kaphat enged\u00e9lyt plak\u00e1tol\u00e1sra a szeksz\u00e1rdi ellenz\u00e9k, aminek megl\u00e9v\u0151 hirdet\u00e9seit is szorgalmasan leszedeti a fideszes \u00f6nkorm\u00e1nyzat \u2013 tudta meg a Magyar Hang.A k\u00e9relem rossz helyre megy, a v\u00e1lasz heteket k\u00e9sikAz ellenz\u00e9ki polg\u00e1rmesterjel\u00f6lt, Bomba [&hellip;]\" \/>\n<meta property=\"og:url\" content=\"https:\/\/hotnewsinworld.com\/hu\/nepszava-az-ellenzek-szerint-a-vilagoroksegi-ingatlanokat-is-at-akarjak-jatszani-a-ner-oligarchia-kezebe\/\" \/>\n<meta property=\"og:site_name\" content=\"Hot News in World\" \/>\n<meta property=\"article:published_time\" content=\"2019-09-23T12:38:40+00:00\" \/>\n<meta property=\"article:modified_time\" content=\"2019-09-23T12:38:42+00:00\" \/>\n<meta property=\"og:image\" content=\"https:\/\/hotnewsinworld.com\/hu\/wp-content\/uploads\/sites\/3\/2019\/09\/N\u00e9pszava-Az-ellenz\u00e9k-szerint-a-vil\u00e1g\u00f6r\u00f6ks\u00e9gi-ingatlanokat-is-\u00e1t-akarj\u00e1k.jpg\" \/>\n\t<meta property=\"og:image:width\" content=\"1000\" \/>\n\t<meta property=\"og:image:height\" content=\"600\" \/>\n\t<meta property=\"og:image:type\" content=\"image\/jpeg\" \/>\n<meta name=\"author\" content=\"hotnewsinworld\" \/>\n<meta name=\"twitter:card\" content=\"summary_large_image\" \/>\n<meta name=\"twitter:label1\" content=\"Szerz\u0151:\" \/>\n\t<meta name=\"twitter:data1\" content=\"hotnewsinworld\" \/>\n\t<meta name=\"twitter:label2\" content=\"Becs\u00fclt olvas\u00e1si id\u0151\" \/>\n\t<meta name=\"twitter:data2\" content=\"4 perc\" \/>\n<script type=\"application\/ld+json\" class=\"yoast-schema-graph\">{\"@context\":\"https:\\\/\\\/schema.org\",\"@graph\":[{\"@type\":\"Article\",\"@id\":\"https:\\\/\\\/hotnewsinworld.com\\\/hu\\\/nepszava-az-ellenzek-szerint-a-vilagoroksegi-ingatlanokat-is-at-akarjak-jatszani-a-ner-oligarchia-kezebe\\\/#article\",\"isPartOf\":{\"@id\":\"https:\\\/\\\/hotnewsinworld.com\\\/hu\\\/nepszava-az-ellenzek-szerint-a-vilagoroksegi-ingatlanokat-is-at-akarjak-jatszani-a-ner-oligarchia-kezebe\\\/\"},\"author\":{\"name\":\"hotnewsinworld\",\"@id\":\"https:\\\/\\\/hotnewsinworld.com\\\/hu\\\/#\\\/schema\\\/person\\\/fe61448b21c0d59086e75fcc1f9d8f6b\"},\"headline\":\"N\u00e9pszava Az ellenz\u00e9k szerint a vil\u00e1g\u00f6r\u00f6ks\u00e9gi ingatlanokat is \u00e1t akarj\u00e1k j\u00e1tszani \u201ea NER-oligarchia kez\u00e9be\u201d\",\"datePublished\":\"2019-09-23T12:38:40+00:00\",\"dateModified\":\"2019-09-23T12:38:42+00:00\",\"mainEntityOfPage\":{\"@id\":\"https:\\\/\\\/hotnewsinworld.com\\\/hu\\\/nepszava-az-ellenzek-szerint-a-vilagoroksegi-ingatlanokat-is-at-akarjak-jatszani-a-ner-oligarchia-kezebe\\\/\"},\"wordCount\":807,\"commentCount\":0,\"image\":{\"@id\":\"https:\\\/\\\/hotnewsinworld.com\\\/hu\\\/nepszava-az-ellenzek-szerint-a-vilagoroksegi-ingatlanokat-is-at-akarjak-jatszani-a-ner-oligarchia-kezebe\\\/#primaryimage\"},\"thumbnailUrl\":\"https:\\\/\\\/hotnewsinworld.com\\\/hu\\\/wp-content\\\/uploads\\\/sites\\\/3\\\/2019\\\/09\\\/N\u00e9pszava-Az-ellenz\u00e9k-szerint-a-vil\u00e1g\u00f6r\u00f6ks\u00e9gi-ingatlanokat-is-\u00e1t-akarj\u00e1k.jpg\",\"articleSection\":[\"LEG\u00daJABB P\u00c9NZ\u00dcGYI H\u00cdREK\"],\"inLanguage\":\"hu\",\"potentialAction\":[{\"@type\":\"CommentAction\",\"name\":\"Comment\",\"target\":[\"https:\\\/\\\/hotnewsinworld.com\\\/hu\\\/nepszava-az-ellenzek-szerint-a-vilagoroksegi-ingatlanokat-is-at-akarjak-jatszani-a-ner-oligarchia-kezebe\\\/#respond\"]}]},{\"@type\":\"WebPage\",\"@id\":\"https:\\\/\\\/hotnewsinworld.com\\\/hu\\\/nepszava-az-ellenzek-szerint-a-vilagoroksegi-ingatlanokat-is-at-akarjak-jatszani-a-ner-oligarchia-kezebe\\\/\",\"url\":\"https:\\\/\\\/hotnewsinworld.com\\\/hu\\\/nepszava-az-ellenzek-szerint-a-vilagoroksegi-ingatlanokat-is-at-akarjak-jatszani-a-ner-oligarchia-kezebe\\\/\",\"name\":\"N\u00e9pszava Az ellenz\u00e9k szerint a vil\u00e1g\u00f6r\u00f6ks\u00e9gi ingatlanokat is \u00e1t akarj\u00e1k j\u00e1tszani \u201ea NER-oligarchia kez\u00e9be\u201d - Hot News in World\",\"isPartOf\":{\"@id\":\"https:\\\/\\\/hotnewsinworld.com\\\/hu\\\/#website\"},\"primaryImageOfPage\":{\"@id\":\"https:\\\/\\\/hotnewsinworld.com\\\/hu\\\/nepszava-az-ellenzek-szerint-a-vilagoroksegi-ingatlanokat-is-at-akarjak-jatszani-a-ner-oligarchia-kezebe\\\/#primaryimage\"},\"image\":{\"@id\":\"https:\\\/\\\/hotnewsinworld.com\\\/hu\\\/nepszava-az-ellenzek-szerint-a-vilagoroksegi-ingatlanokat-is-at-akarjak-jatszani-a-ner-oligarchia-kezebe\\\/#primaryimage\"},\"thumbnailUrl\":\"https:\\\/\\\/hotnewsinworld.com\\\/hu\\\/wp-content\\\/uploads\\\/sites\\\/3\\\/2019\\\/09\\\/N\u00e9pszava-Az-ellenz\u00e9k-szerint-a-vil\u00e1g\u00f6r\u00f6ks\u00e9gi-ingatlanokat-is-\u00e1t-akarj\u00e1k.jpg\",\"datePublished\":\"2019-09-23T12:38:40+00:00\",\"dateModified\":\"2019-09-23T12:38:42+00:00\",\"author\":{\"@id\":\"https:\\\/\\\/hotnewsinworld.com\\\/hu\\\/#\\\/schema\\\/person\\\/fe61448b21c0d59086e75fcc1f9d8f6b\"},\"breadcrumb\":{\"@id\":\"https:\\\/\\\/hotnewsinworld.com\\\/hu\\\/nepszava-az-ellenzek-szerint-a-vilagoroksegi-ingatlanokat-is-at-akarjak-jatszani-a-ner-oligarchia-kezebe\\\/#breadcrumb\"},\"inLanguage\":\"hu\",\"potentialAction\":[{\"@type\":\"ReadAction\",\"target\":[\"https:\\\/\\\/hotnewsinworld.com\\\/hu\\\/nepszava-az-ellenzek-szerint-a-vilagoroksegi-ingatlanokat-is-at-akarjak-jatszani-a-ner-oligarchia-kezebe\\\/\"]}]},{\"@type\":\"ImageObject\",\"inLanguage\":\"hu\",\"@id\":\"https:\\\/\\\/hotnewsinworld.com\\\/hu\\\/nepszava-az-ellenzek-szerint-a-vilagoroksegi-ingatlanokat-is-at-akarjak-jatszani-a-ner-oligarchia-kezebe\\\/#primaryimage\",\"url\":\"https:\\\/\\\/hotnewsinworld.com\\\/hu\\\/wp-content\\\/uploads\\\/sites\\\/3\\\/2019\\\/09\\\/N\u00e9pszava-Az-ellenz\u00e9k-szerint-a-vil\u00e1g\u00f6r\u00f6ks\u00e9gi-ingatlanokat-is-\u00e1t-akarj\u00e1k.jpg\",\"contentUrl\":\"https:\\\/\\\/hotnewsinworld.com\\\/hu\\\/wp-content\\\/uploads\\\/sites\\\/3\\\/2019\\\/09\\\/N\u00e9pszava-Az-ellenz\u00e9k-szerint-a-vil\u00e1g\u00f6r\u00f6ks\u00e9gi-ingatlanokat-is-\u00e1t-akarj\u00e1k.jpg\",\"width\":1000,\"height\":600,\"caption\":\"N\u00e9pszava Az ellenz\u00e9k szerint a vil\u00e1g\u00f6r\u00f6ks\u00e9gi ingatlanokat is \u00e1t akarj\u00e1k j\u00e1tszani \u201ea NER-oligarchia kez\u00e9be\u201d\"},{\"@type\":\"BreadcrumbList\",\"@id\":\"https:\\\/\\\/hotnewsinworld.com\\\/hu\\\/nepszava-az-ellenzek-szerint-a-vilagoroksegi-ingatlanokat-is-at-akarjak-jatszani-a-ner-oligarchia-kezebe\\\/#breadcrumb\",\"itemListElement\":[{\"@type\":\"ListItem\",\"position\":1,\"name\":\"\u0413\u043b\u0430\u0432\u043d\u0430\u044f \u0441\u0442\u0440\u0430\u043d\u0438\u0446\u0430\",\"item\":\"https:\\\/\\\/hotnewsinworld.com\\\/hu\\\/\"},{\"@type\":\"ListItem\",\"position\":2,\"name\":\"N\u00e9pszava Az ellenz\u00e9k szerint a vil\u00e1g\u00f6r\u00f6ks\u00e9gi ingatlanokat is \u00e1t akarj\u00e1k j\u00e1tszani \u201ea NER-oligarchia kez\u00e9be\u201d\"}]},{\"@type\":\"WebSite\",\"@id\":\"https:\\\/\\\/hotnewsinworld.com\\\/hu\\\/#website\",\"url\":\"https:\\\/\\\/hotnewsinworld.com\\\/hu\\\/\",\"name\":\"Hot News in World\",\"description\":\"Hot News in World from Hungary\",\"potentialAction\":[{\"@type\":\"SearchAction\",\"target\":{\"@type\":\"EntryPoint\",\"urlTemplate\":\"https:\\\/\\\/hotnewsinworld.com\\\/hu\\\/?s={search_term_string}\"},\"query-input\":{\"@type\":\"PropertyValueSpecification\",\"valueRequired\":true,\"valueName\":\"search_term_string\"}}],\"inLanguage\":\"hu\"},{\"@type\":\"Person\",\"@id\":\"https:\\\/\\\/hotnewsinworld.com\\\/hu\\\/#\\\/schema\\\/person\\\/fe61448b21c0d59086e75fcc1f9d8f6b\",\"name\":\"hotnewsinworld\",\"image\":{\"@type\":\"ImageObject\",\"inLanguage\":\"hu\",\"@id\":\"https:\\\/\\\/secure.gravatar.com\\\/avatar\\\/8a09ac165600ce2e1c38fe593c63928eb1e6e7ba5c5a907d67787c41b3d00c14?s=96&d=mm&r=g\",\"url\":\"https:\\\/\\\/secure.gravatar.com\\\/avatar\\\/8a09ac165600ce2e1c38fe593c63928eb1e6e7ba5c5a907d67787c41b3d00c14?s=96&d=mm&r=g\",\"contentUrl\":\"https:\\\/\\\/secure.gravatar.com\\\/avatar\\\/8a09ac165600ce2e1c38fe593c63928eb1e6e7ba5c5a907d67787c41b3d00c14?s=96&d=mm&r=g\",\"caption\":\"hotnewsinworld\"},\"url\":\"https:\\\/\\\/hotnewsinworld.com\\\/hu\\\/author\\\/pt\\\/\"}]}<\/script>\n<!-- \/ Yoast SEO plugin. -->","yoast_head_json":{"title":"N\u00e9pszava Az ellenz\u00e9k szerint a vil\u00e1g\u00f6r\u00f6ks\u00e9gi ingatlanokat is \u00e1t akarj\u00e1k j\u00e1tszani \u201ea NER-oligarchia kez\u00e9be\u201d - Hot News in World","robots":{"index":"index","follow":"follow","max-snippet":"max-snippet:-1","max-image-preview":"max-image-preview:large","max-video-preview":"max-video-preview:-1"},"canonical":"https:\/\/hotnewsinworld.com\/hu\/nepszava-az-ellenzek-szerint-a-vilagoroksegi-ingatlanokat-is-at-akarjak-jatszani-a-ner-oligarchia-kezebe\/","og_locale":"hu_HU","og_type":"article","og_title":"N\u00e9pszava Az ellenz\u00e9k szerint a vil\u00e1g\u00f6r\u00f6ks\u00e9gi ingatlanokat is \u00e1t akarj\u00e1k j\u00e1tszani \u201ea NER-oligarchia kez\u00e9be\u201d - Hot News in World","og_description":"Hogy-hogy nem, rossz helyre tov\u00e1bb\u00edtott\u00e1k k\u00e9relm\u00fcket, majd tov\u00e1bbi pontos\u00edt\u00e1sokat v\u00e1rtak t\u0151l\u00fck.A hivatali pack\u00e1z\u00e1s eredm\u00e9nyek\u00e9nt val\u00f3sz\u00edn\u0171leg m\u00e1r csak az okt\u00f3ber 13-\u00e1n esed\u00e9kes v\u00e1laszt\u00e1sok ut\u00e1n kaphat enged\u00e9lyt plak\u00e1tol\u00e1sra a szeksz\u00e1rdi ellenz\u00e9k, aminek megl\u00e9v\u0151 hirdet\u00e9seit is szorgalmasan leszedeti a fideszes \u00f6nkorm\u00e1nyzat \u2013 tudta meg a Magyar Hang.A k\u00e9relem rossz helyre megy, a v\u00e1lasz heteket k\u00e9sikAz ellenz\u00e9ki polg\u00e1rmesterjel\u00f6lt, Bomba [&hellip;]","og_url":"https:\/\/hotnewsinworld.com\/hu\/nepszava-az-ellenzek-szerint-a-vilagoroksegi-ingatlanokat-is-at-akarjak-jatszani-a-ner-oligarchia-kezebe\/","og_site_name":"Hot News in World","article_published_time":"2019-09-23T12:38:40+00:00","article_modified_time":"2019-09-23T12:38:42+00:00","og_image":[{"width":1000,"height":600,"url":"https:\/\/hotnewsinworld.com\/hu\/wp-content\/uploads\/sites\/3\/2019\/09\/N\u00e9pszava-Az-ellenz\u00e9k-szerint-a-vil\u00e1g\u00f6r\u00f6ks\u00e9gi-ingatlanokat-is-\u00e1t-akarj\u00e1k.jpg","type":"image\/jpeg"}],"author":"hotnewsinworld","twitter_card":"summary_large_image","twitter_misc":{"Szerz\u0151:":"hotnewsinworld","Becs\u00fclt olvas\u00e1si id\u0151":"4 perc"},"schema":{"@context":"https:\/\/schema.org","@graph":[{"@type":"Article","@id":"https:\/\/hotnewsinworld.com\/hu\/nepszava-az-ellenzek-szerint-a-vilagoroksegi-ingatlanokat-is-at-akarjak-jatszani-a-ner-oligarchia-kezebe\/#article","isPartOf":{"@id":"https:\/\/hotnewsinworld.com\/hu\/nepszava-az-ellenzek-szerint-a-vilagoroksegi-ingatlanokat-is-at-akarjak-jatszani-a-ner-oligarchia-kezebe\/"},"author":{"name":"hotnewsinworld","@id":"https:\/\/hotnewsinworld.com\/hu\/#\/schema\/person\/fe61448b21c0d59086e75fcc1f9d8f6b"},"headline":"N\u00e9pszava Az ellenz\u00e9k szerint a vil\u00e1g\u00f6r\u00f6ks\u00e9gi ingatlanokat is \u00e1t akarj\u00e1k j\u00e1tszani \u201ea NER-oligarchia kez\u00e9be\u201d","datePublished":"2019-09-23T12:38:40+00:00","dateModified":"2019-09-23T12:38:42+00:00","mainEntityOfPage":{"@id":"https:\/\/hotnewsinworld.com\/hu\/nepszava-az-ellenzek-szerint-a-vilagoroksegi-ingatlanokat-is-at-akarjak-jatszani-a-ner-oligarchia-kezebe\/"},"wordCount":807,"commentCount":0,"image":{"@id":"https:\/\/hotnewsinworld.com\/hu\/nepszava-az-ellenzek-szerint-a-vilagoroksegi-ingatlanokat-is-at-akarjak-jatszani-a-ner-oligarchia-kezebe\/#primaryimage"},"thumbnailUrl":"https:\/\/hotnewsinworld.com\/hu\/wp-content\/uploads\/sites\/3\/2019\/09\/N\u00e9pszava-Az-ellenz\u00e9k-szerint-a-vil\u00e1g\u00f6r\u00f6ks\u00e9gi-ingatlanokat-is-\u00e1t-akarj\u00e1k.jpg","articleSection":["LEG\u00daJABB P\u00c9NZ\u00dcGYI H\u00cdREK"],"inLanguage":"hu","potentialAction":[{"@type":"CommentAction","name":"Comment","target":["https:\/\/hotnewsinworld.com\/hu\/nepszava-az-ellenzek-szerint-a-vilagoroksegi-ingatlanokat-is-at-akarjak-jatszani-a-ner-oligarchia-kezebe\/#respond"]}]},{"@type":"WebPage","@id":"https:\/\/hotnewsinworld.com\/hu\/nepszava-az-ellenzek-szerint-a-vilagoroksegi-ingatlanokat-is-at-akarjak-jatszani-a-ner-oligarchia-kezebe\/","url":"https:\/\/hotnewsinworld.com\/hu\/nepszava-az-ellenzek-szerint-a-vilagoroksegi-ingatlanokat-is-at-akarjak-jatszani-a-ner-oligarchia-kezebe\/","name":"N\u00e9pszava Az ellenz\u00e9k szerint a vil\u00e1g\u00f6r\u00f6ks\u00e9gi ingatlanokat is \u00e1t akarj\u00e1k j\u00e1tszani \u201ea NER-oligarchia kez\u00e9be\u201d - Hot News in World","isPartOf":{"@id":"https:\/\/hotnewsinworld.com\/hu\/#website"},"primaryImageOfPage":{"@id":"https:\/\/hotnewsinworld.com\/hu\/nepszava-az-ellenzek-szerint-a-vilagoroksegi-ingatlanokat-is-at-akarjak-jatszani-a-ner-oligarchia-kezebe\/#primaryimage"},"image":{"@id":"https:\/\/hotnewsinworld.com\/hu\/nepszava-az-ellenzek-szerint-a-vilagoroksegi-ingatlanokat-is-at-akarjak-jatszani-a-ner-oligarchia-kezebe\/#primaryimage"},"thumbnailUrl":"https:\/\/hotnewsinworld.com\/hu\/wp-content\/uploads\/sites\/3\/2019\/09\/N\u00e9pszava-Az-ellenz\u00e9k-szerint-a-vil\u00e1g\u00f6r\u00f6ks\u00e9gi-ingatlanokat-is-\u00e1t-akarj\u00e1k.jpg","datePublished":"2019-09-23T12:38:40+00:00","dateModified":"2019-09-23T12:38:42+00:00","author":{"@id":"https:\/\/hotnewsinworld.com\/hu\/#\/schema\/person\/fe61448b21c0d59086e75fcc1f9d8f6b"},"breadcrumb":{"@id":"https:\/\/hotnewsinworld.com\/hu\/nepszava-az-ellenzek-szerint-a-vilagoroksegi-ingatlanokat-is-at-akarjak-jatszani-a-ner-oligarchia-kezebe\/#breadcrumb"},"inLanguage":"hu","potentialAction":[{"@type":"ReadAction","target":["https:\/\/hotnewsinworld.com\/hu\/nepszava-az-ellenzek-szerint-a-vilagoroksegi-ingatlanokat-is-at-akarjak-jatszani-a-ner-oligarchia-kezebe\/"]}]},{"@type":"ImageObject","inLanguage":"hu","@id":"https:\/\/hotnewsinworld.com\/hu\/nepszava-az-ellenzek-szerint-a-vilagoroksegi-ingatlanokat-is-at-akarjak-jatszani-a-ner-oligarchia-kezebe\/#primaryimage","url":"https:\/\/hotnewsinworld.com\/hu\/wp-content\/uploads\/sites\/3\/2019\/09\/N\u00e9pszava-Az-ellenz\u00e9k-szerint-a-vil\u00e1g\u00f6r\u00f6ks\u00e9gi-ingatlanokat-is-\u00e1t-akarj\u00e1k.jpg","contentUrl":"https:\/\/hotnewsinworld.com\/hu\/wp-content\/uploads\/sites\/3\/2019\/09\/N\u00e9pszava-Az-ellenz\u00e9k-szerint-a-vil\u00e1g\u00f6r\u00f6ks\u00e9gi-ingatlanokat-is-\u00e1t-akarj\u00e1k.jpg","width":1000,"height":600,"caption":"N\u00e9pszava Az ellenz\u00e9k szerint a vil\u00e1g\u00f6r\u00f6ks\u00e9gi ingatlanokat is \u00e1t akarj\u00e1k j\u00e1tszani \u201ea NER-oligarchia kez\u00e9be\u201d"},{"@type":"BreadcrumbList","@id":"https:\/\/hotnewsinworld.com\/hu\/nepszava-az-ellenzek-szerint-a-vilagoroksegi-ingatlanokat-is-at-akarjak-jatszani-a-ner-oligarchia-kezebe\/#breadcrumb","itemListElement":[{"@type":"ListItem","position":1,"name":"\u0413\u043b\u0430\u0432\u043d\u0430\u044f \u0441\u0442\u0440\u0430\u043d\u0438\u0446\u0430","item":"https:\/\/hotnewsinworld.com\/hu\/"},{"@type":"ListItem","position":2,"name":"N\u00e9pszava Az ellenz\u00e9k szerint a vil\u00e1g\u00f6r\u00f6ks\u00e9gi ingatlanokat is \u00e1t akarj\u00e1k j\u00e1tszani \u201ea NER-oligarchia kez\u00e9be\u201d"}]},{"@type":"WebSite","@id":"https:\/\/hotnewsinworld.com\/hu\/#website","url":"https:\/\/hotnewsinworld.com\/hu\/","name":"Hot News in World","description":"Hot News in World from Hungary","potentialAction":[{"@type":"SearchAction","target":{"@type":"EntryPoint","urlTemplate":"https:\/\/hotnewsinworld.com\/hu\/?s={search_term_string}"},"query-input":{"@type":"PropertyValueSpecification","valueRequired":true,"valueName":"search_term_string"}}],"inLanguage":"hu"},{"@type":"Person","@id":"https:\/\/hotnewsinworld.com\/hu\/#\/schema\/person\/fe61448b21c0d59086e75fcc1f9d8f6b","name":"hotnewsinworld","image":{"@type":"ImageObject","inLanguage":"hu","@id":"https:\/\/secure.gravatar.com\/avatar\/8a09ac165600ce2e1c38fe593c63928eb1e6e7ba5c5a907d67787c41b3d00c14?s=96&d=mm&r=g","url":"https:\/\/secure.gravatar.com\/avatar\/8a09ac165600ce2e1c38fe593c63928eb1e6e7ba5c5a907d67787c41b3d00c14?s=96&d=mm&r=g","contentUrl":"https:\/\/secure.gravatar.com\/avatar\/8a09ac165600ce2e1c38fe593c63928eb1e6e7ba5c5a907d67787c41b3d00c14?s=96&d=mm&r=g","caption":"hotnewsinworld"},"url":"https:\/\/hotnewsinworld.com\/hu\/author\/pt\/"}]}},"_links":{"self":[{"href":"https:\/\/hotnewsinworld.com\/hu\/wp-json\/wp\/v2\/posts\/2483","targetHints":{"allow":["GET"]}}],"collection":[{"href":"https:\/\/hotnewsinworld.com\/hu\/wp-json\/wp\/v2\/posts"}],"about":[{"href":"https:\/\/hotnewsinworld.com\/hu\/wp-json\/wp\/v2\/types\/post"}],"author":[{"embeddable":true,"href":"https:\/\/hotnewsinworld.com\/hu\/wp-json\/wp\/v2\/users\/2"}],"replies":[{"embeddable":true,"href":"https:\/\/hotnewsinworld.com\/hu\/wp-json\/wp\/v2\/comments?post=2483"}],"version-history":[{"count":1,"href":"https:\/\/hotnewsinworld.com\/hu\/wp-json\/wp\/v2\/posts\/2483\/revisions"}],"predecessor-version":[{"id":2485,"href":"https:\/\/hotnewsinworld.com\/hu\/wp-json\/wp\/v2\/posts\/2483\/revisions\/2485"}],"wp:featuredmedia":[{"embeddable":true,"href":"https:\/\/hotnewsinworld.com\/hu\/wp-json\/wp\/v2\/media\/2484"}],"wp:attachment":[{"href":"https:\/\/hotnewsinworld.com\/hu\/wp-json\/wp\/v2\/media?parent=2483"}],"wp:term":[{"taxonomy":"category","embeddable":true,"href":"https:\/\/hotnewsinworld.com\/hu\/wp-json\/wp\/v2\/categories?post=2483"},{"taxonomy":"post_tag","embeddable":true,"href":"https:\/\/hotnewsinworld.com\/hu\/wp-json\/wp\/v2\/tags?post=2483"}],"curies":[{"name":"wp","href":"https:\/\/api.w.org\/{rel}","templated":true}]}}