{"id":2486,"date":"2019-09-23T19:06:45","date_gmt":"2019-09-23T16:06:45","guid":{"rendered":"https:\/\/hotnewsinworld.com\/hu\/alhir-hogy-a-kormany-torvenymodositassal-visszavenne-allami-berlakasokat\/"},"modified":"2019-09-23T19:06:47","modified_gmt":"2019-09-23T16:06:47","slug":"alhir-hogy-a-kormany-torvenymodositassal-visszavenne-allami-berlakasokat","status":"publish","type":"post","link":"https:\/\/hotnewsinworld.com\/hu\/alhir-hogy-a-kormany-torvenymodositassal-visszavenne-allami-berlakasokat\/","title":{"rendered":"\u00e1lh\u00edr, hogy a korm\u00e1ny t\u00f6rv\u00e9nym\u00f3dos\u00edt\u00e1ssal visszavenne \u00e1llami b\u00e9rlak\u00e1sokat"},"content":{"rendered":"<p>\t&#8222;\u00c1lh\u00edr, hazugs\u00e1g a hvg.hu-n megjelent inform\u00e1ci\u00f3, amely szerint az Orb\u00e1n-korm\u00e1ny t\u00f6rv\u00e9nym\u00f3dos\u00edt\u00e1ssal visszavenne \u00e1llami b\u00e9rlak\u00e1sokat&#8221; &#8211; k\u00f6z\u00f6lte az MTI-vel a Minisztereln\u00f6ks\u00e9g, amely a v\u00e1laszt\u00e1sba val\u00f3 beavatkoz\u00e1snak min\u0151s\u00edti a cikket.<\/p>\n<p>class=&#8221;&#8221;&gt;Sz\u00e1nd\u00e9kos, ellenz\u00e9ket t\u00e1mogat\u00f3 politikai kamp\u00e1nyfog\u00e1snak min\u0151s\u00edtette a Minisztereln\u00f6ks\u00e9g, hogy a birtokunkban l\u00e9v\u0151 tervezet alapj\u00e1n meg\u00edrtuk, milyen terv mer\u00fclt fel az \u00e1llami b\u00e9rlak\u00e1sokkal kapcsolatban. Szerint\u00fck ez csak \u00e1lh\u00edr, \u00e9s a korm\u00e1ny ilyen d\u00f6nt\u00e9st nem hozott. T\u00e9nyleg nem, pont azt \u00edrtuk meg, hogy a javaslat m\u00e9g titkos, jav\u00e1ban dolgoznak\u2026class=&#8221;line-title-with-image&#8221;&gt;M\u00e1r k\u00e9sz\u00fcl egy tervezet, amivel kifejezetten a vil\u00e1g\u00f6r\u00f6ks\u00e9gi ter\u00fcleten fekv\u0151, illetve a m\u0171eml\u00e9ki \u00e9p\u00fcletekben l\u00e9v\u0151 \u00e1llami b\u00e9rlak\u00e1sokb\u00f3l tehetn\u00e9k ki a b\u00e9rl\u0151ket a lap szerint. A Minisztereln\u00f6ks\u00e9g viszont azt \u00e1ll\u00edtja, soha nem t\u00e1rgyaltak \u00e9s nem is fognak t\u00e1mogatni ilyen javaslatot.class=&#8221;&#8221;&gt;\u00c1lh\u00edr, hazugs\u00e1g a hvg.hu-n h\u00e9tf\u0151n megjelent inform\u00e1ci\u00f3, amely szerint az Orb\u00e1n-korm\u00e1ny t\u00f6rv\u00e9nym\u00f3dos\u00edt\u00e1ssal visszavenne \u00e1llami b\u00e9rlak\u00e1sokat &#8211; k\u00f6z\u00f6lte az MTI-vel a Minisztereln\u00f6ks\u00e9g, amely a v\u00e1laszt\u00e1sba val\u00f3 beavatkoz\u00e1snak min\u0151s\u00edti a cikket.class=&#8221;line-title-with-image&#8221;&gt;Legal\u00e1bbis a hvg.hu birtok\u00e1ba ker\u00fclt javaslat szerint. Csak egy jogszab\u00e1lyt kell m\u00f3dos\u00edtaniuk.class=&#8221;line-title-with-image&#8221;&gt;Az ellenz\u00e9k azzal v\u00e1dolja a korm\u00e1nyt, hogy ki akarja lakoltatni a vil\u00e1g\u00f6r\u00f6ks\u00e9gi helysz\u00edneken fekv\u0151 \u00e9s a m\u0171eml\u00e9ki v\u00e9delem alatt \u00e1ll\u00f3 \u00e1llami lak\u00e1sok b\u00e9rl\u0151it.class=&#8221;&#8221;&gt;A hvg.hu annak \u00e9rdek\u00e9ben, hogy a balliber\u00e1lis-sz\u00e9ls\u0151jobboldali \u00f6sszefog\u00e1s jel\u00f6ltjeit seg\u00edtse, hazugs\u00e1ggal vesz r\u00e9szt a v\u00e1laszt\u00e1si kamp\u00e1nyban \u2013 \u00edrja k\u00f6zlem\u00e9ny\u00e9ben a Minisztereln\u00f6ks\u00e9g. A lap arr\u00f3l \u00edrt, hogy az Orb\u00e1n-korm\u00e1ny visszavenn\u00e9 a b\u00e9rlak\u00e1sokat.class=&#8221;line-title-with-image&#8221;&gt;A Minisztereln\u00f6ks\u00e9g tagad.<br \/>\n<br \/>\n<!--noindex--><br \/>\n<a href=\"https:\/\/hirek.oldal.info\/rssclick\/14420754\" rel=\"nofollow\">Source link <\/a><br \/>\n<!--\/noindex--><\/p>\n","protected":false},"excerpt":{"rendered":"<p>&#8222;\u00c1lh\u00edr, hazugs\u00e1g a hvg.hu-n megjelent inform\u00e1ci\u00f3, amely szerint az Orb\u00e1n-korm\u00e1ny t\u00f6rv\u00e9nym\u00f3dos\u00edt\u00e1ssal visszavenne \u00e1llami b\u00e9rlak\u00e1sokat&#8221; &#8211; k\u00f6z\u00f6lte az MTI-vel a Minisztereln\u00f6ks\u00e9g, amely a v\u00e1laszt\u00e1sba val\u00f3 beavatkoz\u00e1snak min\u0151s\u00edti a cikket. class=&#8221;&#8221;&gt;Sz\u00e1nd\u00e9kos, ellenz\u00e9ket t\u00e1mogat\u00f3 politikai kamp\u00e1nyfog\u00e1snak min\u0151s\u00edtette a Minisztereln\u00f6ks\u00e9g, hogy a birtokunkban l\u00e9v\u0151 tervezet alapj\u00e1n meg\u00edrtuk, milyen terv mer\u00fclt fel az \u00e1llami b\u00e9rlak\u00e1sokkal kapcsolatban. Szerint\u00fck ez csak \u00e1lh\u00edr, [&hellip;]<\/p>\n","protected":false},"author":2,"featured_media":2487,"comment_status":"open","ping_status":"open","sticky":false,"template":"","format":"standard","meta":{"footnotes":""},"categories":[1],"tags":[],"class_list":["post-2486","post","type-post","status-publish","format-standard","has-post-thumbnail","hentry","category-legujabb-penzugyi-hirek"],"yoast_head":"<!-- This site is optimized with the Yoast SEO plugin v27.4 - https:\/\/yoast.com\/product\/yoast-seo-wordpress\/ -->\n<title>\u00e1lh\u00edr, hogy a korm\u00e1ny t\u00f6rv\u00e9nym\u00f3dos\u00edt\u00e1ssal visszavenne \u00e1llami b\u00e9rlak\u00e1sokat - Hot News in World<\/title>\n<meta name=\"robots\" content=\"index, follow, max-snippet:-1, max-image-preview:large, max-video-preview:-1\" \/>\n<link rel=\"canonical\" href=\"https:\/\/hotnewsinworld.com\/hu\/alhir-hogy-a-kormany-torvenymodositassal-visszavenne-allami-berlakasokat\/\" \/>\n<meta property=\"og:locale\" content=\"hu_HU\" \/>\n<meta property=\"og:type\" content=\"article\" \/>\n<meta property=\"og:title\" content=\"\u00e1lh\u00edr, hogy a korm\u00e1ny t\u00f6rv\u00e9nym\u00f3dos\u00edt\u00e1ssal visszavenne \u00e1llami b\u00e9rlak\u00e1sokat - Hot News in World\" \/>\n<meta property=\"og:description\" content=\"&#8222;\u00c1lh\u00edr, hazugs\u00e1g a hvg.hu-n megjelent inform\u00e1ci\u00f3, amely szerint az Orb\u00e1n-korm\u00e1ny t\u00f6rv\u00e9nym\u00f3dos\u00edt\u00e1ssal visszavenne \u00e1llami b\u00e9rlak\u00e1sokat&#8221; &#8211; k\u00f6z\u00f6lte az MTI-vel a Minisztereln\u00f6ks\u00e9g, amely a v\u00e1laszt\u00e1sba val\u00f3 beavatkoz\u00e1snak min\u0151s\u00edti a cikket. class=&#8221;&#8221;&gt;Sz\u00e1nd\u00e9kos, ellenz\u00e9ket t\u00e1mogat\u00f3 politikai kamp\u00e1nyfog\u00e1snak min\u0151s\u00edtette a Minisztereln\u00f6ks\u00e9g, hogy a birtokunkban l\u00e9v\u0151 tervezet alapj\u00e1n meg\u00edrtuk, milyen terv mer\u00fclt fel az \u00e1llami b\u00e9rlak\u00e1sokkal kapcsolatban. Szerint\u00fck ez csak \u00e1lh\u00edr, [&hellip;]\" \/>\n<meta property=\"og:url\" content=\"https:\/\/hotnewsinworld.com\/hu\/alhir-hogy-a-kormany-torvenymodositassal-visszavenne-allami-berlakasokat\/\" \/>\n<meta property=\"og:site_name\" content=\"Hot News in World\" \/>\n<meta property=\"article:published_time\" content=\"2019-09-23T16:06:45+00:00\" \/>\n<meta property=\"article:modified_time\" content=\"2019-09-23T16:06:47+00:00\" \/>\n<meta property=\"og:image\" content=\"https:\/\/hotnewsinworld.com\/hu\/wp-content\/uploads\/sites\/3\/2019\/09\/\u00e1lh\u00edr-hogy-a-korm\u00e1ny-t\u00f6rv\u00e9nym\u00f3dos\u00edt\u00e1ssal-visszavenne-\u00e1llami-b\u00e9rlak\u00e1sokat.jpg\" \/>\n\t<meta property=\"og:image:width\" content=\"600\" \/>\n\t<meta property=\"og:image:height\" content=\"315\" \/>\n\t<meta property=\"og:image:type\" content=\"image\/jpeg\" \/>\n<meta name=\"author\" content=\"hotnewsinworld\" \/>\n<meta name=\"twitter:card\" content=\"summary_large_image\" \/>\n<meta name=\"twitter:label1\" content=\"Szerz\u0151:\" \/>\n\t<meta name=\"twitter:data1\" content=\"hotnewsinworld\" \/>\n\t<meta name=\"twitter:label2\" content=\"Becs\u00fclt olvas\u00e1si id\u0151\" \/>\n\t<meta name=\"twitter:data2\" content=\"2 perc\" \/>\n<script type=\"application\/ld+json\" class=\"yoast-schema-graph\">{\"@context\":\"https:\\\/\\\/schema.org\",\"@graph\":[{\"@type\":\"Article\",\"@id\":\"https:\\\/\\\/hotnewsinworld.com\\\/hu\\\/alhir-hogy-a-kormany-torvenymodositassal-visszavenne-allami-berlakasokat\\\/#article\",\"isPartOf\":{\"@id\":\"https:\\\/\\\/hotnewsinworld.com\\\/hu\\\/alhir-hogy-a-kormany-torvenymodositassal-visszavenne-allami-berlakasokat\\\/\"},\"author\":{\"name\":\"hotnewsinworld\",\"@id\":\"https:\\\/\\\/hotnewsinworld.com\\\/hu\\\/#\\\/schema\\\/person\\\/fe61448b21c0d59086e75fcc1f9d8f6b\"},\"headline\":\"\u00e1lh\u00edr, hogy a korm\u00e1ny t\u00f6rv\u00e9nym\u00f3dos\u00edt\u00e1ssal visszavenne \u00e1llami b\u00e9rlak\u00e1sokat\",\"datePublished\":\"2019-09-23T16:06:45+00:00\",\"dateModified\":\"2019-09-23T16:06:47+00:00\",\"mainEntityOfPage\":{\"@id\":\"https:\\\/\\\/hotnewsinworld.com\\\/hu\\\/alhir-hogy-a-kormany-torvenymodositassal-visszavenne-allami-berlakasokat\\\/\"},\"wordCount\":387,\"commentCount\":0,\"image\":{\"@id\":\"https:\\\/\\\/hotnewsinworld.com\\\/hu\\\/alhir-hogy-a-kormany-torvenymodositassal-visszavenne-allami-berlakasokat\\\/#primaryimage\"},\"thumbnailUrl\":\"https:\\\/\\\/hotnewsinworld.com\\\/hu\\\/wp-content\\\/uploads\\\/sites\\\/3\\\/2019\\\/09\\\/\u00e1lh\u00edr-hogy-a-korm\u00e1ny-t\u00f6rv\u00e9nym\u00f3dos\u00edt\u00e1ssal-visszavenne-\u00e1llami-b\u00e9rlak\u00e1sokat.jpg\",\"articleSection\":[\"LEG\u00daJABB P\u00c9NZ\u00dcGYI H\u00cdREK\"],\"inLanguage\":\"hu\",\"potentialAction\":[{\"@type\":\"CommentAction\",\"name\":\"Comment\",\"target\":[\"https:\\\/\\\/hotnewsinworld.com\\\/hu\\\/alhir-hogy-a-kormany-torvenymodositassal-visszavenne-allami-berlakasokat\\\/#respond\"]}]},{\"@type\":\"WebPage\",\"@id\":\"https:\\\/\\\/hotnewsinworld.com\\\/hu\\\/alhir-hogy-a-kormany-torvenymodositassal-visszavenne-allami-berlakasokat\\\/\",\"url\":\"https:\\\/\\\/hotnewsinworld.com\\\/hu\\\/alhir-hogy-a-kormany-torvenymodositassal-visszavenne-allami-berlakasokat\\\/\",\"name\":\"\u00e1lh\u00edr, hogy a korm\u00e1ny t\u00f6rv\u00e9nym\u00f3dos\u00edt\u00e1ssal visszavenne \u00e1llami b\u00e9rlak\u00e1sokat - Hot News in World\",\"isPartOf\":{\"@id\":\"https:\\\/\\\/hotnewsinworld.com\\\/hu\\\/#website\"},\"primaryImageOfPage\":{\"@id\":\"https:\\\/\\\/hotnewsinworld.com\\\/hu\\\/alhir-hogy-a-kormany-torvenymodositassal-visszavenne-allami-berlakasokat\\\/#primaryimage\"},\"image\":{\"@id\":\"https:\\\/\\\/hotnewsinworld.com\\\/hu\\\/alhir-hogy-a-kormany-torvenymodositassal-visszavenne-allami-berlakasokat\\\/#primaryimage\"},\"thumbnailUrl\":\"https:\\\/\\\/hotnewsinworld.com\\\/hu\\\/wp-content\\\/uploads\\\/sites\\\/3\\\/2019\\\/09\\\/\u00e1lh\u00edr-hogy-a-korm\u00e1ny-t\u00f6rv\u00e9nym\u00f3dos\u00edt\u00e1ssal-visszavenne-\u00e1llami-b\u00e9rlak\u00e1sokat.jpg\",\"datePublished\":\"2019-09-23T16:06:45+00:00\",\"dateModified\":\"2019-09-23T16:06:47+00:00\",\"author\":{\"@id\":\"https:\\\/\\\/hotnewsinworld.com\\\/hu\\\/#\\\/schema\\\/person\\\/fe61448b21c0d59086e75fcc1f9d8f6b\"},\"breadcrumb\":{\"@id\":\"https:\\\/\\\/hotnewsinworld.com\\\/hu\\\/alhir-hogy-a-kormany-torvenymodositassal-visszavenne-allami-berlakasokat\\\/#breadcrumb\"},\"inLanguage\":\"hu\",\"potentialAction\":[{\"@type\":\"ReadAction\",\"target\":[\"https:\\\/\\\/hotnewsinworld.com\\\/hu\\\/alhir-hogy-a-kormany-torvenymodositassal-visszavenne-allami-berlakasokat\\\/\"]}]},{\"@type\":\"ImageObject\",\"inLanguage\":\"hu\",\"@id\":\"https:\\\/\\\/hotnewsinworld.com\\\/hu\\\/alhir-hogy-a-kormany-torvenymodositassal-visszavenne-allami-berlakasokat\\\/#primaryimage\",\"url\":\"https:\\\/\\\/hotnewsinworld.com\\\/hu\\\/wp-content\\\/uploads\\\/sites\\\/3\\\/2019\\\/09\\\/\u00e1lh\u00edr-hogy-a-korm\u00e1ny-t\u00f6rv\u00e9nym\u00f3dos\u00edt\u00e1ssal-visszavenne-\u00e1llami-b\u00e9rlak\u00e1sokat.jpg\",\"contentUrl\":\"https:\\\/\\\/hotnewsinworld.com\\\/hu\\\/wp-content\\\/uploads\\\/sites\\\/3\\\/2019\\\/09\\\/\u00e1lh\u00edr-hogy-a-korm\u00e1ny-t\u00f6rv\u00e9nym\u00f3dos\u00edt\u00e1ssal-visszavenne-\u00e1llami-b\u00e9rlak\u00e1sokat.jpg\",\"width\":600,\"height\":315,\"caption\":\"\u00e1lh\u00edr, hogy a korm\u00e1ny t\u00f6rv\u00e9nym\u00f3dos\u00edt\u00e1ssal visszavenne \u00e1llami b\u00e9rlak\u00e1sokat\"},{\"@type\":\"BreadcrumbList\",\"@id\":\"https:\\\/\\\/hotnewsinworld.com\\\/hu\\\/alhir-hogy-a-kormany-torvenymodositassal-visszavenne-allami-berlakasokat\\\/#breadcrumb\",\"itemListElement\":[{\"@type\":\"ListItem\",\"position\":1,\"name\":\"\u0413\u043b\u0430\u0432\u043d\u0430\u044f \u0441\u0442\u0440\u0430\u043d\u0438\u0446\u0430\",\"item\":\"https:\\\/\\\/hotnewsinworld.com\\\/hu\\\/\"},{\"@type\":\"ListItem\",\"position\":2,\"name\":\"\u00e1lh\u00edr, hogy a korm\u00e1ny t\u00f6rv\u00e9nym\u00f3dos\u00edt\u00e1ssal visszavenne \u00e1llami b\u00e9rlak\u00e1sokat\"}]},{\"@type\":\"WebSite\",\"@id\":\"https:\\\/\\\/hotnewsinworld.com\\\/hu\\\/#website\",\"url\":\"https:\\\/\\\/hotnewsinworld.com\\\/hu\\\/\",\"name\":\"Hot News in World\",\"description\":\"Hot News in World from Hungary\",\"potentialAction\":[{\"@type\":\"SearchAction\",\"target\":{\"@type\":\"EntryPoint\",\"urlTemplate\":\"https:\\\/\\\/hotnewsinworld.com\\\/hu\\\/?s={search_term_string}\"},\"query-input\":{\"@type\":\"PropertyValueSpecification\",\"valueRequired\":true,\"valueName\":\"search_term_string\"}}],\"inLanguage\":\"hu\"},{\"@type\":\"Person\",\"@id\":\"https:\\\/\\\/hotnewsinworld.com\\\/hu\\\/#\\\/schema\\\/person\\\/fe61448b21c0d59086e75fcc1f9d8f6b\",\"name\":\"hotnewsinworld\",\"image\":{\"@type\":\"ImageObject\",\"inLanguage\":\"hu\",\"@id\":\"https:\\\/\\\/secure.gravatar.com\\\/avatar\\\/8a09ac165600ce2e1c38fe593c63928eb1e6e7ba5c5a907d67787c41b3d00c14?s=96&d=mm&r=g\",\"url\":\"https:\\\/\\\/secure.gravatar.com\\\/avatar\\\/8a09ac165600ce2e1c38fe593c63928eb1e6e7ba5c5a907d67787c41b3d00c14?s=96&d=mm&r=g\",\"contentUrl\":\"https:\\\/\\\/secure.gravatar.com\\\/avatar\\\/8a09ac165600ce2e1c38fe593c63928eb1e6e7ba5c5a907d67787c41b3d00c14?s=96&d=mm&r=g\",\"caption\":\"hotnewsinworld\"},\"url\":\"https:\\\/\\\/hotnewsinworld.com\\\/hu\\\/author\\\/pt\\\/\"}]}<\/script>\n<!-- \/ Yoast SEO plugin. -->","yoast_head_json":{"title":"\u00e1lh\u00edr, hogy a korm\u00e1ny t\u00f6rv\u00e9nym\u00f3dos\u00edt\u00e1ssal visszavenne \u00e1llami b\u00e9rlak\u00e1sokat - Hot News in World","robots":{"index":"index","follow":"follow","max-snippet":"max-snippet:-1","max-image-preview":"max-image-preview:large","max-video-preview":"max-video-preview:-1"},"canonical":"https:\/\/hotnewsinworld.com\/hu\/alhir-hogy-a-kormany-torvenymodositassal-visszavenne-allami-berlakasokat\/","og_locale":"hu_HU","og_type":"article","og_title":"\u00e1lh\u00edr, hogy a korm\u00e1ny t\u00f6rv\u00e9nym\u00f3dos\u00edt\u00e1ssal visszavenne \u00e1llami b\u00e9rlak\u00e1sokat - Hot News in World","og_description":"&#8222;\u00c1lh\u00edr, hazugs\u00e1g a hvg.hu-n megjelent inform\u00e1ci\u00f3, amely szerint az Orb\u00e1n-korm\u00e1ny t\u00f6rv\u00e9nym\u00f3dos\u00edt\u00e1ssal visszavenne \u00e1llami b\u00e9rlak\u00e1sokat&#8221; &#8211; k\u00f6z\u00f6lte az MTI-vel a Minisztereln\u00f6ks\u00e9g, amely a v\u00e1laszt\u00e1sba val\u00f3 beavatkoz\u00e1snak min\u0151s\u00edti a cikket. class=&#8221;&#8221;&gt;Sz\u00e1nd\u00e9kos, ellenz\u00e9ket t\u00e1mogat\u00f3 politikai kamp\u00e1nyfog\u00e1snak min\u0151s\u00edtette a Minisztereln\u00f6ks\u00e9g, hogy a birtokunkban l\u00e9v\u0151 tervezet alapj\u00e1n meg\u00edrtuk, milyen terv mer\u00fclt fel az \u00e1llami b\u00e9rlak\u00e1sokkal kapcsolatban. Szerint\u00fck ez csak \u00e1lh\u00edr, [&hellip;]","og_url":"https:\/\/hotnewsinworld.com\/hu\/alhir-hogy-a-kormany-torvenymodositassal-visszavenne-allami-berlakasokat\/","og_site_name":"Hot News in World","article_published_time":"2019-09-23T16:06:45+00:00","article_modified_time":"2019-09-23T16:06:47+00:00","og_image":[{"width":600,"height":315,"url":"https:\/\/hotnewsinworld.com\/hu\/wp-content\/uploads\/sites\/3\/2019\/09\/\u00e1lh\u00edr-hogy-a-korm\u00e1ny-t\u00f6rv\u00e9nym\u00f3dos\u00edt\u00e1ssal-visszavenne-\u00e1llami-b\u00e9rlak\u00e1sokat.jpg","type":"image\/jpeg"}],"author":"hotnewsinworld","twitter_card":"summary_large_image","twitter_misc":{"Szerz\u0151:":"hotnewsinworld","Becs\u00fclt olvas\u00e1si id\u0151":"2 perc"},"schema":{"@context":"https:\/\/schema.org","@graph":[{"@type":"Article","@id":"https:\/\/hotnewsinworld.com\/hu\/alhir-hogy-a-kormany-torvenymodositassal-visszavenne-allami-berlakasokat\/#article","isPartOf":{"@id":"https:\/\/hotnewsinworld.com\/hu\/alhir-hogy-a-kormany-torvenymodositassal-visszavenne-allami-berlakasokat\/"},"author":{"name":"hotnewsinworld","@id":"https:\/\/hotnewsinworld.com\/hu\/#\/schema\/person\/fe61448b21c0d59086e75fcc1f9d8f6b"},"headline":"\u00e1lh\u00edr, hogy a korm\u00e1ny t\u00f6rv\u00e9nym\u00f3dos\u00edt\u00e1ssal visszavenne \u00e1llami b\u00e9rlak\u00e1sokat","datePublished":"2019-09-23T16:06:45+00:00","dateModified":"2019-09-23T16:06:47+00:00","mainEntityOfPage":{"@id":"https:\/\/hotnewsinworld.com\/hu\/alhir-hogy-a-kormany-torvenymodositassal-visszavenne-allami-berlakasokat\/"},"wordCount":387,"commentCount":0,"image":{"@id":"https:\/\/hotnewsinworld.com\/hu\/alhir-hogy-a-kormany-torvenymodositassal-visszavenne-allami-berlakasokat\/#primaryimage"},"thumbnailUrl":"https:\/\/hotnewsinworld.com\/hu\/wp-content\/uploads\/sites\/3\/2019\/09\/\u00e1lh\u00edr-hogy-a-korm\u00e1ny-t\u00f6rv\u00e9nym\u00f3dos\u00edt\u00e1ssal-visszavenne-\u00e1llami-b\u00e9rlak\u00e1sokat.jpg","articleSection":["LEG\u00daJABB P\u00c9NZ\u00dcGYI H\u00cdREK"],"inLanguage":"hu","potentialAction":[{"@type":"CommentAction","name":"Comment","target":["https:\/\/hotnewsinworld.com\/hu\/alhir-hogy-a-kormany-torvenymodositassal-visszavenne-allami-berlakasokat\/#respond"]}]},{"@type":"WebPage","@id":"https:\/\/hotnewsinworld.com\/hu\/alhir-hogy-a-kormany-torvenymodositassal-visszavenne-allami-berlakasokat\/","url":"https:\/\/hotnewsinworld.com\/hu\/alhir-hogy-a-kormany-torvenymodositassal-visszavenne-allami-berlakasokat\/","name":"\u00e1lh\u00edr, hogy a korm\u00e1ny t\u00f6rv\u00e9nym\u00f3dos\u00edt\u00e1ssal visszavenne \u00e1llami b\u00e9rlak\u00e1sokat - Hot News in World","isPartOf":{"@id":"https:\/\/hotnewsinworld.com\/hu\/#website"},"primaryImageOfPage":{"@id":"https:\/\/hotnewsinworld.com\/hu\/alhir-hogy-a-kormany-torvenymodositassal-visszavenne-allami-berlakasokat\/#primaryimage"},"image":{"@id":"https:\/\/hotnewsinworld.com\/hu\/alhir-hogy-a-kormany-torvenymodositassal-visszavenne-allami-berlakasokat\/#primaryimage"},"thumbnailUrl":"https:\/\/hotnewsinworld.com\/hu\/wp-content\/uploads\/sites\/3\/2019\/09\/\u00e1lh\u00edr-hogy-a-korm\u00e1ny-t\u00f6rv\u00e9nym\u00f3dos\u00edt\u00e1ssal-visszavenne-\u00e1llami-b\u00e9rlak\u00e1sokat.jpg","datePublished":"2019-09-23T16:06:45+00:00","dateModified":"2019-09-23T16:06:47+00:00","author":{"@id":"https:\/\/hotnewsinworld.com\/hu\/#\/schema\/person\/fe61448b21c0d59086e75fcc1f9d8f6b"},"breadcrumb":{"@id":"https:\/\/hotnewsinworld.com\/hu\/alhir-hogy-a-kormany-torvenymodositassal-visszavenne-allami-berlakasokat\/#breadcrumb"},"inLanguage":"hu","potentialAction":[{"@type":"ReadAction","target":["https:\/\/hotnewsinworld.com\/hu\/alhir-hogy-a-kormany-torvenymodositassal-visszavenne-allami-berlakasokat\/"]}]},{"@type":"ImageObject","inLanguage":"hu","@id":"https:\/\/hotnewsinworld.com\/hu\/alhir-hogy-a-kormany-torvenymodositassal-visszavenne-allami-berlakasokat\/#primaryimage","url":"https:\/\/hotnewsinworld.com\/hu\/wp-content\/uploads\/sites\/3\/2019\/09\/\u00e1lh\u00edr-hogy-a-korm\u00e1ny-t\u00f6rv\u00e9nym\u00f3dos\u00edt\u00e1ssal-visszavenne-\u00e1llami-b\u00e9rlak\u00e1sokat.jpg","contentUrl":"https:\/\/hotnewsinworld.com\/hu\/wp-content\/uploads\/sites\/3\/2019\/09\/\u00e1lh\u00edr-hogy-a-korm\u00e1ny-t\u00f6rv\u00e9nym\u00f3dos\u00edt\u00e1ssal-visszavenne-\u00e1llami-b\u00e9rlak\u00e1sokat.jpg","width":600,"height":315,"caption":"\u00e1lh\u00edr, hogy a korm\u00e1ny t\u00f6rv\u00e9nym\u00f3dos\u00edt\u00e1ssal visszavenne \u00e1llami b\u00e9rlak\u00e1sokat"},{"@type":"BreadcrumbList","@id":"https:\/\/hotnewsinworld.com\/hu\/alhir-hogy-a-kormany-torvenymodositassal-visszavenne-allami-berlakasokat\/#breadcrumb","itemListElement":[{"@type":"ListItem","position":1,"name":"\u0413\u043b\u0430\u0432\u043d\u0430\u044f \u0441\u0442\u0440\u0430\u043d\u0438\u0446\u0430","item":"https:\/\/hotnewsinworld.com\/hu\/"},{"@type":"ListItem","position":2,"name":"\u00e1lh\u00edr, hogy a korm\u00e1ny t\u00f6rv\u00e9nym\u00f3dos\u00edt\u00e1ssal visszavenne \u00e1llami b\u00e9rlak\u00e1sokat"}]},{"@type":"WebSite","@id":"https:\/\/hotnewsinworld.com\/hu\/#website","url":"https:\/\/hotnewsinworld.com\/hu\/","name":"Hot News in World","description":"Hot News in World from Hungary","potentialAction":[{"@type":"SearchAction","target":{"@type":"EntryPoint","urlTemplate":"https:\/\/hotnewsinworld.com\/hu\/?s={search_term_string}"},"query-input":{"@type":"PropertyValueSpecification","valueRequired":true,"valueName":"search_term_string"}}],"inLanguage":"hu"},{"@type":"Person","@id":"https:\/\/hotnewsinworld.com\/hu\/#\/schema\/person\/fe61448b21c0d59086e75fcc1f9d8f6b","name":"hotnewsinworld","image":{"@type":"ImageObject","inLanguage":"hu","@id":"https:\/\/secure.gravatar.com\/avatar\/8a09ac165600ce2e1c38fe593c63928eb1e6e7ba5c5a907d67787c41b3d00c14?s=96&d=mm&r=g","url":"https:\/\/secure.gravatar.com\/avatar\/8a09ac165600ce2e1c38fe593c63928eb1e6e7ba5c5a907d67787c41b3d00c14?s=96&d=mm&r=g","contentUrl":"https:\/\/secure.gravatar.com\/avatar\/8a09ac165600ce2e1c38fe593c63928eb1e6e7ba5c5a907d67787c41b3d00c14?s=96&d=mm&r=g","caption":"hotnewsinworld"},"url":"https:\/\/hotnewsinworld.com\/hu\/author\/pt\/"}]}},"_links":{"self":[{"href":"https:\/\/hotnewsinworld.com\/hu\/wp-json\/wp\/v2\/posts\/2486","targetHints":{"allow":["GET"]}}],"collection":[{"href":"https:\/\/hotnewsinworld.com\/hu\/wp-json\/wp\/v2\/posts"}],"about":[{"href":"https:\/\/hotnewsinworld.com\/hu\/wp-json\/wp\/v2\/types\/post"}],"author":[{"embeddable":true,"href":"https:\/\/hotnewsinworld.com\/hu\/wp-json\/wp\/v2\/users\/2"}],"replies":[{"embeddable":true,"href":"https:\/\/hotnewsinworld.com\/hu\/wp-json\/wp\/v2\/comments?post=2486"}],"version-history":[{"count":1,"href":"https:\/\/hotnewsinworld.com\/hu\/wp-json\/wp\/v2\/posts\/2486\/revisions"}],"predecessor-version":[{"id":2488,"href":"https:\/\/hotnewsinworld.com\/hu\/wp-json\/wp\/v2\/posts\/2486\/revisions\/2488"}],"wp:featuredmedia":[{"embeddable":true,"href":"https:\/\/hotnewsinworld.com\/hu\/wp-json\/wp\/v2\/media\/2487"}],"wp:attachment":[{"href":"https:\/\/hotnewsinworld.com\/hu\/wp-json\/wp\/v2\/media?parent=2486"}],"wp:term":[{"taxonomy":"category","embeddable":true,"href":"https:\/\/hotnewsinworld.com\/hu\/wp-json\/wp\/v2\/categories?post=2486"},{"taxonomy":"post_tag","embeddable":true,"href":"https:\/\/hotnewsinworld.com\/hu\/wp-json\/wp\/v2\/tags?post=2486"}],"curies":[{"name":"wp","href":"https:\/\/api.w.org\/{rel}","templated":true}]}}