{"id":2489,"date":"2019-09-23T20:26:33","date_gmt":"2019-09-23T17:26:33","guid":{"rendered":"https:\/\/hotnewsinworld.com\/hu\/magyarorszag-epit-eros-ketoldalu-kapcsolataira-az-egyesult-allamokkal\/"},"modified":"2019-09-23T20:26:35","modified_gmt":"2019-09-23T17:26:35","slug":"magyarorszag-epit-eros-ketoldalu-kapcsolataira-az-egyesult-allamokkal","status":"publish","type":"post","link":"https:\/\/hotnewsinworld.com\/hu\/magyarorszag-epit-eros-ketoldalu-kapcsolataira-az-egyesult-allamokkal\/","title":{"rendered":"Magyarorsz\u00e1g \u00e9p\u00edt er\u0151s k\u00e9toldal\u00fa kapcsolataira az Egyes\u00fclt \u00c1llamokkal"},"content":{"rendered":"<p> MTI, 2019. 09. 23. 19:17Magyarorsz\u00e1g \u00e9p\u00edt az Egyes\u00fclt \u00c1llamokkal fenntartott, \u201cnagyon er\u0151s\u201d kapcsolataira, k\u00f6zt\u00fck Orb\u00e1n Viktor minisztereln\u00f6k \u00e9s Donald Trump amerikai eln\u00f6k m\u00e1jusi tal\u00e1lkoz\u00f3j\u00e1nak eredm\u00e9nyeire \u00e9s a Magyarorsz\u00e1gra telep\u00fclt amerikai v\u00e1llalatok jelentette sikert\u00f6rt\u00e9netre \u2013 jelentette ki Szijj\u00e1rt\u00f3 P\u00e9ter k\u00fclgazdas\u00e1gi \u00e9s k\u00fcl\u00fcgyminiszter h\u00e9tf\u0151n Washingtonban, az Eur\u00f3pai Politikai Elemz\u00e9sek K\u00f6zpontj\u00e1ban (CEPA) a transzatlanti kapcsolatok er\u0151s\u00edt\u00e9s\u00e9nek lehet\u0151s\u00e9geivel foglalkoz\u00f3 konferenci\u00e1n.A visegr\u00e1di orsz\u00e1gok korm\u00e1nyainak k\u00e9pvisel\u0151ivel folytatott kerekasztal-besz\u00e9lget\u00e9sen felsz\u00f3lalva hozz\u00e1tette: az Egyes\u00fclt \u00c1llamok is szerepet j\u00e1tszott abban, hogy Magyarorsz\u00e1g a legnagyobb gazdas\u00e1gi n\u00f6veked\u00e9st \u00e9rte el az Eur\u00f3pai Uni\u00f3ban.Kit\u00e9rt arra, hogy \u2013 mint azt a m\u00e1jusi cs\u00facstal\u00e1lkoz\u00f3n is meg\u00e1llap\u00edtott\u00e1k \u2013 Washington \u00e9s Budapest politik\u00e1j\u00e1ban sz\u00e1mos k\u00f6z\u00f6s pont tal\u00e1lhat\u00f3. Mindketten az egyik legfontosabb feladatnak tekintik a saj\u00e1t \u00e1llampolg\u00e1raik \u00e9s orsz\u00e1guk megv\u00e9d\u00e9s\u00e9t, tov\u00e1bb\u00e1 fenntartj\u00e1k a jogot annak eld\u00f6nt\u00e9s\u00e9re, hogy ki l\u00e9phet be az orsz\u00e1gba, kikkel akarnak egy\u00fctt \u00e9lni. Mindk\u00e9t orsz\u00e1g jelent\u0151s er\u0151fesz\u00edt\u00e9seket tesz annak \u00e9rdek\u00e9ben is, hogy meg tudja v\u00e9deni a hat\u00e1rait.K\u00e9rd\u00e9sekre v\u00e1laszolva hangoztatta, hogy Magyarorsz\u00e1g tiszteletben tartja az Eur\u00f3pai Uni\u00f3 \u00e1ltal vallott k\u00f6z\u00f6s \u00e9rt\u00e9keket.Mint mondta, a magyar korm\u00e1ny a k\u00f6lcs\u00f6n\u00f6s tiszteletre alapozza a k\u00fclpolitik\u00e1j\u00e1t. Minden orsz\u00e1g nemzeti \u00e9rdekeit tiszteletben kell tartani az \u00faj vil\u00e1grendben, \u00e9s ez v\u00e1rhat\u00f3 el Magyarorsz\u00e1ggal szemben is \u2013 emelte ki.Lesz\u00f6gezte, hogy a kelet-nyugati egy\u00fcttm\u0171k\u00f6d\u00e9s er\u0151s\u00f6d\u00e9se eg\u00e9sz Eur\u00f3pa \u00e9rdeke.Mint mondta, az Orb\u00e1n-Trump tal\u00e1lkoz\u00f3n is t\u00e9ma volt a k\u00f6z\u00e9p- \u00e9s kelet-eur\u00f3pai t\u00e9rs\u00e9g szerepe a nemzetk\u00f6zi egy\u00fcttm\u0171k\u00f6d\u00e9sben, \u00edgy a transzatlanti kapcsolatokban.Megeml\u00edtette, hogy mindk\u00e9t orsz\u00e1g fontosnak tartja felemelni szav\u00e1t a kereszt\u00e9ny k\u00f6z\u00f6ss\u00e9gek \u00fcld\u00f6ztet\u00e9se ellen sz\u00e1mos konfliktust\u00e9rs\u00e9gben.A panelbesz\u00e9lget\u00e9st vezet\u0151 Edward Lucas, a CEPA aleln\u00f6ke kiemelte, hogy az amerikai-magyar cs\u00facstal\u00e1lkoz\u00f3 az eg\u00e9sz k\u00f6z\u00e9p-eur\u00f3pai r\u00e9gi\u00f3 sz\u00e1m\u00e1ra fontos eredm\u00e9nyeket hozott.K\u00e9rd\u00e9sre v\u00e1laszolva Szijj\u00e1rt\u00f3 P\u00e9ter elmondta, hogy az Oroszorsz\u00e1got s\u00fajt\u00f3 nemzetk\u00f6zi szankci\u00f3k ellen\u00e9re sz\u00e1mos nyugati orsz\u00e1g n\u00f6velte kereskedelm\u00e9t Oroszorsz\u00e1ggal. Az energiabeszerz\u00e9s t\u00f6bb\u00e1g\u00fav\u00e1 t\u00e9tel\u00e9nek, diverzifik\u00e1l\u00e1s\u00e1nak eset\u00e9ben pedig az uni\u00f3s \u00e9s amerikai partnerek is ad\u00f3sak az alternat\u00edv\u00e1k megteremt\u00e9s\u00e9nek seg\u00edt\u00e9s\u00e9vel.Kit\u00e9rt a magyar miniszter a H\u00e1rom Tenger Kezdem\u00e9nyez\u00e9sre is, amelynek c\u00e9lja, hogy az Eur\u00f3pai Uni\u00f3 strat\u00e9gi\u00e1j\u00e1val megegyez\u0151 k\u00f6z\u00f6s infrastruktur\u00e1lis fejleszt\u00e9seket hajtsanak v\u00e9gre a Balti-, az Adriai \u00e9s a Fekete-tenger t\u00e9rs\u00e9g\u00e9ben. Hangoztatta, hogy ennek az egy\u00fcttm\u0171k\u00f6d\u00e9snek is els\u0151sorban akkor van \u00e9rtelme, ha tettek k\u00f6vetik a sz\u00e9p szavakat.Ukrajn\u00e1val kapcsolatban Szijj\u00e1rt\u00f3 P\u00e9ter az mondta, hogy Magyarorsz\u00e1g bizakod\u00f3an tekint az \u00faj ukr\u00e1n eln\u00f6kkel folytatott egy\u00fcttm\u0171k\u00f6d\u00e9sre, de tetteket v\u00e1r Kijevt\u0151l. Az el\u0151z\u0151 ukr\u00e1n vezet\u00e9s sz\u00e1mos jogot elvett a magyarokt\u00f3l, k\u00f6zt\u00fck csorb\u00edtotta az anyanyelvhaszn\u00e1lat jog\u00e1t \u2013 tette hozz\u00e1. Lesz\u00f6gezte, hogy a magyar korm\u00e1ny nem k\u00e9r p\u00f3tl\u00f3lagos jogokat sz\u00e1mukra, csak azt, hogy a kor\u00e1bbiakat adj\u00e1k vissza.Tov\u00e1bbi cikkek:<br \/>\n<br \/>\n<!--noindex--><br \/>\n<a href=\"https:\/\/hirek.oldal.info\/rssclick\/14420934\" rel=\"nofollow\">Source link <\/a><br \/>\n<!--\/noindex--><\/p>\n","protected":false},"excerpt":{"rendered":"<p>MTI, 2019. 09. 23. 19:17Magyarorsz\u00e1g \u00e9p\u00edt az Egyes\u00fclt \u00c1llamokkal fenntartott, \u201cnagyon er\u0151s\u201d kapcsolataira, k\u00f6zt\u00fck Orb\u00e1n Viktor minisztereln\u00f6k \u00e9s Donald Trump amerikai eln\u00f6k m\u00e1jusi tal\u00e1lkoz\u00f3j\u00e1nak eredm\u00e9nyeire \u00e9s a Magyarorsz\u00e1gra telep\u00fclt amerikai v\u00e1llalatok jelentette sikert\u00f6rt\u00e9netre \u2013 jelentette ki Szijj\u00e1rt\u00f3 P\u00e9ter k\u00fclgazdas\u00e1gi \u00e9s k\u00fcl\u00fcgyminiszter h\u00e9tf\u0151n Washingtonban, az Eur\u00f3pai Politikai Elemz\u00e9sek K\u00f6zpontj\u00e1ban (CEPA) a transzatlanti kapcsolatok er\u0151s\u00edt\u00e9s\u00e9nek lehet\u0151s\u00e9geivel foglalkoz\u00f3 [&hellip;]<\/p>\n","protected":false},"author":2,"featured_media":2490,"comment_status":"open","ping_status":"open","sticky":false,"template":"","format":"standard","meta":{"footnotes":""},"categories":[1],"tags":[],"class_list":["post-2489","post","type-post","status-publish","format-standard","has-post-thumbnail","hentry","category-legujabb-penzugyi-hirek"],"yoast_head":"<!-- This site is optimized with the Yoast SEO plugin v27.4 - https:\/\/yoast.com\/product\/yoast-seo-wordpress\/ -->\n<title>Magyarorsz\u00e1g \u00e9p\u00edt er\u0151s k\u00e9toldal\u00fa kapcsolataira az Egyes\u00fclt \u00c1llamokkal - Hot News in World<\/title>\n<meta name=\"robots\" content=\"index, follow, max-snippet:-1, max-image-preview:large, max-video-preview:-1\" \/>\n<link rel=\"canonical\" href=\"https:\/\/hotnewsinworld.com\/hu\/magyarorszag-epit-eros-ketoldalu-kapcsolataira-az-egyesult-allamokkal\/\" \/>\n<meta property=\"og:locale\" content=\"hu_HU\" \/>\n<meta property=\"og:type\" content=\"article\" \/>\n<meta property=\"og:title\" content=\"Magyarorsz\u00e1g \u00e9p\u00edt er\u0151s k\u00e9toldal\u00fa kapcsolataira az Egyes\u00fclt \u00c1llamokkal - Hot News in World\" \/>\n<meta property=\"og:description\" content=\"MTI, 2019. 09. 23. 19:17Magyarorsz\u00e1g \u00e9p\u00edt az Egyes\u00fclt \u00c1llamokkal fenntartott, \u201cnagyon er\u0151s\u201d kapcsolataira, k\u00f6zt\u00fck Orb\u00e1n Viktor minisztereln\u00f6k \u00e9s Donald Trump amerikai eln\u00f6k m\u00e1jusi tal\u00e1lkoz\u00f3j\u00e1nak eredm\u00e9nyeire \u00e9s a Magyarorsz\u00e1gra telep\u00fclt amerikai v\u00e1llalatok jelentette sikert\u00f6rt\u00e9netre \u2013 jelentette ki Szijj\u00e1rt\u00f3 P\u00e9ter k\u00fclgazdas\u00e1gi \u00e9s k\u00fcl\u00fcgyminiszter h\u00e9tf\u0151n Washingtonban, az Eur\u00f3pai Politikai Elemz\u00e9sek K\u00f6zpontj\u00e1ban (CEPA) a transzatlanti kapcsolatok er\u0151s\u00edt\u00e9s\u00e9nek lehet\u0151s\u00e9geivel foglalkoz\u00f3 [&hellip;]\" \/>\n<meta property=\"og:url\" content=\"https:\/\/hotnewsinworld.com\/hu\/magyarorszag-epit-eros-ketoldalu-kapcsolataira-az-egyesult-allamokkal\/\" \/>\n<meta property=\"og:site_name\" content=\"Hot News in World\" \/>\n<meta property=\"article:published_time\" content=\"2019-09-23T17:26:33+00:00\" \/>\n<meta property=\"article:modified_time\" content=\"2019-09-23T17:26:35+00:00\" \/>\n<meta property=\"og:image\" content=\"https:\/\/hotnewsinworld.com\/hu\/wp-content\/uploads\/sites\/3\/2019\/09\/Magyarorsz\u00e1g-\u00e9p\u00edt-er\u0151s-k\u00e9toldal\u00fa-kapcsolataira-az-Egyes\u00fclt-\u00c1llamokkal.jpg\" \/>\n\t<meta property=\"og:image:width\" content=\"2879\" \/>\n\t<meta property=\"og:image:height\" content=\"1919\" \/>\n\t<meta property=\"og:image:type\" content=\"image\/jpeg\" \/>\n<meta name=\"author\" content=\"hotnewsinworld\" \/>\n<meta name=\"twitter:card\" content=\"summary_large_image\" \/>\n<meta name=\"twitter:label1\" content=\"Szerz\u0151:\" \/>\n\t<meta name=\"twitter:data1\" content=\"hotnewsinworld\" \/>\n\t<meta name=\"twitter:label2\" content=\"Becs\u00fclt olvas\u00e1si id\u0151\" \/>\n\t<meta name=\"twitter:data2\" content=\"3 perc\" \/>\n<script type=\"application\/ld+json\" class=\"yoast-schema-graph\">{\"@context\":\"https:\\\/\\\/schema.org\",\"@graph\":[{\"@type\":\"Article\",\"@id\":\"https:\\\/\\\/hotnewsinworld.com\\\/hu\\\/magyarorszag-epit-eros-ketoldalu-kapcsolataira-az-egyesult-allamokkal\\\/#article\",\"isPartOf\":{\"@id\":\"https:\\\/\\\/hotnewsinworld.com\\\/hu\\\/magyarorszag-epit-eros-ketoldalu-kapcsolataira-az-egyesult-allamokkal\\\/\"},\"author\":{\"name\":\"hotnewsinworld\",\"@id\":\"https:\\\/\\\/hotnewsinworld.com\\\/hu\\\/#\\\/schema\\\/person\\\/fe61448b21c0d59086e75fcc1f9d8f6b\"},\"headline\":\"Magyarorsz\u00e1g \u00e9p\u00edt er\u0151s k\u00e9toldal\u00fa kapcsolataira az Egyes\u00fclt \u00c1llamokkal\",\"datePublished\":\"2019-09-23T17:26:33+00:00\",\"dateModified\":\"2019-09-23T17:26:35+00:00\",\"mainEntityOfPage\":{\"@id\":\"https:\\\/\\\/hotnewsinworld.com\\\/hu\\\/magyarorszag-epit-eros-ketoldalu-kapcsolataira-az-egyesult-allamokkal\\\/\"},\"wordCount\":652,\"commentCount\":0,\"image\":{\"@id\":\"https:\\\/\\\/hotnewsinworld.com\\\/hu\\\/magyarorszag-epit-eros-ketoldalu-kapcsolataira-az-egyesult-allamokkal\\\/#primaryimage\"},\"thumbnailUrl\":\"https:\\\/\\\/hotnewsinworld.com\\\/hu\\\/wp-content\\\/uploads\\\/sites\\\/3\\\/2019\\\/09\\\/Magyarorsz\u00e1g-\u00e9p\u00edt-er\u0151s-k\u00e9toldal\u00fa-kapcsolataira-az-Egyes\u00fclt-\u00c1llamokkal.jpg\",\"articleSection\":[\"LEG\u00daJABB P\u00c9NZ\u00dcGYI H\u00cdREK\"],\"inLanguage\":\"hu\",\"potentialAction\":[{\"@type\":\"CommentAction\",\"name\":\"Comment\",\"target\":[\"https:\\\/\\\/hotnewsinworld.com\\\/hu\\\/magyarorszag-epit-eros-ketoldalu-kapcsolataira-az-egyesult-allamokkal\\\/#respond\"]}]},{\"@type\":\"WebPage\",\"@id\":\"https:\\\/\\\/hotnewsinworld.com\\\/hu\\\/magyarorszag-epit-eros-ketoldalu-kapcsolataira-az-egyesult-allamokkal\\\/\",\"url\":\"https:\\\/\\\/hotnewsinworld.com\\\/hu\\\/magyarorszag-epit-eros-ketoldalu-kapcsolataira-az-egyesult-allamokkal\\\/\",\"name\":\"Magyarorsz\u00e1g \u00e9p\u00edt er\u0151s k\u00e9toldal\u00fa kapcsolataira az Egyes\u00fclt \u00c1llamokkal - Hot News in World\",\"isPartOf\":{\"@id\":\"https:\\\/\\\/hotnewsinworld.com\\\/hu\\\/#website\"},\"primaryImageOfPage\":{\"@id\":\"https:\\\/\\\/hotnewsinworld.com\\\/hu\\\/magyarorszag-epit-eros-ketoldalu-kapcsolataira-az-egyesult-allamokkal\\\/#primaryimage\"},\"image\":{\"@id\":\"https:\\\/\\\/hotnewsinworld.com\\\/hu\\\/magyarorszag-epit-eros-ketoldalu-kapcsolataira-az-egyesult-allamokkal\\\/#primaryimage\"},\"thumbnailUrl\":\"https:\\\/\\\/hotnewsinworld.com\\\/hu\\\/wp-content\\\/uploads\\\/sites\\\/3\\\/2019\\\/09\\\/Magyarorsz\u00e1g-\u00e9p\u00edt-er\u0151s-k\u00e9toldal\u00fa-kapcsolataira-az-Egyes\u00fclt-\u00c1llamokkal.jpg\",\"datePublished\":\"2019-09-23T17:26:33+00:00\",\"dateModified\":\"2019-09-23T17:26:35+00:00\",\"author\":{\"@id\":\"https:\\\/\\\/hotnewsinworld.com\\\/hu\\\/#\\\/schema\\\/person\\\/fe61448b21c0d59086e75fcc1f9d8f6b\"},\"breadcrumb\":{\"@id\":\"https:\\\/\\\/hotnewsinworld.com\\\/hu\\\/magyarorszag-epit-eros-ketoldalu-kapcsolataira-az-egyesult-allamokkal\\\/#breadcrumb\"},\"inLanguage\":\"hu\",\"potentialAction\":[{\"@type\":\"ReadAction\",\"target\":[\"https:\\\/\\\/hotnewsinworld.com\\\/hu\\\/magyarorszag-epit-eros-ketoldalu-kapcsolataira-az-egyesult-allamokkal\\\/\"]}]},{\"@type\":\"ImageObject\",\"inLanguage\":\"hu\",\"@id\":\"https:\\\/\\\/hotnewsinworld.com\\\/hu\\\/magyarorszag-epit-eros-ketoldalu-kapcsolataira-az-egyesult-allamokkal\\\/#primaryimage\",\"url\":\"https:\\\/\\\/hotnewsinworld.com\\\/hu\\\/wp-content\\\/uploads\\\/sites\\\/3\\\/2019\\\/09\\\/Magyarorsz\u00e1g-\u00e9p\u00edt-er\u0151s-k\u00e9toldal\u00fa-kapcsolataira-az-Egyes\u00fclt-\u00c1llamokkal.jpg\",\"contentUrl\":\"https:\\\/\\\/hotnewsinworld.com\\\/hu\\\/wp-content\\\/uploads\\\/sites\\\/3\\\/2019\\\/09\\\/Magyarorsz\u00e1g-\u00e9p\u00edt-er\u0151s-k\u00e9toldal\u00fa-kapcsolataira-az-Egyes\u00fclt-\u00c1llamokkal.jpg\",\"width\":2879,\"height\":1919,\"caption\":\"Magyarorsz\u00e1g \u00e9p\u00edt er\u0151s k\u00e9toldal\u00fa kapcsolataira az Egyes\u00fclt \u00c1llamokkal\"},{\"@type\":\"BreadcrumbList\",\"@id\":\"https:\\\/\\\/hotnewsinworld.com\\\/hu\\\/magyarorszag-epit-eros-ketoldalu-kapcsolataira-az-egyesult-allamokkal\\\/#breadcrumb\",\"itemListElement\":[{\"@type\":\"ListItem\",\"position\":1,\"name\":\"\u0413\u043b\u0430\u0432\u043d\u0430\u044f \u0441\u0442\u0440\u0430\u043d\u0438\u0446\u0430\",\"item\":\"https:\\\/\\\/hotnewsinworld.com\\\/hu\\\/\"},{\"@type\":\"ListItem\",\"position\":2,\"name\":\"Magyarorsz\u00e1g \u00e9p\u00edt er\u0151s k\u00e9toldal\u00fa kapcsolataira az Egyes\u00fclt \u00c1llamokkal\"}]},{\"@type\":\"WebSite\",\"@id\":\"https:\\\/\\\/hotnewsinworld.com\\\/hu\\\/#website\",\"url\":\"https:\\\/\\\/hotnewsinworld.com\\\/hu\\\/\",\"name\":\"Hot News in World\",\"description\":\"Hot News in World from Hungary\",\"potentialAction\":[{\"@type\":\"SearchAction\",\"target\":{\"@type\":\"EntryPoint\",\"urlTemplate\":\"https:\\\/\\\/hotnewsinworld.com\\\/hu\\\/?s={search_term_string}\"},\"query-input\":{\"@type\":\"PropertyValueSpecification\",\"valueRequired\":true,\"valueName\":\"search_term_string\"}}],\"inLanguage\":\"hu\"},{\"@type\":\"Person\",\"@id\":\"https:\\\/\\\/hotnewsinworld.com\\\/hu\\\/#\\\/schema\\\/person\\\/fe61448b21c0d59086e75fcc1f9d8f6b\",\"name\":\"hotnewsinworld\",\"image\":{\"@type\":\"ImageObject\",\"inLanguage\":\"hu\",\"@id\":\"https:\\\/\\\/secure.gravatar.com\\\/avatar\\\/8a09ac165600ce2e1c38fe593c63928eb1e6e7ba5c5a907d67787c41b3d00c14?s=96&d=mm&r=g\",\"url\":\"https:\\\/\\\/secure.gravatar.com\\\/avatar\\\/8a09ac165600ce2e1c38fe593c63928eb1e6e7ba5c5a907d67787c41b3d00c14?s=96&d=mm&r=g\",\"contentUrl\":\"https:\\\/\\\/secure.gravatar.com\\\/avatar\\\/8a09ac165600ce2e1c38fe593c63928eb1e6e7ba5c5a907d67787c41b3d00c14?s=96&d=mm&r=g\",\"caption\":\"hotnewsinworld\"},\"url\":\"https:\\\/\\\/hotnewsinworld.com\\\/hu\\\/author\\\/pt\\\/\"}]}<\/script>\n<!-- \/ Yoast SEO plugin. -->","yoast_head_json":{"title":"Magyarorsz\u00e1g \u00e9p\u00edt er\u0151s k\u00e9toldal\u00fa kapcsolataira az Egyes\u00fclt \u00c1llamokkal - Hot News in World","robots":{"index":"index","follow":"follow","max-snippet":"max-snippet:-1","max-image-preview":"max-image-preview:large","max-video-preview":"max-video-preview:-1"},"canonical":"https:\/\/hotnewsinworld.com\/hu\/magyarorszag-epit-eros-ketoldalu-kapcsolataira-az-egyesult-allamokkal\/","og_locale":"hu_HU","og_type":"article","og_title":"Magyarorsz\u00e1g \u00e9p\u00edt er\u0151s k\u00e9toldal\u00fa kapcsolataira az Egyes\u00fclt \u00c1llamokkal - Hot News in World","og_description":"MTI, 2019. 09. 23. 19:17Magyarorsz\u00e1g \u00e9p\u00edt az Egyes\u00fclt \u00c1llamokkal fenntartott, \u201cnagyon er\u0151s\u201d kapcsolataira, k\u00f6zt\u00fck Orb\u00e1n Viktor minisztereln\u00f6k \u00e9s Donald Trump amerikai eln\u00f6k m\u00e1jusi tal\u00e1lkoz\u00f3j\u00e1nak eredm\u00e9nyeire \u00e9s a Magyarorsz\u00e1gra telep\u00fclt amerikai v\u00e1llalatok jelentette sikert\u00f6rt\u00e9netre \u2013 jelentette ki Szijj\u00e1rt\u00f3 P\u00e9ter k\u00fclgazdas\u00e1gi \u00e9s k\u00fcl\u00fcgyminiszter h\u00e9tf\u0151n Washingtonban, az Eur\u00f3pai Politikai Elemz\u00e9sek K\u00f6zpontj\u00e1ban (CEPA) a transzatlanti kapcsolatok er\u0151s\u00edt\u00e9s\u00e9nek lehet\u0151s\u00e9geivel foglalkoz\u00f3 [&hellip;]","og_url":"https:\/\/hotnewsinworld.com\/hu\/magyarorszag-epit-eros-ketoldalu-kapcsolataira-az-egyesult-allamokkal\/","og_site_name":"Hot News in World","article_published_time":"2019-09-23T17:26:33+00:00","article_modified_time":"2019-09-23T17:26:35+00:00","og_image":[{"width":2879,"height":1919,"url":"https:\/\/hotnewsinworld.com\/hu\/wp-content\/uploads\/sites\/3\/2019\/09\/Magyarorsz\u00e1g-\u00e9p\u00edt-er\u0151s-k\u00e9toldal\u00fa-kapcsolataira-az-Egyes\u00fclt-\u00c1llamokkal.jpg","type":"image\/jpeg"}],"author":"hotnewsinworld","twitter_card":"summary_large_image","twitter_misc":{"Szerz\u0151:":"hotnewsinworld","Becs\u00fclt olvas\u00e1si id\u0151":"3 perc"},"schema":{"@context":"https:\/\/schema.org","@graph":[{"@type":"Article","@id":"https:\/\/hotnewsinworld.com\/hu\/magyarorszag-epit-eros-ketoldalu-kapcsolataira-az-egyesult-allamokkal\/#article","isPartOf":{"@id":"https:\/\/hotnewsinworld.com\/hu\/magyarorszag-epit-eros-ketoldalu-kapcsolataira-az-egyesult-allamokkal\/"},"author":{"name":"hotnewsinworld","@id":"https:\/\/hotnewsinworld.com\/hu\/#\/schema\/person\/fe61448b21c0d59086e75fcc1f9d8f6b"},"headline":"Magyarorsz\u00e1g \u00e9p\u00edt er\u0151s k\u00e9toldal\u00fa kapcsolataira az Egyes\u00fclt \u00c1llamokkal","datePublished":"2019-09-23T17:26:33+00:00","dateModified":"2019-09-23T17:26:35+00:00","mainEntityOfPage":{"@id":"https:\/\/hotnewsinworld.com\/hu\/magyarorszag-epit-eros-ketoldalu-kapcsolataira-az-egyesult-allamokkal\/"},"wordCount":652,"commentCount":0,"image":{"@id":"https:\/\/hotnewsinworld.com\/hu\/magyarorszag-epit-eros-ketoldalu-kapcsolataira-az-egyesult-allamokkal\/#primaryimage"},"thumbnailUrl":"https:\/\/hotnewsinworld.com\/hu\/wp-content\/uploads\/sites\/3\/2019\/09\/Magyarorsz\u00e1g-\u00e9p\u00edt-er\u0151s-k\u00e9toldal\u00fa-kapcsolataira-az-Egyes\u00fclt-\u00c1llamokkal.jpg","articleSection":["LEG\u00daJABB P\u00c9NZ\u00dcGYI H\u00cdREK"],"inLanguage":"hu","potentialAction":[{"@type":"CommentAction","name":"Comment","target":["https:\/\/hotnewsinworld.com\/hu\/magyarorszag-epit-eros-ketoldalu-kapcsolataira-az-egyesult-allamokkal\/#respond"]}]},{"@type":"WebPage","@id":"https:\/\/hotnewsinworld.com\/hu\/magyarorszag-epit-eros-ketoldalu-kapcsolataira-az-egyesult-allamokkal\/","url":"https:\/\/hotnewsinworld.com\/hu\/magyarorszag-epit-eros-ketoldalu-kapcsolataira-az-egyesult-allamokkal\/","name":"Magyarorsz\u00e1g \u00e9p\u00edt er\u0151s k\u00e9toldal\u00fa kapcsolataira az Egyes\u00fclt \u00c1llamokkal - Hot News in World","isPartOf":{"@id":"https:\/\/hotnewsinworld.com\/hu\/#website"},"primaryImageOfPage":{"@id":"https:\/\/hotnewsinworld.com\/hu\/magyarorszag-epit-eros-ketoldalu-kapcsolataira-az-egyesult-allamokkal\/#primaryimage"},"image":{"@id":"https:\/\/hotnewsinworld.com\/hu\/magyarorszag-epit-eros-ketoldalu-kapcsolataira-az-egyesult-allamokkal\/#primaryimage"},"thumbnailUrl":"https:\/\/hotnewsinworld.com\/hu\/wp-content\/uploads\/sites\/3\/2019\/09\/Magyarorsz\u00e1g-\u00e9p\u00edt-er\u0151s-k\u00e9toldal\u00fa-kapcsolataira-az-Egyes\u00fclt-\u00c1llamokkal.jpg","datePublished":"2019-09-23T17:26:33+00:00","dateModified":"2019-09-23T17:26:35+00:00","author":{"@id":"https:\/\/hotnewsinworld.com\/hu\/#\/schema\/person\/fe61448b21c0d59086e75fcc1f9d8f6b"},"breadcrumb":{"@id":"https:\/\/hotnewsinworld.com\/hu\/magyarorszag-epit-eros-ketoldalu-kapcsolataira-az-egyesult-allamokkal\/#breadcrumb"},"inLanguage":"hu","potentialAction":[{"@type":"ReadAction","target":["https:\/\/hotnewsinworld.com\/hu\/magyarorszag-epit-eros-ketoldalu-kapcsolataira-az-egyesult-allamokkal\/"]}]},{"@type":"ImageObject","inLanguage":"hu","@id":"https:\/\/hotnewsinworld.com\/hu\/magyarorszag-epit-eros-ketoldalu-kapcsolataira-az-egyesult-allamokkal\/#primaryimage","url":"https:\/\/hotnewsinworld.com\/hu\/wp-content\/uploads\/sites\/3\/2019\/09\/Magyarorsz\u00e1g-\u00e9p\u00edt-er\u0151s-k\u00e9toldal\u00fa-kapcsolataira-az-Egyes\u00fclt-\u00c1llamokkal.jpg","contentUrl":"https:\/\/hotnewsinworld.com\/hu\/wp-content\/uploads\/sites\/3\/2019\/09\/Magyarorsz\u00e1g-\u00e9p\u00edt-er\u0151s-k\u00e9toldal\u00fa-kapcsolataira-az-Egyes\u00fclt-\u00c1llamokkal.jpg","width":2879,"height":1919,"caption":"Magyarorsz\u00e1g \u00e9p\u00edt er\u0151s k\u00e9toldal\u00fa kapcsolataira az Egyes\u00fclt \u00c1llamokkal"},{"@type":"BreadcrumbList","@id":"https:\/\/hotnewsinworld.com\/hu\/magyarorszag-epit-eros-ketoldalu-kapcsolataira-az-egyesult-allamokkal\/#breadcrumb","itemListElement":[{"@type":"ListItem","position":1,"name":"\u0413\u043b\u0430\u0432\u043d\u0430\u044f \u0441\u0442\u0440\u0430\u043d\u0438\u0446\u0430","item":"https:\/\/hotnewsinworld.com\/hu\/"},{"@type":"ListItem","position":2,"name":"Magyarorsz\u00e1g \u00e9p\u00edt er\u0151s k\u00e9toldal\u00fa kapcsolataira az Egyes\u00fclt \u00c1llamokkal"}]},{"@type":"WebSite","@id":"https:\/\/hotnewsinworld.com\/hu\/#website","url":"https:\/\/hotnewsinworld.com\/hu\/","name":"Hot News in World","description":"Hot News in World from Hungary","potentialAction":[{"@type":"SearchAction","target":{"@type":"EntryPoint","urlTemplate":"https:\/\/hotnewsinworld.com\/hu\/?s={search_term_string}"},"query-input":{"@type":"PropertyValueSpecification","valueRequired":true,"valueName":"search_term_string"}}],"inLanguage":"hu"},{"@type":"Person","@id":"https:\/\/hotnewsinworld.com\/hu\/#\/schema\/person\/fe61448b21c0d59086e75fcc1f9d8f6b","name":"hotnewsinworld","image":{"@type":"ImageObject","inLanguage":"hu","@id":"https:\/\/secure.gravatar.com\/avatar\/8a09ac165600ce2e1c38fe593c63928eb1e6e7ba5c5a907d67787c41b3d00c14?s=96&d=mm&r=g","url":"https:\/\/secure.gravatar.com\/avatar\/8a09ac165600ce2e1c38fe593c63928eb1e6e7ba5c5a907d67787c41b3d00c14?s=96&d=mm&r=g","contentUrl":"https:\/\/secure.gravatar.com\/avatar\/8a09ac165600ce2e1c38fe593c63928eb1e6e7ba5c5a907d67787c41b3d00c14?s=96&d=mm&r=g","caption":"hotnewsinworld"},"url":"https:\/\/hotnewsinworld.com\/hu\/author\/pt\/"}]}},"_links":{"self":[{"href":"https:\/\/hotnewsinworld.com\/hu\/wp-json\/wp\/v2\/posts\/2489","targetHints":{"allow":["GET"]}}],"collection":[{"href":"https:\/\/hotnewsinworld.com\/hu\/wp-json\/wp\/v2\/posts"}],"about":[{"href":"https:\/\/hotnewsinworld.com\/hu\/wp-json\/wp\/v2\/types\/post"}],"author":[{"embeddable":true,"href":"https:\/\/hotnewsinworld.com\/hu\/wp-json\/wp\/v2\/users\/2"}],"replies":[{"embeddable":true,"href":"https:\/\/hotnewsinworld.com\/hu\/wp-json\/wp\/v2\/comments?post=2489"}],"version-history":[{"count":1,"href":"https:\/\/hotnewsinworld.com\/hu\/wp-json\/wp\/v2\/posts\/2489\/revisions"}],"predecessor-version":[{"id":2491,"href":"https:\/\/hotnewsinworld.com\/hu\/wp-json\/wp\/v2\/posts\/2489\/revisions\/2491"}],"wp:featuredmedia":[{"embeddable":true,"href":"https:\/\/hotnewsinworld.com\/hu\/wp-json\/wp\/v2\/media\/2490"}],"wp:attachment":[{"href":"https:\/\/hotnewsinworld.com\/hu\/wp-json\/wp\/v2\/media?parent=2489"}],"wp:term":[{"taxonomy":"category","embeddable":true,"href":"https:\/\/hotnewsinworld.com\/hu\/wp-json\/wp\/v2\/categories?post=2489"},{"taxonomy":"post_tag","embeddable":true,"href":"https:\/\/hotnewsinworld.com\/hu\/wp-json\/wp\/v2\/tags?post=2489"}],"curies":[{"name":"wp","href":"https:\/\/api.w.org\/{rel}","templated":true}]}}