{"id":2492,"date":"2019-09-23T21:46:33","date_gmt":"2019-09-23T18:46:33","guid":{"rendered":"https:\/\/hotnewsinworld.com\/hu\/mindegy-milyen-szemetdombon-ul-csak-o-ulhessen-a-tetejen\/"},"modified":"2019-09-23T21:46:34","modified_gmt":"2019-09-23T18:46:34","slug":"mindegy-milyen-szemetdombon-ul-csak-o-ulhessen-a-tetejen","status":"publish","type":"post","link":"https:\/\/hotnewsinworld.com\/hu\/mindegy-milyen-szemetdombon-ul-csak-o-ulhessen-a-tetejen\/","title":{"rendered":"\u201emindegy, milyen szem\u00e9tdombon \u00fcl, csak \u0151 \u00fclhessen a tetej\u00e9n\u201d"},"content":{"rendered":"<p>\t\t\t\tGyurcs\u00e1ny durv\u00e1n kiosztotta Orb\u00e1nt: \u201emindegy, milyen szem\u00e9tdombon \u00fcl, csak \u0151 \u00fclhessen a tetej\u00e9n\u201d<\/p>\n<p>    \t\t\t\t\u00c9lesen, tal\u00e1n a leg\u00e9lesebben szemben \u00e1llunk a Fidesszel, esz\u00fcnk \u00e1g\u00e1ban sincs sem helyben, sem orsz\u00e1gosan kompromisszumot k\u00f6tni a Fidesszel \u2013 \u00edgy \u00e9rt\u00e9kelte Gyurcs\u00e1ny Ferenc, a DK eln\u00f6ke az ATV Egyenes besz\u00e9d c\u00edm\u0171 m\u0171sor\u00e1ban azt a jelens\u00e9get, hogy az ellenz\u00e9k miskolci polg\u00e1rmesterjel\u00f6ltj\u00e9t ellenfelei gyurcs\u00e1nyizmussal v\u00e1dolj\u00e1k \u00e9s a volt minisztereln\u00f6kkel k\u00f6z\u00f6sen szerepeltetik plak\u00e1tokon.&#13;<\/p>\n<p>    \t\t\t\t\t\tGyurcs\u00e1ny Ferenc, a DK eln\u00f6ke<\/p>\n<p>\t\t\t\t\t\t\t\t\t\t\tGyurcs\u00e1ny szerint a Fidesz mindent megtesz, hogy a most zajl\u00f3 \u00f6nkorm\u00e1nyzati kamp\u00e1nyt is a migr\u00e1ci\u00f3s t\u00e9ma uralja. A DK eln\u00f6ke \u00fagy v\u00e9li: ez a m\u00f3dszer hat\u00e9kony, de becstelen. Gyurcs\u00e1ny Ferenc szerint az oktat\u00e1s \u00e9s az eg\u00e9szs\u00e9g\u00fcgy helyzete h\u00fasbav\u00e1g\u00f3bb a magyarok sz\u00e1m\u00e1ra, mint a migr\u00e1ci\u00f3 k\u00e9rd\u00e9se.<br \/>\n&#13;<br \/>\n&#13;<br \/>\nGyurcs\u00e1ny Ferenc szerint Orb\u00e1n Viktor bejelentkezett az eur\u00f3pai radik\u00e1lis jobboldal vezet\u0151j\u00e9nek szerep\u00e9re.&#13;<br \/>\n&#13;<br \/>\nGyurcs\u00e1ny \u00fagy v\u00e9li: Orb\u00e1nnak mindegy, milyen szem\u00e9tdombon \u00fcl, csak \u0151 \u00fclhessen a tetej\u00e9n. \u00dagy l\u00e1tja: nem maradt a minisztereln\u00f6k sz\u00e1m\u00e1ra m\u00e1shol hely, minthogy a radik\u00e1lis populista t\u00e1borban elfoglalja a vezet\u0151 szerepet, miut\u00e1n nem siker\u00fclt megh\u00f3d\u00edtania a n\u00e9pp\u00e1rtot.&#13;<br \/>\nGyurcs\u00e1ny Ferenc \u00fagy l\u00e1tja: Orb\u00e1n Viktor sz\u00e1m\u00e1ra az lenne a siker, ha R\u00f3m\u00e1ban, Madridban vagy m\u00e1s eur\u00f3pai f\u0151v\u00e1rosban a korm\u00e1nyf\u0151 fogadja \u2013 ami a h\u00e9tv\u00e9g\u00e9n R\u00f3m\u00e1ban t\u00f6rt\u00e9nt, az szerinte kudarc a minisztereln\u00f6k szempontj\u00e1b\u00f3l.&#13;<br \/>\nGyurcs\u00e1ny Ferenc blaszf\u00e9mi\u00e1nak tartja, hogy Solt\u00e9sz Mikl\u00f3s \u00e1llamtitk\u00e1r vezet\u00e9s\u00e9vel di\u00e1kok im\u00e1dkoztak az Orsz\u00e1gh\u00e1zban az orsz\u00e1g vezet\u0151i\u00e9rt. Gyurcs\u00e1ny szerint nem eleg\u00e1ns, ha gyerekeket haszn\u00e1lnak politikai c\u00e9lokra.&#13;<br \/>\n\u00a0&#13;<br \/>\n\u00a0&#13;<br \/>\natv.hu<\/p>\n<p>\n<!--noindex--><br \/>\n<a href=\"https:\/\/hirek.oldal.info\/rssclick\/14421034\" rel=\"nofollow\">Source link <\/a><br \/>\n<!--\/noindex--><\/p>\n","protected":false},"excerpt":{"rendered":"<p>Gyurcs\u00e1ny durv\u00e1n kiosztotta Orb\u00e1nt: \u201emindegy, milyen szem\u00e9tdombon \u00fcl, csak \u0151 \u00fclhessen a tetej\u00e9n\u201d \u00c9lesen, tal\u00e1n a leg\u00e9lesebben szemben \u00e1llunk a Fidesszel, esz\u00fcnk \u00e1g\u00e1ban sincs sem helyben, sem orsz\u00e1gosan kompromisszumot k\u00f6tni a Fidesszel \u2013 \u00edgy \u00e9rt\u00e9kelte Gyurcs\u00e1ny Ferenc, a DK eln\u00f6ke az ATV Egyenes besz\u00e9d c\u00edm\u0171 m\u0171sor\u00e1ban azt a jelens\u00e9get, hogy az ellenz\u00e9k miskolci polg\u00e1rmesterjel\u00f6ltj\u00e9t ellenfelei [&hellip;]<\/p>\n","protected":false},"author":2,"featured_media":2493,"comment_status":"open","ping_status":"open","sticky":false,"template":"","format":"standard","meta":{"footnotes":""},"categories":[1],"tags":[],"class_list":["post-2492","post","type-post","status-publish","format-standard","has-post-thumbnail","hentry","category-legujabb-penzugyi-hirek"],"yoast_head":"<!-- This site is optimized with the Yoast SEO plugin v27.4 - https:\/\/yoast.com\/product\/yoast-seo-wordpress\/ -->\n<title>\u201emindegy, milyen szem\u00e9tdombon \u00fcl, csak \u0151 \u00fclhessen a tetej\u00e9n\u201d - Hot News in World<\/title>\n<meta name=\"robots\" content=\"index, follow, max-snippet:-1, max-image-preview:large, max-video-preview:-1\" \/>\n<link rel=\"canonical\" href=\"https:\/\/hotnewsinworld.com\/hu\/mindegy-milyen-szemetdombon-ul-csak-o-ulhessen-a-tetejen\/\" \/>\n<meta property=\"og:locale\" content=\"hu_HU\" \/>\n<meta property=\"og:type\" content=\"article\" \/>\n<meta property=\"og:title\" content=\"\u201emindegy, milyen szem\u00e9tdombon \u00fcl, csak \u0151 \u00fclhessen a tetej\u00e9n\u201d - Hot News in World\" \/>\n<meta property=\"og:description\" content=\"Gyurcs\u00e1ny durv\u00e1n kiosztotta Orb\u00e1nt: \u201emindegy, milyen szem\u00e9tdombon \u00fcl, csak \u0151 \u00fclhessen a tetej\u00e9n\u201d \u00c9lesen, tal\u00e1n a leg\u00e9lesebben szemben \u00e1llunk a Fidesszel, esz\u00fcnk \u00e1g\u00e1ban sincs sem helyben, sem orsz\u00e1gosan kompromisszumot k\u00f6tni a Fidesszel \u2013 \u00edgy \u00e9rt\u00e9kelte Gyurcs\u00e1ny Ferenc, a DK eln\u00f6ke az ATV Egyenes besz\u00e9d c\u00edm\u0171 m\u0171sor\u00e1ban azt a jelens\u00e9get, hogy az ellenz\u00e9k miskolci polg\u00e1rmesterjel\u00f6ltj\u00e9t ellenfelei [&hellip;]\" \/>\n<meta property=\"og:url\" content=\"https:\/\/hotnewsinworld.com\/hu\/mindegy-milyen-szemetdombon-ul-csak-o-ulhessen-a-tetejen\/\" \/>\n<meta property=\"og:site_name\" content=\"Hot News in World\" \/>\n<meta property=\"article:published_time\" content=\"2019-09-23T18:46:33+00:00\" \/>\n<meta property=\"article:modified_time\" content=\"2019-09-23T18:46:34+00:00\" \/>\n<meta property=\"og:image\" content=\"https:\/\/hotnewsinworld.com\/hu\/wp-content\/uploads\/sites\/3\/2019\/09\/\u201emindegy-milyen-szem\u00e9tdombon-\u00fcl-csak-\u0151-\u00fclhessen-a-tetej\u00e9n\u201d.jpg\" \/>\n\t<meta property=\"og:image:width\" content=\"600\" \/>\n\t<meta property=\"og:image:height\" content=\"315\" \/>\n\t<meta property=\"og:image:type\" content=\"image\/jpeg\" \/>\n<meta name=\"author\" content=\"hotnewsinworld\" \/>\n<meta name=\"twitter:card\" content=\"summary_large_image\" \/>\n<meta name=\"twitter:label1\" content=\"Szerz\u0151:\" \/>\n\t<meta name=\"twitter:data1\" content=\"hotnewsinworld\" \/>\n\t<meta name=\"twitter:label2\" content=\"Becs\u00fclt olvas\u00e1si id\u0151\" \/>\n\t<meta name=\"twitter:data2\" content=\"2 perc\" \/>\n<script type=\"application\/ld+json\" class=\"yoast-schema-graph\">{\"@context\":\"https:\\\/\\\/schema.org\",\"@graph\":[{\"@type\":\"Article\",\"@id\":\"https:\\\/\\\/hotnewsinworld.com\\\/hu\\\/mindegy-milyen-szemetdombon-ul-csak-o-ulhessen-a-tetejen\\\/#article\",\"isPartOf\":{\"@id\":\"https:\\\/\\\/hotnewsinworld.com\\\/hu\\\/mindegy-milyen-szemetdombon-ul-csak-o-ulhessen-a-tetejen\\\/\"},\"author\":{\"name\":\"hotnewsinworld\",\"@id\":\"https:\\\/\\\/hotnewsinworld.com\\\/hu\\\/#\\\/schema\\\/person\\\/fe61448b21c0d59086e75fcc1f9d8f6b\"},\"headline\":\"\u201emindegy, milyen szem\u00e9tdombon \u00fcl, csak \u0151 \u00fclhessen a tetej\u00e9n\u201d\",\"datePublished\":\"2019-09-23T18:46:33+00:00\",\"dateModified\":\"2019-09-23T18:46:34+00:00\",\"mainEntityOfPage\":{\"@id\":\"https:\\\/\\\/hotnewsinworld.com\\\/hu\\\/mindegy-milyen-szemetdombon-ul-csak-o-ulhessen-a-tetejen\\\/\"},\"wordCount\":352,\"commentCount\":0,\"image\":{\"@id\":\"https:\\\/\\\/hotnewsinworld.com\\\/hu\\\/mindegy-milyen-szemetdombon-ul-csak-o-ulhessen-a-tetejen\\\/#primaryimage\"},\"thumbnailUrl\":\"https:\\\/\\\/hotnewsinworld.com\\\/hu\\\/wp-content\\\/uploads\\\/sites\\\/3\\\/2019\\\/09\\\/\u201emindegy-milyen-szem\u00e9tdombon-\u00fcl-csak-\u0151-\u00fclhessen-a-tetej\u00e9n\u201d.jpg\",\"articleSection\":[\"LEG\u00daJABB P\u00c9NZ\u00dcGYI H\u00cdREK\"],\"inLanguage\":\"hu\",\"potentialAction\":[{\"@type\":\"CommentAction\",\"name\":\"Comment\",\"target\":[\"https:\\\/\\\/hotnewsinworld.com\\\/hu\\\/mindegy-milyen-szemetdombon-ul-csak-o-ulhessen-a-tetejen\\\/#respond\"]}]},{\"@type\":\"WebPage\",\"@id\":\"https:\\\/\\\/hotnewsinworld.com\\\/hu\\\/mindegy-milyen-szemetdombon-ul-csak-o-ulhessen-a-tetejen\\\/\",\"url\":\"https:\\\/\\\/hotnewsinworld.com\\\/hu\\\/mindegy-milyen-szemetdombon-ul-csak-o-ulhessen-a-tetejen\\\/\",\"name\":\"\u201emindegy, milyen szem\u00e9tdombon \u00fcl, csak \u0151 \u00fclhessen a tetej\u00e9n\u201d - Hot News in World\",\"isPartOf\":{\"@id\":\"https:\\\/\\\/hotnewsinworld.com\\\/hu\\\/#website\"},\"primaryImageOfPage\":{\"@id\":\"https:\\\/\\\/hotnewsinworld.com\\\/hu\\\/mindegy-milyen-szemetdombon-ul-csak-o-ulhessen-a-tetejen\\\/#primaryimage\"},\"image\":{\"@id\":\"https:\\\/\\\/hotnewsinworld.com\\\/hu\\\/mindegy-milyen-szemetdombon-ul-csak-o-ulhessen-a-tetejen\\\/#primaryimage\"},\"thumbnailUrl\":\"https:\\\/\\\/hotnewsinworld.com\\\/hu\\\/wp-content\\\/uploads\\\/sites\\\/3\\\/2019\\\/09\\\/\u201emindegy-milyen-szem\u00e9tdombon-\u00fcl-csak-\u0151-\u00fclhessen-a-tetej\u00e9n\u201d.jpg\",\"datePublished\":\"2019-09-23T18:46:33+00:00\",\"dateModified\":\"2019-09-23T18:46:34+00:00\",\"author\":{\"@id\":\"https:\\\/\\\/hotnewsinworld.com\\\/hu\\\/#\\\/schema\\\/person\\\/fe61448b21c0d59086e75fcc1f9d8f6b\"},\"breadcrumb\":{\"@id\":\"https:\\\/\\\/hotnewsinworld.com\\\/hu\\\/mindegy-milyen-szemetdombon-ul-csak-o-ulhessen-a-tetejen\\\/#breadcrumb\"},\"inLanguage\":\"hu\",\"potentialAction\":[{\"@type\":\"ReadAction\",\"target\":[\"https:\\\/\\\/hotnewsinworld.com\\\/hu\\\/mindegy-milyen-szemetdombon-ul-csak-o-ulhessen-a-tetejen\\\/\"]}]},{\"@type\":\"ImageObject\",\"inLanguage\":\"hu\",\"@id\":\"https:\\\/\\\/hotnewsinworld.com\\\/hu\\\/mindegy-milyen-szemetdombon-ul-csak-o-ulhessen-a-tetejen\\\/#primaryimage\",\"url\":\"https:\\\/\\\/hotnewsinworld.com\\\/hu\\\/wp-content\\\/uploads\\\/sites\\\/3\\\/2019\\\/09\\\/\u201emindegy-milyen-szem\u00e9tdombon-\u00fcl-csak-\u0151-\u00fclhessen-a-tetej\u00e9n\u201d.jpg\",\"contentUrl\":\"https:\\\/\\\/hotnewsinworld.com\\\/hu\\\/wp-content\\\/uploads\\\/sites\\\/3\\\/2019\\\/09\\\/\u201emindegy-milyen-szem\u00e9tdombon-\u00fcl-csak-\u0151-\u00fclhessen-a-tetej\u00e9n\u201d.jpg\",\"width\":600,\"height\":315,\"caption\":\"\u201emindegy, milyen szem\u00e9tdombon \u00fcl, csak \u0151 \u00fclhessen a tetej\u00e9n\u201d\"},{\"@type\":\"BreadcrumbList\",\"@id\":\"https:\\\/\\\/hotnewsinworld.com\\\/hu\\\/mindegy-milyen-szemetdombon-ul-csak-o-ulhessen-a-tetejen\\\/#breadcrumb\",\"itemListElement\":[{\"@type\":\"ListItem\",\"position\":1,\"name\":\"\u0413\u043b\u0430\u0432\u043d\u0430\u044f \u0441\u0442\u0440\u0430\u043d\u0438\u0446\u0430\",\"item\":\"https:\\\/\\\/hotnewsinworld.com\\\/hu\\\/\"},{\"@type\":\"ListItem\",\"position\":2,\"name\":\"\u201emindegy, milyen szem\u00e9tdombon \u00fcl, csak \u0151 \u00fclhessen a tetej\u00e9n\u201d\"}]},{\"@type\":\"WebSite\",\"@id\":\"https:\\\/\\\/hotnewsinworld.com\\\/hu\\\/#website\",\"url\":\"https:\\\/\\\/hotnewsinworld.com\\\/hu\\\/\",\"name\":\"Hot News in World\",\"description\":\"Hot News in World from Hungary\",\"potentialAction\":[{\"@type\":\"SearchAction\",\"target\":{\"@type\":\"EntryPoint\",\"urlTemplate\":\"https:\\\/\\\/hotnewsinworld.com\\\/hu\\\/?s={search_term_string}\"},\"query-input\":{\"@type\":\"PropertyValueSpecification\",\"valueRequired\":true,\"valueName\":\"search_term_string\"}}],\"inLanguage\":\"hu\"},{\"@type\":\"Person\",\"@id\":\"https:\\\/\\\/hotnewsinworld.com\\\/hu\\\/#\\\/schema\\\/person\\\/fe61448b21c0d59086e75fcc1f9d8f6b\",\"name\":\"hotnewsinworld\",\"image\":{\"@type\":\"ImageObject\",\"inLanguage\":\"hu\",\"@id\":\"https:\\\/\\\/secure.gravatar.com\\\/avatar\\\/8a09ac165600ce2e1c38fe593c63928eb1e6e7ba5c5a907d67787c41b3d00c14?s=96&d=mm&r=g\",\"url\":\"https:\\\/\\\/secure.gravatar.com\\\/avatar\\\/8a09ac165600ce2e1c38fe593c63928eb1e6e7ba5c5a907d67787c41b3d00c14?s=96&d=mm&r=g\",\"contentUrl\":\"https:\\\/\\\/secure.gravatar.com\\\/avatar\\\/8a09ac165600ce2e1c38fe593c63928eb1e6e7ba5c5a907d67787c41b3d00c14?s=96&d=mm&r=g\",\"caption\":\"hotnewsinworld\"},\"url\":\"https:\\\/\\\/hotnewsinworld.com\\\/hu\\\/author\\\/pt\\\/\"}]}<\/script>\n<!-- \/ Yoast SEO plugin. -->","yoast_head_json":{"title":"\u201emindegy, milyen szem\u00e9tdombon \u00fcl, csak \u0151 \u00fclhessen a tetej\u00e9n\u201d - Hot News in World","robots":{"index":"index","follow":"follow","max-snippet":"max-snippet:-1","max-image-preview":"max-image-preview:large","max-video-preview":"max-video-preview:-1"},"canonical":"https:\/\/hotnewsinworld.com\/hu\/mindegy-milyen-szemetdombon-ul-csak-o-ulhessen-a-tetejen\/","og_locale":"hu_HU","og_type":"article","og_title":"\u201emindegy, milyen szem\u00e9tdombon \u00fcl, csak \u0151 \u00fclhessen a tetej\u00e9n\u201d - Hot News in World","og_description":"Gyurcs\u00e1ny durv\u00e1n kiosztotta Orb\u00e1nt: \u201emindegy, milyen szem\u00e9tdombon \u00fcl, csak \u0151 \u00fclhessen a tetej\u00e9n\u201d \u00c9lesen, tal\u00e1n a leg\u00e9lesebben szemben \u00e1llunk a Fidesszel, esz\u00fcnk \u00e1g\u00e1ban sincs sem helyben, sem orsz\u00e1gosan kompromisszumot k\u00f6tni a Fidesszel \u2013 \u00edgy \u00e9rt\u00e9kelte Gyurcs\u00e1ny Ferenc, a DK eln\u00f6ke az ATV Egyenes besz\u00e9d c\u00edm\u0171 m\u0171sor\u00e1ban azt a jelens\u00e9get, hogy az ellenz\u00e9k miskolci polg\u00e1rmesterjel\u00f6ltj\u00e9t ellenfelei [&hellip;]","og_url":"https:\/\/hotnewsinworld.com\/hu\/mindegy-milyen-szemetdombon-ul-csak-o-ulhessen-a-tetejen\/","og_site_name":"Hot News in World","article_published_time":"2019-09-23T18:46:33+00:00","article_modified_time":"2019-09-23T18:46:34+00:00","og_image":[{"width":600,"height":315,"url":"https:\/\/hotnewsinworld.com\/hu\/wp-content\/uploads\/sites\/3\/2019\/09\/\u201emindegy-milyen-szem\u00e9tdombon-\u00fcl-csak-\u0151-\u00fclhessen-a-tetej\u00e9n\u201d.jpg","type":"image\/jpeg"}],"author":"hotnewsinworld","twitter_card":"summary_large_image","twitter_misc":{"Szerz\u0151:":"hotnewsinworld","Becs\u00fclt olvas\u00e1si id\u0151":"2 perc"},"schema":{"@context":"https:\/\/schema.org","@graph":[{"@type":"Article","@id":"https:\/\/hotnewsinworld.com\/hu\/mindegy-milyen-szemetdombon-ul-csak-o-ulhessen-a-tetejen\/#article","isPartOf":{"@id":"https:\/\/hotnewsinworld.com\/hu\/mindegy-milyen-szemetdombon-ul-csak-o-ulhessen-a-tetejen\/"},"author":{"name":"hotnewsinworld","@id":"https:\/\/hotnewsinworld.com\/hu\/#\/schema\/person\/fe61448b21c0d59086e75fcc1f9d8f6b"},"headline":"\u201emindegy, milyen szem\u00e9tdombon \u00fcl, csak \u0151 \u00fclhessen a tetej\u00e9n\u201d","datePublished":"2019-09-23T18:46:33+00:00","dateModified":"2019-09-23T18:46:34+00:00","mainEntityOfPage":{"@id":"https:\/\/hotnewsinworld.com\/hu\/mindegy-milyen-szemetdombon-ul-csak-o-ulhessen-a-tetejen\/"},"wordCount":352,"commentCount":0,"image":{"@id":"https:\/\/hotnewsinworld.com\/hu\/mindegy-milyen-szemetdombon-ul-csak-o-ulhessen-a-tetejen\/#primaryimage"},"thumbnailUrl":"https:\/\/hotnewsinworld.com\/hu\/wp-content\/uploads\/sites\/3\/2019\/09\/\u201emindegy-milyen-szem\u00e9tdombon-\u00fcl-csak-\u0151-\u00fclhessen-a-tetej\u00e9n\u201d.jpg","articleSection":["LEG\u00daJABB P\u00c9NZ\u00dcGYI H\u00cdREK"],"inLanguage":"hu","potentialAction":[{"@type":"CommentAction","name":"Comment","target":["https:\/\/hotnewsinworld.com\/hu\/mindegy-milyen-szemetdombon-ul-csak-o-ulhessen-a-tetejen\/#respond"]}]},{"@type":"WebPage","@id":"https:\/\/hotnewsinworld.com\/hu\/mindegy-milyen-szemetdombon-ul-csak-o-ulhessen-a-tetejen\/","url":"https:\/\/hotnewsinworld.com\/hu\/mindegy-milyen-szemetdombon-ul-csak-o-ulhessen-a-tetejen\/","name":"\u201emindegy, milyen szem\u00e9tdombon \u00fcl, csak \u0151 \u00fclhessen a tetej\u00e9n\u201d - Hot News in World","isPartOf":{"@id":"https:\/\/hotnewsinworld.com\/hu\/#website"},"primaryImageOfPage":{"@id":"https:\/\/hotnewsinworld.com\/hu\/mindegy-milyen-szemetdombon-ul-csak-o-ulhessen-a-tetejen\/#primaryimage"},"image":{"@id":"https:\/\/hotnewsinworld.com\/hu\/mindegy-milyen-szemetdombon-ul-csak-o-ulhessen-a-tetejen\/#primaryimage"},"thumbnailUrl":"https:\/\/hotnewsinworld.com\/hu\/wp-content\/uploads\/sites\/3\/2019\/09\/\u201emindegy-milyen-szem\u00e9tdombon-\u00fcl-csak-\u0151-\u00fclhessen-a-tetej\u00e9n\u201d.jpg","datePublished":"2019-09-23T18:46:33+00:00","dateModified":"2019-09-23T18:46:34+00:00","author":{"@id":"https:\/\/hotnewsinworld.com\/hu\/#\/schema\/person\/fe61448b21c0d59086e75fcc1f9d8f6b"},"breadcrumb":{"@id":"https:\/\/hotnewsinworld.com\/hu\/mindegy-milyen-szemetdombon-ul-csak-o-ulhessen-a-tetejen\/#breadcrumb"},"inLanguage":"hu","potentialAction":[{"@type":"ReadAction","target":["https:\/\/hotnewsinworld.com\/hu\/mindegy-milyen-szemetdombon-ul-csak-o-ulhessen-a-tetejen\/"]}]},{"@type":"ImageObject","inLanguage":"hu","@id":"https:\/\/hotnewsinworld.com\/hu\/mindegy-milyen-szemetdombon-ul-csak-o-ulhessen-a-tetejen\/#primaryimage","url":"https:\/\/hotnewsinworld.com\/hu\/wp-content\/uploads\/sites\/3\/2019\/09\/\u201emindegy-milyen-szem\u00e9tdombon-\u00fcl-csak-\u0151-\u00fclhessen-a-tetej\u00e9n\u201d.jpg","contentUrl":"https:\/\/hotnewsinworld.com\/hu\/wp-content\/uploads\/sites\/3\/2019\/09\/\u201emindegy-milyen-szem\u00e9tdombon-\u00fcl-csak-\u0151-\u00fclhessen-a-tetej\u00e9n\u201d.jpg","width":600,"height":315,"caption":"\u201emindegy, milyen szem\u00e9tdombon \u00fcl, csak \u0151 \u00fclhessen a tetej\u00e9n\u201d"},{"@type":"BreadcrumbList","@id":"https:\/\/hotnewsinworld.com\/hu\/mindegy-milyen-szemetdombon-ul-csak-o-ulhessen-a-tetejen\/#breadcrumb","itemListElement":[{"@type":"ListItem","position":1,"name":"\u0413\u043b\u0430\u0432\u043d\u0430\u044f \u0441\u0442\u0440\u0430\u043d\u0438\u0446\u0430","item":"https:\/\/hotnewsinworld.com\/hu\/"},{"@type":"ListItem","position":2,"name":"\u201emindegy, milyen szem\u00e9tdombon \u00fcl, csak \u0151 \u00fclhessen a tetej\u00e9n\u201d"}]},{"@type":"WebSite","@id":"https:\/\/hotnewsinworld.com\/hu\/#website","url":"https:\/\/hotnewsinworld.com\/hu\/","name":"Hot News in World","description":"Hot News in World from Hungary","potentialAction":[{"@type":"SearchAction","target":{"@type":"EntryPoint","urlTemplate":"https:\/\/hotnewsinworld.com\/hu\/?s={search_term_string}"},"query-input":{"@type":"PropertyValueSpecification","valueRequired":true,"valueName":"search_term_string"}}],"inLanguage":"hu"},{"@type":"Person","@id":"https:\/\/hotnewsinworld.com\/hu\/#\/schema\/person\/fe61448b21c0d59086e75fcc1f9d8f6b","name":"hotnewsinworld","image":{"@type":"ImageObject","inLanguage":"hu","@id":"https:\/\/secure.gravatar.com\/avatar\/8a09ac165600ce2e1c38fe593c63928eb1e6e7ba5c5a907d67787c41b3d00c14?s=96&d=mm&r=g","url":"https:\/\/secure.gravatar.com\/avatar\/8a09ac165600ce2e1c38fe593c63928eb1e6e7ba5c5a907d67787c41b3d00c14?s=96&d=mm&r=g","contentUrl":"https:\/\/secure.gravatar.com\/avatar\/8a09ac165600ce2e1c38fe593c63928eb1e6e7ba5c5a907d67787c41b3d00c14?s=96&d=mm&r=g","caption":"hotnewsinworld"},"url":"https:\/\/hotnewsinworld.com\/hu\/author\/pt\/"}]}},"_links":{"self":[{"href":"https:\/\/hotnewsinworld.com\/hu\/wp-json\/wp\/v2\/posts\/2492","targetHints":{"allow":["GET"]}}],"collection":[{"href":"https:\/\/hotnewsinworld.com\/hu\/wp-json\/wp\/v2\/posts"}],"about":[{"href":"https:\/\/hotnewsinworld.com\/hu\/wp-json\/wp\/v2\/types\/post"}],"author":[{"embeddable":true,"href":"https:\/\/hotnewsinworld.com\/hu\/wp-json\/wp\/v2\/users\/2"}],"replies":[{"embeddable":true,"href":"https:\/\/hotnewsinworld.com\/hu\/wp-json\/wp\/v2\/comments?post=2492"}],"version-history":[{"count":1,"href":"https:\/\/hotnewsinworld.com\/hu\/wp-json\/wp\/v2\/posts\/2492\/revisions"}],"predecessor-version":[{"id":2494,"href":"https:\/\/hotnewsinworld.com\/hu\/wp-json\/wp\/v2\/posts\/2492\/revisions\/2494"}],"wp:featuredmedia":[{"embeddable":true,"href":"https:\/\/hotnewsinworld.com\/hu\/wp-json\/wp\/v2\/media\/2493"}],"wp:attachment":[{"href":"https:\/\/hotnewsinworld.com\/hu\/wp-json\/wp\/v2\/media?parent=2492"}],"wp:term":[{"taxonomy":"category","embeddable":true,"href":"https:\/\/hotnewsinworld.com\/hu\/wp-json\/wp\/v2\/categories?post=2492"},{"taxonomy":"post_tag","embeddable":true,"href":"https:\/\/hotnewsinworld.com\/hu\/wp-json\/wp\/v2\/tags?post=2492"}],"curies":[{"name":"wp","href":"https:\/\/api.w.org\/{rel}","templated":true}]}}