{"id":2495,"date":"2019-09-23T23:09:05","date_gmt":"2019-09-23T20:09:05","guid":{"rendered":"https:\/\/hotnewsinworld.com\/hu\/nyugat-europaban-nem-a-problema-orvoslasara-osszpontositanak\/"},"modified":"2019-09-23T23:09:06","modified_gmt":"2019-09-23T20:09:06","slug":"nyugat-europaban-nem-a-problema-orvoslasara-osszpontositanak","status":"publish","type":"post","link":"https:\/\/hotnewsinworld.com\/hu\/nyugat-europaban-nem-a-problema-orvoslasara-osszpontositanak\/","title":{"rendered":"Nyugat-Eur\u00f3p\u00e1ban nem a probl\u00e9ma orvosl\u00e1s\u00e1ra \u00f6sszpontos\u00edtanak"},"content":{"rendered":"<p>\t\t\t\t\tA cikk emailben t\u00f6rt\u00e9n\u0151 elk\u00fcld\u00e9s\u00e9hez kattintson ide, vagy m\u00e1solja le \u00e9s k\u00fcldje el ezt a linket: https:\/\/magyarnemzet.hu\/belfold\/nyugat-europaban-nem-a-problema-orvoslasara-osszpontositanak-7332554\/<\/p>\n<p>\t\t\t\t\t2019. szeptember 23. h\u00e9tf\u0151 21:59<\/p>\n<p>\t\t\t\t\t\t\t\tNyugat-Eur\u00f3p\u00e1ban nem az illeg\u00e1lis bev\u00e1ndorl\u00e1s \u00e1ltal m\u00e1r eddig is okozott probl\u00e9ma orvosl\u00e1s\u00e1ra \u00f6sszpontos\u00edtanak, hanem \u00fajabb t\u00f6megeket akarnak a kontinensre hozni \u2013 jelentette ki Horv\u00e1th J\u00f3zsef titkosszolg\u00e1lati szak\u00e9rt\u0151 az M1 aktu\u00e1lis csatorna h\u00e9tf\u0151 esti m\u0171sor\u00e1ban.\t\t\t\t\t\t\t<\/p>\n<p>\t\t\t\t\tAzt mondta, hogy az embercsemp\u00e9szek minim\u00e1lis kock\u00e1zattal maxim\u00e1lis hasznot realiz\u00e1lnak. A b\u0171n\u00fcld\u00f6z\u00e9s ugyanis gyakorlatilag nem l\u00e9p fel vel\u00fck szemben, nyugati politikusok pedig szinte \u00f6szt\u00f6nzik a bev\u00e1ndorl\u00f3k k\u00f6nnyebb eljut\u00e1s\u00e1t Eur\u00f3p\u00e1ba.<br \/>\nHorv\u00e1th J\u00f3zsef \u00fagy v\u00e9lekedett, hogy ha minden migr\u00e1nst beengednek, akkor \u201e\u00e9rtelmezhetetlenn\u00e9 v\u00e1lik\u201d Nyugat-Eur\u00f3pa biztons\u00e1ga.<\/p>\n<p>\n<!--noindex--><br \/>\n<a href=\"https:\/\/hirek.oldal.info\/rssclick\/14421215\" rel=\"nofollow\">Source link <\/a><br \/>\n<!--\/noindex--><\/p>\n","protected":false},"excerpt":{"rendered":"<p>A cikk emailben t\u00f6rt\u00e9n\u0151 elk\u00fcld\u00e9s\u00e9hez kattintson ide, vagy m\u00e1solja le \u00e9s k\u00fcldje el ezt a linket: https:\/\/magyarnemzet.hu\/belfold\/nyugat-europaban-nem-a-problema-orvoslasara-osszpontositanak-7332554\/ 2019. szeptember 23. h\u00e9tf\u0151 21:59 Nyugat-Eur\u00f3p\u00e1ban nem az illeg\u00e1lis bev\u00e1ndorl\u00e1s \u00e1ltal m\u00e1r eddig is okozott probl\u00e9ma orvosl\u00e1s\u00e1ra \u00f6sszpontos\u00edtanak, hanem \u00fajabb t\u00f6megeket akarnak a kontinensre hozni \u2013 jelentette ki Horv\u00e1th J\u00f3zsef titkosszolg\u00e1lati szak\u00e9rt\u0151 az M1 aktu\u00e1lis csatorna h\u00e9tf\u0151 esti [&hellip;]<\/p>\n","protected":false},"author":2,"featured_media":2496,"comment_status":"open","ping_status":"open","sticky":false,"template":"","format":"standard","meta":{"footnotes":""},"categories":[1],"tags":[],"class_list":["post-2495","post","type-post","status-publish","format-standard","has-post-thumbnail","hentry","category-legujabb-penzugyi-hirek"],"yoast_head":"<!-- This site is optimized with the Yoast SEO plugin v27.4 - https:\/\/yoast.com\/product\/yoast-seo-wordpress\/ -->\n<title>Nyugat-Eur\u00f3p\u00e1ban nem a probl\u00e9ma orvosl\u00e1s\u00e1ra \u00f6sszpontos\u00edtanak - Hot News in World<\/title>\n<meta name=\"robots\" content=\"index, follow, max-snippet:-1, max-image-preview:large, max-video-preview:-1\" \/>\n<link rel=\"canonical\" href=\"https:\/\/hotnewsinworld.com\/hu\/nyugat-europaban-nem-a-problema-orvoslasara-osszpontositanak\/\" \/>\n<meta property=\"og:locale\" content=\"hu_HU\" \/>\n<meta property=\"og:type\" content=\"article\" \/>\n<meta property=\"og:title\" content=\"Nyugat-Eur\u00f3p\u00e1ban nem a probl\u00e9ma orvosl\u00e1s\u00e1ra \u00f6sszpontos\u00edtanak - Hot News in World\" \/>\n<meta property=\"og:description\" content=\"A cikk emailben t\u00f6rt\u00e9n\u0151 elk\u00fcld\u00e9s\u00e9hez kattintson ide, vagy m\u00e1solja le \u00e9s k\u00fcldje el ezt a linket: https:\/\/magyarnemzet.hu\/belfold\/nyugat-europaban-nem-a-problema-orvoslasara-osszpontositanak-7332554\/ 2019. szeptember 23. h\u00e9tf\u0151 21:59 Nyugat-Eur\u00f3p\u00e1ban nem az illeg\u00e1lis bev\u00e1ndorl\u00e1s \u00e1ltal m\u00e1r eddig is okozott probl\u00e9ma orvosl\u00e1s\u00e1ra \u00f6sszpontos\u00edtanak, hanem \u00fajabb t\u00f6megeket akarnak a kontinensre hozni \u2013 jelentette ki Horv\u00e1th J\u00f3zsef titkosszolg\u00e1lati szak\u00e9rt\u0151 az M1 aktu\u00e1lis csatorna h\u00e9tf\u0151 esti [&hellip;]\" \/>\n<meta property=\"og:url\" content=\"https:\/\/hotnewsinworld.com\/hu\/nyugat-europaban-nem-a-problema-orvoslasara-osszpontositanak\/\" \/>\n<meta property=\"og:site_name\" content=\"Hot News in World\" \/>\n<meta property=\"article:published_time\" content=\"2019-09-23T20:09:05+00:00\" \/>\n<meta property=\"article:modified_time\" content=\"2019-09-23T20:09:06+00:00\" \/>\n<meta property=\"og:image\" content=\"https:\/\/hotnewsinworld.com\/hu\/wp-content\/uploads\/sites\/3\/2019\/09\/Nyugat-Eur\u00f3p\u00e1ban-nem-a-probl\u00e9ma-orvosl\u00e1s\u00e1ra-\u00f6sszpontos\u00edtanak.png\" \/>\n\t<meta property=\"og:image:width\" content=\"1200\" \/>\n\t<meta property=\"og:image:height\" content=\"630\" \/>\n\t<meta property=\"og:image:type\" content=\"image\/png\" \/>\n<meta name=\"author\" content=\"hotnewsinworld\" \/>\n<meta name=\"twitter:card\" content=\"summary_large_image\" \/>\n<meta name=\"twitter:label1\" content=\"Szerz\u0151:\" \/>\n\t<meta name=\"twitter:data1\" content=\"hotnewsinworld\" \/>\n\t<meta name=\"twitter:label2\" content=\"Becs\u00fclt olvas\u00e1si id\u0151\" \/>\n\t<meta name=\"twitter:data2\" content=\"1 perc\" \/>\n<script type=\"application\/ld+json\" class=\"yoast-schema-graph\">{\"@context\":\"https:\\\/\\\/schema.org\",\"@graph\":[{\"@type\":\"Article\",\"@id\":\"https:\\\/\\\/hotnewsinworld.com\\\/hu\\\/nyugat-europaban-nem-a-problema-orvoslasara-osszpontositanak\\\/#article\",\"isPartOf\":{\"@id\":\"https:\\\/\\\/hotnewsinworld.com\\\/hu\\\/nyugat-europaban-nem-a-problema-orvoslasara-osszpontositanak\\\/\"},\"author\":{\"name\":\"hotnewsinworld\",\"@id\":\"https:\\\/\\\/hotnewsinworld.com\\\/hu\\\/#\\\/schema\\\/person\\\/fe61448b21c0d59086e75fcc1f9d8f6b\"},\"headline\":\"Nyugat-Eur\u00f3p\u00e1ban nem a probl\u00e9ma orvosl\u00e1s\u00e1ra \u00f6sszpontos\u00edtanak\",\"datePublished\":\"2019-09-23T20:09:05+00:00\",\"dateModified\":\"2019-09-23T20:09:06+00:00\",\"mainEntityOfPage\":{\"@id\":\"https:\\\/\\\/hotnewsinworld.com\\\/hu\\\/nyugat-europaban-nem-a-problema-orvoslasara-osszpontositanak\\\/\"},\"wordCount\":166,\"commentCount\":0,\"image\":{\"@id\":\"https:\\\/\\\/hotnewsinworld.com\\\/hu\\\/nyugat-europaban-nem-a-problema-orvoslasara-osszpontositanak\\\/#primaryimage\"},\"thumbnailUrl\":\"https:\\\/\\\/hotnewsinworld.com\\\/hu\\\/wp-content\\\/uploads\\\/sites\\\/3\\\/2019\\\/09\\\/Nyugat-Eur\u00f3p\u00e1ban-nem-a-probl\u00e9ma-orvosl\u00e1s\u00e1ra-\u00f6sszpontos\u00edtanak.png\",\"articleSection\":[\"LEG\u00daJABB P\u00c9NZ\u00dcGYI H\u00cdREK\"],\"inLanguage\":\"hu\",\"potentialAction\":[{\"@type\":\"CommentAction\",\"name\":\"Comment\",\"target\":[\"https:\\\/\\\/hotnewsinworld.com\\\/hu\\\/nyugat-europaban-nem-a-problema-orvoslasara-osszpontositanak\\\/#respond\"]}]},{\"@type\":\"WebPage\",\"@id\":\"https:\\\/\\\/hotnewsinworld.com\\\/hu\\\/nyugat-europaban-nem-a-problema-orvoslasara-osszpontositanak\\\/\",\"url\":\"https:\\\/\\\/hotnewsinworld.com\\\/hu\\\/nyugat-europaban-nem-a-problema-orvoslasara-osszpontositanak\\\/\",\"name\":\"Nyugat-Eur\u00f3p\u00e1ban nem a probl\u00e9ma orvosl\u00e1s\u00e1ra \u00f6sszpontos\u00edtanak - Hot News in World\",\"isPartOf\":{\"@id\":\"https:\\\/\\\/hotnewsinworld.com\\\/hu\\\/#website\"},\"primaryImageOfPage\":{\"@id\":\"https:\\\/\\\/hotnewsinworld.com\\\/hu\\\/nyugat-europaban-nem-a-problema-orvoslasara-osszpontositanak\\\/#primaryimage\"},\"image\":{\"@id\":\"https:\\\/\\\/hotnewsinworld.com\\\/hu\\\/nyugat-europaban-nem-a-problema-orvoslasara-osszpontositanak\\\/#primaryimage\"},\"thumbnailUrl\":\"https:\\\/\\\/hotnewsinworld.com\\\/hu\\\/wp-content\\\/uploads\\\/sites\\\/3\\\/2019\\\/09\\\/Nyugat-Eur\u00f3p\u00e1ban-nem-a-probl\u00e9ma-orvosl\u00e1s\u00e1ra-\u00f6sszpontos\u00edtanak.png\",\"datePublished\":\"2019-09-23T20:09:05+00:00\",\"dateModified\":\"2019-09-23T20:09:06+00:00\",\"author\":{\"@id\":\"https:\\\/\\\/hotnewsinworld.com\\\/hu\\\/#\\\/schema\\\/person\\\/fe61448b21c0d59086e75fcc1f9d8f6b\"},\"breadcrumb\":{\"@id\":\"https:\\\/\\\/hotnewsinworld.com\\\/hu\\\/nyugat-europaban-nem-a-problema-orvoslasara-osszpontositanak\\\/#breadcrumb\"},\"inLanguage\":\"hu\",\"potentialAction\":[{\"@type\":\"ReadAction\",\"target\":[\"https:\\\/\\\/hotnewsinworld.com\\\/hu\\\/nyugat-europaban-nem-a-problema-orvoslasara-osszpontositanak\\\/\"]}]},{\"@type\":\"ImageObject\",\"inLanguage\":\"hu\",\"@id\":\"https:\\\/\\\/hotnewsinworld.com\\\/hu\\\/nyugat-europaban-nem-a-problema-orvoslasara-osszpontositanak\\\/#primaryimage\",\"url\":\"https:\\\/\\\/hotnewsinworld.com\\\/hu\\\/wp-content\\\/uploads\\\/sites\\\/3\\\/2019\\\/09\\\/Nyugat-Eur\u00f3p\u00e1ban-nem-a-probl\u00e9ma-orvosl\u00e1s\u00e1ra-\u00f6sszpontos\u00edtanak.png\",\"contentUrl\":\"https:\\\/\\\/hotnewsinworld.com\\\/hu\\\/wp-content\\\/uploads\\\/sites\\\/3\\\/2019\\\/09\\\/Nyugat-Eur\u00f3p\u00e1ban-nem-a-probl\u00e9ma-orvosl\u00e1s\u00e1ra-\u00f6sszpontos\u00edtanak.png\",\"width\":1200,\"height\":630,\"caption\":\"Nyugat-Eur\u00f3p\u00e1ban nem a probl\u00e9ma orvosl\u00e1s\u00e1ra \u00f6sszpontos\u00edtanak\"},{\"@type\":\"BreadcrumbList\",\"@id\":\"https:\\\/\\\/hotnewsinworld.com\\\/hu\\\/nyugat-europaban-nem-a-problema-orvoslasara-osszpontositanak\\\/#breadcrumb\",\"itemListElement\":[{\"@type\":\"ListItem\",\"position\":1,\"name\":\"\u0413\u043b\u0430\u0432\u043d\u0430\u044f \u0441\u0442\u0440\u0430\u043d\u0438\u0446\u0430\",\"item\":\"https:\\\/\\\/hotnewsinworld.com\\\/hu\\\/\"},{\"@type\":\"ListItem\",\"position\":2,\"name\":\"Nyugat-Eur\u00f3p\u00e1ban nem a probl\u00e9ma orvosl\u00e1s\u00e1ra \u00f6sszpontos\u00edtanak\"}]},{\"@type\":\"WebSite\",\"@id\":\"https:\\\/\\\/hotnewsinworld.com\\\/hu\\\/#website\",\"url\":\"https:\\\/\\\/hotnewsinworld.com\\\/hu\\\/\",\"name\":\"Hot News in World\",\"description\":\"Hot News in World from Hungary\",\"potentialAction\":[{\"@type\":\"SearchAction\",\"target\":{\"@type\":\"EntryPoint\",\"urlTemplate\":\"https:\\\/\\\/hotnewsinworld.com\\\/hu\\\/?s={search_term_string}\"},\"query-input\":{\"@type\":\"PropertyValueSpecification\",\"valueRequired\":true,\"valueName\":\"search_term_string\"}}],\"inLanguage\":\"hu\"},{\"@type\":\"Person\",\"@id\":\"https:\\\/\\\/hotnewsinworld.com\\\/hu\\\/#\\\/schema\\\/person\\\/fe61448b21c0d59086e75fcc1f9d8f6b\",\"name\":\"hotnewsinworld\",\"image\":{\"@type\":\"ImageObject\",\"inLanguage\":\"hu\",\"@id\":\"https:\\\/\\\/secure.gravatar.com\\\/avatar\\\/8a09ac165600ce2e1c38fe593c63928eb1e6e7ba5c5a907d67787c41b3d00c14?s=96&d=mm&r=g\",\"url\":\"https:\\\/\\\/secure.gravatar.com\\\/avatar\\\/8a09ac165600ce2e1c38fe593c63928eb1e6e7ba5c5a907d67787c41b3d00c14?s=96&d=mm&r=g\",\"contentUrl\":\"https:\\\/\\\/secure.gravatar.com\\\/avatar\\\/8a09ac165600ce2e1c38fe593c63928eb1e6e7ba5c5a907d67787c41b3d00c14?s=96&d=mm&r=g\",\"caption\":\"hotnewsinworld\"},\"url\":\"https:\\\/\\\/hotnewsinworld.com\\\/hu\\\/author\\\/pt\\\/\"}]}<\/script>\n<!-- \/ Yoast SEO plugin. -->","yoast_head_json":{"title":"Nyugat-Eur\u00f3p\u00e1ban nem a probl\u00e9ma orvosl\u00e1s\u00e1ra \u00f6sszpontos\u00edtanak - Hot News in World","robots":{"index":"index","follow":"follow","max-snippet":"max-snippet:-1","max-image-preview":"max-image-preview:large","max-video-preview":"max-video-preview:-1"},"canonical":"https:\/\/hotnewsinworld.com\/hu\/nyugat-europaban-nem-a-problema-orvoslasara-osszpontositanak\/","og_locale":"hu_HU","og_type":"article","og_title":"Nyugat-Eur\u00f3p\u00e1ban nem a probl\u00e9ma orvosl\u00e1s\u00e1ra \u00f6sszpontos\u00edtanak - Hot News in World","og_description":"A cikk emailben t\u00f6rt\u00e9n\u0151 elk\u00fcld\u00e9s\u00e9hez kattintson ide, vagy m\u00e1solja le \u00e9s k\u00fcldje el ezt a linket: https:\/\/magyarnemzet.hu\/belfold\/nyugat-europaban-nem-a-problema-orvoslasara-osszpontositanak-7332554\/ 2019. szeptember 23. h\u00e9tf\u0151 21:59 Nyugat-Eur\u00f3p\u00e1ban nem az illeg\u00e1lis bev\u00e1ndorl\u00e1s \u00e1ltal m\u00e1r eddig is okozott probl\u00e9ma orvosl\u00e1s\u00e1ra \u00f6sszpontos\u00edtanak, hanem \u00fajabb t\u00f6megeket akarnak a kontinensre hozni \u2013 jelentette ki Horv\u00e1th J\u00f3zsef titkosszolg\u00e1lati szak\u00e9rt\u0151 az M1 aktu\u00e1lis csatorna h\u00e9tf\u0151 esti [&hellip;]","og_url":"https:\/\/hotnewsinworld.com\/hu\/nyugat-europaban-nem-a-problema-orvoslasara-osszpontositanak\/","og_site_name":"Hot News in World","article_published_time":"2019-09-23T20:09:05+00:00","article_modified_time":"2019-09-23T20:09:06+00:00","og_image":[{"width":1200,"height":630,"url":"https:\/\/hotnewsinworld.com\/hu\/wp-content\/uploads\/sites\/3\/2019\/09\/Nyugat-Eur\u00f3p\u00e1ban-nem-a-probl\u00e9ma-orvosl\u00e1s\u00e1ra-\u00f6sszpontos\u00edtanak.png","type":"image\/png"}],"author":"hotnewsinworld","twitter_card":"summary_large_image","twitter_misc":{"Szerz\u0151:":"hotnewsinworld","Becs\u00fclt olvas\u00e1si id\u0151":"1 perc"},"schema":{"@context":"https:\/\/schema.org","@graph":[{"@type":"Article","@id":"https:\/\/hotnewsinworld.com\/hu\/nyugat-europaban-nem-a-problema-orvoslasara-osszpontositanak\/#article","isPartOf":{"@id":"https:\/\/hotnewsinworld.com\/hu\/nyugat-europaban-nem-a-problema-orvoslasara-osszpontositanak\/"},"author":{"name":"hotnewsinworld","@id":"https:\/\/hotnewsinworld.com\/hu\/#\/schema\/person\/fe61448b21c0d59086e75fcc1f9d8f6b"},"headline":"Nyugat-Eur\u00f3p\u00e1ban nem a probl\u00e9ma orvosl\u00e1s\u00e1ra \u00f6sszpontos\u00edtanak","datePublished":"2019-09-23T20:09:05+00:00","dateModified":"2019-09-23T20:09:06+00:00","mainEntityOfPage":{"@id":"https:\/\/hotnewsinworld.com\/hu\/nyugat-europaban-nem-a-problema-orvoslasara-osszpontositanak\/"},"wordCount":166,"commentCount":0,"image":{"@id":"https:\/\/hotnewsinworld.com\/hu\/nyugat-europaban-nem-a-problema-orvoslasara-osszpontositanak\/#primaryimage"},"thumbnailUrl":"https:\/\/hotnewsinworld.com\/hu\/wp-content\/uploads\/sites\/3\/2019\/09\/Nyugat-Eur\u00f3p\u00e1ban-nem-a-probl\u00e9ma-orvosl\u00e1s\u00e1ra-\u00f6sszpontos\u00edtanak.png","articleSection":["LEG\u00daJABB P\u00c9NZ\u00dcGYI H\u00cdREK"],"inLanguage":"hu","potentialAction":[{"@type":"CommentAction","name":"Comment","target":["https:\/\/hotnewsinworld.com\/hu\/nyugat-europaban-nem-a-problema-orvoslasara-osszpontositanak\/#respond"]}]},{"@type":"WebPage","@id":"https:\/\/hotnewsinworld.com\/hu\/nyugat-europaban-nem-a-problema-orvoslasara-osszpontositanak\/","url":"https:\/\/hotnewsinworld.com\/hu\/nyugat-europaban-nem-a-problema-orvoslasara-osszpontositanak\/","name":"Nyugat-Eur\u00f3p\u00e1ban nem a probl\u00e9ma orvosl\u00e1s\u00e1ra \u00f6sszpontos\u00edtanak - Hot News in World","isPartOf":{"@id":"https:\/\/hotnewsinworld.com\/hu\/#website"},"primaryImageOfPage":{"@id":"https:\/\/hotnewsinworld.com\/hu\/nyugat-europaban-nem-a-problema-orvoslasara-osszpontositanak\/#primaryimage"},"image":{"@id":"https:\/\/hotnewsinworld.com\/hu\/nyugat-europaban-nem-a-problema-orvoslasara-osszpontositanak\/#primaryimage"},"thumbnailUrl":"https:\/\/hotnewsinworld.com\/hu\/wp-content\/uploads\/sites\/3\/2019\/09\/Nyugat-Eur\u00f3p\u00e1ban-nem-a-probl\u00e9ma-orvosl\u00e1s\u00e1ra-\u00f6sszpontos\u00edtanak.png","datePublished":"2019-09-23T20:09:05+00:00","dateModified":"2019-09-23T20:09:06+00:00","author":{"@id":"https:\/\/hotnewsinworld.com\/hu\/#\/schema\/person\/fe61448b21c0d59086e75fcc1f9d8f6b"},"breadcrumb":{"@id":"https:\/\/hotnewsinworld.com\/hu\/nyugat-europaban-nem-a-problema-orvoslasara-osszpontositanak\/#breadcrumb"},"inLanguage":"hu","potentialAction":[{"@type":"ReadAction","target":["https:\/\/hotnewsinworld.com\/hu\/nyugat-europaban-nem-a-problema-orvoslasara-osszpontositanak\/"]}]},{"@type":"ImageObject","inLanguage":"hu","@id":"https:\/\/hotnewsinworld.com\/hu\/nyugat-europaban-nem-a-problema-orvoslasara-osszpontositanak\/#primaryimage","url":"https:\/\/hotnewsinworld.com\/hu\/wp-content\/uploads\/sites\/3\/2019\/09\/Nyugat-Eur\u00f3p\u00e1ban-nem-a-probl\u00e9ma-orvosl\u00e1s\u00e1ra-\u00f6sszpontos\u00edtanak.png","contentUrl":"https:\/\/hotnewsinworld.com\/hu\/wp-content\/uploads\/sites\/3\/2019\/09\/Nyugat-Eur\u00f3p\u00e1ban-nem-a-probl\u00e9ma-orvosl\u00e1s\u00e1ra-\u00f6sszpontos\u00edtanak.png","width":1200,"height":630,"caption":"Nyugat-Eur\u00f3p\u00e1ban nem a probl\u00e9ma orvosl\u00e1s\u00e1ra \u00f6sszpontos\u00edtanak"},{"@type":"BreadcrumbList","@id":"https:\/\/hotnewsinworld.com\/hu\/nyugat-europaban-nem-a-problema-orvoslasara-osszpontositanak\/#breadcrumb","itemListElement":[{"@type":"ListItem","position":1,"name":"\u0413\u043b\u0430\u0432\u043d\u0430\u044f \u0441\u0442\u0440\u0430\u043d\u0438\u0446\u0430","item":"https:\/\/hotnewsinworld.com\/hu\/"},{"@type":"ListItem","position":2,"name":"Nyugat-Eur\u00f3p\u00e1ban nem a probl\u00e9ma orvosl\u00e1s\u00e1ra \u00f6sszpontos\u00edtanak"}]},{"@type":"WebSite","@id":"https:\/\/hotnewsinworld.com\/hu\/#website","url":"https:\/\/hotnewsinworld.com\/hu\/","name":"Hot News in World","description":"Hot News in World from Hungary","potentialAction":[{"@type":"SearchAction","target":{"@type":"EntryPoint","urlTemplate":"https:\/\/hotnewsinworld.com\/hu\/?s={search_term_string}"},"query-input":{"@type":"PropertyValueSpecification","valueRequired":true,"valueName":"search_term_string"}}],"inLanguage":"hu"},{"@type":"Person","@id":"https:\/\/hotnewsinworld.com\/hu\/#\/schema\/person\/fe61448b21c0d59086e75fcc1f9d8f6b","name":"hotnewsinworld","image":{"@type":"ImageObject","inLanguage":"hu","@id":"https:\/\/secure.gravatar.com\/avatar\/8a09ac165600ce2e1c38fe593c63928eb1e6e7ba5c5a907d67787c41b3d00c14?s=96&d=mm&r=g","url":"https:\/\/secure.gravatar.com\/avatar\/8a09ac165600ce2e1c38fe593c63928eb1e6e7ba5c5a907d67787c41b3d00c14?s=96&d=mm&r=g","contentUrl":"https:\/\/secure.gravatar.com\/avatar\/8a09ac165600ce2e1c38fe593c63928eb1e6e7ba5c5a907d67787c41b3d00c14?s=96&d=mm&r=g","caption":"hotnewsinworld"},"url":"https:\/\/hotnewsinworld.com\/hu\/author\/pt\/"}]}},"_links":{"self":[{"href":"https:\/\/hotnewsinworld.com\/hu\/wp-json\/wp\/v2\/posts\/2495","targetHints":{"allow":["GET"]}}],"collection":[{"href":"https:\/\/hotnewsinworld.com\/hu\/wp-json\/wp\/v2\/posts"}],"about":[{"href":"https:\/\/hotnewsinworld.com\/hu\/wp-json\/wp\/v2\/types\/post"}],"author":[{"embeddable":true,"href":"https:\/\/hotnewsinworld.com\/hu\/wp-json\/wp\/v2\/users\/2"}],"replies":[{"embeddable":true,"href":"https:\/\/hotnewsinworld.com\/hu\/wp-json\/wp\/v2\/comments?post=2495"}],"version-history":[{"count":1,"href":"https:\/\/hotnewsinworld.com\/hu\/wp-json\/wp\/v2\/posts\/2495\/revisions"}],"predecessor-version":[{"id":2497,"href":"https:\/\/hotnewsinworld.com\/hu\/wp-json\/wp\/v2\/posts\/2495\/revisions\/2497"}],"wp:featuredmedia":[{"embeddable":true,"href":"https:\/\/hotnewsinworld.com\/hu\/wp-json\/wp\/v2\/media\/2496"}],"wp:attachment":[{"href":"https:\/\/hotnewsinworld.com\/hu\/wp-json\/wp\/v2\/media?parent=2495"}],"wp:term":[{"taxonomy":"category","embeddable":true,"href":"https:\/\/hotnewsinworld.com\/hu\/wp-json\/wp\/v2\/categories?post=2495"},{"taxonomy":"post_tag","embeddable":true,"href":"https:\/\/hotnewsinworld.com\/hu\/wp-json\/wp\/v2\/tags?post=2495"}],"curies":[{"name":"wp","href":"https:\/\/api.w.org\/{rel}","templated":true}]}}