{"id":2498,"date":"2019-09-24T00:27:40","date_gmt":"2019-09-23T21:27:40","guid":{"rendered":"https:\/\/hotnewsinworld.com\/hu\/tarlos-nem-kezdek-egybol-sipakolni-amikor-az-en-rendezvenyeimet-zavarjak-meg\/"},"modified":"2019-09-24T00:27:41","modified_gmt":"2019-09-23T21:27:41","slug":"tarlos-nem-kezdek-egybol-sipakolni-amikor-az-en-rendezvenyeimet-zavarjak-meg","status":"publish","type":"post","link":"https:\/\/hotnewsinworld.com\/hu\/tarlos-nem-kezdek-egybol-sipakolni-amikor-az-en-rendezvenyeimet-zavarjak-meg\/","title":{"rendered":"Tarl\u00f3s: Nem kezdek egyb\u0151l sip\u00e1kolni, amikor az \u00e9n rendezv\u00e9nyeimet zavarj\u00e1k meg"},"content":{"rendered":"<p>            Az internet n\u00e9pe \u00e9s a f\u00e9l magyar sajt\u00f3 is a nyom\u00e1ban van annak a motorcs\u00f3naktulajdonosnak, aki vas\u00e1rnap a Fidelitas\u00e9ra er\u0151sen hasonl\u00edt\u00f3 zen\u00e9vel \u00e9s m\u00f3dszerrel pr\u00f3b\u00e1lta megzavarni az ellenz\u00e9k f\u0151polg\u00e1rmester-jel\u00f6ltj\u00e9nek sajt\u00f3t\u00e1j\u00e9koztat\u00f3j\u00e1t.<\/p>\n<p>Fot\u00f3: MTI\/Kov\u00e1cs Tam\u00e1s<br \/>\nA\u00a0Fidelitas nev\u00e9ben Nagy M\u00e1t\u00e9 sajt\u00f3s a hvg.hu-val azt k\u00f6z\u00f6lte,\u00a0&#8222;a k\u00e9rd\u00e9ses akci\u00f3t nem a Fidelitas szervezte\u201d,\u00a0arra pedig nem v\u00e1laszolt, hogy\u00a0mennyibe ker\u00fcl pontosan \u00e9s mib\u0151l finansz\u00edrozza a Fidelitas a szeptember elej\u00e9n ind\u00edtott &#8222;Budapest nem cirkusz&#8221; kamp\u00e1nyt.<br \/>\nTarl\u00f3s Istv\u00e1n f\u0151polg\u00e1rmester az esetr\u0151l az al\u00e1bbiakat \u00edrta a hvg.hu-nak:<br \/>\n&#13;<br \/>\n\u00c9n nem ir\u00e1ny\u00edtom a Fidelitas akci\u00f3it, nem is k\u00e9rtem semmi hasonl\u00f3t, mint ami t\u00f6rt\u00e9nt. Azt azonban szeretn\u00e9m megjegyezni, hogy Kar\u00e1csony emberei t\u00f6bb alkalommal szint\u00e9n megzavart\u00e1k az \u00e9n rendezv\u00e9nyeimet. Ez t\u00f6rt\u00e9nt \u2013 m\u00e9g a Tordai-eset el\u0151tt \u2013, amikor a Doh\u00e1ny utc\u00e1ban hangosbesz\u00e9l\u0151kkel jelentek meg egy esem\u00e9nyen, ahol jelen voltam, csak \u00e9n nem kezdek el ett\u0151l azonnal sip\u00e1kolni.&#13;<\/p>\n<p>\n<!--noindex--><br \/>\n<a href=\"https:\/\/hirek.oldal.info\/rssclick\/14421303\" rel=\"nofollow\">Source link <\/a><br \/>\n<!--\/noindex--><\/p>\n","protected":false},"excerpt":{"rendered":"<p>Az internet n\u00e9pe \u00e9s a f\u00e9l magyar sajt\u00f3 is a nyom\u00e1ban van annak a motorcs\u00f3naktulajdonosnak, aki vas\u00e1rnap a Fidelitas\u00e9ra er\u0151sen hasonl\u00edt\u00f3 zen\u00e9vel \u00e9s m\u00f3dszerrel pr\u00f3b\u00e1lta megzavarni az ellenz\u00e9k f\u0151polg\u00e1rmester-jel\u00f6ltj\u00e9nek sajt\u00f3t\u00e1j\u00e9koztat\u00f3j\u00e1t. Fot\u00f3: MTI\/Kov\u00e1cs Tam\u00e1s A\u00a0Fidelitas nev\u00e9ben Nagy M\u00e1t\u00e9 sajt\u00f3s a hvg.hu-val azt k\u00f6z\u00f6lte,\u00a0&#8222;a k\u00e9rd\u00e9ses akci\u00f3t nem a Fidelitas szervezte\u201d,\u00a0arra pedig nem v\u00e1laszolt, hogy\u00a0mennyibe ker\u00fcl pontosan \u00e9s [&hellip;]<\/p>\n","protected":false},"author":2,"featured_media":2499,"comment_status":"open","ping_status":"open","sticky":false,"template":"","format":"standard","meta":{"footnotes":""},"categories":[1],"tags":[],"class_list":["post-2498","post","type-post","status-publish","format-standard","has-post-thumbnail","hentry","category-legujabb-penzugyi-hirek"],"yoast_head":"<!-- This site is optimized with the Yoast SEO plugin v27.4 - https:\/\/yoast.com\/product\/yoast-seo-wordpress\/ -->\n<title>Tarl\u00f3s: Nem kezdek egyb\u0151l sip\u00e1kolni, amikor az \u00e9n rendezv\u00e9nyeimet zavarj\u00e1k meg - Hot News in World<\/title>\n<meta name=\"robots\" content=\"index, follow, max-snippet:-1, max-image-preview:large, max-video-preview:-1\" \/>\n<link rel=\"canonical\" href=\"https:\/\/hotnewsinworld.com\/hu\/tarlos-nem-kezdek-egybol-sipakolni-amikor-az-en-rendezvenyeimet-zavarjak-meg\/\" \/>\n<meta property=\"og:locale\" content=\"hu_HU\" \/>\n<meta property=\"og:type\" content=\"article\" \/>\n<meta property=\"og:title\" content=\"Tarl\u00f3s: Nem kezdek egyb\u0151l sip\u00e1kolni, amikor az \u00e9n rendezv\u00e9nyeimet zavarj\u00e1k meg - Hot News in World\" \/>\n<meta property=\"og:description\" content=\"Az internet n\u00e9pe \u00e9s a f\u00e9l magyar sajt\u00f3 is a nyom\u00e1ban van annak a motorcs\u00f3naktulajdonosnak, aki vas\u00e1rnap a Fidelitas\u00e9ra er\u0151sen hasonl\u00edt\u00f3 zen\u00e9vel \u00e9s m\u00f3dszerrel pr\u00f3b\u00e1lta megzavarni az ellenz\u00e9k f\u0151polg\u00e1rmester-jel\u00f6ltj\u00e9nek sajt\u00f3t\u00e1j\u00e9koztat\u00f3j\u00e1t. Fot\u00f3: MTI\/Kov\u00e1cs Tam\u00e1s A\u00a0Fidelitas nev\u00e9ben Nagy M\u00e1t\u00e9 sajt\u00f3s a hvg.hu-val azt k\u00f6z\u00f6lte,\u00a0&#8222;a k\u00e9rd\u00e9ses akci\u00f3t nem a Fidelitas szervezte\u201d,\u00a0arra pedig nem v\u00e1laszolt, hogy\u00a0mennyibe ker\u00fcl pontosan \u00e9s [&hellip;]\" \/>\n<meta property=\"og:url\" content=\"https:\/\/hotnewsinworld.com\/hu\/tarlos-nem-kezdek-egybol-sipakolni-amikor-az-en-rendezvenyeimet-zavarjak-meg\/\" \/>\n<meta property=\"og:site_name\" content=\"Hot News in World\" \/>\n<meta property=\"article:published_time\" content=\"2019-09-23T21:27:40+00:00\" \/>\n<meta property=\"article:modified_time\" content=\"2019-09-23T21:27:41+00:00\" \/>\n<meta property=\"og:image\" content=\"https:\/\/hotnewsinworld.com\/hu\/wp-content\/uploads\/sites\/3\/2019\/09\/Tarl\u00f3s-Nem-kezdek-egyb\u0151l-sip\u00e1kolni-amikor-az-\u00e9n-rendezv\u00e9nyeimet-zavarj\u00e1k.jpg\" \/>\n\t<meta property=\"og:image:width\" content=\"768\" \/>\n\t<meta property=\"og:image:height\" content=\"434\" \/>\n\t<meta property=\"og:image:type\" content=\"image\/jpeg\" \/>\n<meta name=\"author\" content=\"hotnewsinworld\" \/>\n<meta name=\"twitter:card\" content=\"summary_large_image\" \/>\n<meta name=\"twitter:label1\" content=\"Szerz\u0151:\" \/>\n\t<meta name=\"twitter:data1\" content=\"hotnewsinworld\" \/>\n\t<meta name=\"twitter:label2\" content=\"Becs\u00fclt olvas\u00e1si id\u0151\" \/>\n\t<meta name=\"twitter:data2\" content=\"1 perc\" \/>\n<script type=\"application\/ld+json\" class=\"yoast-schema-graph\">{\"@context\":\"https:\\\/\\\/schema.org\",\"@graph\":[{\"@type\":\"Article\",\"@id\":\"https:\\\/\\\/hotnewsinworld.com\\\/hu\\\/tarlos-nem-kezdek-egybol-sipakolni-amikor-az-en-rendezvenyeimet-zavarjak-meg\\\/#article\",\"isPartOf\":{\"@id\":\"https:\\\/\\\/hotnewsinworld.com\\\/hu\\\/tarlos-nem-kezdek-egybol-sipakolni-amikor-az-en-rendezvenyeimet-zavarjak-meg\\\/\"},\"author\":{\"name\":\"hotnewsinworld\",\"@id\":\"https:\\\/\\\/hotnewsinworld.com\\\/hu\\\/#\\\/schema\\\/person\\\/fe61448b21c0d59086e75fcc1f9d8f6b\"},\"headline\":\"Tarl\u00f3s: Nem kezdek egyb\u0151l sip\u00e1kolni, amikor az \u00e9n rendezv\u00e9nyeimet zavarj\u00e1k meg\",\"datePublished\":\"2019-09-23T21:27:40+00:00\",\"dateModified\":\"2019-09-23T21:27:41+00:00\",\"mainEntityOfPage\":{\"@id\":\"https:\\\/\\\/hotnewsinworld.com\\\/hu\\\/tarlos-nem-kezdek-egybol-sipakolni-amikor-az-en-rendezvenyeimet-zavarjak-meg\\\/\"},\"wordCount\":225,\"commentCount\":0,\"image\":{\"@id\":\"https:\\\/\\\/hotnewsinworld.com\\\/hu\\\/tarlos-nem-kezdek-egybol-sipakolni-amikor-az-en-rendezvenyeimet-zavarjak-meg\\\/#primaryimage\"},\"thumbnailUrl\":\"https:\\\/\\\/hotnewsinworld.com\\\/hu\\\/wp-content\\\/uploads\\\/sites\\\/3\\\/2019\\\/09\\\/Tarl\u00f3s-Nem-kezdek-egyb\u0151l-sip\u00e1kolni-amikor-az-\u00e9n-rendezv\u00e9nyeimet-zavarj\u00e1k.jpg\",\"articleSection\":[\"LEG\u00daJABB P\u00c9NZ\u00dcGYI H\u00cdREK\"],\"inLanguage\":\"hu\",\"potentialAction\":[{\"@type\":\"CommentAction\",\"name\":\"Comment\",\"target\":[\"https:\\\/\\\/hotnewsinworld.com\\\/hu\\\/tarlos-nem-kezdek-egybol-sipakolni-amikor-az-en-rendezvenyeimet-zavarjak-meg\\\/#respond\"]}]},{\"@type\":\"WebPage\",\"@id\":\"https:\\\/\\\/hotnewsinworld.com\\\/hu\\\/tarlos-nem-kezdek-egybol-sipakolni-amikor-az-en-rendezvenyeimet-zavarjak-meg\\\/\",\"url\":\"https:\\\/\\\/hotnewsinworld.com\\\/hu\\\/tarlos-nem-kezdek-egybol-sipakolni-amikor-az-en-rendezvenyeimet-zavarjak-meg\\\/\",\"name\":\"Tarl\u00f3s: Nem kezdek egyb\u0151l sip\u00e1kolni, amikor az \u00e9n rendezv\u00e9nyeimet zavarj\u00e1k meg - Hot News in World\",\"isPartOf\":{\"@id\":\"https:\\\/\\\/hotnewsinworld.com\\\/hu\\\/#website\"},\"primaryImageOfPage\":{\"@id\":\"https:\\\/\\\/hotnewsinworld.com\\\/hu\\\/tarlos-nem-kezdek-egybol-sipakolni-amikor-az-en-rendezvenyeimet-zavarjak-meg\\\/#primaryimage\"},\"image\":{\"@id\":\"https:\\\/\\\/hotnewsinworld.com\\\/hu\\\/tarlos-nem-kezdek-egybol-sipakolni-amikor-az-en-rendezvenyeimet-zavarjak-meg\\\/#primaryimage\"},\"thumbnailUrl\":\"https:\\\/\\\/hotnewsinworld.com\\\/hu\\\/wp-content\\\/uploads\\\/sites\\\/3\\\/2019\\\/09\\\/Tarl\u00f3s-Nem-kezdek-egyb\u0151l-sip\u00e1kolni-amikor-az-\u00e9n-rendezv\u00e9nyeimet-zavarj\u00e1k.jpg\",\"datePublished\":\"2019-09-23T21:27:40+00:00\",\"dateModified\":\"2019-09-23T21:27:41+00:00\",\"author\":{\"@id\":\"https:\\\/\\\/hotnewsinworld.com\\\/hu\\\/#\\\/schema\\\/person\\\/fe61448b21c0d59086e75fcc1f9d8f6b\"},\"breadcrumb\":{\"@id\":\"https:\\\/\\\/hotnewsinworld.com\\\/hu\\\/tarlos-nem-kezdek-egybol-sipakolni-amikor-az-en-rendezvenyeimet-zavarjak-meg\\\/#breadcrumb\"},\"inLanguage\":\"hu\",\"potentialAction\":[{\"@type\":\"ReadAction\",\"target\":[\"https:\\\/\\\/hotnewsinworld.com\\\/hu\\\/tarlos-nem-kezdek-egybol-sipakolni-amikor-az-en-rendezvenyeimet-zavarjak-meg\\\/\"]}]},{\"@type\":\"ImageObject\",\"inLanguage\":\"hu\",\"@id\":\"https:\\\/\\\/hotnewsinworld.com\\\/hu\\\/tarlos-nem-kezdek-egybol-sipakolni-amikor-az-en-rendezvenyeimet-zavarjak-meg\\\/#primaryimage\",\"url\":\"https:\\\/\\\/hotnewsinworld.com\\\/hu\\\/wp-content\\\/uploads\\\/sites\\\/3\\\/2019\\\/09\\\/Tarl\u00f3s-Nem-kezdek-egyb\u0151l-sip\u00e1kolni-amikor-az-\u00e9n-rendezv\u00e9nyeimet-zavarj\u00e1k.jpg\",\"contentUrl\":\"https:\\\/\\\/hotnewsinworld.com\\\/hu\\\/wp-content\\\/uploads\\\/sites\\\/3\\\/2019\\\/09\\\/Tarl\u00f3s-Nem-kezdek-egyb\u0151l-sip\u00e1kolni-amikor-az-\u00e9n-rendezv\u00e9nyeimet-zavarj\u00e1k.jpg\",\"width\":768,\"height\":434,\"caption\":\"Tarl&oacute;s: Nem kezdek egyb\u0151l sip&aacute;kolni, amikor az &eacute;n rendezv&eacute;nyeimet zavarj&aacute;k meg\"},{\"@type\":\"BreadcrumbList\",\"@id\":\"https:\\\/\\\/hotnewsinworld.com\\\/hu\\\/tarlos-nem-kezdek-egybol-sipakolni-amikor-az-en-rendezvenyeimet-zavarjak-meg\\\/#breadcrumb\",\"itemListElement\":[{\"@type\":\"ListItem\",\"position\":1,\"name\":\"\u0413\u043b\u0430\u0432\u043d\u0430\u044f \u0441\u0442\u0440\u0430\u043d\u0438\u0446\u0430\",\"item\":\"https:\\\/\\\/hotnewsinworld.com\\\/hu\\\/\"},{\"@type\":\"ListItem\",\"position\":2,\"name\":\"Tarl\u00f3s: Nem kezdek egyb\u0151l sip\u00e1kolni, amikor az \u00e9n rendezv\u00e9nyeimet zavarj\u00e1k meg\"}]},{\"@type\":\"WebSite\",\"@id\":\"https:\\\/\\\/hotnewsinworld.com\\\/hu\\\/#website\",\"url\":\"https:\\\/\\\/hotnewsinworld.com\\\/hu\\\/\",\"name\":\"Hot News in World\",\"description\":\"Hot News in World from Hungary\",\"potentialAction\":[{\"@type\":\"SearchAction\",\"target\":{\"@type\":\"EntryPoint\",\"urlTemplate\":\"https:\\\/\\\/hotnewsinworld.com\\\/hu\\\/?s={search_term_string}\"},\"query-input\":{\"@type\":\"PropertyValueSpecification\",\"valueRequired\":true,\"valueName\":\"search_term_string\"}}],\"inLanguage\":\"hu\"},{\"@type\":\"Person\",\"@id\":\"https:\\\/\\\/hotnewsinworld.com\\\/hu\\\/#\\\/schema\\\/person\\\/fe61448b21c0d59086e75fcc1f9d8f6b\",\"name\":\"hotnewsinworld\",\"image\":{\"@type\":\"ImageObject\",\"inLanguage\":\"hu\",\"@id\":\"https:\\\/\\\/secure.gravatar.com\\\/avatar\\\/8a09ac165600ce2e1c38fe593c63928eb1e6e7ba5c5a907d67787c41b3d00c14?s=96&d=mm&r=g\",\"url\":\"https:\\\/\\\/secure.gravatar.com\\\/avatar\\\/8a09ac165600ce2e1c38fe593c63928eb1e6e7ba5c5a907d67787c41b3d00c14?s=96&d=mm&r=g\",\"contentUrl\":\"https:\\\/\\\/secure.gravatar.com\\\/avatar\\\/8a09ac165600ce2e1c38fe593c63928eb1e6e7ba5c5a907d67787c41b3d00c14?s=96&d=mm&r=g\",\"caption\":\"hotnewsinworld\"},\"url\":\"https:\\\/\\\/hotnewsinworld.com\\\/hu\\\/author\\\/pt\\\/\"}]}<\/script>\n<!-- \/ Yoast SEO plugin. -->","yoast_head_json":{"title":"Tarl\u00f3s: Nem kezdek egyb\u0151l sip\u00e1kolni, amikor az \u00e9n rendezv\u00e9nyeimet zavarj\u00e1k meg - Hot News in World","robots":{"index":"index","follow":"follow","max-snippet":"max-snippet:-1","max-image-preview":"max-image-preview:large","max-video-preview":"max-video-preview:-1"},"canonical":"https:\/\/hotnewsinworld.com\/hu\/tarlos-nem-kezdek-egybol-sipakolni-amikor-az-en-rendezvenyeimet-zavarjak-meg\/","og_locale":"hu_HU","og_type":"article","og_title":"Tarl\u00f3s: Nem kezdek egyb\u0151l sip\u00e1kolni, amikor az \u00e9n rendezv\u00e9nyeimet zavarj\u00e1k meg - Hot News in World","og_description":"Az internet n\u00e9pe \u00e9s a f\u00e9l magyar sajt\u00f3 is a nyom\u00e1ban van annak a motorcs\u00f3naktulajdonosnak, aki vas\u00e1rnap a Fidelitas\u00e9ra er\u0151sen hasonl\u00edt\u00f3 zen\u00e9vel \u00e9s m\u00f3dszerrel pr\u00f3b\u00e1lta megzavarni az ellenz\u00e9k f\u0151polg\u00e1rmester-jel\u00f6ltj\u00e9nek sajt\u00f3t\u00e1j\u00e9koztat\u00f3j\u00e1t. Fot\u00f3: MTI\/Kov\u00e1cs Tam\u00e1s A\u00a0Fidelitas nev\u00e9ben Nagy M\u00e1t\u00e9 sajt\u00f3s a hvg.hu-val azt k\u00f6z\u00f6lte,\u00a0&#8222;a k\u00e9rd\u00e9ses akci\u00f3t nem a Fidelitas szervezte\u201d,\u00a0arra pedig nem v\u00e1laszolt, hogy\u00a0mennyibe ker\u00fcl pontosan \u00e9s [&hellip;]","og_url":"https:\/\/hotnewsinworld.com\/hu\/tarlos-nem-kezdek-egybol-sipakolni-amikor-az-en-rendezvenyeimet-zavarjak-meg\/","og_site_name":"Hot News in World","article_published_time":"2019-09-23T21:27:40+00:00","article_modified_time":"2019-09-23T21:27:41+00:00","og_image":[{"width":768,"height":434,"url":"https:\/\/hotnewsinworld.com\/hu\/wp-content\/uploads\/sites\/3\/2019\/09\/Tarl\u00f3s-Nem-kezdek-egyb\u0151l-sip\u00e1kolni-amikor-az-\u00e9n-rendezv\u00e9nyeimet-zavarj\u00e1k.jpg","type":"image\/jpeg"}],"author":"hotnewsinworld","twitter_card":"summary_large_image","twitter_misc":{"Szerz\u0151:":"hotnewsinworld","Becs\u00fclt olvas\u00e1si id\u0151":"1 perc"},"schema":{"@context":"https:\/\/schema.org","@graph":[{"@type":"Article","@id":"https:\/\/hotnewsinworld.com\/hu\/tarlos-nem-kezdek-egybol-sipakolni-amikor-az-en-rendezvenyeimet-zavarjak-meg\/#article","isPartOf":{"@id":"https:\/\/hotnewsinworld.com\/hu\/tarlos-nem-kezdek-egybol-sipakolni-amikor-az-en-rendezvenyeimet-zavarjak-meg\/"},"author":{"name":"hotnewsinworld","@id":"https:\/\/hotnewsinworld.com\/hu\/#\/schema\/person\/fe61448b21c0d59086e75fcc1f9d8f6b"},"headline":"Tarl\u00f3s: Nem kezdek egyb\u0151l sip\u00e1kolni, amikor az \u00e9n rendezv\u00e9nyeimet zavarj\u00e1k meg","datePublished":"2019-09-23T21:27:40+00:00","dateModified":"2019-09-23T21:27:41+00:00","mainEntityOfPage":{"@id":"https:\/\/hotnewsinworld.com\/hu\/tarlos-nem-kezdek-egybol-sipakolni-amikor-az-en-rendezvenyeimet-zavarjak-meg\/"},"wordCount":225,"commentCount":0,"image":{"@id":"https:\/\/hotnewsinworld.com\/hu\/tarlos-nem-kezdek-egybol-sipakolni-amikor-az-en-rendezvenyeimet-zavarjak-meg\/#primaryimage"},"thumbnailUrl":"https:\/\/hotnewsinworld.com\/hu\/wp-content\/uploads\/sites\/3\/2019\/09\/Tarl\u00f3s-Nem-kezdek-egyb\u0151l-sip\u00e1kolni-amikor-az-\u00e9n-rendezv\u00e9nyeimet-zavarj\u00e1k.jpg","articleSection":["LEG\u00daJABB P\u00c9NZ\u00dcGYI H\u00cdREK"],"inLanguage":"hu","potentialAction":[{"@type":"CommentAction","name":"Comment","target":["https:\/\/hotnewsinworld.com\/hu\/tarlos-nem-kezdek-egybol-sipakolni-amikor-az-en-rendezvenyeimet-zavarjak-meg\/#respond"]}]},{"@type":"WebPage","@id":"https:\/\/hotnewsinworld.com\/hu\/tarlos-nem-kezdek-egybol-sipakolni-amikor-az-en-rendezvenyeimet-zavarjak-meg\/","url":"https:\/\/hotnewsinworld.com\/hu\/tarlos-nem-kezdek-egybol-sipakolni-amikor-az-en-rendezvenyeimet-zavarjak-meg\/","name":"Tarl\u00f3s: Nem kezdek egyb\u0151l sip\u00e1kolni, amikor az \u00e9n rendezv\u00e9nyeimet zavarj\u00e1k meg - Hot News in World","isPartOf":{"@id":"https:\/\/hotnewsinworld.com\/hu\/#website"},"primaryImageOfPage":{"@id":"https:\/\/hotnewsinworld.com\/hu\/tarlos-nem-kezdek-egybol-sipakolni-amikor-az-en-rendezvenyeimet-zavarjak-meg\/#primaryimage"},"image":{"@id":"https:\/\/hotnewsinworld.com\/hu\/tarlos-nem-kezdek-egybol-sipakolni-amikor-az-en-rendezvenyeimet-zavarjak-meg\/#primaryimage"},"thumbnailUrl":"https:\/\/hotnewsinworld.com\/hu\/wp-content\/uploads\/sites\/3\/2019\/09\/Tarl\u00f3s-Nem-kezdek-egyb\u0151l-sip\u00e1kolni-amikor-az-\u00e9n-rendezv\u00e9nyeimet-zavarj\u00e1k.jpg","datePublished":"2019-09-23T21:27:40+00:00","dateModified":"2019-09-23T21:27:41+00:00","author":{"@id":"https:\/\/hotnewsinworld.com\/hu\/#\/schema\/person\/fe61448b21c0d59086e75fcc1f9d8f6b"},"breadcrumb":{"@id":"https:\/\/hotnewsinworld.com\/hu\/tarlos-nem-kezdek-egybol-sipakolni-amikor-az-en-rendezvenyeimet-zavarjak-meg\/#breadcrumb"},"inLanguage":"hu","potentialAction":[{"@type":"ReadAction","target":["https:\/\/hotnewsinworld.com\/hu\/tarlos-nem-kezdek-egybol-sipakolni-amikor-az-en-rendezvenyeimet-zavarjak-meg\/"]}]},{"@type":"ImageObject","inLanguage":"hu","@id":"https:\/\/hotnewsinworld.com\/hu\/tarlos-nem-kezdek-egybol-sipakolni-amikor-az-en-rendezvenyeimet-zavarjak-meg\/#primaryimage","url":"https:\/\/hotnewsinworld.com\/hu\/wp-content\/uploads\/sites\/3\/2019\/09\/Tarl\u00f3s-Nem-kezdek-egyb\u0151l-sip\u00e1kolni-amikor-az-\u00e9n-rendezv\u00e9nyeimet-zavarj\u00e1k.jpg","contentUrl":"https:\/\/hotnewsinworld.com\/hu\/wp-content\/uploads\/sites\/3\/2019\/09\/Tarl\u00f3s-Nem-kezdek-egyb\u0151l-sip\u00e1kolni-amikor-az-\u00e9n-rendezv\u00e9nyeimet-zavarj\u00e1k.jpg","width":768,"height":434,"caption":"Tarl&oacute;s: Nem kezdek egyb\u0151l sip&aacute;kolni, amikor az &eacute;n rendezv&eacute;nyeimet zavarj&aacute;k meg"},{"@type":"BreadcrumbList","@id":"https:\/\/hotnewsinworld.com\/hu\/tarlos-nem-kezdek-egybol-sipakolni-amikor-az-en-rendezvenyeimet-zavarjak-meg\/#breadcrumb","itemListElement":[{"@type":"ListItem","position":1,"name":"\u0413\u043b\u0430\u0432\u043d\u0430\u044f \u0441\u0442\u0440\u0430\u043d\u0438\u0446\u0430","item":"https:\/\/hotnewsinworld.com\/hu\/"},{"@type":"ListItem","position":2,"name":"Tarl\u00f3s: Nem kezdek egyb\u0151l sip\u00e1kolni, amikor az \u00e9n rendezv\u00e9nyeimet zavarj\u00e1k meg"}]},{"@type":"WebSite","@id":"https:\/\/hotnewsinworld.com\/hu\/#website","url":"https:\/\/hotnewsinworld.com\/hu\/","name":"Hot News in World","description":"Hot News in World from Hungary","potentialAction":[{"@type":"SearchAction","target":{"@type":"EntryPoint","urlTemplate":"https:\/\/hotnewsinworld.com\/hu\/?s={search_term_string}"},"query-input":{"@type":"PropertyValueSpecification","valueRequired":true,"valueName":"search_term_string"}}],"inLanguage":"hu"},{"@type":"Person","@id":"https:\/\/hotnewsinworld.com\/hu\/#\/schema\/person\/fe61448b21c0d59086e75fcc1f9d8f6b","name":"hotnewsinworld","image":{"@type":"ImageObject","inLanguage":"hu","@id":"https:\/\/secure.gravatar.com\/avatar\/8a09ac165600ce2e1c38fe593c63928eb1e6e7ba5c5a907d67787c41b3d00c14?s=96&d=mm&r=g","url":"https:\/\/secure.gravatar.com\/avatar\/8a09ac165600ce2e1c38fe593c63928eb1e6e7ba5c5a907d67787c41b3d00c14?s=96&d=mm&r=g","contentUrl":"https:\/\/secure.gravatar.com\/avatar\/8a09ac165600ce2e1c38fe593c63928eb1e6e7ba5c5a907d67787c41b3d00c14?s=96&d=mm&r=g","caption":"hotnewsinworld"},"url":"https:\/\/hotnewsinworld.com\/hu\/author\/pt\/"}]}},"_links":{"self":[{"href":"https:\/\/hotnewsinworld.com\/hu\/wp-json\/wp\/v2\/posts\/2498","targetHints":{"allow":["GET"]}}],"collection":[{"href":"https:\/\/hotnewsinworld.com\/hu\/wp-json\/wp\/v2\/posts"}],"about":[{"href":"https:\/\/hotnewsinworld.com\/hu\/wp-json\/wp\/v2\/types\/post"}],"author":[{"embeddable":true,"href":"https:\/\/hotnewsinworld.com\/hu\/wp-json\/wp\/v2\/users\/2"}],"replies":[{"embeddable":true,"href":"https:\/\/hotnewsinworld.com\/hu\/wp-json\/wp\/v2\/comments?post=2498"}],"version-history":[{"count":1,"href":"https:\/\/hotnewsinworld.com\/hu\/wp-json\/wp\/v2\/posts\/2498\/revisions"}],"predecessor-version":[{"id":2500,"href":"https:\/\/hotnewsinworld.com\/hu\/wp-json\/wp\/v2\/posts\/2498\/revisions\/2500"}],"wp:featuredmedia":[{"embeddable":true,"href":"https:\/\/hotnewsinworld.com\/hu\/wp-json\/wp\/v2\/media\/2499"}],"wp:attachment":[{"href":"https:\/\/hotnewsinworld.com\/hu\/wp-json\/wp\/v2\/media?parent=2498"}],"wp:term":[{"taxonomy":"category","embeddable":true,"href":"https:\/\/hotnewsinworld.com\/hu\/wp-json\/wp\/v2\/categories?post=2498"},{"taxonomy":"post_tag","embeddable":true,"href":"https:\/\/hotnewsinworld.com\/hu\/wp-json\/wp\/v2\/tags?post=2498"}],"curies":[{"name":"wp","href":"https:\/\/api.w.org\/{rel}","templated":true}]}}