{"id":2501,"date":"2019-09-24T01:51:43","date_gmt":"2019-09-23T22:51:43","guid":{"rendered":"https:\/\/hotnewsinworld.com\/hu\/teljesen-kiurult-zuglo-kasszaja-lokal\/"},"modified":"2020-03-02T13:24:35","modified_gmt":"2020-03-02T10:24:35","slug":"teljesen-kiurult-zuglo-kasszaja-lokal","status":"publish","type":"post","link":"https:\/\/hotnewsinworld.com\/hu\/teljesen-kiurult-zuglo-kasszaja-lokal\/","title":{"rendered":"Teljesen ki\u00fcr\u00fclt Zugl\u00f3 kassz\u00e1ja"},"content":{"rendered":"<p><strong>K\u00e9t hete szinte teljesen ki\u00fcr\u00fclt Zugl\u00f3 sz\u00e1ml\u00e1ja a jegyz\u0151 \u00e1ltal hiteles\u00edtett dokumentum szerint. A baloldal f\u0151polg\u00e1rmester-jel\u00f6ltje, Kar\u00e1csony Gergely vezette ker\u00fclet ugyanakkor azt \u00e1ll\u00edtja, k\u00e9t h\u00e9t alatt k\u00f6zel k\u00e9tmilli\u00e1rd forintra n\u0151tt az egyenleg. \u00dagy t\u0171nik, \u00fcres \u00fczemanyagtart\u00e1llyal is folytat\u00f3dik az ellenz\u00e9ki roncsderbi.<\/strong><\/p>\n<p>Kevesebb mint 51 milli\u00f3 forintra cs\u00f6kkent szeptember 6-ra a Kar\u00e1csony Gergely (P\u00e1rbesz\u00e9d) polg\u00e1rmester vezette Zugl\u00f3 banksz\u00e1mlaegyenlege \u2013 \u00edrja a Magyar Nemzet.<\/p>\n<p>A Papp Imre jegyz\u0151 \u00e1ltal, Kov\u00e1cs Bal\u00e1zs fideszes \u00f6nkorm\u00e1nyzati k\u00e9pvisel\u0151nek k\u00fcld\u00f6tt v\u00e1laszb\u00f3l az is kider\u00fclt, hogy augusztus 28-\u00e1n m\u00e9g t\u00f6bb mint 291 milli\u00f3 forint volt a XIV. ker\u00fclet sz\u00e1ml\u00e1j\u00e1n, ami b\u0151 egy h\u00e9t alatt 51 milli\u00f3 forintra cs\u00f6kkent. A zugl\u00f3i \u00f6nkorm\u00e1nyzat reakci\u00f3ja szerint azonban jelenleg csaknem plusz k\u00e9tmilli\u00e1rd forintos \u00f6sszeg szerepel nulla forint hitel mellett. Ebb\u0151l is l\u00e1tszik, hogy teljes a k\u00e1osz Kar\u00e1csony Gergely ker\u00fclet\u00e9ben.<\/p>\n<p>\u2013 Kar\u00e1csony Gergely alkalmatlans\u00e1ga cs\u0151dbe vitte Zugl\u00f3t, ha pedig valaki ker\u00fcleti polg\u00e1rmesternek ennyire alkalmatlan \u00e9s megb\u00edzhatatlan, az f\u0151polg\u00e1rmesternek is az lenne \u2013 mondta Zsigmond Barna P\u00e1l, a Fidesz budapesti sz\u00f3viv\u0151je a nyilv\u00e1noss\u00e1gra ker\u00fclt sz\u00e1mlaadatok kapcs\u00e1n.<\/p>\n<h2>\u00d3budai bakl\u00f6v\u00e9s<\/h2>\n<p>Kar\u00e1csony Gergely m\u00falt heti kamp\u00e1nyk\u00f6r\u00fatja sor\u00e1n ism\u00e9t bakot l\u0151tt, amikor az \u00d3budai-sziget bej\u00e1rat\u00e1n\u00e1l elhelyezett soromp\u00f3n\u00e1l ki\u00e1ltott farkast. Azt pr\u00f3b\u00e1lta eladni szavaz\u00f3inak, hogy telekspekul\u00e1ci\u00f3 \u00e1ldozata lett a ter\u00fclet, ami Orb\u00e1n Viktor szem\u00e9lyes \u00fcgylete, az\u00e9rt is van ott a soromp\u00f3. Az nem t\u0171nt fel Kar\u00e1csonynak, hogy cirill bet\u0171s ki\u00edr\u00e1s is van a soromp\u00f3n\u00e1l, amit val\u00f3j\u00e1ban egy filmforgat\u00e1s miatt helyeztek ki, \u00e9s vas\u00e1rnap el is t\u00e1vol\u00edtott\u00e1k. Nem meglep\u0151 azonban ez a bakl\u00f6v\u00e9s, ha figyelembe vessz\u00fck, hogy Kar\u00e1csony Gergely a m\u00falt h\u00e9tig azt sem tudta, hogy az \u00d6rs vez\u00e9r tere a saj\u00e1t ker\u00fclet\u00e9hez, Zugl\u00f3hoz tartozik.<\/p>\n<h2>Programaj\u00e1nl\u00f3 \u00f6t\u00f6dik nekifut\u00e1sra<\/h2>\n<p>\u00d6t\u00f6dj\u00e9re is megpr\u00f3b\u00e1lt programot hirdetni Kar\u00e1csony Gergely, a zugl\u00f3i parkol\u00f3mutyikr\u00f3l elh\u00edres\u00fclt f\u0151polg\u00e1rmester-jel\u00f6lt. Ugyan ism\u00e9t kiz\u00f6kkentette \u0151t a h\u00e1tt\u00e9rben felcsend\u00fcl\u0151 cirkuszi boh\u00f3ck\u00f6sz\u00f6nt\u0151 muzsika, ak\u00e1rcsak egy kor\u00e1bbi sajt\u00f3t\u00e1j\u00e9koztat\u00f3j\u00e1n. Kar\u00e1csony Gergely el\u0151tt a baloldal boh\u00f3ckar\u00e1nak cint\u00e1ny\u00e9rosa, Gyurcs\u00e1ny Ferenc mondott besz\u00e9det. A kor\u00e1bban K\u00e1lm\u00e1n Olg\u00e1t t\u00e1mogat\u00f3 Gyurcs\u00e1ny azt mondta: Kar\u00e1csony Gergely gyenge, \u00e9s egyre cs\u00f6kken a n\u00e9pszer\u0171s\u00e9ge.<\/p>\n<p>&nbsp;<\/p>\n<p><a href=\"https:\/\/hirek.oldal.info\/rssclick\/14421338\" rel=\"nofollow\">Source link <\/a><br \/>\n<!--\/noindex--><\/p>\n","protected":false},"excerpt":{"rendered":"<p>K\u00e9t hete szinte teljesen ki\u00fcr\u00fclt Zugl\u00f3 sz\u00e1ml\u00e1ja a jegyz\u0151 \u00e1ltal hiteles\u00edtett dokumentum szerint. A baloldal f\u0151polg\u00e1rmester-jel\u00f6ltje, Kar\u00e1csony Gergely vezette ker\u00fclet ugyanakkor azt \u00e1ll\u00edtja, k\u00e9t h\u00e9t alatt k\u00f6zel k\u00e9tmilli\u00e1rd forintra n\u0151tt az egyenleg. \u00dagy t\u0171nik, \u00fcres \u00fczemanyagtart\u00e1llyal is folytat\u00f3dik az ellenz\u00e9ki roncsderbi. Kevesebb mint 51 milli\u00f3 forintra cs\u00f6kkent szeptember 6-ra a Kar\u00e1csony Gergely (P\u00e1rbesz\u00e9d) polg\u00e1rmester vezette [&hellip;]<\/p>\n","protected":false},"author":2,"featured_media":2317,"comment_status":"open","ping_status":"open","sticky":false,"template":"","format":"standard","meta":{"footnotes":""},"categories":[1],"tags":[],"class_list":["post-2501","post","type-post","status-publish","format-standard","has-post-thumbnail","hentry","category-legujabb-penzugyi-hirek"],"yoast_head":"<!-- This site is optimized with the Yoast SEO plugin v27.4 - https:\/\/yoast.com\/product\/yoast-seo-wordpress\/ -->\n<title>Teljesen ki\u00fcr\u00fclt Zugl\u00f3 kassz\u00e1ja - Hot News in World<\/title>\n<meta name=\"robots\" content=\"index, follow, max-snippet:-1, max-image-preview:large, max-video-preview:-1\" \/>\n<link rel=\"canonical\" href=\"https:\/\/hotnewsinworld.com\/hu\/teljesen-kiurult-zuglo-kasszaja-lokal\/\" \/>\n<meta property=\"og:locale\" content=\"hu_HU\" \/>\n<meta property=\"og:type\" content=\"article\" \/>\n<meta property=\"og:title\" content=\"Teljesen ki\u00fcr\u00fclt Zugl\u00f3 kassz\u00e1ja - Hot News in World\" \/>\n<meta property=\"og:description\" content=\"K\u00e9t hete szinte teljesen ki\u00fcr\u00fclt Zugl\u00f3 sz\u00e1ml\u00e1ja a jegyz\u0151 \u00e1ltal hiteles\u00edtett dokumentum szerint. A baloldal f\u0151polg\u00e1rmester-jel\u00f6ltje, Kar\u00e1csony Gergely vezette ker\u00fclet ugyanakkor azt \u00e1ll\u00edtja, k\u00e9t h\u00e9t alatt k\u00f6zel k\u00e9tmilli\u00e1rd forintra n\u0151tt az egyenleg. \u00dagy t\u0171nik, \u00fcres \u00fczemanyagtart\u00e1llyal is folytat\u00f3dik az ellenz\u00e9ki roncsderbi. Kevesebb mint 51 milli\u00f3 forintra cs\u00f6kkent szeptember 6-ra a Kar\u00e1csony Gergely (P\u00e1rbesz\u00e9d) polg\u00e1rmester vezette [&hellip;]\" \/>\n<meta property=\"og:url\" content=\"https:\/\/hotnewsinworld.com\/hu\/teljesen-kiurult-zuglo-kasszaja-lokal\/\" \/>\n<meta property=\"og:site_name\" content=\"Hot News in World\" \/>\n<meta property=\"article:published_time\" content=\"2019-09-23T22:51:43+00:00\" \/>\n<meta property=\"article:modified_time\" content=\"2020-03-02T10:24:35+00:00\" \/>\n<meta property=\"og:image\" content=\"https:\/\/hotnewsinworld.com\/hu\/wp-content\/uploads\/sites\/3\/2019\/09\/Puzs\u00e9r-\u00e9s-Gyurcs\u00e1ny-is-megmondta-az-igazat-Kar\u00e1csonyr\u00f3l-ALKALMATLAN.jpg\" \/>\n\t<meta property=\"og:image:width\" content=\"1713\" \/>\n\t<meta property=\"og:image:height\" content=\"1158\" \/>\n\t<meta property=\"og:image:type\" content=\"image\/jpeg\" \/>\n<meta name=\"author\" content=\"hotnewsinworld\" \/>\n<meta name=\"twitter:card\" content=\"summary_large_image\" \/>\n<meta name=\"twitter:label1\" content=\"Szerz\u0151:\" \/>\n\t<meta name=\"twitter:data1\" content=\"hotnewsinworld\" \/>\n\t<meta name=\"twitter:label2\" content=\"Becs\u00fclt olvas\u00e1si id\u0151\" \/>\n\t<meta name=\"twitter:data2\" content=\"2 perc\" \/>\n<script type=\"application\/ld+json\" class=\"yoast-schema-graph\">{\"@context\":\"https:\\\/\\\/schema.org\",\"@graph\":[{\"@type\":\"Article\",\"@id\":\"https:\\\/\\\/hotnewsinworld.com\\\/hu\\\/teljesen-kiurult-zuglo-kasszaja-lokal\\\/#article\",\"isPartOf\":{\"@id\":\"https:\\\/\\\/hotnewsinworld.com\\\/hu\\\/teljesen-kiurult-zuglo-kasszaja-lokal\\\/\"},\"author\":{\"name\":\"hotnewsinworld\",\"@id\":\"https:\\\/\\\/hotnewsinworld.com\\\/hu\\\/#\\\/schema\\\/person\\\/fe61448b21c0d59086e75fcc1f9d8f6b\"},\"headline\":\"Teljesen ki\u00fcr\u00fclt Zugl\u00f3 kassz\u00e1ja\",\"datePublished\":\"2019-09-23T22:51:43+00:00\",\"dateModified\":\"2020-03-02T10:24:35+00:00\",\"mainEntityOfPage\":{\"@id\":\"https:\\\/\\\/hotnewsinworld.com\\\/hu\\\/teljesen-kiurult-zuglo-kasszaja-lokal\\\/\"},\"wordCount\":489,\"commentCount\":0,\"image\":{\"@id\":\"https:\\\/\\\/hotnewsinworld.com\\\/hu\\\/teljesen-kiurult-zuglo-kasszaja-lokal\\\/#primaryimage\"},\"thumbnailUrl\":\"https:\\\/\\\/hotnewsinworld.com\\\/hu\\\/wp-content\\\/uploads\\\/sites\\\/3\\\/2019\\\/09\\\/Puzs\u00e9r-\u00e9s-Gyurcs\u00e1ny-is-megmondta-az-igazat-Kar\u00e1csonyr\u00f3l-ALKALMATLAN.jpg\",\"articleSection\":[\"LEG\u00daJABB P\u00c9NZ\u00dcGYI H\u00cdREK\"],\"inLanguage\":\"hu\",\"potentialAction\":[{\"@type\":\"CommentAction\",\"name\":\"Comment\",\"target\":[\"https:\\\/\\\/hotnewsinworld.com\\\/hu\\\/teljesen-kiurult-zuglo-kasszaja-lokal\\\/#respond\"]}]},{\"@type\":\"WebPage\",\"@id\":\"https:\\\/\\\/hotnewsinworld.com\\\/hu\\\/teljesen-kiurult-zuglo-kasszaja-lokal\\\/\",\"url\":\"https:\\\/\\\/hotnewsinworld.com\\\/hu\\\/teljesen-kiurult-zuglo-kasszaja-lokal\\\/\",\"name\":\"Teljesen ki\u00fcr\u00fclt Zugl\u00f3 kassz\u00e1ja - Hot News in World\",\"isPartOf\":{\"@id\":\"https:\\\/\\\/hotnewsinworld.com\\\/hu\\\/#website\"},\"primaryImageOfPage\":{\"@id\":\"https:\\\/\\\/hotnewsinworld.com\\\/hu\\\/teljesen-kiurult-zuglo-kasszaja-lokal\\\/#primaryimage\"},\"image\":{\"@id\":\"https:\\\/\\\/hotnewsinworld.com\\\/hu\\\/teljesen-kiurult-zuglo-kasszaja-lokal\\\/#primaryimage\"},\"thumbnailUrl\":\"https:\\\/\\\/hotnewsinworld.com\\\/hu\\\/wp-content\\\/uploads\\\/sites\\\/3\\\/2019\\\/09\\\/Puzs\u00e9r-\u00e9s-Gyurcs\u00e1ny-is-megmondta-az-igazat-Kar\u00e1csonyr\u00f3l-ALKALMATLAN.jpg\",\"datePublished\":\"2019-09-23T22:51:43+00:00\",\"dateModified\":\"2020-03-02T10:24:35+00:00\",\"author\":{\"@id\":\"https:\\\/\\\/hotnewsinworld.com\\\/hu\\\/#\\\/schema\\\/person\\\/fe61448b21c0d59086e75fcc1f9d8f6b\"},\"breadcrumb\":{\"@id\":\"https:\\\/\\\/hotnewsinworld.com\\\/hu\\\/teljesen-kiurult-zuglo-kasszaja-lokal\\\/#breadcrumb\"},\"inLanguage\":\"hu\",\"potentialAction\":[{\"@type\":\"ReadAction\",\"target\":[\"https:\\\/\\\/hotnewsinworld.com\\\/hu\\\/teljesen-kiurult-zuglo-kasszaja-lokal\\\/\"]}]},{\"@type\":\"ImageObject\",\"inLanguage\":\"hu\",\"@id\":\"https:\\\/\\\/hotnewsinworld.com\\\/hu\\\/teljesen-kiurult-zuglo-kasszaja-lokal\\\/#primaryimage\",\"url\":\"https:\\\/\\\/hotnewsinworld.com\\\/hu\\\/wp-content\\\/uploads\\\/sites\\\/3\\\/2019\\\/09\\\/Puzs\u00e9r-\u00e9s-Gyurcs\u00e1ny-is-megmondta-az-igazat-Kar\u00e1csonyr\u00f3l-ALKALMATLAN.jpg\",\"contentUrl\":\"https:\\\/\\\/hotnewsinworld.com\\\/hu\\\/wp-content\\\/uploads\\\/sites\\\/3\\\/2019\\\/09\\\/Puzs\u00e9r-\u00e9s-Gyurcs\u00e1ny-is-megmondta-az-igazat-Kar\u00e1csonyr\u00f3l-ALKALMATLAN.jpg\",\"width\":1713,\"height\":1158,\"caption\":\"Puzs\u00e9r \u00e9s Gyurcs\u00e1ny is megmondta az igazat Kar\u00e1csonyr\u00f3l: ALKALMATLAN!\"},{\"@type\":\"BreadcrumbList\",\"@id\":\"https:\\\/\\\/hotnewsinworld.com\\\/hu\\\/teljesen-kiurult-zuglo-kasszaja-lokal\\\/#breadcrumb\",\"itemListElement\":[{\"@type\":\"ListItem\",\"position\":1,\"name\":\"\u0413\u043b\u0430\u0432\u043d\u0430\u044f \u0441\u0442\u0440\u0430\u043d\u0438\u0446\u0430\",\"item\":\"https:\\\/\\\/hotnewsinworld.com\\\/hu\\\/\"},{\"@type\":\"ListItem\",\"position\":2,\"name\":\"Teljesen ki\u00fcr\u00fclt Zugl\u00f3 kassz\u00e1ja\"}]},{\"@type\":\"WebSite\",\"@id\":\"https:\\\/\\\/hotnewsinworld.com\\\/hu\\\/#website\",\"url\":\"https:\\\/\\\/hotnewsinworld.com\\\/hu\\\/\",\"name\":\"Hot News in World\",\"description\":\"Hot News in World from Hungary\",\"potentialAction\":[{\"@type\":\"SearchAction\",\"target\":{\"@type\":\"EntryPoint\",\"urlTemplate\":\"https:\\\/\\\/hotnewsinworld.com\\\/hu\\\/?s={search_term_string}\"},\"query-input\":{\"@type\":\"PropertyValueSpecification\",\"valueRequired\":true,\"valueName\":\"search_term_string\"}}],\"inLanguage\":\"hu\"},{\"@type\":\"Person\",\"@id\":\"https:\\\/\\\/hotnewsinworld.com\\\/hu\\\/#\\\/schema\\\/person\\\/fe61448b21c0d59086e75fcc1f9d8f6b\",\"name\":\"hotnewsinworld\",\"image\":{\"@type\":\"ImageObject\",\"inLanguage\":\"hu\",\"@id\":\"https:\\\/\\\/secure.gravatar.com\\\/avatar\\\/8a09ac165600ce2e1c38fe593c63928eb1e6e7ba5c5a907d67787c41b3d00c14?s=96&d=mm&r=g\",\"url\":\"https:\\\/\\\/secure.gravatar.com\\\/avatar\\\/8a09ac165600ce2e1c38fe593c63928eb1e6e7ba5c5a907d67787c41b3d00c14?s=96&d=mm&r=g\",\"contentUrl\":\"https:\\\/\\\/secure.gravatar.com\\\/avatar\\\/8a09ac165600ce2e1c38fe593c63928eb1e6e7ba5c5a907d67787c41b3d00c14?s=96&d=mm&r=g\",\"caption\":\"hotnewsinworld\"},\"url\":\"https:\\\/\\\/hotnewsinworld.com\\\/hu\\\/author\\\/pt\\\/\"}]}<\/script>\n<!-- \/ Yoast SEO plugin. -->","yoast_head_json":{"title":"Teljesen ki\u00fcr\u00fclt Zugl\u00f3 kassz\u00e1ja - Hot News in World","robots":{"index":"index","follow":"follow","max-snippet":"max-snippet:-1","max-image-preview":"max-image-preview:large","max-video-preview":"max-video-preview:-1"},"canonical":"https:\/\/hotnewsinworld.com\/hu\/teljesen-kiurult-zuglo-kasszaja-lokal\/","og_locale":"hu_HU","og_type":"article","og_title":"Teljesen ki\u00fcr\u00fclt Zugl\u00f3 kassz\u00e1ja - Hot News in World","og_description":"K\u00e9t hete szinte teljesen ki\u00fcr\u00fclt Zugl\u00f3 sz\u00e1ml\u00e1ja a jegyz\u0151 \u00e1ltal hiteles\u00edtett dokumentum szerint. A baloldal f\u0151polg\u00e1rmester-jel\u00f6ltje, Kar\u00e1csony Gergely vezette ker\u00fclet ugyanakkor azt \u00e1ll\u00edtja, k\u00e9t h\u00e9t alatt k\u00f6zel k\u00e9tmilli\u00e1rd forintra n\u0151tt az egyenleg. \u00dagy t\u0171nik, \u00fcres \u00fczemanyagtart\u00e1llyal is folytat\u00f3dik az ellenz\u00e9ki roncsderbi. Kevesebb mint 51 milli\u00f3 forintra cs\u00f6kkent szeptember 6-ra a Kar\u00e1csony Gergely (P\u00e1rbesz\u00e9d) polg\u00e1rmester vezette [&hellip;]","og_url":"https:\/\/hotnewsinworld.com\/hu\/teljesen-kiurult-zuglo-kasszaja-lokal\/","og_site_name":"Hot News in World","article_published_time":"2019-09-23T22:51:43+00:00","article_modified_time":"2020-03-02T10:24:35+00:00","og_image":[{"width":1713,"height":1158,"url":"https:\/\/hotnewsinworld.com\/hu\/wp-content\/uploads\/sites\/3\/2019\/09\/Puzs\u00e9r-\u00e9s-Gyurcs\u00e1ny-is-megmondta-az-igazat-Kar\u00e1csonyr\u00f3l-ALKALMATLAN.jpg","type":"image\/jpeg"}],"author":"hotnewsinworld","twitter_card":"summary_large_image","twitter_misc":{"Szerz\u0151:":"hotnewsinworld","Becs\u00fclt olvas\u00e1si id\u0151":"2 perc"},"schema":{"@context":"https:\/\/schema.org","@graph":[{"@type":"Article","@id":"https:\/\/hotnewsinworld.com\/hu\/teljesen-kiurult-zuglo-kasszaja-lokal\/#article","isPartOf":{"@id":"https:\/\/hotnewsinworld.com\/hu\/teljesen-kiurult-zuglo-kasszaja-lokal\/"},"author":{"name":"hotnewsinworld","@id":"https:\/\/hotnewsinworld.com\/hu\/#\/schema\/person\/fe61448b21c0d59086e75fcc1f9d8f6b"},"headline":"Teljesen ki\u00fcr\u00fclt Zugl\u00f3 kassz\u00e1ja","datePublished":"2019-09-23T22:51:43+00:00","dateModified":"2020-03-02T10:24:35+00:00","mainEntityOfPage":{"@id":"https:\/\/hotnewsinworld.com\/hu\/teljesen-kiurult-zuglo-kasszaja-lokal\/"},"wordCount":489,"commentCount":0,"image":{"@id":"https:\/\/hotnewsinworld.com\/hu\/teljesen-kiurult-zuglo-kasszaja-lokal\/#primaryimage"},"thumbnailUrl":"https:\/\/hotnewsinworld.com\/hu\/wp-content\/uploads\/sites\/3\/2019\/09\/Puzs\u00e9r-\u00e9s-Gyurcs\u00e1ny-is-megmondta-az-igazat-Kar\u00e1csonyr\u00f3l-ALKALMATLAN.jpg","articleSection":["LEG\u00daJABB P\u00c9NZ\u00dcGYI H\u00cdREK"],"inLanguage":"hu","potentialAction":[{"@type":"CommentAction","name":"Comment","target":["https:\/\/hotnewsinworld.com\/hu\/teljesen-kiurult-zuglo-kasszaja-lokal\/#respond"]}]},{"@type":"WebPage","@id":"https:\/\/hotnewsinworld.com\/hu\/teljesen-kiurult-zuglo-kasszaja-lokal\/","url":"https:\/\/hotnewsinworld.com\/hu\/teljesen-kiurult-zuglo-kasszaja-lokal\/","name":"Teljesen ki\u00fcr\u00fclt Zugl\u00f3 kassz\u00e1ja - Hot News in World","isPartOf":{"@id":"https:\/\/hotnewsinworld.com\/hu\/#website"},"primaryImageOfPage":{"@id":"https:\/\/hotnewsinworld.com\/hu\/teljesen-kiurult-zuglo-kasszaja-lokal\/#primaryimage"},"image":{"@id":"https:\/\/hotnewsinworld.com\/hu\/teljesen-kiurult-zuglo-kasszaja-lokal\/#primaryimage"},"thumbnailUrl":"https:\/\/hotnewsinworld.com\/hu\/wp-content\/uploads\/sites\/3\/2019\/09\/Puzs\u00e9r-\u00e9s-Gyurcs\u00e1ny-is-megmondta-az-igazat-Kar\u00e1csonyr\u00f3l-ALKALMATLAN.jpg","datePublished":"2019-09-23T22:51:43+00:00","dateModified":"2020-03-02T10:24:35+00:00","author":{"@id":"https:\/\/hotnewsinworld.com\/hu\/#\/schema\/person\/fe61448b21c0d59086e75fcc1f9d8f6b"},"breadcrumb":{"@id":"https:\/\/hotnewsinworld.com\/hu\/teljesen-kiurult-zuglo-kasszaja-lokal\/#breadcrumb"},"inLanguage":"hu","potentialAction":[{"@type":"ReadAction","target":["https:\/\/hotnewsinworld.com\/hu\/teljesen-kiurult-zuglo-kasszaja-lokal\/"]}]},{"@type":"ImageObject","inLanguage":"hu","@id":"https:\/\/hotnewsinworld.com\/hu\/teljesen-kiurult-zuglo-kasszaja-lokal\/#primaryimage","url":"https:\/\/hotnewsinworld.com\/hu\/wp-content\/uploads\/sites\/3\/2019\/09\/Puzs\u00e9r-\u00e9s-Gyurcs\u00e1ny-is-megmondta-az-igazat-Kar\u00e1csonyr\u00f3l-ALKALMATLAN.jpg","contentUrl":"https:\/\/hotnewsinworld.com\/hu\/wp-content\/uploads\/sites\/3\/2019\/09\/Puzs\u00e9r-\u00e9s-Gyurcs\u00e1ny-is-megmondta-az-igazat-Kar\u00e1csonyr\u00f3l-ALKALMATLAN.jpg","width":1713,"height":1158,"caption":"Puzs\u00e9r \u00e9s Gyurcs\u00e1ny is megmondta az igazat Kar\u00e1csonyr\u00f3l: ALKALMATLAN!"},{"@type":"BreadcrumbList","@id":"https:\/\/hotnewsinworld.com\/hu\/teljesen-kiurult-zuglo-kasszaja-lokal\/#breadcrumb","itemListElement":[{"@type":"ListItem","position":1,"name":"\u0413\u043b\u0430\u0432\u043d\u0430\u044f \u0441\u0442\u0440\u0430\u043d\u0438\u0446\u0430","item":"https:\/\/hotnewsinworld.com\/hu\/"},{"@type":"ListItem","position":2,"name":"Teljesen ki\u00fcr\u00fclt Zugl\u00f3 kassz\u00e1ja"}]},{"@type":"WebSite","@id":"https:\/\/hotnewsinworld.com\/hu\/#website","url":"https:\/\/hotnewsinworld.com\/hu\/","name":"Hot News in World","description":"Hot News in World from Hungary","potentialAction":[{"@type":"SearchAction","target":{"@type":"EntryPoint","urlTemplate":"https:\/\/hotnewsinworld.com\/hu\/?s={search_term_string}"},"query-input":{"@type":"PropertyValueSpecification","valueRequired":true,"valueName":"search_term_string"}}],"inLanguage":"hu"},{"@type":"Person","@id":"https:\/\/hotnewsinworld.com\/hu\/#\/schema\/person\/fe61448b21c0d59086e75fcc1f9d8f6b","name":"hotnewsinworld","image":{"@type":"ImageObject","inLanguage":"hu","@id":"https:\/\/secure.gravatar.com\/avatar\/8a09ac165600ce2e1c38fe593c63928eb1e6e7ba5c5a907d67787c41b3d00c14?s=96&d=mm&r=g","url":"https:\/\/secure.gravatar.com\/avatar\/8a09ac165600ce2e1c38fe593c63928eb1e6e7ba5c5a907d67787c41b3d00c14?s=96&d=mm&r=g","contentUrl":"https:\/\/secure.gravatar.com\/avatar\/8a09ac165600ce2e1c38fe593c63928eb1e6e7ba5c5a907d67787c41b3d00c14?s=96&d=mm&r=g","caption":"hotnewsinworld"},"url":"https:\/\/hotnewsinworld.com\/hu\/author\/pt\/"}]}},"_links":{"self":[{"href":"https:\/\/hotnewsinworld.com\/hu\/wp-json\/wp\/v2\/posts\/2501","targetHints":{"allow":["GET"]}}],"collection":[{"href":"https:\/\/hotnewsinworld.com\/hu\/wp-json\/wp\/v2\/posts"}],"about":[{"href":"https:\/\/hotnewsinworld.com\/hu\/wp-json\/wp\/v2\/types\/post"}],"author":[{"embeddable":true,"href":"https:\/\/hotnewsinworld.com\/hu\/wp-json\/wp\/v2\/users\/2"}],"replies":[{"embeddable":true,"href":"https:\/\/hotnewsinworld.com\/hu\/wp-json\/wp\/v2\/comments?post=2501"}],"version-history":[{"count":3,"href":"https:\/\/hotnewsinworld.com\/hu\/wp-json\/wp\/v2\/posts\/2501\/revisions"}],"predecessor-version":[{"id":2548,"href":"https:\/\/hotnewsinworld.com\/hu\/wp-json\/wp\/v2\/posts\/2501\/revisions\/2548"}],"wp:featuredmedia":[{"embeddable":true,"href":"https:\/\/hotnewsinworld.com\/hu\/wp-json\/wp\/v2\/media\/2317"}],"wp:attachment":[{"href":"https:\/\/hotnewsinworld.com\/hu\/wp-json\/wp\/v2\/media?parent=2501"}],"wp:term":[{"taxonomy":"category","embeddable":true,"href":"https:\/\/hotnewsinworld.com\/hu\/wp-json\/wp\/v2\/categories?post=2501"},{"taxonomy":"post_tag","embeddable":true,"href":"https:\/\/hotnewsinworld.com\/hu\/wp-json\/wp\/v2\/tags?post=2501"}],"curies":[{"name":"wp","href":"https:\/\/api.w.org\/{rel}","templated":true}]}}