{"id":2503,"date":"2019-09-24T03:28:10","date_gmt":"2019-09-24T00:28:10","guid":{"rendered":"https:\/\/hotnewsinworld.com\/hu\/nemeth-szilard-az-ot-kerdezo-ujsagiroknak-ne-provokaljanak-jo\/"},"modified":"2020-02-28T19:50:14","modified_gmt":"2020-02-28T16:50:14","slug":"nemeth-szilard-az-ot-kerdezo-ujsagiroknak-ne-provokaljanak-jo","status":"publish","type":"post","link":"https:\/\/hotnewsinworld.com\/hu\/nemeth-szilard-az-ot-kerdezo-ujsagiroknak-ne-provokaljanak-jo\/","title":{"rendered":"N\u00e9meth Szil\u00e1rd az \u0151t k\u00e9rdez\u0151 \u00fajs\u00e1g\u00edr\u00f3knak: &#8222;Ne provok\u00e1ljanak, j\u00f3?&#8221;"},"content":{"rendered":"<p>A HVG pr\u00f3b\u00e1lta megtudni <strong>N\u00e9meth Szil\u00e1rdt\u00f3l<\/strong>, a Honv\u00e9delmi Miniszt\u00e9rium parlamenti \u00e1llamtitk\u00e1r\u00e1t\u00f3l Edel\u00e9nyben, hogy mi\u00e9rt t\u00e1mogatja a zsid\u00f3z\u00e1s \u00e9s cig\u00e1nyoz\u00e1s miatt a Fideszb\u0151l kiz\u00e1rt<strong> Moln\u00e1r Oszk\u00e1r<\/strong>t. N\u00e9meth Szil\u00e1rd ugyanis h\u00e9tf\u0151n Moln\u00e1r Oszk\u00e1r mellett kamp\u00e1nyolt a borsodi v\u00e1rosban.<\/p>\n<blockquote><p>K\u00fcl\u00f6n\u00f6sebben engem nem \u00e9rdekel az \u00d6n k\u00e9rd\u00e9se<\/p><\/blockquote>\n<p>\u2013 mondta N\u00e9meth Szil\u00e1rd a HVG \u00fajs\u00e1g\u00edr\u00f3j\u00e1nak. Majd \u00edgy folytatta:<\/p>\n<blockquote><p>Ne provok\u00e1ljanak, j\u00f3?<\/p><\/blockquote>\n<p>Azt\u00e1n azt is mondta, hogy nem a sajt\u00f3 nem \u00e9rdekli, hanem a HVG. Arra a k\u00e9rd\u00e9sre pedig, hogy mi sz\u00e1m\u00edt sajt\u00f3nak Magyarorsz\u00e1gon ezt felelte:<\/p>\n<p><span class=\"highlight-block-small\">Kutya magazin.<\/span><\/p>\n<p><!--noindex--><br \/>\n<a href=\"https:\/\/hirek.oldal.info\/rssclick\/14421361\" rel=\"nofollow\">Source link <\/a><br \/>\n<!--\/noindex--><\/p>\n","protected":false},"excerpt":{"rendered":"<p>A HVG pr\u00f3b\u00e1lta megtudni N\u00e9meth Szil\u00e1rdt\u00f3l, a Honv\u00e9delmi Miniszt\u00e9rium parlamenti \u00e1llamtitk\u00e1r\u00e1t\u00f3l Edel\u00e9nyben, hogy mi\u00e9rt t\u00e1mogatja a zsid\u00f3z\u00e1s \u00e9s cig\u00e1nyoz\u00e1s miatt a Fideszb\u0151l kiz\u00e1rt Moln\u00e1r Oszk\u00e1rt. N\u00e9meth Szil\u00e1rd ugyanis h\u00e9tf\u0151n Moln\u00e1r Oszk\u00e1r mellett kamp\u00e1nyolt a borsodi v\u00e1rosban. K\u00fcl\u00f6n\u00f6sebben engem nem \u00e9rdekel az \u00d6n k\u00e9rd\u00e9se \u2013 mondta N\u00e9meth Szil\u00e1rd a HVG \u00fajs\u00e1g\u00edr\u00f3j\u00e1nak. Majd \u00edgy folytatta: Ne provok\u00e1ljanak, [&hellip;]<\/p>\n","protected":false},"author":2,"featured_media":2504,"comment_status":"open","ping_status":"open","sticky":false,"template":"","format":"standard","meta":{"footnotes":""},"categories":[1],"tags":[],"class_list":["post-2503","post","type-post","status-publish","format-standard","has-post-thumbnail","hentry","category-legujabb-penzugyi-hirek"],"yoast_head":"<!-- This site is optimized with the Yoast SEO plugin v27.4 - https:\/\/yoast.com\/product\/yoast-seo-wordpress\/ -->\n<title>N\u00e9meth Szil\u00e1rd az \u0151t k\u00e9rdez\u0151 \u00fajs\u00e1g\u00edr\u00f3knak: &quot;Ne provok\u00e1ljanak, j\u00f3?&quot; - Hot News in World<\/title>\n<meta name=\"robots\" content=\"index, follow, max-snippet:-1, max-image-preview:large, max-video-preview:-1\" \/>\n<link rel=\"canonical\" href=\"https:\/\/hotnewsinworld.com\/hu\/nemeth-szilard-az-ot-kerdezo-ujsagiroknak-ne-provokaljanak-jo\/\" \/>\n<meta property=\"og:locale\" content=\"hu_HU\" \/>\n<meta property=\"og:type\" content=\"article\" \/>\n<meta property=\"og:title\" content=\"N\u00e9meth Szil\u00e1rd az \u0151t k\u00e9rdez\u0151 \u00fajs\u00e1g\u00edr\u00f3knak: &quot;Ne provok\u00e1ljanak, j\u00f3?&quot; - Hot News in World\" \/>\n<meta property=\"og:description\" content=\"A HVG pr\u00f3b\u00e1lta megtudni N\u00e9meth Szil\u00e1rdt\u00f3l, a Honv\u00e9delmi Miniszt\u00e9rium parlamenti \u00e1llamtitk\u00e1r\u00e1t\u00f3l Edel\u00e9nyben, hogy mi\u00e9rt t\u00e1mogatja a zsid\u00f3z\u00e1s \u00e9s cig\u00e1nyoz\u00e1s miatt a Fideszb\u0151l kiz\u00e1rt Moln\u00e1r Oszk\u00e1rt. N\u00e9meth Szil\u00e1rd ugyanis h\u00e9tf\u0151n Moln\u00e1r Oszk\u00e1r mellett kamp\u00e1nyolt a borsodi v\u00e1rosban. K\u00fcl\u00f6n\u00f6sebben engem nem \u00e9rdekel az \u00d6n k\u00e9rd\u00e9se \u2013 mondta N\u00e9meth Szil\u00e1rd a HVG \u00fajs\u00e1g\u00edr\u00f3j\u00e1nak. Majd \u00edgy folytatta: Ne provok\u00e1ljanak, [&hellip;]\" \/>\n<meta property=\"og:url\" content=\"https:\/\/hotnewsinworld.com\/hu\/nemeth-szilard-az-ot-kerdezo-ujsagiroknak-ne-provokaljanak-jo\/\" \/>\n<meta property=\"og:site_name\" content=\"Hot News in World\" \/>\n<meta property=\"article:published_time\" content=\"2019-09-24T00:28:10+00:00\" \/>\n<meta property=\"article:modified_time\" content=\"2020-02-28T16:50:14+00:00\" \/>\n<meta property=\"og:image\" content=\"https:\/\/hotnewsinworld.com\/hu\/wp-content\/uploads\/sites\/3\/2019\/09\/N\u00e9meth-Szil\u00e1rd-az-\u0151t-k\u00e9rdez\u0151-\u00fajs\u00e1g\u00edr\u00f3knak-Ne-provok\u00e1ljanak-j\u00f3.jpg\" \/>\n\t<meta property=\"og:image:width\" content=\"1024\" \/>\n\t<meta property=\"og:image:height\" content=\"577\" \/>\n\t<meta property=\"og:image:type\" content=\"image\/jpeg\" \/>\n<meta name=\"author\" content=\"hotnewsinworld\" \/>\n<meta name=\"twitter:card\" content=\"summary_large_image\" \/>\n<meta name=\"twitter:label1\" content=\"Szerz\u0151:\" \/>\n\t<meta name=\"twitter:data1\" content=\"hotnewsinworld\" \/>\n\t<meta name=\"twitter:label2\" content=\"Becs\u00fclt olvas\u00e1si id\u0151\" \/>\n\t<meta name=\"twitter:data2\" content=\"1 perc\" \/>\n<script type=\"application\/ld+json\" class=\"yoast-schema-graph\">{\"@context\":\"https:\\\/\\\/schema.org\",\"@graph\":[{\"@type\":\"Article\",\"@id\":\"https:\\\/\\\/hotnewsinworld.com\\\/hu\\\/nemeth-szilard-az-ot-kerdezo-ujsagiroknak-ne-provokaljanak-jo\\\/#article\",\"isPartOf\":{\"@id\":\"https:\\\/\\\/hotnewsinworld.com\\\/hu\\\/nemeth-szilard-az-ot-kerdezo-ujsagiroknak-ne-provokaljanak-jo\\\/\"},\"author\":{\"name\":\"hotnewsinworld\",\"@id\":\"https:\\\/\\\/hotnewsinworld.com\\\/hu\\\/#\\\/schema\\\/person\\\/fe61448b21c0d59086e75fcc1f9d8f6b\"},\"headline\":\"N\u00e9meth Szil\u00e1rd az \u0151t k\u00e9rdez\u0151 \u00fajs\u00e1g\u00edr\u00f3knak: &#8222;Ne provok\u00e1ljanak, j\u00f3?&#8221;\",\"datePublished\":\"2019-09-24T00:28:10+00:00\",\"dateModified\":\"2020-02-28T16:50:14+00:00\",\"mainEntityOfPage\":{\"@id\":\"https:\\\/\\\/hotnewsinworld.com\\\/hu\\\/nemeth-szilard-az-ot-kerdezo-ujsagiroknak-ne-provokaljanak-jo\\\/\"},\"wordCount\":147,\"commentCount\":0,\"image\":{\"@id\":\"https:\\\/\\\/hotnewsinworld.com\\\/hu\\\/nemeth-szilard-az-ot-kerdezo-ujsagiroknak-ne-provokaljanak-jo\\\/#primaryimage\"},\"thumbnailUrl\":\"https:\\\/\\\/hotnewsinworld.com\\\/hu\\\/wp-content\\\/uploads\\\/sites\\\/3\\\/2019\\\/09\\\/N\u00e9meth-Szil\u00e1rd-az-\u0151t-k\u00e9rdez\u0151-\u00fajs\u00e1g\u00edr\u00f3knak-Ne-provok\u00e1ljanak-j\u00f3.jpg\",\"articleSection\":[\"LEG\u00daJABB P\u00c9NZ\u00dcGYI H\u00cdREK\"],\"inLanguage\":\"hu\",\"potentialAction\":[{\"@type\":\"CommentAction\",\"name\":\"Comment\",\"target\":[\"https:\\\/\\\/hotnewsinworld.com\\\/hu\\\/nemeth-szilard-az-ot-kerdezo-ujsagiroknak-ne-provokaljanak-jo\\\/#respond\"]}]},{\"@type\":\"WebPage\",\"@id\":\"https:\\\/\\\/hotnewsinworld.com\\\/hu\\\/nemeth-szilard-az-ot-kerdezo-ujsagiroknak-ne-provokaljanak-jo\\\/\",\"url\":\"https:\\\/\\\/hotnewsinworld.com\\\/hu\\\/nemeth-szilard-az-ot-kerdezo-ujsagiroknak-ne-provokaljanak-jo\\\/\",\"name\":\"N\u00e9meth Szil\u00e1rd az \u0151t k\u00e9rdez\u0151 \u00fajs\u00e1g\u00edr\u00f3knak: \\\"Ne provok\u00e1ljanak, j\u00f3?\\\" - Hot News in World\",\"isPartOf\":{\"@id\":\"https:\\\/\\\/hotnewsinworld.com\\\/hu\\\/#website\"},\"primaryImageOfPage\":{\"@id\":\"https:\\\/\\\/hotnewsinworld.com\\\/hu\\\/nemeth-szilard-az-ot-kerdezo-ujsagiroknak-ne-provokaljanak-jo\\\/#primaryimage\"},\"image\":{\"@id\":\"https:\\\/\\\/hotnewsinworld.com\\\/hu\\\/nemeth-szilard-az-ot-kerdezo-ujsagiroknak-ne-provokaljanak-jo\\\/#primaryimage\"},\"thumbnailUrl\":\"https:\\\/\\\/hotnewsinworld.com\\\/hu\\\/wp-content\\\/uploads\\\/sites\\\/3\\\/2019\\\/09\\\/N\u00e9meth-Szil\u00e1rd-az-\u0151t-k\u00e9rdez\u0151-\u00fajs\u00e1g\u00edr\u00f3knak-Ne-provok\u00e1ljanak-j\u00f3.jpg\",\"datePublished\":\"2019-09-24T00:28:10+00:00\",\"dateModified\":\"2020-02-28T16:50:14+00:00\",\"author\":{\"@id\":\"https:\\\/\\\/hotnewsinworld.com\\\/hu\\\/#\\\/schema\\\/person\\\/fe61448b21c0d59086e75fcc1f9d8f6b\"},\"breadcrumb\":{\"@id\":\"https:\\\/\\\/hotnewsinworld.com\\\/hu\\\/nemeth-szilard-az-ot-kerdezo-ujsagiroknak-ne-provokaljanak-jo\\\/#breadcrumb\"},\"inLanguage\":\"hu\",\"potentialAction\":[{\"@type\":\"ReadAction\",\"target\":[\"https:\\\/\\\/hotnewsinworld.com\\\/hu\\\/nemeth-szilard-az-ot-kerdezo-ujsagiroknak-ne-provokaljanak-jo\\\/\"]}]},{\"@type\":\"ImageObject\",\"inLanguage\":\"hu\",\"@id\":\"https:\\\/\\\/hotnewsinworld.com\\\/hu\\\/nemeth-szilard-az-ot-kerdezo-ujsagiroknak-ne-provokaljanak-jo\\\/#primaryimage\",\"url\":\"https:\\\/\\\/hotnewsinworld.com\\\/hu\\\/wp-content\\\/uploads\\\/sites\\\/3\\\/2019\\\/09\\\/N\u00e9meth-Szil\u00e1rd-az-\u0151t-k\u00e9rdez\u0151-\u00fajs\u00e1g\u00edr\u00f3knak-Ne-provok\u00e1ljanak-j\u00f3.jpg\",\"contentUrl\":\"https:\\\/\\\/hotnewsinworld.com\\\/hu\\\/wp-content\\\/uploads\\\/sites\\\/3\\\/2019\\\/09\\\/N\u00e9meth-Szil\u00e1rd-az-\u0151t-k\u00e9rdez\u0151-\u00fajs\u00e1g\u00edr\u00f3knak-Ne-provok\u00e1ljanak-j\u00f3.jpg\",\"width\":1024,\"height\":577,\"caption\":\"N\u00e9meth Szil\u00e1rd az \u0151t k\u00e9rdez\u0151 \u00fajs\u00e1g\u00edr\u00f3knak: \\\"Ne provok\u00e1ljanak, j\u00f3?\\\"\"},{\"@type\":\"BreadcrumbList\",\"@id\":\"https:\\\/\\\/hotnewsinworld.com\\\/hu\\\/nemeth-szilard-az-ot-kerdezo-ujsagiroknak-ne-provokaljanak-jo\\\/#breadcrumb\",\"itemListElement\":[{\"@type\":\"ListItem\",\"position\":1,\"name\":\"\u0413\u043b\u0430\u0432\u043d\u0430\u044f \u0441\u0442\u0440\u0430\u043d\u0438\u0446\u0430\",\"item\":\"https:\\\/\\\/hotnewsinworld.com\\\/hu\\\/\"},{\"@type\":\"ListItem\",\"position\":2,\"name\":\"N\u00e9meth Szil\u00e1rd az \u0151t k\u00e9rdez\u0151 \u00fajs\u00e1g\u00edr\u00f3knak: &#8220;Ne provok\u00e1ljanak, j\u00f3?&#8221;\"}]},{\"@type\":\"WebSite\",\"@id\":\"https:\\\/\\\/hotnewsinworld.com\\\/hu\\\/#website\",\"url\":\"https:\\\/\\\/hotnewsinworld.com\\\/hu\\\/\",\"name\":\"Hot News in World\",\"description\":\"Hot News in World from Hungary\",\"potentialAction\":[{\"@type\":\"SearchAction\",\"target\":{\"@type\":\"EntryPoint\",\"urlTemplate\":\"https:\\\/\\\/hotnewsinworld.com\\\/hu\\\/?s={search_term_string}\"},\"query-input\":{\"@type\":\"PropertyValueSpecification\",\"valueRequired\":true,\"valueName\":\"search_term_string\"}}],\"inLanguage\":\"hu\"},{\"@type\":\"Person\",\"@id\":\"https:\\\/\\\/hotnewsinworld.com\\\/hu\\\/#\\\/schema\\\/person\\\/fe61448b21c0d59086e75fcc1f9d8f6b\",\"name\":\"hotnewsinworld\",\"image\":{\"@type\":\"ImageObject\",\"inLanguage\":\"hu\",\"@id\":\"https:\\\/\\\/secure.gravatar.com\\\/avatar\\\/8a09ac165600ce2e1c38fe593c63928eb1e6e7ba5c5a907d67787c41b3d00c14?s=96&d=mm&r=g\",\"url\":\"https:\\\/\\\/secure.gravatar.com\\\/avatar\\\/8a09ac165600ce2e1c38fe593c63928eb1e6e7ba5c5a907d67787c41b3d00c14?s=96&d=mm&r=g\",\"contentUrl\":\"https:\\\/\\\/secure.gravatar.com\\\/avatar\\\/8a09ac165600ce2e1c38fe593c63928eb1e6e7ba5c5a907d67787c41b3d00c14?s=96&d=mm&r=g\",\"caption\":\"hotnewsinworld\"},\"url\":\"https:\\\/\\\/hotnewsinworld.com\\\/hu\\\/author\\\/pt\\\/\"}]}<\/script>\n<!-- \/ Yoast SEO plugin. -->","yoast_head_json":{"title":"N\u00e9meth Szil\u00e1rd az \u0151t k\u00e9rdez\u0151 \u00fajs\u00e1g\u00edr\u00f3knak: \"Ne provok\u00e1ljanak, j\u00f3?\" - Hot News in World","robots":{"index":"index","follow":"follow","max-snippet":"max-snippet:-1","max-image-preview":"max-image-preview:large","max-video-preview":"max-video-preview:-1"},"canonical":"https:\/\/hotnewsinworld.com\/hu\/nemeth-szilard-az-ot-kerdezo-ujsagiroknak-ne-provokaljanak-jo\/","og_locale":"hu_HU","og_type":"article","og_title":"N\u00e9meth Szil\u00e1rd az \u0151t k\u00e9rdez\u0151 \u00fajs\u00e1g\u00edr\u00f3knak: \"Ne provok\u00e1ljanak, j\u00f3?\" - Hot News in World","og_description":"A HVG pr\u00f3b\u00e1lta megtudni N\u00e9meth Szil\u00e1rdt\u00f3l, a Honv\u00e9delmi Miniszt\u00e9rium parlamenti \u00e1llamtitk\u00e1r\u00e1t\u00f3l Edel\u00e9nyben, hogy mi\u00e9rt t\u00e1mogatja a zsid\u00f3z\u00e1s \u00e9s cig\u00e1nyoz\u00e1s miatt a Fideszb\u0151l kiz\u00e1rt Moln\u00e1r Oszk\u00e1rt. N\u00e9meth Szil\u00e1rd ugyanis h\u00e9tf\u0151n Moln\u00e1r Oszk\u00e1r mellett kamp\u00e1nyolt a borsodi v\u00e1rosban. K\u00fcl\u00f6n\u00f6sebben engem nem \u00e9rdekel az \u00d6n k\u00e9rd\u00e9se \u2013 mondta N\u00e9meth Szil\u00e1rd a HVG \u00fajs\u00e1g\u00edr\u00f3j\u00e1nak. Majd \u00edgy folytatta: Ne provok\u00e1ljanak, [&hellip;]","og_url":"https:\/\/hotnewsinworld.com\/hu\/nemeth-szilard-az-ot-kerdezo-ujsagiroknak-ne-provokaljanak-jo\/","og_site_name":"Hot News in World","article_published_time":"2019-09-24T00:28:10+00:00","article_modified_time":"2020-02-28T16:50:14+00:00","og_image":[{"width":1024,"height":577,"url":"https:\/\/hotnewsinworld.com\/hu\/wp-content\/uploads\/sites\/3\/2019\/09\/N\u00e9meth-Szil\u00e1rd-az-\u0151t-k\u00e9rdez\u0151-\u00fajs\u00e1g\u00edr\u00f3knak-Ne-provok\u00e1ljanak-j\u00f3.jpg","type":"image\/jpeg"}],"author":"hotnewsinworld","twitter_card":"summary_large_image","twitter_misc":{"Szerz\u0151:":"hotnewsinworld","Becs\u00fclt olvas\u00e1si id\u0151":"1 perc"},"schema":{"@context":"https:\/\/schema.org","@graph":[{"@type":"Article","@id":"https:\/\/hotnewsinworld.com\/hu\/nemeth-szilard-az-ot-kerdezo-ujsagiroknak-ne-provokaljanak-jo\/#article","isPartOf":{"@id":"https:\/\/hotnewsinworld.com\/hu\/nemeth-szilard-az-ot-kerdezo-ujsagiroknak-ne-provokaljanak-jo\/"},"author":{"name":"hotnewsinworld","@id":"https:\/\/hotnewsinworld.com\/hu\/#\/schema\/person\/fe61448b21c0d59086e75fcc1f9d8f6b"},"headline":"N\u00e9meth Szil\u00e1rd az \u0151t k\u00e9rdez\u0151 \u00fajs\u00e1g\u00edr\u00f3knak: &#8222;Ne provok\u00e1ljanak, j\u00f3?&#8221;","datePublished":"2019-09-24T00:28:10+00:00","dateModified":"2020-02-28T16:50:14+00:00","mainEntityOfPage":{"@id":"https:\/\/hotnewsinworld.com\/hu\/nemeth-szilard-az-ot-kerdezo-ujsagiroknak-ne-provokaljanak-jo\/"},"wordCount":147,"commentCount":0,"image":{"@id":"https:\/\/hotnewsinworld.com\/hu\/nemeth-szilard-az-ot-kerdezo-ujsagiroknak-ne-provokaljanak-jo\/#primaryimage"},"thumbnailUrl":"https:\/\/hotnewsinworld.com\/hu\/wp-content\/uploads\/sites\/3\/2019\/09\/N\u00e9meth-Szil\u00e1rd-az-\u0151t-k\u00e9rdez\u0151-\u00fajs\u00e1g\u00edr\u00f3knak-Ne-provok\u00e1ljanak-j\u00f3.jpg","articleSection":["LEG\u00daJABB P\u00c9NZ\u00dcGYI H\u00cdREK"],"inLanguage":"hu","potentialAction":[{"@type":"CommentAction","name":"Comment","target":["https:\/\/hotnewsinworld.com\/hu\/nemeth-szilard-az-ot-kerdezo-ujsagiroknak-ne-provokaljanak-jo\/#respond"]}]},{"@type":"WebPage","@id":"https:\/\/hotnewsinworld.com\/hu\/nemeth-szilard-az-ot-kerdezo-ujsagiroknak-ne-provokaljanak-jo\/","url":"https:\/\/hotnewsinworld.com\/hu\/nemeth-szilard-az-ot-kerdezo-ujsagiroknak-ne-provokaljanak-jo\/","name":"N\u00e9meth Szil\u00e1rd az \u0151t k\u00e9rdez\u0151 \u00fajs\u00e1g\u00edr\u00f3knak: \"Ne provok\u00e1ljanak, j\u00f3?\" - Hot News in World","isPartOf":{"@id":"https:\/\/hotnewsinworld.com\/hu\/#website"},"primaryImageOfPage":{"@id":"https:\/\/hotnewsinworld.com\/hu\/nemeth-szilard-az-ot-kerdezo-ujsagiroknak-ne-provokaljanak-jo\/#primaryimage"},"image":{"@id":"https:\/\/hotnewsinworld.com\/hu\/nemeth-szilard-az-ot-kerdezo-ujsagiroknak-ne-provokaljanak-jo\/#primaryimage"},"thumbnailUrl":"https:\/\/hotnewsinworld.com\/hu\/wp-content\/uploads\/sites\/3\/2019\/09\/N\u00e9meth-Szil\u00e1rd-az-\u0151t-k\u00e9rdez\u0151-\u00fajs\u00e1g\u00edr\u00f3knak-Ne-provok\u00e1ljanak-j\u00f3.jpg","datePublished":"2019-09-24T00:28:10+00:00","dateModified":"2020-02-28T16:50:14+00:00","author":{"@id":"https:\/\/hotnewsinworld.com\/hu\/#\/schema\/person\/fe61448b21c0d59086e75fcc1f9d8f6b"},"breadcrumb":{"@id":"https:\/\/hotnewsinworld.com\/hu\/nemeth-szilard-az-ot-kerdezo-ujsagiroknak-ne-provokaljanak-jo\/#breadcrumb"},"inLanguage":"hu","potentialAction":[{"@type":"ReadAction","target":["https:\/\/hotnewsinworld.com\/hu\/nemeth-szilard-az-ot-kerdezo-ujsagiroknak-ne-provokaljanak-jo\/"]}]},{"@type":"ImageObject","inLanguage":"hu","@id":"https:\/\/hotnewsinworld.com\/hu\/nemeth-szilard-az-ot-kerdezo-ujsagiroknak-ne-provokaljanak-jo\/#primaryimage","url":"https:\/\/hotnewsinworld.com\/hu\/wp-content\/uploads\/sites\/3\/2019\/09\/N\u00e9meth-Szil\u00e1rd-az-\u0151t-k\u00e9rdez\u0151-\u00fajs\u00e1g\u00edr\u00f3knak-Ne-provok\u00e1ljanak-j\u00f3.jpg","contentUrl":"https:\/\/hotnewsinworld.com\/hu\/wp-content\/uploads\/sites\/3\/2019\/09\/N\u00e9meth-Szil\u00e1rd-az-\u0151t-k\u00e9rdez\u0151-\u00fajs\u00e1g\u00edr\u00f3knak-Ne-provok\u00e1ljanak-j\u00f3.jpg","width":1024,"height":577,"caption":"N\u00e9meth Szil\u00e1rd az \u0151t k\u00e9rdez\u0151 \u00fajs\u00e1g\u00edr\u00f3knak: \"Ne provok\u00e1ljanak, j\u00f3?\""},{"@type":"BreadcrumbList","@id":"https:\/\/hotnewsinworld.com\/hu\/nemeth-szilard-az-ot-kerdezo-ujsagiroknak-ne-provokaljanak-jo\/#breadcrumb","itemListElement":[{"@type":"ListItem","position":1,"name":"\u0413\u043b\u0430\u0432\u043d\u0430\u044f \u0441\u0442\u0440\u0430\u043d\u0438\u0446\u0430","item":"https:\/\/hotnewsinworld.com\/hu\/"},{"@type":"ListItem","position":2,"name":"N\u00e9meth Szil\u00e1rd az \u0151t k\u00e9rdez\u0151 \u00fajs\u00e1g\u00edr\u00f3knak: &#8220;Ne provok\u00e1ljanak, j\u00f3?&#8221;"}]},{"@type":"WebSite","@id":"https:\/\/hotnewsinworld.com\/hu\/#website","url":"https:\/\/hotnewsinworld.com\/hu\/","name":"Hot News in World","description":"Hot News in World from Hungary","potentialAction":[{"@type":"SearchAction","target":{"@type":"EntryPoint","urlTemplate":"https:\/\/hotnewsinworld.com\/hu\/?s={search_term_string}"},"query-input":{"@type":"PropertyValueSpecification","valueRequired":true,"valueName":"search_term_string"}}],"inLanguage":"hu"},{"@type":"Person","@id":"https:\/\/hotnewsinworld.com\/hu\/#\/schema\/person\/fe61448b21c0d59086e75fcc1f9d8f6b","name":"hotnewsinworld","image":{"@type":"ImageObject","inLanguage":"hu","@id":"https:\/\/secure.gravatar.com\/avatar\/8a09ac165600ce2e1c38fe593c63928eb1e6e7ba5c5a907d67787c41b3d00c14?s=96&d=mm&r=g","url":"https:\/\/secure.gravatar.com\/avatar\/8a09ac165600ce2e1c38fe593c63928eb1e6e7ba5c5a907d67787c41b3d00c14?s=96&d=mm&r=g","contentUrl":"https:\/\/secure.gravatar.com\/avatar\/8a09ac165600ce2e1c38fe593c63928eb1e6e7ba5c5a907d67787c41b3d00c14?s=96&d=mm&r=g","caption":"hotnewsinworld"},"url":"https:\/\/hotnewsinworld.com\/hu\/author\/pt\/"}]}},"_links":{"self":[{"href":"https:\/\/hotnewsinworld.com\/hu\/wp-json\/wp\/v2\/posts\/2503","targetHints":{"allow":["GET"]}}],"collection":[{"href":"https:\/\/hotnewsinworld.com\/hu\/wp-json\/wp\/v2\/posts"}],"about":[{"href":"https:\/\/hotnewsinworld.com\/hu\/wp-json\/wp\/v2\/types\/post"}],"author":[{"embeddable":true,"href":"https:\/\/hotnewsinworld.com\/hu\/wp-json\/wp\/v2\/users\/2"}],"replies":[{"embeddable":true,"href":"https:\/\/hotnewsinworld.com\/hu\/wp-json\/wp\/v2\/comments?post=2503"}],"version-history":[{"count":3,"href":"https:\/\/hotnewsinworld.com\/hu\/wp-json\/wp\/v2\/posts\/2503\/revisions"}],"predecessor-version":[{"id":2543,"href":"https:\/\/hotnewsinworld.com\/hu\/wp-json\/wp\/v2\/posts\/2503\/revisions\/2543"}],"wp:featuredmedia":[{"embeddable":true,"href":"https:\/\/hotnewsinworld.com\/hu\/wp-json\/wp\/v2\/media\/2504"}],"wp:attachment":[{"href":"https:\/\/hotnewsinworld.com\/hu\/wp-json\/wp\/v2\/media?parent=2503"}],"wp:term":[{"taxonomy":"category","embeddable":true,"href":"https:\/\/hotnewsinworld.com\/hu\/wp-json\/wp\/v2\/categories?post=2503"},{"taxonomy":"post_tag","embeddable":true,"href":"https:\/\/hotnewsinworld.com\/hu\/wp-json\/wp\/v2\/tags?post=2503"}],"curies":[{"name":"wp","href":"https:\/\/api.w.org\/{rel}","templated":true}]}}