{"id":2506,"date":"2019-09-24T04:49:22","date_gmt":"2019-09-24T01:49:22","guid":{"rendered":"https:\/\/hotnewsinworld.com\/hu\/illegalis-migransok-bacs-kiskun-megyeben-a-magyar-rendorseg-hivatalos-honlapja\/"},"modified":"2020-02-28T19:42:36","modified_gmt":"2020-02-28T16:42:36","slug":"illegalis-migransok-bacs-kiskun-megyeben-a-magyar-rendorseg-hivatalos-honlapja","status":"publish","type":"post","link":"https:\/\/hotnewsinworld.com\/hu\/illegalis-migransok-bacs-kiskun-megyeben-a-magyar-rendorseg-hivatalos-honlapja\/","title":{"rendered":"Illeg\u00e1lis migr\u00e1nsok B\u00e1cs-Kiskun megy\u00e9ben"},"content":{"rendered":"<p>A B\u00e1cs-Kiskun megyei hat\u00e1rszakaszon szolg\u00e1latot teljes\u00edt\u0151 egyenruh\u00e1sok 2019. szeptember 24-\u00e9n 2 \u00f3ra 45 perckor Madaras k\u00f6zigazgat\u00e1si ter\u00fclet\u00e9n tizenh\u00e9t k\u00fclf\u00f6ldi f\u00e9rfit tart\u00f3ztattak fel, akik afg\u00e1n \u00e1llampolg\u00e1rnak vallott\u00e1k magukat.<\/p>\n<p>Az illeg\u00e1lis migr\u00e1nsok sem szem\u00e9lyazonoss\u00e1gukat, sem magyarorsz\u00e1gi tart\u00f3zkod\u00e1suk jogszer\u0171s\u00e9g\u00e9t hitelt \u00e9rdeml\u0151en nem tudt\u00e1k igazolni, ez\u00e9rt a rend\u0151r\u00f6k a hat\u00e1lyos magyar jogszab\u00e1lyoknak megfelel\u0151en visszak\u00eds\u00e9rik \u0151ket az ideiglenes biztons\u00e1gi hat\u00e1rz\u00e1rhoz.<\/p>\n<p><!--noindex--><br \/>\n<a href=\"https:\/\/hirek.oldal.info\/rssclick\/14421385\" rel=\"nofollow\">Source link <\/a><br \/>\n<!--\/noindex--><\/p>\n","protected":false},"excerpt":{"rendered":"<p>A B\u00e1cs-Kiskun megyei hat\u00e1rszakaszon szolg\u00e1latot teljes\u00edt\u0151 egyenruh\u00e1sok 2019. szeptember 24-\u00e9n 2 \u00f3ra 45 perckor Madaras k\u00f6zigazgat\u00e1si ter\u00fclet\u00e9n tizenh\u00e9t k\u00fclf\u00f6ldi f\u00e9rfit tart\u00f3ztattak fel, akik afg\u00e1n \u00e1llampolg\u00e1rnak vallott\u00e1k magukat. Az illeg\u00e1lis migr\u00e1nsok sem szem\u00e9lyazonoss\u00e1gukat, sem magyarorsz\u00e1gi tart\u00f3zkod\u00e1suk jogszer\u0171s\u00e9g\u00e9t hitelt \u00e9rdeml\u0151en nem tudt\u00e1k igazolni, ez\u00e9rt a rend\u0151r\u00f6k a hat\u00e1lyos magyar jogszab\u00e1lyoknak megfelel\u0151en visszak\u00eds\u00e9rik \u0151ket az ideiglenes biztons\u00e1gi hat\u00e1rz\u00e1rhoz. [&hellip;]<\/p>\n","protected":false},"author":2,"featured_media":2538,"comment_status":"open","ping_status":"open","sticky":false,"template":"","format":"standard","meta":{"footnotes":""},"categories":[1],"tags":[],"class_list":["post-2506","post","type-post","status-publish","format-standard","has-post-thumbnail","hentry","category-legujabb-penzugyi-hirek"],"yoast_head":"<!-- This site is optimized with the Yoast SEO plugin v27.4 - https:\/\/yoast.com\/product\/yoast-seo-wordpress\/ -->\n<title>Illeg\u00e1lis migr\u00e1nsok B\u00e1cs-Kiskun megy\u00e9ben - Hot News in World<\/title>\n<meta name=\"robots\" content=\"index, follow, max-snippet:-1, max-image-preview:large, max-video-preview:-1\" \/>\n<link rel=\"canonical\" href=\"https:\/\/hotnewsinworld.com\/hu\/illegalis-migransok-bacs-kiskun-megyeben-a-magyar-rendorseg-hivatalos-honlapja\/\" \/>\n<meta property=\"og:locale\" content=\"hu_HU\" \/>\n<meta property=\"og:type\" content=\"article\" \/>\n<meta property=\"og:title\" content=\"Illeg\u00e1lis migr\u00e1nsok B\u00e1cs-Kiskun megy\u00e9ben - Hot News in World\" \/>\n<meta property=\"og:description\" content=\"A B\u00e1cs-Kiskun megyei hat\u00e1rszakaszon szolg\u00e1latot teljes\u00edt\u0151 egyenruh\u00e1sok 2019. szeptember 24-\u00e9n 2 \u00f3ra 45 perckor Madaras k\u00f6zigazgat\u00e1si ter\u00fclet\u00e9n tizenh\u00e9t k\u00fclf\u00f6ldi f\u00e9rfit tart\u00f3ztattak fel, akik afg\u00e1n \u00e1llampolg\u00e1rnak vallott\u00e1k magukat. Az illeg\u00e1lis migr\u00e1nsok sem szem\u00e9lyazonoss\u00e1gukat, sem magyarorsz\u00e1gi tart\u00f3zkod\u00e1suk jogszer\u0171s\u00e9g\u00e9t hitelt \u00e9rdeml\u0151en nem tudt\u00e1k igazolni, ez\u00e9rt a rend\u0151r\u00f6k a hat\u00e1lyos magyar jogszab\u00e1lyoknak megfelel\u0151en visszak\u00eds\u00e9rik \u0151ket az ideiglenes biztons\u00e1gi hat\u00e1rz\u00e1rhoz. [&hellip;]\" \/>\n<meta property=\"og:url\" content=\"https:\/\/hotnewsinworld.com\/hu\/illegalis-migransok-bacs-kiskun-megyeben-a-magyar-rendorseg-hivatalos-honlapja\/\" \/>\n<meta property=\"og:site_name\" content=\"Hot News in World\" \/>\n<meta property=\"article:published_time\" content=\"2019-09-24T01:49:22+00:00\" \/>\n<meta property=\"article:modified_time\" content=\"2020-02-28T16:42:36+00:00\" \/>\n<meta property=\"og:image\" content=\"https:\/\/hotnewsinworld.com\/hu\/wp-content\/uploads\/sites\/3\/2019\/09\/IMG-b7cb886e673a490f191aeefa2f8b0f7e-V.jpg\" \/>\n\t<meta property=\"og:image:width\" content=\"751\" \/>\n\t<meta property=\"og:image:height\" content=\"500\" \/>\n\t<meta property=\"og:image:type\" content=\"image\/jpeg\" \/>\n<meta name=\"author\" content=\"hotnewsinworld\" \/>\n<meta name=\"twitter:card\" content=\"summary_large_image\" \/>\n<meta name=\"twitter:label1\" content=\"Szerz\u0151:\" \/>\n\t<meta name=\"twitter:data1\" content=\"hotnewsinworld\" \/>\n<script type=\"application\/ld+json\" class=\"yoast-schema-graph\">{\"@context\":\"https:\\\/\\\/schema.org\",\"@graph\":[{\"@type\":\"Article\",\"@id\":\"https:\\\/\\\/hotnewsinworld.com\\\/hu\\\/illegalis-migransok-bacs-kiskun-megyeben-a-magyar-rendorseg-hivatalos-honlapja\\\/#article\",\"isPartOf\":{\"@id\":\"https:\\\/\\\/hotnewsinworld.com\\\/hu\\\/illegalis-migransok-bacs-kiskun-megyeben-a-magyar-rendorseg-hivatalos-honlapja\\\/\"},\"author\":{\"name\":\"hotnewsinworld\",\"@id\":\"https:\\\/\\\/hotnewsinworld.com\\\/hu\\\/#\\\/schema\\\/person\\\/fe61448b21c0d59086e75fcc1f9d8f6b\"},\"headline\":\"Illeg\u00e1lis migr\u00e1nsok B\u00e1cs-Kiskun megy\u00e9ben\",\"datePublished\":\"2019-09-24T01:49:22+00:00\",\"dateModified\":\"2020-02-28T16:42:36+00:00\",\"mainEntityOfPage\":{\"@id\":\"https:\\\/\\\/hotnewsinworld.com\\\/hu\\\/illegalis-migransok-bacs-kiskun-megyeben-a-magyar-rendorseg-hivatalos-honlapja\\\/\"},\"wordCount\":103,\"commentCount\":0,\"image\":{\"@id\":\"https:\\\/\\\/hotnewsinworld.com\\\/hu\\\/illegalis-migransok-bacs-kiskun-megyeben-a-magyar-rendorseg-hivatalos-honlapja\\\/#primaryimage\"},\"thumbnailUrl\":\"https:\\\/\\\/hotnewsinworld.com\\\/hu\\\/wp-content\\\/uploads\\\/sites\\\/3\\\/2019\\\/09\\\/IMG-b7cb886e673a490f191aeefa2f8b0f7e-V.jpg\",\"articleSection\":[\"LEG\u00daJABB P\u00c9NZ\u00dcGYI H\u00cdREK\"],\"inLanguage\":\"hu\",\"potentialAction\":[{\"@type\":\"CommentAction\",\"name\":\"Comment\",\"target\":[\"https:\\\/\\\/hotnewsinworld.com\\\/hu\\\/illegalis-migransok-bacs-kiskun-megyeben-a-magyar-rendorseg-hivatalos-honlapja\\\/#respond\"]}]},{\"@type\":\"WebPage\",\"@id\":\"https:\\\/\\\/hotnewsinworld.com\\\/hu\\\/illegalis-migransok-bacs-kiskun-megyeben-a-magyar-rendorseg-hivatalos-honlapja\\\/\",\"url\":\"https:\\\/\\\/hotnewsinworld.com\\\/hu\\\/illegalis-migransok-bacs-kiskun-megyeben-a-magyar-rendorseg-hivatalos-honlapja\\\/\",\"name\":\"Illeg\u00e1lis migr\u00e1nsok B\u00e1cs-Kiskun megy\u00e9ben - Hot News in World\",\"isPartOf\":{\"@id\":\"https:\\\/\\\/hotnewsinworld.com\\\/hu\\\/#website\"},\"primaryImageOfPage\":{\"@id\":\"https:\\\/\\\/hotnewsinworld.com\\\/hu\\\/illegalis-migransok-bacs-kiskun-megyeben-a-magyar-rendorseg-hivatalos-honlapja\\\/#primaryimage\"},\"image\":{\"@id\":\"https:\\\/\\\/hotnewsinworld.com\\\/hu\\\/illegalis-migransok-bacs-kiskun-megyeben-a-magyar-rendorseg-hivatalos-honlapja\\\/#primaryimage\"},\"thumbnailUrl\":\"https:\\\/\\\/hotnewsinworld.com\\\/hu\\\/wp-content\\\/uploads\\\/sites\\\/3\\\/2019\\\/09\\\/IMG-b7cb886e673a490f191aeefa2f8b0f7e-V.jpg\",\"datePublished\":\"2019-09-24T01:49:22+00:00\",\"dateModified\":\"2020-02-28T16:42:36+00:00\",\"author\":{\"@id\":\"https:\\\/\\\/hotnewsinworld.com\\\/hu\\\/#\\\/schema\\\/person\\\/fe61448b21c0d59086e75fcc1f9d8f6b\"},\"breadcrumb\":{\"@id\":\"https:\\\/\\\/hotnewsinworld.com\\\/hu\\\/illegalis-migransok-bacs-kiskun-megyeben-a-magyar-rendorseg-hivatalos-honlapja\\\/#breadcrumb\"},\"inLanguage\":\"hu\",\"potentialAction\":[{\"@type\":\"ReadAction\",\"target\":[\"https:\\\/\\\/hotnewsinworld.com\\\/hu\\\/illegalis-migransok-bacs-kiskun-megyeben-a-magyar-rendorseg-hivatalos-honlapja\\\/\"]}]},{\"@type\":\"ImageObject\",\"inLanguage\":\"hu\",\"@id\":\"https:\\\/\\\/hotnewsinworld.com\\\/hu\\\/illegalis-migransok-bacs-kiskun-megyeben-a-magyar-rendorseg-hivatalos-honlapja\\\/#primaryimage\",\"url\":\"https:\\\/\\\/hotnewsinworld.com\\\/hu\\\/wp-content\\\/uploads\\\/sites\\\/3\\\/2019\\\/09\\\/IMG-b7cb886e673a490f191aeefa2f8b0f7e-V.jpg\",\"contentUrl\":\"https:\\\/\\\/hotnewsinworld.com\\\/hu\\\/wp-content\\\/uploads\\\/sites\\\/3\\\/2019\\\/09\\\/IMG-b7cb886e673a490f191aeefa2f8b0f7e-V.jpg\",\"width\":751,\"height\":500},{\"@type\":\"BreadcrumbList\",\"@id\":\"https:\\\/\\\/hotnewsinworld.com\\\/hu\\\/illegalis-migransok-bacs-kiskun-megyeben-a-magyar-rendorseg-hivatalos-honlapja\\\/#breadcrumb\",\"itemListElement\":[{\"@type\":\"ListItem\",\"position\":1,\"name\":\"\u0413\u043b\u0430\u0432\u043d\u0430\u044f \u0441\u0442\u0440\u0430\u043d\u0438\u0446\u0430\",\"item\":\"https:\\\/\\\/hotnewsinworld.com\\\/hu\\\/\"},{\"@type\":\"ListItem\",\"position\":2,\"name\":\"Illeg\u00e1lis migr\u00e1nsok B\u00e1cs-Kiskun megy\u00e9ben\"}]},{\"@type\":\"WebSite\",\"@id\":\"https:\\\/\\\/hotnewsinworld.com\\\/hu\\\/#website\",\"url\":\"https:\\\/\\\/hotnewsinworld.com\\\/hu\\\/\",\"name\":\"Hot News in World\",\"description\":\"Hot News in World from Hungary\",\"potentialAction\":[{\"@type\":\"SearchAction\",\"target\":{\"@type\":\"EntryPoint\",\"urlTemplate\":\"https:\\\/\\\/hotnewsinworld.com\\\/hu\\\/?s={search_term_string}\"},\"query-input\":{\"@type\":\"PropertyValueSpecification\",\"valueRequired\":true,\"valueName\":\"search_term_string\"}}],\"inLanguage\":\"hu\"},{\"@type\":\"Person\",\"@id\":\"https:\\\/\\\/hotnewsinworld.com\\\/hu\\\/#\\\/schema\\\/person\\\/fe61448b21c0d59086e75fcc1f9d8f6b\",\"name\":\"hotnewsinworld\",\"image\":{\"@type\":\"ImageObject\",\"inLanguage\":\"hu\",\"@id\":\"https:\\\/\\\/secure.gravatar.com\\\/avatar\\\/8a09ac165600ce2e1c38fe593c63928eb1e6e7ba5c5a907d67787c41b3d00c14?s=96&d=mm&r=g\",\"url\":\"https:\\\/\\\/secure.gravatar.com\\\/avatar\\\/8a09ac165600ce2e1c38fe593c63928eb1e6e7ba5c5a907d67787c41b3d00c14?s=96&d=mm&r=g\",\"contentUrl\":\"https:\\\/\\\/secure.gravatar.com\\\/avatar\\\/8a09ac165600ce2e1c38fe593c63928eb1e6e7ba5c5a907d67787c41b3d00c14?s=96&d=mm&r=g\",\"caption\":\"hotnewsinworld\"},\"url\":\"https:\\\/\\\/hotnewsinworld.com\\\/hu\\\/author\\\/pt\\\/\"}]}<\/script>\n<!-- \/ Yoast SEO plugin. -->","yoast_head_json":{"title":"Illeg\u00e1lis migr\u00e1nsok B\u00e1cs-Kiskun megy\u00e9ben - Hot News in World","robots":{"index":"index","follow":"follow","max-snippet":"max-snippet:-1","max-image-preview":"max-image-preview:large","max-video-preview":"max-video-preview:-1"},"canonical":"https:\/\/hotnewsinworld.com\/hu\/illegalis-migransok-bacs-kiskun-megyeben-a-magyar-rendorseg-hivatalos-honlapja\/","og_locale":"hu_HU","og_type":"article","og_title":"Illeg\u00e1lis migr\u00e1nsok B\u00e1cs-Kiskun megy\u00e9ben - Hot News in World","og_description":"A B\u00e1cs-Kiskun megyei hat\u00e1rszakaszon szolg\u00e1latot teljes\u00edt\u0151 egyenruh\u00e1sok 2019. szeptember 24-\u00e9n 2 \u00f3ra 45 perckor Madaras k\u00f6zigazgat\u00e1si ter\u00fclet\u00e9n tizenh\u00e9t k\u00fclf\u00f6ldi f\u00e9rfit tart\u00f3ztattak fel, akik afg\u00e1n \u00e1llampolg\u00e1rnak vallott\u00e1k magukat. Az illeg\u00e1lis migr\u00e1nsok sem szem\u00e9lyazonoss\u00e1gukat, sem magyarorsz\u00e1gi tart\u00f3zkod\u00e1suk jogszer\u0171s\u00e9g\u00e9t hitelt \u00e9rdeml\u0151en nem tudt\u00e1k igazolni, ez\u00e9rt a rend\u0151r\u00f6k a hat\u00e1lyos magyar jogszab\u00e1lyoknak megfelel\u0151en visszak\u00eds\u00e9rik \u0151ket az ideiglenes biztons\u00e1gi hat\u00e1rz\u00e1rhoz. [&hellip;]","og_url":"https:\/\/hotnewsinworld.com\/hu\/illegalis-migransok-bacs-kiskun-megyeben-a-magyar-rendorseg-hivatalos-honlapja\/","og_site_name":"Hot News in World","article_published_time":"2019-09-24T01:49:22+00:00","article_modified_time":"2020-02-28T16:42:36+00:00","og_image":[{"width":751,"height":500,"url":"https:\/\/hotnewsinworld.com\/hu\/wp-content\/uploads\/sites\/3\/2019\/09\/IMG-b7cb886e673a490f191aeefa2f8b0f7e-V.jpg","type":"image\/jpeg"}],"author":"hotnewsinworld","twitter_card":"summary_large_image","twitter_misc":{"Szerz\u0151:":"hotnewsinworld"},"schema":{"@context":"https:\/\/schema.org","@graph":[{"@type":"Article","@id":"https:\/\/hotnewsinworld.com\/hu\/illegalis-migransok-bacs-kiskun-megyeben-a-magyar-rendorseg-hivatalos-honlapja\/#article","isPartOf":{"@id":"https:\/\/hotnewsinworld.com\/hu\/illegalis-migransok-bacs-kiskun-megyeben-a-magyar-rendorseg-hivatalos-honlapja\/"},"author":{"name":"hotnewsinworld","@id":"https:\/\/hotnewsinworld.com\/hu\/#\/schema\/person\/fe61448b21c0d59086e75fcc1f9d8f6b"},"headline":"Illeg\u00e1lis migr\u00e1nsok B\u00e1cs-Kiskun megy\u00e9ben","datePublished":"2019-09-24T01:49:22+00:00","dateModified":"2020-02-28T16:42:36+00:00","mainEntityOfPage":{"@id":"https:\/\/hotnewsinworld.com\/hu\/illegalis-migransok-bacs-kiskun-megyeben-a-magyar-rendorseg-hivatalos-honlapja\/"},"wordCount":103,"commentCount":0,"image":{"@id":"https:\/\/hotnewsinworld.com\/hu\/illegalis-migransok-bacs-kiskun-megyeben-a-magyar-rendorseg-hivatalos-honlapja\/#primaryimage"},"thumbnailUrl":"https:\/\/hotnewsinworld.com\/hu\/wp-content\/uploads\/sites\/3\/2019\/09\/IMG-b7cb886e673a490f191aeefa2f8b0f7e-V.jpg","articleSection":["LEG\u00daJABB P\u00c9NZ\u00dcGYI H\u00cdREK"],"inLanguage":"hu","potentialAction":[{"@type":"CommentAction","name":"Comment","target":["https:\/\/hotnewsinworld.com\/hu\/illegalis-migransok-bacs-kiskun-megyeben-a-magyar-rendorseg-hivatalos-honlapja\/#respond"]}]},{"@type":"WebPage","@id":"https:\/\/hotnewsinworld.com\/hu\/illegalis-migransok-bacs-kiskun-megyeben-a-magyar-rendorseg-hivatalos-honlapja\/","url":"https:\/\/hotnewsinworld.com\/hu\/illegalis-migransok-bacs-kiskun-megyeben-a-magyar-rendorseg-hivatalos-honlapja\/","name":"Illeg\u00e1lis migr\u00e1nsok B\u00e1cs-Kiskun megy\u00e9ben - Hot News in World","isPartOf":{"@id":"https:\/\/hotnewsinworld.com\/hu\/#website"},"primaryImageOfPage":{"@id":"https:\/\/hotnewsinworld.com\/hu\/illegalis-migransok-bacs-kiskun-megyeben-a-magyar-rendorseg-hivatalos-honlapja\/#primaryimage"},"image":{"@id":"https:\/\/hotnewsinworld.com\/hu\/illegalis-migransok-bacs-kiskun-megyeben-a-magyar-rendorseg-hivatalos-honlapja\/#primaryimage"},"thumbnailUrl":"https:\/\/hotnewsinworld.com\/hu\/wp-content\/uploads\/sites\/3\/2019\/09\/IMG-b7cb886e673a490f191aeefa2f8b0f7e-V.jpg","datePublished":"2019-09-24T01:49:22+00:00","dateModified":"2020-02-28T16:42:36+00:00","author":{"@id":"https:\/\/hotnewsinworld.com\/hu\/#\/schema\/person\/fe61448b21c0d59086e75fcc1f9d8f6b"},"breadcrumb":{"@id":"https:\/\/hotnewsinworld.com\/hu\/illegalis-migransok-bacs-kiskun-megyeben-a-magyar-rendorseg-hivatalos-honlapja\/#breadcrumb"},"inLanguage":"hu","potentialAction":[{"@type":"ReadAction","target":["https:\/\/hotnewsinworld.com\/hu\/illegalis-migransok-bacs-kiskun-megyeben-a-magyar-rendorseg-hivatalos-honlapja\/"]}]},{"@type":"ImageObject","inLanguage":"hu","@id":"https:\/\/hotnewsinworld.com\/hu\/illegalis-migransok-bacs-kiskun-megyeben-a-magyar-rendorseg-hivatalos-honlapja\/#primaryimage","url":"https:\/\/hotnewsinworld.com\/hu\/wp-content\/uploads\/sites\/3\/2019\/09\/IMG-b7cb886e673a490f191aeefa2f8b0f7e-V.jpg","contentUrl":"https:\/\/hotnewsinworld.com\/hu\/wp-content\/uploads\/sites\/3\/2019\/09\/IMG-b7cb886e673a490f191aeefa2f8b0f7e-V.jpg","width":751,"height":500},{"@type":"BreadcrumbList","@id":"https:\/\/hotnewsinworld.com\/hu\/illegalis-migransok-bacs-kiskun-megyeben-a-magyar-rendorseg-hivatalos-honlapja\/#breadcrumb","itemListElement":[{"@type":"ListItem","position":1,"name":"\u0413\u043b\u0430\u0432\u043d\u0430\u044f \u0441\u0442\u0440\u0430\u043d\u0438\u0446\u0430","item":"https:\/\/hotnewsinworld.com\/hu\/"},{"@type":"ListItem","position":2,"name":"Illeg\u00e1lis migr\u00e1nsok B\u00e1cs-Kiskun megy\u00e9ben"}]},{"@type":"WebSite","@id":"https:\/\/hotnewsinworld.com\/hu\/#website","url":"https:\/\/hotnewsinworld.com\/hu\/","name":"Hot News in World","description":"Hot News in World from Hungary","potentialAction":[{"@type":"SearchAction","target":{"@type":"EntryPoint","urlTemplate":"https:\/\/hotnewsinworld.com\/hu\/?s={search_term_string}"},"query-input":{"@type":"PropertyValueSpecification","valueRequired":true,"valueName":"search_term_string"}}],"inLanguage":"hu"},{"@type":"Person","@id":"https:\/\/hotnewsinworld.com\/hu\/#\/schema\/person\/fe61448b21c0d59086e75fcc1f9d8f6b","name":"hotnewsinworld","image":{"@type":"ImageObject","inLanguage":"hu","@id":"https:\/\/secure.gravatar.com\/avatar\/8a09ac165600ce2e1c38fe593c63928eb1e6e7ba5c5a907d67787c41b3d00c14?s=96&d=mm&r=g","url":"https:\/\/secure.gravatar.com\/avatar\/8a09ac165600ce2e1c38fe593c63928eb1e6e7ba5c5a907d67787c41b3d00c14?s=96&d=mm&r=g","contentUrl":"https:\/\/secure.gravatar.com\/avatar\/8a09ac165600ce2e1c38fe593c63928eb1e6e7ba5c5a907d67787c41b3d00c14?s=96&d=mm&r=g","caption":"hotnewsinworld"},"url":"https:\/\/hotnewsinworld.com\/hu\/author\/pt\/"}]}},"_links":{"self":[{"href":"https:\/\/hotnewsinworld.com\/hu\/wp-json\/wp\/v2\/posts\/2506","targetHints":{"allow":["GET"]}}],"collection":[{"href":"https:\/\/hotnewsinworld.com\/hu\/wp-json\/wp\/v2\/posts"}],"about":[{"href":"https:\/\/hotnewsinworld.com\/hu\/wp-json\/wp\/v2\/types\/post"}],"author":[{"embeddable":true,"href":"https:\/\/hotnewsinworld.com\/hu\/wp-json\/wp\/v2\/users\/2"}],"replies":[{"embeddable":true,"href":"https:\/\/hotnewsinworld.com\/hu\/wp-json\/wp\/v2\/comments?post=2506"}],"version-history":[{"count":2,"href":"https:\/\/hotnewsinworld.com\/hu\/wp-json\/wp\/v2\/posts\/2506\/revisions"}],"predecessor-version":[{"id":2539,"href":"https:\/\/hotnewsinworld.com\/hu\/wp-json\/wp\/v2\/posts\/2506\/revisions\/2539"}],"wp:featuredmedia":[{"embeddable":true,"href":"https:\/\/hotnewsinworld.com\/hu\/wp-json\/wp\/v2\/media\/2538"}],"wp:attachment":[{"href":"https:\/\/hotnewsinworld.com\/hu\/wp-json\/wp\/v2\/media?parent=2506"}],"wp:term":[{"taxonomy":"category","embeddable":true,"href":"https:\/\/hotnewsinworld.com\/hu\/wp-json\/wp\/v2\/categories?post=2506"},{"taxonomy":"post_tag","embeddable":true,"href":"https:\/\/hotnewsinworld.com\/hu\/wp-json\/wp\/v2\/tags?post=2506"}],"curies":[{"name":"wp","href":"https:\/\/api.w.org\/{rel}","templated":true}]}}