{"id":2507,"date":"2019-09-24T06:27:33","date_gmt":"2019-09-24T03:27:33","guid":{"rendered":"https:\/\/hotnewsinworld.com\/hu\/itthon-kedden-ujra-kisut-a-nap-delutan-mar-szinte-nyar-lesz\/"},"modified":"2020-02-28T19:45:47","modified_gmt":"2020-02-28T16:45:47","slug":"itthon-kedden-ujra-kisut-a-nap-delutan-mar-szinte-nyar-lesz","status":"publish","type":"post","link":"https:\/\/hotnewsinworld.com\/hu\/itthon-kedden-ujra-kisut-a-nap-delutan-mar-szinte-nyar-lesz\/","title":{"rendered":"Itthon: Kedden \u00fajra kis\u00fct a nap, d\u00e9lut\u00e1n m\u00e1r szinte ny\u00e1r lesz"},"content":{"rendered":"<p>D\u00e9len \u00e9s nyugaton lehet n\u00e9mi es\u0151, de ink\u00e1bb a naps\u00fct\u00e9s lesz jellemz\u0151 \u00e9s a 20 fok feletti h\u0151m\u00e9rs\u00e9klet.<\/p>\n<p>A met.hu szerint kedden \u00e9szak fel\u0151l szakadozik, v\u00e9konyodik a felh\u0151zet, a v\u00e1ltoz\u00f3an felh\u0151s id\u0151 mellett p\u00e1r \u00f3r\u00e1s naps\u00fct\u00e9sre sz\u00e1m\u00edthatunk. A d\u00e9li \u00e9s nyugati orsz\u00e1gr\u00e9szben fordulhat el\u0151 es\u0151, z\u00e1por, valamint est\u00e9t\u0151l az Alf\u00f6ld\u00f6n val\u00f3sz\u00edn\u0171 csapad\u00e9k.<\/p>\n<p>Az \u00e9szakira, \u00e9szakkeletire fordul\u00f3 sz\u00e9l meg\u00e9l\u00e9nk\u00fcl, az Alpokalj\u00e1n n\u00e9hol meg is er\u0151s\u00f6dik. A legmagasabb nappali h\u0151m\u00e9rs\u00e9klet 18 \u00e9s 24 fok k\u00f6z\u00f6tt alakul. K\u00e9s\u0151 est\u00e9re 12, 18 fokra h\u0171l le a leveg\u0151.<\/p>\n<p>\n<!--noindex--><br \/>\n<a href=\"https:\/\/hirek.oldal.info\/rssclick\/14421437\" rel=\"nofollow\">Source link <\/a><br \/>\n<!--\/noindex--><\/p>\n","protected":false},"excerpt":{"rendered":"<p>D\u00e9len \u00e9s nyugaton lehet n\u00e9mi es\u0151, de ink\u00e1bb a naps\u00fct\u00e9s lesz jellemz\u0151 \u00e9s a 20 fok feletti h\u0151m\u00e9rs\u00e9klet. A met.hu szerint kedden \u00e9szak fel\u0151l szakadozik, v\u00e9konyodik a felh\u0151zet, a v\u00e1ltoz\u00f3an felh\u0151s id\u0151 mellett p\u00e1r \u00f3r\u00e1s naps\u00fct\u00e9sre sz\u00e1m\u00edthatunk. A d\u00e9li \u00e9s nyugati orsz\u00e1gr\u00e9szben fordulhat el\u0151 es\u0151, z\u00e1por, valamint est\u00e9t\u0151l az Alf\u00f6ld\u00f6n val\u00f3sz\u00edn\u0171 csapad\u00e9k. Az \u00e9szakira, \u00e9szakkeletire [&hellip;]<\/p>\n","protected":false},"author":2,"featured_media":2508,"comment_status":"open","ping_status":"open","sticky":false,"template":"","format":"standard","meta":{"footnotes":""},"categories":[1],"tags":[],"class_list":["post-2507","post","type-post","status-publish","format-standard","has-post-thumbnail","hentry","category-legujabb-penzugyi-hirek"],"yoast_head":"<!-- This site is optimized with the Yoast SEO plugin v27.4 - https:\/\/yoast.com\/product\/yoast-seo-wordpress\/ -->\n<title>Itthon: Kedden \u00fajra kis\u00fct a nap, d\u00e9lut\u00e1n m\u00e1r szinte ny\u00e1r lesz - Hot News in World<\/title>\n<meta name=\"robots\" content=\"index, follow, max-snippet:-1, max-image-preview:large, max-video-preview:-1\" \/>\n<link rel=\"canonical\" href=\"https:\/\/hotnewsinworld.com\/hu\/itthon-kedden-ujra-kisut-a-nap-delutan-mar-szinte-nyar-lesz\/\" \/>\n<meta property=\"og:locale\" content=\"hu_HU\" \/>\n<meta property=\"og:type\" content=\"article\" \/>\n<meta property=\"og:title\" content=\"Itthon: Kedden \u00fajra kis\u00fct a nap, d\u00e9lut\u00e1n m\u00e1r szinte ny\u00e1r lesz - Hot News in World\" \/>\n<meta property=\"og:description\" content=\"D\u00e9len \u00e9s nyugaton lehet n\u00e9mi es\u0151, de ink\u00e1bb a naps\u00fct\u00e9s lesz jellemz\u0151 \u00e9s a 20 fok feletti h\u0151m\u00e9rs\u00e9klet. A met.hu szerint kedden \u00e9szak fel\u0151l szakadozik, v\u00e9konyodik a felh\u0151zet, a v\u00e1ltoz\u00f3an felh\u0151s id\u0151 mellett p\u00e1r \u00f3r\u00e1s naps\u00fct\u00e9sre sz\u00e1m\u00edthatunk. A d\u00e9li \u00e9s nyugati orsz\u00e1gr\u00e9szben fordulhat el\u0151 es\u0151, z\u00e1por, valamint est\u00e9t\u0151l az Alf\u00f6ld\u00f6n val\u00f3sz\u00edn\u0171 csapad\u00e9k. Az \u00e9szakira, \u00e9szakkeletire [&hellip;]\" \/>\n<meta property=\"og:url\" content=\"https:\/\/hotnewsinworld.com\/hu\/itthon-kedden-ujra-kisut-a-nap-delutan-mar-szinte-nyar-lesz\/\" \/>\n<meta property=\"og:site_name\" content=\"Hot News in World\" \/>\n<meta property=\"article:published_time\" content=\"2019-09-24T03:27:33+00:00\" \/>\n<meta property=\"article:modified_time\" content=\"2020-02-28T16:45:47+00:00\" \/>\n<meta property=\"og:image\" content=\"https:\/\/hotnewsinworld.com\/hu\/wp-content\/uploads\/sites\/3\/2019\/09\/Itthon-Kedden-\u00fajra-kis\u00fct-a-nap-d\u00e9lut\u00e1n-m\u00e1r-szinte-ny\u00e1r.jpg\" \/>\n\t<meta property=\"og:image:width\" content=\"560\" \/>\n\t<meta property=\"og:image:height\" content=\"373\" \/>\n\t<meta property=\"og:image:type\" content=\"image\/jpeg\" \/>\n<meta name=\"author\" content=\"hotnewsinworld\" \/>\n<meta name=\"twitter:card\" content=\"summary_large_image\" \/>\n<meta name=\"twitter:label1\" content=\"Szerz\u0151:\" \/>\n\t<meta name=\"twitter:data1\" content=\"hotnewsinworld\" \/>\n\t<meta name=\"twitter:label2\" content=\"Becs\u00fclt olvas\u00e1si id\u0151\" \/>\n\t<meta name=\"twitter:data2\" content=\"1 perc\" \/>\n<script type=\"application\/ld+json\" class=\"yoast-schema-graph\">{\"@context\":\"https:\\\/\\\/schema.org\",\"@graph\":[{\"@type\":\"Article\",\"@id\":\"https:\\\/\\\/hotnewsinworld.com\\\/hu\\\/itthon-kedden-ujra-kisut-a-nap-delutan-mar-szinte-nyar-lesz\\\/#article\",\"isPartOf\":{\"@id\":\"https:\\\/\\\/hotnewsinworld.com\\\/hu\\\/itthon-kedden-ujra-kisut-a-nap-delutan-mar-szinte-nyar-lesz\\\/\"},\"author\":{\"name\":\"hotnewsinworld\",\"@id\":\"https:\\\/\\\/hotnewsinworld.com\\\/hu\\\/#\\\/schema\\\/person\\\/fe61448b21c0d59086e75fcc1f9d8f6b\"},\"headline\":\"Itthon: Kedden \u00fajra kis\u00fct a nap, d\u00e9lut\u00e1n m\u00e1r szinte ny\u00e1r lesz\",\"datePublished\":\"2019-09-24T03:27:33+00:00\",\"dateModified\":\"2020-02-28T16:45:47+00:00\",\"mainEntityOfPage\":{\"@id\":\"https:\\\/\\\/hotnewsinworld.com\\\/hu\\\/itthon-kedden-ujra-kisut-a-nap-delutan-mar-szinte-nyar-lesz\\\/\"},\"wordCount\":144,\"commentCount\":0,\"image\":{\"@id\":\"https:\\\/\\\/hotnewsinworld.com\\\/hu\\\/itthon-kedden-ujra-kisut-a-nap-delutan-mar-szinte-nyar-lesz\\\/#primaryimage\"},\"thumbnailUrl\":\"https:\\\/\\\/hotnewsinworld.com\\\/hu\\\/wp-content\\\/uploads\\\/sites\\\/3\\\/2019\\\/09\\\/Itthon-Kedden-\u00fajra-kis\u00fct-a-nap-d\u00e9lut\u00e1n-m\u00e1r-szinte-ny\u00e1r.jpg\",\"articleSection\":[\"LEG\u00daJABB P\u00c9NZ\u00dcGYI H\u00cdREK\"],\"inLanguage\":\"hu\",\"potentialAction\":[{\"@type\":\"CommentAction\",\"name\":\"Comment\",\"target\":[\"https:\\\/\\\/hotnewsinworld.com\\\/hu\\\/itthon-kedden-ujra-kisut-a-nap-delutan-mar-szinte-nyar-lesz\\\/#respond\"]}]},{\"@type\":\"WebPage\",\"@id\":\"https:\\\/\\\/hotnewsinworld.com\\\/hu\\\/itthon-kedden-ujra-kisut-a-nap-delutan-mar-szinte-nyar-lesz\\\/\",\"url\":\"https:\\\/\\\/hotnewsinworld.com\\\/hu\\\/itthon-kedden-ujra-kisut-a-nap-delutan-mar-szinte-nyar-lesz\\\/\",\"name\":\"Itthon: Kedden \u00fajra kis\u00fct a nap, d\u00e9lut\u00e1n m\u00e1r szinte ny\u00e1r lesz - Hot News in World\",\"isPartOf\":{\"@id\":\"https:\\\/\\\/hotnewsinworld.com\\\/hu\\\/#website\"},\"primaryImageOfPage\":{\"@id\":\"https:\\\/\\\/hotnewsinworld.com\\\/hu\\\/itthon-kedden-ujra-kisut-a-nap-delutan-mar-szinte-nyar-lesz\\\/#primaryimage\"},\"image\":{\"@id\":\"https:\\\/\\\/hotnewsinworld.com\\\/hu\\\/itthon-kedden-ujra-kisut-a-nap-delutan-mar-szinte-nyar-lesz\\\/#primaryimage\"},\"thumbnailUrl\":\"https:\\\/\\\/hotnewsinworld.com\\\/hu\\\/wp-content\\\/uploads\\\/sites\\\/3\\\/2019\\\/09\\\/Itthon-Kedden-\u00fajra-kis\u00fct-a-nap-d\u00e9lut\u00e1n-m\u00e1r-szinte-ny\u00e1r.jpg\",\"datePublished\":\"2019-09-24T03:27:33+00:00\",\"dateModified\":\"2020-02-28T16:45:47+00:00\",\"author\":{\"@id\":\"https:\\\/\\\/hotnewsinworld.com\\\/hu\\\/#\\\/schema\\\/person\\\/fe61448b21c0d59086e75fcc1f9d8f6b\"},\"breadcrumb\":{\"@id\":\"https:\\\/\\\/hotnewsinworld.com\\\/hu\\\/itthon-kedden-ujra-kisut-a-nap-delutan-mar-szinte-nyar-lesz\\\/#breadcrumb\"},\"inLanguage\":\"hu\",\"potentialAction\":[{\"@type\":\"ReadAction\",\"target\":[\"https:\\\/\\\/hotnewsinworld.com\\\/hu\\\/itthon-kedden-ujra-kisut-a-nap-delutan-mar-szinte-nyar-lesz\\\/\"]}]},{\"@type\":\"ImageObject\",\"inLanguage\":\"hu\",\"@id\":\"https:\\\/\\\/hotnewsinworld.com\\\/hu\\\/itthon-kedden-ujra-kisut-a-nap-delutan-mar-szinte-nyar-lesz\\\/#primaryimage\",\"url\":\"https:\\\/\\\/hotnewsinworld.com\\\/hu\\\/wp-content\\\/uploads\\\/sites\\\/3\\\/2019\\\/09\\\/Itthon-Kedden-\u00fajra-kis\u00fct-a-nap-d\u00e9lut\u00e1n-m\u00e1r-szinte-ny\u00e1r.jpg\",\"contentUrl\":\"https:\\\/\\\/hotnewsinworld.com\\\/hu\\\/wp-content\\\/uploads\\\/sites\\\/3\\\/2019\\\/09\\\/Itthon-Kedden-\u00fajra-kis\u00fct-a-nap-d\u00e9lut\u00e1n-m\u00e1r-szinte-ny\u00e1r.jpg\",\"width\":560,\"height\":373,\"caption\":\"Itthon: Kedden \u00fajra kis\u00fct a nap, d\u00e9lut\u00e1n m\u00e1r szinte ny\u00e1r lesz\"},{\"@type\":\"BreadcrumbList\",\"@id\":\"https:\\\/\\\/hotnewsinworld.com\\\/hu\\\/itthon-kedden-ujra-kisut-a-nap-delutan-mar-szinte-nyar-lesz\\\/#breadcrumb\",\"itemListElement\":[{\"@type\":\"ListItem\",\"position\":1,\"name\":\"\u0413\u043b\u0430\u0432\u043d\u0430\u044f \u0441\u0442\u0440\u0430\u043d\u0438\u0446\u0430\",\"item\":\"https:\\\/\\\/hotnewsinworld.com\\\/hu\\\/\"},{\"@type\":\"ListItem\",\"position\":2,\"name\":\"Itthon: Kedden \u00fajra kis\u00fct a nap, d\u00e9lut\u00e1n m\u00e1r szinte ny\u00e1r lesz\"}]},{\"@type\":\"WebSite\",\"@id\":\"https:\\\/\\\/hotnewsinworld.com\\\/hu\\\/#website\",\"url\":\"https:\\\/\\\/hotnewsinworld.com\\\/hu\\\/\",\"name\":\"Hot News in World\",\"description\":\"Hot News in World from Hungary\",\"potentialAction\":[{\"@type\":\"SearchAction\",\"target\":{\"@type\":\"EntryPoint\",\"urlTemplate\":\"https:\\\/\\\/hotnewsinworld.com\\\/hu\\\/?s={search_term_string}\"},\"query-input\":{\"@type\":\"PropertyValueSpecification\",\"valueRequired\":true,\"valueName\":\"search_term_string\"}}],\"inLanguage\":\"hu\"},{\"@type\":\"Person\",\"@id\":\"https:\\\/\\\/hotnewsinworld.com\\\/hu\\\/#\\\/schema\\\/person\\\/fe61448b21c0d59086e75fcc1f9d8f6b\",\"name\":\"hotnewsinworld\",\"image\":{\"@type\":\"ImageObject\",\"inLanguage\":\"hu\",\"@id\":\"https:\\\/\\\/secure.gravatar.com\\\/avatar\\\/8a09ac165600ce2e1c38fe593c63928eb1e6e7ba5c5a907d67787c41b3d00c14?s=96&d=mm&r=g\",\"url\":\"https:\\\/\\\/secure.gravatar.com\\\/avatar\\\/8a09ac165600ce2e1c38fe593c63928eb1e6e7ba5c5a907d67787c41b3d00c14?s=96&d=mm&r=g\",\"contentUrl\":\"https:\\\/\\\/secure.gravatar.com\\\/avatar\\\/8a09ac165600ce2e1c38fe593c63928eb1e6e7ba5c5a907d67787c41b3d00c14?s=96&d=mm&r=g\",\"caption\":\"hotnewsinworld\"},\"url\":\"https:\\\/\\\/hotnewsinworld.com\\\/hu\\\/author\\\/pt\\\/\"}]}<\/script>\n<!-- \/ Yoast SEO plugin. -->","yoast_head_json":{"title":"Itthon: Kedden \u00fajra kis\u00fct a nap, d\u00e9lut\u00e1n m\u00e1r szinte ny\u00e1r lesz - Hot News in World","robots":{"index":"index","follow":"follow","max-snippet":"max-snippet:-1","max-image-preview":"max-image-preview:large","max-video-preview":"max-video-preview:-1"},"canonical":"https:\/\/hotnewsinworld.com\/hu\/itthon-kedden-ujra-kisut-a-nap-delutan-mar-szinte-nyar-lesz\/","og_locale":"hu_HU","og_type":"article","og_title":"Itthon: Kedden \u00fajra kis\u00fct a nap, d\u00e9lut\u00e1n m\u00e1r szinte ny\u00e1r lesz - Hot News in World","og_description":"D\u00e9len \u00e9s nyugaton lehet n\u00e9mi es\u0151, de ink\u00e1bb a naps\u00fct\u00e9s lesz jellemz\u0151 \u00e9s a 20 fok feletti h\u0151m\u00e9rs\u00e9klet. A met.hu szerint kedden \u00e9szak fel\u0151l szakadozik, v\u00e9konyodik a felh\u0151zet, a v\u00e1ltoz\u00f3an felh\u0151s id\u0151 mellett p\u00e1r \u00f3r\u00e1s naps\u00fct\u00e9sre sz\u00e1m\u00edthatunk. A d\u00e9li \u00e9s nyugati orsz\u00e1gr\u00e9szben fordulhat el\u0151 es\u0151, z\u00e1por, valamint est\u00e9t\u0151l az Alf\u00f6ld\u00f6n val\u00f3sz\u00edn\u0171 csapad\u00e9k. Az \u00e9szakira, \u00e9szakkeletire [&hellip;]","og_url":"https:\/\/hotnewsinworld.com\/hu\/itthon-kedden-ujra-kisut-a-nap-delutan-mar-szinte-nyar-lesz\/","og_site_name":"Hot News in World","article_published_time":"2019-09-24T03:27:33+00:00","article_modified_time":"2020-02-28T16:45:47+00:00","og_image":[{"width":560,"height":373,"url":"https:\/\/hotnewsinworld.com\/hu\/wp-content\/uploads\/sites\/3\/2019\/09\/Itthon-Kedden-\u00fajra-kis\u00fct-a-nap-d\u00e9lut\u00e1n-m\u00e1r-szinte-ny\u00e1r.jpg","type":"image\/jpeg"}],"author":"hotnewsinworld","twitter_card":"summary_large_image","twitter_misc":{"Szerz\u0151:":"hotnewsinworld","Becs\u00fclt olvas\u00e1si id\u0151":"1 perc"},"schema":{"@context":"https:\/\/schema.org","@graph":[{"@type":"Article","@id":"https:\/\/hotnewsinworld.com\/hu\/itthon-kedden-ujra-kisut-a-nap-delutan-mar-szinte-nyar-lesz\/#article","isPartOf":{"@id":"https:\/\/hotnewsinworld.com\/hu\/itthon-kedden-ujra-kisut-a-nap-delutan-mar-szinte-nyar-lesz\/"},"author":{"name":"hotnewsinworld","@id":"https:\/\/hotnewsinworld.com\/hu\/#\/schema\/person\/fe61448b21c0d59086e75fcc1f9d8f6b"},"headline":"Itthon: Kedden \u00fajra kis\u00fct a nap, d\u00e9lut\u00e1n m\u00e1r szinte ny\u00e1r lesz","datePublished":"2019-09-24T03:27:33+00:00","dateModified":"2020-02-28T16:45:47+00:00","mainEntityOfPage":{"@id":"https:\/\/hotnewsinworld.com\/hu\/itthon-kedden-ujra-kisut-a-nap-delutan-mar-szinte-nyar-lesz\/"},"wordCount":144,"commentCount":0,"image":{"@id":"https:\/\/hotnewsinworld.com\/hu\/itthon-kedden-ujra-kisut-a-nap-delutan-mar-szinte-nyar-lesz\/#primaryimage"},"thumbnailUrl":"https:\/\/hotnewsinworld.com\/hu\/wp-content\/uploads\/sites\/3\/2019\/09\/Itthon-Kedden-\u00fajra-kis\u00fct-a-nap-d\u00e9lut\u00e1n-m\u00e1r-szinte-ny\u00e1r.jpg","articleSection":["LEG\u00daJABB P\u00c9NZ\u00dcGYI H\u00cdREK"],"inLanguage":"hu","potentialAction":[{"@type":"CommentAction","name":"Comment","target":["https:\/\/hotnewsinworld.com\/hu\/itthon-kedden-ujra-kisut-a-nap-delutan-mar-szinte-nyar-lesz\/#respond"]}]},{"@type":"WebPage","@id":"https:\/\/hotnewsinworld.com\/hu\/itthon-kedden-ujra-kisut-a-nap-delutan-mar-szinte-nyar-lesz\/","url":"https:\/\/hotnewsinworld.com\/hu\/itthon-kedden-ujra-kisut-a-nap-delutan-mar-szinte-nyar-lesz\/","name":"Itthon: Kedden \u00fajra kis\u00fct a nap, d\u00e9lut\u00e1n m\u00e1r szinte ny\u00e1r lesz - Hot News in World","isPartOf":{"@id":"https:\/\/hotnewsinworld.com\/hu\/#website"},"primaryImageOfPage":{"@id":"https:\/\/hotnewsinworld.com\/hu\/itthon-kedden-ujra-kisut-a-nap-delutan-mar-szinte-nyar-lesz\/#primaryimage"},"image":{"@id":"https:\/\/hotnewsinworld.com\/hu\/itthon-kedden-ujra-kisut-a-nap-delutan-mar-szinte-nyar-lesz\/#primaryimage"},"thumbnailUrl":"https:\/\/hotnewsinworld.com\/hu\/wp-content\/uploads\/sites\/3\/2019\/09\/Itthon-Kedden-\u00fajra-kis\u00fct-a-nap-d\u00e9lut\u00e1n-m\u00e1r-szinte-ny\u00e1r.jpg","datePublished":"2019-09-24T03:27:33+00:00","dateModified":"2020-02-28T16:45:47+00:00","author":{"@id":"https:\/\/hotnewsinworld.com\/hu\/#\/schema\/person\/fe61448b21c0d59086e75fcc1f9d8f6b"},"breadcrumb":{"@id":"https:\/\/hotnewsinworld.com\/hu\/itthon-kedden-ujra-kisut-a-nap-delutan-mar-szinte-nyar-lesz\/#breadcrumb"},"inLanguage":"hu","potentialAction":[{"@type":"ReadAction","target":["https:\/\/hotnewsinworld.com\/hu\/itthon-kedden-ujra-kisut-a-nap-delutan-mar-szinte-nyar-lesz\/"]}]},{"@type":"ImageObject","inLanguage":"hu","@id":"https:\/\/hotnewsinworld.com\/hu\/itthon-kedden-ujra-kisut-a-nap-delutan-mar-szinte-nyar-lesz\/#primaryimage","url":"https:\/\/hotnewsinworld.com\/hu\/wp-content\/uploads\/sites\/3\/2019\/09\/Itthon-Kedden-\u00fajra-kis\u00fct-a-nap-d\u00e9lut\u00e1n-m\u00e1r-szinte-ny\u00e1r.jpg","contentUrl":"https:\/\/hotnewsinworld.com\/hu\/wp-content\/uploads\/sites\/3\/2019\/09\/Itthon-Kedden-\u00fajra-kis\u00fct-a-nap-d\u00e9lut\u00e1n-m\u00e1r-szinte-ny\u00e1r.jpg","width":560,"height":373,"caption":"Itthon: Kedden \u00fajra kis\u00fct a nap, d\u00e9lut\u00e1n m\u00e1r szinte ny\u00e1r lesz"},{"@type":"BreadcrumbList","@id":"https:\/\/hotnewsinworld.com\/hu\/itthon-kedden-ujra-kisut-a-nap-delutan-mar-szinte-nyar-lesz\/#breadcrumb","itemListElement":[{"@type":"ListItem","position":1,"name":"\u0413\u043b\u0430\u0432\u043d\u0430\u044f \u0441\u0442\u0440\u0430\u043d\u0438\u0446\u0430","item":"https:\/\/hotnewsinworld.com\/hu\/"},{"@type":"ListItem","position":2,"name":"Itthon: Kedden \u00fajra kis\u00fct a nap, d\u00e9lut\u00e1n m\u00e1r szinte ny\u00e1r lesz"}]},{"@type":"WebSite","@id":"https:\/\/hotnewsinworld.com\/hu\/#website","url":"https:\/\/hotnewsinworld.com\/hu\/","name":"Hot News in World","description":"Hot News in World from Hungary","potentialAction":[{"@type":"SearchAction","target":{"@type":"EntryPoint","urlTemplate":"https:\/\/hotnewsinworld.com\/hu\/?s={search_term_string}"},"query-input":{"@type":"PropertyValueSpecification","valueRequired":true,"valueName":"search_term_string"}}],"inLanguage":"hu"},{"@type":"Person","@id":"https:\/\/hotnewsinworld.com\/hu\/#\/schema\/person\/fe61448b21c0d59086e75fcc1f9d8f6b","name":"hotnewsinworld","image":{"@type":"ImageObject","inLanguage":"hu","@id":"https:\/\/secure.gravatar.com\/avatar\/8a09ac165600ce2e1c38fe593c63928eb1e6e7ba5c5a907d67787c41b3d00c14?s=96&d=mm&r=g","url":"https:\/\/secure.gravatar.com\/avatar\/8a09ac165600ce2e1c38fe593c63928eb1e6e7ba5c5a907d67787c41b3d00c14?s=96&d=mm&r=g","contentUrl":"https:\/\/secure.gravatar.com\/avatar\/8a09ac165600ce2e1c38fe593c63928eb1e6e7ba5c5a907d67787c41b3d00c14?s=96&d=mm&r=g","caption":"hotnewsinworld"},"url":"https:\/\/hotnewsinworld.com\/hu\/author\/pt\/"}]}},"_links":{"self":[{"href":"https:\/\/hotnewsinworld.com\/hu\/wp-json\/wp\/v2\/posts\/2507","targetHints":{"allow":["GET"]}}],"collection":[{"href":"https:\/\/hotnewsinworld.com\/hu\/wp-json\/wp\/v2\/posts"}],"about":[{"href":"https:\/\/hotnewsinworld.com\/hu\/wp-json\/wp\/v2\/types\/post"}],"author":[{"embeddable":true,"href":"https:\/\/hotnewsinworld.com\/hu\/wp-json\/wp\/v2\/users\/2"}],"replies":[{"embeddable":true,"href":"https:\/\/hotnewsinworld.com\/hu\/wp-json\/wp\/v2\/comments?post=2507"}],"version-history":[{"count":3,"href":"https:\/\/hotnewsinworld.com\/hu\/wp-json\/wp\/v2\/posts\/2507\/revisions"}],"predecessor-version":[{"id":2541,"href":"https:\/\/hotnewsinworld.com\/hu\/wp-json\/wp\/v2\/posts\/2507\/revisions\/2541"}],"wp:featuredmedia":[{"embeddable":true,"href":"https:\/\/hotnewsinworld.com\/hu\/wp-json\/wp\/v2\/media\/2508"}],"wp:attachment":[{"href":"https:\/\/hotnewsinworld.com\/hu\/wp-json\/wp\/v2\/media?parent=2507"}],"wp:term":[{"taxonomy":"category","embeddable":true,"href":"https:\/\/hotnewsinworld.com\/hu\/wp-json\/wp\/v2\/categories?post=2507"},{"taxonomy":"post_tag","embeddable":true,"href":"https:\/\/hotnewsinworld.com\/hu\/wp-json\/wp\/v2\/tags?post=2507"}],"curies":[{"name":"wp","href":"https:\/\/api.w.org\/{rel}","templated":true}]}}