{"id":2510,"date":"2019-09-24T07:49:07","date_gmt":"2019-09-24T04:49:07","guid":{"rendered":"https:\/\/hotnewsinworld.com\/hu\/elmaradt-tulorapenz-alacsony-fizetes-sztrajkra-keszulnek-a-tanarok\/"},"modified":"2020-03-02T13:16:55","modified_gmt":"2020-03-02T10:16:55","slug":"elmaradt-tulorapenz-alacsony-fizetes-sztrajkra-keszulnek-a-tanarok","status":"publish","type":"post","link":"https:\/\/hotnewsinworld.com\/hu\/elmaradt-tulorapenz-alacsony-fizetes-sztrajkra-keszulnek-a-tanarok\/","title":{"rendered":"Elmaradt t\u00fal\u00f3rap\u00e9nz, alacsony fizet\u00e9s: Sztr\u00e1jkra k\u00e9sz\u00fclnek a tan\u00e1rok"},"content":{"rendered":"<p>T\u00fcntet\u00e9sekre, \u00e9s sztr\u00e1jkra k\u00e9sz\u00fclnek a pedag\u00f3gusok, ha a korm\u00e1ny november 22-ig nem teljes\u00edti a k\u00f6vetel\u00e9seiket. A Pedag\u00f3gusok Szakszervezete \u00f6tpontos k\u00f6vetel\u00e9st \u00edrt, amelyben hangs\u00falyozt\u00e1k, hogy mindenk\u00e9ppen b\u00e9remel\u00e9st akarnak. Ezt szeretn\u00e9 el\u00e9rni a Magyar K\u00f6ztisztvisel\u0151k, K\u00f6zalkalmazottak \u00e9s K\u00f6zszolg\u00e1latban Dolgoz\u00f3k Szakszervezete is, \u0151k okt\u00f3ber 10-\u00e9n sztr\u00e1jkolnak majd.<\/p>\n<p>Gy\u00f3gypedag\u00f3gus 150 ezer 6 forint 3 \u00e9v gyakorlat, \u00e9s 4 \u00e9v egyetem ut\u00e1n, egy m\u00e1sik pedag\u00f3gus 143 ezer 931 forintot keres. Ezek a fot\u00f3k m\u00e9g ny\u00e1ron ker\u00fcltek fel a k\u00f6z\u00f6ss\u00e9gi oldalakra, amikor a Pedag\u00f3gusok Szakszervezete Orsz\u00e1gos Ifj\u00fas\u00e1gi Tagozata fot\u00f3kamp\u00e1nyt ind\u00edtott.<\/p>\n<p>A helyzet az\u00f3ta sem v\u00e1ltozott, m\u00e1ra viszont a Pedag\u00f3gusok Szakszervezet\u00e9nek lett elege.<\/p>\n<blockquote><p>K\u00e9sz\u00edtettek egy gyorsjelent\u00e9st, amib\u0151l kider\u00fcl, hogy az elm\u00falt tan\u00e9vben sok pedag\u00f3gus t\u00f6bb, mint 60 \u00f3r\u00e1t dolgozott egy h\u00e9ten, mik\u00f6zben a heti t\u00f6rv\u00e9nyes munkaid\u0151 40 \u00f3ra, a t\u00f6bbletmunk\u00e1\u00e9rt a v\u00e1laszad\u00f3k csup\u00e1n 6%-a kapott p\u00e9nzt, 16%- uk pedig mag\u00e1ntan\u00edtv\u00e1nyokkal foglalkozik, \u00edgy eg\u00e9sz\u00edti ki a fizet\u00e9s\u00e9t.<\/p><\/blockquote>\n<p>A PSz eln\u00f6ke elmondta, ha a korm\u00e1ny k\u00f6zoktat\u00e1s napj\u00e1ig, vagyis november 22. &#8211; ig nem teljes\u00edti a pedag\u00f3gusok k\u00f6vetel\u00e9seit, akkor \u0151sszel t\u00fcntet\u00e9st szerveznek, 2020 janu\u00e1rj\u00e1ban pedig orsz\u00e1gos sztr\u00e1jkot.<\/p>\n<p>\u201eEl\u00e9g volt, elfogyott a t\u00fcrelm\u00fcnk egy \u00e9vig t\u00e1rgyaltunk k\u00f6vetelt\u00fcnk b\u00e9releml\u00e9st, nem csak a pedag\u00f3gusoknak, hanem az oktat\u00e1sban dolgoz\u00f3 valamennyi szerepl\u0151nek, k\u00f6vetelt\u00fcnk \u00f3rasz\u00e1m cs\u00f6kkent\u00e9st, k\u00f6vetelt\u00fck a p\u00e1lyakezd\u0151k t\u00e1mogat\u00e1s\u00e1t, hogy k\u00fcl\u00f6n\u00fclj\u00f6n el, \u00e9s fizess\u00e9k ki az eseti helyettest \u00e9s a t\u00f6bbletmunka k\u00f6z\u00f6tti k\u00f6vetel\u00e9seket\u201d \u2013 nyilatkozta Szab\u00f3 Zsuzsanna a Pedag\u00f3gusok Szakszervezet\u00e9nek eln\u00f6ke.<\/p>\n<blockquote><p>Sztr\u00e1jkra k\u00e9sz\u00fcl a Magyar K\u00f6ztisztvisel\u0151k, K\u00f6zalkalmazottak \u00e9s K\u00f6zszolg\u00e1latban Dolgoz\u00f3k Szakszervezete is. \u0150k okt\u00f3ber 10-\u00e9n sz\u00fcneteltetik a munk\u00e1t. A legnagyobb probl\u00e9ma itt is a b\u00e9rekkel van.<\/p><\/blockquote>\n<p>\u201eRendk\u00edv\u00fcl alacsony keresetekr\u0151l besz\u00e9l\u00fcnk, a politika ezt nem nagyon \u00e9rti, mert akikkel mi is t\u00e1rgyalunk azoknak ett\u0151l 12x nagyobb a nett\u00f3 keresete, teh\u00e1t nyilv\u00e1nval\u00f3an nem tudja \u00e1t\u00e9rezni azt a probl\u00e9m\u00e1t, hogy ebb\u0151l a keresetb\u0151l milyen neh\u00e9z meg\u00e9lni\u201d \u2013 mondta el a Startban Boros P\u00e9tern\u00e9 a Magyar K\u00f6ztisztvisel\u0151k, K\u00f6zalkalmazottak \u00e9s K\u00f6zszolg\u00e1latban Dolgoz\u00f3k Szakszervezet\u00e9nek az eln\u00f6ke.<\/p>\n<p>Kerest\u00fck a sztr\u00e1jkkal kapcsolatban a Minisztereln\u00f6ks\u00e9get, de ad\u00e1sunkig m\u00e9g nem v\u00e1laszoltak, az EMMI viszont azt \u00edrta: Az elm\u00falt \u00e9vekben \u00e1tlagosan 50%-al emelt\u00e9k a pedag\u00f3gusok fizet\u00e9s\u00e9t, a t\u00fal\u00f3ra ut\u00e1n j\u00e1r\u00f3 juttat\u00e1sok szab\u00e1lyozottak, ahogy szerint\u00fck, a 68 \u00f3r\u00e1s munkah\u00e9t nem al\u00e1t\u00e1masztott. M\u00e1r dolgoznak az iskolaigazgat\u00f3i b\u00e9rek emel\u00e9s\u00e9n, az egyeztet\u00e9s a K\u00f6znevel\u00e9s-strat\u00e9giai Kerekasztal \u00fcl\u00e9s\u00e9n pedig okt\u00f3ber k\u00f6zep\u00e9n folytat\u00f3dik.<\/p>\n<p>&nbsp;<\/p>\n<p><a href=\"https:\/\/hirek.oldal.info\/rssclick\/14421581\" rel=\"nofollow\">Source link <\/a><br \/>\n<!--\/noindex--><\/p>\n","protected":false},"excerpt":{"rendered":"<p>T\u00fcntet\u00e9sekre, \u00e9s sztr\u00e1jkra k\u00e9sz\u00fclnek a pedag\u00f3gusok, ha a korm\u00e1ny november 22-ig nem teljes\u00edti a k\u00f6vetel\u00e9seiket. A Pedag\u00f3gusok Szakszervezete \u00f6tpontos k\u00f6vetel\u00e9st \u00edrt, amelyben hangs\u00falyozt\u00e1k, hogy mindenk\u00e9ppen b\u00e9remel\u00e9st akarnak. Ezt szeretn\u00e9 el\u00e9rni a Magyar K\u00f6ztisztvisel\u0151k, K\u00f6zalkalmazottak \u00e9s K\u00f6zszolg\u00e1latban Dolgoz\u00f3k Szakszervezete is, \u0151k okt\u00f3ber 10-\u00e9n sztr\u00e1jkolnak majd. Gy\u00f3gypedag\u00f3gus 150 ezer 6 forint 3 \u00e9v gyakorlat, \u00e9s 4 \u00e9v [&hellip;]<\/p>\n","protected":false},"author":2,"featured_media":2511,"comment_status":"open","ping_status":"open","sticky":false,"template":"","format":"standard","meta":{"footnotes":""},"categories":[1],"tags":[],"class_list":["post-2510","post","type-post","status-publish","format-standard","has-post-thumbnail","hentry","category-legujabb-penzugyi-hirek"],"yoast_head":"<!-- This site is optimized with the Yoast SEO plugin v27.4 - https:\/\/yoast.com\/product\/yoast-seo-wordpress\/ -->\n<title>Elmaradt t\u00fal\u00f3rap\u00e9nz, alacsony fizet\u00e9s: Sztr\u00e1jkra k\u00e9sz\u00fclnek a tan\u00e1rok - Hot News in World<\/title>\n<meta name=\"robots\" content=\"index, follow, max-snippet:-1, max-image-preview:large, max-video-preview:-1\" \/>\n<link rel=\"canonical\" href=\"https:\/\/hotnewsinworld.com\/hu\/elmaradt-tulorapenz-alacsony-fizetes-sztrajkra-keszulnek-a-tanarok\/\" \/>\n<meta property=\"og:locale\" content=\"hu_HU\" \/>\n<meta property=\"og:type\" content=\"article\" \/>\n<meta property=\"og:title\" content=\"Elmaradt t\u00fal\u00f3rap\u00e9nz, alacsony fizet\u00e9s: Sztr\u00e1jkra k\u00e9sz\u00fclnek a tan\u00e1rok - Hot News in World\" \/>\n<meta property=\"og:description\" content=\"T\u00fcntet\u00e9sekre, \u00e9s sztr\u00e1jkra k\u00e9sz\u00fclnek a pedag\u00f3gusok, ha a korm\u00e1ny november 22-ig nem teljes\u00edti a k\u00f6vetel\u00e9seiket. A Pedag\u00f3gusok Szakszervezete \u00f6tpontos k\u00f6vetel\u00e9st \u00edrt, amelyben hangs\u00falyozt\u00e1k, hogy mindenk\u00e9ppen b\u00e9remel\u00e9st akarnak. Ezt szeretn\u00e9 el\u00e9rni a Magyar K\u00f6ztisztvisel\u0151k, K\u00f6zalkalmazottak \u00e9s K\u00f6zszolg\u00e1latban Dolgoz\u00f3k Szakszervezete is, \u0151k okt\u00f3ber 10-\u00e9n sztr\u00e1jkolnak majd. Gy\u00f3gypedag\u00f3gus 150 ezer 6 forint 3 \u00e9v gyakorlat, \u00e9s 4 \u00e9v [&hellip;]\" \/>\n<meta property=\"og:url\" content=\"https:\/\/hotnewsinworld.com\/hu\/elmaradt-tulorapenz-alacsony-fizetes-sztrajkra-keszulnek-a-tanarok\/\" \/>\n<meta property=\"og:site_name\" content=\"Hot News in World\" \/>\n<meta property=\"article:published_time\" content=\"2019-09-24T04:49:07+00:00\" \/>\n<meta property=\"article:modified_time\" content=\"2020-03-02T10:16:55+00:00\" \/>\n<meta property=\"og:image\" content=\"https:\/\/hotnewsinworld.com\/hu\/wp-content\/uploads\/sites\/3\/2019\/09\/Elmaradt-t\u00fal\u00f3rap\u00e9nz-alacsony-fizet\u00e9s-Sztr\u00e1jkra-k\u00e9sz\u00fclnek-a-tan\u00e1rok.jpg\" \/>\n\t<meta property=\"og:image:width\" content=\"600\" \/>\n\t<meta property=\"og:image:height\" content=\"315\" \/>\n\t<meta property=\"og:image:type\" content=\"image\/jpeg\" \/>\n<meta name=\"author\" content=\"hotnewsinworld\" \/>\n<meta name=\"twitter:card\" content=\"summary_large_image\" \/>\n<meta name=\"twitter:label1\" content=\"Szerz\u0151:\" \/>\n\t<meta name=\"twitter:data1\" content=\"hotnewsinworld\" \/>\n\t<meta name=\"twitter:label2\" content=\"Becs\u00fclt olvas\u00e1si id\u0151\" \/>\n\t<meta name=\"twitter:data2\" content=\"3 perc\" \/>\n<script type=\"application\/ld+json\" class=\"yoast-schema-graph\">{\"@context\":\"https:\\\/\\\/schema.org\",\"@graph\":[{\"@type\":\"Article\",\"@id\":\"https:\\\/\\\/hotnewsinworld.com\\\/hu\\\/elmaradt-tulorapenz-alacsony-fizetes-sztrajkra-keszulnek-a-tanarok\\\/#article\",\"isPartOf\":{\"@id\":\"https:\\\/\\\/hotnewsinworld.com\\\/hu\\\/elmaradt-tulorapenz-alacsony-fizetes-sztrajkra-keszulnek-a-tanarok\\\/\"},\"author\":{\"name\":\"hotnewsinworld\",\"@id\":\"https:\\\/\\\/hotnewsinworld.com\\\/hu\\\/#\\\/schema\\\/person\\\/fe61448b21c0d59086e75fcc1f9d8f6b\"},\"headline\":\"Elmaradt t\u00fal\u00f3rap\u00e9nz, alacsony fizet\u00e9s: Sztr\u00e1jkra k\u00e9sz\u00fclnek a tan\u00e1rok\",\"datePublished\":\"2019-09-24T04:49:07+00:00\",\"dateModified\":\"2020-03-02T10:16:55+00:00\",\"mainEntityOfPage\":{\"@id\":\"https:\\\/\\\/hotnewsinworld.com\\\/hu\\\/elmaradt-tulorapenz-alacsony-fizetes-sztrajkra-keszulnek-a-tanarok\\\/\"},\"wordCount\":565,\"commentCount\":0,\"image\":{\"@id\":\"https:\\\/\\\/hotnewsinworld.com\\\/hu\\\/elmaradt-tulorapenz-alacsony-fizetes-sztrajkra-keszulnek-a-tanarok\\\/#primaryimage\"},\"thumbnailUrl\":\"https:\\\/\\\/hotnewsinworld.com\\\/hu\\\/wp-content\\\/uploads\\\/sites\\\/3\\\/2019\\\/09\\\/Elmaradt-t\u00fal\u00f3rap\u00e9nz-alacsony-fizet\u00e9s-Sztr\u00e1jkra-k\u00e9sz\u00fclnek-a-tan\u00e1rok.jpg\",\"articleSection\":[\"LEG\u00daJABB P\u00c9NZ\u00dcGYI H\u00cdREK\"],\"inLanguage\":\"hu\",\"potentialAction\":[{\"@type\":\"CommentAction\",\"name\":\"Comment\",\"target\":[\"https:\\\/\\\/hotnewsinworld.com\\\/hu\\\/elmaradt-tulorapenz-alacsony-fizetes-sztrajkra-keszulnek-a-tanarok\\\/#respond\"]}]},{\"@type\":\"WebPage\",\"@id\":\"https:\\\/\\\/hotnewsinworld.com\\\/hu\\\/elmaradt-tulorapenz-alacsony-fizetes-sztrajkra-keszulnek-a-tanarok\\\/\",\"url\":\"https:\\\/\\\/hotnewsinworld.com\\\/hu\\\/elmaradt-tulorapenz-alacsony-fizetes-sztrajkra-keszulnek-a-tanarok\\\/\",\"name\":\"Elmaradt t\u00fal\u00f3rap\u00e9nz, alacsony fizet\u00e9s: Sztr\u00e1jkra k\u00e9sz\u00fclnek a tan\u00e1rok - Hot News in World\",\"isPartOf\":{\"@id\":\"https:\\\/\\\/hotnewsinworld.com\\\/hu\\\/#website\"},\"primaryImageOfPage\":{\"@id\":\"https:\\\/\\\/hotnewsinworld.com\\\/hu\\\/elmaradt-tulorapenz-alacsony-fizetes-sztrajkra-keszulnek-a-tanarok\\\/#primaryimage\"},\"image\":{\"@id\":\"https:\\\/\\\/hotnewsinworld.com\\\/hu\\\/elmaradt-tulorapenz-alacsony-fizetes-sztrajkra-keszulnek-a-tanarok\\\/#primaryimage\"},\"thumbnailUrl\":\"https:\\\/\\\/hotnewsinworld.com\\\/hu\\\/wp-content\\\/uploads\\\/sites\\\/3\\\/2019\\\/09\\\/Elmaradt-t\u00fal\u00f3rap\u00e9nz-alacsony-fizet\u00e9s-Sztr\u00e1jkra-k\u00e9sz\u00fclnek-a-tan\u00e1rok.jpg\",\"datePublished\":\"2019-09-24T04:49:07+00:00\",\"dateModified\":\"2020-03-02T10:16:55+00:00\",\"author\":{\"@id\":\"https:\\\/\\\/hotnewsinworld.com\\\/hu\\\/#\\\/schema\\\/person\\\/fe61448b21c0d59086e75fcc1f9d8f6b\"},\"breadcrumb\":{\"@id\":\"https:\\\/\\\/hotnewsinworld.com\\\/hu\\\/elmaradt-tulorapenz-alacsony-fizetes-sztrajkra-keszulnek-a-tanarok\\\/#breadcrumb\"},\"inLanguage\":\"hu\",\"potentialAction\":[{\"@type\":\"ReadAction\",\"target\":[\"https:\\\/\\\/hotnewsinworld.com\\\/hu\\\/elmaradt-tulorapenz-alacsony-fizetes-sztrajkra-keszulnek-a-tanarok\\\/\"]}]},{\"@type\":\"ImageObject\",\"inLanguage\":\"hu\",\"@id\":\"https:\\\/\\\/hotnewsinworld.com\\\/hu\\\/elmaradt-tulorapenz-alacsony-fizetes-sztrajkra-keszulnek-a-tanarok\\\/#primaryimage\",\"url\":\"https:\\\/\\\/hotnewsinworld.com\\\/hu\\\/wp-content\\\/uploads\\\/sites\\\/3\\\/2019\\\/09\\\/Elmaradt-t\u00fal\u00f3rap\u00e9nz-alacsony-fizet\u00e9s-Sztr\u00e1jkra-k\u00e9sz\u00fclnek-a-tan\u00e1rok.jpg\",\"contentUrl\":\"https:\\\/\\\/hotnewsinworld.com\\\/hu\\\/wp-content\\\/uploads\\\/sites\\\/3\\\/2019\\\/09\\\/Elmaradt-t\u00fal\u00f3rap\u00e9nz-alacsony-fizet\u00e9s-Sztr\u00e1jkra-k\u00e9sz\u00fclnek-a-tan\u00e1rok.jpg\",\"width\":600,\"height\":315,\"caption\":\"Elmaradt t\u00fal\u00f3rap\u00e9nz, alacsony fizet\u00e9s: Sztr\u00e1jkra k\u00e9sz\u00fclnek a tan\u00e1rok\"},{\"@type\":\"BreadcrumbList\",\"@id\":\"https:\\\/\\\/hotnewsinworld.com\\\/hu\\\/elmaradt-tulorapenz-alacsony-fizetes-sztrajkra-keszulnek-a-tanarok\\\/#breadcrumb\",\"itemListElement\":[{\"@type\":\"ListItem\",\"position\":1,\"name\":\"\u0413\u043b\u0430\u0432\u043d\u0430\u044f \u0441\u0442\u0440\u0430\u043d\u0438\u0446\u0430\",\"item\":\"https:\\\/\\\/hotnewsinworld.com\\\/hu\\\/\"},{\"@type\":\"ListItem\",\"position\":2,\"name\":\"Elmaradt t\u00fal\u00f3rap\u00e9nz, alacsony fizet\u00e9s: Sztr\u00e1jkra k\u00e9sz\u00fclnek a tan\u00e1rok\"}]},{\"@type\":\"WebSite\",\"@id\":\"https:\\\/\\\/hotnewsinworld.com\\\/hu\\\/#website\",\"url\":\"https:\\\/\\\/hotnewsinworld.com\\\/hu\\\/\",\"name\":\"Hot News in World\",\"description\":\"Hot News in World from Hungary\",\"potentialAction\":[{\"@type\":\"SearchAction\",\"target\":{\"@type\":\"EntryPoint\",\"urlTemplate\":\"https:\\\/\\\/hotnewsinworld.com\\\/hu\\\/?s={search_term_string}\"},\"query-input\":{\"@type\":\"PropertyValueSpecification\",\"valueRequired\":true,\"valueName\":\"search_term_string\"}}],\"inLanguage\":\"hu\"},{\"@type\":\"Person\",\"@id\":\"https:\\\/\\\/hotnewsinworld.com\\\/hu\\\/#\\\/schema\\\/person\\\/fe61448b21c0d59086e75fcc1f9d8f6b\",\"name\":\"hotnewsinworld\",\"image\":{\"@type\":\"ImageObject\",\"inLanguage\":\"hu\",\"@id\":\"https:\\\/\\\/secure.gravatar.com\\\/avatar\\\/8a09ac165600ce2e1c38fe593c63928eb1e6e7ba5c5a907d67787c41b3d00c14?s=96&d=mm&r=g\",\"url\":\"https:\\\/\\\/secure.gravatar.com\\\/avatar\\\/8a09ac165600ce2e1c38fe593c63928eb1e6e7ba5c5a907d67787c41b3d00c14?s=96&d=mm&r=g\",\"contentUrl\":\"https:\\\/\\\/secure.gravatar.com\\\/avatar\\\/8a09ac165600ce2e1c38fe593c63928eb1e6e7ba5c5a907d67787c41b3d00c14?s=96&d=mm&r=g\",\"caption\":\"hotnewsinworld\"},\"url\":\"https:\\\/\\\/hotnewsinworld.com\\\/hu\\\/author\\\/pt\\\/\"}]}<\/script>\n<!-- \/ Yoast SEO plugin. -->","yoast_head_json":{"title":"Elmaradt t\u00fal\u00f3rap\u00e9nz, alacsony fizet\u00e9s: Sztr\u00e1jkra k\u00e9sz\u00fclnek a tan\u00e1rok - Hot News in World","robots":{"index":"index","follow":"follow","max-snippet":"max-snippet:-1","max-image-preview":"max-image-preview:large","max-video-preview":"max-video-preview:-1"},"canonical":"https:\/\/hotnewsinworld.com\/hu\/elmaradt-tulorapenz-alacsony-fizetes-sztrajkra-keszulnek-a-tanarok\/","og_locale":"hu_HU","og_type":"article","og_title":"Elmaradt t\u00fal\u00f3rap\u00e9nz, alacsony fizet\u00e9s: Sztr\u00e1jkra k\u00e9sz\u00fclnek a tan\u00e1rok - Hot News in World","og_description":"T\u00fcntet\u00e9sekre, \u00e9s sztr\u00e1jkra k\u00e9sz\u00fclnek a pedag\u00f3gusok, ha a korm\u00e1ny november 22-ig nem teljes\u00edti a k\u00f6vetel\u00e9seiket. A Pedag\u00f3gusok Szakszervezete \u00f6tpontos k\u00f6vetel\u00e9st \u00edrt, amelyben hangs\u00falyozt\u00e1k, hogy mindenk\u00e9ppen b\u00e9remel\u00e9st akarnak. Ezt szeretn\u00e9 el\u00e9rni a Magyar K\u00f6ztisztvisel\u0151k, K\u00f6zalkalmazottak \u00e9s K\u00f6zszolg\u00e1latban Dolgoz\u00f3k Szakszervezete is, \u0151k okt\u00f3ber 10-\u00e9n sztr\u00e1jkolnak majd. Gy\u00f3gypedag\u00f3gus 150 ezer 6 forint 3 \u00e9v gyakorlat, \u00e9s 4 \u00e9v [&hellip;]","og_url":"https:\/\/hotnewsinworld.com\/hu\/elmaradt-tulorapenz-alacsony-fizetes-sztrajkra-keszulnek-a-tanarok\/","og_site_name":"Hot News in World","article_published_time":"2019-09-24T04:49:07+00:00","article_modified_time":"2020-03-02T10:16:55+00:00","og_image":[{"width":600,"height":315,"url":"https:\/\/hotnewsinworld.com\/hu\/wp-content\/uploads\/sites\/3\/2019\/09\/Elmaradt-t\u00fal\u00f3rap\u00e9nz-alacsony-fizet\u00e9s-Sztr\u00e1jkra-k\u00e9sz\u00fclnek-a-tan\u00e1rok.jpg","type":"image\/jpeg"}],"author":"hotnewsinworld","twitter_card":"summary_large_image","twitter_misc":{"Szerz\u0151:":"hotnewsinworld","Becs\u00fclt olvas\u00e1si id\u0151":"3 perc"},"schema":{"@context":"https:\/\/schema.org","@graph":[{"@type":"Article","@id":"https:\/\/hotnewsinworld.com\/hu\/elmaradt-tulorapenz-alacsony-fizetes-sztrajkra-keszulnek-a-tanarok\/#article","isPartOf":{"@id":"https:\/\/hotnewsinworld.com\/hu\/elmaradt-tulorapenz-alacsony-fizetes-sztrajkra-keszulnek-a-tanarok\/"},"author":{"name":"hotnewsinworld","@id":"https:\/\/hotnewsinworld.com\/hu\/#\/schema\/person\/fe61448b21c0d59086e75fcc1f9d8f6b"},"headline":"Elmaradt t\u00fal\u00f3rap\u00e9nz, alacsony fizet\u00e9s: Sztr\u00e1jkra k\u00e9sz\u00fclnek a tan\u00e1rok","datePublished":"2019-09-24T04:49:07+00:00","dateModified":"2020-03-02T10:16:55+00:00","mainEntityOfPage":{"@id":"https:\/\/hotnewsinworld.com\/hu\/elmaradt-tulorapenz-alacsony-fizetes-sztrajkra-keszulnek-a-tanarok\/"},"wordCount":565,"commentCount":0,"image":{"@id":"https:\/\/hotnewsinworld.com\/hu\/elmaradt-tulorapenz-alacsony-fizetes-sztrajkra-keszulnek-a-tanarok\/#primaryimage"},"thumbnailUrl":"https:\/\/hotnewsinworld.com\/hu\/wp-content\/uploads\/sites\/3\/2019\/09\/Elmaradt-t\u00fal\u00f3rap\u00e9nz-alacsony-fizet\u00e9s-Sztr\u00e1jkra-k\u00e9sz\u00fclnek-a-tan\u00e1rok.jpg","articleSection":["LEG\u00daJABB P\u00c9NZ\u00dcGYI H\u00cdREK"],"inLanguage":"hu","potentialAction":[{"@type":"CommentAction","name":"Comment","target":["https:\/\/hotnewsinworld.com\/hu\/elmaradt-tulorapenz-alacsony-fizetes-sztrajkra-keszulnek-a-tanarok\/#respond"]}]},{"@type":"WebPage","@id":"https:\/\/hotnewsinworld.com\/hu\/elmaradt-tulorapenz-alacsony-fizetes-sztrajkra-keszulnek-a-tanarok\/","url":"https:\/\/hotnewsinworld.com\/hu\/elmaradt-tulorapenz-alacsony-fizetes-sztrajkra-keszulnek-a-tanarok\/","name":"Elmaradt t\u00fal\u00f3rap\u00e9nz, alacsony fizet\u00e9s: Sztr\u00e1jkra k\u00e9sz\u00fclnek a tan\u00e1rok - Hot News in World","isPartOf":{"@id":"https:\/\/hotnewsinworld.com\/hu\/#website"},"primaryImageOfPage":{"@id":"https:\/\/hotnewsinworld.com\/hu\/elmaradt-tulorapenz-alacsony-fizetes-sztrajkra-keszulnek-a-tanarok\/#primaryimage"},"image":{"@id":"https:\/\/hotnewsinworld.com\/hu\/elmaradt-tulorapenz-alacsony-fizetes-sztrajkra-keszulnek-a-tanarok\/#primaryimage"},"thumbnailUrl":"https:\/\/hotnewsinworld.com\/hu\/wp-content\/uploads\/sites\/3\/2019\/09\/Elmaradt-t\u00fal\u00f3rap\u00e9nz-alacsony-fizet\u00e9s-Sztr\u00e1jkra-k\u00e9sz\u00fclnek-a-tan\u00e1rok.jpg","datePublished":"2019-09-24T04:49:07+00:00","dateModified":"2020-03-02T10:16:55+00:00","author":{"@id":"https:\/\/hotnewsinworld.com\/hu\/#\/schema\/person\/fe61448b21c0d59086e75fcc1f9d8f6b"},"breadcrumb":{"@id":"https:\/\/hotnewsinworld.com\/hu\/elmaradt-tulorapenz-alacsony-fizetes-sztrajkra-keszulnek-a-tanarok\/#breadcrumb"},"inLanguage":"hu","potentialAction":[{"@type":"ReadAction","target":["https:\/\/hotnewsinworld.com\/hu\/elmaradt-tulorapenz-alacsony-fizetes-sztrajkra-keszulnek-a-tanarok\/"]}]},{"@type":"ImageObject","inLanguage":"hu","@id":"https:\/\/hotnewsinworld.com\/hu\/elmaradt-tulorapenz-alacsony-fizetes-sztrajkra-keszulnek-a-tanarok\/#primaryimage","url":"https:\/\/hotnewsinworld.com\/hu\/wp-content\/uploads\/sites\/3\/2019\/09\/Elmaradt-t\u00fal\u00f3rap\u00e9nz-alacsony-fizet\u00e9s-Sztr\u00e1jkra-k\u00e9sz\u00fclnek-a-tan\u00e1rok.jpg","contentUrl":"https:\/\/hotnewsinworld.com\/hu\/wp-content\/uploads\/sites\/3\/2019\/09\/Elmaradt-t\u00fal\u00f3rap\u00e9nz-alacsony-fizet\u00e9s-Sztr\u00e1jkra-k\u00e9sz\u00fclnek-a-tan\u00e1rok.jpg","width":600,"height":315,"caption":"Elmaradt t\u00fal\u00f3rap\u00e9nz, alacsony fizet\u00e9s: Sztr\u00e1jkra k\u00e9sz\u00fclnek a tan\u00e1rok"},{"@type":"BreadcrumbList","@id":"https:\/\/hotnewsinworld.com\/hu\/elmaradt-tulorapenz-alacsony-fizetes-sztrajkra-keszulnek-a-tanarok\/#breadcrumb","itemListElement":[{"@type":"ListItem","position":1,"name":"\u0413\u043b\u0430\u0432\u043d\u0430\u044f \u0441\u0442\u0440\u0430\u043d\u0438\u0446\u0430","item":"https:\/\/hotnewsinworld.com\/hu\/"},{"@type":"ListItem","position":2,"name":"Elmaradt t\u00fal\u00f3rap\u00e9nz, alacsony fizet\u00e9s: Sztr\u00e1jkra k\u00e9sz\u00fclnek a tan\u00e1rok"}]},{"@type":"WebSite","@id":"https:\/\/hotnewsinworld.com\/hu\/#website","url":"https:\/\/hotnewsinworld.com\/hu\/","name":"Hot News in World","description":"Hot News in World from Hungary","potentialAction":[{"@type":"SearchAction","target":{"@type":"EntryPoint","urlTemplate":"https:\/\/hotnewsinworld.com\/hu\/?s={search_term_string}"},"query-input":{"@type":"PropertyValueSpecification","valueRequired":true,"valueName":"search_term_string"}}],"inLanguage":"hu"},{"@type":"Person","@id":"https:\/\/hotnewsinworld.com\/hu\/#\/schema\/person\/fe61448b21c0d59086e75fcc1f9d8f6b","name":"hotnewsinworld","image":{"@type":"ImageObject","inLanguage":"hu","@id":"https:\/\/secure.gravatar.com\/avatar\/8a09ac165600ce2e1c38fe593c63928eb1e6e7ba5c5a907d67787c41b3d00c14?s=96&d=mm&r=g","url":"https:\/\/secure.gravatar.com\/avatar\/8a09ac165600ce2e1c38fe593c63928eb1e6e7ba5c5a907d67787c41b3d00c14?s=96&d=mm&r=g","contentUrl":"https:\/\/secure.gravatar.com\/avatar\/8a09ac165600ce2e1c38fe593c63928eb1e6e7ba5c5a907d67787c41b3d00c14?s=96&d=mm&r=g","caption":"hotnewsinworld"},"url":"https:\/\/hotnewsinworld.com\/hu\/author\/pt\/"}]}},"_links":{"self":[{"href":"https:\/\/hotnewsinworld.com\/hu\/wp-json\/wp\/v2\/posts\/2510","targetHints":{"allow":["GET"]}}],"collection":[{"href":"https:\/\/hotnewsinworld.com\/hu\/wp-json\/wp\/v2\/posts"}],"about":[{"href":"https:\/\/hotnewsinworld.com\/hu\/wp-json\/wp\/v2\/types\/post"}],"author":[{"embeddable":true,"href":"https:\/\/hotnewsinworld.com\/hu\/wp-json\/wp\/v2\/users\/2"}],"replies":[{"embeddable":true,"href":"https:\/\/hotnewsinworld.com\/hu\/wp-json\/wp\/v2\/comments?post=2510"}],"version-history":[{"count":4,"href":"https:\/\/hotnewsinworld.com\/hu\/wp-json\/wp\/v2\/posts\/2510\/revisions"}],"predecessor-version":[{"id":2544,"href":"https:\/\/hotnewsinworld.com\/hu\/wp-json\/wp\/v2\/posts\/2510\/revisions\/2544"}],"wp:featuredmedia":[{"embeddable":true,"href":"https:\/\/hotnewsinworld.com\/hu\/wp-json\/wp\/v2\/media\/2511"}],"wp:attachment":[{"href":"https:\/\/hotnewsinworld.com\/hu\/wp-json\/wp\/v2\/media?parent=2510"}],"wp:term":[{"taxonomy":"category","embeddable":true,"href":"https:\/\/hotnewsinworld.com\/hu\/wp-json\/wp\/v2\/categories?post=2510"},{"taxonomy":"post_tag","embeddable":true,"href":"https:\/\/hotnewsinworld.com\/hu\/wp-json\/wp\/v2\/tags?post=2510"}],"curies":[{"name":"wp","href":"https:\/\/api.w.org\/{rel}","templated":true}]}}