{"id":2519,"date":"2019-09-24T11:58:40","date_gmt":"2019-09-24T08:58:40","guid":{"rendered":"https:\/\/hotnewsinworld.com\/hu\/feladta-magat-a-rendorsegen-a-19-eves-ferfi-aki-letorte-a-szekesfehervari-lovasszobor-kardjat\/"},"modified":"2020-02-28T17:26:58","modified_gmt":"2020-02-28T14:26:58","slug":"feladta-magat-a-rendorsegen-a-19-eves-ferfi-aki-letorte-a-szekesfehervari-lovasszobor-kardjat","status":"publish","type":"post","link":"https:\/\/hotnewsinworld.com\/hu\/feladta-magat-a-rendorsegen-a-19-eves-ferfi-aki-letorte-a-szekesfehervari-lovasszobor-kardjat\/","title":{"rendered":"Feladta mag\u00e1t a rend\u0151rs\u00e9gen a 19 \u00e9ves f\u00e9rfi, aki let\u00f6rte a sz\u00e9kesfeh\u00e9rv\u00e1ri lovasszobor kardj\u00e1t"},"content":{"rendered":"<p>Szeptember 22-\u00e9n Sz\u00e9kesfeh\u00e9rv\u00e1ron a V\u00e1rosh\u00e1za t\u00e9ren az ott tal\u00e1lhat\u00f3 lovasszoborra ismeretlen szem\u00e9ly felm\u00e1szott \u00e9s az azon tal\u00e1lhat\u00f3 kardot let\u00f6rte. A helyi k\u00f6zter\u00fclet-fel\u00fcgyelete kamerarendszere r\u00f6gz\u00edtette az esem\u00e9nyt:Fot\u00f3: police.huA felv\u00e9telek alapj\u00e1n a rend\u0151rs\u00e9g felh\u00edv\u00e1st tett k\u00f6zz\u00e9, amelynek\u00a0nyom\u00e1n\u00a0 a 19 \u00e9ves sz\u00e9kesfeh\u00e9rv\u00e1ri S. Rich\u00e1rd a rend\u0151rs\u00e9gen feladata mag\u00e1t.A nyomoz\u00f3k a f\u00e9rfit gyan\u00fas\u00edtottk\u00e9nt hallgatt\u00e1k ki rong\u00e1l\u00e1s v\u00e9ts\u00e9g elk\u00f6vet\u00e9se miatt \u2013 \u00edrta ma reggel a\u00a0police.hu.<\/p>\n<p><!--noindex--><br \/>\n<a href=\"https:\/\/hirek.oldal.info\/rssclick\/14422367\" rel=\"nofollow\">Source link <\/a><br \/>\n<!--\/noindex--><\/p>\n","protected":false},"excerpt":{"rendered":"<p>Szeptember 22-\u00e9n Sz\u00e9kesfeh\u00e9rv\u00e1ron a V\u00e1rosh\u00e1za t\u00e9ren az ott tal\u00e1lhat\u00f3 lovasszoborra ismeretlen szem\u00e9ly felm\u00e1szott \u00e9s az azon tal\u00e1lhat\u00f3 kardot let\u00f6rte. A helyi k\u00f6zter\u00fclet-fel\u00fcgyelete kamerarendszere r\u00f6gz\u00edtette az esem\u00e9nyt:Fot\u00f3: police.huA felv\u00e9telek alapj\u00e1n a rend\u0151rs\u00e9g felh\u00edv\u00e1st tett k\u00f6zz\u00e9, amelynek\u00a0nyom\u00e1n\u00a0 a 19 \u00e9ves sz\u00e9kesfeh\u00e9rv\u00e1ri S. Rich\u00e1rd a rend\u0151rs\u00e9gen feladata mag\u00e1t.A nyomoz\u00f3k a f\u00e9rfit gyan\u00fas\u00edtottk\u00e9nt hallgatt\u00e1k ki rong\u00e1l\u00e1s v\u00e9ts\u00e9g elk\u00f6vet\u00e9se miatt [&hellip;]<\/p>\n","protected":false},"author":2,"featured_media":2520,"comment_status":"open","ping_status":"open","sticky":false,"template":"","format":"standard","meta":{"footnotes":""},"categories":[1],"tags":[],"class_list":["post-2519","post","type-post","status-publish","format-standard","has-post-thumbnail","hentry","category-legujabb-penzugyi-hirek"],"yoast_head":"<!-- This site is optimized with the Yoast SEO plugin v27.4 - https:\/\/yoast.com\/product\/yoast-seo-wordpress\/ -->\n<title>Feladta mag\u00e1t a rend\u0151rs\u00e9gen a 19 \u00e9ves f\u00e9rfi, aki let\u00f6rte a sz\u00e9kesfeh\u00e9rv\u00e1ri lovasszobor kardj\u00e1t - Hot News in World<\/title>\n<meta name=\"robots\" content=\"index, follow, max-snippet:-1, max-image-preview:large, max-video-preview:-1\" \/>\n<link rel=\"canonical\" href=\"https:\/\/hotnewsinworld.com\/hu\/feladta-magat-a-rendorsegen-a-19-eves-ferfi-aki-letorte-a-szekesfehervari-lovasszobor-kardjat\/\" \/>\n<meta property=\"og:locale\" content=\"hu_HU\" \/>\n<meta property=\"og:type\" content=\"article\" \/>\n<meta property=\"og:title\" content=\"Feladta mag\u00e1t a rend\u0151rs\u00e9gen a 19 \u00e9ves f\u00e9rfi, aki let\u00f6rte a sz\u00e9kesfeh\u00e9rv\u00e1ri lovasszobor kardj\u00e1t - Hot News in World\" \/>\n<meta property=\"og:description\" content=\"Szeptember 22-\u00e9n Sz\u00e9kesfeh\u00e9rv\u00e1ron a V\u00e1rosh\u00e1za t\u00e9ren az ott tal\u00e1lhat\u00f3 lovasszoborra ismeretlen szem\u00e9ly felm\u00e1szott \u00e9s az azon tal\u00e1lhat\u00f3 kardot let\u00f6rte. A helyi k\u00f6zter\u00fclet-fel\u00fcgyelete kamerarendszere r\u00f6gz\u00edtette az esem\u00e9nyt:Fot\u00f3: police.huA felv\u00e9telek alapj\u00e1n a rend\u0151rs\u00e9g felh\u00edv\u00e1st tett k\u00f6zz\u00e9, amelynek\u00a0nyom\u00e1n\u00a0 a 19 \u00e9ves sz\u00e9kesfeh\u00e9rv\u00e1ri S. Rich\u00e1rd a rend\u0151rs\u00e9gen feladata mag\u00e1t.A nyomoz\u00f3k a f\u00e9rfit gyan\u00fas\u00edtottk\u00e9nt hallgatt\u00e1k ki rong\u00e1l\u00e1s v\u00e9ts\u00e9g elk\u00f6vet\u00e9se miatt [&hellip;]\" \/>\n<meta property=\"og:url\" content=\"https:\/\/hotnewsinworld.com\/hu\/feladta-magat-a-rendorsegen-a-19-eves-ferfi-aki-letorte-a-szekesfehervari-lovasszobor-kardjat\/\" \/>\n<meta property=\"og:site_name\" content=\"Hot News in World\" \/>\n<meta property=\"article:published_time\" content=\"2019-09-24T08:58:40+00:00\" \/>\n<meta property=\"article:modified_time\" content=\"2020-02-28T14:26:58+00:00\" \/>\n<meta property=\"og:image\" content=\"https:\/\/hotnewsinworld.com\/hu\/wp-content\/uploads\/sites\/3\/2019\/09\/Feladta-mag\u00e1t-a-rend\u0151rs\u00e9gen-a-19-\u00e9ves-f\u00e9rfi-aki-let\u00f6rte.png\" \/>\n\t<meta property=\"og:image:width\" content=\"1000\" \/>\n\t<meta property=\"og:image:height\" content=\"1000\" \/>\n\t<meta property=\"og:image:type\" content=\"image\/png\" \/>\n<meta name=\"author\" content=\"hotnewsinworld\" \/>\n<meta name=\"twitter:card\" content=\"summary_large_image\" \/>\n<meta name=\"twitter:label1\" content=\"Szerz\u0151:\" \/>\n\t<meta name=\"twitter:data1\" content=\"hotnewsinworld\" \/>\n\t<meta name=\"twitter:label2\" content=\"Becs\u00fclt olvas\u00e1si id\u0151\" \/>\n\t<meta name=\"twitter:data2\" content=\"1 perc\" \/>\n<script type=\"application\/ld+json\" class=\"yoast-schema-graph\">{\"@context\":\"https:\\\/\\\/schema.org\",\"@graph\":[{\"@type\":\"Article\",\"@id\":\"https:\\\/\\\/hotnewsinworld.com\\\/hu\\\/feladta-magat-a-rendorsegen-a-19-eves-ferfi-aki-letorte-a-szekesfehervari-lovasszobor-kardjat\\\/#article\",\"isPartOf\":{\"@id\":\"https:\\\/\\\/hotnewsinworld.com\\\/hu\\\/feladta-magat-a-rendorsegen-a-19-eves-ferfi-aki-letorte-a-szekesfehervari-lovasszobor-kardjat\\\/\"},\"author\":{\"name\":\"hotnewsinworld\",\"@id\":\"https:\\\/\\\/hotnewsinworld.com\\\/hu\\\/#\\\/schema\\\/person\\\/fe61448b21c0d59086e75fcc1f9d8f6b\"},\"headline\":\"Feladta mag\u00e1t a rend\u0151rs\u00e9gen a 19 \u00e9ves f\u00e9rfi, aki let\u00f6rte a sz\u00e9kesfeh\u00e9rv\u00e1ri lovasszobor kardj\u00e1t\",\"datePublished\":\"2019-09-24T08:58:40+00:00\",\"dateModified\":\"2020-02-28T14:26:58+00:00\",\"mainEntityOfPage\":{\"@id\":\"https:\\\/\\\/hotnewsinworld.com\\\/hu\\\/feladta-magat-a-rendorsegen-a-19-eves-ferfi-aki-letorte-a-szekesfehervari-lovasszobor-kardjat\\\/\"},\"wordCount\":133,\"commentCount\":0,\"image\":{\"@id\":\"https:\\\/\\\/hotnewsinworld.com\\\/hu\\\/feladta-magat-a-rendorsegen-a-19-eves-ferfi-aki-letorte-a-szekesfehervari-lovasszobor-kardjat\\\/#primaryimage\"},\"thumbnailUrl\":\"https:\\\/\\\/hotnewsinworld.com\\\/hu\\\/wp-content\\\/uploads\\\/sites\\\/3\\\/2019\\\/09\\\/Feladta-mag\u00e1t-a-rend\u0151rs\u00e9gen-a-19-\u00e9ves-f\u00e9rfi-aki-let\u00f6rte.png\",\"articleSection\":[\"LEG\u00daJABB P\u00c9NZ\u00dcGYI H\u00cdREK\"],\"inLanguage\":\"hu\",\"potentialAction\":[{\"@type\":\"CommentAction\",\"name\":\"Comment\",\"target\":[\"https:\\\/\\\/hotnewsinworld.com\\\/hu\\\/feladta-magat-a-rendorsegen-a-19-eves-ferfi-aki-letorte-a-szekesfehervari-lovasszobor-kardjat\\\/#respond\"]}]},{\"@type\":\"WebPage\",\"@id\":\"https:\\\/\\\/hotnewsinworld.com\\\/hu\\\/feladta-magat-a-rendorsegen-a-19-eves-ferfi-aki-letorte-a-szekesfehervari-lovasszobor-kardjat\\\/\",\"url\":\"https:\\\/\\\/hotnewsinworld.com\\\/hu\\\/feladta-magat-a-rendorsegen-a-19-eves-ferfi-aki-letorte-a-szekesfehervari-lovasszobor-kardjat\\\/\",\"name\":\"Feladta mag\u00e1t a rend\u0151rs\u00e9gen a 19 \u00e9ves f\u00e9rfi, aki let\u00f6rte a sz\u00e9kesfeh\u00e9rv\u00e1ri lovasszobor kardj\u00e1t - Hot News in World\",\"isPartOf\":{\"@id\":\"https:\\\/\\\/hotnewsinworld.com\\\/hu\\\/#website\"},\"primaryImageOfPage\":{\"@id\":\"https:\\\/\\\/hotnewsinworld.com\\\/hu\\\/feladta-magat-a-rendorsegen-a-19-eves-ferfi-aki-letorte-a-szekesfehervari-lovasszobor-kardjat\\\/#primaryimage\"},\"image\":{\"@id\":\"https:\\\/\\\/hotnewsinworld.com\\\/hu\\\/feladta-magat-a-rendorsegen-a-19-eves-ferfi-aki-letorte-a-szekesfehervari-lovasszobor-kardjat\\\/#primaryimage\"},\"thumbnailUrl\":\"https:\\\/\\\/hotnewsinworld.com\\\/hu\\\/wp-content\\\/uploads\\\/sites\\\/3\\\/2019\\\/09\\\/Feladta-mag\u00e1t-a-rend\u0151rs\u00e9gen-a-19-\u00e9ves-f\u00e9rfi-aki-let\u00f6rte.png\",\"datePublished\":\"2019-09-24T08:58:40+00:00\",\"dateModified\":\"2020-02-28T14:26:58+00:00\",\"author\":{\"@id\":\"https:\\\/\\\/hotnewsinworld.com\\\/hu\\\/#\\\/schema\\\/person\\\/fe61448b21c0d59086e75fcc1f9d8f6b\"},\"breadcrumb\":{\"@id\":\"https:\\\/\\\/hotnewsinworld.com\\\/hu\\\/feladta-magat-a-rendorsegen-a-19-eves-ferfi-aki-letorte-a-szekesfehervari-lovasszobor-kardjat\\\/#breadcrumb\"},\"inLanguage\":\"hu\",\"potentialAction\":[{\"@type\":\"ReadAction\",\"target\":[\"https:\\\/\\\/hotnewsinworld.com\\\/hu\\\/feladta-magat-a-rendorsegen-a-19-eves-ferfi-aki-letorte-a-szekesfehervari-lovasszobor-kardjat\\\/\"]}]},{\"@type\":\"ImageObject\",\"inLanguage\":\"hu\",\"@id\":\"https:\\\/\\\/hotnewsinworld.com\\\/hu\\\/feladta-magat-a-rendorsegen-a-19-eves-ferfi-aki-letorte-a-szekesfehervari-lovasszobor-kardjat\\\/#primaryimage\",\"url\":\"https:\\\/\\\/hotnewsinworld.com\\\/hu\\\/wp-content\\\/uploads\\\/sites\\\/3\\\/2019\\\/09\\\/Feladta-mag\u00e1t-a-rend\u0151rs\u00e9gen-a-19-\u00e9ves-f\u00e9rfi-aki-let\u00f6rte.png\",\"contentUrl\":\"https:\\\/\\\/hotnewsinworld.com\\\/hu\\\/wp-content\\\/uploads\\\/sites\\\/3\\\/2019\\\/09\\\/Feladta-mag\u00e1t-a-rend\u0151rs\u00e9gen-a-19-\u00e9ves-f\u00e9rfi-aki-let\u00f6rte.png\",\"width\":1000,\"height\":1000,\"caption\":\"Feladta mag\u00e1t a rend\u0151rs\u00e9gen a 19 \u00e9ves f\u00e9rfi, aki let\u00f6rte a sz\u00e9kesfeh\u00e9rv\u00e1ri lovasszobor kardj\u00e1t\"},{\"@type\":\"BreadcrumbList\",\"@id\":\"https:\\\/\\\/hotnewsinworld.com\\\/hu\\\/feladta-magat-a-rendorsegen-a-19-eves-ferfi-aki-letorte-a-szekesfehervari-lovasszobor-kardjat\\\/#breadcrumb\",\"itemListElement\":[{\"@type\":\"ListItem\",\"position\":1,\"name\":\"\u0413\u043b\u0430\u0432\u043d\u0430\u044f \u0441\u0442\u0440\u0430\u043d\u0438\u0446\u0430\",\"item\":\"https:\\\/\\\/hotnewsinworld.com\\\/hu\\\/\"},{\"@type\":\"ListItem\",\"position\":2,\"name\":\"Feladta mag\u00e1t a rend\u0151rs\u00e9gen a 19 \u00e9ves f\u00e9rfi, aki let\u00f6rte a sz\u00e9kesfeh\u00e9rv\u00e1ri lovasszobor kardj\u00e1t\"}]},{\"@type\":\"WebSite\",\"@id\":\"https:\\\/\\\/hotnewsinworld.com\\\/hu\\\/#website\",\"url\":\"https:\\\/\\\/hotnewsinworld.com\\\/hu\\\/\",\"name\":\"Hot News in World\",\"description\":\"Hot News in World from Hungary\",\"potentialAction\":[{\"@type\":\"SearchAction\",\"target\":{\"@type\":\"EntryPoint\",\"urlTemplate\":\"https:\\\/\\\/hotnewsinworld.com\\\/hu\\\/?s={search_term_string}\"},\"query-input\":{\"@type\":\"PropertyValueSpecification\",\"valueRequired\":true,\"valueName\":\"search_term_string\"}}],\"inLanguage\":\"hu\"},{\"@type\":\"Person\",\"@id\":\"https:\\\/\\\/hotnewsinworld.com\\\/hu\\\/#\\\/schema\\\/person\\\/fe61448b21c0d59086e75fcc1f9d8f6b\",\"name\":\"hotnewsinworld\",\"image\":{\"@type\":\"ImageObject\",\"inLanguage\":\"hu\",\"@id\":\"https:\\\/\\\/secure.gravatar.com\\\/avatar\\\/8a09ac165600ce2e1c38fe593c63928eb1e6e7ba5c5a907d67787c41b3d00c14?s=96&d=mm&r=g\",\"url\":\"https:\\\/\\\/secure.gravatar.com\\\/avatar\\\/8a09ac165600ce2e1c38fe593c63928eb1e6e7ba5c5a907d67787c41b3d00c14?s=96&d=mm&r=g\",\"contentUrl\":\"https:\\\/\\\/secure.gravatar.com\\\/avatar\\\/8a09ac165600ce2e1c38fe593c63928eb1e6e7ba5c5a907d67787c41b3d00c14?s=96&d=mm&r=g\",\"caption\":\"hotnewsinworld\"},\"url\":\"https:\\\/\\\/hotnewsinworld.com\\\/hu\\\/author\\\/pt\\\/\"}]}<\/script>\n<!-- \/ Yoast SEO plugin. -->","yoast_head_json":{"title":"Feladta mag\u00e1t a rend\u0151rs\u00e9gen a 19 \u00e9ves f\u00e9rfi, aki let\u00f6rte a sz\u00e9kesfeh\u00e9rv\u00e1ri lovasszobor kardj\u00e1t - Hot News in World","robots":{"index":"index","follow":"follow","max-snippet":"max-snippet:-1","max-image-preview":"max-image-preview:large","max-video-preview":"max-video-preview:-1"},"canonical":"https:\/\/hotnewsinworld.com\/hu\/feladta-magat-a-rendorsegen-a-19-eves-ferfi-aki-letorte-a-szekesfehervari-lovasszobor-kardjat\/","og_locale":"hu_HU","og_type":"article","og_title":"Feladta mag\u00e1t a rend\u0151rs\u00e9gen a 19 \u00e9ves f\u00e9rfi, aki let\u00f6rte a sz\u00e9kesfeh\u00e9rv\u00e1ri lovasszobor kardj\u00e1t - Hot News in World","og_description":"Szeptember 22-\u00e9n Sz\u00e9kesfeh\u00e9rv\u00e1ron a V\u00e1rosh\u00e1za t\u00e9ren az ott tal\u00e1lhat\u00f3 lovasszoborra ismeretlen szem\u00e9ly felm\u00e1szott \u00e9s az azon tal\u00e1lhat\u00f3 kardot let\u00f6rte. A helyi k\u00f6zter\u00fclet-fel\u00fcgyelete kamerarendszere r\u00f6gz\u00edtette az esem\u00e9nyt:Fot\u00f3: police.huA felv\u00e9telek alapj\u00e1n a rend\u0151rs\u00e9g felh\u00edv\u00e1st tett k\u00f6zz\u00e9, amelynek\u00a0nyom\u00e1n\u00a0 a 19 \u00e9ves sz\u00e9kesfeh\u00e9rv\u00e1ri S. Rich\u00e1rd a rend\u0151rs\u00e9gen feladata mag\u00e1t.A nyomoz\u00f3k a f\u00e9rfit gyan\u00fas\u00edtottk\u00e9nt hallgatt\u00e1k ki rong\u00e1l\u00e1s v\u00e9ts\u00e9g elk\u00f6vet\u00e9se miatt [&hellip;]","og_url":"https:\/\/hotnewsinworld.com\/hu\/feladta-magat-a-rendorsegen-a-19-eves-ferfi-aki-letorte-a-szekesfehervari-lovasszobor-kardjat\/","og_site_name":"Hot News in World","article_published_time":"2019-09-24T08:58:40+00:00","article_modified_time":"2020-02-28T14:26:58+00:00","og_image":[{"width":1000,"height":1000,"url":"https:\/\/hotnewsinworld.com\/hu\/wp-content\/uploads\/sites\/3\/2019\/09\/Feladta-mag\u00e1t-a-rend\u0151rs\u00e9gen-a-19-\u00e9ves-f\u00e9rfi-aki-let\u00f6rte.png","type":"image\/png"}],"author":"hotnewsinworld","twitter_card":"summary_large_image","twitter_misc":{"Szerz\u0151:":"hotnewsinworld","Becs\u00fclt olvas\u00e1si id\u0151":"1 perc"},"schema":{"@context":"https:\/\/schema.org","@graph":[{"@type":"Article","@id":"https:\/\/hotnewsinworld.com\/hu\/feladta-magat-a-rendorsegen-a-19-eves-ferfi-aki-letorte-a-szekesfehervari-lovasszobor-kardjat\/#article","isPartOf":{"@id":"https:\/\/hotnewsinworld.com\/hu\/feladta-magat-a-rendorsegen-a-19-eves-ferfi-aki-letorte-a-szekesfehervari-lovasszobor-kardjat\/"},"author":{"name":"hotnewsinworld","@id":"https:\/\/hotnewsinworld.com\/hu\/#\/schema\/person\/fe61448b21c0d59086e75fcc1f9d8f6b"},"headline":"Feladta mag\u00e1t a rend\u0151rs\u00e9gen a 19 \u00e9ves f\u00e9rfi, aki let\u00f6rte a sz\u00e9kesfeh\u00e9rv\u00e1ri lovasszobor kardj\u00e1t","datePublished":"2019-09-24T08:58:40+00:00","dateModified":"2020-02-28T14:26:58+00:00","mainEntityOfPage":{"@id":"https:\/\/hotnewsinworld.com\/hu\/feladta-magat-a-rendorsegen-a-19-eves-ferfi-aki-letorte-a-szekesfehervari-lovasszobor-kardjat\/"},"wordCount":133,"commentCount":0,"image":{"@id":"https:\/\/hotnewsinworld.com\/hu\/feladta-magat-a-rendorsegen-a-19-eves-ferfi-aki-letorte-a-szekesfehervari-lovasszobor-kardjat\/#primaryimage"},"thumbnailUrl":"https:\/\/hotnewsinworld.com\/hu\/wp-content\/uploads\/sites\/3\/2019\/09\/Feladta-mag\u00e1t-a-rend\u0151rs\u00e9gen-a-19-\u00e9ves-f\u00e9rfi-aki-let\u00f6rte.png","articleSection":["LEG\u00daJABB P\u00c9NZ\u00dcGYI H\u00cdREK"],"inLanguage":"hu","potentialAction":[{"@type":"CommentAction","name":"Comment","target":["https:\/\/hotnewsinworld.com\/hu\/feladta-magat-a-rendorsegen-a-19-eves-ferfi-aki-letorte-a-szekesfehervari-lovasszobor-kardjat\/#respond"]}]},{"@type":"WebPage","@id":"https:\/\/hotnewsinworld.com\/hu\/feladta-magat-a-rendorsegen-a-19-eves-ferfi-aki-letorte-a-szekesfehervari-lovasszobor-kardjat\/","url":"https:\/\/hotnewsinworld.com\/hu\/feladta-magat-a-rendorsegen-a-19-eves-ferfi-aki-letorte-a-szekesfehervari-lovasszobor-kardjat\/","name":"Feladta mag\u00e1t a rend\u0151rs\u00e9gen a 19 \u00e9ves f\u00e9rfi, aki let\u00f6rte a sz\u00e9kesfeh\u00e9rv\u00e1ri lovasszobor kardj\u00e1t - Hot News in World","isPartOf":{"@id":"https:\/\/hotnewsinworld.com\/hu\/#website"},"primaryImageOfPage":{"@id":"https:\/\/hotnewsinworld.com\/hu\/feladta-magat-a-rendorsegen-a-19-eves-ferfi-aki-letorte-a-szekesfehervari-lovasszobor-kardjat\/#primaryimage"},"image":{"@id":"https:\/\/hotnewsinworld.com\/hu\/feladta-magat-a-rendorsegen-a-19-eves-ferfi-aki-letorte-a-szekesfehervari-lovasszobor-kardjat\/#primaryimage"},"thumbnailUrl":"https:\/\/hotnewsinworld.com\/hu\/wp-content\/uploads\/sites\/3\/2019\/09\/Feladta-mag\u00e1t-a-rend\u0151rs\u00e9gen-a-19-\u00e9ves-f\u00e9rfi-aki-let\u00f6rte.png","datePublished":"2019-09-24T08:58:40+00:00","dateModified":"2020-02-28T14:26:58+00:00","author":{"@id":"https:\/\/hotnewsinworld.com\/hu\/#\/schema\/person\/fe61448b21c0d59086e75fcc1f9d8f6b"},"breadcrumb":{"@id":"https:\/\/hotnewsinworld.com\/hu\/feladta-magat-a-rendorsegen-a-19-eves-ferfi-aki-letorte-a-szekesfehervari-lovasszobor-kardjat\/#breadcrumb"},"inLanguage":"hu","potentialAction":[{"@type":"ReadAction","target":["https:\/\/hotnewsinworld.com\/hu\/feladta-magat-a-rendorsegen-a-19-eves-ferfi-aki-letorte-a-szekesfehervari-lovasszobor-kardjat\/"]}]},{"@type":"ImageObject","inLanguage":"hu","@id":"https:\/\/hotnewsinworld.com\/hu\/feladta-magat-a-rendorsegen-a-19-eves-ferfi-aki-letorte-a-szekesfehervari-lovasszobor-kardjat\/#primaryimage","url":"https:\/\/hotnewsinworld.com\/hu\/wp-content\/uploads\/sites\/3\/2019\/09\/Feladta-mag\u00e1t-a-rend\u0151rs\u00e9gen-a-19-\u00e9ves-f\u00e9rfi-aki-let\u00f6rte.png","contentUrl":"https:\/\/hotnewsinworld.com\/hu\/wp-content\/uploads\/sites\/3\/2019\/09\/Feladta-mag\u00e1t-a-rend\u0151rs\u00e9gen-a-19-\u00e9ves-f\u00e9rfi-aki-let\u00f6rte.png","width":1000,"height":1000,"caption":"Feladta mag\u00e1t a rend\u0151rs\u00e9gen a 19 \u00e9ves f\u00e9rfi, aki let\u00f6rte a sz\u00e9kesfeh\u00e9rv\u00e1ri lovasszobor kardj\u00e1t"},{"@type":"BreadcrumbList","@id":"https:\/\/hotnewsinworld.com\/hu\/feladta-magat-a-rendorsegen-a-19-eves-ferfi-aki-letorte-a-szekesfehervari-lovasszobor-kardjat\/#breadcrumb","itemListElement":[{"@type":"ListItem","position":1,"name":"\u0413\u043b\u0430\u0432\u043d\u0430\u044f \u0441\u0442\u0440\u0430\u043d\u0438\u0446\u0430","item":"https:\/\/hotnewsinworld.com\/hu\/"},{"@type":"ListItem","position":2,"name":"Feladta mag\u00e1t a rend\u0151rs\u00e9gen a 19 \u00e9ves f\u00e9rfi, aki let\u00f6rte a sz\u00e9kesfeh\u00e9rv\u00e1ri lovasszobor kardj\u00e1t"}]},{"@type":"WebSite","@id":"https:\/\/hotnewsinworld.com\/hu\/#website","url":"https:\/\/hotnewsinworld.com\/hu\/","name":"Hot News in World","description":"Hot News in World from Hungary","potentialAction":[{"@type":"SearchAction","target":{"@type":"EntryPoint","urlTemplate":"https:\/\/hotnewsinworld.com\/hu\/?s={search_term_string}"},"query-input":{"@type":"PropertyValueSpecification","valueRequired":true,"valueName":"search_term_string"}}],"inLanguage":"hu"},{"@type":"Person","@id":"https:\/\/hotnewsinworld.com\/hu\/#\/schema\/person\/fe61448b21c0d59086e75fcc1f9d8f6b","name":"hotnewsinworld","image":{"@type":"ImageObject","inLanguage":"hu","@id":"https:\/\/secure.gravatar.com\/avatar\/8a09ac165600ce2e1c38fe593c63928eb1e6e7ba5c5a907d67787c41b3d00c14?s=96&d=mm&r=g","url":"https:\/\/secure.gravatar.com\/avatar\/8a09ac165600ce2e1c38fe593c63928eb1e6e7ba5c5a907d67787c41b3d00c14?s=96&d=mm&r=g","contentUrl":"https:\/\/secure.gravatar.com\/avatar\/8a09ac165600ce2e1c38fe593c63928eb1e6e7ba5c5a907d67787c41b3d00c14?s=96&d=mm&r=g","caption":"hotnewsinworld"},"url":"https:\/\/hotnewsinworld.com\/hu\/author\/pt\/"}]}},"_links":{"self":[{"href":"https:\/\/hotnewsinworld.com\/hu\/wp-json\/wp\/v2\/posts\/2519","targetHints":{"allow":["GET"]}}],"collection":[{"href":"https:\/\/hotnewsinworld.com\/hu\/wp-json\/wp\/v2\/posts"}],"about":[{"href":"https:\/\/hotnewsinworld.com\/hu\/wp-json\/wp\/v2\/types\/post"}],"author":[{"embeddable":true,"href":"https:\/\/hotnewsinworld.com\/hu\/wp-json\/wp\/v2\/users\/2"}],"replies":[{"embeddable":true,"href":"https:\/\/hotnewsinworld.com\/hu\/wp-json\/wp\/v2\/comments?post=2519"}],"version-history":[{"count":2,"href":"https:\/\/hotnewsinworld.com\/hu\/wp-json\/wp\/v2\/posts\/2519\/revisions"}],"predecessor-version":[{"id":2536,"href":"https:\/\/hotnewsinworld.com\/hu\/wp-json\/wp\/v2\/posts\/2519\/revisions\/2536"}],"wp:featuredmedia":[{"embeddable":true,"href":"https:\/\/hotnewsinworld.com\/hu\/wp-json\/wp\/v2\/media\/2520"}],"wp:attachment":[{"href":"https:\/\/hotnewsinworld.com\/hu\/wp-json\/wp\/v2\/media?parent=2519"}],"wp:term":[{"taxonomy":"category","embeddable":true,"href":"https:\/\/hotnewsinworld.com\/hu\/wp-json\/wp\/v2\/categories?post=2519"},{"taxonomy":"post_tag","embeddable":true,"href":"https:\/\/hotnewsinworld.com\/hu\/wp-json\/wp\/v2\/tags?post=2519"}],"curies":[{"name":"wp","href":"https:\/\/api.w.org\/{rel}","templated":true}]}}