{"id":2522,"date":"2019-09-24T13:42:12","date_gmt":"2019-09-24T10:42:12","guid":{"rendered":"https:\/\/hotnewsinworld.com\/hu\/eveken-at-szennyeztek-a-pestszentimreiek-kutjait\/"},"modified":"2020-02-28T17:00:39","modified_gmt":"2020-02-28T14:00:39","slug":"eveken-at-szennyeztek-a-pestszentimreiek-kutjait","status":"publish","type":"post","link":"https:\/\/hotnewsinworld.com\/hu\/eveken-at-szennyeztek-a-pestszentimreiek-kutjait\/","title":{"rendered":"\u00c9veken \u00e1t szennyezt\u00e9k a pestszentimreiek k\u00fatjait"},"content":{"rendered":"<p>M\u00e9g 2013-ban buktatta le Szaniszl\u00f3 S\u00e1ndor, az ellenz\u00e9k k\u00f6z\u00f6s XVIII. ker\u00fcleti polg\u00e1rmester-jel\u00f6ltje, hogy a F\u0151v\u00e1rosi Telep\u00fcl\u00e9stisztas\u00e1gi \u00e9s K\u00f6rnyezetv\u00e9delmi Kft. Wohner Zsolttal az \u00e9l\u00e9n illeg\u00e1lisan rakja le vesz\u00e9lyes hullad\u00e9k\u00e1t a Cs\u00e9ry-telepen.<\/p>\n<p>Havasi G\u00e1bor, Kassai D\u00e1niel \u00e9s Perlai Zolt\u00e1n k\u00e9pvisel\u0151k szem\u00e9lyesn l\u00e1togattak el a 18. ker\u00fcleti telepre, ahol \u00e9veken kereszt\u00fcl  zajlott az \u00f3ri\u00e1si mennyis\u00e9g\u0171 vesz\u00e9lyes szennyv\u00edziszap lerak\u00e1sa, Wohner Zsolt vezet\u00e9s\u00e9vel, <em>term\u00e9szetesen jogellenesen.<\/em><\/p>\n<p>Mindez 2013-ban l\u00e1tott napvil\u00e1got, tudniilik ebben az \u00e9vben a F\u0151v\u00e1ros adott 300 milli\u00f3 forintot arra, hogy <em>leg\u00e1lisan<\/em> lesz\u00e1ll\u00edtsanak ide \u00e9vente egy nagyobb mennyis\u00e9g\u0171 tiszt\u00edtott szennyv\u00edziszapot. A probl\u00e9ma csak ott kezd\u0151dik, hogy a szennyv\u00edziszapot tiszt\u00edt\u00e1s n\u00e9lk\u00fcl \u00f6nt\u00f6tt\u00e9k bele a g\u00f6dr\u00f6kbe, ami \u00f3ri\u00e1si m\u00e9rt\u00e9k\u0171 k\u00e1rokat okozott. Az olajiszapot r\u00e1\u00f6nt\u00f6tt\u00e9k a talajra, majd alaposan letakart\u00e1k f\u00f6lddel, csak arra valahogy nem sz\u00e1m\u00edtottak, hogy a csapad\u00e9kv\u00edz hat\u00e1s\u00e1ra egy kisebb t\u00f3 fog kialakulni, aminek a felsz\u00edn\u00e9n t\u00f6k\u00e9letesen l\u00e1tszik majd az olaj.<\/p>\n<h3>Ez az ami szennyezi a talajvizet \u00e9s a pestszentimreiek k\u00fatjait egyar\u00e1nt.<\/h3>\n<p>Az \u00fcgyben akkor nyomoz\u00e1s indult, m\u00e1r ugyan eltelt 5-6 \u00e9v, de m\u00e9g csak most lett bel\u0151le v\u00e1demel\u00e9s; az egyik v\u00e1dlott \u00e9rtelemszer\u0171en Wohner Zsolt. Rajta k\u00edv\u00fcl m\u00e9g nyolc ember van a gyan\u00fas\u00edtottak list\u00e1j\u00e1n, k\u00f6z\u00fcl\u00fck m\u00e1r t\u00f6bbet el is \u00edt\u00e9ltek, ami\u00e9rt enged\u00e9ly n\u00e9lk\u00fcl rakt\u00e1k le az olajiszapot.<\/p>\n<h3>H\u00e1nyingertkelt\u0151 p\u00e9ld\u00e1ja ez annak, hogy b\u00e1rmit tehet egy j\u00f3bar\u00e1t, az nemigen fog elv\u00e9rezni. Hi\u00e1ba folyik ellene \u00e9vek \u00f3ta nyomoz\u00e1s, Wohner b\u00fcszk\u00e9n \u00e9s j\u00f3l megfizetve \u00e9li vil\u00e1g\u00e1t.<\/h3>\n<p>A Cs\u00e9ry-telepen gy\u00f3gyszergy\u00e1ri cement \u00e9s k\u00fcl\u00f6nb\u00f6z\u0151 egy\u00e9b talajszennyez\u00e9sek is megtal\u00e1lhat\u00f3ak a f\u00f6ldben, a hivatalos talajvizsg\u00e1latok pedig egy\u00e9rtelm\u0171en kimutatt\u00e1k azt, hogy a talaj \u00e9s a talajv\u00edz is szennyezett. Nikkelt, b\u00f3rt, de m\u00e9g arz\u00e9nt is fedeztek fel a f\u00f6ldben, amik egyt\u0151l egyig szennyez\u0151 \u00e9s r\u00e1kkelt\u0151 anyagok.<\/p>\n<p>Az \u00fcgyben feljelent\u00e9st Szaniszl\u00f3 S\u00e1ndor ellenz\u00e9ki XVIII. ker\u00fcleti polg\u00e1rmesterjel\u00f6lt tett, aki csapat\u00e1val egy\u00fctt szint\u00e9n ell\u00e1togatott a Cs\u00e9ry-telepre \u00e9s meg\u00f6r\u00f6k\u00edtette az eg\u00e9sz folyamatot, amin j\u00f3l l\u00e1tsz\u00f3dott, hogy szippant\u00f3aut\u00f3k seg\u00edts\u00e9g\u00e9vel bor\u00edtj\u00e1k a g\u00f6dr\u00f6kbe a szennyv\u00edziszapot, majd betakarj\u00e1k f\u00f6lddel, hogy megt\u00e9vessz\u00e9k a n\u00e9pet.<\/p>\n<h3>Nem hagyj\u00e1k annyiban!<\/h3>\n<p>A Havasi G\u00e1bor Facebook-oldal\u00e1n nemr\u00e9giben k\u00f6zz\u00e9tett vide\u00f3val szerett\u00e9k volna megmutatni a ker\u00fcletben \u00e9l\u0151knek, hogy Wohner Zsolt milyen \u00e1llapotokat hagyott maga ut\u00e1n egy f\u0151v\u00e1rosi c\u00e9g vezet\u0151jek\u00e9nt, \u00e9s a folytat\u00e1sban azt tervezik, hogy a XXII. ker\u00fcletben szint\u00e9n szeml\u00e9ltetni fogj\u00e1k Karsay h\u0171 szolg\u00e1j\u00e1nak piszkos kis \u00fczelmeit.<\/p>\n<p><!--noindex--><br \/>\n<a href=\"https:\/\/hirek.oldal.info\/rssclick\/14422751\" rel=\"nofollow\">Source link <\/a><br \/>\n<!--\/noindex--><\/p>\n","protected":false},"excerpt":{"rendered":"<p>M\u00e9g 2013-ban buktatta le Szaniszl\u00f3 S\u00e1ndor, az ellenz\u00e9k k\u00f6z\u00f6s XVIII. ker\u00fcleti polg\u00e1rmester-jel\u00f6ltje, hogy a F\u0151v\u00e1rosi Telep\u00fcl\u00e9stisztas\u00e1gi \u00e9s K\u00f6rnyezetv\u00e9delmi Kft. Wohner Zsolttal az \u00e9l\u00e9n illeg\u00e1lisan rakja le vesz\u00e9lyes hullad\u00e9k\u00e1t a Cs\u00e9ry-telepen. Havasi G\u00e1bor, Kassai D\u00e1niel \u00e9s Perlai Zolt\u00e1n k\u00e9pvisel\u0151k szem\u00e9lyesn l\u00e1togattak el a 18. ker\u00fcleti telepre, ahol \u00e9veken kereszt\u00fcl zajlott az \u00f3ri\u00e1si mennyis\u00e9g\u0171 vesz\u00e9lyes szennyv\u00edziszap lerak\u00e1sa, [&hellip;]<\/p>\n","protected":false},"author":2,"featured_media":2523,"comment_status":"open","ping_status":"open","sticky":false,"template":"","format":"standard","meta":{"footnotes":""},"categories":[1],"tags":[],"class_list":["post-2522","post","type-post","status-publish","format-standard","has-post-thumbnail","hentry","category-legujabb-penzugyi-hirek"],"yoast_head":"<!-- This site is optimized with the Yoast SEO plugin v27.4 - https:\/\/yoast.com\/product\/yoast-seo-wordpress\/ -->\n<title>\u00c9veken \u00e1t szennyezt\u00e9k a pestszentimreiek k\u00fatjait - Hot News in World<\/title>\n<meta name=\"robots\" content=\"index, follow, max-snippet:-1, max-image-preview:large, max-video-preview:-1\" \/>\n<link rel=\"canonical\" href=\"https:\/\/hotnewsinworld.com\/hu\/eveken-at-szennyeztek-a-pestszentimreiek-kutjait\/\" \/>\n<meta property=\"og:locale\" content=\"hu_HU\" \/>\n<meta property=\"og:type\" content=\"article\" \/>\n<meta property=\"og:title\" content=\"\u00c9veken \u00e1t szennyezt\u00e9k a pestszentimreiek k\u00fatjait - Hot News in World\" \/>\n<meta property=\"og:description\" content=\"M\u00e9g 2013-ban buktatta le Szaniszl\u00f3 S\u00e1ndor, az ellenz\u00e9k k\u00f6z\u00f6s XVIII. ker\u00fcleti polg\u00e1rmester-jel\u00f6ltje, hogy a F\u0151v\u00e1rosi Telep\u00fcl\u00e9stisztas\u00e1gi \u00e9s K\u00f6rnyezetv\u00e9delmi Kft. Wohner Zsolttal az \u00e9l\u00e9n illeg\u00e1lisan rakja le vesz\u00e9lyes hullad\u00e9k\u00e1t a Cs\u00e9ry-telepen. Havasi G\u00e1bor, Kassai D\u00e1niel \u00e9s Perlai Zolt\u00e1n k\u00e9pvisel\u0151k szem\u00e9lyesn l\u00e1togattak el a 18. ker\u00fcleti telepre, ahol \u00e9veken kereszt\u00fcl zajlott az \u00f3ri\u00e1si mennyis\u00e9g\u0171 vesz\u00e9lyes szennyv\u00edziszap lerak\u00e1sa, [&hellip;]\" \/>\n<meta property=\"og:url\" content=\"https:\/\/hotnewsinworld.com\/hu\/eveken-at-szennyeztek-a-pestszentimreiek-kutjait\/\" \/>\n<meta property=\"og:site_name\" content=\"Hot News in World\" \/>\n<meta property=\"article:published_time\" content=\"2019-09-24T10:42:12+00:00\" \/>\n<meta property=\"article:modified_time\" content=\"2020-02-28T14:00:39+00:00\" \/>\n<meta property=\"og:image\" content=\"https:\/\/hotnewsinworld.com\/hu\/wp-content\/uploads\/sites\/3\/2019\/09\/\u00c9veken-\u00e1t-szennyezt\u00e9k-a-pestszentimreiek-k\u00fatjait.jpg\" \/>\n\t<meta property=\"og:image:width\" content=\"1200\" \/>\n\t<meta property=\"og:image:height\" content=\"675\" \/>\n\t<meta property=\"og:image:type\" content=\"image\/jpeg\" \/>\n<meta name=\"author\" content=\"hotnewsinworld\" \/>\n<meta name=\"twitter:card\" content=\"summary_large_image\" \/>\n<meta name=\"twitter:label1\" content=\"Szerz\u0151:\" \/>\n\t<meta name=\"twitter:data1\" content=\"hotnewsinworld\" \/>\n\t<meta name=\"twitter:label2\" content=\"Becs\u00fclt olvas\u00e1si id\u0151\" \/>\n\t<meta name=\"twitter:data2\" content=\"3 perc\" \/>\n<script type=\"application\/ld+json\" class=\"yoast-schema-graph\">{\"@context\":\"https:\\\/\\\/schema.org\",\"@graph\":[{\"@type\":\"Article\",\"@id\":\"https:\\\/\\\/hotnewsinworld.com\\\/hu\\\/eveken-at-szennyeztek-a-pestszentimreiek-kutjait\\\/#article\",\"isPartOf\":{\"@id\":\"https:\\\/\\\/hotnewsinworld.com\\\/hu\\\/eveken-at-szennyeztek-a-pestszentimreiek-kutjait\\\/\"},\"author\":{\"name\":\"hotnewsinworld\",\"@id\":\"https:\\\/\\\/hotnewsinworld.com\\\/hu\\\/#\\\/schema\\\/person\\\/fe61448b21c0d59086e75fcc1f9d8f6b\"},\"headline\":\"\u00c9veken \u00e1t szennyezt\u00e9k a pestszentimreiek k\u00fatjait\",\"datePublished\":\"2019-09-24T10:42:12+00:00\",\"dateModified\":\"2020-02-28T14:00:39+00:00\",\"mainEntityOfPage\":{\"@id\":\"https:\\\/\\\/hotnewsinworld.com\\\/hu\\\/eveken-at-szennyeztek-a-pestszentimreiek-kutjait\\\/\"},\"wordCount\":554,\"commentCount\":0,\"image\":{\"@id\":\"https:\\\/\\\/hotnewsinworld.com\\\/hu\\\/eveken-at-szennyeztek-a-pestszentimreiek-kutjait\\\/#primaryimage\"},\"thumbnailUrl\":\"https:\\\/\\\/hotnewsinworld.com\\\/hu\\\/wp-content\\\/uploads\\\/sites\\\/3\\\/2019\\\/09\\\/\u00c9veken-\u00e1t-szennyezt\u00e9k-a-pestszentimreiek-k\u00fatjait.jpg\",\"articleSection\":[\"LEG\u00daJABB P\u00c9NZ\u00dcGYI H\u00cdREK\"],\"inLanguage\":\"hu\",\"potentialAction\":[{\"@type\":\"CommentAction\",\"name\":\"Comment\",\"target\":[\"https:\\\/\\\/hotnewsinworld.com\\\/hu\\\/eveken-at-szennyeztek-a-pestszentimreiek-kutjait\\\/#respond\"]}]},{\"@type\":\"WebPage\",\"@id\":\"https:\\\/\\\/hotnewsinworld.com\\\/hu\\\/eveken-at-szennyeztek-a-pestszentimreiek-kutjait\\\/\",\"url\":\"https:\\\/\\\/hotnewsinworld.com\\\/hu\\\/eveken-at-szennyeztek-a-pestszentimreiek-kutjait\\\/\",\"name\":\"\u00c9veken \u00e1t szennyezt\u00e9k a pestszentimreiek k\u00fatjait - Hot News in World\",\"isPartOf\":{\"@id\":\"https:\\\/\\\/hotnewsinworld.com\\\/hu\\\/#website\"},\"primaryImageOfPage\":{\"@id\":\"https:\\\/\\\/hotnewsinworld.com\\\/hu\\\/eveken-at-szennyeztek-a-pestszentimreiek-kutjait\\\/#primaryimage\"},\"image\":{\"@id\":\"https:\\\/\\\/hotnewsinworld.com\\\/hu\\\/eveken-at-szennyeztek-a-pestszentimreiek-kutjait\\\/#primaryimage\"},\"thumbnailUrl\":\"https:\\\/\\\/hotnewsinworld.com\\\/hu\\\/wp-content\\\/uploads\\\/sites\\\/3\\\/2019\\\/09\\\/\u00c9veken-\u00e1t-szennyezt\u00e9k-a-pestszentimreiek-k\u00fatjait.jpg\",\"datePublished\":\"2019-09-24T10:42:12+00:00\",\"dateModified\":\"2020-02-28T14:00:39+00:00\",\"author\":{\"@id\":\"https:\\\/\\\/hotnewsinworld.com\\\/hu\\\/#\\\/schema\\\/person\\\/fe61448b21c0d59086e75fcc1f9d8f6b\"},\"breadcrumb\":{\"@id\":\"https:\\\/\\\/hotnewsinworld.com\\\/hu\\\/eveken-at-szennyeztek-a-pestszentimreiek-kutjait\\\/#breadcrumb\"},\"inLanguage\":\"hu\",\"potentialAction\":[{\"@type\":\"ReadAction\",\"target\":[\"https:\\\/\\\/hotnewsinworld.com\\\/hu\\\/eveken-at-szennyeztek-a-pestszentimreiek-kutjait\\\/\"]}]},{\"@type\":\"ImageObject\",\"inLanguage\":\"hu\",\"@id\":\"https:\\\/\\\/hotnewsinworld.com\\\/hu\\\/eveken-at-szennyeztek-a-pestszentimreiek-kutjait\\\/#primaryimage\",\"url\":\"https:\\\/\\\/hotnewsinworld.com\\\/hu\\\/wp-content\\\/uploads\\\/sites\\\/3\\\/2019\\\/09\\\/\u00c9veken-\u00e1t-szennyezt\u00e9k-a-pestszentimreiek-k\u00fatjait.jpg\",\"contentUrl\":\"https:\\\/\\\/hotnewsinworld.com\\\/hu\\\/wp-content\\\/uploads\\\/sites\\\/3\\\/2019\\\/09\\\/\u00c9veken-\u00e1t-szennyezt\u00e9k-a-pestszentimreiek-k\u00fatjait.jpg\",\"width\":1200,\"height\":675,\"caption\":\"\u00c9veken \u00e1t szennyezt\u00e9k a pestszentimreiek k\u00fatjait\"},{\"@type\":\"BreadcrumbList\",\"@id\":\"https:\\\/\\\/hotnewsinworld.com\\\/hu\\\/eveken-at-szennyeztek-a-pestszentimreiek-kutjait\\\/#breadcrumb\",\"itemListElement\":[{\"@type\":\"ListItem\",\"position\":1,\"name\":\"\u0413\u043b\u0430\u0432\u043d\u0430\u044f \u0441\u0442\u0440\u0430\u043d\u0438\u0446\u0430\",\"item\":\"https:\\\/\\\/hotnewsinworld.com\\\/hu\\\/\"},{\"@type\":\"ListItem\",\"position\":2,\"name\":\"\u00c9veken \u00e1t szennyezt\u00e9k a pestszentimreiek k\u00fatjait\"}]},{\"@type\":\"WebSite\",\"@id\":\"https:\\\/\\\/hotnewsinworld.com\\\/hu\\\/#website\",\"url\":\"https:\\\/\\\/hotnewsinworld.com\\\/hu\\\/\",\"name\":\"Hot News in World\",\"description\":\"Hot News in World from Hungary\",\"potentialAction\":[{\"@type\":\"SearchAction\",\"target\":{\"@type\":\"EntryPoint\",\"urlTemplate\":\"https:\\\/\\\/hotnewsinworld.com\\\/hu\\\/?s={search_term_string}\"},\"query-input\":{\"@type\":\"PropertyValueSpecification\",\"valueRequired\":true,\"valueName\":\"search_term_string\"}}],\"inLanguage\":\"hu\"},{\"@type\":\"Person\",\"@id\":\"https:\\\/\\\/hotnewsinworld.com\\\/hu\\\/#\\\/schema\\\/person\\\/fe61448b21c0d59086e75fcc1f9d8f6b\",\"name\":\"hotnewsinworld\",\"image\":{\"@type\":\"ImageObject\",\"inLanguage\":\"hu\",\"@id\":\"https:\\\/\\\/secure.gravatar.com\\\/avatar\\\/8a09ac165600ce2e1c38fe593c63928eb1e6e7ba5c5a907d67787c41b3d00c14?s=96&d=mm&r=g\",\"url\":\"https:\\\/\\\/secure.gravatar.com\\\/avatar\\\/8a09ac165600ce2e1c38fe593c63928eb1e6e7ba5c5a907d67787c41b3d00c14?s=96&d=mm&r=g\",\"contentUrl\":\"https:\\\/\\\/secure.gravatar.com\\\/avatar\\\/8a09ac165600ce2e1c38fe593c63928eb1e6e7ba5c5a907d67787c41b3d00c14?s=96&d=mm&r=g\",\"caption\":\"hotnewsinworld\"},\"url\":\"https:\\\/\\\/hotnewsinworld.com\\\/hu\\\/author\\\/pt\\\/\"}]}<\/script>\n<!-- \/ Yoast SEO plugin. -->","yoast_head_json":{"title":"\u00c9veken \u00e1t szennyezt\u00e9k a pestszentimreiek k\u00fatjait - Hot News in World","robots":{"index":"index","follow":"follow","max-snippet":"max-snippet:-1","max-image-preview":"max-image-preview:large","max-video-preview":"max-video-preview:-1"},"canonical":"https:\/\/hotnewsinworld.com\/hu\/eveken-at-szennyeztek-a-pestszentimreiek-kutjait\/","og_locale":"hu_HU","og_type":"article","og_title":"\u00c9veken \u00e1t szennyezt\u00e9k a pestszentimreiek k\u00fatjait - Hot News in World","og_description":"M\u00e9g 2013-ban buktatta le Szaniszl\u00f3 S\u00e1ndor, az ellenz\u00e9k k\u00f6z\u00f6s XVIII. ker\u00fcleti polg\u00e1rmester-jel\u00f6ltje, hogy a F\u0151v\u00e1rosi Telep\u00fcl\u00e9stisztas\u00e1gi \u00e9s K\u00f6rnyezetv\u00e9delmi Kft. Wohner Zsolttal az \u00e9l\u00e9n illeg\u00e1lisan rakja le vesz\u00e9lyes hullad\u00e9k\u00e1t a Cs\u00e9ry-telepen. Havasi G\u00e1bor, Kassai D\u00e1niel \u00e9s Perlai Zolt\u00e1n k\u00e9pvisel\u0151k szem\u00e9lyesn l\u00e1togattak el a 18. ker\u00fcleti telepre, ahol \u00e9veken kereszt\u00fcl zajlott az \u00f3ri\u00e1si mennyis\u00e9g\u0171 vesz\u00e9lyes szennyv\u00edziszap lerak\u00e1sa, [&hellip;]","og_url":"https:\/\/hotnewsinworld.com\/hu\/eveken-at-szennyeztek-a-pestszentimreiek-kutjait\/","og_site_name":"Hot News in World","article_published_time":"2019-09-24T10:42:12+00:00","article_modified_time":"2020-02-28T14:00:39+00:00","og_image":[{"width":1200,"height":675,"url":"https:\/\/hotnewsinworld.com\/hu\/wp-content\/uploads\/sites\/3\/2019\/09\/\u00c9veken-\u00e1t-szennyezt\u00e9k-a-pestszentimreiek-k\u00fatjait.jpg","type":"image\/jpeg"}],"author":"hotnewsinworld","twitter_card":"summary_large_image","twitter_misc":{"Szerz\u0151:":"hotnewsinworld","Becs\u00fclt olvas\u00e1si id\u0151":"3 perc"},"schema":{"@context":"https:\/\/schema.org","@graph":[{"@type":"Article","@id":"https:\/\/hotnewsinworld.com\/hu\/eveken-at-szennyeztek-a-pestszentimreiek-kutjait\/#article","isPartOf":{"@id":"https:\/\/hotnewsinworld.com\/hu\/eveken-at-szennyeztek-a-pestszentimreiek-kutjait\/"},"author":{"name":"hotnewsinworld","@id":"https:\/\/hotnewsinworld.com\/hu\/#\/schema\/person\/fe61448b21c0d59086e75fcc1f9d8f6b"},"headline":"\u00c9veken \u00e1t szennyezt\u00e9k a pestszentimreiek k\u00fatjait","datePublished":"2019-09-24T10:42:12+00:00","dateModified":"2020-02-28T14:00:39+00:00","mainEntityOfPage":{"@id":"https:\/\/hotnewsinworld.com\/hu\/eveken-at-szennyeztek-a-pestszentimreiek-kutjait\/"},"wordCount":554,"commentCount":0,"image":{"@id":"https:\/\/hotnewsinworld.com\/hu\/eveken-at-szennyeztek-a-pestszentimreiek-kutjait\/#primaryimage"},"thumbnailUrl":"https:\/\/hotnewsinworld.com\/hu\/wp-content\/uploads\/sites\/3\/2019\/09\/\u00c9veken-\u00e1t-szennyezt\u00e9k-a-pestszentimreiek-k\u00fatjait.jpg","articleSection":["LEG\u00daJABB P\u00c9NZ\u00dcGYI H\u00cdREK"],"inLanguage":"hu","potentialAction":[{"@type":"CommentAction","name":"Comment","target":["https:\/\/hotnewsinworld.com\/hu\/eveken-at-szennyeztek-a-pestszentimreiek-kutjait\/#respond"]}]},{"@type":"WebPage","@id":"https:\/\/hotnewsinworld.com\/hu\/eveken-at-szennyeztek-a-pestszentimreiek-kutjait\/","url":"https:\/\/hotnewsinworld.com\/hu\/eveken-at-szennyeztek-a-pestszentimreiek-kutjait\/","name":"\u00c9veken \u00e1t szennyezt\u00e9k a pestszentimreiek k\u00fatjait - Hot News in World","isPartOf":{"@id":"https:\/\/hotnewsinworld.com\/hu\/#website"},"primaryImageOfPage":{"@id":"https:\/\/hotnewsinworld.com\/hu\/eveken-at-szennyeztek-a-pestszentimreiek-kutjait\/#primaryimage"},"image":{"@id":"https:\/\/hotnewsinworld.com\/hu\/eveken-at-szennyeztek-a-pestszentimreiek-kutjait\/#primaryimage"},"thumbnailUrl":"https:\/\/hotnewsinworld.com\/hu\/wp-content\/uploads\/sites\/3\/2019\/09\/\u00c9veken-\u00e1t-szennyezt\u00e9k-a-pestszentimreiek-k\u00fatjait.jpg","datePublished":"2019-09-24T10:42:12+00:00","dateModified":"2020-02-28T14:00:39+00:00","author":{"@id":"https:\/\/hotnewsinworld.com\/hu\/#\/schema\/person\/fe61448b21c0d59086e75fcc1f9d8f6b"},"breadcrumb":{"@id":"https:\/\/hotnewsinworld.com\/hu\/eveken-at-szennyeztek-a-pestszentimreiek-kutjait\/#breadcrumb"},"inLanguage":"hu","potentialAction":[{"@type":"ReadAction","target":["https:\/\/hotnewsinworld.com\/hu\/eveken-at-szennyeztek-a-pestszentimreiek-kutjait\/"]}]},{"@type":"ImageObject","inLanguage":"hu","@id":"https:\/\/hotnewsinworld.com\/hu\/eveken-at-szennyeztek-a-pestszentimreiek-kutjait\/#primaryimage","url":"https:\/\/hotnewsinworld.com\/hu\/wp-content\/uploads\/sites\/3\/2019\/09\/\u00c9veken-\u00e1t-szennyezt\u00e9k-a-pestszentimreiek-k\u00fatjait.jpg","contentUrl":"https:\/\/hotnewsinworld.com\/hu\/wp-content\/uploads\/sites\/3\/2019\/09\/\u00c9veken-\u00e1t-szennyezt\u00e9k-a-pestszentimreiek-k\u00fatjait.jpg","width":1200,"height":675,"caption":"\u00c9veken \u00e1t szennyezt\u00e9k a pestszentimreiek k\u00fatjait"},{"@type":"BreadcrumbList","@id":"https:\/\/hotnewsinworld.com\/hu\/eveken-at-szennyeztek-a-pestszentimreiek-kutjait\/#breadcrumb","itemListElement":[{"@type":"ListItem","position":1,"name":"\u0413\u043b\u0430\u0432\u043d\u0430\u044f \u0441\u0442\u0440\u0430\u043d\u0438\u0446\u0430","item":"https:\/\/hotnewsinworld.com\/hu\/"},{"@type":"ListItem","position":2,"name":"\u00c9veken \u00e1t szennyezt\u00e9k a pestszentimreiek k\u00fatjait"}]},{"@type":"WebSite","@id":"https:\/\/hotnewsinworld.com\/hu\/#website","url":"https:\/\/hotnewsinworld.com\/hu\/","name":"Hot News in World","description":"Hot News in World from Hungary","potentialAction":[{"@type":"SearchAction","target":{"@type":"EntryPoint","urlTemplate":"https:\/\/hotnewsinworld.com\/hu\/?s={search_term_string}"},"query-input":{"@type":"PropertyValueSpecification","valueRequired":true,"valueName":"search_term_string"}}],"inLanguage":"hu"},{"@type":"Person","@id":"https:\/\/hotnewsinworld.com\/hu\/#\/schema\/person\/fe61448b21c0d59086e75fcc1f9d8f6b","name":"hotnewsinworld","image":{"@type":"ImageObject","inLanguage":"hu","@id":"https:\/\/secure.gravatar.com\/avatar\/8a09ac165600ce2e1c38fe593c63928eb1e6e7ba5c5a907d67787c41b3d00c14?s=96&d=mm&r=g","url":"https:\/\/secure.gravatar.com\/avatar\/8a09ac165600ce2e1c38fe593c63928eb1e6e7ba5c5a907d67787c41b3d00c14?s=96&d=mm&r=g","contentUrl":"https:\/\/secure.gravatar.com\/avatar\/8a09ac165600ce2e1c38fe593c63928eb1e6e7ba5c5a907d67787c41b3d00c14?s=96&d=mm&r=g","caption":"hotnewsinworld"},"url":"https:\/\/hotnewsinworld.com\/hu\/author\/pt\/"}]}},"_links":{"self":[{"href":"https:\/\/hotnewsinworld.com\/hu\/wp-json\/wp\/v2\/posts\/2522","targetHints":{"allow":["GET"]}}],"collection":[{"href":"https:\/\/hotnewsinworld.com\/hu\/wp-json\/wp\/v2\/posts"}],"about":[{"href":"https:\/\/hotnewsinworld.com\/hu\/wp-json\/wp\/v2\/types\/post"}],"author":[{"embeddable":true,"href":"https:\/\/hotnewsinworld.com\/hu\/wp-json\/wp\/v2\/users\/2"}],"replies":[{"embeddable":true,"href":"https:\/\/hotnewsinworld.com\/hu\/wp-json\/wp\/v2\/comments?post=2522"}],"version-history":[{"count":3,"href":"https:\/\/hotnewsinworld.com\/hu\/wp-json\/wp\/v2\/posts\/2522\/revisions"}],"predecessor-version":[{"id":2535,"href":"https:\/\/hotnewsinworld.com\/hu\/wp-json\/wp\/v2\/posts\/2522\/revisions\/2535"}],"wp:featuredmedia":[{"embeddable":true,"href":"https:\/\/hotnewsinworld.com\/hu\/wp-json\/wp\/v2\/media\/2523"}],"wp:attachment":[{"href":"https:\/\/hotnewsinworld.com\/hu\/wp-json\/wp\/v2\/media?parent=2522"}],"wp:term":[{"taxonomy":"category","embeddable":true,"href":"https:\/\/hotnewsinworld.com\/hu\/wp-json\/wp\/v2\/categories?post=2522"},{"taxonomy":"post_tag","embeddable":true,"href":"https:\/\/hotnewsinworld.com\/hu\/wp-json\/wp\/v2\/tags?post=2522"}],"curies":[{"name":"wp","href":"https:\/\/api.w.org\/{rel}","templated":true}]}}