{"id":2525,"date":"2019-09-24T15:01:07","date_gmt":"2019-09-24T12:01:07","guid":{"rendered":"https:\/\/hotnewsinworld.com\/hu\/tizezer-forintos-utalvanyokat-osztogat-az-idoseknek-a-terezvarosi-fideszes-polgarmester-de-kozben-titkolja-hogy-fideszes\/"},"modified":"2020-03-02T13:26:26","modified_gmt":"2020-03-02T10:26:26","slug":"tizezer-forintos-utalvanyokat-osztogat-az-idoseknek-a-terezvarosi-fideszes-polgarmester-de-kozben-titkolja-hogy-fideszes","status":"publish","type":"post","link":"https:\/\/hotnewsinworld.com\/hu\/tizezer-forintos-utalvanyokat-osztogat-az-idoseknek-a-terezvarosi-fideszes-polgarmester-de-kozben-titkolja-hogy-fideszes\/","title":{"rendered":"T\u00edzezer forintos utalv\u00e1nyokat osztogat az id\u0151seknek a ter\u00e9zv\u00e1rosi fideszes polg\u00e1rmester, de k\u00f6zben titkolja, hogy fideszes"},"content":{"rendered":"<p>A N\u00e9pszava inform\u00e1ci\u00f3i szerint a napokban kezdt\u00e9k el k\u00e9zbes\u00edteni a Ter\u00e9zv\u00e1rosban a v\u00e1laszt\u00e1si aj\u00e1nd\u00e9kokat. A 62. \u00e9let\u00e9v\u00fcket bet\u00f6lt\u00f6tt ker\u00fcleti lakosok az Id\u0151sek Vil\u00e1gnapja alkalm\u00e1b\u00f3l 10 ezer forint \u00f6sszeg\u0171 \u201eterm\u00e9szetbeni t\u00e1mogat\u00e1st\u201d, azaz aj\u00e1nd\u00e9k- \u00e9s bev\u00e1s\u00e1rl\u00f3 utalv\u00e1nyt kapnak. (Micsoda szerencse, hogy az id\u0151sek vil\u00e1gnapja az \u00f6nkorm\u00e1nyzati v\u00e1laszt\u00e1s el\u0151tt van.)<\/p>\n<p>Az utalv\u00e1nyokhoz mell\u00e9kelt lev\u00e9lben Hassay Zs\u00f3fia polg\u00e1rmester r\u00f6gz\u00edti, hogy az \u00f6nkorm\u00e1nyzat vezet\u00e9se kiemelt figyelmet ford\u00edt a ter\u00e9zv\u00e1rosiak minden koroszt\u00e1ly\u00e1nak megbecs\u00fcl\u00e9s\u00e9re, \u00edgy fontosnak tartja a 62. \u00e9let\u00e9v\u00fcket bet\u00f6lt\u00f6tt vagy ann\u00e1l id\u0151sebb, a ker\u00fcletben \u00e9l\u0151 emberek tisztelet\u00e9t \u00e9s t\u00e1mogat\u00e1s\u00e1t is.<\/p>\n<p>Az, hogy a polg\u00e1rmester fideszes, nem szerepel a pap\u00edron. Az ellenz\u00e9k k\u00f6zben azt \u00e1ll\u00edtja, hogy Hassay Zs\u00f3fia vagyonnyilatkozat\u00e1b\u00f3l nem der\u00fcl ki, milyen forr\u00e1sokb\u00f3l tudott \u00e9rt\u00e9kes csal\u00e1di h\u00e1zat v\u00e1s\u00e1rolni Bud\u00e1n, ahol most is lakik.<\/p>\n<p><!--noindex--><br \/>\n<a href=\"https:\/\/hirek.oldal.info\/rssclick\/14423024\" rel=\"nofollow\">Source link <\/a><br \/>\n<!--\/noindex--><\/p>\n","protected":false},"excerpt":{"rendered":"<p>A N\u00e9pszava inform\u00e1ci\u00f3i szerint a napokban kezdt\u00e9k el k\u00e9zbes\u00edteni a Ter\u00e9zv\u00e1rosban a v\u00e1laszt\u00e1si aj\u00e1nd\u00e9kokat. A 62. \u00e9let\u00e9v\u00fcket bet\u00f6lt\u00f6tt ker\u00fcleti lakosok az Id\u0151sek Vil\u00e1gnapja alkalm\u00e1b\u00f3l 10 ezer forint \u00f6sszeg\u0171 \u201eterm\u00e9szetbeni t\u00e1mogat\u00e1st\u201d, azaz aj\u00e1nd\u00e9k- \u00e9s bev\u00e1s\u00e1rl\u00f3 utalv\u00e1nyt kapnak. (Micsoda szerencse, hogy az id\u0151sek vil\u00e1gnapja az \u00f6nkorm\u00e1nyzati v\u00e1laszt\u00e1s el\u0151tt van.) Az utalv\u00e1nyokhoz mell\u00e9kelt lev\u00e9lben Hassay Zs\u00f3fia polg\u00e1rmester r\u00f6gz\u00edti, [&hellip;]<\/p>\n","protected":false},"author":2,"featured_media":2526,"comment_status":"open","ping_status":"open","sticky":false,"template":"","format":"standard","meta":{"footnotes":""},"categories":[1],"tags":[],"class_list":["post-2525","post","type-post","status-publish","format-standard","has-post-thumbnail","hentry","category-legujabb-penzugyi-hirek"],"yoast_head":"<!-- This site is optimized with the Yoast SEO plugin v27.4 - https:\/\/yoast.com\/product\/yoast-seo-wordpress\/ -->\n<title>T\u00edzezer forintos utalv\u00e1nyokat osztogat az id\u0151seknek a ter\u00e9zv\u00e1rosi fideszes polg\u00e1rmester, de k\u00f6zben titkolja, hogy fideszes - Hot News in World<\/title>\n<meta name=\"robots\" content=\"index, follow, max-snippet:-1, max-image-preview:large, max-video-preview:-1\" \/>\n<link rel=\"canonical\" href=\"https:\/\/hotnewsinworld.com\/hu\/tizezer-forintos-utalvanyokat-osztogat-az-idoseknek-a-terezvarosi-fideszes-polgarmester-de-kozben-titkolja-hogy-fideszes\/\" \/>\n<meta property=\"og:locale\" content=\"hu_HU\" \/>\n<meta property=\"og:type\" content=\"article\" \/>\n<meta property=\"og:title\" content=\"T\u00edzezer forintos utalv\u00e1nyokat osztogat az id\u0151seknek a ter\u00e9zv\u00e1rosi fideszes polg\u00e1rmester, de k\u00f6zben titkolja, hogy fideszes - Hot News in World\" \/>\n<meta property=\"og:description\" content=\"A N\u00e9pszava inform\u00e1ci\u00f3i szerint a napokban kezdt\u00e9k el k\u00e9zbes\u00edteni a Ter\u00e9zv\u00e1rosban a v\u00e1laszt\u00e1si aj\u00e1nd\u00e9kokat. A 62. \u00e9let\u00e9v\u00fcket bet\u00f6lt\u00f6tt ker\u00fcleti lakosok az Id\u0151sek Vil\u00e1gnapja alkalm\u00e1b\u00f3l 10 ezer forint \u00f6sszeg\u0171 \u201eterm\u00e9szetbeni t\u00e1mogat\u00e1st\u201d, azaz aj\u00e1nd\u00e9k- \u00e9s bev\u00e1s\u00e1rl\u00f3 utalv\u00e1nyt kapnak. (Micsoda szerencse, hogy az id\u0151sek vil\u00e1gnapja az \u00f6nkorm\u00e1nyzati v\u00e1laszt\u00e1s el\u0151tt van.) Az utalv\u00e1nyokhoz mell\u00e9kelt lev\u00e9lben Hassay Zs\u00f3fia polg\u00e1rmester r\u00f6gz\u00edti, [&hellip;]\" \/>\n<meta property=\"og:url\" content=\"https:\/\/hotnewsinworld.com\/hu\/tizezer-forintos-utalvanyokat-osztogat-az-idoseknek-a-terezvarosi-fideszes-polgarmester-de-kozben-titkolja-hogy-fideszes\/\" \/>\n<meta property=\"og:site_name\" content=\"Hot News in World\" \/>\n<meta property=\"article:published_time\" content=\"2019-09-24T12:01:07+00:00\" \/>\n<meta property=\"article:modified_time\" content=\"2020-03-02T10:26:26+00:00\" \/>\n<meta property=\"og:image\" content=\"https:\/\/hotnewsinworld.com\/hu\/wp-content\/uploads\/sites\/3\/2019\/09\/T\u00edzezer-forintos-utalv\u00e1nyokat-osztogat-az-id\u0151seknek-a-ter\u00e9zv\u00e1rosi-fideszes-polg\u00e1rmester.jpg\" \/>\n\t<meta property=\"og:image:width\" content=\"1728\" \/>\n\t<meta property=\"og:image:height\" content=\"1194\" \/>\n\t<meta property=\"og:image:type\" content=\"image\/jpeg\" \/>\n<meta name=\"author\" content=\"hotnewsinworld\" \/>\n<meta name=\"twitter:card\" content=\"summary_large_image\" \/>\n<meta name=\"twitter:label1\" content=\"Szerz\u0151:\" \/>\n\t<meta name=\"twitter:data1\" content=\"hotnewsinworld\" \/>\n\t<meta name=\"twitter:label2\" content=\"Becs\u00fclt olvas\u00e1si id\u0151\" \/>\n\t<meta name=\"twitter:data2\" content=\"1 perc\" \/>\n<script type=\"application\/ld+json\" class=\"yoast-schema-graph\">{\"@context\":\"https:\\\/\\\/schema.org\",\"@graph\":[{\"@type\":\"Article\",\"@id\":\"https:\\\/\\\/hotnewsinworld.com\\\/hu\\\/tizezer-forintos-utalvanyokat-osztogat-az-idoseknek-a-terezvarosi-fideszes-polgarmester-de-kozben-titkolja-hogy-fideszes\\\/#article\",\"isPartOf\":{\"@id\":\"https:\\\/\\\/hotnewsinworld.com\\\/hu\\\/tizezer-forintos-utalvanyokat-osztogat-az-idoseknek-a-terezvarosi-fideszes-polgarmester-de-kozben-titkolja-hogy-fideszes\\\/\"},\"author\":{\"name\":\"hotnewsinworld\",\"@id\":\"https:\\\/\\\/hotnewsinworld.com\\\/hu\\\/#\\\/schema\\\/person\\\/fe61448b21c0d59086e75fcc1f9d8f6b\"},\"headline\":\"T\u00edzezer forintos utalv\u00e1nyokat osztogat az id\u0151seknek a ter\u00e9zv\u00e1rosi fideszes polg\u00e1rmester, de k\u00f6zben titkolja, hogy fideszes\",\"datePublished\":\"2019-09-24T12:01:07+00:00\",\"dateModified\":\"2020-03-02T10:26:26+00:00\",\"mainEntityOfPage\":{\"@id\":\"https:\\\/\\\/hotnewsinworld.com\\\/hu\\\/tizezer-forintos-utalvanyokat-osztogat-az-idoseknek-a-terezvarosi-fideszes-polgarmester-de-kozben-titkolja-hogy-fideszes\\\/\"},\"wordCount\":219,\"commentCount\":0,\"image\":{\"@id\":\"https:\\\/\\\/hotnewsinworld.com\\\/hu\\\/tizezer-forintos-utalvanyokat-osztogat-az-idoseknek-a-terezvarosi-fideszes-polgarmester-de-kozben-titkolja-hogy-fideszes\\\/#primaryimage\"},\"thumbnailUrl\":\"https:\\\/\\\/hotnewsinworld.com\\\/hu\\\/wp-content\\\/uploads\\\/sites\\\/3\\\/2019\\\/09\\\/T\u00edzezer-forintos-utalv\u00e1nyokat-osztogat-az-id\u0151seknek-a-ter\u00e9zv\u00e1rosi-fideszes-polg\u00e1rmester.jpg\",\"articleSection\":[\"LEG\u00daJABB P\u00c9NZ\u00dcGYI H\u00cdREK\"],\"inLanguage\":\"hu\",\"potentialAction\":[{\"@type\":\"CommentAction\",\"name\":\"Comment\",\"target\":[\"https:\\\/\\\/hotnewsinworld.com\\\/hu\\\/tizezer-forintos-utalvanyokat-osztogat-az-idoseknek-a-terezvarosi-fideszes-polgarmester-de-kozben-titkolja-hogy-fideszes\\\/#respond\"]}]},{\"@type\":\"WebPage\",\"@id\":\"https:\\\/\\\/hotnewsinworld.com\\\/hu\\\/tizezer-forintos-utalvanyokat-osztogat-az-idoseknek-a-terezvarosi-fideszes-polgarmester-de-kozben-titkolja-hogy-fideszes\\\/\",\"url\":\"https:\\\/\\\/hotnewsinworld.com\\\/hu\\\/tizezer-forintos-utalvanyokat-osztogat-az-idoseknek-a-terezvarosi-fideszes-polgarmester-de-kozben-titkolja-hogy-fideszes\\\/\",\"name\":\"T\u00edzezer forintos utalv\u00e1nyokat osztogat az id\u0151seknek a ter\u00e9zv\u00e1rosi fideszes polg\u00e1rmester, de k\u00f6zben titkolja, hogy fideszes - Hot News in World\",\"isPartOf\":{\"@id\":\"https:\\\/\\\/hotnewsinworld.com\\\/hu\\\/#website\"},\"primaryImageOfPage\":{\"@id\":\"https:\\\/\\\/hotnewsinworld.com\\\/hu\\\/tizezer-forintos-utalvanyokat-osztogat-az-idoseknek-a-terezvarosi-fideszes-polgarmester-de-kozben-titkolja-hogy-fideszes\\\/#primaryimage\"},\"image\":{\"@id\":\"https:\\\/\\\/hotnewsinworld.com\\\/hu\\\/tizezer-forintos-utalvanyokat-osztogat-az-idoseknek-a-terezvarosi-fideszes-polgarmester-de-kozben-titkolja-hogy-fideszes\\\/#primaryimage\"},\"thumbnailUrl\":\"https:\\\/\\\/hotnewsinworld.com\\\/hu\\\/wp-content\\\/uploads\\\/sites\\\/3\\\/2019\\\/09\\\/T\u00edzezer-forintos-utalv\u00e1nyokat-osztogat-az-id\u0151seknek-a-ter\u00e9zv\u00e1rosi-fideszes-polg\u00e1rmester.jpg\",\"datePublished\":\"2019-09-24T12:01:07+00:00\",\"dateModified\":\"2020-03-02T10:26:26+00:00\",\"author\":{\"@id\":\"https:\\\/\\\/hotnewsinworld.com\\\/hu\\\/#\\\/schema\\\/person\\\/fe61448b21c0d59086e75fcc1f9d8f6b\"},\"breadcrumb\":{\"@id\":\"https:\\\/\\\/hotnewsinworld.com\\\/hu\\\/tizezer-forintos-utalvanyokat-osztogat-az-idoseknek-a-terezvarosi-fideszes-polgarmester-de-kozben-titkolja-hogy-fideszes\\\/#breadcrumb\"},\"inLanguage\":\"hu\",\"potentialAction\":[{\"@type\":\"ReadAction\",\"target\":[\"https:\\\/\\\/hotnewsinworld.com\\\/hu\\\/tizezer-forintos-utalvanyokat-osztogat-az-idoseknek-a-terezvarosi-fideszes-polgarmester-de-kozben-titkolja-hogy-fideszes\\\/\"]}]},{\"@type\":\"ImageObject\",\"inLanguage\":\"hu\",\"@id\":\"https:\\\/\\\/hotnewsinworld.com\\\/hu\\\/tizezer-forintos-utalvanyokat-osztogat-az-idoseknek-a-terezvarosi-fideszes-polgarmester-de-kozben-titkolja-hogy-fideszes\\\/#primaryimage\",\"url\":\"https:\\\/\\\/hotnewsinworld.com\\\/hu\\\/wp-content\\\/uploads\\\/sites\\\/3\\\/2019\\\/09\\\/T\u00edzezer-forintos-utalv\u00e1nyokat-osztogat-az-id\u0151seknek-a-ter\u00e9zv\u00e1rosi-fideszes-polg\u00e1rmester.jpg\",\"contentUrl\":\"https:\\\/\\\/hotnewsinworld.com\\\/hu\\\/wp-content\\\/uploads\\\/sites\\\/3\\\/2019\\\/09\\\/T\u00edzezer-forintos-utalv\u00e1nyokat-osztogat-az-id\u0151seknek-a-ter\u00e9zv\u00e1rosi-fideszes-polg\u00e1rmester.jpg\",\"width\":1728,\"height\":1194,\"caption\":\"T\u00edzezer forintos utalv\u00e1nyokat osztogat az id\u0151seknek a ter\u00e9zv\u00e1rosi fideszes polg\u00e1rmester, de k\u00f6zben titkolja, hogy fideszes\"},{\"@type\":\"BreadcrumbList\",\"@id\":\"https:\\\/\\\/hotnewsinworld.com\\\/hu\\\/tizezer-forintos-utalvanyokat-osztogat-az-idoseknek-a-terezvarosi-fideszes-polgarmester-de-kozben-titkolja-hogy-fideszes\\\/#breadcrumb\",\"itemListElement\":[{\"@type\":\"ListItem\",\"position\":1,\"name\":\"\u0413\u043b\u0430\u0432\u043d\u0430\u044f \u0441\u0442\u0440\u0430\u043d\u0438\u0446\u0430\",\"item\":\"https:\\\/\\\/hotnewsinworld.com\\\/hu\\\/\"},{\"@type\":\"ListItem\",\"position\":2,\"name\":\"T\u00edzezer forintos utalv\u00e1nyokat osztogat az id\u0151seknek a ter\u00e9zv\u00e1rosi fideszes polg\u00e1rmester, de k\u00f6zben titkolja, hogy fideszes\"}]},{\"@type\":\"WebSite\",\"@id\":\"https:\\\/\\\/hotnewsinworld.com\\\/hu\\\/#website\",\"url\":\"https:\\\/\\\/hotnewsinworld.com\\\/hu\\\/\",\"name\":\"Hot News in World\",\"description\":\"Hot News in World from Hungary\",\"potentialAction\":[{\"@type\":\"SearchAction\",\"target\":{\"@type\":\"EntryPoint\",\"urlTemplate\":\"https:\\\/\\\/hotnewsinworld.com\\\/hu\\\/?s={search_term_string}\"},\"query-input\":{\"@type\":\"PropertyValueSpecification\",\"valueRequired\":true,\"valueName\":\"search_term_string\"}}],\"inLanguage\":\"hu\"},{\"@type\":\"Person\",\"@id\":\"https:\\\/\\\/hotnewsinworld.com\\\/hu\\\/#\\\/schema\\\/person\\\/fe61448b21c0d59086e75fcc1f9d8f6b\",\"name\":\"hotnewsinworld\",\"image\":{\"@type\":\"ImageObject\",\"inLanguage\":\"hu\",\"@id\":\"https:\\\/\\\/secure.gravatar.com\\\/avatar\\\/8a09ac165600ce2e1c38fe593c63928eb1e6e7ba5c5a907d67787c41b3d00c14?s=96&d=mm&r=g\",\"url\":\"https:\\\/\\\/secure.gravatar.com\\\/avatar\\\/8a09ac165600ce2e1c38fe593c63928eb1e6e7ba5c5a907d67787c41b3d00c14?s=96&d=mm&r=g\",\"contentUrl\":\"https:\\\/\\\/secure.gravatar.com\\\/avatar\\\/8a09ac165600ce2e1c38fe593c63928eb1e6e7ba5c5a907d67787c41b3d00c14?s=96&d=mm&r=g\",\"caption\":\"hotnewsinworld\"},\"url\":\"https:\\\/\\\/hotnewsinworld.com\\\/hu\\\/author\\\/pt\\\/\"}]}<\/script>\n<!-- \/ Yoast SEO plugin. -->","yoast_head_json":{"title":"T\u00edzezer forintos utalv\u00e1nyokat osztogat az id\u0151seknek a ter\u00e9zv\u00e1rosi fideszes polg\u00e1rmester, de k\u00f6zben titkolja, hogy fideszes - Hot News in World","robots":{"index":"index","follow":"follow","max-snippet":"max-snippet:-1","max-image-preview":"max-image-preview:large","max-video-preview":"max-video-preview:-1"},"canonical":"https:\/\/hotnewsinworld.com\/hu\/tizezer-forintos-utalvanyokat-osztogat-az-idoseknek-a-terezvarosi-fideszes-polgarmester-de-kozben-titkolja-hogy-fideszes\/","og_locale":"hu_HU","og_type":"article","og_title":"T\u00edzezer forintos utalv\u00e1nyokat osztogat az id\u0151seknek a ter\u00e9zv\u00e1rosi fideszes polg\u00e1rmester, de k\u00f6zben titkolja, hogy fideszes - Hot News in World","og_description":"A N\u00e9pszava inform\u00e1ci\u00f3i szerint a napokban kezdt\u00e9k el k\u00e9zbes\u00edteni a Ter\u00e9zv\u00e1rosban a v\u00e1laszt\u00e1si aj\u00e1nd\u00e9kokat. A 62. \u00e9let\u00e9v\u00fcket bet\u00f6lt\u00f6tt ker\u00fcleti lakosok az Id\u0151sek Vil\u00e1gnapja alkalm\u00e1b\u00f3l 10 ezer forint \u00f6sszeg\u0171 \u201eterm\u00e9szetbeni t\u00e1mogat\u00e1st\u201d, azaz aj\u00e1nd\u00e9k- \u00e9s bev\u00e1s\u00e1rl\u00f3 utalv\u00e1nyt kapnak. (Micsoda szerencse, hogy az id\u0151sek vil\u00e1gnapja az \u00f6nkorm\u00e1nyzati v\u00e1laszt\u00e1s el\u0151tt van.) Az utalv\u00e1nyokhoz mell\u00e9kelt lev\u00e9lben Hassay Zs\u00f3fia polg\u00e1rmester r\u00f6gz\u00edti, [&hellip;]","og_url":"https:\/\/hotnewsinworld.com\/hu\/tizezer-forintos-utalvanyokat-osztogat-az-idoseknek-a-terezvarosi-fideszes-polgarmester-de-kozben-titkolja-hogy-fideszes\/","og_site_name":"Hot News in World","article_published_time":"2019-09-24T12:01:07+00:00","article_modified_time":"2020-03-02T10:26:26+00:00","og_image":[{"width":1728,"height":1194,"url":"https:\/\/hotnewsinworld.com\/hu\/wp-content\/uploads\/sites\/3\/2019\/09\/T\u00edzezer-forintos-utalv\u00e1nyokat-osztogat-az-id\u0151seknek-a-ter\u00e9zv\u00e1rosi-fideszes-polg\u00e1rmester.jpg","type":"image\/jpeg"}],"author":"hotnewsinworld","twitter_card":"summary_large_image","twitter_misc":{"Szerz\u0151:":"hotnewsinworld","Becs\u00fclt olvas\u00e1si id\u0151":"1 perc"},"schema":{"@context":"https:\/\/schema.org","@graph":[{"@type":"Article","@id":"https:\/\/hotnewsinworld.com\/hu\/tizezer-forintos-utalvanyokat-osztogat-az-idoseknek-a-terezvarosi-fideszes-polgarmester-de-kozben-titkolja-hogy-fideszes\/#article","isPartOf":{"@id":"https:\/\/hotnewsinworld.com\/hu\/tizezer-forintos-utalvanyokat-osztogat-az-idoseknek-a-terezvarosi-fideszes-polgarmester-de-kozben-titkolja-hogy-fideszes\/"},"author":{"name":"hotnewsinworld","@id":"https:\/\/hotnewsinworld.com\/hu\/#\/schema\/person\/fe61448b21c0d59086e75fcc1f9d8f6b"},"headline":"T\u00edzezer forintos utalv\u00e1nyokat osztogat az id\u0151seknek a ter\u00e9zv\u00e1rosi fideszes polg\u00e1rmester, de k\u00f6zben titkolja, hogy fideszes","datePublished":"2019-09-24T12:01:07+00:00","dateModified":"2020-03-02T10:26:26+00:00","mainEntityOfPage":{"@id":"https:\/\/hotnewsinworld.com\/hu\/tizezer-forintos-utalvanyokat-osztogat-az-idoseknek-a-terezvarosi-fideszes-polgarmester-de-kozben-titkolja-hogy-fideszes\/"},"wordCount":219,"commentCount":0,"image":{"@id":"https:\/\/hotnewsinworld.com\/hu\/tizezer-forintos-utalvanyokat-osztogat-az-idoseknek-a-terezvarosi-fideszes-polgarmester-de-kozben-titkolja-hogy-fideszes\/#primaryimage"},"thumbnailUrl":"https:\/\/hotnewsinworld.com\/hu\/wp-content\/uploads\/sites\/3\/2019\/09\/T\u00edzezer-forintos-utalv\u00e1nyokat-osztogat-az-id\u0151seknek-a-ter\u00e9zv\u00e1rosi-fideszes-polg\u00e1rmester.jpg","articleSection":["LEG\u00daJABB P\u00c9NZ\u00dcGYI H\u00cdREK"],"inLanguage":"hu","potentialAction":[{"@type":"CommentAction","name":"Comment","target":["https:\/\/hotnewsinworld.com\/hu\/tizezer-forintos-utalvanyokat-osztogat-az-idoseknek-a-terezvarosi-fideszes-polgarmester-de-kozben-titkolja-hogy-fideszes\/#respond"]}]},{"@type":"WebPage","@id":"https:\/\/hotnewsinworld.com\/hu\/tizezer-forintos-utalvanyokat-osztogat-az-idoseknek-a-terezvarosi-fideszes-polgarmester-de-kozben-titkolja-hogy-fideszes\/","url":"https:\/\/hotnewsinworld.com\/hu\/tizezer-forintos-utalvanyokat-osztogat-az-idoseknek-a-terezvarosi-fideszes-polgarmester-de-kozben-titkolja-hogy-fideszes\/","name":"T\u00edzezer forintos utalv\u00e1nyokat osztogat az id\u0151seknek a ter\u00e9zv\u00e1rosi fideszes polg\u00e1rmester, de k\u00f6zben titkolja, hogy fideszes - Hot News in World","isPartOf":{"@id":"https:\/\/hotnewsinworld.com\/hu\/#website"},"primaryImageOfPage":{"@id":"https:\/\/hotnewsinworld.com\/hu\/tizezer-forintos-utalvanyokat-osztogat-az-idoseknek-a-terezvarosi-fideszes-polgarmester-de-kozben-titkolja-hogy-fideszes\/#primaryimage"},"image":{"@id":"https:\/\/hotnewsinworld.com\/hu\/tizezer-forintos-utalvanyokat-osztogat-az-idoseknek-a-terezvarosi-fideszes-polgarmester-de-kozben-titkolja-hogy-fideszes\/#primaryimage"},"thumbnailUrl":"https:\/\/hotnewsinworld.com\/hu\/wp-content\/uploads\/sites\/3\/2019\/09\/T\u00edzezer-forintos-utalv\u00e1nyokat-osztogat-az-id\u0151seknek-a-ter\u00e9zv\u00e1rosi-fideszes-polg\u00e1rmester.jpg","datePublished":"2019-09-24T12:01:07+00:00","dateModified":"2020-03-02T10:26:26+00:00","author":{"@id":"https:\/\/hotnewsinworld.com\/hu\/#\/schema\/person\/fe61448b21c0d59086e75fcc1f9d8f6b"},"breadcrumb":{"@id":"https:\/\/hotnewsinworld.com\/hu\/tizezer-forintos-utalvanyokat-osztogat-az-idoseknek-a-terezvarosi-fideszes-polgarmester-de-kozben-titkolja-hogy-fideszes\/#breadcrumb"},"inLanguage":"hu","potentialAction":[{"@type":"ReadAction","target":["https:\/\/hotnewsinworld.com\/hu\/tizezer-forintos-utalvanyokat-osztogat-az-idoseknek-a-terezvarosi-fideszes-polgarmester-de-kozben-titkolja-hogy-fideszes\/"]}]},{"@type":"ImageObject","inLanguage":"hu","@id":"https:\/\/hotnewsinworld.com\/hu\/tizezer-forintos-utalvanyokat-osztogat-az-idoseknek-a-terezvarosi-fideszes-polgarmester-de-kozben-titkolja-hogy-fideszes\/#primaryimage","url":"https:\/\/hotnewsinworld.com\/hu\/wp-content\/uploads\/sites\/3\/2019\/09\/T\u00edzezer-forintos-utalv\u00e1nyokat-osztogat-az-id\u0151seknek-a-ter\u00e9zv\u00e1rosi-fideszes-polg\u00e1rmester.jpg","contentUrl":"https:\/\/hotnewsinworld.com\/hu\/wp-content\/uploads\/sites\/3\/2019\/09\/T\u00edzezer-forintos-utalv\u00e1nyokat-osztogat-az-id\u0151seknek-a-ter\u00e9zv\u00e1rosi-fideszes-polg\u00e1rmester.jpg","width":1728,"height":1194,"caption":"T\u00edzezer forintos utalv\u00e1nyokat osztogat az id\u0151seknek a ter\u00e9zv\u00e1rosi fideszes polg\u00e1rmester, de k\u00f6zben titkolja, hogy fideszes"},{"@type":"BreadcrumbList","@id":"https:\/\/hotnewsinworld.com\/hu\/tizezer-forintos-utalvanyokat-osztogat-az-idoseknek-a-terezvarosi-fideszes-polgarmester-de-kozben-titkolja-hogy-fideszes\/#breadcrumb","itemListElement":[{"@type":"ListItem","position":1,"name":"\u0413\u043b\u0430\u0432\u043d\u0430\u044f \u0441\u0442\u0440\u0430\u043d\u0438\u0446\u0430","item":"https:\/\/hotnewsinworld.com\/hu\/"},{"@type":"ListItem","position":2,"name":"T\u00edzezer forintos utalv\u00e1nyokat osztogat az id\u0151seknek a ter\u00e9zv\u00e1rosi fideszes polg\u00e1rmester, de k\u00f6zben titkolja, hogy fideszes"}]},{"@type":"WebSite","@id":"https:\/\/hotnewsinworld.com\/hu\/#website","url":"https:\/\/hotnewsinworld.com\/hu\/","name":"Hot News in World","description":"Hot News in World from Hungary","potentialAction":[{"@type":"SearchAction","target":{"@type":"EntryPoint","urlTemplate":"https:\/\/hotnewsinworld.com\/hu\/?s={search_term_string}"},"query-input":{"@type":"PropertyValueSpecification","valueRequired":true,"valueName":"search_term_string"}}],"inLanguage":"hu"},{"@type":"Person","@id":"https:\/\/hotnewsinworld.com\/hu\/#\/schema\/person\/fe61448b21c0d59086e75fcc1f9d8f6b","name":"hotnewsinworld","image":{"@type":"ImageObject","inLanguage":"hu","@id":"https:\/\/secure.gravatar.com\/avatar\/8a09ac165600ce2e1c38fe593c63928eb1e6e7ba5c5a907d67787c41b3d00c14?s=96&d=mm&r=g","url":"https:\/\/secure.gravatar.com\/avatar\/8a09ac165600ce2e1c38fe593c63928eb1e6e7ba5c5a907d67787c41b3d00c14?s=96&d=mm&r=g","contentUrl":"https:\/\/secure.gravatar.com\/avatar\/8a09ac165600ce2e1c38fe593c63928eb1e6e7ba5c5a907d67787c41b3d00c14?s=96&d=mm&r=g","caption":"hotnewsinworld"},"url":"https:\/\/hotnewsinworld.com\/hu\/author\/pt\/"}]}},"_links":{"self":[{"href":"https:\/\/hotnewsinworld.com\/hu\/wp-json\/wp\/v2\/posts\/2525","targetHints":{"allow":["GET"]}}],"collection":[{"href":"https:\/\/hotnewsinworld.com\/hu\/wp-json\/wp\/v2\/posts"}],"about":[{"href":"https:\/\/hotnewsinworld.com\/hu\/wp-json\/wp\/v2\/types\/post"}],"author":[{"embeddable":true,"href":"https:\/\/hotnewsinworld.com\/hu\/wp-json\/wp\/v2\/users\/2"}],"replies":[{"embeddable":true,"href":"https:\/\/hotnewsinworld.com\/hu\/wp-json\/wp\/v2\/comments?post=2525"}],"version-history":[{"count":3,"href":"https:\/\/hotnewsinworld.com\/hu\/wp-json\/wp\/v2\/posts\/2525\/revisions"}],"predecessor-version":[{"id":2550,"href":"https:\/\/hotnewsinworld.com\/hu\/wp-json\/wp\/v2\/posts\/2525\/revisions\/2550"}],"wp:featuredmedia":[{"embeddable":true,"href":"https:\/\/hotnewsinworld.com\/hu\/wp-json\/wp\/v2\/media\/2526"}],"wp:attachment":[{"href":"https:\/\/hotnewsinworld.com\/hu\/wp-json\/wp\/v2\/media?parent=2525"}],"wp:term":[{"taxonomy":"category","embeddable":true,"href":"https:\/\/hotnewsinworld.com\/hu\/wp-json\/wp\/v2\/categories?post=2525"},{"taxonomy":"post_tag","embeddable":true,"href":"https:\/\/hotnewsinworld.com\/hu\/wp-json\/wp\/v2\/tags?post=2525"}],"curies":[{"name":"wp","href":"https:\/\/api.w.org\/{rel}","templated":true}]}}