{"id":2575,"date":"2021-03-09T20:05:39","date_gmt":"2021-03-09T17:05:39","guid":{"rendered":"https:\/\/hotnewsinworld.com\/hu\/nem-adtak-ki-szel-bernadettnek-az-orosz-es-kinai-vakcina-beszerzeserol-szolo-szerzodeseket-szmo-hu\/"},"modified":"2021-03-09T20:05:44","modified_gmt":"2021-03-09T17:05:44","slug":"nem-adtak-ki-szel-bernadettnek-az-orosz-es-kinai-vakcina-beszerzeserol-szolo-szerzodeseket-szmo-hu","status":"publish","type":"post","link":"https:\/\/hotnewsinworld.com\/hu\/nem-adtak-ki-szel-bernadettnek-az-orosz-es-kinai-vakcina-beszerzeserol-szolo-szerzodeseket-szmo-hu\/","title":{"rendered":"Nem adt\u00e1k ki Sz\u00e9l Bernadettnek az orosz \u00e9s k\u00ednai vakcina beszerz\u00e9s\u00e9r\u0151l sz\u00f3l\u00f3 szerz\u0151d\u00e9seket | szmo.hu"},"content":{"rendered":"<p>                            A korm\u00e1ny szerint vesz\u00e9lyeztetn\u00e9 a v\u00e9dekez\u00e9st, ha teljes\u00edten\u00e9k a f\u00fcggetlen k\u00e9pvisel\u0151 k\u00e9r\u00e9s\u00e9t.                        <\/p>\n<p>                         C\u00edmk\u00e9p forr\u00e1sa: Sz\u00e9l Bernadett \/ Facebook &#8211; szmo.hu<\/p>\n<p>                         2021. m\u00e1rcius 09.                         <\/p>\n<p>                            hirdet\u00e9s<\/p>\n<p>                        &#8222;Levelet kaptam a korm\u00e1nyt\u00f3l, amelyben azt \u00edrj\u00e1k, hogy szerint\u00fck vesz\u00e9lyeztetn\u00e9 a v\u00e9dekez\u00e9st, ha k\u00e9sleked\u00e9s n\u00e9lk\u00fcl kiadn\u00e1k a Szputnyik V \u00e9s a k\u00ednai olt\u00f3anyag beszerz\u00e9s\u00e9r\u0151l sz\u00f3l\u00f3 szerz\u0151d\u00e9seket. R\u00e1ad\u00e1sul most m\u00e1r nemcsak, hogy eltitkolnak minden l\u00e9tez\u0151 adatot, de m\u00e9g azut\u00e1n is nyomozni kell, hogy egy\u00e1ltal\u00e1n melyik miniszt\u00e9riumn\u00e1l lehetnek meg a vakcinaszerz\u0151d\u00e9sek&#8221; \u2013 \u00edrja Sz\u00e9l Bernadett a Facebookon, hozz\u00e1t\u00e9ve: arra hivatkoztak, hogy a k\u00fcl\u00fcgy- \u00e9s a p\u00e9nz\u00fcgyminiszt\u00e9rium nem adatkezel\u0151.Sz\u00e9l szerint felmer\u00fclt a k\u00e9rd\u00e9s, hogy akkor m\u00e9gis melyik miniszt\u00e9rium vagy \u00e1llami szerv k\u00f6thetett szerz\u0151d\u00e9st az oroszokkal \u00e9s a k\u00ednaiakkal.&#8221;Adatk\u00e9r\u00e9ssel fordultam a K\u00e1sler-, Pint\u00e9r- \u00e9s a Rog\u00e1n-miniszt\u00e9riumhoz, az Operat\u00edv T\u00f6rzsh\u00f6z \u00e9s M\u00fcller Cec\u00edli\u00e1hoz is, de az \u00f6sszes helyr\u0151l az a v\u00e1lasz j\u00f6tt, hogy vesz\u00e9lyeztetn\u00e9 a feladatell\u00e1t\u00e1sukat, ha elk\u00fclden\u00e9nek 2 darab szerz\u0151d\u00e9st, amire egy\u00e9bk\u00e9nt m\u00e1r eddig is k\u00e9t het\u00fck volt. Most 45 napot k\u00e9rtek, de biztos vagyok benne, hogy j\u00f6n majd az \u00fajabb 45 napos hosszabb\u00edt\u00e1s&#8221;\u2013 fogalmaz.M\u00fcller Cec\u00edlia munkat\u00e1rsai elmond\u00e1sa szerint az al\u00e1bbi indokkal tagadt\u00e1k meg a v\u00e1laszad\u00e1st: &#8222;T\u00e1j\u00e9koztatom, hogy a vesz\u00e9lyhelyzetben megn\u00f6vekedett k\u00f6zfeladatok ell\u00e1t\u00e1s\u00e1b\u00f3l ad\u00f3d\u00f3 rendk\u00edv\u00fcli m\u00e9rt\u00e9k\u0171 megterhel\u00e9s miatt a pand\u00e9mia kezel\u00e9s\u00e9vel k\u00f6zvetlen\u00fcl \u00f6sszef\u00fcgg\u0151 j\u00e1rv\u00e1ny\u00fcgyi int\u00e9zked\u00e9sek priorit\u00e1st \u00e9lveznek.&#8221;Sz\u00e9l ehhez annyit tesz hozz\u00e1, hogy szerinte a vakcinabeszerz\u00e9seknek is van n\u00e9mi \u00f6sszef\u00fcgg\u00e9s\u00fck a j\u00e1rv\u00e1nykezel\u00e9ssel, az \u00e1llampolg\u00e1rok korrekt t\u00e1j\u00e9koztat\u00e1s\u00e1nak pedig m\u00e9g ink\u00e1bb. hirdet\u00e9s&#8221;Sokadszor mondom el: a korm\u00e1nyzati d\u00f6nt\u00e9sek \u00e1tl\u00e1that\u00f3s\u00e1ga \u00e9s a k\u00f6z\u00e9rdek\u0171 adatok nyilv\u00e1noss\u00e1ga NEM vesz\u00e9lyezteti, hanem SEG\u00cdTI a v\u00e9dekez\u00e9st. Az pedig, hogy az embernek k\u00e9rd\u00e9sei vannak, nem olt\u00e1selleness\u00e9g. J\u00f3 lenne, ha a korm\u00e1ny v\u00e9gre komolyan venn\u00e9 a t\u00e1j\u00e9koztat\u00e1st, ami j\u00e1rv\u00e1nyhelyzetben kulcsfontoss\u00e1g\u00fa, \u00e9s nem titkolna el minden l\u00e9tez\u0151 adatot, aminek a nyilv\u00e1noss\u00e1ga k\u00f6z\u00e9rdek!&#8221; \u2013 \u00edrja a k\u00e9pvisel\u0151.<\/p>\n<p>\n<!--noindex--><br \/>\n<a href=\"https:\/\/hirek.oldal.info\/rssclick\/15744316\" rel=\"nofollow\">Source link <\/a><br \/>\n<!--\/noindex--><\/p>\n","protected":false},"excerpt":{"rendered":"<p>A korm\u00e1ny szerint vesz\u00e9lyeztetn\u00e9 a v\u00e9dekez\u00e9st, ha teljes\u00edten\u00e9k a f\u00fcggetlen k\u00e9pvisel\u0151 k\u00e9r\u00e9s\u00e9t. C\u00edmk\u00e9p forr\u00e1sa: Sz\u00e9l Bernadett \/ Facebook &#8211; szmo.hu 2021. m\u00e1rcius 09. hirdet\u00e9s &#8222;Levelet kaptam a korm\u00e1nyt\u00f3l, amelyben azt \u00edrj\u00e1k, hogy szerint\u00fck vesz\u00e9lyeztetn\u00e9 a v\u00e9dekez\u00e9st, ha k\u00e9sleked\u00e9s n\u00e9lk\u00fcl kiadn\u00e1k a Szputnyik V \u00e9s a k\u00ednai olt\u00f3anyag beszerz\u00e9s\u00e9r\u0151l sz\u00f3l\u00f3 szerz\u0151d\u00e9seket. R\u00e1ad\u00e1sul most m\u00e1r nemcsak, hogy [&hellip;]<\/p>\n","protected":false},"author":2,"featured_media":2576,"comment_status":"open","ping_status":"open","sticky":false,"template":"","format":"standard","meta":{"footnotes":""},"categories":[1],"tags":[],"class_list":["post-2575","post","type-post","status-publish","format-standard","has-post-thumbnail","hentry","category-legujabb-penzugyi-hirek"],"yoast_head":"<!-- This site is optimized with the Yoast SEO plugin v27.4 - https:\/\/yoast.com\/product\/yoast-seo-wordpress\/ -->\n<title>Nem adt\u00e1k ki Sz\u00e9l Bernadettnek az orosz \u00e9s k\u00ednai vakcina beszerz\u00e9s\u00e9r\u0151l sz\u00f3l\u00f3 szerz\u0151d\u00e9seket | szmo.hu - Hot News in World<\/title>\n<meta name=\"robots\" content=\"index, follow, max-snippet:-1, max-image-preview:large, max-video-preview:-1\" \/>\n<link rel=\"canonical\" href=\"https:\/\/hotnewsinworld.com\/hu\/nem-adtak-ki-szel-bernadettnek-az-orosz-es-kinai-vakcina-beszerzeserol-szolo-szerzodeseket-szmo-hu\/\" \/>\n<meta property=\"og:locale\" content=\"hu_HU\" \/>\n<meta property=\"og:type\" content=\"article\" \/>\n<meta property=\"og:title\" content=\"Nem adt\u00e1k ki Sz\u00e9l Bernadettnek az orosz \u00e9s k\u00ednai vakcina beszerz\u00e9s\u00e9r\u0151l sz\u00f3l\u00f3 szerz\u0151d\u00e9seket | szmo.hu - Hot News in World\" \/>\n<meta property=\"og:description\" content=\"A korm\u00e1ny szerint vesz\u00e9lyeztetn\u00e9 a v\u00e9dekez\u00e9st, ha teljes\u00edten\u00e9k a f\u00fcggetlen k\u00e9pvisel\u0151 k\u00e9r\u00e9s\u00e9t. C\u00edmk\u00e9p forr\u00e1sa: Sz\u00e9l Bernadett \/ Facebook &#8211; szmo.hu 2021. m\u00e1rcius 09. hirdet\u00e9s &#8222;Levelet kaptam a korm\u00e1nyt\u00f3l, amelyben azt \u00edrj\u00e1k, hogy szerint\u00fck vesz\u00e9lyeztetn\u00e9 a v\u00e9dekez\u00e9st, ha k\u00e9sleked\u00e9s n\u00e9lk\u00fcl kiadn\u00e1k a Szputnyik V \u00e9s a k\u00ednai olt\u00f3anyag beszerz\u00e9s\u00e9r\u0151l sz\u00f3l\u00f3 szerz\u0151d\u00e9seket. R\u00e1ad\u00e1sul most m\u00e1r nemcsak, hogy [&hellip;]\" \/>\n<meta property=\"og:url\" content=\"https:\/\/hotnewsinworld.com\/hu\/nem-adtak-ki-szel-bernadettnek-az-orosz-es-kinai-vakcina-beszerzeserol-szolo-szerzodeseket-szmo-hu\/\" \/>\n<meta property=\"og:site_name\" content=\"Hot News in World\" \/>\n<meta property=\"article:published_time\" content=\"2021-03-09T17:05:39+00:00\" \/>\n<meta property=\"article:modified_time\" content=\"2021-03-09T17:05:44+00:00\" \/>\n<meta property=\"og:image\" content=\"https:\/\/hotnewsinworld.com\/hu\/wp-content\/uploads\/sites\/3\/2021\/03\/Nem-adtak-ki-Szel-Bernadettnek-az-orosz-es-kinai-vakcina.jpg\" \/>\n\t<meta property=\"og:image:width\" content=\"2048\" \/>\n\t<meta property=\"og:image:height\" content=\"1363\" \/>\n\t<meta property=\"og:image:type\" content=\"image\/jpeg\" \/>\n<meta name=\"author\" content=\"hotnewsinworld\" \/>\n<meta name=\"twitter:card\" content=\"summary_large_image\" \/>\n<meta name=\"twitter:label1\" content=\"Szerz\u0151:\" \/>\n\t<meta name=\"twitter:data1\" content=\"hotnewsinworld\" \/>\n\t<meta name=\"twitter:label2\" content=\"Becs\u00fclt olvas\u00e1si id\u0151\" \/>\n\t<meta name=\"twitter:data2\" content=\"2 perc\" \/>\n<script type=\"application\/ld+json\" class=\"yoast-schema-graph\">{\"@context\":\"https:\\\/\\\/schema.org\",\"@graph\":[{\"@type\":\"Article\",\"@id\":\"https:\\\/\\\/hotnewsinworld.com\\\/hu\\\/nem-adtak-ki-szel-bernadettnek-az-orosz-es-kinai-vakcina-beszerzeserol-szolo-szerzodeseket-szmo-hu\\\/#article\",\"isPartOf\":{\"@id\":\"https:\\\/\\\/hotnewsinworld.com\\\/hu\\\/nem-adtak-ki-szel-bernadettnek-az-orosz-es-kinai-vakcina-beszerzeserol-szolo-szerzodeseket-szmo-hu\\\/\"},\"author\":{\"name\":\"hotnewsinworld\",\"@id\":\"https:\\\/\\\/hotnewsinworld.com\\\/hu\\\/#\\\/schema\\\/person\\\/fe61448b21c0d59086e75fcc1f9d8f6b\"},\"headline\":\"Nem adt\u00e1k ki Sz\u00e9l Bernadettnek az orosz \u00e9s k\u00ednai vakcina beszerz\u00e9s\u00e9r\u0151l sz\u00f3l\u00f3 szerz\u0151d\u00e9seket | szmo.hu\",\"datePublished\":\"2021-03-09T17:05:39+00:00\",\"dateModified\":\"2021-03-09T17:05:44+00:00\",\"mainEntityOfPage\":{\"@id\":\"https:\\\/\\\/hotnewsinworld.com\\\/hu\\\/nem-adtak-ki-szel-bernadettnek-az-orosz-es-kinai-vakcina-beszerzeserol-szolo-szerzodeseket-szmo-hu\\\/\"},\"wordCount\":479,\"commentCount\":0,\"image\":{\"@id\":\"https:\\\/\\\/hotnewsinworld.com\\\/hu\\\/nem-adtak-ki-szel-bernadettnek-az-orosz-es-kinai-vakcina-beszerzeserol-szolo-szerzodeseket-szmo-hu\\\/#primaryimage\"},\"thumbnailUrl\":\"https:\\\/\\\/hotnewsinworld.com\\\/hu\\\/wp-content\\\/uploads\\\/sites\\\/3\\\/2021\\\/03\\\/Nem-adtak-ki-Szel-Bernadettnek-az-orosz-es-kinai-vakcina.jpg\",\"articleSection\":[\"LEG\u00daJABB P\u00c9NZ\u00dcGYI H\u00cdREK\"],\"inLanguage\":\"hu\",\"potentialAction\":[{\"@type\":\"CommentAction\",\"name\":\"Comment\",\"target\":[\"https:\\\/\\\/hotnewsinworld.com\\\/hu\\\/nem-adtak-ki-szel-bernadettnek-az-orosz-es-kinai-vakcina-beszerzeserol-szolo-szerzodeseket-szmo-hu\\\/#respond\"]}]},{\"@type\":\"WebPage\",\"@id\":\"https:\\\/\\\/hotnewsinworld.com\\\/hu\\\/nem-adtak-ki-szel-bernadettnek-az-orosz-es-kinai-vakcina-beszerzeserol-szolo-szerzodeseket-szmo-hu\\\/\",\"url\":\"https:\\\/\\\/hotnewsinworld.com\\\/hu\\\/nem-adtak-ki-szel-bernadettnek-az-orosz-es-kinai-vakcina-beszerzeserol-szolo-szerzodeseket-szmo-hu\\\/\",\"name\":\"Nem adt\u00e1k ki Sz\u00e9l Bernadettnek az orosz \u00e9s k\u00ednai vakcina beszerz\u00e9s\u00e9r\u0151l sz\u00f3l\u00f3 szerz\u0151d\u00e9seket | szmo.hu - Hot News in World\",\"isPartOf\":{\"@id\":\"https:\\\/\\\/hotnewsinworld.com\\\/hu\\\/#website\"},\"primaryImageOfPage\":{\"@id\":\"https:\\\/\\\/hotnewsinworld.com\\\/hu\\\/nem-adtak-ki-szel-bernadettnek-az-orosz-es-kinai-vakcina-beszerzeserol-szolo-szerzodeseket-szmo-hu\\\/#primaryimage\"},\"image\":{\"@id\":\"https:\\\/\\\/hotnewsinworld.com\\\/hu\\\/nem-adtak-ki-szel-bernadettnek-az-orosz-es-kinai-vakcina-beszerzeserol-szolo-szerzodeseket-szmo-hu\\\/#primaryimage\"},\"thumbnailUrl\":\"https:\\\/\\\/hotnewsinworld.com\\\/hu\\\/wp-content\\\/uploads\\\/sites\\\/3\\\/2021\\\/03\\\/Nem-adtak-ki-Szel-Bernadettnek-az-orosz-es-kinai-vakcina.jpg\",\"datePublished\":\"2021-03-09T17:05:39+00:00\",\"dateModified\":\"2021-03-09T17:05:44+00:00\",\"author\":{\"@id\":\"https:\\\/\\\/hotnewsinworld.com\\\/hu\\\/#\\\/schema\\\/person\\\/fe61448b21c0d59086e75fcc1f9d8f6b\"},\"breadcrumb\":{\"@id\":\"https:\\\/\\\/hotnewsinworld.com\\\/hu\\\/nem-adtak-ki-szel-bernadettnek-az-orosz-es-kinai-vakcina-beszerzeserol-szolo-szerzodeseket-szmo-hu\\\/#breadcrumb\"},\"inLanguage\":\"hu\",\"potentialAction\":[{\"@type\":\"ReadAction\",\"target\":[\"https:\\\/\\\/hotnewsinworld.com\\\/hu\\\/nem-adtak-ki-szel-bernadettnek-az-orosz-es-kinai-vakcina-beszerzeserol-szolo-szerzodeseket-szmo-hu\\\/\"]}]},{\"@type\":\"ImageObject\",\"inLanguage\":\"hu\",\"@id\":\"https:\\\/\\\/hotnewsinworld.com\\\/hu\\\/nem-adtak-ki-szel-bernadettnek-az-orosz-es-kinai-vakcina-beszerzeserol-szolo-szerzodeseket-szmo-hu\\\/#primaryimage\",\"url\":\"https:\\\/\\\/hotnewsinworld.com\\\/hu\\\/wp-content\\\/uploads\\\/sites\\\/3\\\/2021\\\/03\\\/Nem-adtak-ki-Szel-Bernadettnek-az-orosz-es-kinai-vakcina.jpg\",\"contentUrl\":\"https:\\\/\\\/hotnewsinworld.com\\\/hu\\\/wp-content\\\/uploads\\\/sites\\\/3\\\/2021\\\/03\\\/Nem-adtak-ki-Szel-Bernadettnek-az-orosz-es-kinai-vakcina.jpg\",\"width\":2048,\"height\":1363,\"caption\":\"Nem adt\u00e1k ki Sz\u00e9l Bernadettnek az orosz \u00e9s k\u00ednai vakcina beszerz\u00e9s\u00e9r\u0151l sz\u00f3l\u00f3 szerz\u0151d\u00e9seket | szmo.hu\"},{\"@type\":\"BreadcrumbList\",\"@id\":\"https:\\\/\\\/hotnewsinworld.com\\\/hu\\\/nem-adtak-ki-szel-bernadettnek-az-orosz-es-kinai-vakcina-beszerzeserol-szolo-szerzodeseket-szmo-hu\\\/#breadcrumb\",\"itemListElement\":[{\"@type\":\"ListItem\",\"position\":1,\"name\":\"\u0413\u043b\u0430\u0432\u043d\u0430\u044f \u0441\u0442\u0440\u0430\u043d\u0438\u0446\u0430\",\"item\":\"https:\\\/\\\/hotnewsinworld.com\\\/hu\\\/\"},{\"@type\":\"ListItem\",\"position\":2,\"name\":\"Nem adt\u00e1k ki Sz\u00e9l Bernadettnek az orosz \u00e9s k\u00ednai vakcina beszerz\u00e9s\u00e9r\u0151l sz\u00f3l\u00f3 szerz\u0151d\u00e9seket | szmo.hu\"}]},{\"@type\":\"WebSite\",\"@id\":\"https:\\\/\\\/hotnewsinworld.com\\\/hu\\\/#website\",\"url\":\"https:\\\/\\\/hotnewsinworld.com\\\/hu\\\/\",\"name\":\"Hot News in World\",\"description\":\"Hot News in World from Hungary\",\"potentialAction\":[{\"@type\":\"SearchAction\",\"target\":{\"@type\":\"EntryPoint\",\"urlTemplate\":\"https:\\\/\\\/hotnewsinworld.com\\\/hu\\\/?s={search_term_string}\"},\"query-input\":{\"@type\":\"PropertyValueSpecification\",\"valueRequired\":true,\"valueName\":\"search_term_string\"}}],\"inLanguage\":\"hu\"},{\"@type\":\"Person\",\"@id\":\"https:\\\/\\\/hotnewsinworld.com\\\/hu\\\/#\\\/schema\\\/person\\\/fe61448b21c0d59086e75fcc1f9d8f6b\",\"name\":\"hotnewsinworld\",\"image\":{\"@type\":\"ImageObject\",\"inLanguage\":\"hu\",\"@id\":\"https:\\\/\\\/secure.gravatar.com\\\/avatar\\\/8a09ac165600ce2e1c38fe593c63928eb1e6e7ba5c5a907d67787c41b3d00c14?s=96&d=mm&r=g\",\"url\":\"https:\\\/\\\/secure.gravatar.com\\\/avatar\\\/8a09ac165600ce2e1c38fe593c63928eb1e6e7ba5c5a907d67787c41b3d00c14?s=96&d=mm&r=g\",\"contentUrl\":\"https:\\\/\\\/secure.gravatar.com\\\/avatar\\\/8a09ac165600ce2e1c38fe593c63928eb1e6e7ba5c5a907d67787c41b3d00c14?s=96&d=mm&r=g\",\"caption\":\"hotnewsinworld\"},\"url\":\"https:\\\/\\\/hotnewsinworld.com\\\/hu\\\/author\\\/pt\\\/\"}]}<\/script>\n<!-- \/ Yoast SEO plugin. -->","yoast_head_json":{"title":"Nem adt\u00e1k ki Sz\u00e9l Bernadettnek az orosz \u00e9s k\u00ednai vakcina beszerz\u00e9s\u00e9r\u0151l sz\u00f3l\u00f3 szerz\u0151d\u00e9seket | szmo.hu - Hot News in World","robots":{"index":"index","follow":"follow","max-snippet":"max-snippet:-1","max-image-preview":"max-image-preview:large","max-video-preview":"max-video-preview:-1"},"canonical":"https:\/\/hotnewsinworld.com\/hu\/nem-adtak-ki-szel-bernadettnek-az-orosz-es-kinai-vakcina-beszerzeserol-szolo-szerzodeseket-szmo-hu\/","og_locale":"hu_HU","og_type":"article","og_title":"Nem adt\u00e1k ki Sz\u00e9l Bernadettnek az orosz \u00e9s k\u00ednai vakcina beszerz\u00e9s\u00e9r\u0151l sz\u00f3l\u00f3 szerz\u0151d\u00e9seket | szmo.hu - Hot News in World","og_description":"A korm\u00e1ny szerint vesz\u00e9lyeztetn\u00e9 a v\u00e9dekez\u00e9st, ha teljes\u00edten\u00e9k a f\u00fcggetlen k\u00e9pvisel\u0151 k\u00e9r\u00e9s\u00e9t. C\u00edmk\u00e9p forr\u00e1sa: Sz\u00e9l Bernadett \/ Facebook &#8211; szmo.hu 2021. m\u00e1rcius 09. hirdet\u00e9s &#8222;Levelet kaptam a korm\u00e1nyt\u00f3l, amelyben azt \u00edrj\u00e1k, hogy szerint\u00fck vesz\u00e9lyeztetn\u00e9 a v\u00e9dekez\u00e9st, ha k\u00e9sleked\u00e9s n\u00e9lk\u00fcl kiadn\u00e1k a Szputnyik V \u00e9s a k\u00ednai olt\u00f3anyag beszerz\u00e9s\u00e9r\u0151l sz\u00f3l\u00f3 szerz\u0151d\u00e9seket. R\u00e1ad\u00e1sul most m\u00e1r nemcsak, hogy [&hellip;]","og_url":"https:\/\/hotnewsinworld.com\/hu\/nem-adtak-ki-szel-bernadettnek-az-orosz-es-kinai-vakcina-beszerzeserol-szolo-szerzodeseket-szmo-hu\/","og_site_name":"Hot News in World","article_published_time":"2021-03-09T17:05:39+00:00","article_modified_time":"2021-03-09T17:05:44+00:00","og_image":[{"width":2048,"height":1363,"url":"https:\/\/hotnewsinworld.com\/hu\/wp-content\/uploads\/sites\/3\/2021\/03\/Nem-adtak-ki-Szel-Bernadettnek-az-orosz-es-kinai-vakcina.jpg","type":"image\/jpeg"}],"author":"hotnewsinworld","twitter_card":"summary_large_image","twitter_misc":{"Szerz\u0151:":"hotnewsinworld","Becs\u00fclt olvas\u00e1si id\u0151":"2 perc"},"schema":{"@context":"https:\/\/schema.org","@graph":[{"@type":"Article","@id":"https:\/\/hotnewsinworld.com\/hu\/nem-adtak-ki-szel-bernadettnek-az-orosz-es-kinai-vakcina-beszerzeserol-szolo-szerzodeseket-szmo-hu\/#article","isPartOf":{"@id":"https:\/\/hotnewsinworld.com\/hu\/nem-adtak-ki-szel-bernadettnek-az-orosz-es-kinai-vakcina-beszerzeserol-szolo-szerzodeseket-szmo-hu\/"},"author":{"name":"hotnewsinworld","@id":"https:\/\/hotnewsinworld.com\/hu\/#\/schema\/person\/fe61448b21c0d59086e75fcc1f9d8f6b"},"headline":"Nem adt\u00e1k ki Sz\u00e9l Bernadettnek az orosz \u00e9s k\u00ednai vakcina beszerz\u00e9s\u00e9r\u0151l sz\u00f3l\u00f3 szerz\u0151d\u00e9seket | szmo.hu","datePublished":"2021-03-09T17:05:39+00:00","dateModified":"2021-03-09T17:05:44+00:00","mainEntityOfPage":{"@id":"https:\/\/hotnewsinworld.com\/hu\/nem-adtak-ki-szel-bernadettnek-az-orosz-es-kinai-vakcina-beszerzeserol-szolo-szerzodeseket-szmo-hu\/"},"wordCount":479,"commentCount":0,"image":{"@id":"https:\/\/hotnewsinworld.com\/hu\/nem-adtak-ki-szel-bernadettnek-az-orosz-es-kinai-vakcina-beszerzeserol-szolo-szerzodeseket-szmo-hu\/#primaryimage"},"thumbnailUrl":"https:\/\/hotnewsinworld.com\/hu\/wp-content\/uploads\/sites\/3\/2021\/03\/Nem-adtak-ki-Szel-Bernadettnek-az-orosz-es-kinai-vakcina.jpg","articleSection":["LEG\u00daJABB P\u00c9NZ\u00dcGYI H\u00cdREK"],"inLanguage":"hu","potentialAction":[{"@type":"CommentAction","name":"Comment","target":["https:\/\/hotnewsinworld.com\/hu\/nem-adtak-ki-szel-bernadettnek-az-orosz-es-kinai-vakcina-beszerzeserol-szolo-szerzodeseket-szmo-hu\/#respond"]}]},{"@type":"WebPage","@id":"https:\/\/hotnewsinworld.com\/hu\/nem-adtak-ki-szel-bernadettnek-az-orosz-es-kinai-vakcina-beszerzeserol-szolo-szerzodeseket-szmo-hu\/","url":"https:\/\/hotnewsinworld.com\/hu\/nem-adtak-ki-szel-bernadettnek-az-orosz-es-kinai-vakcina-beszerzeserol-szolo-szerzodeseket-szmo-hu\/","name":"Nem adt\u00e1k ki Sz\u00e9l Bernadettnek az orosz \u00e9s k\u00ednai vakcina beszerz\u00e9s\u00e9r\u0151l sz\u00f3l\u00f3 szerz\u0151d\u00e9seket | szmo.hu - Hot News in World","isPartOf":{"@id":"https:\/\/hotnewsinworld.com\/hu\/#website"},"primaryImageOfPage":{"@id":"https:\/\/hotnewsinworld.com\/hu\/nem-adtak-ki-szel-bernadettnek-az-orosz-es-kinai-vakcina-beszerzeserol-szolo-szerzodeseket-szmo-hu\/#primaryimage"},"image":{"@id":"https:\/\/hotnewsinworld.com\/hu\/nem-adtak-ki-szel-bernadettnek-az-orosz-es-kinai-vakcina-beszerzeserol-szolo-szerzodeseket-szmo-hu\/#primaryimage"},"thumbnailUrl":"https:\/\/hotnewsinworld.com\/hu\/wp-content\/uploads\/sites\/3\/2021\/03\/Nem-adtak-ki-Szel-Bernadettnek-az-orosz-es-kinai-vakcina.jpg","datePublished":"2021-03-09T17:05:39+00:00","dateModified":"2021-03-09T17:05:44+00:00","author":{"@id":"https:\/\/hotnewsinworld.com\/hu\/#\/schema\/person\/fe61448b21c0d59086e75fcc1f9d8f6b"},"breadcrumb":{"@id":"https:\/\/hotnewsinworld.com\/hu\/nem-adtak-ki-szel-bernadettnek-az-orosz-es-kinai-vakcina-beszerzeserol-szolo-szerzodeseket-szmo-hu\/#breadcrumb"},"inLanguage":"hu","potentialAction":[{"@type":"ReadAction","target":["https:\/\/hotnewsinworld.com\/hu\/nem-adtak-ki-szel-bernadettnek-az-orosz-es-kinai-vakcina-beszerzeserol-szolo-szerzodeseket-szmo-hu\/"]}]},{"@type":"ImageObject","inLanguage":"hu","@id":"https:\/\/hotnewsinworld.com\/hu\/nem-adtak-ki-szel-bernadettnek-az-orosz-es-kinai-vakcina-beszerzeserol-szolo-szerzodeseket-szmo-hu\/#primaryimage","url":"https:\/\/hotnewsinworld.com\/hu\/wp-content\/uploads\/sites\/3\/2021\/03\/Nem-adtak-ki-Szel-Bernadettnek-az-orosz-es-kinai-vakcina.jpg","contentUrl":"https:\/\/hotnewsinworld.com\/hu\/wp-content\/uploads\/sites\/3\/2021\/03\/Nem-adtak-ki-Szel-Bernadettnek-az-orosz-es-kinai-vakcina.jpg","width":2048,"height":1363,"caption":"Nem adt\u00e1k ki Sz\u00e9l Bernadettnek az orosz \u00e9s k\u00ednai vakcina beszerz\u00e9s\u00e9r\u0151l sz\u00f3l\u00f3 szerz\u0151d\u00e9seket | szmo.hu"},{"@type":"BreadcrumbList","@id":"https:\/\/hotnewsinworld.com\/hu\/nem-adtak-ki-szel-bernadettnek-az-orosz-es-kinai-vakcina-beszerzeserol-szolo-szerzodeseket-szmo-hu\/#breadcrumb","itemListElement":[{"@type":"ListItem","position":1,"name":"\u0413\u043b\u0430\u0432\u043d\u0430\u044f \u0441\u0442\u0440\u0430\u043d\u0438\u0446\u0430","item":"https:\/\/hotnewsinworld.com\/hu\/"},{"@type":"ListItem","position":2,"name":"Nem adt\u00e1k ki Sz\u00e9l Bernadettnek az orosz \u00e9s k\u00ednai vakcina beszerz\u00e9s\u00e9r\u0151l sz\u00f3l\u00f3 szerz\u0151d\u00e9seket | szmo.hu"}]},{"@type":"WebSite","@id":"https:\/\/hotnewsinworld.com\/hu\/#website","url":"https:\/\/hotnewsinworld.com\/hu\/","name":"Hot News in World","description":"Hot News in World from Hungary","potentialAction":[{"@type":"SearchAction","target":{"@type":"EntryPoint","urlTemplate":"https:\/\/hotnewsinworld.com\/hu\/?s={search_term_string}"},"query-input":{"@type":"PropertyValueSpecification","valueRequired":true,"valueName":"search_term_string"}}],"inLanguage":"hu"},{"@type":"Person","@id":"https:\/\/hotnewsinworld.com\/hu\/#\/schema\/person\/fe61448b21c0d59086e75fcc1f9d8f6b","name":"hotnewsinworld","image":{"@type":"ImageObject","inLanguage":"hu","@id":"https:\/\/secure.gravatar.com\/avatar\/8a09ac165600ce2e1c38fe593c63928eb1e6e7ba5c5a907d67787c41b3d00c14?s=96&d=mm&r=g","url":"https:\/\/secure.gravatar.com\/avatar\/8a09ac165600ce2e1c38fe593c63928eb1e6e7ba5c5a907d67787c41b3d00c14?s=96&d=mm&r=g","contentUrl":"https:\/\/secure.gravatar.com\/avatar\/8a09ac165600ce2e1c38fe593c63928eb1e6e7ba5c5a907d67787c41b3d00c14?s=96&d=mm&r=g","caption":"hotnewsinworld"},"url":"https:\/\/hotnewsinworld.com\/hu\/author\/pt\/"}]}},"_links":{"self":[{"href":"https:\/\/hotnewsinworld.com\/hu\/wp-json\/wp\/v2\/posts\/2575","targetHints":{"allow":["GET"]}}],"collection":[{"href":"https:\/\/hotnewsinworld.com\/hu\/wp-json\/wp\/v2\/posts"}],"about":[{"href":"https:\/\/hotnewsinworld.com\/hu\/wp-json\/wp\/v2\/types\/post"}],"author":[{"embeddable":true,"href":"https:\/\/hotnewsinworld.com\/hu\/wp-json\/wp\/v2\/users\/2"}],"replies":[{"embeddable":true,"href":"https:\/\/hotnewsinworld.com\/hu\/wp-json\/wp\/v2\/comments?post=2575"}],"version-history":[{"count":1,"href":"https:\/\/hotnewsinworld.com\/hu\/wp-json\/wp\/v2\/posts\/2575\/revisions"}],"predecessor-version":[{"id":2577,"href":"https:\/\/hotnewsinworld.com\/hu\/wp-json\/wp\/v2\/posts\/2575\/revisions\/2577"}],"wp:featuredmedia":[{"embeddable":true,"href":"https:\/\/hotnewsinworld.com\/hu\/wp-json\/wp\/v2\/media\/2576"}],"wp:attachment":[{"href":"https:\/\/hotnewsinworld.com\/hu\/wp-json\/wp\/v2\/media?parent=2575"}],"wp:term":[{"taxonomy":"category","embeddable":true,"href":"https:\/\/hotnewsinworld.com\/hu\/wp-json\/wp\/v2\/categories?post=2575"},{"taxonomy":"post_tag","embeddable":true,"href":"https:\/\/hotnewsinworld.com\/hu\/wp-json\/wp\/v2\/tags?post=2575"}],"curies":[{"name":"wp","href":"https:\/\/api.w.org\/{rel}","templated":true}]}}