{"id":2578,"date":"2021-03-16T20:07:14","date_gmt":"2021-03-16T17:07:14","guid":{"rendered":"https:\/\/hotnewsinworld.com\/hu\/nem-fuggesztettek-fel-a-ragalmazo-es-becsuletserto-fideszes-kepviselo-mentelmi-jogat\/"},"modified":"2021-03-16T20:07:18","modified_gmt":"2021-03-16T17:07:18","slug":"nem-fuggesztettek-fel-a-ragalmazo-es-becsuletserto-fideszes-kepviselo-mentelmi-jogat","status":"publish","type":"post","link":"https:\/\/hotnewsinworld.com\/hu\/nem-fuggesztettek-fel-a-ragalmazo-es-becsuletserto-fideszes-kepviselo-mentelmi-jogat\/","title":{"rendered":"Nem f\u00fcggesztett\u00e9k fel a r\u00e1galmaz\u00f3 \u00e9s becs\u00fclets\u00e9rt\u0151 fideszes k\u00e9pvisel\u0151 mentelmi jog\u00e1t"},"content":{"rendered":"<p>Witzmann Mih\u00e1ly fideszes orsz\u00e1ggy\u0171l\u00e9si k\u00e9pvisel\u0151 mentelmi jog\u00e1nak felf\u00fcggeszt\u00e9s\u00e9r\u0151l szavazott a Parlament, nem lett meglep\u0151 az eredm\u00e9ny \u00edrja a 444.<\/p>\n<p>R\u00e1galmaz\u00e1s \u00e9s becs\u00fclets\u00e9rt\u00e9s miatt volt erre sz\u00fcks\u00e9g.<\/p>\n<p>K\u00e9p:YouTube<br \/>\nA Fidesz-KDNP-s Hargitai J\u00e1nos elmondta, hogy Witzmann Mih\u00e1ly augusztusban arr\u00f3l \u00edrt a Facebookon, hogy kor\u00e1bban a si\u00f3foki k\u00e9pvisel\u0151i irod\u00e1j\u00e1t k\u00fcl\u00f6nb\u00f6z\u0151 sz\u00f6vegekkel k\u00f6rberagasztott\u00e1k, \u00e9s h\u00e1rom szem\u00e9lyt nevezett meg, akik szerinte kapcsolatban \u00e1llnak az \u00fcggyel.<\/p>\n<p>Egy k\u00e9pvisel\u0151 h\u00f6lgy az \u00fcgyet mag\u00e1ra h\u00fazta, pedig nem v\u00e1dolt\u00e1k meg, de feljelent\u00e9st tett.<\/p>\n<p>A Fidesz-KDNP a bizotts\u00e1gi \u00fcl\u00e9sen azt javasolta, hogy ne f\u00fcggessz\u00e9k fel a mentelmi jog\u00e1t, Witzmann nem k\u00edv\u00e1nt felsz\u00f3lalni.<\/p>\n<p>A jelenl\u00e9v\u0151k k\u00e9tharmad\u00e1nak kellett volna igennel szavaznia, de 4 igen \u00e9s 158 nem szavazat mellett nem f\u00fcggesztett\u00e9k fel.<\/p>\n<p>Forr\u00e1s:444C\u00edmlapk\u00e9p:YouTube<\/p>\n<p>\n<!--noindex--><br \/>\n<a href=\"https:\/\/hirek.oldal.info\/rssclick\/15760444\" rel=\"nofollow\">Source link <\/a><br \/>\n<!--\/noindex--><\/p>\n","protected":false},"excerpt":{"rendered":"<p>Witzmann Mih\u00e1ly fideszes orsz\u00e1ggy\u0171l\u00e9si k\u00e9pvisel\u0151 mentelmi jog\u00e1nak felf\u00fcggeszt\u00e9s\u00e9r\u0151l szavazott a Parlament, nem lett meglep\u0151 az eredm\u00e9ny \u00edrja a 444. R\u00e1galmaz\u00e1s \u00e9s becs\u00fclets\u00e9rt\u00e9s miatt volt erre sz\u00fcks\u00e9g. K\u00e9p:YouTube A Fidesz-KDNP-s Hargitai J\u00e1nos elmondta, hogy Witzmann Mih\u00e1ly augusztusban arr\u00f3l \u00edrt a Facebookon, hogy kor\u00e1bban a si\u00f3foki k\u00e9pvisel\u0151i irod\u00e1j\u00e1t k\u00fcl\u00f6nb\u00f6z\u0151 sz\u00f6vegekkel k\u00f6rberagasztott\u00e1k, \u00e9s h\u00e1rom szem\u00e9lyt nevezett meg, akik [&hellip;]<\/p>\n","protected":false},"author":2,"featured_media":2579,"comment_status":"open","ping_status":"open","sticky":false,"template":"","format":"standard","meta":{"footnotes":""},"categories":[1],"tags":[],"class_list":["post-2578","post","type-post","status-publish","format-standard","has-post-thumbnail","hentry","category-legujabb-penzugyi-hirek"],"yoast_head":"<!-- This site is optimized with the Yoast SEO plugin v27.4 - https:\/\/yoast.com\/product\/yoast-seo-wordpress\/ -->\n<title>Nem f\u00fcggesztett\u00e9k fel a r\u00e1galmaz\u00f3 \u00e9s becs\u00fclets\u00e9rt\u0151 fideszes k\u00e9pvisel\u0151 mentelmi jog\u00e1t - Hot News in World<\/title>\n<meta name=\"robots\" content=\"index, follow, max-snippet:-1, max-image-preview:large, max-video-preview:-1\" \/>\n<link rel=\"canonical\" href=\"https:\/\/hotnewsinworld.com\/hu\/nem-fuggesztettek-fel-a-ragalmazo-es-becsuletserto-fideszes-kepviselo-mentelmi-jogat\/\" \/>\n<meta property=\"og:locale\" content=\"hu_HU\" \/>\n<meta property=\"og:type\" content=\"article\" \/>\n<meta property=\"og:title\" content=\"Nem f\u00fcggesztett\u00e9k fel a r\u00e1galmaz\u00f3 \u00e9s becs\u00fclets\u00e9rt\u0151 fideszes k\u00e9pvisel\u0151 mentelmi jog\u00e1t - Hot News in World\" \/>\n<meta property=\"og:description\" content=\"Witzmann Mih\u00e1ly fideszes orsz\u00e1ggy\u0171l\u00e9si k\u00e9pvisel\u0151 mentelmi jog\u00e1nak felf\u00fcggeszt\u00e9s\u00e9r\u0151l szavazott a Parlament, nem lett meglep\u0151 az eredm\u00e9ny \u00edrja a 444. R\u00e1galmaz\u00e1s \u00e9s becs\u00fclets\u00e9rt\u00e9s miatt volt erre sz\u00fcks\u00e9g. K\u00e9p:YouTube A Fidesz-KDNP-s Hargitai J\u00e1nos elmondta, hogy Witzmann Mih\u00e1ly augusztusban arr\u00f3l \u00edrt a Facebookon, hogy kor\u00e1bban a si\u00f3foki k\u00e9pvisel\u0151i irod\u00e1j\u00e1t k\u00fcl\u00f6nb\u00f6z\u0151 sz\u00f6vegekkel k\u00f6rberagasztott\u00e1k, \u00e9s h\u00e1rom szem\u00e9lyt nevezett meg, akik [&hellip;]\" \/>\n<meta property=\"og:url\" content=\"https:\/\/hotnewsinworld.com\/hu\/nem-fuggesztettek-fel-a-ragalmazo-es-becsuletserto-fideszes-kepviselo-mentelmi-jogat\/\" \/>\n<meta property=\"og:site_name\" content=\"Hot News in World\" \/>\n<meta property=\"article:published_time\" content=\"2021-03-16T17:07:14+00:00\" \/>\n<meta property=\"article:modified_time\" content=\"2021-03-16T17:07:18+00:00\" \/>\n<meta property=\"og:image\" content=\"https:\/\/hotnewsinworld.com\/hu\/wp-content\/uploads\/sites\/3\/2021\/03\/Nem-fuggesztettek-fel-a-ragalmazo-es-becsuletserto-fideszes-kepviselo-mentelmi.jpg\" \/>\n\t<meta property=\"og:image:width\" content=\"800\" \/>\n\t<meta property=\"og:image:height\" content=\"450\" \/>\n\t<meta property=\"og:image:type\" content=\"image\/jpeg\" \/>\n<meta name=\"author\" content=\"hotnewsinworld\" \/>\n<meta name=\"twitter:card\" content=\"summary_large_image\" \/>\n<meta name=\"twitter:label1\" content=\"Szerz\u0151:\" \/>\n\t<meta name=\"twitter:data1\" content=\"hotnewsinworld\" \/>\n\t<meta name=\"twitter:label2\" content=\"Becs\u00fclt olvas\u00e1si id\u0151\" \/>\n\t<meta name=\"twitter:data2\" content=\"1 perc\" \/>\n<script type=\"application\/ld+json\" class=\"yoast-schema-graph\">{\"@context\":\"https:\\\/\\\/schema.org\",\"@graph\":[{\"@type\":\"Article\",\"@id\":\"https:\\\/\\\/hotnewsinworld.com\\\/hu\\\/nem-fuggesztettek-fel-a-ragalmazo-es-becsuletserto-fideszes-kepviselo-mentelmi-jogat\\\/#article\",\"isPartOf\":{\"@id\":\"https:\\\/\\\/hotnewsinworld.com\\\/hu\\\/nem-fuggesztettek-fel-a-ragalmazo-es-becsuletserto-fideszes-kepviselo-mentelmi-jogat\\\/\"},\"author\":{\"name\":\"hotnewsinworld\",\"@id\":\"https:\\\/\\\/hotnewsinworld.com\\\/hu\\\/#\\\/schema\\\/person\\\/fe61448b21c0d59086e75fcc1f9d8f6b\"},\"headline\":\"Nem f\u00fcggesztett\u00e9k fel a r\u00e1galmaz\u00f3 \u00e9s becs\u00fclets\u00e9rt\u0151 fideszes k\u00e9pvisel\u0151 mentelmi jog\u00e1t\",\"datePublished\":\"2021-03-16T17:07:14+00:00\",\"dateModified\":\"2021-03-16T17:07:18+00:00\",\"mainEntityOfPage\":{\"@id\":\"https:\\\/\\\/hotnewsinworld.com\\\/hu\\\/nem-fuggesztettek-fel-a-ragalmazo-es-becsuletserto-fideszes-kepviselo-mentelmi-jogat\\\/\"},\"wordCount\":191,\"commentCount\":0,\"image\":{\"@id\":\"https:\\\/\\\/hotnewsinworld.com\\\/hu\\\/nem-fuggesztettek-fel-a-ragalmazo-es-becsuletserto-fideszes-kepviselo-mentelmi-jogat\\\/#primaryimage\"},\"thumbnailUrl\":\"https:\\\/\\\/hotnewsinworld.com\\\/hu\\\/wp-content\\\/uploads\\\/sites\\\/3\\\/2021\\\/03\\\/Nem-fuggesztettek-fel-a-ragalmazo-es-becsuletserto-fideszes-kepviselo-mentelmi.jpg\",\"articleSection\":[\"LEG\u00daJABB P\u00c9NZ\u00dcGYI H\u00cdREK\"],\"inLanguage\":\"hu\",\"potentialAction\":[{\"@type\":\"CommentAction\",\"name\":\"Comment\",\"target\":[\"https:\\\/\\\/hotnewsinworld.com\\\/hu\\\/nem-fuggesztettek-fel-a-ragalmazo-es-becsuletserto-fideszes-kepviselo-mentelmi-jogat\\\/#respond\"]}]},{\"@type\":\"WebPage\",\"@id\":\"https:\\\/\\\/hotnewsinworld.com\\\/hu\\\/nem-fuggesztettek-fel-a-ragalmazo-es-becsuletserto-fideszes-kepviselo-mentelmi-jogat\\\/\",\"url\":\"https:\\\/\\\/hotnewsinworld.com\\\/hu\\\/nem-fuggesztettek-fel-a-ragalmazo-es-becsuletserto-fideszes-kepviselo-mentelmi-jogat\\\/\",\"name\":\"Nem f\u00fcggesztett\u00e9k fel a r\u00e1galmaz\u00f3 \u00e9s becs\u00fclets\u00e9rt\u0151 fideszes k\u00e9pvisel\u0151 mentelmi jog\u00e1t - Hot News in World\",\"isPartOf\":{\"@id\":\"https:\\\/\\\/hotnewsinworld.com\\\/hu\\\/#website\"},\"primaryImageOfPage\":{\"@id\":\"https:\\\/\\\/hotnewsinworld.com\\\/hu\\\/nem-fuggesztettek-fel-a-ragalmazo-es-becsuletserto-fideszes-kepviselo-mentelmi-jogat\\\/#primaryimage\"},\"image\":{\"@id\":\"https:\\\/\\\/hotnewsinworld.com\\\/hu\\\/nem-fuggesztettek-fel-a-ragalmazo-es-becsuletserto-fideszes-kepviselo-mentelmi-jogat\\\/#primaryimage\"},\"thumbnailUrl\":\"https:\\\/\\\/hotnewsinworld.com\\\/hu\\\/wp-content\\\/uploads\\\/sites\\\/3\\\/2021\\\/03\\\/Nem-fuggesztettek-fel-a-ragalmazo-es-becsuletserto-fideszes-kepviselo-mentelmi.jpg\",\"datePublished\":\"2021-03-16T17:07:14+00:00\",\"dateModified\":\"2021-03-16T17:07:18+00:00\",\"author\":{\"@id\":\"https:\\\/\\\/hotnewsinworld.com\\\/hu\\\/#\\\/schema\\\/person\\\/fe61448b21c0d59086e75fcc1f9d8f6b\"},\"breadcrumb\":{\"@id\":\"https:\\\/\\\/hotnewsinworld.com\\\/hu\\\/nem-fuggesztettek-fel-a-ragalmazo-es-becsuletserto-fideszes-kepviselo-mentelmi-jogat\\\/#breadcrumb\"},\"inLanguage\":\"hu\",\"potentialAction\":[{\"@type\":\"ReadAction\",\"target\":[\"https:\\\/\\\/hotnewsinworld.com\\\/hu\\\/nem-fuggesztettek-fel-a-ragalmazo-es-becsuletserto-fideszes-kepviselo-mentelmi-jogat\\\/\"]}]},{\"@type\":\"ImageObject\",\"inLanguage\":\"hu\",\"@id\":\"https:\\\/\\\/hotnewsinworld.com\\\/hu\\\/nem-fuggesztettek-fel-a-ragalmazo-es-becsuletserto-fideszes-kepviselo-mentelmi-jogat\\\/#primaryimage\",\"url\":\"https:\\\/\\\/hotnewsinworld.com\\\/hu\\\/wp-content\\\/uploads\\\/sites\\\/3\\\/2021\\\/03\\\/Nem-fuggesztettek-fel-a-ragalmazo-es-becsuletserto-fideszes-kepviselo-mentelmi.jpg\",\"contentUrl\":\"https:\\\/\\\/hotnewsinworld.com\\\/hu\\\/wp-content\\\/uploads\\\/sites\\\/3\\\/2021\\\/03\\\/Nem-fuggesztettek-fel-a-ragalmazo-es-becsuletserto-fideszes-kepviselo-mentelmi.jpg\",\"width\":800,\"height\":450,\"caption\":\"Nem f&uuml;ggesztett&eacute;k fel a r&aacute;galmaz&oacute; &eacute;s becs&uuml;lets&eacute;rt\u0151 fideszes k&eacute;pvisel\u0151 mentelmi jog&aacute;t\"},{\"@type\":\"BreadcrumbList\",\"@id\":\"https:\\\/\\\/hotnewsinworld.com\\\/hu\\\/nem-fuggesztettek-fel-a-ragalmazo-es-becsuletserto-fideszes-kepviselo-mentelmi-jogat\\\/#breadcrumb\",\"itemListElement\":[{\"@type\":\"ListItem\",\"position\":1,\"name\":\"\u0413\u043b\u0430\u0432\u043d\u0430\u044f \u0441\u0442\u0440\u0430\u043d\u0438\u0446\u0430\",\"item\":\"https:\\\/\\\/hotnewsinworld.com\\\/hu\\\/\"},{\"@type\":\"ListItem\",\"position\":2,\"name\":\"Nem f\u00fcggesztett\u00e9k fel a r\u00e1galmaz\u00f3 \u00e9s becs\u00fclets\u00e9rt\u0151 fideszes k\u00e9pvisel\u0151 mentelmi jog\u00e1t\"}]},{\"@type\":\"WebSite\",\"@id\":\"https:\\\/\\\/hotnewsinworld.com\\\/hu\\\/#website\",\"url\":\"https:\\\/\\\/hotnewsinworld.com\\\/hu\\\/\",\"name\":\"Hot News in World\",\"description\":\"Hot News in World from Hungary\",\"potentialAction\":[{\"@type\":\"SearchAction\",\"target\":{\"@type\":\"EntryPoint\",\"urlTemplate\":\"https:\\\/\\\/hotnewsinworld.com\\\/hu\\\/?s={search_term_string}\"},\"query-input\":{\"@type\":\"PropertyValueSpecification\",\"valueRequired\":true,\"valueName\":\"search_term_string\"}}],\"inLanguage\":\"hu\"},{\"@type\":\"Person\",\"@id\":\"https:\\\/\\\/hotnewsinworld.com\\\/hu\\\/#\\\/schema\\\/person\\\/fe61448b21c0d59086e75fcc1f9d8f6b\",\"name\":\"hotnewsinworld\",\"image\":{\"@type\":\"ImageObject\",\"inLanguage\":\"hu\",\"@id\":\"https:\\\/\\\/secure.gravatar.com\\\/avatar\\\/8a09ac165600ce2e1c38fe593c63928eb1e6e7ba5c5a907d67787c41b3d00c14?s=96&d=mm&r=g\",\"url\":\"https:\\\/\\\/secure.gravatar.com\\\/avatar\\\/8a09ac165600ce2e1c38fe593c63928eb1e6e7ba5c5a907d67787c41b3d00c14?s=96&d=mm&r=g\",\"contentUrl\":\"https:\\\/\\\/secure.gravatar.com\\\/avatar\\\/8a09ac165600ce2e1c38fe593c63928eb1e6e7ba5c5a907d67787c41b3d00c14?s=96&d=mm&r=g\",\"caption\":\"hotnewsinworld\"},\"url\":\"https:\\\/\\\/hotnewsinworld.com\\\/hu\\\/author\\\/pt\\\/\"}]}<\/script>\n<!-- \/ Yoast SEO plugin. -->","yoast_head_json":{"title":"Nem f\u00fcggesztett\u00e9k fel a r\u00e1galmaz\u00f3 \u00e9s becs\u00fclets\u00e9rt\u0151 fideszes k\u00e9pvisel\u0151 mentelmi jog\u00e1t - Hot News in World","robots":{"index":"index","follow":"follow","max-snippet":"max-snippet:-1","max-image-preview":"max-image-preview:large","max-video-preview":"max-video-preview:-1"},"canonical":"https:\/\/hotnewsinworld.com\/hu\/nem-fuggesztettek-fel-a-ragalmazo-es-becsuletserto-fideszes-kepviselo-mentelmi-jogat\/","og_locale":"hu_HU","og_type":"article","og_title":"Nem f\u00fcggesztett\u00e9k fel a r\u00e1galmaz\u00f3 \u00e9s becs\u00fclets\u00e9rt\u0151 fideszes k\u00e9pvisel\u0151 mentelmi jog\u00e1t - Hot News in World","og_description":"Witzmann Mih\u00e1ly fideszes orsz\u00e1ggy\u0171l\u00e9si k\u00e9pvisel\u0151 mentelmi jog\u00e1nak felf\u00fcggeszt\u00e9s\u00e9r\u0151l szavazott a Parlament, nem lett meglep\u0151 az eredm\u00e9ny \u00edrja a 444. R\u00e1galmaz\u00e1s \u00e9s becs\u00fclets\u00e9rt\u00e9s miatt volt erre sz\u00fcks\u00e9g. K\u00e9p:YouTube A Fidesz-KDNP-s Hargitai J\u00e1nos elmondta, hogy Witzmann Mih\u00e1ly augusztusban arr\u00f3l \u00edrt a Facebookon, hogy kor\u00e1bban a si\u00f3foki k\u00e9pvisel\u0151i irod\u00e1j\u00e1t k\u00fcl\u00f6nb\u00f6z\u0151 sz\u00f6vegekkel k\u00f6rberagasztott\u00e1k, \u00e9s h\u00e1rom szem\u00e9lyt nevezett meg, akik [&hellip;]","og_url":"https:\/\/hotnewsinworld.com\/hu\/nem-fuggesztettek-fel-a-ragalmazo-es-becsuletserto-fideszes-kepviselo-mentelmi-jogat\/","og_site_name":"Hot News in World","article_published_time":"2021-03-16T17:07:14+00:00","article_modified_time":"2021-03-16T17:07:18+00:00","og_image":[{"width":800,"height":450,"url":"https:\/\/hotnewsinworld.com\/hu\/wp-content\/uploads\/sites\/3\/2021\/03\/Nem-fuggesztettek-fel-a-ragalmazo-es-becsuletserto-fideszes-kepviselo-mentelmi.jpg","type":"image\/jpeg"}],"author":"hotnewsinworld","twitter_card":"summary_large_image","twitter_misc":{"Szerz\u0151:":"hotnewsinworld","Becs\u00fclt olvas\u00e1si id\u0151":"1 perc"},"schema":{"@context":"https:\/\/schema.org","@graph":[{"@type":"Article","@id":"https:\/\/hotnewsinworld.com\/hu\/nem-fuggesztettek-fel-a-ragalmazo-es-becsuletserto-fideszes-kepviselo-mentelmi-jogat\/#article","isPartOf":{"@id":"https:\/\/hotnewsinworld.com\/hu\/nem-fuggesztettek-fel-a-ragalmazo-es-becsuletserto-fideszes-kepviselo-mentelmi-jogat\/"},"author":{"name":"hotnewsinworld","@id":"https:\/\/hotnewsinworld.com\/hu\/#\/schema\/person\/fe61448b21c0d59086e75fcc1f9d8f6b"},"headline":"Nem f\u00fcggesztett\u00e9k fel a r\u00e1galmaz\u00f3 \u00e9s becs\u00fclets\u00e9rt\u0151 fideszes k\u00e9pvisel\u0151 mentelmi jog\u00e1t","datePublished":"2021-03-16T17:07:14+00:00","dateModified":"2021-03-16T17:07:18+00:00","mainEntityOfPage":{"@id":"https:\/\/hotnewsinworld.com\/hu\/nem-fuggesztettek-fel-a-ragalmazo-es-becsuletserto-fideszes-kepviselo-mentelmi-jogat\/"},"wordCount":191,"commentCount":0,"image":{"@id":"https:\/\/hotnewsinworld.com\/hu\/nem-fuggesztettek-fel-a-ragalmazo-es-becsuletserto-fideszes-kepviselo-mentelmi-jogat\/#primaryimage"},"thumbnailUrl":"https:\/\/hotnewsinworld.com\/hu\/wp-content\/uploads\/sites\/3\/2021\/03\/Nem-fuggesztettek-fel-a-ragalmazo-es-becsuletserto-fideszes-kepviselo-mentelmi.jpg","articleSection":["LEG\u00daJABB P\u00c9NZ\u00dcGYI H\u00cdREK"],"inLanguage":"hu","potentialAction":[{"@type":"CommentAction","name":"Comment","target":["https:\/\/hotnewsinworld.com\/hu\/nem-fuggesztettek-fel-a-ragalmazo-es-becsuletserto-fideszes-kepviselo-mentelmi-jogat\/#respond"]}]},{"@type":"WebPage","@id":"https:\/\/hotnewsinworld.com\/hu\/nem-fuggesztettek-fel-a-ragalmazo-es-becsuletserto-fideszes-kepviselo-mentelmi-jogat\/","url":"https:\/\/hotnewsinworld.com\/hu\/nem-fuggesztettek-fel-a-ragalmazo-es-becsuletserto-fideszes-kepviselo-mentelmi-jogat\/","name":"Nem f\u00fcggesztett\u00e9k fel a r\u00e1galmaz\u00f3 \u00e9s becs\u00fclets\u00e9rt\u0151 fideszes k\u00e9pvisel\u0151 mentelmi jog\u00e1t - Hot News in World","isPartOf":{"@id":"https:\/\/hotnewsinworld.com\/hu\/#website"},"primaryImageOfPage":{"@id":"https:\/\/hotnewsinworld.com\/hu\/nem-fuggesztettek-fel-a-ragalmazo-es-becsuletserto-fideszes-kepviselo-mentelmi-jogat\/#primaryimage"},"image":{"@id":"https:\/\/hotnewsinworld.com\/hu\/nem-fuggesztettek-fel-a-ragalmazo-es-becsuletserto-fideszes-kepviselo-mentelmi-jogat\/#primaryimage"},"thumbnailUrl":"https:\/\/hotnewsinworld.com\/hu\/wp-content\/uploads\/sites\/3\/2021\/03\/Nem-fuggesztettek-fel-a-ragalmazo-es-becsuletserto-fideszes-kepviselo-mentelmi.jpg","datePublished":"2021-03-16T17:07:14+00:00","dateModified":"2021-03-16T17:07:18+00:00","author":{"@id":"https:\/\/hotnewsinworld.com\/hu\/#\/schema\/person\/fe61448b21c0d59086e75fcc1f9d8f6b"},"breadcrumb":{"@id":"https:\/\/hotnewsinworld.com\/hu\/nem-fuggesztettek-fel-a-ragalmazo-es-becsuletserto-fideszes-kepviselo-mentelmi-jogat\/#breadcrumb"},"inLanguage":"hu","potentialAction":[{"@type":"ReadAction","target":["https:\/\/hotnewsinworld.com\/hu\/nem-fuggesztettek-fel-a-ragalmazo-es-becsuletserto-fideszes-kepviselo-mentelmi-jogat\/"]}]},{"@type":"ImageObject","inLanguage":"hu","@id":"https:\/\/hotnewsinworld.com\/hu\/nem-fuggesztettek-fel-a-ragalmazo-es-becsuletserto-fideszes-kepviselo-mentelmi-jogat\/#primaryimage","url":"https:\/\/hotnewsinworld.com\/hu\/wp-content\/uploads\/sites\/3\/2021\/03\/Nem-fuggesztettek-fel-a-ragalmazo-es-becsuletserto-fideszes-kepviselo-mentelmi.jpg","contentUrl":"https:\/\/hotnewsinworld.com\/hu\/wp-content\/uploads\/sites\/3\/2021\/03\/Nem-fuggesztettek-fel-a-ragalmazo-es-becsuletserto-fideszes-kepviselo-mentelmi.jpg","width":800,"height":450,"caption":"Nem f&uuml;ggesztett&eacute;k fel a r&aacute;galmaz&oacute; &eacute;s becs&uuml;lets&eacute;rt\u0151 fideszes k&eacute;pvisel\u0151 mentelmi jog&aacute;t"},{"@type":"BreadcrumbList","@id":"https:\/\/hotnewsinworld.com\/hu\/nem-fuggesztettek-fel-a-ragalmazo-es-becsuletserto-fideszes-kepviselo-mentelmi-jogat\/#breadcrumb","itemListElement":[{"@type":"ListItem","position":1,"name":"\u0413\u043b\u0430\u0432\u043d\u0430\u044f \u0441\u0442\u0440\u0430\u043d\u0438\u0446\u0430","item":"https:\/\/hotnewsinworld.com\/hu\/"},{"@type":"ListItem","position":2,"name":"Nem f\u00fcggesztett\u00e9k fel a r\u00e1galmaz\u00f3 \u00e9s becs\u00fclets\u00e9rt\u0151 fideszes k\u00e9pvisel\u0151 mentelmi jog\u00e1t"}]},{"@type":"WebSite","@id":"https:\/\/hotnewsinworld.com\/hu\/#website","url":"https:\/\/hotnewsinworld.com\/hu\/","name":"Hot News in World","description":"Hot News in World from Hungary","potentialAction":[{"@type":"SearchAction","target":{"@type":"EntryPoint","urlTemplate":"https:\/\/hotnewsinworld.com\/hu\/?s={search_term_string}"},"query-input":{"@type":"PropertyValueSpecification","valueRequired":true,"valueName":"search_term_string"}}],"inLanguage":"hu"},{"@type":"Person","@id":"https:\/\/hotnewsinworld.com\/hu\/#\/schema\/person\/fe61448b21c0d59086e75fcc1f9d8f6b","name":"hotnewsinworld","image":{"@type":"ImageObject","inLanguage":"hu","@id":"https:\/\/secure.gravatar.com\/avatar\/8a09ac165600ce2e1c38fe593c63928eb1e6e7ba5c5a907d67787c41b3d00c14?s=96&d=mm&r=g","url":"https:\/\/secure.gravatar.com\/avatar\/8a09ac165600ce2e1c38fe593c63928eb1e6e7ba5c5a907d67787c41b3d00c14?s=96&d=mm&r=g","contentUrl":"https:\/\/secure.gravatar.com\/avatar\/8a09ac165600ce2e1c38fe593c63928eb1e6e7ba5c5a907d67787c41b3d00c14?s=96&d=mm&r=g","caption":"hotnewsinworld"},"url":"https:\/\/hotnewsinworld.com\/hu\/author\/pt\/"}]}},"_links":{"self":[{"href":"https:\/\/hotnewsinworld.com\/hu\/wp-json\/wp\/v2\/posts\/2578","targetHints":{"allow":["GET"]}}],"collection":[{"href":"https:\/\/hotnewsinworld.com\/hu\/wp-json\/wp\/v2\/posts"}],"about":[{"href":"https:\/\/hotnewsinworld.com\/hu\/wp-json\/wp\/v2\/types\/post"}],"author":[{"embeddable":true,"href":"https:\/\/hotnewsinworld.com\/hu\/wp-json\/wp\/v2\/users\/2"}],"replies":[{"embeddable":true,"href":"https:\/\/hotnewsinworld.com\/hu\/wp-json\/wp\/v2\/comments?post=2578"}],"version-history":[{"count":1,"href":"https:\/\/hotnewsinworld.com\/hu\/wp-json\/wp\/v2\/posts\/2578\/revisions"}],"predecessor-version":[{"id":2580,"href":"https:\/\/hotnewsinworld.com\/hu\/wp-json\/wp\/v2\/posts\/2578\/revisions\/2580"}],"wp:featuredmedia":[{"embeddable":true,"href":"https:\/\/hotnewsinworld.com\/hu\/wp-json\/wp\/v2\/media\/2579"}],"wp:attachment":[{"href":"https:\/\/hotnewsinworld.com\/hu\/wp-json\/wp\/v2\/media?parent=2578"}],"wp:term":[{"taxonomy":"category","embeddable":true,"href":"https:\/\/hotnewsinworld.com\/hu\/wp-json\/wp\/v2\/categories?post=2578"},{"taxonomy":"post_tag","embeddable":true,"href":"https:\/\/hotnewsinworld.com\/hu\/wp-json\/wp\/v2\/tags?post=2578"}],"curies":[{"name":"wp","href":"https:\/\/api.w.org\/{rel}","templated":true}]}}