{"id":2590,"date":"2021-04-13T22:02:46","date_gmt":"2021-04-13T19:02:46","guid":{"rendered":"https:\/\/hotnewsinworld.com\/hu\/nem-vett-maszkot-a-boltba-egy-gyori-no-majd-odaig-fajult-a-vita-hogy-borton-is-lehet-a-vege\/"},"modified":"2021-04-13T22:02:48","modified_gmt":"2021-04-13T19:02:48","slug":"nem-vett-maszkot-a-boltba-egy-gyori-no-majd-odaig-fajult-a-vita-hogy-borton-is-lehet-a-vege","status":"publish","type":"post","link":"https:\/\/hotnewsinworld.com\/hu\/nem-vett-maszkot-a-boltba-egy-gyori-no-majd-odaig-fajult-a-vita-hogy-borton-is-lehet-a-vege\/","title":{"rendered":"Nem vett maszkot a boltba egy gy\u0151ri n\u0151, majd od\u00e1ig fajult a vita, hogy b\u00f6rt\u00f6n is lehet a v\u00e9ge"},"content":{"rendered":"<p>\t\t\t\tNem vett maszkot a boltba egy gy\u0151ri n\u0151, majd od\u00e1ig fajult a vita, hogy b\u00f6rt\u00f6n is lehet a v\u00e9ge<\/p>\n<p>    \t\t\t\tA 48 \u00e9ves n\u0151 nem viselt maszkot a boltban, \u00e9s mikor sz\u00f3ltak \u00e9rte az elad\u00f3k, eldurvult a vita. <\/p>\n<p>\t\t\t\t\t\t\t\t\t\t\tAz eset 2020 szeptember\u00e9ben t\u00f6rtlnt, mikor a v\u00e1dlott egy gy\u0151ri \u00e9lelmiszer\u00fczletbe ment be v\u00e1s\u00e1rolni sz\u00e1jmaszk n\u00e9lk\u00fcl. R\u00e1sz\u00f3ltak, hogy vegyen fel egyet, de erre nem volt hajland\u00f3 a n\u0151, \u00e9s kiab\u00e1lni kezdett. Az elad\u00f3k megmondt\u00e1k, hogy nem fogj\u00e1k \u00edgy kiszolg\u00e1lni, mire a v\u00e1dlott egy k\u00e9tezrest dobott a p\u00e9nzt\u00e1rszalagra, \u00e9s kiment a v\u00e1lasztott term\u00e9kekkel az \u00fczletb\u0151l.\u00a0<br \/>\n&#13;<br \/>\nAz \u00fczletvezet\u0151 ut\u00e1nament, \u00e9s az \u00fcgy\u00e9szs\u00e9g k\u00f6zlem\u00e9nye szerint a n\u0151 ker\u00e9kp\u00e1rj\u00e1t megfogva pr\u00f3b\u00e1lta a terheltet visszatartani, mire a v\u00e1dlott elkapta a s\u00e9rtett nyak\u00e1t \u00e9s meg is karmolta. V\u00e9g\u00fcl gar\u00e1zdas\u00e1g miatt emeltek v\u00e1dat ellene: vele szemben k\u00e9t \u00e9vig terjed\u0151 szabads\u00e1gveszt\u00e9s is kiszabhat\u00f3.&#13;<br \/>\natv.hu\/Bors<br \/>\n\t\t\t\t\tAj\u00e1nlom<\/p>\n<p>\n<!--noindex--><br \/>\n<a href=\"https:\/\/hirek.oldal.info\/rssclick\/15822101\" rel=\"nofollow\">Source link <\/a><br \/>\n<!--\/noindex--><\/p>\n","protected":false},"excerpt":{"rendered":"<p>Nem vett maszkot a boltba egy gy\u0151ri n\u0151, majd od\u00e1ig fajult a vita, hogy b\u00f6rt\u00f6n is lehet a v\u00e9ge A 48 \u00e9ves n\u0151 nem viselt maszkot a boltban, \u00e9s mikor sz\u00f3ltak \u00e9rte az elad\u00f3k, eldurvult a vita. Az eset 2020 szeptember\u00e9ben t\u00f6rtlnt, mikor a v\u00e1dlott egy gy\u0151ri \u00e9lelmiszer\u00fczletbe ment be v\u00e1s\u00e1rolni sz\u00e1jmaszk n\u00e9lk\u00fcl. R\u00e1sz\u00f3ltak, hogy [&hellip;]<\/p>\n","protected":false},"author":2,"featured_media":2591,"comment_status":"open","ping_status":"open","sticky":false,"template":"","format":"standard","meta":{"footnotes":""},"categories":[1],"tags":[],"class_list":["post-2590","post","type-post","status-publish","format-standard","has-post-thumbnail","hentry","category-legujabb-penzugyi-hirek"],"yoast_head":"<!-- This site is optimized with the Yoast SEO plugin v27.4 - https:\/\/yoast.com\/product\/yoast-seo-wordpress\/ -->\n<title>Nem vett maszkot a boltba egy gy\u0151ri n\u0151, majd od\u00e1ig fajult a vita, hogy b\u00f6rt\u00f6n is lehet a v\u00e9ge - Hot News in World<\/title>\n<meta name=\"robots\" content=\"index, follow, max-snippet:-1, max-image-preview:large, max-video-preview:-1\" \/>\n<link rel=\"canonical\" href=\"https:\/\/hotnewsinworld.com\/hu\/nem-vett-maszkot-a-boltba-egy-gyori-no-majd-odaig-fajult-a-vita-hogy-borton-is-lehet-a-vege\/\" \/>\n<meta property=\"og:locale\" content=\"hu_HU\" \/>\n<meta property=\"og:type\" content=\"article\" \/>\n<meta property=\"og:title\" content=\"Nem vett maszkot a boltba egy gy\u0151ri n\u0151, majd od\u00e1ig fajult a vita, hogy b\u00f6rt\u00f6n is lehet a v\u00e9ge - Hot News in World\" \/>\n<meta property=\"og:description\" content=\"Nem vett maszkot a boltba egy gy\u0151ri n\u0151, majd od\u00e1ig fajult a vita, hogy b\u00f6rt\u00f6n is lehet a v\u00e9ge A 48 \u00e9ves n\u0151 nem viselt maszkot a boltban, \u00e9s mikor sz\u00f3ltak \u00e9rte az elad\u00f3k, eldurvult a vita. Az eset 2020 szeptember\u00e9ben t\u00f6rtlnt, mikor a v\u00e1dlott egy gy\u0151ri \u00e9lelmiszer\u00fczletbe ment be v\u00e1s\u00e1rolni sz\u00e1jmaszk n\u00e9lk\u00fcl. R\u00e1sz\u00f3ltak, hogy [&hellip;]\" \/>\n<meta property=\"og:url\" content=\"https:\/\/hotnewsinworld.com\/hu\/nem-vett-maszkot-a-boltba-egy-gyori-no-majd-odaig-fajult-a-vita-hogy-borton-is-lehet-a-vege\/\" \/>\n<meta property=\"og:site_name\" content=\"Hot News in World\" \/>\n<meta property=\"article:published_time\" content=\"2021-04-13T19:02:46+00:00\" \/>\n<meta property=\"article:modified_time\" content=\"2021-04-13T19:02:48+00:00\" \/>\n<meta property=\"og:image\" content=\"https:\/\/hotnewsinworld.com\/hu\/wp-content\/uploads\/sites\/3\/2021\/04\/Nem-vett-maszkot-a-boltba-egy-gyori-no-majd-odaig.jpg\" \/>\n\t<meta property=\"og:image:width\" content=\"600\" \/>\n\t<meta property=\"og:image:height\" content=\"315\" \/>\n\t<meta property=\"og:image:type\" content=\"image\/jpeg\" \/>\n<meta name=\"author\" content=\"hotnewsinworld\" \/>\n<meta name=\"twitter:card\" content=\"summary_large_image\" \/>\n<meta name=\"twitter:label1\" content=\"Szerz\u0151:\" \/>\n\t<meta name=\"twitter:data1\" content=\"hotnewsinworld\" \/>\n\t<meta name=\"twitter:label2\" content=\"Becs\u00fclt olvas\u00e1si id\u0151\" \/>\n\t<meta name=\"twitter:data2\" content=\"1 perc\" \/>\n<script type=\"application\/ld+json\" class=\"yoast-schema-graph\">{\"@context\":\"https:\\\/\\\/schema.org\",\"@graph\":[{\"@type\":\"Article\",\"@id\":\"https:\\\/\\\/hotnewsinworld.com\\\/hu\\\/nem-vett-maszkot-a-boltba-egy-gyori-no-majd-odaig-fajult-a-vita-hogy-borton-is-lehet-a-vege\\\/#article\",\"isPartOf\":{\"@id\":\"https:\\\/\\\/hotnewsinworld.com\\\/hu\\\/nem-vett-maszkot-a-boltba-egy-gyori-no-majd-odaig-fajult-a-vita-hogy-borton-is-lehet-a-vege\\\/\"},\"author\":{\"name\":\"hotnewsinworld\",\"@id\":\"https:\\\/\\\/hotnewsinworld.com\\\/hu\\\/#\\\/schema\\\/person\\\/fe61448b21c0d59086e75fcc1f9d8f6b\"},\"headline\":\"Nem vett maszkot a boltba egy gy\u0151ri n\u0151, majd od\u00e1ig fajult a vita, hogy b\u00f6rt\u00f6n is lehet a v\u00e9ge\",\"datePublished\":\"2021-04-13T19:02:46+00:00\",\"dateModified\":\"2021-04-13T19:02:48+00:00\",\"mainEntityOfPage\":{\"@id\":\"https:\\\/\\\/hotnewsinworld.com\\\/hu\\\/nem-vett-maszkot-a-boltba-egy-gyori-no-majd-odaig-fajult-a-vita-hogy-borton-is-lehet-a-vege\\\/\"},\"wordCount\":213,\"commentCount\":0,\"image\":{\"@id\":\"https:\\\/\\\/hotnewsinworld.com\\\/hu\\\/nem-vett-maszkot-a-boltba-egy-gyori-no-majd-odaig-fajult-a-vita-hogy-borton-is-lehet-a-vege\\\/#primaryimage\"},\"thumbnailUrl\":\"https:\\\/\\\/hotnewsinworld.com\\\/hu\\\/wp-content\\\/uploads\\\/sites\\\/3\\\/2021\\\/04\\\/Nem-vett-maszkot-a-boltba-egy-gyori-no-majd-odaig.jpg\",\"articleSection\":[\"LEG\u00daJABB P\u00c9NZ\u00dcGYI H\u00cdREK\"],\"inLanguage\":\"hu\",\"potentialAction\":[{\"@type\":\"CommentAction\",\"name\":\"Comment\",\"target\":[\"https:\\\/\\\/hotnewsinworld.com\\\/hu\\\/nem-vett-maszkot-a-boltba-egy-gyori-no-majd-odaig-fajult-a-vita-hogy-borton-is-lehet-a-vege\\\/#respond\"]}]},{\"@type\":\"WebPage\",\"@id\":\"https:\\\/\\\/hotnewsinworld.com\\\/hu\\\/nem-vett-maszkot-a-boltba-egy-gyori-no-majd-odaig-fajult-a-vita-hogy-borton-is-lehet-a-vege\\\/\",\"url\":\"https:\\\/\\\/hotnewsinworld.com\\\/hu\\\/nem-vett-maszkot-a-boltba-egy-gyori-no-majd-odaig-fajult-a-vita-hogy-borton-is-lehet-a-vege\\\/\",\"name\":\"Nem vett maszkot a boltba egy gy\u0151ri n\u0151, majd od\u00e1ig fajult a vita, hogy b\u00f6rt\u00f6n is lehet a v\u00e9ge - Hot News in World\",\"isPartOf\":{\"@id\":\"https:\\\/\\\/hotnewsinworld.com\\\/hu\\\/#website\"},\"primaryImageOfPage\":{\"@id\":\"https:\\\/\\\/hotnewsinworld.com\\\/hu\\\/nem-vett-maszkot-a-boltba-egy-gyori-no-majd-odaig-fajult-a-vita-hogy-borton-is-lehet-a-vege\\\/#primaryimage\"},\"image\":{\"@id\":\"https:\\\/\\\/hotnewsinworld.com\\\/hu\\\/nem-vett-maszkot-a-boltba-egy-gyori-no-majd-odaig-fajult-a-vita-hogy-borton-is-lehet-a-vege\\\/#primaryimage\"},\"thumbnailUrl\":\"https:\\\/\\\/hotnewsinworld.com\\\/hu\\\/wp-content\\\/uploads\\\/sites\\\/3\\\/2021\\\/04\\\/Nem-vett-maszkot-a-boltba-egy-gyori-no-majd-odaig.jpg\",\"datePublished\":\"2021-04-13T19:02:46+00:00\",\"dateModified\":\"2021-04-13T19:02:48+00:00\",\"author\":{\"@id\":\"https:\\\/\\\/hotnewsinworld.com\\\/hu\\\/#\\\/schema\\\/person\\\/fe61448b21c0d59086e75fcc1f9d8f6b\"},\"breadcrumb\":{\"@id\":\"https:\\\/\\\/hotnewsinworld.com\\\/hu\\\/nem-vett-maszkot-a-boltba-egy-gyori-no-majd-odaig-fajult-a-vita-hogy-borton-is-lehet-a-vege\\\/#breadcrumb\"},\"inLanguage\":\"hu\",\"potentialAction\":[{\"@type\":\"ReadAction\",\"target\":[\"https:\\\/\\\/hotnewsinworld.com\\\/hu\\\/nem-vett-maszkot-a-boltba-egy-gyori-no-majd-odaig-fajult-a-vita-hogy-borton-is-lehet-a-vege\\\/\"]}]},{\"@type\":\"ImageObject\",\"inLanguage\":\"hu\",\"@id\":\"https:\\\/\\\/hotnewsinworld.com\\\/hu\\\/nem-vett-maszkot-a-boltba-egy-gyori-no-majd-odaig-fajult-a-vita-hogy-borton-is-lehet-a-vege\\\/#primaryimage\",\"url\":\"https:\\\/\\\/hotnewsinworld.com\\\/hu\\\/wp-content\\\/uploads\\\/sites\\\/3\\\/2021\\\/04\\\/Nem-vett-maszkot-a-boltba-egy-gyori-no-majd-odaig.jpg\",\"contentUrl\":\"https:\\\/\\\/hotnewsinworld.com\\\/hu\\\/wp-content\\\/uploads\\\/sites\\\/3\\\/2021\\\/04\\\/Nem-vett-maszkot-a-boltba-egy-gyori-no-majd-odaig.jpg\",\"width\":600,\"height\":315,\"caption\":\"Nem vett maszkot a boltba egy gy\u0151ri n\u0151, majd od\u00e1ig fajult a vita, hogy b\u00f6rt\u00f6n is lehet a v\u00e9ge\"},{\"@type\":\"BreadcrumbList\",\"@id\":\"https:\\\/\\\/hotnewsinworld.com\\\/hu\\\/nem-vett-maszkot-a-boltba-egy-gyori-no-majd-odaig-fajult-a-vita-hogy-borton-is-lehet-a-vege\\\/#breadcrumb\",\"itemListElement\":[{\"@type\":\"ListItem\",\"position\":1,\"name\":\"\u0413\u043b\u0430\u0432\u043d\u0430\u044f \u0441\u0442\u0440\u0430\u043d\u0438\u0446\u0430\",\"item\":\"https:\\\/\\\/hotnewsinworld.com\\\/hu\\\/\"},{\"@type\":\"ListItem\",\"position\":2,\"name\":\"Nem vett maszkot a boltba egy gy\u0151ri n\u0151, majd od\u00e1ig fajult a vita, hogy b\u00f6rt\u00f6n is lehet a v\u00e9ge\"}]},{\"@type\":\"WebSite\",\"@id\":\"https:\\\/\\\/hotnewsinworld.com\\\/hu\\\/#website\",\"url\":\"https:\\\/\\\/hotnewsinworld.com\\\/hu\\\/\",\"name\":\"Hot News in World\",\"description\":\"Hot News in World from Hungary\",\"potentialAction\":[{\"@type\":\"SearchAction\",\"target\":{\"@type\":\"EntryPoint\",\"urlTemplate\":\"https:\\\/\\\/hotnewsinworld.com\\\/hu\\\/?s={search_term_string}\"},\"query-input\":{\"@type\":\"PropertyValueSpecification\",\"valueRequired\":true,\"valueName\":\"search_term_string\"}}],\"inLanguage\":\"hu\"},{\"@type\":\"Person\",\"@id\":\"https:\\\/\\\/hotnewsinworld.com\\\/hu\\\/#\\\/schema\\\/person\\\/fe61448b21c0d59086e75fcc1f9d8f6b\",\"name\":\"hotnewsinworld\",\"image\":{\"@type\":\"ImageObject\",\"inLanguage\":\"hu\",\"@id\":\"https:\\\/\\\/secure.gravatar.com\\\/avatar\\\/8a09ac165600ce2e1c38fe593c63928eb1e6e7ba5c5a907d67787c41b3d00c14?s=96&d=mm&r=g\",\"url\":\"https:\\\/\\\/secure.gravatar.com\\\/avatar\\\/8a09ac165600ce2e1c38fe593c63928eb1e6e7ba5c5a907d67787c41b3d00c14?s=96&d=mm&r=g\",\"contentUrl\":\"https:\\\/\\\/secure.gravatar.com\\\/avatar\\\/8a09ac165600ce2e1c38fe593c63928eb1e6e7ba5c5a907d67787c41b3d00c14?s=96&d=mm&r=g\",\"caption\":\"hotnewsinworld\"},\"url\":\"https:\\\/\\\/hotnewsinworld.com\\\/hu\\\/author\\\/pt\\\/\"}]}<\/script>\n<!-- \/ Yoast SEO plugin. -->","yoast_head_json":{"title":"Nem vett maszkot a boltba egy gy\u0151ri n\u0151, majd od\u00e1ig fajult a vita, hogy b\u00f6rt\u00f6n is lehet a v\u00e9ge - Hot News in World","robots":{"index":"index","follow":"follow","max-snippet":"max-snippet:-1","max-image-preview":"max-image-preview:large","max-video-preview":"max-video-preview:-1"},"canonical":"https:\/\/hotnewsinworld.com\/hu\/nem-vett-maszkot-a-boltba-egy-gyori-no-majd-odaig-fajult-a-vita-hogy-borton-is-lehet-a-vege\/","og_locale":"hu_HU","og_type":"article","og_title":"Nem vett maszkot a boltba egy gy\u0151ri n\u0151, majd od\u00e1ig fajult a vita, hogy b\u00f6rt\u00f6n is lehet a v\u00e9ge - Hot News in World","og_description":"Nem vett maszkot a boltba egy gy\u0151ri n\u0151, majd od\u00e1ig fajult a vita, hogy b\u00f6rt\u00f6n is lehet a v\u00e9ge A 48 \u00e9ves n\u0151 nem viselt maszkot a boltban, \u00e9s mikor sz\u00f3ltak \u00e9rte az elad\u00f3k, eldurvult a vita. Az eset 2020 szeptember\u00e9ben t\u00f6rtlnt, mikor a v\u00e1dlott egy gy\u0151ri \u00e9lelmiszer\u00fczletbe ment be v\u00e1s\u00e1rolni sz\u00e1jmaszk n\u00e9lk\u00fcl. R\u00e1sz\u00f3ltak, hogy [&hellip;]","og_url":"https:\/\/hotnewsinworld.com\/hu\/nem-vett-maszkot-a-boltba-egy-gyori-no-majd-odaig-fajult-a-vita-hogy-borton-is-lehet-a-vege\/","og_site_name":"Hot News in World","article_published_time":"2021-04-13T19:02:46+00:00","article_modified_time":"2021-04-13T19:02:48+00:00","og_image":[{"width":600,"height":315,"url":"https:\/\/hotnewsinworld.com\/hu\/wp-content\/uploads\/sites\/3\/2021\/04\/Nem-vett-maszkot-a-boltba-egy-gyori-no-majd-odaig.jpg","type":"image\/jpeg"}],"author":"hotnewsinworld","twitter_card":"summary_large_image","twitter_misc":{"Szerz\u0151:":"hotnewsinworld","Becs\u00fclt olvas\u00e1si id\u0151":"1 perc"},"schema":{"@context":"https:\/\/schema.org","@graph":[{"@type":"Article","@id":"https:\/\/hotnewsinworld.com\/hu\/nem-vett-maszkot-a-boltba-egy-gyori-no-majd-odaig-fajult-a-vita-hogy-borton-is-lehet-a-vege\/#article","isPartOf":{"@id":"https:\/\/hotnewsinworld.com\/hu\/nem-vett-maszkot-a-boltba-egy-gyori-no-majd-odaig-fajult-a-vita-hogy-borton-is-lehet-a-vege\/"},"author":{"name":"hotnewsinworld","@id":"https:\/\/hotnewsinworld.com\/hu\/#\/schema\/person\/fe61448b21c0d59086e75fcc1f9d8f6b"},"headline":"Nem vett maszkot a boltba egy gy\u0151ri n\u0151, majd od\u00e1ig fajult a vita, hogy b\u00f6rt\u00f6n is lehet a v\u00e9ge","datePublished":"2021-04-13T19:02:46+00:00","dateModified":"2021-04-13T19:02:48+00:00","mainEntityOfPage":{"@id":"https:\/\/hotnewsinworld.com\/hu\/nem-vett-maszkot-a-boltba-egy-gyori-no-majd-odaig-fajult-a-vita-hogy-borton-is-lehet-a-vege\/"},"wordCount":213,"commentCount":0,"image":{"@id":"https:\/\/hotnewsinworld.com\/hu\/nem-vett-maszkot-a-boltba-egy-gyori-no-majd-odaig-fajult-a-vita-hogy-borton-is-lehet-a-vege\/#primaryimage"},"thumbnailUrl":"https:\/\/hotnewsinworld.com\/hu\/wp-content\/uploads\/sites\/3\/2021\/04\/Nem-vett-maszkot-a-boltba-egy-gyori-no-majd-odaig.jpg","articleSection":["LEG\u00daJABB P\u00c9NZ\u00dcGYI H\u00cdREK"],"inLanguage":"hu","potentialAction":[{"@type":"CommentAction","name":"Comment","target":["https:\/\/hotnewsinworld.com\/hu\/nem-vett-maszkot-a-boltba-egy-gyori-no-majd-odaig-fajult-a-vita-hogy-borton-is-lehet-a-vege\/#respond"]}]},{"@type":"WebPage","@id":"https:\/\/hotnewsinworld.com\/hu\/nem-vett-maszkot-a-boltba-egy-gyori-no-majd-odaig-fajult-a-vita-hogy-borton-is-lehet-a-vege\/","url":"https:\/\/hotnewsinworld.com\/hu\/nem-vett-maszkot-a-boltba-egy-gyori-no-majd-odaig-fajult-a-vita-hogy-borton-is-lehet-a-vege\/","name":"Nem vett maszkot a boltba egy gy\u0151ri n\u0151, majd od\u00e1ig fajult a vita, hogy b\u00f6rt\u00f6n is lehet a v\u00e9ge - Hot News in World","isPartOf":{"@id":"https:\/\/hotnewsinworld.com\/hu\/#website"},"primaryImageOfPage":{"@id":"https:\/\/hotnewsinworld.com\/hu\/nem-vett-maszkot-a-boltba-egy-gyori-no-majd-odaig-fajult-a-vita-hogy-borton-is-lehet-a-vege\/#primaryimage"},"image":{"@id":"https:\/\/hotnewsinworld.com\/hu\/nem-vett-maszkot-a-boltba-egy-gyori-no-majd-odaig-fajult-a-vita-hogy-borton-is-lehet-a-vege\/#primaryimage"},"thumbnailUrl":"https:\/\/hotnewsinworld.com\/hu\/wp-content\/uploads\/sites\/3\/2021\/04\/Nem-vett-maszkot-a-boltba-egy-gyori-no-majd-odaig.jpg","datePublished":"2021-04-13T19:02:46+00:00","dateModified":"2021-04-13T19:02:48+00:00","author":{"@id":"https:\/\/hotnewsinworld.com\/hu\/#\/schema\/person\/fe61448b21c0d59086e75fcc1f9d8f6b"},"breadcrumb":{"@id":"https:\/\/hotnewsinworld.com\/hu\/nem-vett-maszkot-a-boltba-egy-gyori-no-majd-odaig-fajult-a-vita-hogy-borton-is-lehet-a-vege\/#breadcrumb"},"inLanguage":"hu","potentialAction":[{"@type":"ReadAction","target":["https:\/\/hotnewsinworld.com\/hu\/nem-vett-maszkot-a-boltba-egy-gyori-no-majd-odaig-fajult-a-vita-hogy-borton-is-lehet-a-vege\/"]}]},{"@type":"ImageObject","inLanguage":"hu","@id":"https:\/\/hotnewsinworld.com\/hu\/nem-vett-maszkot-a-boltba-egy-gyori-no-majd-odaig-fajult-a-vita-hogy-borton-is-lehet-a-vege\/#primaryimage","url":"https:\/\/hotnewsinworld.com\/hu\/wp-content\/uploads\/sites\/3\/2021\/04\/Nem-vett-maszkot-a-boltba-egy-gyori-no-majd-odaig.jpg","contentUrl":"https:\/\/hotnewsinworld.com\/hu\/wp-content\/uploads\/sites\/3\/2021\/04\/Nem-vett-maszkot-a-boltba-egy-gyori-no-majd-odaig.jpg","width":600,"height":315,"caption":"Nem vett maszkot a boltba egy gy\u0151ri n\u0151, majd od\u00e1ig fajult a vita, hogy b\u00f6rt\u00f6n is lehet a v\u00e9ge"},{"@type":"BreadcrumbList","@id":"https:\/\/hotnewsinworld.com\/hu\/nem-vett-maszkot-a-boltba-egy-gyori-no-majd-odaig-fajult-a-vita-hogy-borton-is-lehet-a-vege\/#breadcrumb","itemListElement":[{"@type":"ListItem","position":1,"name":"\u0413\u043b\u0430\u0432\u043d\u0430\u044f \u0441\u0442\u0440\u0430\u043d\u0438\u0446\u0430","item":"https:\/\/hotnewsinworld.com\/hu\/"},{"@type":"ListItem","position":2,"name":"Nem vett maszkot a boltba egy gy\u0151ri n\u0151, majd od\u00e1ig fajult a vita, hogy b\u00f6rt\u00f6n is lehet a v\u00e9ge"}]},{"@type":"WebSite","@id":"https:\/\/hotnewsinworld.com\/hu\/#website","url":"https:\/\/hotnewsinworld.com\/hu\/","name":"Hot News in World","description":"Hot News in World from Hungary","potentialAction":[{"@type":"SearchAction","target":{"@type":"EntryPoint","urlTemplate":"https:\/\/hotnewsinworld.com\/hu\/?s={search_term_string}"},"query-input":{"@type":"PropertyValueSpecification","valueRequired":true,"valueName":"search_term_string"}}],"inLanguage":"hu"},{"@type":"Person","@id":"https:\/\/hotnewsinworld.com\/hu\/#\/schema\/person\/fe61448b21c0d59086e75fcc1f9d8f6b","name":"hotnewsinworld","image":{"@type":"ImageObject","inLanguage":"hu","@id":"https:\/\/secure.gravatar.com\/avatar\/8a09ac165600ce2e1c38fe593c63928eb1e6e7ba5c5a907d67787c41b3d00c14?s=96&d=mm&r=g","url":"https:\/\/secure.gravatar.com\/avatar\/8a09ac165600ce2e1c38fe593c63928eb1e6e7ba5c5a907d67787c41b3d00c14?s=96&d=mm&r=g","contentUrl":"https:\/\/secure.gravatar.com\/avatar\/8a09ac165600ce2e1c38fe593c63928eb1e6e7ba5c5a907d67787c41b3d00c14?s=96&d=mm&r=g","caption":"hotnewsinworld"},"url":"https:\/\/hotnewsinworld.com\/hu\/author\/pt\/"}]}},"_links":{"self":[{"href":"https:\/\/hotnewsinworld.com\/hu\/wp-json\/wp\/v2\/posts\/2590","targetHints":{"allow":["GET"]}}],"collection":[{"href":"https:\/\/hotnewsinworld.com\/hu\/wp-json\/wp\/v2\/posts"}],"about":[{"href":"https:\/\/hotnewsinworld.com\/hu\/wp-json\/wp\/v2\/types\/post"}],"author":[{"embeddable":true,"href":"https:\/\/hotnewsinworld.com\/hu\/wp-json\/wp\/v2\/users\/2"}],"replies":[{"embeddable":true,"href":"https:\/\/hotnewsinworld.com\/hu\/wp-json\/wp\/v2\/comments?post=2590"}],"version-history":[{"count":1,"href":"https:\/\/hotnewsinworld.com\/hu\/wp-json\/wp\/v2\/posts\/2590\/revisions"}],"predecessor-version":[{"id":2592,"href":"https:\/\/hotnewsinworld.com\/hu\/wp-json\/wp\/v2\/posts\/2590\/revisions\/2592"}],"wp:featuredmedia":[{"embeddable":true,"href":"https:\/\/hotnewsinworld.com\/hu\/wp-json\/wp\/v2\/media\/2591"}],"wp:attachment":[{"href":"https:\/\/hotnewsinworld.com\/hu\/wp-json\/wp\/v2\/media?parent=2590"}],"wp:term":[{"taxonomy":"category","embeddable":true,"href":"https:\/\/hotnewsinworld.com\/hu\/wp-json\/wp\/v2\/categories?post=2590"},{"taxonomy":"post_tag","embeddable":true,"href":"https:\/\/hotnewsinworld.com\/hu\/wp-json\/wp\/v2\/tags?post=2590"}],"curies":[{"name":"wp","href":"https:\/\/api.w.org\/{rel}","templated":true}]}}