{"id":2597,"date":"2021-04-27T22:18:01","date_gmt":"2021-04-27T19:18:01","guid":{"rendered":"https:\/\/hotnewsinworld.com\/hu\/mindegy-hogy-a-fuvet-nyirjak-le-vagy-az-aramszamlamat-fizetik-mondta-kosa-lajos-az-onkormanyzatoknak-jaro-penzekrol\/"},"modified":"2021-04-27T22:18:04","modified_gmt":"2021-04-27T19:18:04","slug":"mindegy-hogy-a-fuvet-nyirjak-le-vagy-az-aramszamlamat-fizetik-mondta-kosa-lajos-az-onkormanyzatoknak-jaro-penzekrol","status":"publish","type":"post","link":"https:\/\/hotnewsinworld.com\/hu\/mindegy-hogy-a-fuvet-nyirjak-le-vagy-az-aramszamlamat-fizetik-mondta-kosa-lajos-az-onkormanyzatoknak-jaro-penzekrol\/","title":{"rendered":"&#8222;Mindegy, hogy a f\u00fcvet ny\u00edrj\u00e1k le, vagy az \u00e1ramsz\u00e1ml\u00e1mat fizetik&#8221; &#8211; mondta K\u00f3sa Lajos az \u00f6nkorm\u00e1nyzatoknak j\u00e1r\u00f3 p\u00e9nzekr\u0151l"},"content":{"rendered":"<p>\t\t\t\t&#8222;Mindegy, hogy a f\u00fcvet ny\u00edrj\u00e1k le, vagy az \u00e1ramsz\u00e1ml\u00e1mat fizetik&#8221; &#8211; mondta K\u00f3sa Lajos az \u00f6nkorm\u00e1nyzatoknak j\u00e1r\u00f3 p\u00e9nzekr\u0151l <\/p>\n<p>    \t\t\t\tAz \u00f6nkorm\u00e1nyzatok t\u00f6bbsz\u00f6r is felaj\u00e1nlott\u00e1k a korm\u00e1nynak a seg\u00edts\u00e9g\u00fcket az olt\u00e1si program lebonyol\u00edt\u00e1sban. &#8222;Ez nagyszer\u0171, de nincsen r\u00e1 sz\u00fcks\u00e9g. Van egy komplett logisztika, egy nagyszer\u0171en teljes\u00edt\u0151 h\u00e1ziorvosi h\u00e1l\u00f3zat&#8221; &#8211; jelentette ki K\u00f3sa Lajos az Egyenes besz\u00e9dben. &#13;<br \/>\n&#13;<\/p>\n<p>\t\t\t\t\t\t\t\t\t\t\tH\u00e1tr\u00e1nyos helyzetben az ellenz\u00e9ki \u00f6nkorm\u00e1nyzatok?<br \/>\n&#13;<br \/>\n\u00a0&#13;<br \/>\nA Fidesz aleln\u00f6ke szerint sok mindenben fel lehet aj\u00e1nlani a seg\u00edts\u00e9get, de pont az olt\u00e1si program az, ami j\u00f3l m\u0171k\u00f6dik, \u00edgy nincs r\u00e1 sz\u00fcks\u00e9g. Arra a k\u00e9rd\u00e9sre, hogy hov\u00e1 lett az az \u00edg\u00e9ret, hogy egyenk\u00e9nt t\u00e1rgyalnak az \u00f6nkorm\u00e1nyzatokkal a kompenz\u00e1ci\u00f3\u00e9rt, K\u00f3sa Lajos kijelentette, hogy ez m\u00e1r megt\u00f6rt\u00e9nt. Volt t\u00e1rgyal\u00e1s a Megyei Jog\u00fa V\u00e1rosok Sz\u00f6vets\u00e9g\u00e9vel, a f\u0151v\u00e1rossal, egy\u00e9b sz\u00f6vets\u00e9gekkel. Az \u00f6nkorm\u00e1nyzatok kifejezetten komoly fejleszt\u00e9si p\u00e9nzekkel rendelkeznek &#8211; jelentette ki K\u00f3sa.&#13;<br \/>\nK\u00f3sa Lajos szerint olyan nem volt, hogy elvettek valamit az \u00f6nkorm\u00e1nyzatt\u00f3l, \u00e9s a korm\u00e1nyn\u00e1l maradt volna.&#13;<br \/>\nAz elvon\u00e1s \u00fagy \u00e9rtend\u0151, hogy a p\u00e9nz az emberekn\u00e9l maradt \u00e9s nem ker\u00fclt az \u00f6nkorm\u00e1nyzatokhoz. K\u00f3sa kijelentette, hogy nem csak az ellenz\u00e9ki vezet\u00e9s\u0171 \u00f6nkorm\u00e1nyzatok, hanem mindenki c\u00e9lhoz k\u00f6t\u00f6tten kapott kompenz\u00e1ci\u00f3t.K\u00f3sa szerint teljesen megosztott a polg\u00e1rmesterek t\u00e1bora korm\u00e1nyp\u00e1rti-ellenz\u00e9ki szinten: az ellenz\u00e9kiek azt mondj\u00e1k nincsen p\u00e9nz, de a korm\u00e1nyp\u00e1rtiak kij\u00f6nnek a p\u00e9nzb\u0151l. Az \u00f6nkorm\u00e1nyzati v\u00e1laszt\u00e1sok ut\u00e1n a budapesti ker\u00fcletek \u00fasztak a p\u00e9nzben. \u00c9gnek a l\u00e1mp\u00e1k, van takar\u00edt\u00e1s, minden \u00f6nkorm\u00e1nyzat el tudja l\u00e1tni a feladatait, nem volt m\u00e9g arra p\u00e9lda, hogy a korm\u00e1nynak \u00e1t kellett volna vennie ezeket &#8211; v\u00e9lekedett a politikus. Mik\u00f6zben politikai c\u00e9lokkal kongatj\u00e1k a v\u00e9szharangot az ellenz\u00e9kiek, a helyzet eg\u00e9szen m\u00e1s &#8211; sz\u00f6gezte le K\u00f3sa.&#13;<br \/>\nA legt\u00f6bb p\u00e9nzt a f\u0151v\u00e1ros kapta k\u00fcl\u00f6n beruh\u00e1z\u00e1sokra &#8211; K\u00f3sa szerint ez olyan, mintha R\u00f3nai Egont\u00f3l nem p\u00e9nzt k\u00e9rne, hanem azt, hogy ny\u00edrja le a f\u00fcvet, tartsa fenn a h\u00e1z\u00e1t, ez is t\u00e1mogat\u00e1s. \u200b&#13;<br \/>\nK\u00f3sa \u00fagy l\u00e1tja, hogy a 2022-es k\u00f6lts\u00e9gvet\u00e9sben az \u00f6nkorm\u00e1nyzatoknak t\u00f6bb sz\u00e1zmilli\u00e1rddal nagyobb keretet ir\u00e1nyoztak el\u0151, mint az el\u0151z\u0151 \u00e9vekben. &#8222;Mindegy, hogy a f\u00fcvet ny\u00edrj\u00e1k le, vagy az \u00e1ramsz\u00e1ml\u00e1mat fizetik&#8221; &#8211; \u00f6sszegezte K\u00f3sa Lajos az \u00f6nkorm\u00e1nyzatoknak j\u00e1r\u00f3 k\u00f6lts\u00e9gvet\u00e9si t\u00e1mogat\u00e1sok k\u00e9rd\u00e9s\u00e9t. atv.hu<br \/>\n\t\t\t\t\tAj\u00e1nlom<\/p>\n<p>\n<!--noindex--><br \/>\n<a href=\"https:\/\/hirek.oldal.info\/rssclick\/15858198\" rel=\"nofollow\">Source link <\/a><br \/>\n<!--\/noindex--><\/p>\n","protected":false},"excerpt":{"rendered":"<p>&#8222;Mindegy, hogy a f\u00fcvet ny\u00edrj\u00e1k le, vagy az \u00e1ramsz\u00e1ml\u00e1mat fizetik&#8221; &#8211; mondta K\u00f3sa Lajos az \u00f6nkorm\u00e1nyzatoknak j\u00e1r\u00f3 p\u00e9nzekr\u0151l Az \u00f6nkorm\u00e1nyzatok t\u00f6bbsz\u00f6r is felaj\u00e1nlott\u00e1k a korm\u00e1nynak a seg\u00edts\u00e9g\u00fcket az olt\u00e1si program lebonyol\u00edt\u00e1sban. &#8222;Ez nagyszer\u0171, de nincsen r\u00e1 sz\u00fcks\u00e9g. Van egy komplett logisztika, egy nagyszer\u0171en teljes\u00edt\u0151 h\u00e1ziorvosi h\u00e1l\u00f3zat&#8221; &#8211; jelentette ki K\u00f3sa Lajos az Egyenes besz\u00e9dben. &#13; [&hellip;]<\/p>\n","protected":false},"author":2,"featured_media":2598,"comment_status":"open","ping_status":"open","sticky":false,"template":"","format":"standard","meta":{"footnotes":""},"categories":[1],"tags":[],"class_list":["post-2597","post","type-post","status-publish","format-standard","has-post-thumbnail","hentry","category-legujabb-penzugyi-hirek"],"yoast_head":"<!-- This site is optimized with the Yoast SEO plugin v27.4 - https:\/\/yoast.com\/product\/yoast-seo-wordpress\/ -->\n<title>&quot;Mindegy, hogy a f\u00fcvet ny\u00edrj\u00e1k le, vagy az \u00e1ramsz\u00e1ml\u00e1mat fizetik&quot; - mondta K\u00f3sa Lajos az \u00f6nkorm\u00e1nyzatoknak j\u00e1r\u00f3 p\u00e9nzekr\u0151l - Hot News in World<\/title>\n<meta name=\"robots\" content=\"index, follow, max-snippet:-1, max-image-preview:large, max-video-preview:-1\" \/>\n<link rel=\"canonical\" href=\"https:\/\/hotnewsinworld.com\/hu\/mindegy-hogy-a-fuvet-nyirjak-le-vagy-az-aramszamlamat-fizetik-mondta-kosa-lajos-az-onkormanyzatoknak-jaro-penzekrol\/\" \/>\n<meta property=\"og:locale\" content=\"hu_HU\" \/>\n<meta property=\"og:type\" content=\"article\" \/>\n<meta property=\"og:title\" content=\"&quot;Mindegy, hogy a f\u00fcvet ny\u00edrj\u00e1k le, vagy az \u00e1ramsz\u00e1ml\u00e1mat fizetik&quot; - mondta K\u00f3sa Lajos az \u00f6nkorm\u00e1nyzatoknak j\u00e1r\u00f3 p\u00e9nzekr\u0151l - Hot News in World\" \/>\n<meta property=\"og:description\" content=\"&#8222;Mindegy, hogy a f\u00fcvet ny\u00edrj\u00e1k le, vagy az \u00e1ramsz\u00e1ml\u00e1mat fizetik&#8221; &#8211; mondta K\u00f3sa Lajos az \u00f6nkorm\u00e1nyzatoknak j\u00e1r\u00f3 p\u00e9nzekr\u0151l Az \u00f6nkorm\u00e1nyzatok t\u00f6bbsz\u00f6r is felaj\u00e1nlott\u00e1k a korm\u00e1nynak a seg\u00edts\u00e9g\u00fcket az olt\u00e1si program lebonyol\u00edt\u00e1sban. &#8222;Ez nagyszer\u0171, de nincsen r\u00e1 sz\u00fcks\u00e9g. Van egy komplett logisztika, egy nagyszer\u0171en teljes\u00edt\u0151 h\u00e1ziorvosi h\u00e1l\u00f3zat&#8221; &#8211; jelentette ki K\u00f3sa Lajos az Egyenes besz\u00e9dben. &#013; [&hellip;]\" \/>\n<meta property=\"og:url\" content=\"https:\/\/hotnewsinworld.com\/hu\/mindegy-hogy-a-fuvet-nyirjak-le-vagy-az-aramszamlamat-fizetik-mondta-kosa-lajos-az-onkormanyzatoknak-jaro-penzekrol\/\" \/>\n<meta property=\"og:site_name\" content=\"Hot News in World\" \/>\n<meta property=\"article:published_time\" content=\"2021-04-27T19:18:01+00:00\" \/>\n<meta property=\"article:modified_time\" content=\"2021-04-27T19:18:04+00:00\" \/>\n<meta property=\"og:image\" content=\"https:\/\/hotnewsinworld.com\/hu\/wp-content\/uploads\/sites\/3\/2021\/04\/Mindegy-hogy-a-fuvet-nyirjak-le-vagy-az-aramszamlamat-fizetik.jpg\" \/>\n\t<meta property=\"og:image:width\" content=\"600\" \/>\n\t<meta property=\"og:image:height\" content=\"315\" \/>\n\t<meta property=\"og:image:type\" content=\"image\/jpeg\" \/>\n<meta name=\"author\" content=\"hotnewsinworld\" \/>\n<meta name=\"twitter:card\" content=\"summary_large_image\" \/>\n<meta name=\"twitter:label1\" content=\"Szerz\u0151:\" \/>\n\t<meta name=\"twitter:data1\" content=\"hotnewsinworld\" \/>\n\t<meta name=\"twitter:label2\" content=\"Becs\u00fclt olvas\u00e1si id\u0151\" \/>\n\t<meta name=\"twitter:data2\" content=\"3 perc\" \/>\n<script type=\"application\/ld+json\" class=\"yoast-schema-graph\">{\"@context\":\"https:\\\/\\\/schema.org\",\"@graph\":[{\"@type\":\"Article\",\"@id\":\"https:\\\/\\\/hotnewsinworld.com\\\/hu\\\/mindegy-hogy-a-fuvet-nyirjak-le-vagy-az-aramszamlamat-fizetik-mondta-kosa-lajos-az-onkormanyzatoknak-jaro-penzekrol\\\/#article\",\"isPartOf\":{\"@id\":\"https:\\\/\\\/hotnewsinworld.com\\\/hu\\\/mindegy-hogy-a-fuvet-nyirjak-le-vagy-az-aramszamlamat-fizetik-mondta-kosa-lajos-az-onkormanyzatoknak-jaro-penzekrol\\\/\"},\"author\":{\"name\":\"hotnewsinworld\",\"@id\":\"https:\\\/\\\/hotnewsinworld.com\\\/hu\\\/#\\\/schema\\\/person\\\/fe61448b21c0d59086e75fcc1f9d8f6b\"},\"headline\":\"&#8222;Mindegy, hogy a f\u00fcvet ny\u00edrj\u00e1k le, vagy az \u00e1ramsz\u00e1ml\u00e1mat fizetik&#8221; &#8211; mondta K\u00f3sa Lajos az \u00f6nkorm\u00e1nyzatoknak j\u00e1r\u00f3 p\u00e9nzekr\u0151l\",\"datePublished\":\"2021-04-27T19:18:01+00:00\",\"dateModified\":\"2021-04-27T19:18:04+00:00\",\"mainEntityOfPage\":{\"@id\":\"https:\\\/\\\/hotnewsinworld.com\\\/hu\\\/mindegy-hogy-a-fuvet-nyirjak-le-vagy-az-aramszamlamat-fizetik-mondta-kosa-lajos-az-onkormanyzatoknak-jaro-penzekrol\\\/\"},\"wordCount\":532,\"commentCount\":0,\"image\":{\"@id\":\"https:\\\/\\\/hotnewsinworld.com\\\/hu\\\/mindegy-hogy-a-fuvet-nyirjak-le-vagy-az-aramszamlamat-fizetik-mondta-kosa-lajos-az-onkormanyzatoknak-jaro-penzekrol\\\/#primaryimage\"},\"thumbnailUrl\":\"https:\\\/\\\/hotnewsinworld.com\\\/hu\\\/wp-content\\\/uploads\\\/sites\\\/3\\\/2021\\\/04\\\/Mindegy-hogy-a-fuvet-nyirjak-le-vagy-az-aramszamlamat-fizetik.jpg\",\"articleSection\":[\"LEG\u00daJABB P\u00c9NZ\u00dcGYI H\u00cdREK\"],\"inLanguage\":\"hu\",\"potentialAction\":[{\"@type\":\"CommentAction\",\"name\":\"Comment\",\"target\":[\"https:\\\/\\\/hotnewsinworld.com\\\/hu\\\/mindegy-hogy-a-fuvet-nyirjak-le-vagy-az-aramszamlamat-fizetik-mondta-kosa-lajos-az-onkormanyzatoknak-jaro-penzekrol\\\/#respond\"]}]},{\"@type\":\"WebPage\",\"@id\":\"https:\\\/\\\/hotnewsinworld.com\\\/hu\\\/mindegy-hogy-a-fuvet-nyirjak-le-vagy-az-aramszamlamat-fizetik-mondta-kosa-lajos-az-onkormanyzatoknak-jaro-penzekrol\\\/\",\"url\":\"https:\\\/\\\/hotnewsinworld.com\\\/hu\\\/mindegy-hogy-a-fuvet-nyirjak-le-vagy-az-aramszamlamat-fizetik-mondta-kosa-lajos-az-onkormanyzatoknak-jaro-penzekrol\\\/\",\"name\":\"\\\"Mindegy, hogy a f\u00fcvet ny\u00edrj\u00e1k le, vagy az \u00e1ramsz\u00e1ml\u00e1mat fizetik\\\" - mondta K\u00f3sa Lajos az \u00f6nkorm\u00e1nyzatoknak j\u00e1r\u00f3 p\u00e9nzekr\u0151l - Hot News in World\",\"isPartOf\":{\"@id\":\"https:\\\/\\\/hotnewsinworld.com\\\/hu\\\/#website\"},\"primaryImageOfPage\":{\"@id\":\"https:\\\/\\\/hotnewsinworld.com\\\/hu\\\/mindegy-hogy-a-fuvet-nyirjak-le-vagy-az-aramszamlamat-fizetik-mondta-kosa-lajos-az-onkormanyzatoknak-jaro-penzekrol\\\/#primaryimage\"},\"image\":{\"@id\":\"https:\\\/\\\/hotnewsinworld.com\\\/hu\\\/mindegy-hogy-a-fuvet-nyirjak-le-vagy-az-aramszamlamat-fizetik-mondta-kosa-lajos-az-onkormanyzatoknak-jaro-penzekrol\\\/#primaryimage\"},\"thumbnailUrl\":\"https:\\\/\\\/hotnewsinworld.com\\\/hu\\\/wp-content\\\/uploads\\\/sites\\\/3\\\/2021\\\/04\\\/Mindegy-hogy-a-fuvet-nyirjak-le-vagy-az-aramszamlamat-fizetik.jpg\",\"datePublished\":\"2021-04-27T19:18:01+00:00\",\"dateModified\":\"2021-04-27T19:18:04+00:00\",\"author\":{\"@id\":\"https:\\\/\\\/hotnewsinworld.com\\\/hu\\\/#\\\/schema\\\/person\\\/fe61448b21c0d59086e75fcc1f9d8f6b\"},\"breadcrumb\":{\"@id\":\"https:\\\/\\\/hotnewsinworld.com\\\/hu\\\/mindegy-hogy-a-fuvet-nyirjak-le-vagy-az-aramszamlamat-fizetik-mondta-kosa-lajos-az-onkormanyzatoknak-jaro-penzekrol\\\/#breadcrumb\"},\"inLanguage\":\"hu\",\"potentialAction\":[{\"@type\":\"ReadAction\",\"target\":[\"https:\\\/\\\/hotnewsinworld.com\\\/hu\\\/mindegy-hogy-a-fuvet-nyirjak-le-vagy-az-aramszamlamat-fizetik-mondta-kosa-lajos-az-onkormanyzatoknak-jaro-penzekrol\\\/\"]}]},{\"@type\":\"ImageObject\",\"inLanguage\":\"hu\",\"@id\":\"https:\\\/\\\/hotnewsinworld.com\\\/hu\\\/mindegy-hogy-a-fuvet-nyirjak-le-vagy-az-aramszamlamat-fizetik-mondta-kosa-lajos-az-onkormanyzatoknak-jaro-penzekrol\\\/#primaryimage\",\"url\":\"https:\\\/\\\/hotnewsinworld.com\\\/hu\\\/wp-content\\\/uploads\\\/sites\\\/3\\\/2021\\\/04\\\/Mindegy-hogy-a-fuvet-nyirjak-le-vagy-az-aramszamlamat-fizetik.jpg\",\"contentUrl\":\"https:\\\/\\\/hotnewsinworld.com\\\/hu\\\/wp-content\\\/uploads\\\/sites\\\/3\\\/2021\\\/04\\\/Mindegy-hogy-a-fuvet-nyirjak-le-vagy-az-aramszamlamat-fizetik.jpg\",\"width\":600,\"height\":315,\"caption\":\"\\\"Mindegy, hogy a f\u00fcvet ny\u00edrj\u00e1k le, vagy az \u00e1ramsz\u00e1ml\u00e1mat fizetik\\\" - mondta K\u00f3sa Lajos az \u00f6nkorm\u00e1nyzatoknak j\u00e1r\u00f3 p\u00e9nzekr\u0151l\"},{\"@type\":\"BreadcrumbList\",\"@id\":\"https:\\\/\\\/hotnewsinworld.com\\\/hu\\\/mindegy-hogy-a-fuvet-nyirjak-le-vagy-az-aramszamlamat-fizetik-mondta-kosa-lajos-az-onkormanyzatoknak-jaro-penzekrol\\\/#breadcrumb\",\"itemListElement\":[{\"@type\":\"ListItem\",\"position\":1,\"name\":\"\u0413\u043b\u0430\u0432\u043d\u0430\u044f \u0441\u0442\u0440\u0430\u043d\u0438\u0446\u0430\",\"item\":\"https:\\\/\\\/hotnewsinworld.com\\\/hu\\\/\"},{\"@type\":\"ListItem\",\"position\":2,\"name\":\"&#8220;Mindegy, hogy a f\u00fcvet ny\u00edrj\u00e1k le, vagy az \u00e1ramsz\u00e1ml\u00e1mat fizetik&#8221; &#8211; mondta K\u00f3sa Lajos az \u00f6nkorm\u00e1nyzatoknak j\u00e1r\u00f3 p\u00e9nzekr\u0151l\"}]},{\"@type\":\"WebSite\",\"@id\":\"https:\\\/\\\/hotnewsinworld.com\\\/hu\\\/#website\",\"url\":\"https:\\\/\\\/hotnewsinworld.com\\\/hu\\\/\",\"name\":\"Hot News in World\",\"description\":\"Hot News in World from Hungary\",\"potentialAction\":[{\"@type\":\"SearchAction\",\"target\":{\"@type\":\"EntryPoint\",\"urlTemplate\":\"https:\\\/\\\/hotnewsinworld.com\\\/hu\\\/?s={search_term_string}\"},\"query-input\":{\"@type\":\"PropertyValueSpecification\",\"valueRequired\":true,\"valueName\":\"search_term_string\"}}],\"inLanguage\":\"hu\"},{\"@type\":\"Person\",\"@id\":\"https:\\\/\\\/hotnewsinworld.com\\\/hu\\\/#\\\/schema\\\/person\\\/fe61448b21c0d59086e75fcc1f9d8f6b\",\"name\":\"hotnewsinworld\",\"image\":{\"@type\":\"ImageObject\",\"inLanguage\":\"hu\",\"@id\":\"https:\\\/\\\/secure.gravatar.com\\\/avatar\\\/8a09ac165600ce2e1c38fe593c63928eb1e6e7ba5c5a907d67787c41b3d00c14?s=96&d=mm&r=g\",\"url\":\"https:\\\/\\\/secure.gravatar.com\\\/avatar\\\/8a09ac165600ce2e1c38fe593c63928eb1e6e7ba5c5a907d67787c41b3d00c14?s=96&d=mm&r=g\",\"contentUrl\":\"https:\\\/\\\/secure.gravatar.com\\\/avatar\\\/8a09ac165600ce2e1c38fe593c63928eb1e6e7ba5c5a907d67787c41b3d00c14?s=96&d=mm&r=g\",\"caption\":\"hotnewsinworld\"},\"url\":\"https:\\\/\\\/hotnewsinworld.com\\\/hu\\\/author\\\/pt\\\/\"}]}<\/script>\n<!-- \/ Yoast SEO plugin. -->","yoast_head_json":{"title":"\"Mindegy, hogy a f\u00fcvet ny\u00edrj\u00e1k le, vagy az \u00e1ramsz\u00e1ml\u00e1mat fizetik\" - mondta K\u00f3sa Lajos az \u00f6nkorm\u00e1nyzatoknak j\u00e1r\u00f3 p\u00e9nzekr\u0151l - Hot News in World","robots":{"index":"index","follow":"follow","max-snippet":"max-snippet:-1","max-image-preview":"max-image-preview:large","max-video-preview":"max-video-preview:-1"},"canonical":"https:\/\/hotnewsinworld.com\/hu\/mindegy-hogy-a-fuvet-nyirjak-le-vagy-az-aramszamlamat-fizetik-mondta-kosa-lajos-az-onkormanyzatoknak-jaro-penzekrol\/","og_locale":"hu_HU","og_type":"article","og_title":"\"Mindegy, hogy a f\u00fcvet ny\u00edrj\u00e1k le, vagy az \u00e1ramsz\u00e1ml\u00e1mat fizetik\" - mondta K\u00f3sa Lajos az \u00f6nkorm\u00e1nyzatoknak j\u00e1r\u00f3 p\u00e9nzekr\u0151l - Hot News in World","og_description":"&#8222;Mindegy, hogy a f\u00fcvet ny\u00edrj\u00e1k le, vagy az \u00e1ramsz\u00e1ml\u00e1mat fizetik&#8221; &#8211; mondta K\u00f3sa Lajos az \u00f6nkorm\u00e1nyzatoknak j\u00e1r\u00f3 p\u00e9nzekr\u0151l Az \u00f6nkorm\u00e1nyzatok t\u00f6bbsz\u00f6r is felaj\u00e1nlott\u00e1k a korm\u00e1nynak a seg\u00edts\u00e9g\u00fcket az olt\u00e1si program lebonyol\u00edt\u00e1sban. &#8222;Ez nagyszer\u0171, de nincsen r\u00e1 sz\u00fcks\u00e9g. Van egy komplett logisztika, egy nagyszer\u0171en teljes\u00edt\u0151 h\u00e1ziorvosi h\u00e1l\u00f3zat&#8221; &#8211; jelentette ki K\u00f3sa Lajos az Egyenes besz\u00e9dben. &#13; [&hellip;]","og_url":"https:\/\/hotnewsinworld.com\/hu\/mindegy-hogy-a-fuvet-nyirjak-le-vagy-az-aramszamlamat-fizetik-mondta-kosa-lajos-az-onkormanyzatoknak-jaro-penzekrol\/","og_site_name":"Hot News in World","article_published_time":"2021-04-27T19:18:01+00:00","article_modified_time":"2021-04-27T19:18:04+00:00","og_image":[{"width":600,"height":315,"url":"https:\/\/hotnewsinworld.com\/hu\/wp-content\/uploads\/sites\/3\/2021\/04\/Mindegy-hogy-a-fuvet-nyirjak-le-vagy-az-aramszamlamat-fizetik.jpg","type":"image\/jpeg"}],"author":"hotnewsinworld","twitter_card":"summary_large_image","twitter_misc":{"Szerz\u0151:":"hotnewsinworld","Becs\u00fclt olvas\u00e1si id\u0151":"3 perc"},"schema":{"@context":"https:\/\/schema.org","@graph":[{"@type":"Article","@id":"https:\/\/hotnewsinworld.com\/hu\/mindegy-hogy-a-fuvet-nyirjak-le-vagy-az-aramszamlamat-fizetik-mondta-kosa-lajos-az-onkormanyzatoknak-jaro-penzekrol\/#article","isPartOf":{"@id":"https:\/\/hotnewsinworld.com\/hu\/mindegy-hogy-a-fuvet-nyirjak-le-vagy-az-aramszamlamat-fizetik-mondta-kosa-lajos-az-onkormanyzatoknak-jaro-penzekrol\/"},"author":{"name":"hotnewsinworld","@id":"https:\/\/hotnewsinworld.com\/hu\/#\/schema\/person\/fe61448b21c0d59086e75fcc1f9d8f6b"},"headline":"&#8222;Mindegy, hogy a f\u00fcvet ny\u00edrj\u00e1k le, vagy az \u00e1ramsz\u00e1ml\u00e1mat fizetik&#8221; &#8211; mondta K\u00f3sa Lajos az \u00f6nkorm\u00e1nyzatoknak j\u00e1r\u00f3 p\u00e9nzekr\u0151l","datePublished":"2021-04-27T19:18:01+00:00","dateModified":"2021-04-27T19:18:04+00:00","mainEntityOfPage":{"@id":"https:\/\/hotnewsinworld.com\/hu\/mindegy-hogy-a-fuvet-nyirjak-le-vagy-az-aramszamlamat-fizetik-mondta-kosa-lajos-az-onkormanyzatoknak-jaro-penzekrol\/"},"wordCount":532,"commentCount":0,"image":{"@id":"https:\/\/hotnewsinworld.com\/hu\/mindegy-hogy-a-fuvet-nyirjak-le-vagy-az-aramszamlamat-fizetik-mondta-kosa-lajos-az-onkormanyzatoknak-jaro-penzekrol\/#primaryimage"},"thumbnailUrl":"https:\/\/hotnewsinworld.com\/hu\/wp-content\/uploads\/sites\/3\/2021\/04\/Mindegy-hogy-a-fuvet-nyirjak-le-vagy-az-aramszamlamat-fizetik.jpg","articleSection":["LEG\u00daJABB P\u00c9NZ\u00dcGYI H\u00cdREK"],"inLanguage":"hu","potentialAction":[{"@type":"CommentAction","name":"Comment","target":["https:\/\/hotnewsinworld.com\/hu\/mindegy-hogy-a-fuvet-nyirjak-le-vagy-az-aramszamlamat-fizetik-mondta-kosa-lajos-az-onkormanyzatoknak-jaro-penzekrol\/#respond"]}]},{"@type":"WebPage","@id":"https:\/\/hotnewsinworld.com\/hu\/mindegy-hogy-a-fuvet-nyirjak-le-vagy-az-aramszamlamat-fizetik-mondta-kosa-lajos-az-onkormanyzatoknak-jaro-penzekrol\/","url":"https:\/\/hotnewsinworld.com\/hu\/mindegy-hogy-a-fuvet-nyirjak-le-vagy-az-aramszamlamat-fizetik-mondta-kosa-lajos-az-onkormanyzatoknak-jaro-penzekrol\/","name":"\"Mindegy, hogy a f\u00fcvet ny\u00edrj\u00e1k le, vagy az \u00e1ramsz\u00e1ml\u00e1mat fizetik\" - mondta K\u00f3sa Lajos az \u00f6nkorm\u00e1nyzatoknak j\u00e1r\u00f3 p\u00e9nzekr\u0151l - Hot News in World","isPartOf":{"@id":"https:\/\/hotnewsinworld.com\/hu\/#website"},"primaryImageOfPage":{"@id":"https:\/\/hotnewsinworld.com\/hu\/mindegy-hogy-a-fuvet-nyirjak-le-vagy-az-aramszamlamat-fizetik-mondta-kosa-lajos-az-onkormanyzatoknak-jaro-penzekrol\/#primaryimage"},"image":{"@id":"https:\/\/hotnewsinworld.com\/hu\/mindegy-hogy-a-fuvet-nyirjak-le-vagy-az-aramszamlamat-fizetik-mondta-kosa-lajos-az-onkormanyzatoknak-jaro-penzekrol\/#primaryimage"},"thumbnailUrl":"https:\/\/hotnewsinworld.com\/hu\/wp-content\/uploads\/sites\/3\/2021\/04\/Mindegy-hogy-a-fuvet-nyirjak-le-vagy-az-aramszamlamat-fizetik.jpg","datePublished":"2021-04-27T19:18:01+00:00","dateModified":"2021-04-27T19:18:04+00:00","author":{"@id":"https:\/\/hotnewsinworld.com\/hu\/#\/schema\/person\/fe61448b21c0d59086e75fcc1f9d8f6b"},"breadcrumb":{"@id":"https:\/\/hotnewsinworld.com\/hu\/mindegy-hogy-a-fuvet-nyirjak-le-vagy-az-aramszamlamat-fizetik-mondta-kosa-lajos-az-onkormanyzatoknak-jaro-penzekrol\/#breadcrumb"},"inLanguage":"hu","potentialAction":[{"@type":"ReadAction","target":["https:\/\/hotnewsinworld.com\/hu\/mindegy-hogy-a-fuvet-nyirjak-le-vagy-az-aramszamlamat-fizetik-mondta-kosa-lajos-az-onkormanyzatoknak-jaro-penzekrol\/"]}]},{"@type":"ImageObject","inLanguage":"hu","@id":"https:\/\/hotnewsinworld.com\/hu\/mindegy-hogy-a-fuvet-nyirjak-le-vagy-az-aramszamlamat-fizetik-mondta-kosa-lajos-az-onkormanyzatoknak-jaro-penzekrol\/#primaryimage","url":"https:\/\/hotnewsinworld.com\/hu\/wp-content\/uploads\/sites\/3\/2021\/04\/Mindegy-hogy-a-fuvet-nyirjak-le-vagy-az-aramszamlamat-fizetik.jpg","contentUrl":"https:\/\/hotnewsinworld.com\/hu\/wp-content\/uploads\/sites\/3\/2021\/04\/Mindegy-hogy-a-fuvet-nyirjak-le-vagy-az-aramszamlamat-fizetik.jpg","width":600,"height":315,"caption":"\"Mindegy, hogy a f\u00fcvet ny\u00edrj\u00e1k le, vagy az \u00e1ramsz\u00e1ml\u00e1mat fizetik\" - mondta K\u00f3sa Lajos az \u00f6nkorm\u00e1nyzatoknak j\u00e1r\u00f3 p\u00e9nzekr\u0151l"},{"@type":"BreadcrumbList","@id":"https:\/\/hotnewsinworld.com\/hu\/mindegy-hogy-a-fuvet-nyirjak-le-vagy-az-aramszamlamat-fizetik-mondta-kosa-lajos-az-onkormanyzatoknak-jaro-penzekrol\/#breadcrumb","itemListElement":[{"@type":"ListItem","position":1,"name":"\u0413\u043b\u0430\u0432\u043d\u0430\u044f \u0441\u0442\u0440\u0430\u043d\u0438\u0446\u0430","item":"https:\/\/hotnewsinworld.com\/hu\/"},{"@type":"ListItem","position":2,"name":"&#8220;Mindegy, hogy a f\u00fcvet ny\u00edrj\u00e1k le, vagy az \u00e1ramsz\u00e1ml\u00e1mat fizetik&#8221; &#8211; mondta K\u00f3sa Lajos az \u00f6nkorm\u00e1nyzatoknak j\u00e1r\u00f3 p\u00e9nzekr\u0151l"}]},{"@type":"WebSite","@id":"https:\/\/hotnewsinworld.com\/hu\/#website","url":"https:\/\/hotnewsinworld.com\/hu\/","name":"Hot News in World","description":"Hot News in World from Hungary","potentialAction":[{"@type":"SearchAction","target":{"@type":"EntryPoint","urlTemplate":"https:\/\/hotnewsinworld.com\/hu\/?s={search_term_string}"},"query-input":{"@type":"PropertyValueSpecification","valueRequired":true,"valueName":"search_term_string"}}],"inLanguage":"hu"},{"@type":"Person","@id":"https:\/\/hotnewsinworld.com\/hu\/#\/schema\/person\/fe61448b21c0d59086e75fcc1f9d8f6b","name":"hotnewsinworld","image":{"@type":"ImageObject","inLanguage":"hu","@id":"https:\/\/secure.gravatar.com\/avatar\/8a09ac165600ce2e1c38fe593c63928eb1e6e7ba5c5a907d67787c41b3d00c14?s=96&d=mm&r=g","url":"https:\/\/secure.gravatar.com\/avatar\/8a09ac165600ce2e1c38fe593c63928eb1e6e7ba5c5a907d67787c41b3d00c14?s=96&d=mm&r=g","contentUrl":"https:\/\/secure.gravatar.com\/avatar\/8a09ac165600ce2e1c38fe593c63928eb1e6e7ba5c5a907d67787c41b3d00c14?s=96&d=mm&r=g","caption":"hotnewsinworld"},"url":"https:\/\/hotnewsinworld.com\/hu\/author\/pt\/"}]}},"_links":{"self":[{"href":"https:\/\/hotnewsinworld.com\/hu\/wp-json\/wp\/v2\/posts\/2597","targetHints":{"allow":["GET"]}}],"collection":[{"href":"https:\/\/hotnewsinworld.com\/hu\/wp-json\/wp\/v2\/posts"}],"about":[{"href":"https:\/\/hotnewsinworld.com\/hu\/wp-json\/wp\/v2\/types\/post"}],"author":[{"embeddable":true,"href":"https:\/\/hotnewsinworld.com\/hu\/wp-json\/wp\/v2\/users\/2"}],"replies":[{"embeddable":true,"href":"https:\/\/hotnewsinworld.com\/hu\/wp-json\/wp\/v2\/comments?post=2597"}],"version-history":[{"count":1,"href":"https:\/\/hotnewsinworld.com\/hu\/wp-json\/wp\/v2\/posts\/2597\/revisions"}],"predecessor-version":[{"id":2599,"href":"https:\/\/hotnewsinworld.com\/hu\/wp-json\/wp\/v2\/posts\/2597\/revisions\/2599"}],"wp:featuredmedia":[{"embeddable":true,"href":"https:\/\/hotnewsinworld.com\/hu\/wp-json\/wp\/v2\/media\/2598"}],"wp:attachment":[{"href":"https:\/\/hotnewsinworld.com\/hu\/wp-json\/wp\/v2\/media?parent=2597"}],"wp:term":[{"taxonomy":"category","embeddable":true,"href":"https:\/\/hotnewsinworld.com\/hu\/wp-json\/wp\/v2\/categories?post=2597"},{"taxonomy":"post_tag","embeddable":true,"href":"https:\/\/hotnewsinworld.com\/hu\/wp-json\/wp\/v2\/tags?post=2597"}],"curies":[{"name":"wp","href":"https:\/\/api.w.org\/{rel}","templated":true}]}}