{"id":2606,"date":"2021-05-18T23:00:49","date_gmt":"2021-05-18T20:00:49","guid":{"rendered":"https:\/\/hotnewsinworld.com\/hu\/egyiranyusitottak-a-ferihegyi-repuloterre-vezeto-utat-a-varoshatar-fele\/"},"modified":"2021-05-18T23:00:51","modified_gmt":"2021-05-18T20:00:51","slug":"egyiranyusitottak-a-ferihegyi-repuloterre-vezeto-utat-a-varoshatar-fele","status":"publish","type":"post","link":"https:\/\/hotnewsinworld.com\/hu\/egyiranyusitottak-a-ferihegyi-repuloterre-vezeto-utat-a-varoshatar-fele\/","title":{"rendered":"Egyir\u00e1ny\u00fas\u00edtott\u00e1k a Ferihegyi rep\u00fcl\u0151t\u00e9rre vezet\u0151 utat a v\u00e1roshat\u00e1r fel\u00e9"},"content":{"rendered":"<p>\t\t\t\tEgyir\u00e1ny\u00fas\u00edtott\u00e1k a Ferihegyi rep\u00fcl\u0151t\u00e9rre vezet\u0151 utat a v\u00e1roshat\u00e1r fel\u00e9<\/p>\n<p>    \t\t\t\tEgyir\u00e1ny\u00fas\u00edtott\u00e1k a Ferihegyi rep\u00fcl\u0151t\u00e9rre vezet\u0151 utat a v\u00e1roshat\u00e1r fel\u00e9 a Hat\u00e1r \u00fati fel\u00fclj\u00e1r\u00f3t\u00f3l a K\u0151b\u00e1nya-Kispesti felhajt\u00f3ig, ugyanis elkezd\u0151d\u00f6tt a 3-as metr\u00f3 v\u00e1g\u00e1nyai feletti h\u00edd fel\u00faj\u00edt\u00e1sa &#8211; k\u00f6z\u00f6lte a Budapesti K\u00f6zleked\u00e9si K\u00f6zpont kedden az MTI-vel.&#13;<\/p>\n<p>\t\t\t\t\t\t\t\t\t\t\tA BKK k\u00f6zlem\u00e9nye szerint a Ferihegyi rep\u00fcl\u0151t\u00e9rre vezet\u0151 \u00fat a v\u00e1rosk\u00f6zpont fel\u00e9 csak K\u0151b\u00e1nya-Kispestig j\u00e1rhat\u00f3, a centrum ir\u00e1ny\u00fa forgalmat a K\u00f6ki lehajt\u00f3n\u00e1l leterelik az \u00fatr\u00f3l, \u00e9s a Lehel utca-Vak Botty\u00e1n utca \u00fatvonalon \u00e9rhet\u0151 el az \u00dcll\u0151i \u00fat.<br \/>\n&#13;<br \/>\nA Vak Botty\u00e1n utca-Lehel utca, a Vak Botty\u00e1n utca-K\u0151\u00e9r utca \u00e9s a K\u0151\u00e9r utca-\u00dcll\u0151i \u00fat jelz\u0151l\u00e1mp\u00e1s csom\u00f3pontokban a terelt \u00fatvonal sz\u00e1m\u00e1ra a z\u00f6ld jelz\u00e9st meghosszabb\u00edtott\u00e1k, hogy a g\u00e9pj\u00e1rm\u0171forgalom min\u00e9l z\u00f6kken\u0151mentesebben haladhasson \u00e1t a keresztez\u0151d\u00e9seken.&#13;<br \/>\nA K\u0151\u00e9r utca-\u00dcll\u0151i \u00fat csom\u00f3pontban a v\u00e1rosk\u00f6zpont fel\u00e9 k\u00e9t jobbra kanyarod\u00f3 s\u00e1vot alak\u00edtottak ki a min\u00e9l zavartalanabb \u00e1thalad\u00e1s \u00e9rdek\u00e9ben &#8211; \u00edrt\u00e1k.&#13;<br \/>\nA BKK felh\u00edvta a figyelmet, hogy az el\u0151bbi int\u00e9zked\u00e9sek ellen\u00e9re a reggeli cs\u00facsid\u0151szakban hosszabb menetid\u0151vel sz\u00e1moljanak a t\u00e9rs\u00e9gben k\u00f6zleked\u0151k.&#13;<br \/>\natv.hu\/MTI<br \/>\n\t\t\t\t\tAj\u00e1nlom<\/p>\n<p>\n<!--noindex--><br \/>\n<a href=\"https:\/\/hirek.oldal.info\/rssclick\/15913829\" rel=\"nofollow\">Source link <\/a><br \/>\n<!--\/noindex--><\/p>\n","protected":false},"excerpt":{"rendered":"<p>Egyir\u00e1ny\u00fas\u00edtott\u00e1k a Ferihegyi rep\u00fcl\u0151t\u00e9rre vezet\u0151 utat a v\u00e1roshat\u00e1r fel\u00e9 Egyir\u00e1ny\u00fas\u00edtott\u00e1k a Ferihegyi rep\u00fcl\u0151t\u00e9rre vezet\u0151 utat a v\u00e1roshat\u00e1r fel\u00e9 a Hat\u00e1r \u00fati fel\u00fclj\u00e1r\u00f3t\u00f3l a K\u0151b\u00e1nya-Kispesti felhajt\u00f3ig, ugyanis elkezd\u0151d\u00f6tt a 3-as metr\u00f3 v\u00e1g\u00e1nyai feletti h\u00edd fel\u00faj\u00edt\u00e1sa &#8211; k\u00f6z\u00f6lte a Budapesti K\u00f6zleked\u00e9si K\u00f6zpont kedden az MTI-vel.&#13; A BKK k\u00f6zlem\u00e9nye szerint a Ferihegyi rep\u00fcl\u0151t\u00e9rre vezet\u0151 \u00fat a v\u00e1rosk\u00f6zpont fel\u00e9 [&hellip;]<\/p>\n","protected":false},"author":2,"featured_media":2607,"comment_status":"open","ping_status":"open","sticky":false,"template":"","format":"standard","meta":{"footnotes":""},"categories":[1],"tags":[],"class_list":["post-2606","post","type-post","status-publish","format-standard","has-post-thumbnail","hentry","category-legujabb-penzugyi-hirek"],"yoast_head":"<!-- This site is optimized with the Yoast SEO plugin v27.4 - https:\/\/yoast.com\/product\/yoast-seo-wordpress\/ -->\n<title>Egyir\u00e1ny\u00fas\u00edtott\u00e1k a Ferihegyi rep\u00fcl\u0151t\u00e9rre vezet\u0151 utat a v\u00e1roshat\u00e1r fel\u00e9 - Hot News in World<\/title>\n<meta name=\"robots\" content=\"index, follow, max-snippet:-1, max-image-preview:large, max-video-preview:-1\" \/>\n<link rel=\"canonical\" href=\"https:\/\/hotnewsinworld.com\/hu\/egyiranyusitottak-a-ferihegyi-repuloterre-vezeto-utat-a-varoshatar-fele\/\" \/>\n<meta property=\"og:locale\" content=\"hu_HU\" \/>\n<meta property=\"og:type\" content=\"article\" \/>\n<meta property=\"og:title\" content=\"Egyir\u00e1ny\u00fas\u00edtott\u00e1k a Ferihegyi rep\u00fcl\u0151t\u00e9rre vezet\u0151 utat a v\u00e1roshat\u00e1r fel\u00e9 - Hot News in World\" \/>\n<meta property=\"og:description\" content=\"Egyir\u00e1ny\u00fas\u00edtott\u00e1k a Ferihegyi rep\u00fcl\u0151t\u00e9rre vezet\u0151 utat a v\u00e1roshat\u00e1r fel\u00e9 Egyir\u00e1ny\u00fas\u00edtott\u00e1k a Ferihegyi rep\u00fcl\u0151t\u00e9rre vezet\u0151 utat a v\u00e1roshat\u00e1r fel\u00e9 a Hat\u00e1r \u00fati fel\u00fclj\u00e1r\u00f3t\u00f3l a K\u0151b\u00e1nya-Kispesti felhajt\u00f3ig, ugyanis elkezd\u0151d\u00f6tt a 3-as metr\u00f3 v\u00e1g\u00e1nyai feletti h\u00edd fel\u00faj\u00edt\u00e1sa &#8211; k\u00f6z\u00f6lte a Budapesti K\u00f6zleked\u00e9si K\u00f6zpont kedden az MTI-vel.&#013; A BKK k\u00f6zlem\u00e9nye szerint a Ferihegyi rep\u00fcl\u0151t\u00e9rre vezet\u0151 \u00fat a v\u00e1rosk\u00f6zpont fel\u00e9 [&hellip;]\" \/>\n<meta property=\"og:url\" content=\"https:\/\/hotnewsinworld.com\/hu\/egyiranyusitottak-a-ferihegyi-repuloterre-vezeto-utat-a-varoshatar-fele\/\" \/>\n<meta property=\"og:site_name\" content=\"Hot News in World\" \/>\n<meta property=\"article:published_time\" content=\"2021-05-18T20:00:49+00:00\" \/>\n<meta property=\"article:modified_time\" content=\"2021-05-18T20:00:51+00:00\" \/>\n<meta property=\"og:image\" content=\"https:\/\/hotnewsinworld.com\/hu\/wp-content\/uploads\/sites\/3\/2021\/05\/Egyiranyusitottak-a-Ferihegyi-repuloterre-vezeto-utat-a-varoshatar-fele.jpg\" \/>\n\t<meta property=\"og:image:width\" content=\"600\" \/>\n\t<meta property=\"og:image:height\" content=\"315\" \/>\n\t<meta property=\"og:image:type\" content=\"image\/jpeg\" \/>\n<meta name=\"author\" content=\"hotnewsinworld\" \/>\n<meta name=\"twitter:card\" content=\"summary_large_image\" \/>\n<meta name=\"twitter:label1\" content=\"Szerz\u0151:\" \/>\n\t<meta name=\"twitter:data1\" content=\"hotnewsinworld\" \/>\n\t<meta name=\"twitter:label2\" content=\"Becs\u00fclt olvas\u00e1si id\u0151\" \/>\n\t<meta name=\"twitter:data2\" content=\"1 perc\" \/>\n<script type=\"application\/ld+json\" class=\"yoast-schema-graph\">{\"@context\":\"https:\\\/\\\/schema.org\",\"@graph\":[{\"@type\":\"Article\",\"@id\":\"https:\\\/\\\/hotnewsinworld.com\\\/hu\\\/egyiranyusitottak-a-ferihegyi-repuloterre-vezeto-utat-a-varoshatar-fele\\\/#article\",\"isPartOf\":{\"@id\":\"https:\\\/\\\/hotnewsinworld.com\\\/hu\\\/egyiranyusitottak-a-ferihegyi-repuloterre-vezeto-utat-a-varoshatar-fele\\\/\"},\"author\":{\"name\":\"hotnewsinworld\",\"@id\":\"https:\\\/\\\/hotnewsinworld.com\\\/hu\\\/#\\\/schema\\\/person\\\/fe61448b21c0d59086e75fcc1f9d8f6b\"},\"headline\":\"Egyir\u00e1ny\u00fas\u00edtott\u00e1k a Ferihegyi rep\u00fcl\u0151t\u00e9rre vezet\u0151 utat a v\u00e1roshat\u00e1r fel\u00e9\",\"datePublished\":\"2021-05-18T20:00:49+00:00\",\"dateModified\":\"2021-05-18T20:00:51+00:00\",\"mainEntityOfPage\":{\"@id\":\"https:\\\/\\\/hotnewsinworld.com\\\/hu\\\/egyiranyusitottak-a-ferihegyi-repuloterre-vezeto-utat-a-varoshatar-fele\\\/\"},\"wordCount\":285,\"commentCount\":0,\"image\":{\"@id\":\"https:\\\/\\\/hotnewsinworld.com\\\/hu\\\/egyiranyusitottak-a-ferihegyi-repuloterre-vezeto-utat-a-varoshatar-fele\\\/#primaryimage\"},\"thumbnailUrl\":\"https:\\\/\\\/hotnewsinworld.com\\\/hu\\\/wp-content\\\/uploads\\\/sites\\\/3\\\/2021\\\/05\\\/Egyiranyusitottak-a-Ferihegyi-repuloterre-vezeto-utat-a-varoshatar-fele.jpg\",\"articleSection\":[\"LEG\u00daJABB P\u00c9NZ\u00dcGYI H\u00cdREK\"],\"inLanguage\":\"hu\",\"potentialAction\":[{\"@type\":\"CommentAction\",\"name\":\"Comment\",\"target\":[\"https:\\\/\\\/hotnewsinworld.com\\\/hu\\\/egyiranyusitottak-a-ferihegyi-repuloterre-vezeto-utat-a-varoshatar-fele\\\/#respond\"]}]},{\"@type\":\"WebPage\",\"@id\":\"https:\\\/\\\/hotnewsinworld.com\\\/hu\\\/egyiranyusitottak-a-ferihegyi-repuloterre-vezeto-utat-a-varoshatar-fele\\\/\",\"url\":\"https:\\\/\\\/hotnewsinworld.com\\\/hu\\\/egyiranyusitottak-a-ferihegyi-repuloterre-vezeto-utat-a-varoshatar-fele\\\/\",\"name\":\"Egyir\u00e1ny\u00fas\u00edtott\u00e1k a Ferihegyi rep\u00fcl\u0151t\u00e9rre vezet\u0151 utat a v\u00e1roshat\u00e1r fel\u00e9 - Hot News in World\",\"isPartOf\":{\"@id\":\"https:\\\/\\\/hotnewsinworld.com\\\/hu\\\/#website\"},\"primaryImageOfPage\":{\"@id\":\"https:\\\/\\\/hotnewsinworld.com\\\/hu\\\/egyiranyusitottak-a-ferihegyi-repuloterre-vezeto-utat-a-varoshatar-fele\\\/#primaryimage\"},\"image\":{\"@id\":\"https:\\\/\\\/hotnewsinworld.com\\\/hu\\\/egyiranyusitottak-a-ferihegyi-repuloterre-vezeto-utat-a-varoshatar-fele\\\/#primaryimage\"},\"thumbnailUrl\":\"https:\\\/\\\/hotnewsinworld.com\\\/hu\\\/wp-content\\\/uploads\\\/sites\\\/3\\\/2021\\\/05\\\/Egyiranyusitottak-a-Ferihegyi-repuloterre-vezeto-utat-a-varoshatar-fele.jpg\",\"datePublished\":\"2021-05-18T20:00:49+00:00\",\"dateModified\":\"2021-05-18T20:00:51+00:00\",\"author\":{\"@id\":\"https:\\\/\\\/hotnewsinworld.com\\\/hu\\\/#\\\/schema\\\/person\\\/fe61448b21c0d59086e75fcc1f9d8f6b\"},\"breadcrumb\":{\"@id\":\"https:\\\/\\\/hotnewsinworld.com\\\/hu\\\/egyiranyusitottak-a-ferihegyi-repuloterre-vezeto-utat-a-varoshatar-fele\\\/#breadcrumb\"},\"inLanguage\":\"hu\",\"potentialAction\":[{\"@type\":\"ReadAction\",\"target\":[\"https:\\\/\\\/hotnewsinworld.com\\\/hu\\\/egyiranyusitottak-a-ferihegyi-repuloterre-vezeto-utat-a-varoshatar-fele\\\/\"]}]},{\"@type\":\"ImageObject\",\"inLanguage\":\"hu\",\"@id\":\"https:\\\/\\\/hotnewsinworld.com\\\/hu\\\/egyiranyusitottak-a-ferihegyi-repuloterre-vezeto-utat-a-varoshatar-fele\\\/#primaryimage\",\"url\":\"https:\\\/\\\/hotnewsinworld.com\\\/hu\\\/wp-content\\\/uploads\\\/sites\\\/3\\\/2021\\\/05\\\/Egyiranyusitottak-a-Ferihegyi-repuloterre-vezeto-utat-a-varoshatar-fele.jpg\",\"contentUrl\":\"https:\\\/\\\/hotnewsinworld.com\\\/hu\\\/wp-content\\\/uploads\\\/sites\\\/3\\\/2021\\\/05\\\/Egyiranyusitottak-a-Ferihegyi-repuloterre-vezeto-utat-a-varoshatar-fele.jpg\",\"width\":600,\"height\":315,\"caption\":\"Egyir\u00e1ny\u00fas\u00edtott\u00e1k a Ferihegyi rep\u00fcl\u0151t\u00e9rre vezet\u0151 utat a v\u00e1roshat\u00e1r fel\u00e9\"},{\"@type\":\"BreadcrumbList\",\"@id\":\"https:\\\/\\\/hotnewsinworld.com\\\/hu\\\/egyiranyusitottak-a-ferihegyi-repuloterre-vezeto-utat-a-varoshatar-fele\\\/#breadcrumb\",\"itemListElement\":[{\"@type\":\"ListItem\",\"position\":1,\"name\":\"\u0413\u043b\u0430\u0432\u043d\u0430\u044f \u0441\u0442\u0440\u0430\u043d\u0438\u0446\u0430\",\"item\":\"https:\\\/\\\/hotnewsinworld.com\\\/hu\\\/\"},{\"@type\":\"ListItem\",\"position\":2,\"name\":\"Egyir\u00e1ny\u00fas\u00edtott\u00e1k a Ferihegyi rep\u00fcl\u0151t\u00e9rre vezet\u0151 utat a v\u00e1roshat\u00e1r fel\u00e9\"}]},{\"@type\":\"WebSite\",\"@id\":\"https:\\\/\\\/hotnewsinworld.com\\\/hu\\\/#website\",\"url\":\"https:\\\/\\\/hotnewsinworld.com\\\/hu\\\/\",\"name\":\"Hot News in World\",\"description\":\"Hot News in World from Hungary\",\"potentialAction\":[{\"@type\":\"SearchAction\",\"target\":{\"@type\":\"EntryPoint\",\"urlTemplate\":\"https:\\\/\\\/hotnewsinworld.com\\\/hu\\\/?s={search_term_string}\"},\"query-input\":{\"@type\":\"PropertyValueSpecification\",\"valueRequired\":true,\"valueName\":\"search_term_string\"}}],\"inLanguage\":\"hu\"},{\"@type\":\"Person\",\"@id\":\"https:\\\/\\\/hotnewsinworld.com\\\/hu\\\/#\\\/schema\\\/person\\\/fe61448b21c0d59086e75fcc1f9d8f6b\",\"name\":\"hotnewsinworld\",\"image\":{\"@type\":\"ImageObject\",\"inLanguage\":\"hu\",\"@id\":\"https:\\\/\\\/secure.gravatar.com\\\/avatar\\\/8a09ac165600ce2e1c38fe593c63928eb1e6e7ba5c5a907d67787c41b3d00c14?s=96&d=mm&r=g\",\"url\":\"https:\\\/\\\/secure.gravatar.com\\\/avatar\\\/8a09ac165600ce2e1c38fe593c63928eb1e6e7ba5c5a907d67787c41b3d00c14?s=96&d=mm&r=g\",\"contentUrl\":\"https:\\\/\\\/secure.gravatar.com\\\/avatar\\\/8a09ac165600ce2e1c38fe593c63928eb1e6e7ba5c5a907d67787c41b3d00c14?s=96&d=mm&r=g\",\"caption\":\"hotnewsinworld\"},\"url\":\"https:\\\/\\\/hotnewsinworld.com\\\/hu\\\/author\\\/pt\\\/\"}]}<\/script>\n<!-- \/ Yoast SEO plugin. -->","yoast_head_json":{"title":"Egyir\u00e1ny\u00fas\u00edtott\u00e1k a Ferihegyi rep\u00fcl\u0151t\u00e9rre vezet\u0151 utat a v\u00e1roshat\u00e1r fel\u00e9 - Hot News in World","robots":{"index":"index","follow":"follow","max-snippet":"max-snippet:-1","max-image-preview":"max-image-preview:large","max-video-preview":"max-video-preview:-1"},"canonical":"https:\/\/hotnewsinworld.com\/hu\/egyiranyusitottak-a-ferihegyi-repuloterre-vezeto-utat-a-varoshatar-fele\/","og_locale":"hu_HU","og_type":"article","og_title":"Egyir\u00e1ny\u00fas\u00edtott\u00e1k a Ferihegyi rep\u00fcl\u0151t\u00e9rre vezet\u0151 utat a v\u00e1roshat\u00e1r fel\u00e9 - Hot News in World","og_description":"Egyir\u00e1ny\u00fas\u00edtott\u00e1k a Ferihegyi rep\u00fcl\u0151t\u00e9rre vezet\u0151 utat a v\u00e1roshat\u00e1r fel\u00e9 Egyir\u00e1ny\u00fas\u00edtott\u00e1k a Ferihegyi rep\u00fcl\u0151t\u00e9rre vezet\u0151 utat a v\u00e1roshat\u00e1r fel\u00e9 a Hat\u00e1r \u00fati fel\u00fclj\u00e1r\u00f3t\u00f3l a K\u0151b\u00e1nya-Kispesti felhajt\u00f3ig, ugyanis elkezd\u0151d\u00f6tt a 3-as metr\u00f3 v\u00e1g\u00e1nyai feletti h\u00edd fel\u00faj\u00edt\u00e1sa &#8211; k\u00f6z\u00f6lte a Budapesti K\u00f6zleked\u00e9si K\u00f6zpont kedden az MTI-vel.&#13; A BKK k\u00f6zlem\u00e9nye szerint a Ferihegyi rep\u00fcl\u0151t\u00e9rre vezet\u0151 \u00fat a v\u00e1rosk\u00f6zpont fel\u00e9 [&hellip;]","og_url":"https:\/\/hotnewsinworld.com\/hu\/egyiranyusitottak-a-ferihegyi-repuloterre-vezeto-utat-a-varoshatar-fele\/","og_site_name":"Hot News in World","article_published_time":"2021-05-18T20:00:49+00:00","article_modified_time":"2021-05-18T20:00:51+00:00","og_image":[{"width":600,"height":315,"url":"https:\/\/hotnewsinworld.com\/hu\/wp-content\/uploads\/sites\/3\/2021\/05\/Egyiranyusitottak-a-Ferihegyi-repuloterre-vezeto-utat-a-varoshatar-fele.jpg","type":"image\/jpeg"}],"author":"hotnewsinworld","twitter_card":"summary_large_image","twitter_misc":{"Szerz\u0151:":"hotnewsinworld","Becs\u00fclt olvas\u00e1si id\u0151":"1 perc"},"schema":{"@context":"https:\/\/schema.org","@graph":[{"@type":"Article","@id":"https:\/\/hotnewsinworld.com\/hu\/egyiranyusitottak-a-ferihegyi-repuloterre-vezeto-utat-a-varoshatar-fele\/#article","isPartOf":{"@id":"https:\/\/hotnewsinworld.com\/hu\/egyiranyusitottak-a-ferihegyi-repuloterre-vezeto-utat-a-varoshatar-fele\/"},"author":{"name":"hotnewsinworld","@id":"https:\/\/hotnewsinworld.com\/hu\/#\/schema\/person\/fe61448b21c0d59086e75fcc1f9d8f6b"},"headline":"Egyir\u00e1ny\u00fas\u00edtott\u00e1k a Ferihegyi rep\u00fcl\u0151t\u00e9rre vezet\u0151 utat a v\u00e1roshat\u00e1r fel\u00e9","datePublished":"2021-05-18T20:00:49+00:00","dateModified":"2021-05-18T20:00:51+00:00","mainEntityOfPage":{"@id":"https:\/\/hotnewsinworld.com\/hu\/egyiranyusitottak-a-ferihegyi-repuloterre-vezeto-utat-a-varoshatar-fele\/"},"wordCount":285,"commentCount":0,"image":{"@id":"https:\/\/hotnewsinworld.com\/hu\/egyiranyusitottak-a-ferihegyi-repuloterre-vezeto-utat-a-varoshatar-fele\/#primaryimage"},"thumbnailUrl":"https:\/\/hotnewsinworld.com\/hu\/wp-content\/uploads\/sites\/3\/2021\/05\/Egyiranyusitottak-a-Ferihegyi-repuloterre-vezeto-utat-a-varoshatar-fele.jpg","articleSection":["LEG\u00daJABB P\u00c9NZ\u00dcGYI H\u00cdREK"],"inLanguage":"hu","potentialAction":[{"@type":"CommentAction","name":"Comment","target":["https:\/\/hotnewsinworld.com\/hu\/egyiranyusitottak-a-ferihegyi-repuloterre-vezeto-utat-a-varoshatar-fele\/#respond"]}]},{"@type":"WebPage","@id":"https:\/\/hotnewsinworld.com\/hu\/egyiranyusitottak-a-ferihegyi-repuloterre-vezeto-utat-a-varoshatar-fele\/","url":"https:\/\/hotnewsinworld.com\/hu\/egyiranyusitottak-a-ferihegyi-repuloterre-vezeto-utat-a-varoshatar-fele\/","name":"Egyir\u00e1ny\u00fas\u00edtott\u00e1k a Ferihegyi rep\u00fcl\u0151t\u00e9rre vezet\u0151 utat a v\u00e1roshat\u00e1r fel\u00e9 - Hot News in World","isPartOf":{"@id":"https:\/\/hotnewsinworld.com\/hu\/#website"},"primaryImageOfPage":{"@id":"https:\/\/hotnewsinworld.com\/hu\/egyiranyusitottak-a-ferihegyi-repuloterre-vezeto-utat-a-varoshatar-fele\/#primaryimage"},"image":{"@id":"https:\/\/hotnewsinworld.com\/hu\/egyiranyusitottak-a-ferihegyi-repuloterre-vezeto-utat-a-varoshatar-fele\/#primaryimage"},"thumbnailUrl":"https:\/\/hotnewsinworld.com\/hu\/wp-content\/uploads\/sites\/3\/2021\/05\/Egyiranyusitottak-a-Ferihegyi-repuloterre-vezeto-utat-a-varoshatar-fele.jpg","datePublished":"2021-05-18T20:00:49+00:00","dateModified":"2021-05-18T20:00:51+00:00","author":{"@id":"https:\/\/hotnewsinworld.com\/hu\/#\/schema\/person\/fe61448b21c0d59086e75fcc1f9d8f6b"},"breadcrumb":{"@id":"https:\/\/hotnewsinworld.com\/hu\/egyiranyusitottak-a-ferihegyi-repuloterre-vezeto-utat-a-varoshatar-fele\/#breadcrumb"},"inLanguage":"hu","potentialAction":[{"@type":"ReadAction","target":["https:\/\/hotnewsinworld.com\/hu\/egyiranyusitottak-a-ferihegyi-repuloterre-vezeto-utat-a-varoshatar-fele\/"]}]},{"@type":"ImageObject","inLanguage":"hu","@id":"https:\/\/hotnewsinworld.com\/hu\/egyiranyusitottak-a-ferihegyi-repuloterre-vezeto-utat-a-varoshatar-fele\/#primaryimage","url":"https:\/\/hotnewsinworld.com\/hu\/wp-content\/uploads\/sites\/3\/2021\/05\/Egyiranyusitottak-a-Ferihegyi-repuloterre-vezeto-utat-a-varoshatar-fele.jpg","contentUrl":"https:\/\/hotnewsinworld.com\/hu\/wp-content\/uploads\/sites\/3\/2021\/05\/Egyiranyusitottak-a-Ferihegyi-repuloterre-vezeto-utat-a-varoshatar-fele.jpg","width":600,"height":315,"caption":"Egyir\u00e1ny\u00fas\u00edtott\u00e1k a Ferihegyi rep\u00fcl\u0151t\u00e9rre vezet\u0151 utat a v\u00e1roshat\u00e1r fel\u00e9"},{"@type":"BreadcrumbList","@id":"https:\/\/hotnewsinworld.com\/hu\/egyiranyusitottak-a-ferihegyi-repuloterre-vezeto-utat-a-varoshatar-fele\/#breadcrumb","itemListElement":[{"@type":"ListItem","position":1,"name":"\u0413\u043b\u0430\u0432\u043d\u0430\u044f \u0441\u0442\u0440\u0430\u043d\u0438\u0446\u0430","item":"https:\/\/hotnewsinworld.com\/hu\/"},{"@type":"ListItem","position":2,"name":"Egyir\u00e1ny\u00fas\u00edtott\u00e1k a Ferihegyi rep\u00fcl\u0151t\u00e9rre vezet\u0151 utat a v\u00e1roshat\u00e1r fel\u00e9"}]},{"@type":"WebSite","@id":"https:\/\/hotnewsinworld.com\/hu\/#website","url":"https:\/\/hotnewsinworld.com\/hu\/","name":"Hot News in World","description":"Hot News in World from Hungary","potentialAction":[{"@type":"SearchAction","target":{"@type":"EntryPoint","urlTemplate":"https:\/\/hotnewsinworld.com\/hu\/?s={search_term_string}"},"query-input":{"@type":"PropertyValueSpecification","valueRequired":true,"valueName":"search_term_string"}}],"inLanguage":"hu"},{"@type":"Person","@id":"https:\/\/hotnewsinworld.com\/hu\/#\/schema\/person\/fe61448b21c0d59086e75fcc1f9d8f6b","name":"hotnewsinworld","image":{"@type":"ImageObject","inLanguage":"hu","@id":"https:\/\/secure.gravatar.com\/avatar\/8a09ac165600ce2e1c38fe593c63928eb1e6e7ba5c5a907d67787c41b3d00c14?s=96&d=mm&r=g","url":"https:\/\/secure.gravatar.com\/avatar\/8a09ac165600ce2e1c38fe593c63928eb1e6e7ba5c5a907d67787c41b3d00c14?s=96&d=mm&r=g","contentUrl":"https:\/\/secure.gravatar.com\/avatar\/8a09ac165600ce2e1c38fe593c63928eb1e6e7ba5c5a907d67787c41b3d00c14?s=96&d=mm&r=g","caption":"hotnewsinworld"},"url":"https:\/\/hotnewsinworld.com\/hu\/author\/pt\/"}]}},"_links":{"self":[{"href":"https:\/\/hotnewsinworld.com\/hu\/wp-json\/wp\/v2\/posts\/2606","targetHints":{"allow":["GET"]}}],"collection":[{"href":"https:\/\/hotnewsinworld.com\/hu\/wp-json\/wp\/v2\/posts"}],"about":[{"href":"https:\/\/hotnewsinworld.com\/hu\/wp-json\/wp\/v2\/types\/post"}],"author":[{"embeddable":true,"href":"https:\/\/hotnewsinworld.com\/hu\/wp-json\/wp\/v2\/users\/2"}],"replies":[{"embeddable":true,"href":"https:\/\/hotnewsinworld.com\/hu\/wp-json\/wp\/v2\/comments?post=2606"}],"version-history":[{"count":1,"href":"https:\/\/hotnewsinworld.com\/hu\/wp-json\/wp\/v2\/posts\/2606\/revisions"}],"predecessor-version":[{"id":2608,"href":"https:\/\/hotnewsinworld.com\/hu\/wp-json\/wp\/v2\/posts\/2606\/revisions\/2608"}],"wp:featuredmedia":[{"embeddable":true,"href":"https:\/\/hotnewsinworld.com\/hu\/wp-json\/wp\/v2\/media\/2607"}],"wp:attachment":[{"href":"https:\/\/hotnewsinworld.com\/hu\/wp-json\/wp\/v2\/media?parent=2606"}],"wp:term":[{"taxonomy":"category","embeddable":true,"href":"https:\/\/hotnewsinworld.com\/hu\/wp-json\/wp\/v2\/categories?post=2606"},{"taxonomy":"post_tag","embeddable":true,"href":"https:\/\/hotnewsinworld.com\/hu\/wp-json\/wp\/v2\/tags?post=2606"}],"curies":[{"name":"wp","href":"https:\/\/api.w.org\/{rel}","templated":true}]}}