{"id":2609,"date":"2021-05-25T23:14:14","date_gmt":"2021-05-25T20:14:14","guid":{"rendered":"https:\/\/hotnewsinworld.com\/hu\/magas-lengyel-allami-kituntetest-kapott-semjen-zsolt\/"},"modified":"2021-05-25T23:14:21","modified_gmt":"2021-05-25T20:14:21","slug":"magas-lengyel-allami-kituntetest-kapott-semjen-zsolt","status":"publish","type":"post","link":"https:\/\/hotnewsinworld.com\/hu\/magas-lengyel-allami-kituntetest-kapott-semjen-zsolt\/","title":{"rendered":"Magas lengyel \u00e1llami kit\u00fcntet\u00e9st kapott Semj\u00e9n Zsolt"},"content":{"rendered":"<p>                                Magas lengyel \u00e1llami kit\u00fcntet\u00e9st kapott Semj\u00e9n Zsolt<br \/>\nAz elismer\u00e9st, amelyben Andrzej Duda lengyel eln\u00f6k r\u00e9szes\u00edtette Semj\u00e9n Zsoltot, Jerzy Snopek budapesti lengyel nagyk\u00f6vet adta \u00e1t.<br \/>\nAz esem\u00e9nyen a minisztereln\u00f6k-helyettes azt mondta, hogy alapvet\u0151en Szent II. J\u00e1nos P\u00e1l inspir\u00e1ci\u00f3j\u00e1ra ment teol\u00f3gi\u00e1ra, a lengyel p\u00e1pa \u00e9letszents\u00e9ge \u00e9s vil\u00e1gpolitikai szerepv\u00e1llal\u00e1sa hatott r\u00e1.<\/p>\n<p>\u00a0<br \/>\n\u00dagy v\u00e9lekedett:<br \/>\nspiritu\u00e1lisan \u00e9s szellemileg Szent II. J\u00e1nos P\u00e1lnak k\u00f6sz\u00f6nhet\u0151, hogy v\u00e9get \u00e9rt a szovjet megsz\u00e1ll\u00e1s, hogy \u201emegszabadultunk a bolsevizmust\u00f3l\u201d, hogy \u201emegmaradtunk kereszt\u00e9nynek\u201d K\u00f6z\u00e9p-Eur\u00f3p\u00e1ban.<br \/>\n\u00a0<br \/>\nKit\u00e9rt r\u00e1, hogy gyerekkor\u00e1ban meghat\u00e1roz\u00f3 volt sz\u00e1m\u00e1ra Henryk Sienkiewicz irodalmi Nobel-d\u00edjas lengyel \u00edr\u00f3 munk\u00e1ss\u00e1ga.Felfigyelt a magyar \u00e9s a lengyel t\u00f6rt\u00e9nelem hasonl\u00f3s\u00e1g\u00e1ra \u2013 mondta.<br \/>\nSemj\u00e9n Zsolt kijelentette, hogy a lengyelek jobban szenvedtek a szocializmust\u00f3l.Alapvet\u0151en nekik k\u00f6sz\u00f6nhet\u0151, hogy felkel\u00e9st lehetett szervezni a Szovjetuni\u00f3 ellen.<br \/>\n\u0150k adt\u00e1k meg a rem\u00e9nyt, hogy van es\u00e9lye az antikommunista politik\u00e1nak<br \/>\n&#8211; mondta, \u00e9s utalt a KDNP \u00fajj\u00e1szervez\u00e9s\u00e9re. Kiemelte a szolidarit\u00e1s fontoss\u00e1g\u00e1t is.A visegr\u00e1di egy\u00fcttm\u0171k\u00f6d\u00e9s j\u00f3 \u00e9rdek\u00e9rv\u00e9nyes\u00edt\u00e9si lehet\u0151s\u00e9g \u2013 v\u00e9lekedett a minisztereln\u00f6k-helyettes. Hozz\u00e1f\u0171zte: a magyarok \u00e9s a lengyelek megszokt\u00e1k, hogy nem adj\u00e1k fel. Nehezebb t\u00e1mad\u00e1sokat is t\u00fal\u00e9ltek m\u00e1r, mint amilyenek most Br\u00fcsszelb\u0151l \u00e9rkeznek \u2013 jegyezte meg.<br \/>\nSemj\u00e9n Zsolt arr\u00f3l is besz\u00e9lt, hogy d\u00e9dnagysz\u00fclei b\u00fcszke lengyelek voltak, Krakk\u00f3 k\u00f6rny\u00e9k\u00e9r\u0151l. \u00dagy \u00e9rzi, a kit\u00fcntet\u00e9s nekik is sz\u00f3l \u2013 mondta.Jerzy Snopek kijelentette, hogy Semj\u00e9n Zsolt az egyik legkiv\u00e1l\u00f3bb magyar politikus.A KDNP eln\u00f6ke, aki t\u00f6bb ciklus \u00f3ta orsz\u00e1ggy\u0171l\u00e9si k\u00e9pvisel\u0151, k\u00f6ztudottan Lengyelorsz\u00e1g \u00e9s a lengyelek nagy bar\u00e1tja \u2013 tette hozz\u00e1.A minisztereln\u00f6k-helyettes elk\u00f6telezetten m\u0171k\u00f6dik egy\u00fctt lengyel int\u00e9zm\u00e9nyekkel, k\u00f6zt\u00fck a lengyel nagyk\u00f6vets\u00e9ggel is.<br \/>\nSemj\u00e9n Zsoltnak k\u00f6sz\u00f6nhet\u0151, hogy t\u00f6bb projektj\u00fck megval\u00f3sulhatott<br \/>\n&#8211; mondta Jerzy Snopek.<\/p>\n<p>\u00a0<\/p>\n<p>\n<!--noindex--><br \/>\n<a href=\"https:\/\/hirek.oldal.info\/rssclick\/15931339\" rel=\"nofollow\">Source link <\/a><br \/>\n<!--\/noindex--><\/p>\n","protected":false},"excerpt":{"rendered":"<p>Magas lengyel \u00e1llami kit\u00fcntet\u00e9st kapott Semj\u00e9n Zsolt Az elismer\u00e9st, amelyben Andrzej Duda lengyel eln\u00f6k r\u00e9szes\u00edtette Semj\u00e9n Zsoltot, Jerzy Snopek budapesti lengyel nagyk\u00f6vet adta \u00e1t. Az esem\u00e9nyen a minisztereln\u00f6k-helyettes azt mondta, hogy alapvet\u0151en Szent II. J\u00e1nos P\u00e1l inspir\u00e1ci\u00f3j\u00e1ra ment teol\u00f3gi\u00e1ra, a lengyel p\u00e1pa \u00e9letszents\u00e9ge \u00e9s vil\u00e1gpolitikai szerepv\u00e1llal\u00e1sa hatott r\u00e1. \u00a0 \u00dagy v\u00e9lekedett: spiritu\u00e1lisan \u00e9s szellemileg Szent [&hellip;]<\/p>\n","protected":false},"author":2,"featured_media":2610,"comment_status":"open","ping_status":"open","sticky":false,"template":"","format":"standard","meta":{"footnotes":""},"categories":[1],"tags":[],"class_list":["post-2609","post","type-post","status-publish","format-standard","has-post-thumbnail","hentry","category-legujabb-penzugyi-hirek"],"yoast_head":"<!-- This site is optimized with the Yoast SEO plugin v27.4 - https:\/\/yoast.com\/product\/yoast-seo-wordpress\/ -->\n<title>Magas lengyel \u00e1llami kit\u00fcntet\u00e9st kapott Semj\u00e9n Zsolt - Hot News in World<\/title>\n<meta name=\"robots\" content=\"index, follow, max-snippet:-1, max-image-preview:large, max-video-preview:-1\" \/>\n<link rel=\"canonical\" href=\"https:\/\/hotnewsinworld.com\/hu\/magas-lengyel-allami-kituntetest-kapott-semjen-zsolt\/\" \/>\n<meta property=\"og:locale\" content=\"hu_HU\" \/>\n<meta property=\"og:type\" content=\"article\" \/>\n<meta property=\"og:title\" content=\"Magas lengyel \u00e1llami kit\u00fcntet\u00e9st kapott Semj\u00e9n Zsolt - Hot News in World\" \/>\n<meta property=\"og:description\" content=\"Magas lengyel \u00e1llami kit\u00fcntet\u00e9st kapott Semj\u00e9n Zsolt Az elismer\u00e9st, amelyben Andrzej Duda lengyel eln\u00f6k r\u00e9szes\u00edtette Semj\u00e9n Zsoltot, Jerzy Snopek budapesti lengyel nagyk\u00f6vet adta \u00e1t. Az esem\u00e9nyen a minisztereln\u00f6k-helyettes azt mondta, hogy alapvet\u0151en Szent II. J\u00e1nos P\u00e1l inspir\u00e1ci\u00f3j\u00e1ra ment teol\u00f3gi\u00e1ra, a lengyel p\u00e1pa \u00e9letszents\u00e9ge \u00e9s vil\u00e1gpolitikai szerepv\u00e1llal\u00e1sa hatott r\u00e1. \u00a0 \u00dagy v\u00e9lekedett: spiritu\u00e1lisan \u00e9s szellemileg Szent [&hellip;]\" \/>\n<meta property=\"og:url\" content=\"https:\/\/hotnewsinworld.com\/hu\/magas-lengyel-allami-kituntetest-kapott-semjen-zsolt\/\" \/>\n<meta property=\"og:site_name\" content=\"Hot News in World\" \/>\n<meta property=\"article:published_time\" content=\"2021-05-25T20:14:14+00:00\" \/>\n<meta property=\"article:modified_time\" content=\"2021-05-25T20:14:21+00:00\" \/>\n<meta property=\"og:image\" content=\"https:\/\/hotnewsinworld.com\/hu\/wp-content\/uploads\/sites\/3\/2021\/05\/Magas-lengyel-allami-kituntetest-kapott-Semjen-Zsolt.jpg\" \/>\n\t<meta property=\"og:image:width\" content=\"1200\" \/>\n\t<meta property=\"og:image:height\" content=\"630\" \/>\n\t<meta property=\"og:image:type\" content=\"image\/jpeg\" \/>\n<meta name=\"author\" content=\"hotnewsinworld\" \/>\n<meta name=\"twitter:card\" content=\"summary_large_image\" \/>\n<meta name=\"twitter:label1\" content=\"Szerz\u0151:\" \/>\n\t<meta name=\"twitter:data1\" content=\"hotnewsinworld\" \/>\n\t<meta name=\"twitter:label2\" content=\"Becs\u00fclt olvas\u00e1si id\u0151\" \/>\n\t<meta name=\"twitter:data2\" content=\"2 perc\" \/>\n<script type=\"application\/ld+json\" class=\"yoast-schema-graph\">{\"@context\":\"https:\\\/\\\/schema.org\",\"@graph\":[{\"@type\":\"Article\",\"@id\":\"https:\\\/\\\/hotnewsinworld.com\\\/hu\\\/magas-lengyel-allami-kituntetest-kapott-semjen-zsolt\\\/#article\",\"isPartOf\":{\"@id\":\"https:\\\/\\\/hotnewsinworld.com\\\/hu\\\/magas-lengyel-allami-kituntetest-kapott-semjen-zsolt\\\/\"},\"author\":{\"name\":\"hotnewsinworld\",\"@id\":\"https:\\\/\\\/hotnewsinworld.com\\\/hu\\\/#\\\/schema\\\/person\\\/fe61448b21c0d59086e75fcc1f9d8f6b\"},\"headline\":\"Magas lengyel \u00e1llami kit\u00fcntet\u00e9st kapott Semj\u00e9n Zsolt\",\"datePublished\":\"2021-05-25T20:14:14+00:00\",\"dateModified\":\"2021-05-25T20:14:21+00:00\",\"mainEntityOfPage\":{\"@id\":\"https:\\\/\\\/hotnewsinworld.com\\\/hu\\\/magas-lengyel-allami-kituntetest-kapott-semjen-zsolt\\\/\"},\"wordCount\":388,\"commentCount\":0,\"image\":{\"@id\":\"https:\\\/\\\/hotnewsinworld.com\\\/hu\\\/magas-lengyel-allami-kituntetest-kapott-semjen-zsolt\\\/#primaryimage\"},\"thumbnailUrl\":\"https:\\\/\\\/hotnewsinworld.com\\\/hu\\\/wp-content\\\/uploads\\\/sites\\\/3\\\/2021\\\/05\\\/Magas-lengyel-allami-kituntetest-kapott-Semjen-Zsolt.jpg\",\"articleSection\":[\"LEG\u00daJABB P\u00c9NZ\u00dcGYI H\u00cdREK\"],\"inLanguage\":\"hu\",\"potentialAction\":[{\"@type\":\"CommentAction\",\"name\":\"Comment\",\"target\":[\"https:\\\/\\\/hotnewsinworld.com\\\/hu\\\/magas-lengyel-allami-kituntetest-kapott-semjen-zsolt\\\/#respond\"]}]},{\"@type\":\"WebPage\",\"@id\":\"https:\\\/\\\/hotnewsinworld.com\\\/hu\\\/magas-lengyel-allami-kituntetest-kapott-semjen-zsolt\\\/\",\"url\":\"https:\\\/\\\/hotnewsinworld.com\\\/hu\\\/magas-lengyel-allami-kituntetest-kapott-semjen-zsolt\\\/\",\"name\":\"Magas lengyel \u00e1llami kit\u00fcntet\u00e9st kapott Semj\u00e9n Zsolt - Hot News in World\",\"isPartOf\":{\"@id\":\"https:\\\/\\\/hotnewsinworld.com\\\/hu\\\/#website\"},\"primaryImageOfPage\":{\"@id\":\"https:\\\/\\\/hotnewsinworld.com\\\/hu\\\/magas-lengyel-allami-kituntetest-kapott-semjen-zsolt\\\/#primaryimage\"},\"image\":{\"@id\":\"https:\\\/\\\/hotnewsinworld.com\\\/hu\\\/magas-lengyel-allami-kituntetest-kapott-semjen-zsolt\\\/#primaryimage\"},\"thumbnailUrl\":\"https:\\\/\\\/hotnewsinworld.com\\\/hu\\\/wp-content\\\/uploads\\\/sites\\\/3\\\/2021\\\/05\\\/Magas-lengyel-allami-kituntetest-kapott-Semjen-Zsolt.jpg\",\"datePublished\":\"2021-05-25T20:14:14+00:00\",\"dateModified\":\"2021-05-25T20:14:21+00:00\",\"author\":{\"@id\":\"https:\\\/\\\/hotnewsinworld.com\\\/hu\\\/#\\\/schema\\\/person\\\/fe61448b21c0d59086e75fcc1f9d8f6b\"},\"breadcrumb\":{\"@id\":\"https:\\\/\\\/hotnewsinworld.com\\\/hu\\\/magas-lengyel-allami-kituntetest-kapott-semjen-zsolt\\\/#breadcrumb\"},\"inLanguage\":\"hu\",\"potentialAction\":[{\"@type\":\"ReadAction\",\"target\":[\"https:\\\/\\\/hotnewsinworld.com\\\/hu\\\/magas-lengyel-allami-kituntetest-kapott-semjen-zsolt\\\/\"]}]},{\"@type\":\"ImageObject\",\"inLanguage\":\"hu\",\"@id\":\"https:\\\/\\\/hotnewsinworld.com\\\/hu\\\/magas-lengyel-allami-kituntetest-kapott-semjen-zsolt\\\/#primaryimage\",\"url\":\"https:\\\/\\\/hotnewsinworld.com\\\/hu\\\/wp-content\\\/uploads\\\/sites\\\/3\\\/2021\\\/05\\\/Magas-lengyel-allami-kituntetest-kapott-Semjen-Zsolt.jpg\",\"contentUrl\":\"https:\\\/\\\/hotnewsinworld.com\\\/hu\\\/wp-content\\\/uploads\\\/sites\\\/3\\\/2021\\\/05\\\/Magas-lengyel-allami-kituntetest-kapott-Semjen-Zsolt.jpg\",\"width\":1200,\"height\":630,\"caption\":\"Magas lengyel \u00e1llami kit\u00fcntet\u00e9st kapott Semj\u00e9n Zsolt\"},{\"@type\":\"BreadcrumbList\",\"@id\":\"https:\\\/\\\/hotnewsinworld.com\\\/hu\\\/magas-lengyel-allami-kituntetest-kapott-semjen-zsolt\\\/#breadcrumb\",\"itemListElement\":[{\"@type\":\"ListItem\",\"position\":1,\"name\":\"\u0413\u043b\u0430\u0432\u043d\u0430\u044f \u0441\u0442\u0440\u0430\u043d\u0438\u0446\u0430\",\"item\":\"https:\\\/\\\/hotnewsinworld.com\\\/hu\\\/\"},{\"@type\":\"ListItem\",\"position\":2,\"name\":\"Magas lengyel \u00e1llami kit\u00fcntet\u00e9st kapott Semj\u00e9n Zsolt\"}]},{\"@type\":\"WebSite\",\"@id\":\"https:\\\/\\\/hotnewsinworld.com\\\/hu\\\/#website\",\"url\":\"https:\\\/\\\/hotnewsinworld.com\\\/hu\\\/\",\"name\":\"Hot News in World\",\"description\":\"Hot News in World from Hungary\",\"potentialAction\":[{\"@type\":\"SearchAction\",\"target\":{\"@type\":\"EntryPoint\",\"urlTemplate\":\"https:\\\/\\\/hotnewsinworld.com\\\/hu\\\/?s={search_term_string}\"},\"query-input\":{\"@type\":\"PropertyValueSpecification\",\"valueRequired\":true,\"valueName\":\"search_term_string\"}}],\"inLanguage\":\"hu\"},{\"@type\":\"Person\",\"@id\":\"https:\\\/\\\/hotnewsinworld.com\\\/hu\\\/#\\\/schema\\\/person\\\/fe61448b21c0d59086e75fcc1f9d8f6b\",\"name\":\"hotnewsinworld\",\"image\":{\"@type\":\"ImageObject\",\"inLanguage\":\"hu\",\"@id\":\"https:\\\/\\\/secure.gravatar.com\\\/avatar\\\/8a09ac165600ce2e1c38fe593c63928eb1e6e7ba5c5a907d67787c41b3d00c14?s=96&d=mm&r=g\",\"url\":\"https:\\\/\\\/secure.gravatar.com\\\/avatar\\\/8a09ac165600ce2e1c38fe593c63928eb1e6e7ba5c5a907d67787c41b3d00c14?s=96&d=mm&r=g\",\"contentUrl\":\"https:\\\/\\\/secure.gravatar.com\\\/avatar\\\/8a09ac165600ce2e1c38fe593c63928eb1e6e7ba5c5a907d67787c41b3d00c14?s=96&d=mm&r=g\",\"caption\":\"hotnewsinworld\"},\"url\":\"https:\\\/\\\/hotnewsinworld.com\\\/hu\\\/author\\\/pt\\\/\"}]}<\/script>\n<!-- \/ Yoast SEO plugin. -->","yoast_head_json":{"title":"Magas lengyel \u00e1llami kit\u00fcntet\u00e9st kapott Semj\u00e9n Zsolt - Hot News in World","robots":{"index":"index","follow":"follow","max-snippet":"max-snippet:-1","max-image-preview":"max-image-preview:large","max-video-preview":"max-video-preview:-1"},"canonical":"https:\/\/hotnewsinworld.com\/hu\/magas-lengyel-allami-kituntetest-kapott-semjen-zsolt\/","og_locale":"hu_HU","og_type":"article","og_title":"Magas lengyel \u00e1llami kit\u00fcntet\u00e9st kapott Semj\u00e9n Zsolt - Hot News in World","og_description":"Magas lengyel \u00e1llami kit\u00fcntet\u00e9st kapott Semj\u00e9n Zsolt Az elismer\u00e9st, amelyben Andrzej Duda lengyel eln\u00f6k r\u00e9szes\u00edtette Semj\u00e9n Zsoltot, Jerzy Snopek budapesti lengyel nagyk\u00f6vet adta \u00e1t. Az esem\u00e9nyen a minisztereln\u00f6k-helyettes azt mondta, hogy alapvet\u0151en Szent II. J\u00e1nos P\u00e1l inspir\u00e1ci\u00f3j\u00e1ra ment teol\u00f3gi\u00e1ra, a lengyel p\u00e1pa \u00e9letszents\u00e9ge \u00e9s vil\u00e1gpolitikai szerepv\u00e1llal\u00e1sa hatott r\u00e1. \u00a0 \u00dagy v\u00e9lekedett: spiritu\u00e1lisan \u00e9s szellemileg Szent [&hellip;]","og_url":"https:\/\/hotnewsinworld.com\/hu\/magas-lengyel-allami-kituntetest-kapott-semjen-zsolt\/","og_site_name":"Hot News in World","article_published_time":"2021-05-25T20:14:14+00:00","article_modified_time":"2021-05-25T20:14:21+00:00","og_image":[{"width":1200,"height":630,"url":"https:\/\/hotnewsinworld.com\/hu\/wp-content\/uploads\/sites\/3\/2021\/05\/Magas-lengyel-allami-kituntetest-kapott-Semjen-Zsolt.jpg","type":"image\/jpeg"}],"author":"hotnewsinworld","twitter_card":"summary_large_image","twitter_misc":{"Szerz\u0151:":"hotnewsinworld","Becs\u00fclt olvas\u00e1si id\u0151":"2 perc"},"schema":{"@context":"https:\/\/schema.org","@graph":[{"@type":"Article","@id":"https:\/\/hotnewsinworld.com\/hu\/magas-lengyel-allami-kituntetest-kapott-semjen-zsolt\/#article","isPartOf":{"@id":"https:\/\/hotnewsinworld.com\/hu\/magas-lengyel-allami-kituntetest-kapott-semjen-zsolt\/"},"author":{"name":"hotnewsinworld","@id":"https:\/\/hotnewsinworld.com\/hu\/#\/schema\/person\/fe61448b21c0d59086e75fcc1f9d8f6b"},"headline":"Magas lengyel \u00e1llami kit\u00fcntet\u00e9st kapott Semj\u00e9n Zsolt","datePublished":"2021-05-25T20:14:14+00:00","dateModified":"2021-05-25T20:14:21+00:00","mainEntityOfPage":{"@id":"https:\/\/hotnewsinworld.com\/hu\/magas-lengyel-allami-kituntetest-kapott-semjen-zsolt\/"},"wordCount":388,"commentCount":0,"image":{"@id":"https:\/\/hotnewsinworld.com\/hu\/magas-lengyel-allami-kituntetest-kapott-semjen-zsolt\/#primaryimage"},"thumbnailUrl":"https:\/\/hotnewsinworld.com\/hu\/wp-content\/uploads\/sites\/3\/2021\/05\/Magas-lengyel-allami-kituntetest-kapott-Semjen-Zsolt.jpg","articleSection":["LEG\u00daJABB P\u00c9NZ\u00dcGYI H\u00cdREK"],"inLanguage":"hu","potentialAction":[{"@type":"CommentAction","name":"Comment","target":["https:\/\/hotnewsinworld.com\/hu\/magas-lengyel-allami-kituntetest-kapott-semjen-zsolt\/#respond"]}]},{"@type":"WebPage","@id":"https:\/\/hotnewsinworld.com\/hu\/magas-lengyel-allami-kituntetest-kapott-semjen-zsolt\/","url":"https:\/\/hotnewsinworld.com\/hu\/magas-lengyel-allami-kituntetest-kapott-semjen-zsolt\/","name":"Magas lengyel \u00e1llami kit\u00fcntet\u00e9st kapott Semj\u00e9n Zsolt - Hot News in World","isPartOf":{"@id":"https:\/\/hotnewsinworld.com\/hu\/#website"},"primaryImageOfPage":{"@id":"https:\/\/hotnewsinworld.com\/hu\/magas-lengyel-allami-kituntetest-kapott-semjen-zsolt\/#primaryimage"},"image":{"@id":"https:\/\/hotnewsinworld.com\/hu\/magas-lengyel-allami-kituntetest-kapott-semjen-zsolt\/#primaryimage"},"thumbnailUrl":"https:\/\/hotnewsinworld.com\/hu\/wp-content\/uploads\/sites\/3\/2021\/05\/Magas-lengyel-allami-kituntetest-kapott-Semjen-Zsolt.jpg","datePublished":"2021-05-25T20:14:14+00:00","dateModified":"2021-05-25T20:14:21+00:00","author":{"@id":"https:\/\/hotnewsinworld.com\/hu\/#\/schema\/person\/fe61448b21c0d59086e75fcc1f9d8f6b"},"breadcrumb":{"@id":"https:\/\/hotnewsinworld.com\/hu\/magas-lengyel-allami-kituntetest-kapott-semjen-zsolt\/#breadcrumb"},"inLanguage":"hu","potentialAction":[{"@type":"ReadAction","target":["https:\/\/hotnewsinworld.com\/hu\/magas-lengyel-allami-kituntetest-kapott-semjen-zsolt\/"]}]},{"@type":"ImageObject","inLanguage":"hu","@id":"https:\/\/hotnewsinworld.com\/hu\/magas-lengyel-allami-kituntetest-kapott-semjen-zsolt\/#primaryimage","url":"https:\/\/hotnewsinworld.com\/hu\/wp-content\/uploads\/sites\/3\/2021\/05\/Magas-lengyel-allami-kituntetest-kapott-Semjen-Zsolt.jpg","contentUrl":"https:\/\/hotnewsinworld.com\/hu\/wp-content\/uploads\/sites\/3\/2021\/05\/Magas-lengyel-allami-kituntetest-kapott-Semjen-Zsolt.jpg","width":1200,"height":630,"caption":"Magas lengyel \u00e1llami kit\u00fcntet\u00e9st kapott Semj\u00e9n Zsolt"},{"@type":"BreadcrumbList","@id":"https:\/\/hotnewsinworld.com\/hu\/magas-lengyel-allami-kituntetest-kapott-semjen-zsolt\/#breadcrumb","itemListElement":[{"@type":"ListItem","position":1,"name":"\u0413\u043b\u0430\u0432\u043d\u0430\u044f \u0441\u0442\u0440\u0430\u043d\u0438\u0446\u0430","item":"https:\/\/hotnewsinworld.com\/hu\/"},{"@type":"ListItem","position":2,"name":"Magas lengyel \u00e1llami kit\u00fcntet\u00e9st kapott Semj\u00e9n Zsolt"}]},{"@type":"WebSite","@id":"https:\/\/hotnewsinworld.com\/hu\/#website","url":"https:\/\/hotnewsinworld.com\/hu\/","name":"Hot News in World","description":"Hot News in World from Hungary","potentialAction":[{"@type":"SearchAction","target":{"@type":"EntryPoint","urlTemplate":"https:\/\/hotnewsinworld.com\/hu\/?s={search_term_string}"},"query-input":{"@type":"PropertyValueSpecification","valueRequired":true,"valueName":"search_term_string"}}],"inLanguage":"hu"},{"@type":"Person","@id":"https:\/\/hotnewsinworld.com\/hu\/#\/schema\/person\/fe61448b21c0d59086e75fcc1f9d8f6b","name":"hotnewsinworld","image":{"@type":"ImageObject","inLanguage":"hu","@id":"https:\/\/secure.gravatar.com\/avatar\/8a09ac165600ce2e1c38fe593c63928eb1e6e7ba5c5a907d67787c41b3d00c14?s=96&d=mm&r=g","url":"https:\/\/secure.gravatar.com\/avatar\/8a09ac165600ce2e1c38fe593c63928eb1e6e7ba5c5a907d67787c41b3d00c14?s=96&d=mm&r=g","contentUrl":"https:\/\/secure.gravatar.com\/avatar\/8a09ac165600ce2e1c38fe593c63928eb1e6e7ba5c5a907d67787c41b3d00c14?s=96&d=mm&r=g","caption":"hotnewsinworld"},"url":"https:\/\/hotnewsinworld.com\/hu\/author\/pt\/"}]}},"_links":{"self":[{"href":"https:\/\/hotnewsinworld.com\/hu\/wp-json\/wp\/v2\/posts\/2609","targetHints":{"allow":["GET"]}}],"collection":[{"href":"https:\/\/hotnewsinworld.com\/hu\/wp-json\/wp\/v2\/posts"}],"about":[{"href":"https:\/\/hotnewsinworld.com\/hu\/wp-json\/wp\/v2\/types\/post"}],"author":[{"embeddable":true,"href":"https:\/\/hotnewsinworld.com\/hu\/wp-json\/wp\/v2\/users\/2"}],"replies":[{"embeddable":true,"href":"https:\/\/hotnewsinworld.com\/hu\/wp-json\/wp\/v2\/comments?post=2609"}],"version-history":[{"count":1,"href":"https:\/\/hotnewsinworld.com\/hu\/wp-json\/wp\/v2\/posts\/2609\/revisions"}],"predecessor-version":[{"id":2611,"href":"https:\/\/hotnewsinworld.com\/hu\/wp-json\/wp\/v2\/posts\/2609\/revisions\/2611"}],"wp:featuredmedia":[{"embeddable":true,"href":"https:\/\/hotnewsinworld.com\/hu\/wp-json\/wp\/v2\/media\/2610"}],"wp:attachment":[{"href":"https:\/\/hotnewsinworld.com\/hu\/wp-json\/wp\/v2\/media?parent=2609"}],"wp:term":[{"taxonomy":"category","embeddable":true,"href":"https:\/\/hotnewsinworld.com\/hu\/wp-json\/wp\/v2\/categories?post=2609"},{"taxonomy":"post_tag","embeddable":true,"href":"https:\/\/hotnewsinworld.com\/hu\/wp-json\/wp\/v2\/tags?post=2609"}],"curies":[{"name":"wp","href":"https:\/\/api.w.org\/{rel}","templated":true}]}}