{"id":2612,"date":"2021-06-01T23:27:34","date_gmt":"2021-06-01T20:27:34","guid":{"rendered":"https:\/\/hotnewsinworld.com\/hu\/reflexbol-alhirezni-kezdett-az-allamtitkar-amikor-azokrol-kerdeztek-akiknel-a-masodik-oltas-utan-sem-indult-be-az-antitest-kepzodes\/"},"modified":"2021-06-01T23:27:40","modified_gmt":"2021-06-01T20:27:40","slug":"reflexbol-alhirezni-kezdett-az-allamtitkar-amikor-azokrol-kerdeztek-akiknel-a-masodik-oltas-utan-sem-indult-be-az-antitest-kepzodes","status":"publish","type":"post","link":"https:\/\/hotnewsinworld.com\/hu\/reflexbol-alhirezni-kezdett-az-allamtitkar-amikor-azokrol-kerdeztek-akiknel-a-masodik-oltas-utan-sem-indult-be-az-antitest-kepzodes\/","title":{"rendered":"Reflexb\u0151l \u00e1lh\u00edrezni kezdett az \u00e1llamtitk\u00e1r, amikor azokr\u00f3l k\u00e9rdezt\u00e9k, akikn\u00e9l a m\u00e1sodik olt\u00e1s ut\u00e1n sem indult be az antitest-k\u00e9pz\u0151d\u00e9s"},"content":{"rendered":"<p>            \u201eMi a sz\u00e1nd\u00e9kuk azokkal, akikn\u00e9l a m\u00e1sodik olt\u00e1s ut\u00e1n sem indult be, vagy nem kell\u0151 m\u00e9rt\u00e9kben az antitest-k\u00e9pz\u0151d\u00e9s?\u201d &#8211; tette fel a k\u00e9rd\u00e9st K\u00e1sler Mikl\u00f3snak a DK-s Vadai \u00c1gnes. A k\u00e9pvisel\u0151 hozz\u00e1tette, hogy \u201ek\u00fcl\u00f6n\u00f6sen a Sinopharmmal beoltottak k\u00f6z\u00fcl igen sokan agg\u00f3dnak, vajon csakugyan v\u00e9dettek-e, mert el\u0151fordult, hogy eset\u00fckben a teszt a m\u00e1sodik olt\u00e1s ut\u00e1n k\u00e9t h\u00e9ttel m\u00e9g mindig nem jelez \u00e9rdemi, vagy legal\u00e1bbis kell\u0151 m\u00e9rt\u00e9k\u0171 antitest-k\u00e9pz\u0151d\u00e9st\u201d. T\u00f6bb olvas\u00f3nk is hasonl\u00f3 eredm\u00e9nyr\u0151l sz\u00e1molt be az antitest-tesztje ut\u00e1n, \u00e9s sokan keresnek erre megold\u00e1st.  Szerbi\u00e1ban is t\u00e9ma volt, az Egyes\u00fclt Arab Em\u00edrs\u00e9gekben \u00e9s Bahreinben be is jelentett\u00e9k, hogy harmadik d\u00f3zisra is lehet jelentkezni a Sinopharmb\u00f3l. Ugyanakkor M\u00fcller Cec\u00edlia \u00e1prilis k\u00f6zep\u00e9n m\u00e9g nem tudta megmondani, hogy erre n\u00e1lunk sz\u00fcks\u00e9g lesz-e.   <\/p>\n<p>              R\u00e9tv\u00e1ri Bence, az Emberi Er\u0151forr\u00e1sok Miniszt\u00e9rium\u00e1nak parlamenti \u00e1llamtitk\u00e1ra<\/p>\n<p>              Fot\u00f3:<br \/>\n                Bruz\u00e1k No\u00e9mi\/MTI\/MTVA<\/p>\n<p>        Most az Emberi Er\u0151forr\u00e1sok Miniszt\u00e9rium\u00e1nak elvileg m\u00e1sf\u00e9l h\u00f3nappal t\u00f6bb tud\u00e1s \u00e1llna a rendelkez\u00e9s\u00e9re, de sz\u00f6vegelemz\u0151 szoftver legyen a talp\u00e1n, ami R\u00e9tv\u00e1ri Bence \u00e1llamtitk\u00e1r v\u00e1lasz\u00e1b\u00f3l meg tudja fejteni, mi a teend\u0151: \u201e\u00d6n ism\u00e9t egy olyan vakcin\u00e1val kapcsolatban szeretne bizonytalans\u00e1got kelteni, amelyet a WHO enged\u00e9lyezett, viszont \u00d6n\u00f6k hat\u00e1rozati javaslatban tiltottak volna be. Nem is olyan r\u00e9gen arr\u00f3l is besz\u00e1molt, hogy Ausztria nem fogja elfogadni a Sinopharm-ot, azonban \u00d6nt r\u00f6gt\u00f6n egy nappal k\u00e9s\u0151bb c\u00e1folta az osztr\u00e1k eg\u00e9szs\u00e9g\u00fcgyi miniszter t\u00e1j\u00e9koztat\u00e1sa, mely szerint mivel a WHO is j\u00f3v\u00e1hagyta a vakcin\u00e1t, \u00edgy \u0151k is elfogadj\u00e1k. Hi\u00e1ba mondja m\u00e1r a WHO is, hogy a Sinopharm vakcina hat\u00e1sos \u00e9s biztons\u00e1gos, \u00d6n\u00f6k tov\u00e1bbra is t\u00e1madj\u00e1k. Ebb\u0151l is l\u00e1tszik, hogy \u00d6n\u00f6ket csak a v\u00e9lt politikai el\u0151ny \u00e9rdekli, az emberek eg\u00e9szs\u00e9ge nem.  Nem ez az els\u0151 eset, hogy pillanatok alatt, k\u00e1rtyav\u00e1rk\u00e9nt omlanak \u00f6ssze a baloldali \u00e1lh\u00edrek. Az \u00d6n\u00f6k \u00e9rdek\u00e9ben is szeretn\u00e9nk k\u00e9rni, hogy adj\u00e1k m\u00e1r v\u00e9gre fel az olt\u00e1sellenes politik\u00e1jukat, vonj\u00e1k vissza olt\u00e1sellenes orsz\u00e1ggy\u0171l\u00e9si hat\u00e1rozatukat \u00e9s k\u00e9rjenek bocs\u00e1natot a magyar emberekt\u0151l!\u201d<\/p>\n<p>\n<!--noindex--><br \/>\n<a href=\"https:\/\/hirek.oldal.info\/rssclick\/15949744\" rel=\"nofollow\">Source link <\/a><br \/>\n<!--\/noindex--><\/p>\n","protected":false},"excerpt":{"rendered":"<p>\u201eMi a sz\u00e1nd\u00e9kuk azokkal, akikn\u00e9l a m\u00e1sodik olt\u00e1s ut\u00e1n sem indult be, vagy nem kell\u0151 m\u00e9rt\u00e9kben az antitest-k\u00e9pz\u0151d\u00e9s?\u201d &#8211; tette fel a k\u00e9rd\u00e9st K\u00e1sler Mikl\u00f3snak a DK-s Vadai \u00c1gnes. A k\u00e9pvisel\u0151 hozz\u00e1tette, hogy \u201ek\u00fcl\u00f6n\u00f6sen a Sinopharmmal beoltottak k\u00f6z\u00fcl igen sokan agg\u00f3dnak, vajon csakugyan v\u00e9dettek-e, mert el\u0151fordult, hogy eset\u00fckben a teszt a m\u00e1sodik olt\u00e1s ut\u00e1n k\u00e9t [&hellip;]<\/p>\n","protected":false},"author":2,"featured_media":2613,"comment_status":"open","ping_status":"open","sticky":false,"template":"","format":"standard","meta":{"footnotes":""},"categories":[1],"tags":[],"class_list":["post-2612","post","type-post","status-publish","format-standard","has-post-thumbnail","hentry","category-legujabb-penzugyi-hirek"],"yoast_head":"<!-- This site is optimized with the Yoast SEO plugin v27.4 - https:\/\/yoast.com\/product\/yoast-seo-wordpress\/ -->\n<title>Reflexb\u0151l \u00e1lh\u00edrezni kezdett az \u00e1llamtitk\u00e1r, amikor azokr\u00f3l k\u00e9rdezt\u00e9k, akikn\u00e9l a m\u00e1sodik olt\u00e1s ut\u00e1n sem indult be az antitest-k\u00e9pz\u0151d\u00e9s - Hot News in World<\/title>\n<meta name=\"robots\" content=\"index, follow, max-snippet:-1, max-image-preview:large, max-video-preview:-1\" \/>\n<link rel=\"canonical\" href=\"https:\/\/hotnewsinworld.com\/hu\/reflexbol-alhirezni-kezdett-az-allamtitkar-amikor-azokrol-kerdeztek-akiknel-a-masodik-oltas-utan-sem-indult-be-az-antitest-kepzodes\/\" \/>\n<meta property=\"og:locale\" content=\"hu_HU\" \/>\n<meta property=\"og:type\" content=\"article\" \/>\n<meta property=\"og:title\" content=\"Reflexb\u0151l \u00e1lh\u00edrezni kezdett az \u00e1llamtitk\u00e1r, amikor azokr\u00f3l k\u00e9rdezt\u00e9k, akikn\u00e9l a m\u00e1sodik olt\u00e1s ut\u00e1n sem indult be az antitest-k\u00e9pz\u0151d\u00e9s - Hot News in World\" \/>\n<meta property=\"og:description\" content=\"\u201eMi a sz\u00e1nd\u00e9kuk azokkal, akikn\u00e9l a m\u00e1sodik olt\u00e1s ut\u00e1n sem indult be, vagy nem kell\u0151 m\u00e9rt\u00e9kben az antitest-k\u00e9pz\u0151d\u00e9s?\u201d &#8211; tette fel a k\u00e9rd\u00e9st K\u00e1sler Mikl\u00f3snak a DK-s Vadai \u00c1gnes. A k\u00e9pvisel\u0151 hozz\u00e1tette, hogy \u201ek\u00fcl\u00f6n\u00f6sen a Sinopharmmal beoltottak k\u00f6z\u00fcl igen sokan agg\u00f3dnak, vajon csakugyan v\u00e9dettek-e, mert el\u0151fordult, hogy eset\u00fckben a teszt a m\u00e1sodik olt\u00e1s ut\u00e1n k\u00e9t [&hellip;]\" \/>\n<meta property=\"og:url\" content=\"https:\/\/hotnewsinworld.com\/hu\/reflexbol-alhirezni-kezdett-az-allamtitkar-amikor-azokrol-kerdeztek-akiknel-a-masodik-oltas-utan-sem-indult-be-az-antitest-kepzodes\/\" \/>\n<meta property=\"og:site_name\" content=\"Hot News in World\" \/>\n<meta property=\"article:published_time\" content=\"2021-06-01T20:27:34+00:00\" \/>\n<meta property=\"article:modified_time\" content=\"2021-06-01T20:27:40+00:00\" \/>\n<meta property=\"og:image\" content=\"https:\/\/hotnewsinworld.com\/hu\/wp-content\/uploads\/sites\/3\/2021\/06\/Reflexbol-alhirezni-kezdett-az-allamtitkar-amikor-azokrol-kerdeztek-akiknel-a.jpeg\" \/>\n\t<meta property=\"og:image:width\" content=\"2000\" \/>\n\t<meta property=\"og:image:height\" content=\"1380\" \/>\n\t<meta property=\"og:image:type\" content=\"image\/jpeg\" \/>\n<meta name=\"author\" content=\"hotnewsinworld\" \/>\n<meta name=\"twitter:card\" content=\"summary_large_image\" \/>\n<meta name=\"twitter:label1\" content=\"Szerz\u0151:\" \/>\n\t<meta name=\"twitter:data1\" content=\"hotnewsinworld\" \/>\n\t<meta name=\"twitter:label2\" content=\"Becs\u00fclt olvas\u00e1si id\u0151\" \/>\n\t<meta name=\"twitter:data2\" content=\"2 perc\" \/>\n<script type=\"application\/ld+json\" class=\"yoast-schema-graph\">{\"@context\":\"https:\\\/\\\/schema.org\",\"@graph\":[{\"@type\":\"Article\",\"@id\":\"https:\\\/\\\/hotnewsinworld.com\\\/hu\\\/reflexbol-alhirezni-kezdett-az-allamtitkar-amikor-azokrol-kerdeztek-akiknel-a-masodik-oltas-utan-sem-indult-be-az-antitest-kepzodes\\\/#article\",\"isPartOf\":{\"@id\":\"https:\\\/\\\/hotnewsinworld.com\\\/hu\\\/reflexbol-alhirezni-kezdett-az-allamtitkar-amikor-azokrol-kerdeztek-akiknel-a-masodik-oltas-utan-sem-indult-be-az-antitest-kepzodes\\\/\"},\"author\":{\"name\":\"hotnewsinworld\",\"@id\":\"https:\\\/\\\/hotnewsinworld.com\\\/hu\\\/#\\\/schema\\\/person\\\/fe61448b21c0d59086e75fcc1f9d8f6b\"},\"headline\":\"Reflexb\u0151l \u00e1lh\u00edrezni kezdett az \u00e1llamtitk\u00e1r, amikor azokr\u00f3l k\u00e9rdezt\u00e9k, akikn\u00e9l a m\u00e1sodik olt\u00e1s ut\u00e1n sem indult be az antitest-k\u00e9pz\u0151d\u00e9s\",\"datePublished\":\"2021-06-01T20:27:34+00:00\",\"dateModified\":\"2021-06-01T20:27:40+00:00\",\"mainEntityOfPage\":{\"@id\":\"https:\\\/\\\/hotnewsinworld.com\\\/hu\\\/reflexbol-alhirezni-kezdett-az-allamtitkar-amikor-azokrol-kerdeztek-akiknel-a-masodik-oltas-utan-sem-indult-be-az-antitest-kepzodes\\\/\"},\"wordCount\":473,\"commentCount\":0,\"image\":{\"@id\":\"https:\\\/\\\/hotnewsinworld.com\\\/hu\\\/reflexbol-alhirezni-kezdett-az-allamtitkar-amikor-azokrol-kerdeztek-akiknel-a-masodik-oltas-utan-sem-indult-be-az-antitest-kepzodes\\\/#primaryimage\"},\"thumbnailUrl\":\"https:\\\/\\\/hotnewsinworld.com\\\/hu\\\/wp-content\\\/uploads\\\/sites\\\/3\\\/2021\\\/06\\\/Reflexbol-alhirezni-kezdett-az-allamtitkar-amikor-azokrol-kerdeztek-akiknel-a.jpeg\",\"articleSection\":[\"LEG\u00daJABB P\u00c9NZ\u00dcGYI H\u00cdREK\"],\"inLanguage\":\"hu\",\"potentialAction\":[{\"@type\":\"CommentAction\",\"name\":\"Comment\",\"target\":[\"https:\\\/\\\/hotnewsinworld.com\\\/hu\\\/reflexbol-alhirezni-kezdett-az-allamtitkar-amikor-azokrol-kerdeztek-akiknel-a-masodik-oltas-utan-sem-indult-be-az-antitest-kepzodes\\\/#respond\"]}]},{\"@type\":\"WebPage\",\"@id\":\"https:\\\/\\\/hotnewsinworld.com\\\/hu\\\/reflexbol-alhirezni-kezdett-az-allamtitkar-amikor-azokrol-kerdeztek-akiknel-a-masodik-oltas-utan-sem-indult-be-az-antitest-kepzodes\\\/\",\"url\":\"https:\\\/\\\/hotnewsinworld.com\\\/hu\\\/reflexbol-alhirezni-kezdett-az-allamtitkar-amikor-azokrol-kerdeztek-akiknel-a-masodik-oltas-utan-sem-indult-be-az-antitest-kepzodes\\\/\",\"name\":\"Reflexb\u0151l \u00e1lh\u00edrezni kezdett az \u00e1llamtitk\u00e1r, amikor azokr\u00f3l k\u00e9rdezt\u00e9k, akikn\u00e9l a m\u00e1sodik olt\u00e1s ut\u00e1n sem indult be az antitest-k\u00e9pz\u0151d\u00e9s - Hot News in World\",\"isPartOf\":{\"@id\":\"https:\\\/\\\/hotnewsinworld.com\\\/hu\\\/#website\"},\"primaryImageOfPage\":{\"@id\":\"https:\\\/\\\/hotnewsinworld.com\\\/hu\\\/reflexbol-alhirezni-kezdett-az-allamtitkar-amikor-azokrol-kerdeztek-akiknel-a-masodik-oltas-utan-sem-indult-be-az-antitest-kepzodes\\\/#primaryimage\"},\"image\":{\"@id\":\"https:\\\/\\\/hotnewsinworld.com\\\/hu\\\/reflexbol-alhirezni-kezdett-az-allamtitkar-amikor-azokrol-kerdeztek-akiknel-a-masodik-oltas-utan-sem-indult-be-az-antitest-kepzodes\\\/#primaryimage\"},\"thumbnailUrl\":\"https:\\\/\\\/hotnewsinworld.com\\\/hu\\\/wp-content\\\/uploads\\\/sites\\\/3\\\/2021\\\/06\\\/Reflexbol-alhirezni-kezdett-az-allamtitkar-amikor-azokrol-kerdeztek-akiknel-a.jpeg\",\"datePublished\":\"2021-06-01T20:27:34+00:00\",\"dateModified\":\"2021-06-01T20:27:40+00:00\",\"author\":{\"@id\":\"https:\\\/\\\/hotnewsinworld.com\\\/hu\\\/#\\\/schema\\\/person\\\/fe61448b21c0d59086e75fcc1f9d8f6b\"},\"breadcrumb\":{\"@id\":\"https:\\\/\\\/hotnewsinworld.com\\\/hu\\\/reflexbol-alhirezni-kezdett-az-allamtitkar-amikor-azokrol-kerdeztek-akiknel-a-masodik-oltas-utan-sem-indult-be-az-antitest-kepzodes\\\/#breadcrumb\"},\"inLanguage\":\"hu\",\"potentialAction\":[{\"@type\":\"ReadAction\",\"target\":[\"https:\\\/\\\/hotnewsinworld.com\\\/hu\\\/reflexbol-alhirezni-kezdett-az-allamtitkar-amikor-azokrol-kerdeztek-akiknel-a-masodik-oltas-utan-sem-indult-be-az-antitest-kepzodes\\\/\"]}]},{\"@type\":\"ImageObject\",\"inLanguage\":\"hu\",\"@id\":\"https:\\\/\\\/hotnewsinworld.com\\\/hu\\\/reflexbol-alhirezni-kezdett-az-allamtitkar-amikor-azokrol-kerdeztek-akiknel-a-masodik-oltas-utan-sem-indult-be-az-antitest-kepzodes\\\/#primaryimage\",\"url\":\"https:\\\/\\\/hotnewsinworld.com\\\/hu\\\/wp-content\\\/uploads\\\/sites\\\/3\\\/2021\\\/06\\\/Reflexbol-alhirezni-kezdett-az-allamtitkar-amikor-azokrol-kerdeztek-akiknel-a.jpeg\",\"contentUrl\":\"https:\\\/\\\/hotnewsinworld.com\\\/hu\\\/wp-content\\\/uploads\\\/sites\\\/3\\\/2021\\\/06\\\/Reflexbol-alhirezni-kezdett-az-allamtitkar-amikor-azokrol-kerdeztek-akiknel-a.jpeg\",\"width\":2000,\"height\":1380,\"caption\":\"Reflexb\u0151l \u00e1lh\u00edrezni kezdett az \u00e1llamtitk\u00e1r, amikor azokr\u00f3l k\u00e9rdezt\u00e9k, akikn\u00e9l a m\u00e1sodik olt\u00e1s ut\u00e1n sem indult be az antitest-k\u00e9pz\u0151d\u00e9s\"},{\"@type\":\"BreadcrumbList\",\"@id\":\"https:\\\/\\\/hotnewsinworld.com\\\/hu\\\/reflexbol-alhirezni-kezdett-az-allamtitkar-amikor-azokrol-kerdeztek-akiknel-a-masodik-oltas-utan-sem-indult-be-az-antitest-kepzodes\\\/#breadcrumb\",\"itemListElement\":[{\"@type\":\"ListItem\",\"position\":1,\"name\":\"\u0413\u043b\u0430\u0432\u043d\u0430\u044f \u0441\u0442\u0440\u0430\u043d\u0438\u0446\u0430\",\"item\":\"https:\\\/\\\/hotnewsinworld.com\\\/hu\\\/\"},{\"@type\":\"ListItem\",\"position\":2,\"name\":\"Reflexb\u0151l \u00e1lh\u00edrezni kezdett az \u00e1llamtitk\u00e1r, amikor azokr\u00f3l k\u00e9rdezt\u00e9k, akikn\u00e9l a m\u00e1sodik olt\u00e1s ut\u00e1n sem indult be az antitest-k\u00e9pz\u0151d\u00e9s\"}]},{\"@type\":\"WebSite\",\"@id\":\"https:\\\/\\\/hotnewsinworld.com\\\/hu\\\/#website\",\"url\":\"https:\\\/\\\/hotnewsinworld.com\\\/hu\\\/\",\"name\":\"Hot News in World\",\"description\":\"Hot News in World from Hungary\",\"potentialAction\":[{\"@type\":\"SearchAction\",\"target\":{\"@type\":\"EntryPoint\",\"urlTemplate\":\"https:\\\/\\\/hotnewsinworld.com\\\/hu\\\/?s={search_term_string}\"},\"query-input\":{\"@type\":\"PropertyValueSpecification\",\"valueRequired\":true,\"valueName\":\"search_term_string\"}}],\"inLanguage\":\"hu\"},{\"@type\":\"Person\",\"@id\":\"https:\\\/\\\/hotnewsinworld.com\\\/hu\\\/#\\\/schema\\\/person\\\/fe61448b21c0d59086e75fcc1f9d8f6b\",\"name\":\"hotnewsinworld\",\"image\":{\"@type\":\"ImageObject\",\"inLanguage\":\"hu\",\"@id\":\"https:\\\/\\\/secure.gravatar.com\\\/avatar\\\/8a09ac165600ce2e1c38fe593c63928eb1e6e7ba5c5a907d67787c41b3d00c14?s=96&d=mm&r=g\",\"url\":\"https:\\\/\\\/secure.gravatar.com\\\/avatar\\\/8a09ac165600ce2e1c38fe593c63928eb1e6e7ba5c5a907d67787c41b3d00c14?s=96&d=mm&r=g\",\"contentUrl\":\"https:\\\/\\\/secure.gravatar.com\\\/avatar\\\/8a09ac165600ce2e1c38fe593c63928eb1e6e7ba5c5a907d67787c41b3d00c14?s=96&d=mm&r=g\",\"caption\":\"hotnewsinworld\"},\"url\":\"https:\\\/\\\/hotnewsinworld.com\\\/hu\\\/author\\\/pt\\\/\"}]}<\/script>\n<!-- \/ Yoast SEO plugin. -->","yoast_head_json":{"title":"Reflexb\u0151l \u00e1lh\u00edrezni kezdett az \u00e1llamtitk\u00e1r, amikor azokr\u00f3l k\u00e9rdezt\u00e9k, akikn\u00e9l a m\u00e1sodik olt\u00e1s ut\u00e1n sem indult be az antitest-k\u00e9pz\u0151d\u00e9s - Hot News in World","robots":{"index":"index","follow":"follow","max-snippet":"max-snippet:-1","max-image-preview":"max-image-preview:large","max-video-preview":"max-video-preview:-1"},"canonical":"https:\/\/hotnewsinworld.com\/hu\/reflexbol-alhirezni-kezdett-az-allamtitkar-amikor-azokrol-kerdeztek-akiknel-a-masodik-oltas-utan-sem-indult-be-az-antitest-kepzodes\/","og_locale":"hu_HU","og_type":"article","og_title":"Reflexb\u0151l \u00e1lh\u00edrezni kezdett az \u00e1llamtitk\u00e1r, amikor azokr\u00f3l k\u00e9rdezt\u00e9k, akikn\u00e9l a m\u00e1sodik olt\u00e1s ut\u00e1n sem indult be az antitest-k\u00e9pz\u0151d\u00e9s - Hot News in World","og_description":"\u201eMi a sz\u00e1nd\u00e9kuk azokkal, akikn\u00e9l a m\u00e1sodik olt\u00e1s ut\u00e1n sem indult be, vagy nem kell\u0151 m\u00e9rt\u00e9kben az antitest-k\u00e9pz\u0151d\u00e9s?\u201d &#8211; tette fel a k\u00e9rd\u00e9st K\u00e1sler Mikl\u00f3snak a DK-s Vadai \u00c1gnes. A k\u00e9pvisel\u0151 hozz\u00e1tette, hogy \u201ek\u00fcl\u00f6n\u00f6sen a Sinopharmmal beoltottak k\u00f6z\u00fcl igen sokan agg\u00f3dnak, vajon csakugyan v\u00e9dettek-e, mert el\u0151fordult, hogy eset\u00fckben a teszt a m\u00e1sodik olt\u00e1s ut\u00e1n k\u00e9t [&hellip;]","og_url":"https:\/\/hotnewsinworld.com\/hu\/reflexbol-alhirezni-kezdett-az-allamtitkar-amikor-azokrol-kerdeztek-akiknel-a-masodik-oltas-utan-sem-indult-be-az-antitest-kepzodes\/","og_site_name":"Hot News in World","article_published_time":"2021-06-01T20:27:34+00:00","article_modified_time":"2021-06-01T20:27:40+00:00","og_image":[{"width":2000,"height":1380,"url":"https:\/\/hotnewsinworld.com\/hu\/wp-content\/uploads\/sites\/3\/2021\/06\/Reflexbol-alhirezni-kezdett-az-allamtitkar-amikor-azokrol-kerdeztek-akiknel-a.jpeg","type":"image\/jpeg"}],"author":"hotnewsinworld","twitter_card":"summary_large_image","twitter_misc":{"Szerz\u0151:":"hotnewsinworld","Becs\u00fclt olvas\u00e1si id\u0151":"2 perc"},"schema":{"@context":"https:\/\/schema.org","@graph":[{"@type":"Article","@id":"https:\/\/hotnewsinworld.com\/hu\/reflexbol-alhirezni-kezdett-az-allamtitkar-amikor-azokrol-kerdeztek-akiknel-a-masodik-oltas-utan-sem-indult-be-az-antitest-kepzodes\/#article","isPartOf":{"@id":"https:\/\/hotnewsinworld.com\/hu\/reflexbol-alhirezni-kezdett-az-allamtitkar-amikor-azokrol-kerdeztek-akiknel-a-masodik-oltas-utan-sem-indult-be-az-antitest-kepzodes\/"},"author":{"name":"hotnewsinworld","@id":"https:\/\/hotnewsinworld.com\/hu\/#\/schema\/person\/fe61448b21c0d59086e75fcc1f9d8f6b"},"headline":"Reflexb\u0151l \u00e1lh\u00edrezni kezdett az \u00e1llamtitk\u00e1r, amikor azokr\u00f3l k\u00e9rdezt\u00e9k, akikn\u00e9l a m\u00e1sodik olt\u00e1s ut\u00e1n sem indult be az antitest-k\u00e9pz\u0151d\u00e9s","datePublished":"2021-06-01T20:27:34+00:00","dateModified":"2021-06-01T20:27:40+00:00","mainEntityOfPage":{"@id":"https:\/\/hotnewsinworld.com\/hu\/reflexbol-alhirezni-kezdett-az-allamtitkar-amikor-azokrol-kerdeztek-akiknel-a-masodik-oltas-utan-sem-indult-be-az-antitest-kepzodes\/"},"wordCount":473,"commentCount":0,"image":{"@id":"https:\/\/hotnewsinworld.com\/hu\/reflexbol-alhirezni-kezdett-az-allamtitkar-amikor-azokrol-kerdeztek-akiknel-a-masodik-oltas-utan-sem-indult-be-az-antitest-kepzodes\/#primaryimage"},"thumbnailUrl":"https:\/\/hotnewsinworld.com\/hu\/wp-content\/uploads\/sites\/3\/2021\/06\/Reflexbol-alhirezni-kezdett-az-allamtitkar-amikor-azokrol-kerdeztek-akiknel-a.jpeg","articleSection":["LEG\u00daJABB P\u00c9NZ\u00dcGYI H\u00cdREK"],"inLanguage":"hu","potentialAction":[{"@type":"CommentAction","name":"Comment","target":["https:\/\/hotnewsinworld.com\/hu\/reflexbol-alhirezni-kezdett-az-allamtitkar-amikor-azokrol-kerdeztek-akiknel-a-masodik-oltas-utan-sem-indult-be-az-antitest-kepzodes\/#respond"]}]},{"@type":"WebPage","@id":"https:\/\/hotnewsinworld.com\/hu\/reflexbol-alhirezni-kezdett-az-allamtitkar-amikor-azokrol-kerdeztek-akiknel-a-masodik-oltas-utan-sem-indult-be-az-antitest-kepzodes\/","url":"https:\/\/hotnewsinworld.com\/hu\/reflexbol-alhirezni-kezdett-az-allamtitkar-amikor-azokrol-kerdeztek-akiknel-a-masodik-oltas-utan-sem-indult-be-az-antitest-kepzodes\/","name":"Reflexb\u0151l \u00e1lh\u00edrezni kezdett az \u00e1llamtitk\u00e1r, amikor azokr\u00f3l k\u00e9rdezt\u00e9k, akikn\u00e9l a m\u00e1sodik olt\u00e1s ut\u00e1n sem indult be az antitest-k\u00e9pz\u0151d\u00e9s - Hot News in World","isPartOf":{"@id":"https:\/\/hotnewsinworld.com\/hu\/#website"},"primaryImageOfPage":{"@id":"https:\/\/hotnewsinworld.com\/hu\/reflexbol-alhirezni-kezdett-az-allamtitkar-amikor-azokrol-kerdeztek-akiknel-a-masodik-oltas-utan-sem-indult-be-az-antitest-kepzodes\/#primaryimage"},"image":{"@id":"https:\/\/hotnewsinworld.com\/hu\/reflexbol-alhirezni-kezdett-az-allamtitkar-amikor-azokrol-kerdeztek-akiknel-a-masodik-oltas-utan-sem-indult-be-az-antitest-kepzodes\/#primaryimage"},"thumbnailUrl":"https:\/\/hotnewsinworld.com\/hu\/wp-content\/uploads\/sites\/3\/2021\/06\/Reflexbol-alhirezni-kezdett-az-allamtitkar-amikor-azokrol-kerdeztek-akiknel-a.jpeg","datePublished":"2021-06-01T20:27:34+00:00","dateModified":"2021-06-01T20:27:40+00:00","author":{"@id":"https:\/\/hotnewsinworld.com\/hu\/#\/schema\/person\/fe61448b21c0d59086e75fcc1f9d8f6b"},"breadcrumb":{"@id":"https:\/\/hotnewsinworld.com\/hu\/reflexbol-alhirezni-kezdett-az-allamtitkar-amikor-azokrol-kerdeztek-akiknel-a-masodik-oltas-utan-sem-indult-be-az-antitest-kepzodes\/#breadcrumb"},"inLanguage":"hu","potentialAction":[{"@type":"ReadAction","target":["https:\/\/hotnewsinworld.com\/hu\/reflexbol-alhirezni-kezdett-az-allamtitkar-amikor-azokrol-kerdeztek-akiknel-a-masodik-oltas-utan-sem-indult-be-az-antitest-kepzodes\/"]}]},{"@type":"ImageObject","inLanguage":"hu","@id":"https:\/\/hotnewsinworld.com\/hu\/reflexbol-alhirezni-kezdett-az-allamtitkar-amikor-azokrol-kerdeztek-akiknel-a-masodik-oltas-utan-sem-indult-be-az-antitest-kepzodes\/#primaryimage","url":"https:\/\/hotnewsinworld.com\/hu\/wp-content\/uploads\/sites\/3\/2021\/06\/Reflexbol-alhirezni-kezdett-az-allamtitkar-amikor-azokrol-kerdeztek-akiknel-a.jpeg","contentUrl":"https:\/\/hotnewsinworld.com\/hu\/wp-content\/uploads\/sites\/3\/2021\/06\/Reflexbol-alhirezni-kezdett-az-allamtitkar-amikor-azokrol-kerdeztek-akiknel-a.jpeg","width":2000,"height":1380,"caption":"Reflexb\u0151l \u00e1lh\u00edrezni kezdett az \u00e1llamtitk\u00e1r, amikor azokr\u00f3l k\u00e9rdezt\u00e9k, akikn\u00e9l a m\u00e1sodik olt\u00e1s ut\u00e1n sem indult be az antitest-k\u00e9pz\u0151d\u00e9s"},{"@type":"BreadcrumbList","@id":"https:\/\/hotnewsinworld.com\/hu\/reflexbol-alhirezni-kezdett-az-allamtitkar-amikor-azokrol-kerdeztek-akiknel-a-masodik-oltas-utan-sem-indult-be-az-antitest-kepzodes\/#breadcrumb","itemListElement":[{"@type":"ListItem","position":1,"name":"\u0413\u043b\u0430\u0432\u043d\u0430\u044f \u0441\u0442\u0440\u0430\u043d\u0438\u0446\u0430","item":"https:\/\/hotnewsinworld.com\/hu\/"},{"@type":"ListItem","position":2,"name":"Reflexb\u0151l \u00e1lh\u00edrezni kezdett az \u00e1llamtitk\u00e1r, amikor azokr\u00f3l k\u00e9rdezt\u00e9k, akikn\u00e9l a m\u00e1sodik olt\u00e1s ut\u00e1n sem indult be az antitest-k\u00e9pz\u0151d\u00e9s"}]},{"@type":"WebSite","@id":"https:\/\/hotnewsinworld.com\/hu\/#website","url":"https:\/\/hotnewsinworld.com\/hu\/","name":"Hot News in World","description":"Hot News in World from Hungary","potentialAction":[{"@type":"SearchAction","target":{"@type":"EntryPoint","urlTemplate":"https:\/\/hotnewsinworld.com\/hu\/?s={search_term_string}"},"query-input":{"@type":"PropertyValueSpecification","valueRequired":true,"valueName":"search_term_string"}}],"inLanguage":"hu"},{"@type":"Person","@id":"https:\/\/hotnewsinworld.com\/hu\/#\/schema\/person\/fe61448b21c0d59086e75fcc1f9d8f6b","name":"hotnewsinworld","image":{"@type":"ImageObject","inLanguage":"hu","@id":"https:\/\/secure.gravatar.com\/avatar\/8a09ac165600ce2e1c38fe593c63928eb1e6e7ba5c5a907d67787c41b3d00c14?s=96&d=mm&r=g","url":"https:\/\/secure.gravatar.com\/avatar\/8a09ac165600ce2e1c38fe593c63928eb1e6e7ba5c5a907d67787c41b3d00c14?s=96&d=mm&r=g","contentUrl":"https:\/\/secure.gravatar.com\/avatar\/8a09ac165600ce2e1c38fe593c63928eb1e6e7ba5c5a907d67787c41b3d00c14?s=96&d=mm&r=g","caption":"hotnewsinworld"},"url":"https:\/\/hotnewsinworld.com\/hu\/author\/pt\/"}]}},"_links":{"self":[{"href":"https:\/\/hotnewsinworld.com\/hu\/wp-json\/wp\/v2\/posts\/2612","targetHints":{"allow":["GET"]}}],"collection":[{"href":"https:\/\/hotnewsinworld.com\/hu\/wp-json\/wp\/v2\/posts"}],"about":[{"href":"https:\/\/hotnewsinworld.com\/hu\/wp-json\/wp\/v2\/types\/post"}],"author":[{"embeddable":true,"href":"https:\/\/hotnewsinworld.com\/hu\/wp-json\/wp\/v2\/users\/2"}],"replies":[{"embeddable":true,"href":"https:\/\/hotnewsinworld.com\/hu\/wp-json\/wp\/v2\/comments?post=2612"}],"version-history":[{"count":1,"href":"https:\/\/hotnewsinworld.com\/hu\/wp-json\/wp\/v2\/posts\/2612\/revisions"}],"predecessor-version":[{"id":2614,"href":"https:\/\/hotnewsinworld.com\/hu\/wp-json\/wp\/v2\/posts\/2612\/revisions\/2614"}],"wp:featuredmedia":[{"embeddable":true,"href":"https:\/\/hotnewsinworld.com\/hu\/wp-json\/wp\/v2\/media\/2613"}],"wp:attachment":[{"href":"https:\/\/hotnewsinworld.com\/hu\/wp-json\/wp\/v2\/media?parent=2612"}],"wp:term":[{"taxonomy":"category","embeddable":true,"href":"https:\/\/hotnewsinworld.com\/hu\/wp-json\/wp\/v2\/categories?post=2612"},{"taxonomy":"post_tag","embeddable":true,"href":"https:\/\/hotnewsinworld.com\/hu\/wp-json\/wp\/v2\/tags?post=2612"}],"curies":[{"name":"wp","href":"https:\/\/api.w.org\/{rel}","templated":true}]}}