{"id":2624,"date":"2021-06-29T23:48:45","date_gmt":"2021-06-29T20:48:45","guid":{"rendered":"https:\/\/hotnewsinworld.com\/hu\/magyarorszag-szerdan-atveszi-a-v4-soros-elnokseget-a-katowicei-csucstalalkozon\/"},"modified":"2021-06-29T23:48:48","modified_gmt":"2021-06-29T20:48:48","slug":"magyarorszag-szerdan-atveszi-a-v4-soros-elnokseget-a-katowicei-csucstalalkozon","status":"publish","type":"post","link":"https:\/\/hotnewsinworld.com\/hu\/magyarorszag-szerdan-atveszi-a-v4-soros-elnokseget-a-katowicei-csucstalalkozon\/","title":{"rendered":"Magyarorsz\u00e1g szerd\u00e1n \u00e1tveszi a V4 soros eln\u00f6ks\u00e9g\u00e9t a katowicei cs\u00facstal\u00e1lkoz\u00f3n"},"content":{"rendered":"<p>2021.06.29. 22:00<\/p>\n<p>                                        Szerd\u00e1n a szi\u00e9ziai Katowic\u00e9ben t\u00e1rgyalnak a visegr\u00e1di csoport (V4) minisztereln\u00f6kei, a cs\u00facs\u00e9rtekezleten Mateusz Morawiecki lengyel minisztereln\u00f6k \u00e1tadja a csoport soros eln\u00f6ks\u00e9g\u00e9t Orb\u00e1n Viktor minisztereln\u00f6knek \u2013 k\u00f6z\u00f6lte a lengyel korm\u00e1nysz\u00f3viv\u0151.                                    <\/p>\n<p>                                A tal\u00e1lkoz\u00f3n a magyar \u00e9s a lengyel miniszereln\u00f6k mellett r\u00e9szt vesz a cseh \u00e9s a szlov\u00e1k korm\u00e1nyf\u0151, Andrej Babis \u00e9s Eduard Heger is.<br \/>\nA katowicei Nemzetk\u00f6zi Kongresszusi K\u00f6zpontban tartand\u00f3 cs\u00facs\u00e9rtekezleten \u00e9rt\u00e9kelik a tavaly j\u00faliusban megkezd\u0151d\u00f6tt, szerd\u00e1n v\u00e9get \u00e9r\u0151 lengyel soros eln\u00f6ks\u00e9get \u2013 \u00e1ll a lengyel minisztereln\u00f6ki hivatal honlapj\u00e1n olvashat\u00f3, Piotr M\u00fcller korm\u00e1nysz\u00f3viv\u0151 \u00e1ltal jegyzett k\u00f6zlem\u00e9nyben.<br \/>\nNapirenden szerepelnek az Eur\u00f3pai Uni\u00f3t foglalkoztat\u00f3 aktu\u00e1lis k\u00e9rd\u00e9sek,<br \/>\nezen bel\u00fcl a kl\u00edmapolitika, a tervezett migr\u00e1ci\u00f3\u00fcgyi \u00e9s mened\u00e9kjogi reform, a schengeni \u00f6vezet reformja, a koronav\u00edrus-j\u00e1rv\u00e1ny kezel\u00e9s\u00e9nek \u00f6sszehangol\u00e1sa, valamint az Eur\u00f3pa j\u00f6v\u0151j\u00e9r\u0151l sz\u00f3l\u00f3 vita.<br \/>\nM\u00fcller a k\u00f6zlem\u00e9nyben al\u00e1h\u00fazta: a lengyel eln\u00f6ks\u00e9g szervez\u00e9s\u00e9ben kih\u00edv\u00e1st jelentettek a j\u00e1rv\u00e1ny\u00fcgyi korl\u00e1toz\u00e1sok, ez\u00e9rt Vars\u00f3 nemcsak a j\u00e1rv\u00e1ny kit\u00f6r\u00e9se el\u0151tti egy\u00fcttm\u0171k\u00f6d\u00e9s meg\u00faj\u00edt\u00e1s\u00e1ra, hanem \u00faj min\u0151s\u00e9gi szintre emel\u00e9s\u00e9re is t\u00f6rekedett az elm\u00falt \u00e9vben.<br \/>\nA fontos kezdem\u00e9nyez\u00e9sek k\u00f6z\u00fcl kiemelte a sz\u00f3viv\u0151 a Covid-19 kezel\u00e9s\u00e9t \u00f6sszehangol\u00f3, inform\u00e1ci\u00f3- \u00e9s tapasztalatcser\u00e9t el\u0151seg\u00edt\u0151 virtu\u00e1lis V4-k\u00f6zpontot, amely l\u00e9trehoz\u00e1s\u00e1r\u00f3l a t\u00e9rs\u00e9gbeli minisztereln\u00f6k\u00f6k tavaly szeptemberben \u00e1llapodtak meg a kelet-lengyelorsz\u00e1gi Lublin v\u00e1ros\u00e1ban megtartott tal\u00e1lkoz\u00f3jukon.<br \/>\nA lengyel eln\u00f6ks\u00e9g k\u00f6zponti elem\u00e9nek a sz\u00f3viv\u0151 a febru\u00e1ri krakk\u00f3i minisztereln\u00f6ki cs\u00facstal\u00e1lkoz\u00f3t nevezte, amelynek f\u0151 t\u00e9m\u00e1ja a digit\u00e1lis, kultur\u00e1lis \u00e9s tudom\u00e1nyos egy\u00fcttm\u0171k\u00f6d\u00e9s volt, \u00e9s amelyen a n\u00e9gy minisztereln\u00f6k k\u00f6z\u00f6s nyilatkozatot \u00edrt al\u00e1 a csoport megalap\u00edt\u00e1sa idei 30. \u00e9vfordul\u00f3j\u00e1r\u00f3l.<br \/>\nA dokumentumban azt is r\u00f6gz\u00edtett\u00e9k, hogy 2022-ig huszon\u00f6t sz\u00e1zal\u00e9kkal, \u00e9vi 10 milli\u00f3 eur\u00f3ra emelik a Nemzetk\u00f6zi Visegr\u00e1di Alapot \u2013 id\u00e9zte fel M\u00fcller.<\/p>\n<p>\n<!--noindex--><br \/>\n<a href=\"https:\/\/hirek.oldal.info\/rssclick\/16024505\" rel=\"nofollow\">Source link <\/a><br \/>\n<!--\/noindex--><\/p>\n","protected":false},"excerpt":{"rendered":"<p>2021.06.29. 22:00 Szerd\u00e1n a szi\u00e9ziai Katowic\u00e9ben t\u00e1rgyalnak a visegr\u00e1di csoport (V4) minisztereln\u00f6kei, a cs\u00facs\u00e9rtekezleten Mateusz Morawiecki lengyel minisztereln\u00f6k \u00e1tadja a csoport soros eln\u00f6ks\u00e9g\u00e9t Orb\u00e1n Viktor minisztereln\u00f6knek \u2013 k\u00f6z\u00f6lte a lengyel korm\u00e1nysz\u00f3viv\u0151. A tal\u00e1lkoz\u00f3n a magyar \u00e9s a lengyel miniszereln\u00f6k mellett r\u00e9szt vesz a cseh \u00e9s a szlov\u00e1k korm\u00e1nyf\u0151, Andrej Babis \u00e9s Eduard Heger is. A [&hellip;]<\/p>\n","protected":false},"author":2,"featured_media":2625,"comment_status":"open","ping_status":"open","sticky":false,"template":"","format":"standard","meta":{"footnotes":""},"categories":[1],"tags":[],"class_list":["post-2624","post","type-post","status-publish","format-standard","has-post-thumbnail","hentry","category-legujabb-penzugyi-hirek"],"yoast_head":"<!-- This site is optimized with the Yoast SEO plugin v27.4 - https:\/\/yoast.com\/product\/yoast-seo-wordpress\/ -->\n<title>Magyarorsz\u00e1g szerd\u00e1n \u00e1tveszi a V4 soros eln\u00f6ks\u00e9g\u00e9t a katowicei cs\u00facstal\u00e1lkoz\u00f3n - Hot News in World<\/title>\n<meta name=\"robots\" content=\"index, follow, max-snippet:-1, max-image-preview:large, max-video-preview:-1\" \/>\n<link rel=\"canonical\" href=\"https:\/\/hotnewsinworld.com\/hu\/magyarorszag-szerdan-atveszi-a-v4-soros-elnokseget-a-katowicei-csucstalalkozon\/\" \/>\n<meta property=\"og:locale\" content=\"hu_HU\" \/>\n<meta property=\"og:type\" content=\"article\" \/>\n<meta property=\"og:title\" content=\"Magyarorsz\u00e1g szerd\u00e1n \u00e1tveszi a V4 soros eln\u00f6ks\u00e9g\u00e9t a katowicei cs\u00facstal\u00e1lkoz\u00f3n - Hot News in World\" \/>\n<meta property=\"og:description\" content=\"2021.06.29. 22:00 Szerd\u00e1n a szi\u00e9ziai Katowic\u00e9ben t\u00e1rgyalnak a visegr\u00e1di csoport (V4) minisztereln\u00f6kei, a cs\u00facs\u00e9rtekezleten Mateusz Morawiecki lengyel minisztereln\u00f6k \u00e1tadja a csoport soros eln\u00f6ks\u00e9g\u00e9t Orb\u00e1n Viktor minisztereln\u00f6knek \u2013 k\u00f6z\u00f6lte a lengyel korm\u00e1nysz\u00f3viv\u0151. A tal\u00e1lkoz\u00f3n a magyar \u00e9s a lengyel miniszereln\u00f6k mellett r\u00e9szt vesz a cseh \u00e9s a szlov\u00e1k korm\u00e1nyf\u0151, Andrej Babis \u00e9s Eduard Heger is. A [&hellip;]\" \/>\n<meta property=\"og:url\" content=\"https:\/\/hotnewsinworld.com\/hu\/magyarorszag-szerdan-atveszi-a-v4-soros-elnokseget-a-katowicei-csucstalalkozon\/\" \/>\n<meta property=\"og:site_name\" content=\"Hot News in World\" \/>\n<meta property=\"article:published_time\" content=\"2021-06-29T20:48:45+00:00\" \/>\n<meta property=\"article:modified_time\" content=\"2021-06-29T20:48:48+00:00\" \/>\n<meta property=\"og:image\" content=\"https:\/\/hotnewsinworld.com\/hu\/wp-content\/uploads\/sites\/3\/2021\/06\/Magyarorszag-szerdan-atveszi-a-V4-soros-elnokseget-a-katowicei-csucstalalkozon.jpg\" \/>\n\t<meta property=\"og:image:width\" content=\"1200\" \/>\n\t<meta property=\"og:image:height\" content=\"630\" \/>\n\t<meta property=\"og:image:type\" content=\"image\/jpeg\" \/>\n<meta name=\"author\" content=\"hotnewsinworld\" \/>\n<meta name=\"twitter:card\" content=\"summary_large_image\" \/>\n<meta name=\"twitter:label1\" content=\"Szerz\u0151:\" \/>\n\t<meta name=\"twitter:data1\" content=\"hotnewsinworld\" \/>\n\t<meta name=\"twitter:label2\" content=\"Becs\u00fclt olvas\u00e1si id\u0151\" \/>\n\t<meta name=\"twitter:data2\" content=\"2 perc\" \/>\n<script type=\"application\/ld+json\" class=\"yoast-schema-graph\">{\"@context\":\"https:\\\/\\\/schema.org\",\"@graph\":[{\"@type\":\"Article\",\"@id\":\"https:\\\/\\\/hotnewsinworld.com\\\/hu\\\/magyarorszag-szerdan-atveszi-a-v4-soros-elnokseget-a-katowicei-csucstalalkozon\\\/#article\",\"isPartOf\":{\"@id\":\"https:\\\/\\\/hotnewsinworld.com\\\/hu\\\/magyarorszag-szerdan-atveszi-a-v4-soros-elnokseget-a-katowicei-csucstalalkozon\\\/\"},\"author\":{\"name\":\"hotnewsinworld\",\"@id\":\"https:\\\/\\\/hotnewsinworld.com\\\/hu\\\/#\\\/schema\\\/person\\\/fe61448b21c0d59086e75fcc1f9d8f6b\"},\"headline\":\"Magyarorsz\u00e1g szerd\u00e1n \u00e1tveszi a V4 soros eln\u00f6ks\u00e9g\u00e9t a katowicei cs\u00facstal\u00e1lkoz\u00f3n\",\"datePublished\":\"2021-06-29T20:48:45+00:00\",\"dateModified\":\"2021-06-29T20:48:48+00:00\",\"mainEntityOfPage\":{\"@id\":\"https:\\\/\\\/hotnewsinworld.com\\\/hu\\\/magyarorszag-szerdan-atveszi-a-v4-soros-elnokseget-a-katowicei-csucstalalkozon\\\/\"},\"wordCount\":424,\"commentCount\":0,\"image\":{\"@id\":\"https:\\\/\\\/hotnewsinworld.com\\\/hu\\\/magyarorszag-szerdan-atveszi-a-v4-soros-elnokseget-a-katowicei-csucstalalkozon\\\/#primaryimage\"},\"thumbnailUrl\":\"https:\\\/\\\/hotnewsinworld.com\\\/hu\\\/wp-content\\\/uploads\\\/sites\\\/3\\\/2021\\\/06\\\/Magyarorszag-szerdan-atveszi-a-V4-soros-elnokseget-a-katowicei-csucstalalkozon.jpg\",\"articleSection\":[\"LEG\u00daJABB P\u00c9NZ\u00dcGYI H\u00cdREK\"],\"inLanguage\":\"hu\",\"potentialAction\":[{\"@type\":\"CommentAction\",\"name\":\"Comment\",\"target\":[\"https:\\\/\\\/hotnewsinworld.com\\\/hu\\\/magyarorszag-szerdan-atveszi-a-v4-soros-elnokseget-a-katowicei-csucstalalkozon\\\/#respond\"]}]},{\"@type\":\"WebPage\",\"@id\":\"https:\\\/\\\/hotnewsinworld.com\\\/hu\\\/magyarorszag-szerdan-atveszi-a-v4-soros-elnokseget-a-katowicei-csucstalalkozon\\\/\",\"url\":\"https:\\\/\\\/hotnewsinworld.com\\\/hu\\\/magyarorszag-szerdan-atveszi-a-v4-soros-elnokseget-a-katowicei-csucstalalkozon\\\/\",\"name\":\"Magyarorsz\u00e1g szerd\u00e1n \u00e1tveszi a V4 soros eln\u00f6ks\u00e9g\u00e9t a katowicei cs\u00facstal\u00e1lkoz\u00f3n - Hot News in World\",\"isPartOf\":{\"@id\":\"https:\\\/\\\/hotnewsinworld.com\\\/hu\\\/#website\"},\"primaryImageOfPage\":{\"@id\":\"https:\\\/\\\/hotnewsinworld.com\\\/hu\\\/magyarorszag-szerdan-atveszi-a-v4-soros-elnokseget-a-katowicei-csucstalalkozon\\\/#primaryimage\"},\"image\":{\"@id\":\"https:\\\/\\\/hotnewsinworld.com\\\/hu\\\/magyarorszag-szerdan-atveszi-a-v4-soros-elnokseget-a-katowicei-csucstalalkozon\\\/#primaryimage\"},\"thumbnailUrl\":\"https:\\\/\\\/hotnewsinworld.com\\\/hu\\\/wp-content\\\/uploads\\\/sites\\\/3\\\/2021\\\/06\\\/Magyarorszag-szerdan-atveszi-a-V4-soros-elnokseget-a-katowicei-csucstalalkozon.jpg\",\"datePublished\":\"2021-06-29T20:48:45+00:00\",\"dateModified\":\"2021-06-29T20:48:48+00:00\",\"author\":{\"@id\":\"https:\\\/\\\/hotnewsinworld.com\\\/hu\\\/#\\\/schema\\\/person\\\/fe61448b21c0d59086e75fcc1f9d8f6b\"},\"breadcrumb\":{\"@id\":\"https:\\\/\\\/hotnewsinworld.com\\\/hu\\\/magyarorszag-szerdan-atveszi-a-v4-soros-elnokseget-a-katowicei-csucstalalkozon\\\/#breadcrumb\"},\"inLanguage\":\"hu\",\"potentialAction\":[{\"@type\":\"ReadAction\",\"target\":[\"https:\\\/\\\/hotnewsinworld.com\\\/hu\\\/magyarorszag-szerdan-atveszi-a-v4-soros-elnokseget-a-katowicei-csucstalalkozon\\\/\"]}]},{\"@type\":\"ImageObject\",\"inLanguage\":\"hu\",\"@id\":\"https:\\\/\\\/hotnewsinworld.com\\\/hu\\\/magyarorszag-szerdan-atveszi-a-v4-soros-elnokseget-a-katowicei-csucstalalkozon\\\/#primaryimage\",\"url\":\"https:\\\/\\\/hotnewsinworld.com\\\/hu\\\/wp-content\\\/uploads\\\/sites\\\/3\\\/2021\\\/06\\\/Magyarorszag-szerdan-atveszi-a-V4-soros-elnokseget-a-katowicei-csucstalalkozon.jpg\",\"contentUrl\":\"https:\\\/\\\/hotnewsinworld.com\\\/hu\\\/wp-content\\\/uploads\\\/sites\\\/3\\\/2021\\\/06\\\/Magyarorszag-szerdan-atveszi-a-V4-soros-elnokseget-a-katowicei-csucstalalkozon.jpg\",\"width\":1200,\"height\":630,\"caption\":\"Magyarorsz\u00e1g szerd\u00e1n \u00e1tveszi a V4 soros eln\u00f6ks\u00e9g\u00e9t a katowicei cs\u00facstal\u00e1lkoz\u00f3n\"},{\"@type\":\"BreadcrumbList\",\"@id\":\"https:\\\/\\\/hotnewsinworld.com\\\/hu\\\/magyarorszag-szerdan-atveszi-a-v4-soros-elnokseget-a-katowicei-csucstalalkozon\\\/#breadcrumb\",\"itemListElement\":[{\"@type\":\"ListItem\",\"position\":1,\"name\":\"\u0413\u043b\u0430\u0432\u043d\u0430\u044f \u0441\u0442\u0440\u0430\u043d\u0438\u0446\u0430\",\"item\":\"https:\\\/\\\/hotnewsinworld.com\\\/hu\\\/\"},{\"@type\":\"ListItem\",\"position\":2,\"name\":\"Magyarorsz\u00e1g szerd\u00e1n \u00e1tveszi a V4 soros eln\u00f6ks\u00e9g\u00e9t a katowicei cs\u00facstal\u00e1lkoz\u00f3n\"}]},{\"@type\":\"WebSite\",\"@id\":\"https:\\\/\\\/hotnewsinworld.com\\\/hu\\\/#website\",\"url\":\"https:\\\/\\\/hotnewsinworld.com\\\/hu\\\/\",\"name\":\"Hot News in World\",\"description\":\"Hot News in World from Hungary\",\"potentialAction\":[{\"@type\":\"SearchAction\",\"target\":{\"@type\":\"EntryPoint\",\"urlTemplate\":\"https:\\\/\\\/hotnewsinworld.com\\\/hu\\\/?s={search_term_string}\"},\"query-input\":{\"@type\":\"PropertyValueSpecification\",\"valueRequired\":true,\"valueName\":\"search_term_string\"}}],\"inLanguage\":\"hu\"},{\"@type\":\"Person\",\"@id\":\"https:\\\/\\\/hotnewsinworld.com\\\/hu\\\/#\\\/schema\\\/person\\\/fe61448b21c0d59086e75fcc1f9d8f6b\",\"name\":\"hotnewsinworld\",\"image\":{\"@type\":\"ImageObject\",\"inLanguage\":\"hu\",\"@id\":\"https:\\\/\\\/secure.gravatar.com\\\/avatar\\\/8a09ac165600ce2e1c38fe593c63928eb1e6e7ba5c5a907d67787c41b3d00c14?s=96&d=mm&r=g\",\"url\":\"https:\\\/\\\/secure.gravatar.com\\\/avatar\\\/8a09ac165600ce2e1c38fe593c63928eb1e6e7ba5c5a907d67787c41b3d00c14?s=96&d=mm&r=g\",\"contentUrl\":\"https:\\\/\\\/secure.gravatar.com\\\/avatar\\\/8a09ac165600ce2e1c38fe593c63928eb1e6e7ba5c5a907d67787c41b3d00c14?s=96&d=mm&r=g\",\"caption\":\"hotnewsinworld\"},\"url\":\"https:\\\/\\\/hotnewsinworld.com\\\/hu\\\/author\\\/pt\\\/\"}]}<\/script>\n<!-- \/ Yoast SEO plugin. -->","yoast_head_json":{"title":"Magyarorsz\u00e1g szerd\u00e1n \u00e1tveszi a V4 soros eln\u00f6ks\u00e9g\u00e9t a katowicei cs\u00facstal\u00e1lkoz\u00f3n - Hot News in World","robots":{"index":"index","follow":"follow","max-snippet":"max-snippet:-1","max-image-preview":"max-image-preview:large","max-video-preview":"max-video-preview:-1"},"canonical":"https:\/\/hotnewsinworld.com\/hu\/magyarorszag-szerdan-atveszi-a-v4-soros-elnokseget-a-katowicei-csucstalalkozon\/","og_locale":"hu_HU","og_type":"article","og_title":"Magyarorsz\u00e1g szerd\u00e1n \u00e1tveszi a V4 soros eln\u00f6ks\u00e9g\u00e9t a katowicei cs\u00facstal\u00e1lkoz\u00f3n - Hot News in World","og_description":"2021.06.29. 22:00 Szerd\u00e1n a szi\u00e9ziai Katowic\u00e9ben t\u00e1rgyalnak a visegr\u00e1di csoport (V4) minisztereln\u00f6kei, a cs\u00facs\u00e9rtekezleten Mateusz Morawiecki lengyel minisztereln\u00f6k \u00e1tadja a csoport soros eln\u00f6ks\u00e9g\u00e9t Orb\u00e1n Viktor minisztereln\u00f6knek \u2013 k\u00f6z\u00f6lte a lengyel korm\u00e1nysz\u00f3viv\u0151. A tal\u00e1lkoz\u00f3n a magyar \u00e9s a lengyel miniszereln\u00f6k mellett r\u00e9szt vesz a cseh \u00e9s a szlov\u00e1k korm\u00e1nyf\u0151, Andrej Babis \u00e9s Eduard Heger is. A [&hellip;]","og_url":"https:\/\/hotnewsinworld.com\/hu\/magyarorszag-szerdan-atveszi-a-v4-soros-elnokseget-a-katowicei-csucstalalkozon\/","og_site_name":"Hot News in World","article_published_time":"2021-06-29T20:48:45+00:00","article_modified_time":"2021-06-29T20:48:48+00:00","og_image":[{"width":1200,"height":630,"url":"https:\/\/hotnewsinworld.com\/hu\/wp-content\/uploads\/sites\/3\/2021\/06\/Magyarorszag-szerdan-atveszi-a-V4-soros-elnokseget-a-katowicei-csucstalalkozon.jpg","type":"image\/jpeg"}],"author":"hotnewsinworld","twitter_card":"summary_large_image","twitter_misc":{"Szerz\u0151:":"hotnewsinworld","Becs\u00fclt olvas\u00e1si id\u0151":"2 perc"},"schema":{"@context":"https:\/\/schema.org","@graph":[{"@type":"Article","@id":"https:\/\/hotnewsinworld.com\/hu\/magyarorszag-szerdan-atveszi-a-v4-soros-elnokseget-a-katowicei-csucstalalkozon\/#article","isPartOf":{"@id":"https:\/\/hotnewsinworld.com\/hu\/magyarorszag-szerdan-atveszi-a-v4-soros-elnokseget-a-katowicei-csucstalalkozon\/"},"author":{"name":"hotnewsinworld","@id":"https:\/\/hotnewsinworld.com\/hu\/#\/schema\/person\/fe61448b21c0d59086e75fcc1f9d8f6b"},"headline":"Magyarorsz\u00e1g szerd\u00e1n \u00e1tveszi a V4 soros eln\u00f6ks\u00e9g\u00e9t a katowicei cs\u00facstal\u00e1lkoz\u00f3n","datePublished":"2021-06-29T20:48:45+00:00","dateModified":"2021-06-29T20:48:48+00:00","mainEntityOfPage":{"@id":"https:\/\/hotnewsinworld.com\/hu\/magyarorszag-szerdan-atveszi-a-v4-soros-elnokseget-a-katowicei-csucstalalkozon\/"},"wordCount":424,"commentCount":0,"image":{"@id":"https:\/\/hotnewsinworld.com\/hu\/magyarorszag-szerdan-atveszi-a-v4-soros-elnokseget-a-katowicei-csucstalalkozon\/#primaryimage"},"thumbnailUrl":"https:\/\/hotnewsinworld.com\/hu\/wp-content\/uploads\/sites\/3\/2021\/06\/Magyarorszag-szerdan-atveszi-a-V4-soros-elnokseget-a-katowicei-csucstalalkozon.jpg","articleSection":["LEG\u00daJABB P\u00c9NZ\u00dcGYI H\u00cdREK"],"inLanguage":"hu","potentialAction":[{"@type":"CommentAction","name":"Comment","target":["https:\/\/hotnewsinworld.com\/hu\/magyarorszag-szerdan-atveszi-a-v4-soros-elnokseget-a-katowicei-csucstalalkozon\/#respond"]}]},{"@type":"WebPage","@id":"https:\/\/hotnewsinworld.com\/hu\/magyarorszag-szerdan-atveszi-a-v4-soros-elnokseget-a-katowicei-csucstalalkozon\/","url":"https:\/\/hotnewsinworld.com\/hu\/magyarorszag-szerdan-atveszi-a-v4-soros-elnokseget-a-katowicei-csucstalalkozon\/","name":"Magyarorsz\u00e1g szerd\u00e1n \u00e1tveszi a V4 soros eln\u00f6ks\u00e9g\u00e9t a katowicei cs\u00facstal\u00e1lkoz\u00f3n - Hot News in World","isPartOf":{"@id":"https:\/\/hotnewsinworld.com\/hu\/#website"},"primaryImageOfPage":{"@id":"https:\/\/hotnewsinworld.com\/hu\/magyarorszag-szerdan-atveszi-a-v4-soros-elnokseget-a-katowicei-csucstalalkozon\/#primaryimage"},"image":{"@id":"https:\/\/hotnewsinworld.com\/hu\/magyarorszag-szerdan-atveszi-a-v4-soros-elnokseget-a-katowicei-csucstalalkozon\/#primaryimage"},"thumbnailUrl":"https:\/\/hotnewsinworld.com\/hu\/wp-content\/uploads\/sites\/3\/2021\/06\/Magyarorszag-szerdan-atveszi-a-V4-soros-elnokseget-a-katowicei-csucstalalkozon.jpg","datePublished":"2021-06-29T20:48:45+00:00","dateModified":"2021-06-29T20:48:48+00:00","author":{"@id":"https:\/\/hotnewsinworld.com\/hu\/#\/schema\/person\/fe61448b21c0d59086e75fcc1f9d8f6b"},"breadcrumb":{"@id":"https:\/\/hotnewsinworld.com\/hu\/magyarorszag-szerdan-atveszi-a-v4-soros-elnokseget-a-katowicei-csucstalalkozon\/#breadcrumb"},"inLanguage":"hu","potentialAction":[{"@type":"ReadAction","target":["https:\/\/hotnewsinworld.com\/hu\/magyarorszag-szerdan-atveszi-a-v4-soros-elnokseget-a-katowicei-csucstalalkozon\/"]}]},{"@type":"ImageObject","inLanguage":"hu","@id":"https:\/\/hotnewsinworld.com\/hu\/magyarorszag-szerdan-atveszi-a-v4-soros-elnokseget-a-katowicei-csucstalalkozon\/#primaryimage","url":"https:\/\/hotnewsinworld.com\/hu\/wp-content\/uploads\/sites\/3\/2021\/06\/Magyarorszag-szerdan-atveszi-a-V4-soros-elnokseget-a-katowicei-csucstalalkozon.jpg","contentUrl":"https:\/\/hotnewsinworld.com\/hu\/wp-content\/uploads\/sites\/3\/2021\/06\/Magyarorszag-szerdan-atveszi-a-V4-soros-elnokseget-a-katowicei-csucstalalkozon.jpg","width":1200,"height":630,"caption":"Magyarorsz\u00e1g szerd\u00e1n \u00e1tveszi a V4 soros eln\u00f6ks\u00e9g\u00e9t a katowicei cs\u00facstal\u00e1lkoz\u00f3n"},{"@type":"BreadcrumbList","@id":"https:\/\/hotnewsinworld.com\/hu\/magyarorszag-szerdan-atveszi-a-v4-soros-elnokseget-a-katowicei-csucstalalkozon\/#breadcrumb","itemListElement":[{"@type":"ListItem","position":1,"name":"\u0413\u043b\u0430\u0432\u043d\u0430\u044f \u0441\u0442\u0440\u0430\u043d\u0438\u0446\u0430","item":"https:\/\/hotnewsinworld.com\/hu\/"},{"@type":"ListItem","position":2,"name":"Magyarorsz\u00e1g szerd\u00e1n \u00e1tveszi a V4 soros eln\u00f6ks\u00e9g\u00e9t a katowicei cs\u00facstal\u00e1lkoz\u00f3n"}]},{"@type":"WebSite","@id":"https:\/\/hotnewsinworld.com\/hu\/#website","url":"https:\/\/hotnewsinworld.com\/hu\/","name":"Hot News in World","description":"Hot News in World from Hungary","potentialAction":[{"@type":"SearchAction","target":{"@type":"EntryPoint","urlTemplate":"https:\/\/hotnewsinworld.com\/hu\/?s={search_term_string}"},"query-input":{"@type":"PropertyValueSpecification","valueRequired":true,"valueName":"search_term_string"}}],"inLanguage":"hu"},{"@type":"Person","@id":"https:\/\/hotnewsinworld.com\/hu\/#\/schema\/person\/fe61448b21c0d59086e75fcc1f9d8f6b","name":"hotnewsinworld","image":{"@type":"ImageObject","inLanguage":"hu","@id":"https:\/\/secure.gravatar.com\/avatar\/8a09ac165600ce2e1c38fe593c63928eb1e6e7ba5c5a907d67787c41b3d00c14?s=96&d=mm&r=g","url":"https:\/\/secure.gravatar.com\/avatar\/8a09ac165600ce2e1c38fe593c63928eb1e6e7ba5c5a907d67787c41b3d00c14?s=96&d=mm&r=g","contentUrl":"https:\/\/secure.gravatar.com\/avatar\/8a09ac165600ce2e1c38fe593c63928eb1e6e7ba5c5a907d67787c41b3d00c14?s=96&d=mm&r=g","caption":"hotnewsinworld"},"url":"https:\/\/hotnewsinworld.com\/hu\/author\/pt\/"}]}},"_links":{"self":[{"href":"https:\/\/hotnewsinworld.com\/hu\/wp-json\/wp\/v2\/posts\/2624","targetHints":{"allow":["GET"]}}],"collection":[{"href":"https:\/\/hotnewsinworld.com\/hu\/wp-json\/wp\/v2\/posts"}],"about":[{"href":"https:\/\/hotnewsinworld.com\/hu\/wp-json\/wp\/v2\/types\/post"}],"author":[{"embeddable":true,"href":"https:\/\/hotnewsinworld.com\/hu\/wp-json\/wp\/v2\/users\/2"}],"replies":[{"embeddable":true,"href":"https:\/\/hotnewsinworld.com\/hu\/wp-json\/wp\/v2\/comments?post=2624"}],"version-history":[{"count":1,"href":"https:\/\/hotnewsinworld.com\/hu\/wp-json\/wp\/v2\/posts\/2624\/revisions"}],"predecessor-version":[{"id":2626,"href":"https:\/\/hotnewsinworld.com\/hu\/wp-json\/wp\/v2\/posts\/2624\/revisions\/2626"}],"wp:featuredmedia":[{"embeddable":true,"href":"https:\/\/hotnewsinworld.com\/hu\/wp-json\/wp\/v2\/media\/2625"}],"wp:attachment":[{"href":"https:\/\/hotnewsinworld.com\/hu\/wp-json\/wp\/v2\/media?parent=2624"}],"wp:term":[{"taxonomy":"category","embeddable":true,"href":"https:\/\/hotnewsinworld.com\/hu\/wp-json\/wp\/v2\/categories?post=2624"},{"taxonomy":"post_tag","embeddable":true,"href":"https:\/\/hotnewsinworld.com\/hu\/wp-json\/wp\/v2\/tags?post=2624"}],"curies":[{"name":"wp","href":"https:\/\/api.w.org\/{rel}","templated":true}]}}