{"id":2627,"date":"2021-07-06T23:59:22","date_gmt":"2021-07-06T20:59:22","guid":{"rendered":"https:\/\/hotnewsinworld.com\/hu\/varga-judit-hazugsaggal-vadolja-a-vilagmeretu-nemet-hirugynokseget\/"},"modified":"2021-07-06T23:59:24","modified_gmt":"2021-07-06T20:59:24","slug":"varga-judit-hazugsaggal-vadolja-a-vilagmeretu-nemet-hirugynokseget","status":"publish","type":"post","link":"https:\/\/hotnewsinworld.com\/hu\/varga-judit-hazugsaggal-vadolja-a-vilagmeretu-nemet-hirugynokseget\/","title":{"rendered":"Varga Judit hazugs\u00e1ggal v\u00e1dolja a vil\u00e1gm\u00e9ret\u0171 n\u00e9met h\u00edr\u00fcgyn\u00f6ks\u00e9get"},"content":{"rendered":"<p>\u00c1lh\u00edrterjeszt\u00e9sen kaptuk a n\u00e9met DPA h\u00edr\u00fcgyn\u00f6ks\u00e9get \u2013 \u00edrta az igazs\u00e1g\u00fcgyi miniszter kedd d\u00e9lut\u00e1n a k\u00f6z\u00f6ss\u00e9gi oldal\u00e1n.<\/p>\n<p>K\u00e9p:Facebook\/Varga Judit<br \/>\nVarga Judit azt \u00edrta bejegyz\u00e9s\u00e9ben:<\/p>\n<p>m\u00e9g miel\u0151tt b\u00e1rkit becsaphatna a haz\u00e1nkkal szemben ind\u00edtott fake news-hadj\u00e1rat&#8221;, sz\u00f6gezz\u00fck le, hogy &#8222;Br\u00fcsszel nem dobta vissza Magyarorsz\u00e1g helyre\u00e1ll\u00edt\u00e1si terv\u00e9t<\/p>\n<p>Varga Judit szerint az viszont igaz, hogy az Eur\u00f3pai Bizotts\u00e1g &#8222;a gyermekv\u00e9delmi t\u00f6rv\u00e9ny elfogad\u00e1sa ut\u00e1n \u00faj ig\u00e9nyeket fogalmazott meg&#8221;. Ezek az ig\u00e9nyek nyilv\u00e1nval\u00f3an \u00f6sszef\u00fcggnek a gyermekv\u00e9delmi szab\u00e1lyoz\u00e1ssal \u2013 jegyezte meg.<\/p>\n<p>Jelenleg is konstrukt\u00edv p\u00e1rbesz\u00e9det folytatunk az Eur\u00f3pai Bizotts\u00e1ggal<\/p>\n<p>&#8211; tette hozz\u00e1 a miniszter.<br \/>\nAz igazs\u00e1g\u00fcgyi miniszter azzal z\u00e1rta bejegyz\u00e9s\u00e9t:<\/p>\n<p>azt, ami\u00e9rt a magyar emberek megdolgoztak, Br\u00fcsszel semmilyen politikai indokkal nem veheti el Magyarorsz\u00e1gt\u00f3l<\/p>\n<p>Forr\u00e1s:Facebook\u00a0C\u00edmlapk\u00e9p:Facebook\/Varga Judit<\/p>\n<p>\n<!--noindex--><br \/>\n<a href=\"https:\/\/hirek.oldal.info\/rssclick\/16042515\" rel=\"nofollow\">Source link <\/a><br \/>\n<!--\/noindex--><\/p>\n","protected":false},"excerpt":{"rendered":"<p>\u00c1lh\u00edrterjeszt\u00e9sen kaptuk a n\u00e9met DPA h\u00edr\u00fcgyn\u00f6ks\u00e9get \u2013 \u00edrta az igazs\u00e1g\u00fcgyi miniszter kedd d\u00e9lut\u00e1n a k\u00f6z\u00f6ss\u00e9gi oldal\u00e1n. K\u00e9p:Facebook\/Varga Judit Varga Judit azt \u00edrta bejegyz\u00e9s\u00e9ben: m\u00e9g miel\u0151tt b\u00e1rkit becsaphatna a haz\u00e1nkkal szemben ind\u00edtott fake news-hadj\u00e1rat&#8221;, sz\u00f6gezz\u00fck le, hogy &#8222;Br\u00fcsszel nem dobta vissza Magyarorsz\u00e1g helyre\u00e1ll\u00edt\u00e1si terv\u00e9t Varga Judit szerint az viszont igaz, hogy az Eur\u00f3pai Bizotts\u00e1g &#8222;a gyermekv\u00e9delmi [&hellip;]<\/p>\n","protected":false},"author":2,"featured_media":2628,"comment_status":"open","ping_status":"open","sticky":false,"template":"","format":"standard","meta":{"footnotes":""},"categories":[1],"tags":[],"class_list":["post-2627","post","type-post","status-publish","format-standard","has-post-thumbnail","hentry","category-legujabb-penzugyi-hirek"],"yoast_head":"<!-- This site is optimized with the Yoast SEO plugin v27.4 - https:\/\/yoast.com\/product\/yoast-seo-wordpress\/ -->\n<title>Varga Judit hazugs\u00e1ggal v\u00e1dolja a vil\u00e1gm\u00e9ret\u0171 n\u00e9met h\u00edr\u00fcgyn\u00f6ks\u00e9get - Hot News in World<\/title>\n<meta name=\"robots\" content=\"index, follow, max-snippet:-1, max-image-preview:large, max-video-preview:-1\" \/>\n<link rel=\"canonical\" href=\"https:\/\/hotnewsinworld.com\/hu\/varga-judit-hazugsaggal-vadolja-a-vilagmeretu-nemet-hirugynokseget\/\" \/>\n<meta property=\"og:locale\" content=\"hu_HU\" \/>\n<meta property=\"og:type\" content=\"article\" \/>\n<meta property=\"og:title\" content=\"Varga Judit hazugs\u00e1ggal v\u00e1dolja a vil\u00e1gm\u00e9ret\u0171 n\u00e9met h\u00edr\u00fcgyn\u00f6ks\u00e9get - Hot News in World\" \/>\n<meta property=\"og:description\" content=\"\u00c1lh\u00edrterjeszt\u00e9sen kaptuk a n\u00e9met DPA h\u00edr\u00fcgyn\u00f6ks\u00e9get \u2013 \u00edrta az igazs\u00e1g\u00fcgyi miniszter kedd d\u00e9lut\u00e1n a k\u00f6z\u00f6ss\u00e9gi oldal\u00e1n. K\u00e9p:Facebook\/Varga Judit Varga Judit azt \u00edrta bejegyz\u00e9s\u00e9ben: m\u00e9g miel\u0151tt b\u00e1rkit becsaphatna a haz\u00e1nkkal szemben ind\u00edtott fake news-hadj\u00e1rat&#8221;, sz\u00f6gezz\u00fck le, hogy &#8222;Br\u00fcsszel nem dobta vissza Magyarorsz\u00e1g helyre\u00e1ll\u00edt\u00e1si terv\u00e9t Varga Judit szerint az viszont igaz, hogy az Eur\u00f3pai Bizotts\u00e1g &#8222;a gyermekv\u00e9delmi [&hellip;]\" \/>\n<meta property=\"og:url\" content=\"https:\/\/hotnewsinworld.com\/hu\/varga-judit-hazugsaggal-vadolja-a-vilagmeretu-nemet-hirugynokseget\/\" \/>\n<meta property=\"og:site_name\" content=\"Hot News in World\" \/>\n<meta property=\"article:published_time\" content=\"2021-07-06T20:59:22+00:00\" \/>\n<meta property=\"article:modified_time\" content=\"2021-07-06T20:59:24+00:00\" \/>\n<meta property=\"og:image\" content=\"https:\/\/hotnewsinworld.com\/hu\/wp-content\/uploads\/sites\/3\/2021\/07\/Varga-Judit-hazugsaggal-vadolja-a-vilagmeretu-nemet-hirugynokseget.jpg\" \/>\n\t<meta property=\"og:image:width\" content=\"800\" \/>\n\t<meta property=\"og:image:height\" content=\"532\" \/>\n\t<meta property=\"og:image:type\" content=\"image\/jpeg\" \/>\n<meta name=\"author\" content=\"hotnewsinworld\" \/>\n<meta name=\"twitter:card\" content=\"summary_large_image\" \/>\n<meta name=\"twitter:label1\" content=\"Szerz\u0151:\" \/>\n\t<meta name=\"twitter:data1\" content=\"hotnewsinworld\" \/>\n\t<meta name=\"twitter:label2\" content=\"Becs\u00fclt olvas\u00e1si id\u0151\" \/>\n\t<meta name=\"twitter:data2\" content=\"1 perc\" \/>\n<script type=\"application\/ld+json\" class=\"yoast-schema-graph\">{\"@context\":\"https:\\\/\\\/schema.org\",\"@graph\":[{\"@type\":\"Article\",\"@id\":\"https:\\\/\\\/hotnewsinworld.com\\\/hu\\\/varga-judit-hazugsaggal-vadolja-a-vilagmeretu-nemet-hirugynokseget\\\/#article\",\"isPartOf\":{\"@id\":\"https:\\\/\\\/hotnewsinworld.com\\\/hu\\\/varga-judit-hazugsaggal-vadolja-a-vilagmeretu-nemet-hirugynokseget\\\/\"},\"author\":{\"name\":\"hotnewsinworld\",\"@id\":\"https:\\\/\\\/hotnewsinworld.com\\\/hu\\\/#\\\/schema\\\/person\\\/fe61448b21c0d59086e75fcc1f9d8f6b\"},\"headline\":\"Varga Judit hazugs\u00e1ggal v\u00e1dolja a vil\u00e1gm\u00e9ret\u0171 n\u00e9met h\u00edr\u00fcgyn\u00f6ks\u00e9get\",\"datePublished\":\"2021-07-06T20:59:22+00:00\",\"dateModified\":\"2021-07-06T20:59:24+00:00\",\"mainEntityOfPage\":{\"@id\":\"https:\\\/\\\/hotnewsinworld.com\\\/hu\\\/varga-judit-hazugsaggal-vadolja-a-vilagmeretu-nemet-hirugynokseget\\\/\"},\"wordCount\":195,\"commentCount\":0,\"image\":{\"@id\":\"https:\\\/\\\/hotnewsinworld.com\\\/hu\\\/varga-judit-hazugsaggal-vadolja-a-vilagmeretu-nemet-hirugynokseget\\\/#primaryimage\"},\"thumbnailUrl\":\"https:\\\/\\\/hotnewsinworld.com\\\/hu\\\/wp-content\\\/uploads\\\/sites\\\/3\\\/2021\\\/07\\\/Varga-Judit-hazugsaggal-vadolja-a-vilagmeretu-nemet-hirugynokseget.jpg\",\"articleSection\":[\"LEG\u00daJABB P\u00c9NZ\u00dcGYI H\u00cdREK\"],\"inLanguage\":\"hu\",\"potentialAction\":[{\"@type\":\"CommentAction\",\"name\":\"Comment\",\"target\":[\"https:\\\/\\\/hotnewsinworld.com\\\/hu\\\/varga-judit-hazugsaggal-vadolja-a-vilagmeretu-nemet-hirugynokseget\\\/#respond\"]}]},{\"@type\":\"WebPage\",\"@id\":\"https:\\\/\\\/hotnewsinworld.com\\\/hu\\\/varga-judit-hazugsaggal-vadolja-a-vilagmeretu-nemet-hirugynokseget\\\/\",\"url\":\"https:\\\/\\\/hotnewsinworld.com\\\/hu\\\/varga-judit-hazugsaggal-vadolja-a-vilagmeretu-nemet-hirugynokseget\\\/\",\"name\":\"Varga Judit hazugs\u00e1ggal v\u00e1dolja a vil\u00e1gm\u00e9ret\u0171 n\u00e9met h\u00edr\u00fcgyn\u00f6ks\u00e9get - Hot News in World\",\"isPartOf\":{\"@id\":\"https:\\\/\\\/hotnewsinworld.com\\\/hu\\\/#website\"},\"primaryImageOfPage\":{\"@id\":\"https:\\\/\\\/hotnewsinworld.com\\\/hu\\\/varga-judit-hazugsaggal-vadolja-a-vilagmeretu-nemet-hirugynokseget\\\/#primaryimage\"},\"image\":{\"@id\":\"https:\\\/\\\/hotnewsinworld.com\\\/hu\\\/varga-judit-hazugsaggal-vadolja-a-vilagmeretu-nemet-hirugynokseget\\\/#primaryimage\"},\"thumbnailUrl\":\"https:\\\/\\\/hotnewsinworld.com\\\/hu\\\/wp-content\\\/uploads\\\/sites\\\/3\\\/2021\\\/07\\\/Varga-Judit-hazugsaggal-vadolja-a-vilagmeretu-nemet-hirugynokseget.jpg\",\"datePublished\":\"2021-07-06T20:59:22+00:00\",\"dateModified\":\"2021-07-06T20:59:24+00:00\",\"author\":{\"@id\":\"https:\\\/\\\/hotnewsinworld.com\\\/hu\\\/#\\\/schema\\\/person\\\/fe61448b21c0d59086e75fcc1f9d8f6b\"},\"breadcrumb\":{\"@id\":\"https:\\\/\\\/hotnewsinworld.com\\\/hu\\\/varga-judit-hazugsaggal-vadolja-a-vilagmeretu-nemet-hirugynokseget\\\/#breadcrumb\"},\"inLanguage\":\"hu\",\"potentialAction\":[{\"@type\":\"ReadAction\",\"target\":[\"https:\\\/\\\/hotnewsinworld.com\\\/hu\\\/varga-judit-hazugsaggal-vadolja-a-vilagmeretu-nemet-hirugynokseget\\\/\"]}]},{\"@type\":\"ImageObject\",\"inLanguage\":\"hu\",\"@id\":\"https:\\\/\\\/hotnewsinworld.com\\\/hu\\\/varga-judit-hazugsaggal-vadolja-a-vilagmeretu-nemet-hirugynokseget\\\/#primaryimage\",\"url\":\"https:\\\/\\\/hotnewsinworld.com\\\/hu\\\/wp-content\\\/uploads\\\/sites\\\/3\\\/2021\\\/07\\\/Varga-Judit-hazugsaggal-vadolja-a-vilagmeretu-nemet-hirugynokseget.jpg\",\"contentUrl\":\"https:\\\/\\\/hotnewsinworld.com\\\/hu\\\/wp-content\\\/uploads\\\/sites\\\/3\\\/2021\\\/07\\\/Varga-Judit-hazugsaggal-vadolja-a-vilagmeretu-nemet-hirugynokseget.jpg\",\"width\":800,\"height\":532,\"caption\":\"Varga Judit hazugs&aacute;ggal v&aacute;dolja a vil&aacute;gm&eacute;ret\u0171 n&eacute;met h&iacute;r&uuml;gyn&ouml;ks&eacute;get\"},{\"@type\":\"BreadcrumbList\",\"@id\":\"https:\\\/\\\/hotnewsinworld.com\\\/hu\\\/varga-judit-hazugsaggal-vadolja-a-vilagmeretu-nemet-hirugynokseget\\\/#breadcrumb\",\"itemListElement\":[{\"@type\":\"ListItem\",\"position\":1,\"name\":\"\u0413\u043b\u0430\u0432\u043d\u0430\u044f \u0441\u0442\u0440\u0430\u043d\u0438\u0446\u0430\",\"item\":\"https:\\\/\\\/hotnewsinworld.com\\\/hu\\\/\"},{\"@type\":\"ListItem\",\"position\":2,\"name\":\"Varga Judit hazugs\u00e1ggal v\u00e1dolja a vil\u00e1gm\u00e9ret\u0171 n\u00e9met h\u00edr\u00fcgyn\u00f6ks\u00e9get\"}]},{\"@type\":\"WebSite\",\"@id\":\"https:\\\/\\\/hotnewsinworld.com\\\/hu\\\/#website\",\"url\":\"https:\\\/\\\/hotnewsinworld.com\\\/hu\\\/\",\"name\":\"Hot News in World\",\"description\":\"Hot News in World from Hungary\",\"potentialAction\":[{\"@type\":\"SearchAction\",\"target\":{\"@type\":\"EntryPoint\",\"urlTemplate\":\"https:\\\/\\\/hotnewsinworld.com\\\/hu\\\/?s={search_term_string}\"},\"query-input\":{\"@type\":\"PropertyValueSpecification\",\"valueRequired\":true,\"valueName\":\"search_term_string\"}}],\"inLanguage\":\"hu\"},{\"@type\":\"Person\",\"@id\":\"https:\\\/\\\/hotnewsinworld.com\\\/hu\\\/#\\\/schema\\\/person\\\/fe61448b21c0d59086e75fcc1f9d8f6b\",\"name\":\"hotnewsinworld\",\"image\":{\"@type\":\"ImageObject\",\"inLanguage\":\"hu\",\"@id\":\"https:\\\/\\\/secure.gravatar.com\\\/avatar\\\/8a09ac165600ce2e1c38fe593c63928eb1e6e7ba5c5a907d67787c41b3d00c14?s=96&d=mm&r=g\",\"url\":\"https:\\\/\\\/secure.gravatar.com\\\/avatar\\\/8a09ac165600ce2e1c38fe593c63928eb1e6e7ba5c5a907d67787c41b3d00c14?s=96&d=mm&r=g\",\"contentUrl\":\"https:\\\/\\\/secure.gravatar.com\\\/avatar\\\/8a09ac165600ce2e1c38fe593c63928eb1e6e7ba5c5a907d67787c41b3d00c14?s=96&d=mm&r=g\",\"caption\":\"hotnewsinworld\"},\"url\":\"https:\\\/\\\/hotnewsinworld.com\\\/hu\\\/author\\\/pt\\\/\"}]}<\/script>\n<!-- \/ Yoast SEO plugin. -->","yoast_head_json":{"title":"Varga Judit hazugs\u00e1ggal v\u00e1dolja a vil\u00e1gm\u00e9ret\u0171 n\u00e9met h\u00edr\u00fcgyn\u00f6ks\u00e9get - Hot News in World","robots":{"index":"index","follow":"follow","max-snippet":"max-snippet:-1","max-image-preview":"max-image-preview:large","max-video-preview":"max-video-preview:-1"},"canonical":"https:\/\/hotnewsinworld.com\/hu\/varga-judit-hazugsaggal-vadolja-a-vilagmeretu-nemet-hirugynokseget\/","og_locale":"hu_HU","og_type":"article","og_title":"Varga Judit hazugs\u00e1ggal v\u00e1dolja a vil\u00e1gm\u00e9ret\u0171 n\u00e9met h\u00edr\u00fcgyn\u00f6ks\u00e9get - Hot News in World","og_description":"\u00c1lh\u00edrterjeszt\u00e9sen kaptuk a n\u00e9met DPA h\u00edr\u00fcgyn\u00f6ks\u00e9get \u2013 \u00edrta az igazs\u00e1g\u00fcgyi miniszter kedd d\u00e9lut\u00e1n a k\u00f6z\u00f6ss\u00e9gi oldal\u00e1n. K\u00e9p:Facebook\/Varga Judit Varga Judit azt \u00edrta bejegyz\u00e9s\u00e9ben: m\u00e9g miel\u0151tt b\u00e1rkit becsaphatna a haz\u00e1nkkal szemben ind\u00edtott fake news-hadj\u00e1rat&#8221;, sz\u00f6gezz\u00fck le, hogy &#8222;Br\u00fcsszel nem dobta vissza Magyarorsz\u00e1g helyre\u00e1ll\u00edt\u00e1si terv\u00e9t Varga Judit szerint az viszont igaz, hogy az Eur\u00f3pai Bizotts\u00e1g &#8222;a gyermekv\u00e9delmi [&hellip;]","og_url":"https:\/\/hotnewsinworld.com\/hu\/varga-judit-hazugsaggal-vadolja-a-vilagmeretu-nemet-hirugynokseget\/","og_site_name":"Hot News in World","article_published_time":"2021-07-06T20:59:22+00:00","article_modified_time":"2021-07-06T20:59:24+00:00","og_image":[{"width":800,"height":532,"url":"https:\/\/hotnewsinworld.com\/hu\/wp-content\/uploads\/sites\/3\/2021\/07\/Varga-Judit-hazugsaggal-vadolja-a-vilagmeretu-nemet-hirugynokseget.jpg","type":"image\/jpeg"}],"author":"hotnewsinworld","twitter_card":"summary_large_image","twitter_misc":{"Szerz\u0151:":"hotnewsinworld","Becs\u00fclt olvas\u00e1si id\u0151":"1 perc"},"schema":{"@context":"https:\/\/schema.org","@graph":[{"@type":"Article","@id":"https:\/\/hotnewsinworld.com\/hu\/varga-judit-hazugsaggal-vadolja-a-vilagmeretu-nemet-hirugynokseget\/#article","isPartOf":{"@id":"https:\/\/hotnewsinworld.com\/hu\/varga-judit-hazugsaggal-vadolja-a-vilagmeretu-nemet-hirugynokseget\/"},"author":{"name":"hotnewsinworld","@id":"https:\/\/hotnewsinworld.com\/hu\/#\/schema\/person\/fe61448b21c0d59086e75fcc1f9d8f6b"},"headline":"Varga Judit hazugs\u00e1ggal v\u00e1dolja a vil\u00e1gm\u00e9ret\u0171 n\u00e9met h\u00edr\u00fcgyn\u00f6ks\u00e9get","datePublished":"2021-07-06T20:59:22+00:00","dateModified":"2021-07-06T20:59:24+00:00","mainEntityOfPage":{"@id":"https:\/\/hotnewsinworld.com\/hu\/varga-judit-hazugsaggal-vadolja-a-vilagmeretu-nemet-hirugynokseget\/"},"wordCount":195,"commentCount":0,"image":{"@id":"https:\/\/hotnewsinworld.com\/hu\/varga-judit-hazugsaggal-vadolja-a-vilagmeretu-nemet-hirugynokseget\/#primaryimage"},"thumbnailUrl":"https:\/\/hotnewsinworld.com\/hu\/wp-content\/uploads\/sites\/3\/2021\/07\/Varga-Judit-hazugsaggal-vadolja-a-vilagmeretu-nemet-hirugynokseget.jpg","articleSection":["LEG\u00daJABB P\u00c9NZ\u00dcGYI H\u00cdREK"],"inLanguage":"hu","potentialAction":[{"@type":"CommentAction","name":"Comment","target":["https:\/\/hotnewsinworld.com\/hu\/varga-judit-hazugsaggal-vadolja-a-vilagmeretu-nemet-hirugynokseget\/#respond"]}]},{"@type":"WebPage","@id":"https:\/\/hotnewsinworld.com\/hu\/varga-judit-hazugsaggal-vadolja-a-vilagmeretu-nemet-hirugynokseget\/","url":"https:\/\/hotnewsinworld.com\/hu\/varga-judit-hazugsaggal-vadolja-a-vilagmeretu-nemet-hirugynokseget\/","name":"Varga Judit hazugs\u00e1ggal v\u00e1dolja a vil\u00e1gm\u00e9ret\u0171 n\u00e9met h\u00edr\u00fcgyn\u00f6ks\u00e9get - Hot News in World","isPartOf":{"@id":"https:\/\/hotnewsinworld.com\/hu\/#website"},"primaryImageOfPage":{"@id":"https:\/\/hotnewsinworld.com\/hu\/varga-judit-hazugsaggal-vadolja-a-vilagmeretu-nemet-hirugynokseget\/#primaryimage"},"image":{"@id":"https:\/\/hotnewsinworld.com\/hu\/varga-judit-hazugsaggal-vadolja-a-vilagmeretu-nemet-hirugynokseget\/#primaryimage"},"thumbnailUrl":"https:\/\/hotnewsinworld.com\/hu\/wp-content\/uploads\/sites\/3\/2021\/07\/Varga-Judit-hazugsaggal-vadolja-a-vilagmeretu-nemet-hirugynokseget.jpg","datePublished":"2021-07-06T20:59:22+00:00","dateModified":"2021-07-06T20:59:24+00:00","author":{"@id":"https:\/\/hotnewsinworld.com\/hu\/#\/schema\/person\/fe61448b21c0d59086e75fcc1f9d8f6b"},"breadcrumb":{"@id":"https:\/\/hotnewsinworld.com\/hu\/varga-judit-hazugsaggal-vadolja-a-vilagmeretu-nemet-hirugynokseget\/#breadcrumb"},"inLanguage":"hu","potentialAction":[{"@type":"ReadAction","target":["https:\/\/hotnewsinworld.com\/hu\/varga-judit-hazugsaggal-vadolja-a-vilagmeretu-nemet-hirugynokseget\/"]}]},{"@type":"ImageObject","inLanguage":"hu","@id":"https:\/\/hotnewsinworld.com\/hu\/varga-judit-hazugsaggal-vadolja-a-vilagmeretu-nemet-hirugynokseget\/#primaryimage","url":"https:\/\/hotnewsinworld.com\/hu\/wp-content\/uploads\/sites\/3\/2021\/07\/Varga-Judit-hazugsaggal-vadolja-a-vilagmeretu-nemet-hirugynokseget.jpg","contentUrl":"https:\/\/hotnewsinworld.com\/hu\/wp-content\/uploads\/sites\/3\/2021\/07\/Varga-Judit-hazugsaggal-vadolja-a-vilagmeretu-nemet-hirugynokseget.jpg","width":800,"height":532,"caption":"Varga Judit hazugs&aacute;ggal v&aacute;dolja a vil&aacute;gm&eacute;ret\u0171 n&eacute;met h&iacute;r&uuml;gyn&ouml;ks&eacute;get"},{"@type":"BreadcrumbList","@id":"https:\/\/hotnewsinworld.com\/hu\/varga-judit-hazugsaggal-vadolja-a-vilagmeretu-nemet-hirugynokseget\/#breadcrumb","itemListElement":[{"@type":"ListItem","position":1,"name":"\u0413\u043b\u0430\u0432\u043d\u0430\u044f \u0441\u0442\u0440\u0430\u043d\u0438\u0446\u0430","item":"https:\/\/hotnewsinworld.com\/hu\/"},{"@type":"ListItem","position":2,"name":"Varga Judit hazugs\u00e1ggal v\u00e1dolja a vil\u00e1gm\u00e9ret\u0171 n\u00e9met h\u00edr\u00fcgyn\u00f6ks\u00e9get"}]},{"@type":"WebSite","@id":"https:\/\/hotnewsinworld.com\/hu\/#website","url":"https:\/\/hotnewsinworld.com\/hu\/","name":"Hot News in World","description":"Hot News in World from Hungary","potentialAction":[{"@type":"SearchAction","target":{"@type":"EntryPoint","urlTemplate":"https:\/\/hotnewsinworld.com\/hu\/?s={search_term_string}"},"query-input":{"@type":"PropertyValueSpecification","valueRequired":true,"valueName":"search_term_string"}}],"inLanguage":"hu"},{"@type":"Person","@id":"https:\/\/hotnewsinworld.com\/hu\/#\/schema\/person\/fe61448b21c0d59086e75fcc1f9d8f6b","name":"hotnewsinworld","image":{"@type":"ImageObject","inLanguage":"hu","@id":"https:\/\/secure.gravatar.com\/avatar\/8a09ac165600ce2e1c38fe593c63928eb1e6e7ba5c5a907d67787c41b3d00c14?s=96&d=mm&r=g","url":"https:\/\/secure.gravatar.com\/avatar\/8a09ac165600ce2e1c38fe593c63928eb1e6e7ba5c5a907d67787c41b3d00c14?s=96&d=mm&r=g","contentUrl":"https:\/\/secure.gravatar.com\/avatar\/8a09ac165600ce2e1c38fe593c63928eb1e6e7ba5c5a907d67787c41b3d00c14?s=96&d=mm&r=g","caption":"hotnewsinworld"},"url":"https:\/\/hotnewsinworld.com\/hu\/author\/pt\/"}]}},"_links":{"self":[{"href":"https:\/\/hotnewsinworld.com\/hu\/wp-json\/wp\/v2\/posts\/2627","targetHints":{"allow":["GET"]}}],"collection":[{"href":"https:\/\/hotnewsinworld.com\/hu\/wp-json\/wp\/v2\/posts"}],"about":[{"href":"https:\/\/hotnewsinworld.com\/hu\/wp-json\/wp\/v2\/types\/post"}],"author":[{"embeddable":true,"href":"https:\/\/hotnewsinworld.com\/hu\/wp-json\/wp\/v2\/users\/2"}],"replies":[{"embeddable":true,"href":"https:\/\/hotnewsinworld.com\/hu\/wp-json\/wp\/v2\/comments?post=2627"}],"version-history":[{"count":1,"href":"https:\/\/hotnewsinworld.com\/hu\/wp-json\/wp\/v2\/posts\/2627\/revisions"}],"predecessor-version":[{"id":2629,"href":"https:\/\/hotnewsinworld.com\/hu\/wp-json\/wp\/v2\/posts\/2627\/revisions\/2629"}],"wp:featuredmedia":[{"embeddable":true,"href":"https:\/\/hotnewsinworld.com\/hu\/wp-json\/wp\/v2\/media\/2628"}],"wp:attachment":[{"href":"https:\/\/hotnewsinworld.com\/hu\/wp-json\/wp\/v2\/media?parent=2627"}],"wp:term":[{"taxonomy":"category","embeddable":true,"href":"https:\/\/hotnewsinworld.com\/hu\/wp-json\/wp\/v2\/categories?post=2627"},{"taxonomy":"post_tag","embeddable":true,"href":"https:\/\/hotnewsinworld.com\/hu\/wp-json\/wp\/v2\/tags?post=2627"}],"curies":[{"name":"wp","href":"https:\/\/api.w.org\/{rel}","templated":true}]}}