{"id":2630,"date":"2021-07-14T00:04:01","date_gmt":"2021-07-13T21:04:01","guid":{"rendered":"https:\/\/hotnewsinworld.com\/hu\/kapibarak-szulettek-a-debreceni-allatkertben\/"},"modified":"2021-07-14T00:04:04","modified_gmt":"2021-07-13T21:04:04","slug":"kapibarak-szulettek-a-debreceni-allatkertben","status":"publish","type":"post","link":"https:\/\/hotnewsinworld.com\/hu\/kapibarak-szulettek-a-debreceni-allatkertben\/","title":{"rendered":"Kapibar\u00e1k sz\u00fclettek a debreceni \u00e1llatkertben"},"content":{"rendered":"<p>                    Kapibar\u00e1k sz\u00fclettek j\u00faniusban a debreceni \u00e1llatkertben, a mintegy 500 grammot nyom\u00f3 h\u00e1rom h\u00edm sz\u00e9pen cseperedik \u2013 k\u00f6z\u00f6lte az int\u00e9zm\u00e9ny vezet\u0151je h\u00e9tf\u0151n az MTI-vel.<\/p>\n<p>                Nagy Gergely S\u00e1ndor k\u00f6zlem\u00e9nye szerint a kapibar\u00e1k, b\u00e1r teljesen \u00f6n\u00e1ll\u00f3v\u00e1 csak egy\u00e9ves korukra v\u00e1lnak, m\u00e1r p\u00e1r naposan megismerkedtek a feln\u0151ttek szil\u00e1rd t\u00e1pl\u00e1l\u00e9k\u00e1val, \u00e9s egyre nagyobb k\u00edv\u00e1ncsis\u00e1ggal fedezik fel kifut\u00f3jukat, ahol a l\u00e1togat\u00f3k is megtekinthetik \u0151ket. \u00c9rdekess\u00e9gk\u00e9nt eml\u00edtette, hogy m\u00e1r az anyjuk is az int\u00e9zm\u00e9ny saj\u00e1t, 2017-es sz\u00fcl\u00f6ttje.<\/p>\n<p>A D\u00e9l-Amerika nagy r\u00e9sz\u00e9nek foly\u00f3i, tavai \u00e9s mocsarai k\u00f6rny\u00e9k\u00e9n \u0151shonos kapibara, m\u00e1s n\u00e9ven v\u00edzidiszn\u00f3 a f\u00f6ld legnagyobb termet\u0171 r\u00e1gcs\u00e1l\u00f3ja, a kifejlett egyedek ak\u00e1r 50-60 kilogrammot is nyomnak.<\/p>\n<p>Mint arr\u00f3l a nev\u00fck is \u00e1rulkodik, el\u0151szeretettel \u00e9s \u00fcgyesen \u00fasznak 12 l\u00e1bujjaik k\u00f6z\u00f6tt \u00fasz\u00f3h\u00e1rtya van \u2013, a r\u00e1juk leselked\u0151 ragadoz\u00f3k el\u0151l is a v\u00edz al\u00e1 mer\u00fclve b\u00fajnak el. T\u00e1pl\u00e1l\u00e9kuk jelent\u0151s r\u00e9sz\u00e9t adj\u00e1k a v\u00edzin\u00f6v\u00e9nyek, de alkalomadt\u00e1n a termesztett haszonn\u00f6v\u00e9nyeket is megd\u00e9zsm\u00e1lj\u00e1k. R\u00e9szben az ebb\u0151l ered\u0151 ember-\u00e1llat konfliktusok k\u00f6vetkezt\u00e9ben ker\u00fcltek fel a Term\u00e9szetv\u00e9delmi Vil\u00e1gsz\u00f6vets\u00e9g (IUCN) V\u00f6r\u00f6s List\u00e1j\u00e1ra \u2013 mondta a szakember.<br \/>\nNagy Gergely S\u00e1ndor hozz\u00e1tette: a kapibar\u00e1k jellemz\u0151en egy-egy domin\u00e1ns h\u00edm vezette 15-20 f\u0151s csapatokban \u00e9lnek, amelyeken bel\u00fcl a n\u0151st\u00e9nyek egym\u00e1s ut\u00f3dait is seg\u00edtenek felnevelni. A kapibar\u00e1k h\u00edresek arr\u00f3l, hogy t\u00e1rsas term\u00e9szet\u00fck messze t\u00falterjed a fajt\u00e1rsaikkal val\u00f3 kapcsolaton, \u00e9s sz\u00e1mos m\u00e1sik faj, ak\u00e1r madarak vagy majmok k\u00f6zels\u00e9g\u00e9t is megt\u0171rik.<br \/>\nA debreceni \u00e1llatkert t\u00e1rsaskifut\u00f3j\u00e1ban 2015 \u00f3ta laknak kapibar\u00e1k, amelyek zavartalan harm\u00f3ni\u00e1ban \u00e9lnek egy\u00fctt a d\u00e9l-amerikai tap\u00edrokkal \u00e9s a nemr\u00e9g \u00e9rkezett nagymar\u00e1kkal \u2013 \u00edrta az igazgat\u00f3.<br \/>\nA c\u00edmlapfot\u00f3: Debreceni \u00e1llatkert Facebook-oldala.<\/p>\n<p>\n<!--noindex--><br \/>\n<a href=\"https:\/\/hirek.oldal.info\/rssclick\/16059809\" rel=\"nofollow\">Source link <\/a><br \/>\n<!--\/noindex--><\/p>\n","protected":false},"excerpt":{"rendered":"<p>Kapibar\u00e1k sz\u00fclettek j\u00faniusban a debreceni \u00e1llatkertben, a mintegy 500 grammot nyom\u00f3 h\u00e1rom h\u00edm sz\u00e9pen cseperedik \u2013 k\u00f6z\u00f6lte az int\u00e9zm\u00e9ny vezet\u0151je h\u00e9tf\u0151n az MTI-vel. Nagy Gergely S\u00e1ndor k\u00f6zlem\u00e9nye szerint a kapibar\u00e1k, b\u00e1r teljesen \u00f6n\u00e1ll\u00f3v\u00e1 csak egy\u00e9ves korukra v\u00e1lnak, m\u00e1r p\u00e1r naposan megismerkedtek a feln\u0151ttek szil\u00e1rd t\u00e1pl\u00e1l\u00e9k\u00e1val, \u00e9s egyre nagyobb k\u00edv\u00e1ncsis\u00e1ggal fedezik fel kifut\u00f3jukat, ahol a l\u00e1togat\u00f3k [&hellip;]<\/p>\n","protected":false},"author":2,"featured_media":2631,"comment_status":"open","ping_status":"open","sticky":false,"template":"","format":"standard","meta":{"footnotes":""},"categories":[1],"tags":[],"class_list":["post-2630","post","type-post","status-publish","format-standard","has-post-thumbnail","hentry","category-legujabb-penzugyi-hirek"],"yoast_head":"<!-- This site is optimized with the Yoast SEO plugin v27.4 - https:\/\/yoast.com\/product\/yoast-seo-wordpress\/ -->\n<title>Kapibar\u00e1k sz\u00fclettek a debreceni \u00e1llatkertben - Hot News in World<\/title>\n<meta name=\"robots\" content=\"index, follow, max-snippet:-1, max-image-preview:large, max-video-preview:-1\" \/>\n<link rel=\"canonical\" href=\"https:\/\/hotnewsinworld.com\/hu\/kapibarak-szulettek-a-debreceni-allatkertben\/\" \/>\n<meta property=\"og:locale\" content=\"hu_HU\" \/>\n<meta property=\"og:type\" content=\"article\" \/>\n<meta property=\"og:title\" content=\"Kapibar\u00e1k sz\u00fclettek a debreceni \u00e1llatkertben - Hot News in World\" \/>\n<meta property=\"og:description\" content=\"Kapibar\u00e1k sz\u00fclettek j\u00faniusban a debreceni \u00e1llatkertben, a mintegy 500 grammot nyom\u00f3 h\u00e1rom h\u00edm sz\u00e9pen cseperedik \u2013 k\u00f6z\u00f6lte az int\u00e9zm\u00e9ny vezet\u0151je h\u00e9tf\u0151n az MTI-vel. Nagy Gergely S\u00e1ndor k\u00f6zlem\u00e9nye szerint a kapibar\u00e1k, b\u00e1r teljesen \u00f6n\u00e1ll\u00f3v\u00e1 csak egy\u00e9ves korukra v\u00e1lnak, m\u00e1r p\u00e1r naposan megismerkedtek a feln\u0151ttek szil\u00e1rd t\u00e1pl\u00e1l\u00e9k\u00e1val, \u00e9s egyre nagyobb k\u00edv\u00e1ncsis\u00e1ggal fedezik fel kifut\u00f3jukat, ahol a l\u00e1togat\u00f3k [&hellip;]\" \/>\n<meta property=\"og:url\" content=\"https:\/\/hotnewsinworld.com\/hu\/kapibarak-szulettek-a-debreceni-allatkertben\/\" \/>\n<meta property=\"og:site_name\" content=\"Hot News in World\" \/>\n<meta property=\"article:published_time\" content=\"2021-07-13T21:04:01+00:00\" \/>\n<meta property=\"article:modified_time\" content=\"2021-07-13T21:04:04+00:00\" \/>\n<meta property=\"og:image\" content=\"https:\/\/hotnewsinworld.com\/hu\/wp-content\/uploads\/sites\/3\/2021\/07\/Kapibarak-szulettek-a-debreceni-allatkertben.jpg\" \/>\n\t<meta property=\"og:image:width\" content=\"1536\" \/>\n\t<meta property=\"og:image:height\" content=\"1024\" \/>\n\t<meta property=\"og:image:type\" content=\"image\/jpeg\" \/>\n<meta name=\"author\" content=\"hotnewsinworld\" \/>\n<meta name=\"twitter:card\" content=\"summary_large_image\" \/>\n<meta name=\"twitter:label1\" content=\"Szerz\u0151:\" \/>\n\t<meta name=\"twitter:data1\" content=\"hotnewsinworld\" \/>\n\t<meta name=\"twitter:label2\" content=\"Becs\u00fclt olvas\u00e1si id\u0151\" \/>\n\t<meta name=\"twitter:data2\" content=\"2 perc\" \/>\n<script type=\"application\/ld+json\" class=\"yoast-schema-graph\">{\"@context\":\"https:\\\/\\\/schema.org\",\"@graph\":[{\"@type\":\"Article\",\"@id\":\"https:\\\/\\\/hotnewsinworld.com\\\/hu\\\/kapibarak-szulettek-a-debreceni-allatkertben\\\/#article\",\"isPartOf\":{\"@id\":\"https:\\\/\\\/hotnewsinworld.com\\\/hu\\\/kapibarak-szulettek-a-debreceni-allatkertben\\\/\"},\"author\":{\"name\":\"hotnewsinworld\",\"@id\":\"https:\\\/\\\/hotnewsinworld.com\\\/hu\\\/#\\\/schema\\\/person\\\/fe61448b21c0d59086e75fcc1f9d8f6b\"},\"headline\":\"Kapibar\u00e1k sz\u00fclettek a debreceni \u00e1llatkertben\",\"datePublished\":\"2021-07-13T21:04:01+00:00\",\"dateModified\":\"2021-07-13T21:04:04+00:00\",\"mainEntityOfPage\":{\"@id\":\"https:\\\/\\\/hotnewsinworld.com\\\/hu\\\/kapibarak-szulettek-a-debreceni-allatkertben\\\/\"},\"wordCount\":382,\"commentCount\":0,\"image\":{\"@id\":\"https:\\\/\\\/hotnewsinworld.com\\\/hu\\\/kapibarak-szulettek-a-debreceni-allatkertben\\\/#primaryimage\"},\"thumbnailUrl\":\"https:\\\/\\\/hotnewsinworld.com\\\/hu\\\/wp-content\\\/uploads\\\/sites\\\/3\\\/2021\\\/07\\\/Kapibarak-szulettek-a-debreceni-allatkertben.jpg\",\"articleSection\":[\"LEG\u00daJABB P\u00c9NZ\u00dcGYI H\u00cdREK\"],\"inLanguage\":\"hu\",\"potentialAction\":[{\"@type\":\"CommentAction\",\"name\":\"Comment\",\"target\":[\"https:\\\/\\\/hotnewsinworld.com\\\/hu\\\/kapibarak-szulettek-a-debreceni-allatkertben\\\/#respond\"]}]},{\"@type\":\"WebPage\",\"@id\":\"https:\\\/\\\/hotnewsinworld.com\\\/hu\\\/kapibarak-szulettek-a-debreceni-allatkertben\\\/\",\"url\":\"https:\\\/\\\/hotnewsinworld.com\\\/hu\\\/kapibarak-szulettek-a-debreceni-allatkertben\\\/\",\"name\":\"Kapibar\u00e1k sz\u00fclettek a debreceni \u00e1llatkertben - Hot News in World\",\"isPartOf\":{\"@id\":\"https:\\\/\\\/hotnewsinworld.com\\\/hu\\\/#website\"},\"primaryImageOfPage\":{\"@id\":\"https:\\\/\\\/hotnewsinworld.com\\\/hu\\\/kapibarak-szulettek-a-debreceni-allatkertben\\\/#primaryimage\"},\"image\":{\"@id\":\"https:\\\/\\\/hotnewsinworld.com\\\/hu\\\/kapibarak-szulettek-a-debreceni-allatkertben\\\/#primaryimage\"},\"thumbnailUrl\":\"https:\\\/\\\/hotnewsinworld.com\\\/hu\\\/wp-content\\\/uploads\\\/sites\\\/3\\\/2021\\\/07\\\/Kapibarak-szulettek-a-debreceni-allatkertben.jpg\",\"datePublished\":\"2021-07-13T21:04:01+00:00\",\"dateModified\":\"2021-07-13T21:04:04+00:00\",\"author\":{\"@id\":\"https:\\\/\\\/hotnewsinworld.com\\\/hu\\\/#\\\/schema\\\/person\\\/fe61448b21c0d59086e75fcc1f9d8f6b\"},\"breadcrumb\":{\"@id\":\"https:\\\/\\\/hotnewsinworld.com\\\/hu\\\/kapibarak-szulettek-a-debreceni-allatkertben\\\/#breadcrumb\"},\"inLanguage\":\"hu\",\"potentialAction\":[{\"@type\":\"ReadAction\",\"target\":[\"https:\\\/\\\/hotnewsinworld.com\\\/hu\\\/kapibarak-szulettek-a-debreceni-allatkertben\\\/\"]}]},{\"@type\":\"ImageObject\",\"inLanguage\":\"hu\",\"@id\":\"https:\\\/\\\/hotnewsinworld.com\\\/hu\\\/kapibarak-szulettek-a-debreceni-allatkertben\\\/#primaryimage\",\"url\":\"https:\\\/\\\/hotnewsinworld.com\\\/hu\\\/wp-content\\\/uploads\\\/sites\\\/3\\\/2021\\\/07\\\/Kapibarak-szulettek-a-debreceni-allatkertben.jpg\",\"contentUrl\":\"https:\\\/\\\/hotnewsinworld.com\\\/hu\\\/wp-content\\\/uploads\\\/sites\\\/3\\\/2021\\\/07\\\/Kapibarak-szulettek-a-debreceni-allatkertben.jpg\",\"width\":1536,\"height\":1024,\"caption\":\"Kapibar\u00e1k sz\u00fclettek a debreceni \u00e1llatkertben\"},{\"@type\":\"BreadcrumbList\",\"@id\":\"https:\\\/\\\/hotnewsinworld.com\\\/hu\\\/kapibarak-szulettek-a-debreceni-allatkertben\\\/#breadcrumb\",\"itemListElement\":[{\"@type\":\"ListItem\",\"position\":1,\"name\":\"\u0413\u043b\u0430\u0432\u043d\u0430\u044f \u0441\u0442\u0440\u0430\u043d\u0438\u0446\u0430\",\"item\":\"https:\\\/\\\/hotnewsinworld.com\\\/hu\\\/\"},{\"@type\":\"ListItem\",\"position\":2,\"name\":\"Kapibar\u00e1k sz\u00fclettek a debreceni \u00e1llatkertben\"}]},{\"@type\":\"WebSite\",\"@id\":\"https:\\\/\\\/hotnewsinworld.com\\\/hu\\\/#website\",\"url\":\"https:\\\/\\\/hotnewsinworld.com\\\/hu\\\/\",\"name\":\"Hot News in World\",\"description\":\"Hot News in World from Hungary\",\"potentialAction\":[{\"@type\":\"SearchAction\",\"target\":{\"@type\":\"EntryPoint\",\"urlTemplate\":\"https:\\\/\\\/hotnewsinworld.com\\\/hu\\\/?s={search_term_string}\"},\"query-input\":{\"@type\":\"PropertyValueSpecification\",\"valueRequired\":true,\"valueName\":\"search_term_string\"}}],\"inLanguage\":\"hu\"},{\"@type\":\"Person\",\"@id\":\"https:\\\/\\\/hotnewsinworld.com\\\/hu\\\/#\\\/schema\\\/person\\\/fe61448b21c0d59086e75fcc1f9d8f6b\",\"name\":\"hotnewsinworld\",\"image\":{\"@type\":\"ImageObject\",\"inLanguage\":\"hu\",\"@id\":\"https:\\\/\\\/secure.gravatar.com\\\/avatar\\\/8a09ac165600ce2e1c38fe593c63928eb1e6e7ba5c5a907d67787c41b3d00c14?s=96&d=mm&r=g\",\"url\":\"https:\\\/\\\/secure.gravatar.com\\\/avatar\\\/8a09ac165600ce2e1c38fe593c63928eb1e6e7ba5c5a907d67787c41b3d00c14?s=96&d=mm&r=g\",\"contentUrl\":\"https:\\\/\\\/secure.gravatar.com\\\/avatar\\\/8a09ac165600ce2e1c38fe593c63928eb1e6e7ba5c5a907d67787c41b3d00c14?s=96&d=mm&r=g\",\"caption\":\"hotnewsinworld\"},\"url\":\"https:\\\/\\\/hotnewsinworld.com\\\/hu\\\/author\\\/pt\\\/\"}]}<\/script>\n<!-- \/ Yoast SEO plugin. -->","yoast_head_json":{"title":"Kapibar\u00e1k sz\u00fclettek a debreceni \u00e1llatkertben - Hot News in World","robots":{"index":"index","follow":"follow","max-snippet":"max-snippet:-1","max-image-preview":"max-image-preview:large","max-video-preview":"max-video-preview:-1"},"canonical":"https:\/\/hotnewsinworld.com\/hu\/kapibarak-szulettek-a-debreceni-allatkertben\/","og_locale":"hu_HU","og_type":"article","og_title":"Kapibar\u00e1k sz\u00fclettek a debreceni \u00e1llatkertben - Hot News in World","og_description":"Kapibar\u00e1k sz\u00fclettek j\u00faniusban a debreceni \u00e1llatkertben, a mintegy 500 grammot nyom\u00f3 h\u00e1rom h\u00edm sz\u00e9pen cseperedik \u2013 k\u00f6z\u00f6lte az int\u00e9zm\u00e9ny vezet\u0151je h\u00e9tf\u0151n az MTI-vel. Nagy Gergely S\u00e1ndor k\u00f6zlem\u00e9nye szerint a kapibar\u00e1k, b\u00e1r teljesen \u00f6n\u00e1ll\u00f3v\u00e1 csak egy\u00e9ves korukra v\u00e1lnak, m\u00e1r p\u00e1r naposan megismerkedtek a feln\u0151ttek szil\u00e1rd t\u00e1pl\u00e1l\u00e9k\u00e1val, \u00e9s egyre nagyobb k\u00edv\u00e1ncsis\u00e1ggal fedezik fel kifut\u00f3jukat, ahol a l\u00e1togat\u00f3k [&hellip;]","og_url":"https:\/\/hotnewsinworld.com\/hu\/kapibarak-szulettek-a-debreceni-allatkertben\/","og_site_name":"Hot News in World","article_published_time":"2021-07-13T21:04:01+00:00","article_modified_time":"2021-07-13T21:04:04+00:00","og_image":[{"width":1536,"height":1024,"url":"https:\/\/hotnewsinworld.com\/hu\/wp-content\/uploads\/sites\/3\/2021\/07\/Kapibarak-szulettek-a-debreceni-allatkertben.jpg","type":"image\/jpeg"}],"author":"hotnewsinworld","twitter_card":"summary_large_image","twitter_misc":{"Szerz\u0151:":"hotnewsinworld","Becs\u00fclt olvas\u00e1si id\u0151":"2 perc"},"schema":{"@context":"https:\/\/schema.org","@graph":[{"@type":"Article","@id":"https:\/\/hotnewsinworld.com\/hu\/kapibarak-szulettek-a-debreceni-allatkertben\/#article","isPartOf":{"@id":"https:\/\/hotnewsinworld.com\/hu\/kapibarak-szulettek-a-debreceni-allatkertben\/"},"author":{"name":"hotnewsinworld","@id":"https:\/\/hotnewsinworld.com\/hu\/#\/schema\/person\/fe61448b21c0d59086e75fcc1f9d8f6b"},"headline":"Kapibar\u00e1k sz\u00fclettek a debreceni \u00e1llatkertben","datePublished":"2021-07-13T21:04:01+00:00","dateModified":"2021-07-13T21:04:04+00:00","mainEntityOfPage":{"@id":"https:\/\/hotnewsinworld.com\/hu\/kapibarak-szulettek-a-debreceni-allatkertben\/"},"wordCount":382,"commentCount":0,"image":{"@id":"https:\/\/hotnewsinworld.com\/hu\/kapibarak-szulettek-a-debreceni-allatkertben\/#primaryimage"},"thumbnailUrl":"https:\/\/hotnewsinworld.com\/hu\/wp-content\/uploads\/sites\/3\/2021\/07\/Kapibarak-szulettek-a-debreceni-allatkertben.jpg","articleSection":["LEG\u00daJABB P\u00c9NZ\u00dcGYI H\u00cdREK"],"inLanguage":"hu","potentialAction":[{"@type":"CommentAction","name":"Comment","target":["https:\/\/hotnewsinworld.com\/hu\/kapibarak-szulettek-a-debreceni-allatkertben\/#respond"]}]},{"@type":"WebPage","@id":"https:\/\/hotnewsinworld.com\/hu\/kapibarak-szulettek-a-debreceni-allatkertben\/","url":"https:\/\/hotnewsinworld.com\/hu\/kapibarak-szulettek-a-debreceni-allatkertben\/","name":"Kapibar\u00e1k sz\u00fclettek a debreceni \u00e1llatkertben - Hot News in World","isPartOf":{"@id":"https:\/\/hotnewsinworld.com\/hu\/#website"},"primaryImageOfPage":{"@id":"https:\/\/hotnewsinworld.com\/hu\/kapibarak-szulettek-a-debreceni-allatkertben\/#primaryimage"},"image":{"@id":"https:\/\/hotnewsinworld.com\/hu\/kapibarak-szulettek-a-debreceni-allatkertben\/#primaryimage"},"thumbnailUrl":"https:\/\/hotnewsinworld.com\/hu\/wp-content\/uploads\/sites\/3\/2021\/07\/Kapibarak-szulettek-a-debreceni-allatkertben.jpg","datePublished":"2021-07-13T21:04:01+00:00","dateModified":"2021-07-13T21:04:04+00:00","author":{"@id":"https:\/\/hotnewsinworld.com\/hu\/#\/schema\/person\/fe61448b21c0d59086e75fcc1f9d8f6b"},"breadcrumb":{"@id":"https:\/\/hotnewsinworld.com\/hu\/kapibarak-szulettek-a-debreceni-allatkertben\/#breadcrumb"},"inLanguage":"hu","potentialAction":[{"@type":"ReadAction","target":["https:\/\/hotnewsinworld.com\/hu\/kapibarak-szulettek-a-debreceni-allatkertben\/"]}]},{"@type":"ImageObject","inLanguage":"hu","@id":"https:\/\/hotnewsinworld.com\/hu\/kapibarak-szulettek-a-debreceni-allatkertben\/#primaryimage","url":"https:\/\/hotnewsinworld.com\/hu\/wp-content\/uploads\/sites\/3\/2021\/07\/Kapibarak-szulettek-a-debreceni-allatkertben.jpg","contentUrl":"https:\/\/hotnewsinworld.com\/hu\/wp-content\/uploads\/sites\/3\/2021\/07\/Kapibarak-szulettek-a-debreceni-allatkertben.jpg","width":1536,"height":1024,"caption":"Kapibar\u00e1k sz\u00fclettek a debreceni \u00e1llatkertben"},{"@type":"BreadcrumbList","@id":"https:\/\/hotnewsinworld.com\/hu\/kapibarak-szulettek-a-debreceni-allatkertben\/#breadcrumb","itemListElement":[{"@type":"ListItem","position":1,"name":"\u0413\u043b\u0430\u0432\u043d\u0430\u044f \u0441\u0442\u0440\u0430\u043d\u0438\u0446\u0430","item":"https:\/\/hotnewsinworld.com\/hu\/"},{"@type":"ListItem","position":2,"name":"Kapibar\u00e1k sz\u00fclettek a debreceni \u00e1llatkertben"}]},{"@type":"WebSite","@id":"https:\/\/hotnewsinworld.com\/hu\/#website","url":"https:\/\/hotnewsinworld.com\/hu\/","name":"Hot News in World","description":"Hot News in World from Hungary","potentialAction":[{"@type":"SearchAction","target":{"@type":"EntryPoint","urlTemplate":"https:\/\/hotnewsinworld.com\/hu\/?s={search_term_string}"},"query-input":{"@type":"PropertyValueSpecification","valueRequired":true,"valueName":"search_term_string"}}],"inLanguage":"hu"},{"@type":"Person","@id":"https:\/\/hotnewsinworld.com\/hu\/#\/schema\/person\/fe61448b21c0d59086e75fcc1f9d8f6b","name":"hotnewsinworld","image":{"@type":"ImageObject","inLanguage":"hu","@id":"https:\/\/secure.gravatar.com\/avatar\/8a09ac165600ce2e1c38fe593c63928eb1e6e7ba5c5a907d67787c41b3d00c14?s=96&d=mm&r=g","url":"https:\/\/secure.gravatar.com\/avatar\/8a09ac165600ce2e1c38fe593c63928eb1e6e7ba5c5a907d67787c41b3d00c14?s=96&d=mm&r=g","contentUrl":"https:\/\/secure.gravatar.com\/avatar\/8a09ac165600ce2e1c38fe593c63928eb1e6e7ba5c5a907d67787c41b3d00c14?s=96&d=mm&r=g","caption":"hotnewsinworld"},"url":"https:\/\/hotnewsinworld.com\/hu\/author\/pt\/"}]}},"_links":{"self":[{"href":"https:\/\/hotnewsinworld.com\/hu\/wp-json\/wp\/v2\/posts\/2630","targetHints":{"allow":["GET"]}}],"collection":[{"href":"https:\/\/hotnewsinworld.com\/hu\/wp-json\/wp\/v2\/posts"}],"about":[{"href":"https:\/\/hotnewsinworld.com\/hu\/wp-json\/wp\/v2\/types\/post"}],"author":[{"embeddable":true,"href":"https:\/\/hotnewsinworld.com\/hu\/wp-json\/wp\/v2\/users\/2"}],"replies":[{"embeddable":true,"href":"https:\/\/hotnewsinworld.com\/hu\/wp-json\/wp\/v2\/comments?post=2630"}],"version-history":[{"count":1,"href":"https:\/\/hotnewsinworld.com\/hu\/wp-json\/wp\/v2\/posts\/2630\/revisions"}],"predecessor-version":[{"id":2632,"href":"https:\/\/hotnewsinworld.com\/hu\/wp-json\/wp\/v2\/posts\/2630\/revisions\/2632"}],"wp:featuredmedia":[{"embeddable":true,"href":"https:\/\/hotnewsinworld.com\/hu\/wp-json\/wp\/v2\/media\/2631"}],"wp:attachment":[{"href":"https:\/\/hotnewsinworld.com\/hu\/wp-json\/wp\/v2\/media?parent=2630"}],"wp:term":[{"taxonomy":"category","embeddable":true,"href":"https:\/\/hotnewsinworld.com\/hu\/wp-json\/wp\/v2\/categories?post=2630"},{"taxonomy":"post_tag","embeddable":true,"href":"https:\/\/hotnewsinworld.com\/hu\/wp-json\/wp\/v2\/tags?post=2630"}],"curies":[{"name":"wp","href":"https:\/\/api.w.org\/{rel}","templated":true}]}}