{"id":2636,"date":"2021-07-28T00:26:39","date_gmt":"2021-07-27T21:26:39","guid":{"rendered":"https:\/\/hotnewsinworld.com\/hu\/magyar-katonakra-tamadtak-a-migransok-a-hatarnal\/"},"modified":"2021-07-28T00:26:42","modified_gmt":"2021-07-27T21:26:42","slug":"magyar-katonakra-tamadtak-a-migransok-a-hatarnal","status":"publish","type":"post","link":"https:\/\/hotnewsinworld.com\/hu\/magyar-katonakra-tamadtak-a-migransok-a-hatarnal\/","title":{"rendered":"Magyar katon\u00e1kra t\u00e1madtak a migr\u00e1nsok a hat\u00e1rn\u00e1l"},"content":{"rendered":"<p>                    Er\u0151szakkal pr\u00f3b\u00e1lta \u00e1tl\u00e9pni a szerb-magyar hat\u00e1rt egy migr\u00e1nscsoport kedden este \u00c1sotthalomn\u00e1l \u2013 t\u00e1j\u00e9koztatta a Csongr\u00e1d-Csan\u00e1d Megyei Rend\u0151r-f\u0151kapit\u00e1nys\u00e1g sz\u00f3viv\u0151je az MTI-t.<\/p>\n<p>                Szab\u00f3 Szilvia k\u00f6z\u00f6lte, a 15 f\u0151b\u0151l \u00e1ll\u00f3 csoport 20 \u00f3ra 40 perckor illeg\u00e1lisan akart \u00e1tjutni Magyarorsz\u00e1g ter\u00fclet\u00e9re \u00c1sotthalomn\u00e1l, ez\u00e9rt a szerb oldalr\u00f3l g\u00e1zspray-vel lef\u00fajt\u00e1k a hat\u00e1rt v\u00e9d\u0151 egyenruh\u00e1sokat. Az er\u0151szakos hat\u00e1r\u00e1tl\u00e9p\u00e9si k\u00eds\u00e9rlet k\u00f6vetkezt\u00e9ben n\u00e9gy katona k\u00f6nnyebben megs\u00e9r\u00fclt, orvosi ell\u00e1t\u00e1suk folyamatban van.<\/p>\n<p>A szolg\u00e1latot teljes\u00edt\u0151 rend\u0151r\u00f6k \u00e9s katon\u00e1k a jogellenes hat\u00e1r\u00e1tl\u00e9p\u00e9si k\u00eds\u00e9rletet megakad\u00e1lyozt\u00e1k \u2013 tudatta a sz\u00e1zados.<\/p>\n<p>\n<!--noindex--><br \/>\n<a href=\"https:\/\/hirek.oldal.info\/rssclick\/16093495\" rel=\"nofollow\">Source link <\/a><br \/>\n<!--\/noindex--><\/p>\n","protected":false},"excerpt":{"rendered":"<p>Er\u0151szakkal pr\u00f3b\u00e1lta \u00e1tl\u00e9pni a szerb-magyar hat\u00e1rt egy migr\u00e1nscsoport kedden este \u00c1sotthalomn\u00e1l \u2013 t\u00e1j\u00e9koztatta a Csongr\u00e1d-Csan\u00e1d Megyei Rend\u0151r-f\u0151kapit\u00e1nys\u00e1g sz\u00f3viv\u0151je az MTI-t. Szab\u00f3 Szilvia k\u00f6z\u00f6lte, a 15 f\u0151b\u0151l \u00e1ll\u00f3 csoport 20 \u00f3ra 40 perckor illeg\u00e1lisan akart \u00e1tjutni Magyarorsz\u00e1g ter\u00fclet\u00e9re \u00c1sotthalomn\u00e1l, ez\u00e9rt a szerb oldalr\u00f3l g\u00e1zspray-vel lef\u00fajt\u00e1k a hat\u00e1rt v\u00e9d\u0151 egyenruh\u00e1sokat. Az er\u0151szakos hat\u00e1r\u00e1tl\u00e9p\u00e9si k\u00eds\u00e9rlet k\u00f6vetkezt\u00e9ben n\u00e9gy katona [&hellip;]<\/p>\n","protected":false},"author":2,"featured_media":2637,"comment_status":"open","ping_status":"open","sticky":false,"template":"","format":"standard","meta":{"footnotes":""},"categories":[1],"tags":[],"class_list":["post-2636","post","type-post","status-publish","format-standard","has-post-thumbnail","hentry","category-legujabb-penzugyi-hirek"],"yoast_head":"<!-- This site is optimized with the Yoast SEO plugin v27.4 - https:\/\/yoast.com\/product\/yoast-seo-wordpress\/ -->\n<title>Magyar katon\u00e1kra t\u00e1madtak a migr\u00e1nsok a hat\u00e1rn\u00e1l - Hot News in World<\/title>\n<meta name=\"robots\" content=\"index, follow, max-snippet:-1, max-image-preview:large, max-video-preview:-1\" \/>\n<link rel=\"canonical\" href=\"https:\/\/hotnewsinworld.com\/hu\/magyar-katonakra-tamadtak-a-migransok-a-hatarnal\/\" \/>\n<meta property=\"og:locale\" content=\"hu_HU\" \/>\n<meta property=\"og:type\" content=\"article\" \/>\n<meta property=\"og:title\" content=\"Magyar katon\u00e1kra t\u00e1madtak a migr\u00e1nsok a hat\u00e1rn\u00e1l - Hot News in World\" \/>\n<meta property=\"og:description\" content=\"Er\u0151szakkal pr\u00f3b\u00e1lta \u00e1tl\u00e9pni a szerb-magyar hat\u00e1rt egy migr\u00e1nscsoport kedden este \u00c1sotthalomn\u00e1l \u2013 t\u00e1j\u00e9koztatta a Csongr\u00e1d-Csan\u00e1d Megyei Rend\u0151r-f\u0151kapit\u00e1nys\u00e1g sz\u00f3viv\u0151je az MTI-t. Szab\u00f3 Szilvia k\u00f6z\u00f6lte, a 15 f\u0151b\u0151l \u00e1ll\u00f3 csoport 20 \u00f3ra 40 perckor illeg\u00e1lisan akart \u00e1tjutni Magyarorsz\u00e1g ter\u00fclet\u00e9re \u00c1sotthalomn\u00e1l, ez\u00e9rt a szerb oldalr\u00f3l g\u00e1zspray-vel lef\u00fajt\u00e1k a hat\u00e1rt v\u00e9d\u0151 egyenruh\u00e1sokat. Az er\u0151szakos hat\u00e1r\u00e1tl\u00e9p\u00e9si k\u00eds\u00e9rlet k\u00f6vetkezt\u00e9ben n\u00e9gy katona [&hellip;]\" \/>\n<meta property=\"og:url\" content=\"https:\/\/hotnewsinworld.com\/hu\/magyar-katonakra-tamadtak-a-migransok-a-hatarnal\/\" \/>\n<meta property=\"og:site_name\" content=\"Hot News in World\" \/>\n<meta property=\"article:published_time\" content=\"2021-07-27T21:26:39+00:00\" \/>\n<meta property=\"article:modified_time\" content=\"2021-07-27T21:26:42+00:00\" \/>\n<meta property=\"og:image\" content=\"https:\/\/hotnewsinworld.com\/hu\/wp-content\/uploads\/sites\/3\/2021\/07\/Magyar-katonakra-tamadtak-a-migransok-a-hatarnal.jpg\" \/>\n\t<meta property=\"og:image:width\" content=\"1536\" \/>\n\t<meta property=\"og:image:height\" content=\"1024\" \/>\n\t<meta property=\"og:image:type\" content=\"image\/jpeg\" \/>\n<meta name=\"author\" content=\"hotnewsinworld\" \/>\n<meta name=\"twitter:card\" content=\"summary_large_image\" \/>\n<meta name=\"twitter:label1\" content=\"Szerz\u0151:\" \/>\n\t<meta name=\"twitter:data1\" content=\"hotnewsinworld\" \/>\n\t<meta name=\"twitter:label2\" content=\"Becs\u00fclt olvas\u00e1si id\u0151\" \/>\n\t<meta name=\"twitter:data2\" content=\"1 perc\" \/>\n<script type=\"application\/ld+json\" class=\"yoast-schema-graph\">{\"@context\":\"https:\\\/\\\/schema.org\",\"@graph\":[{\"@type\":\"Article\",\"@id\":\"https:\\\/\\\/hotnewsinworld.com\\\/hu\\\/magyar-katonakra-tamadtak-a-migransok-a-hatarnal\\\/#article\",\"isPartOf\":{\"@id\":\"https:\\\/\\\/hotnewsinworld.com\\\/hu\\\/magyar-katonakra-tamadtak-a-migransok-a-hatarnal\\\/\"},\"author\":{\"name\":\"hotnewsinworld\",\"@id\":\"https:\\\/\\\/hotnewsinworld.com\\\/hu\\\/#\\\/schema\\\/person\\\/fe61448b21c0d59086e75fcc1f9d8f6b\"},\"headline\":\"Magyar katon\u00e1kra t\u00e1madtak a migr\u00e1nsok a hat\u00e1rn\u00e1l\",\"datePublished\":\"2021-07-27T21:26:39+00:00\",\"dateModified\":\"2021-07-27T21:26:42+00:00\",\"mainEntityOfPage\":{\"@id\":\"https:\\\/\\\/hotnewsinworld.com\\\/hu\\\/magyar-katonakra-tamadtak-a-migransok-a-hatarnal\\\/\"},\"wordCount\":148,\"commentCount\":0,\"image\":{\"@id\":\"https:\\\/\\\/hotnewsinworld.com\\\/hu\\\/magyar-katonakra-tamadtak-a-migransok-a-hatarnal\\\/#primaryimage\"},\"thumbnailUrl\":\"https:\\\/\\\/hotnewsinworld.com\\\/hu\\\/wp-content\\\/uploads\\\/sites\\\/3\\\/2021\\\/07\\\/Magyar-katonakra-tamadtak-a-migransok-a-hatarnal.jpg\",\"articleSection\":[\"LEG\u00daJABB P\u00c9NZ\u00dcGYI H\u00cdREK\"],\"inLanguage\":\"hu\",\"potentialAction\":[{\"@type\":\"CommentAction\",\"name\":\"Comment\",\"target\":[\"https:\\\/\\\/hotnewsinworld.com\\\/hu\\\/magyar-katonakra-tamadtak-a-migransok-a-hatarnal\\\/#respond\"]}]},{\"@type\":\"WebPage\",\"@id\":\"https:\\\/\\\/hotnewsinworld.com\\\/hu\\\/magyar-katonakra-tamadtak-a-migransok-a-hatarnal\\\/\",\"url\":\"https:\\\/\\\/hotnewsinworld.com\\\/hu\\\/magyar-katonakra-tamadtak-a-migransok-a-hatarnal\\\/\",\"name\":\"Magyar katon\u00e1kra t\u00e1madtak a migr\u00e1nsok a hat\u00e1rn\u00e1l - Hot News in World\",\"isPartOf\":{\"@id\":\"https:\\\/\\\/hotnewsinworld.com\\\/hu\\\/#website\"},\"primaryImageOfPage\":{\"@id\":\"https:\\\/\\\/hotnewsinworld.com\\\/hu\\\/magyar-katonakra-tamadtak-a-migransok-a-hatarnal\\\/#primaryimage\"},\"image\":{\"@id\":\"https:\\\/\\\/hotnewsinworld.com\\\/hu\\\/magyar-katonakra-tamadtak-a-migransok-a-hatarnal\\\/#primaryimage\"},\"thumbnailUrl\":\"https:\\\/\\\/hotnewsinworld.com\\\/hu\\\/wp-content\\\/uploads\\\/sites\\\/3\\\/2021\\\/07\\\/Magyar-katonakra-tamadtak-a-migransok-a-hatarnal.jpg\",\"datePublished\":\"2021-07-27T21:26:39+00:00\",\"dateModified\":\"2021-07-27T21:26:42+00:00\",\"author\":{\"@id\":\"https:\\\/\\\/hotnewsinworld.com\\\/hu\\\/#\\\/schema\\\/person\\\/fe61448b21c0d59086e75fcc1f9d8f6b\"},\"breadcrumb\":{\"@id\":\"https:\\\/\\\/hotnewsinworld.com\\\/hu\\\/magyar-katonakra-tamadtak-a-migransok-a-hatarnal\\\/#breadcrumb\"},\"inLanguage\":\"hu\",\"potentialAction\":[{\"@type\":\"ReadAction\",\"target\":[\"https:\\\/\\\/hotnewsinworld.com\\\/hu\\\/magyar-katonakra-tamadtak-a-migransok-a-hatarnal\\\/\"]}]},{\"@type\":\"ImageObject\",\"inLanguage\":\"hu\",\"@id\":\"https:\\\/\\\/hotnewsinworld.com\\\/hu\\\/magyar-katonakra-tamadtak-a-migransok-a-hatarnal\\\/#primaryimage\",\"url\":\"https:\\\/\\\/hotnewsinworld.com\\\/hu\\\/wp-content\\\/uploads\\\/sites\\\/3\\\/2021\\\/07\\\/Magyar-katonakra-tamadtak-a-migransok-a-hatarnal.jpg\",\"contentUrl\":\"https:\\\/\\\/hotnewsinworld.com\\\/hu\\\/wp-content\\\/uploads\\\/sites\\\/3\\\/2021\\\/07\\\/Magyar-katonakra-tamadtak-a-migransok-a-hatarnal.jpg\",\"width\":1536,\"height\":1024,\"caption\":\"Magyar katon\u00e1kra t\u00e1madtak a migr\u00e1nsok a hat\u00e1rn\u00e1l\"},{\"@type\":\"BreadcrumbList\",\"@id\":\"https:\\\/\\\/hotnewsinworld.com\\\/hu\\\/magyar-katonakra-tamadtak-a-migransok-a-hatarnal\\\/#breadcrumb\",\"itemListElement\":[{\"@type\":\"ListItem\",\"position\":1,\"name\":\"\u0413\u043b\u0430\u0432\u043d\u0430\u044f \u0441\u0442\u0440\u0430\u043d\u0438\u0446\u0430\",\"item\":\"https:\\\/\\\/hotnewsinworld.com\\\/hu\\\/\"},{\"@type\":\"ListItem\",\"position\":2,\"name\":\"Magyar katon\u00e1kra t\u00e1madtak a migr\u00e1nsok a hat\u00e1rn\u00e1l\"}]},{\"@type\":\"WebSite\",\"@id\":\"https:\\\/\\\/hotnewsinworld.com\\\/hu\\\/#website\",\"url\":\"https:\\\/\\\/hotnewsinworld.com\\\/hu\\\/\",\"name\":\"Hot News in World\",\"description\":\"Hot News in World from Hungary\",\"potentialAction\":[{\"@type\":\"SearchAction\",\"target\":{\"@type\":\"EntryPoint\",\"urlTemplate\":\"https:\\\/\\\/hotnewsinworld.com\\\/hu\\\/?s={search_term_string}\"},\"query-input\":{\"@type\":\"PropertyValueSpecification\",\"valueRequired\":true,\"valueName\":\"search_term_string\"}}],\"inLanguage\":\"hu\"},{\"@type\":\"Person\",\"@id\":\"https:\\\/\\\/hotnewsinworld.com\\\/hu\\\/#\\\/schema\\\/person\\\/fe61448b21c0d59086e75fcc1f9d8f6b\",\"name\":\"hotnewsinworld\",\"image\":{\"@type\":\"ImageObject\",\"inLanguage\":\"hu\",\"@id\":\"https:\\\/\\\/secure.gravatar.com\\\/avatar\\\/8a09ac165600ce2e1c38fe593c63928eb1e6e7ba5c5a907d67787c41b3d00c14?s=96&d=mm&r=g\",\"url\":\"https:\\\/\\\/secure.gravatar.com\\\/avatar\\\/8a09ac165600ce2e1c38fe593c63928eb1e6e7ba5c5a907d67787c41b3d00c14?s=96&d=mm&r=g\",\"contentUrl\":\"https:\\\/\\\/secure.gravatar.com\\\/avatar\\\/8a09ac165600ce2e1c38fe593c63928eb1e6e7ba5c5a907d67787c41b3d00c14?s=96&d=mm&r=g\",\"caption\":\"hotnewsinworld\"},\"url\":\"https:\\\/\\\/hotnewsinworld.com\\\/hu\\\/author\\\/pt\\\/\"}]}<\/script>\n<!-- \/ Yoast SEO plugin. -->","yoast_head_json":{"title":"Magyar katon\u00e1kra t\u00e1madtak a migr\u00e1nsok a hat\u00e1rn\u00e1l - Hot News in World","robots":{"index":"index","follow":"follow","max-snippet":"max-snippet:-1","max-image-preview":"max-image-preview:large","max-video-preview":"max-video-preview:-1"},"canonical":"https:\/\/hotnewsinworld.com\/hu\/magyar-katonakra-tamadtak-a-migransok-a-hatarnal\/","og_locale":"hu_HU","og_type":"article","og_title":"Magyar katon\u00e1kra t\u00e1madtak a migr\u00e1nsok a hat\u00e1rn\u00e1l - Hot News in World","og_description":"Er\u0151szakkal pr\u00f3b\u00e1lta \u00e1tl\u00e9pni a szerb-magyar hat\u00e1rt egy migr\u00e1nscsoport kedden este \u00c1sotthalomn\u00e1l \u2013 t\u00e1j\u00e9koztatta a Csongr\u00e1d-Csan\u00e1d Megyei Rend\u0151r-f\u0151kapit\u00e1nys\u00e1g sz\u00f3viv\u0151je az MTI-t. Szab\u00f3 Szilvia k\u00f6z\u00f6lte, a 15 f\u0151b\u0151l \u00e1ll\u00f3 csoport 20 \u00f3ra 40 perckor illeg\u00e1lisan akart \u00e1tjutni Magyarorsz\u00e1g ter\u00fclet\u00e9re \u00c1sotthalomn\u00e1l, ez\u00e9rt a szerb oldalr\u00f3l g\u00e1zspray-vel lef\u00fajt\u00e1k a hat\u00e1rt v\u00e9d\u0151 egyenruh\u00e1sokat. Az er\u0151szakos hat\u00e1r\u00e1tl\u00e9p\u00e9si k\u00eds\u00e9rlet k\u00f6vetkezt\u00e9ben n\u00e9gy katona [&hellip;]","og_url":"https:\/\/hotnewsinworld.com\/hu\/magyar-katonakra-tamadtak-a-migransok-a-hatarnal\/","og_site_name":"Hot News in World","article_published_time":"2021-07-27T21:26:39+00:00","article_modified_time":"2021-07-27T21:26:42+00:00","og_image":[{"width":1536,"height":1024,"url":"https:\/\/hotnewsinworld.com\/hu\/wp-content\/uploads\/sites\/3\/2021\/07\/Magyar-katonakra-tamadtak-a-migransok-a-hatarnal.jpg","type":"image\/jpeg"}],"author":"hotnewsinworld","twitter_card":"summary_large_image","twitter_misc":{"Szerz\u0151:":"hotnewsinworld","Becs\u00fclt olvas\u00e1si id\u0151":"1 perc"},"schema":{"@context":"https:\/\/schema.org","@graph":[{"@type":"Article","@id":"https:\/\/hotnewsinworld.com\/hu\/magyar-katonakra-tamadtak-a-migransok-a-hatarnal\/#article","isPartOf":{"@id":"https:\/\/hotnewsinworld.com\/hu\/magyar-katonakra-tamadtak-a-migransok-a-hatarnal\/"},"author":{"name":"hotnewsinworld","@id":"https:\/\/hotnewsinworld.com\/hu\/#\/schema\/person\/fe61448b21c0d59086e75fcc1f9d8f6b"},"headline":"Magyar katon\u00e1kra t\u00e1madtak a migr\u00e1nsok a hat\u00e1rn\u00e1l","datePublished":"2021-07-27T21:26:39+00:00","dateModified":"2021-07-27T21:26:42+00:00","mainEntityOfPage":{"@id":"https:\/\/hotnewsinworld.com\/hu\/magyar-katonakra-tamadtak-a-migransok-a-hatarnal\/"},"wordCount":148,"commentCount":0,"image":{"@id":"https:\/\/hotnewsinworld.com\/hu\/magyar-katonakra-tamadtak-a-migransok-a-hatarnal\/#primaryimage"},"thumbnailUrl":"https:\/\/hotnewsinworld.com\/hu\/wp-content\/uploads\/sites\/3\/2021\/07\/Magyar-katonakra-tamadtak-a-migransok-a-hatarnal.jpg","articleSection":["LEG\u00daJABB P\u00c9NZ\u00dcGYI H\u00cdREK"],"inLanguage":"hu","potentialAction":[{"@type":"CommentAction","name":"Comment","target":["https:\/\/hotnewsinworld.com\/hu\/magyar-katonakra-tamadtak-a-migransok-a-hatarnal\/#respond"]}]},{"@type":"WebPage","@id":"https:\/\/hotnewsinworld.com\/hu\/magyar-katonakra-tamadtak-a-migransok-a-hatarnal\/","url":"https:\/\/hotnewsinworld.com\/hu\/magyar-katonakra-tamadtak-a-migransok-a-hatarnal\/","name":"Magyar katon\u00e1kra t\u00e1madtak a migr\u00e1nsok a hat\u00e1rn\u00e1l - Hot News in World","isPartOf":{"@id":"https:\/\/hotnewsinworld.com\/hu\/#website"},"primaryImageOfPage":{"@id":"https:\/\/hotnewsinworld.com\/hu\/magyar-katonakra-tamadtak-a-migransok-a-hatarnal\/#primaryimage"},"image":{"@id":"https:\/\/hotnewsinworld.com\/hu\/magyar-katonakra-tamadtak-a-migransok-a-hatarnal\/#primaryimage"},"thumbnailUrl":"https:\/\/hotnewsinworld.com\/hu\/wp-content\/uploads\/sites\/3\/2021\/07\/Magyar-katonakra-tamadtak-a-migransok-a-hatarnal.jpg","datePublished":"2021-07-27T21:26:39+00:00","dateModified":"2021-07-27T21:26:42+00:00","author":{"@id":"https:\/\/hotnewsinworld.com\/hu\/#\/schema\/person\/fe61448b21c0d59086e75fcc1f9d8f6b"},"breadcrumb":{"@id":"https:\/\/hotnewsinworld.com\/hu\/magyar-katonakra-tamadtak-a-migransok-a-hatarnal\/#breadcrumb"},"inLanguage":"hu","potentialAction":[{"@type":"ReadAction","target":["https:\/\/hotnewsinworld.com\/hu\/magyar-katonakra-tamadtak-a-migransok-a-hatarnal\/"]}]},{"@type":"ImageObject","inLanguage":"hu","@id":"https:\/\/hotnewsinworld.com\/hu\/magyar-katonakra-tamadtak-a-migransok-a-hatarnal\/#primaryimage","url":"https:\/\/hotnewsinworld.com\/hu\/wp-content\/uploads\/sites\/3\/2021\/07\/Magyar-katonakra-tamadtak-a-migransok-a-hatarnal.jpg","contentUrl":"https:\/\/hotnewsinworld.com\/hu\/wp-content\/uploads\/sites\/3\/2021\/07\/Magyar-katonakra-tamadtak-a-migransok-a-hatarnal.jpg","width":1536,"height":1024,"caption":"Magyar katon\u00e1kra t\u00e1madtak a migr\u00e1nsok a hat\u00e1rn\u00e1l"},{"@type":"BreadcrumbList","@id":"https:\/\/hotnewsinworld.com\/hu\/magyar-katonakra-tamadtak-a-migransok-a-hatarnal\/#breadcrumb","itemListElement":[{"@type":"ListItem","position":1,"name":"\u0413\u043b\u0430\u0432\u043d\u0430\u044f \u0441\u0442\u0440\u0430\u043d\u0438\u0446\u0430","item":"https:\/\/hotnewsinworld.com\/hu\/"},{"@type":"ListItem","position":2,"name":"Magyar katon\u00e1kra t\u00e1madtak a migr\u00e1nsok a hat\u00e1rn\u00e1l"}]},{"@type":"WebSite","@id":"https:\/\/hotnewsinworld.com\/hu\/#website","url":"https:\/\/hotnewsinworld.com\/hu\/","name":"Hot News in World","description":"Hot News in World from Hungary","potentialAction":[{"@type":"SearchAction","target":{"@type":"EntryPoint","urlTemplate":"https:\/\/hotnewsinworld.com\/hu\/?s={search_term_string}"},"query-input":{"@type":"PropertyValueSpecification","valueRequired":true,"valueName":"search_term_string"}}],"inLanguage":"hu"},{"@type":"Person","@id":"https:\/\/hotnewsinworld.com\/hu\/#\/schema\/person\/fe61448b21c0d59086e75fcc1f9d8f6b","name":"hotnewsinworld","image":{"@type":"ImageObject","inLanguage":"hu","@id":"https:\/\/secure.gravatar.com\/avatar\/8a09ac165600ce2e1c38fe593c63928eb1e6e7ba5c5a907d67787c41b3d00c14?s=96&d=mm&r=g","url":"https:\/\/secure.gravatar.com\/avatar\/8a09ac165600ce2e1c38fe593c63928eb1e6e7ba5c5a907d67787c41b3d00c14?s=96&d=mm&r=g","contentUrl":"https:\/\/secure.gravatar.com\/avatar\/8a09ac165600ce2e1c38fe593c63928eb1e6e7ba5c5a907d67787c41b3d00c14?s=96&d=mm&r=g","caption":"hotnewsinworld"},"url":"https:\/\/hotnewsinworld.com\/hu\/author\/pt\/"}]}},"_links":{"self":[{"href":"https:\/\/hotnewsinworld.com\/hu\/wp-json\/wp\/v2\/posts\/2636","targetHints":{"allow":["GET"]}}],"collection":[{"href":"https:\/\/hotnewsinworld.com\/hu\/wp-json\/wp\/v2\/posts"}],"about":[{"href":"https:\/\/hotnewsinworld.com\/hu\/wp-json\/wp\/v2\/types\/post"}],"author":[{"embeddable":true,"href":"https:\/\/hotnewsinworld.com\/hu\/wp-json\/wp\/v2\/users\/2"}],"replies":[{"embeddable":true,"href":"https:\/\/hotnewsinworld.com\/hu\/wp-json\/wp\/v2\/comments?post=2636"}],"version-history":[{"count":1,"href":"https:\/\/hotnewsinworld.com\/hu\/wp-json\/wp\/v2\/posts\/2636\/revisions"}],"predecessor-version":[{"id":2638,"href":"https:\/\/hotnewsinworld.com\/hu\/wp-json\/wp\/v2\/posts\/2636\/revisions\/2638"}],"wp:featuredmedia":[{"embeddable":true,"href":"https:\/\/hotnewsinworld.com\/hu\/wp-json\/wp\/v2\/media\/2637"}],"wp:attachment":[{"href":"https:\/\/hotnewsinworld.com\/hu\/wp-json\/wp\/v2\/media?parent=2636"}],"wp:term":[{"taxonomy":"category","embeddable":true,"href":"https:\/\/hotnewsinworld.com\/hu\/wp-json\/wp\/v2\/categories?post=2636"},{"taxonomy":"post_tag","embeddable":true,"href":"https:\/\/hotnewsinworld.com\/hu\/wp-json\/wp\/v2\/tags?post=2636"}],"curies":[{"name":"wp","href":"https:\/\/api.w.org\/{rel}","templated":true}]}}