{"id":2639,"date":"2021-08-04T00:28:03","date_gmt":"2021-08-03T21:28:03","guid":{"rendered":"https:\/\/hotnewsinworld.com\/hu\/kovacs-zoltan-szo-sincs-arrol-hogy-a-velencei-to-ugyet-hirtelen-felindulasbol-egyszerre-meg-lehetne-oldani-24-hu\/"},"modified":"2021-08-04T00:28:06","modified_gmt":"2021-08-03T21:28:06","slug":"kovacs-zoltan-szo-sincs-arrol-hogy-a-velencei-to-ugyet-hirtelen-felindulasbol-egyszerre-meg-lehetne-oldani-24-hu","status":"publish","type":"post","link":"https:\/\/hotnewsinworld.com\/hu\/kovacs-zoltan-szo-sincs-arrol-hogy-a-velencei-to-ugyet-hirtelen-felindulasbol-egyszerre-meg-lehetne-oldani-24-hu\/","title":{"rendered":"Kov\u00e1cs Zolt\u00e1n: Sz\u00f3 sincs arr\u00f3l, hogy a Velencei-t\u00f3 \u00fcgy\u00e9t hirtelen felindul\u00e1sb\u00f3l egyszerre meg lehetne oldani | 24.hu"},"content":{"rendered":"<p>\tHi\u00e1ba lenne sz\u00fcks\u00e9g nagyon s\u00fcrg\u0151sen a Velencei-t\u00f3 viz\u00e9nek p\u00f3tl\u00e1s\u00e1ra a rendk\u00edv\u00fcl alacsony v\u00edzszint miatt, a korm\u00e1ny jelenleg nem tudja t\u00e1mogatni az err\u0151l sz\u00f3l\u00f3 javaslatot \u2013 err\u0151l besz\u00e9lt nemr\u00e9g Tessely Zolt\u00e1n, a Velencei-t\u00f3 fejleszt\u00e9s\u00e9\u00e9rt felel\u0151s korm\u00e1nybiztos. A v\u00edz p\u00f3tl\u00e1s\u00e1ra egy 40 milli\u00e1rd forintos k\u00f6lts\u00e9ggel sz\u00e1mol\u00f3 el\u0151terjeszt\u00e9st k\u00e9sz\u00edtettek.<br \/>\nAz RTL Klub H\u00edrad\u00f3j\u00e1nak Kov\u00e1cs Zolt\u00e1n \u00e1llamtitk\u00e1r azt mondta, hogy Magyarorsz\u00e1g korm\u00e1nya kiemelten foglalkozik ezzel az \u00fcggyel, de<br \/>\nsz\u00f3 sincs arr\u00f3l, hogy ezt hirtelen felindul\u00e1sb\u00f3l egyszerre meg lehetne oldani.<br \/>\nHozz\u00e1tette, hogy a v\u00edz\u00fcgyi szakemberek tov\u00e1bbra is dolgoznak az \u00fcgy\u00f6n.<br \/>\nTessely Zolt\u00e1n is nyilatkozott r\u00f6viden a h\u00edrad\u00f3nak, \u0151 azt emelte ki, hogy abban rem\u00e9nykedik, m\u00f3djuk lesz ak\u00e1r r\u00e9szekre bontva ism\u00e9t a korm\u00e1ny el\u00e9 vinni a javaslatot.<\/p>\n<p>\n<!--noindex--><br \/>\n<a href=\"https:\/\/hirek.oldal.info\/rssclick\/16110222\" rel=\"nofollow\">Source link <\/a><br \/>\n<!--\/noindex--><\/p>\n","protected":false},"excerpt":{"rendered":"<p>Hi\u00e1ba lenne sz\u00fcks\u00e9g nagyon s\u00fcrg\u0151sen a Velencei-t\u00f3 viz\u00e9nek p\u00f3tl\u00e1s\u00e1ra a rendk\u00edv\u00fcl alacsony v\u00edzszint miatt, a korm\u00e1ny jelenleg nem tudja t\u00e1mogatni az err\u0151l sz\u00f3l\u00f3 javaslatot \u2013 err\u0151l besz\u00e9lt nemr\u00e9g Tessely Zolt\u00e1n, a Velencei-t\u00f3 fejleszt\u00e9s\u00e9\u00e9rt felel\u0151s korm\u00e1nybiztos. A v\u00edz p\u00f3tl\u00e1s\u00e1ra egy 40 milli\u00e1rd forintos k\u00f6lts\u00e9ggel sz\u00e1mol\u00f3 el\u0151terjeszt\u00e9st k\u00e9sz\u00edtettek. Az RTL Klub H\u00edrad\u00f3j\u00e1nak Kov\u00e1cs Zolt\u00e1n \u00e1llamtitk\u00e1r azt mondta, [&hellip;]<\/p>\n","protected":false},"author":2,"featured_media":2640,"comment_status":"open","ping_status":"open","sticky":false,"template":"","format":"standard","meta":{"footnotes":""},"categories":[1],"tags":[],"class_list":["post-2639","post","type-post","status-publish","format-standard","has-post-thumbnail","hentry","category-legujabb-penzugyi-hirek"],"yoast_head":"<!-- This site is optimized with the Yoast SEO plugin v27.4 - https:\/\/yoast.com\/product\/yoast-seo-wordpress\/ -->\n<title>Kov\u00e1cs Zolt\u00e1n: Sz\u00f3 sincs arr\u00f3l, hogy a Velencei-t\u00f3 \u00fcgy\u00e9t hirtelen felindul\u00e1sb\u00f3l egyszerre meg lehetne oldani | 24.hu - Hot News in World<\/title>\n<meta name=\"robots\" content=\"index, follow, max-snippet:-1, max-image-preview:large, max-video-preview:-1\" \/>\n<link rel=\"canonical\" href=\"https:\/\/hotnewsinworld.com\/hu\/kovacs-zoltan-szo-sincs-arrol-hogy-a-velencei-to-ugyet-hirtelen-felindulasbol-egyszerre-meg-lehetne-oldani-24-hu\/\" \/>\n<meta property=\"og:locale\" content=\"hu_HU\" \/>\n<meta property=\"og:type\" content=\"article\" \/>\n<meta property=\"og:title\" content=\"Kov\u00e1cs Zolt\u00e1n: Sz\u00f3 sincs arr\u00f3l, hogy a Velencei-t\u00f3 \u00fcgy\u00e9t hirtelen felindul\u00e1sb\u00f3l egyszerre meg lehetne oldani | 24.hu - Hot News in World\" \/>\n<meta property=\"og:description\" content=\"Hi\u00e1ba lenne sz\u00fcks\u00e9g nagyon s\u00fcrg\u0151sen a Velencei-t\u00f3 viz\u00e9nek p\u00f3tl\u00e1s\u00e1ra a rendk\u00edv\u00fcl alacsony v\u00edzszint miatt, a korm\u00e1ny jelenleg nem tudja t\u00e1mogatni az err\u0151l sz\u00f3l\u00f3 javaslatot \u2013 err\u0151l besz\u00e9lt nemr\u00e9g Tessely Zolt\u00e1n, a Velencei-t\u00f3 fejleszt\u00e9s\u00e9\u00e9rt felel\u0151s korm\u00e1nybiztos. A v\u00edz p\u00f3tl\u00e1s\u00e1ra egy 40 milli\u00e1rd forintos k\u00f6lts\u00e9ggel sz\u00e1mol\u00f3 el\u0151terjeszt\u00e9st k\u00e9sz\u00edtettek. Az RTL Klub H\u00edrad\u00f3j\u00e1nak Kov\u00e1cs Zolt\u00e1n \u00e1llamtitk\u00e1r azt mondta, [&hellip;]\" \/>\n<meta property=\"og:url\" content=\"https:\/\/hotnewsinworld.com\/hu\/kovacs-zoltan-szo-sincs-arrol-hogy-a-velencei-to-ugyet-hirtelen-felindulasbol-egyszerre-meg-lehetne-oldani-24-hu\/\" \/>\n<meta property=\"og:site_name\" content=\"Hot News in World\" \/>\n<meta property=\"article:published_time\" content=\"2021-08-03T21:28:03+00:00\" \/>\n<meta property=\"article:modified_time\" content=\"2021-08-03T21:28:06+00:00\" \/>\n<meta property=\"og:image\" content=\"https:\/\/hotnewsinworld.com\/hu\/wp-content\/uploads\/sites\/3\/2021\/08\/Kovacs-Zoltan-Szo-sincs-arrol-hogy-a-Velencei-to-ugyet-hirtelen.jpg\" \/>\n\t<meta property=\"og:image:width\" content=\"1024\" \/>\n\t<meta property=\"og:image:height\" content=\"577\" \/>\n\t<meta property=\"og:image:type\" content=\"image\/jpeg\" \/>\n<meta name=\"author\" content=\"hotnewsinworld\" \/>\n<meta name=\"twitter:card\" content=\"summary_large_image\" \/>\n<meta name=\"twitter:label1\" content=\"Szerz\u0151:\" \/>\n\t<meta name=\"twitter:data1\" content=\"hotnewsinworld\" \/>\n\t<meta name=\"twitter:label2\" content=\"Becs\u00fclt olvas\u00e1si id\u0151\" \/>\n\t<meta name=\"twitter:data2\" content=\"1 perc\" \/>\n<script type=\"application\/ld+json\" class=\"yoast-schema-graph\">{\"@context\":\"https:\\\/\\\/schema.org\",\"@graph\":[{\"@type\":\"Article\",\"@id\":\"https:\\\/\\\/hotnewsinworld.com\\\/hu\\\/kovacs-zoltan-szo-sincs-arrol-hogy-a-velencei-to-ugyet-hirtelen-felindulasbol-egyszerre-meg-lehetne-oldani-24-hu\\\/#article\",\"isPartOf\":{\"@id\":\"https:\\\/\\\/hotnewsinworld.com\\\/hu\\\/kovacs-zoltan-szo-sincs-arrol-hogy-a-velencei-to-ugyet-hirtelen-felindulasbol-egyszerre-meg-lehetne-oldani-24-hu\\\/\"},\"author\":{\"name\":\"hotnewsinworld\",\"@id\":\"https:\\\/\\\/hotnewsinworld.com\\\/hu\\\/#\\\/schema\\\/person\\\/fe61448b21c0d59086e75fcc1f9d8f6b\"},\"headline\":\"Kov\u00e1cs Zolt\u00e1n: Sz\u00f3 sincs arr\u00f3l, hogy a Velencei-t\u00f3 \u00fcgy\u00e9t hirtelen felindul\u00e1sb\u00f3l egyszerre meg lehetne oldani | 24.hu\",\"datePublished\":\"2021-08-03T21:28:03+00:00\",\"dateModified\":\"2021-08-03T21:28:06+00:00\",\"mainEntityOfPage\":{\"@id\":\"https:\\\/\\\/hotnewsinworld.com\\\/hu\\\/kovacs-zoltan-szo-sincs-arrol-hogy-a-velencei-to-ugyet-hirtelen-felindulasbol-egyszerre-meg-lehetne-oldani-24-hu\\\/\"},\"wordCount\":194,\"commentCount\":0,\"image\":{\"@id\":\"https:\\\/\\\/hotnewsinworld.com\\\/hu\\\/kovacs-zoltan-szo-sincs-arrol-hogy-a-velencei-to-ugyet-hirtelen-felindulasbol-egyszerre-meg-lehetne-oldani-24-hu\\\/#primaryimage\"},\"thumbnailUrl\":\"https:\\\/\\\/hotnewsinworld.com\\\/hu\\\/wp-content\\\/uploads\\\/sites\\\/3\\\/2021\\\/08\\\/Kovacs-Zoltan-Szo-sincs-arrol-hogy-a-Velencei-to-ugyet-hirtelen.jpg\",\"articleSection\":[\"LEG\u00daJABB P\u00c9NZ\u00dcGYI H\u00cdREK\"],\"inLanguage\":\"hu\",\"potentialAction\":[{\"@type\":\"CommentAction\",\"name\":\"Comment\",\"target\":[\"https:\\\/\\\/hotnewsinworld.com\\\/hu\\\/kovacs-zoltan-szo-sincs-arrol-hogy-a-velencei-to-ugyet-hirtelen-felindulasbol-egyszerre-meg-lehetne-oldani-24-hu\\\/#respond\"]}]},{\"@type\":\"WebPage\",\"@id\":\"https:\\\/\\\/hotnewsinworld.com\\\/hu\\\/kovacs-zoltan-szo-sincs-arrol-hogy-a-velencei-to-ugyet-hirtelen-felindulasbol-egyszerre-meg-lehetne-oldani-24-hu\\\/\",\"url\":\"https:\\\/\\\/hotnewsinworld.com\\\/hu\\\/kovacs-zoltan-szo-sincs-arrol-hogy-a-velencei-to-ugyet-hirtelen-felindulasbol-egyszerre-meg-lehetne-oldani-24-hu\\\/\",\"name\":\"Kov\u00e1cs Zolt\u00e1n: Sz\u00f3 sincs arr\u00f3l, hogy a Velencei-t\u00f3 \u00fcgy\u00e9t hirtelen felindul\u00e1sb\u00f3l egyszerre meg lehetne oldani | 24.hu - Hot News in World\",\"isPartOf\":{\"@id\":\"https:\\\/\\\/hotnewsinworld.com\\\/hu\\\/#website\"},\"primaryImageOfPage\":{\"@id\":\"https:\\\/\\\/hotnewsinworld.com\\\/hu\\\/kovacs-zoltan-szo-sincs-arrol-hogy-a-velencei-to-ugyet-hirtelen-felindulasbol-egyszerre-meg-lehetne-oldani-24-hu\\\/#primaryimage\"},\"image\":{\"@id\":\"https:\\\/\\\/hotnewsinworld.com\\\/hu\\\/kovacs-zoltan-szo-sincs-arrol-hogy-a-velencei-to-ugyet-hirtelen-felindulasbol-egyszerre-meg-lehetne-oldani-24-hu\\\/#primaryimage\"},\"thumbnailUrl\":\"https:\\\/\\\/hotnewsinworld.com\\\/hu\\\/wp-content\\\/uploads\\\/sites\\\/3\\\/2021\\\/08\\\/Kovacs-Zoltan-Szo-sincs-arrol-hogy-a-Velencei-to-ugyet-hirtelen.jpg\",\"datePublished\":\"2021-08-03T21:28:03+00:00\",\"dateModified\":\"2021-08-03T21:28:06+00:00\",\"author\":{\"@id\":\"https:\\\/\\\/hotnewsinworld.com\\\/hu\\\/#\\\/schema\\\/person\\\/fe61448b21c0d59086e75fcc1f9d8f6b\"},\"breadcrumb\":{\"@id\":\"https:\\\/\\\/hotnewsinworld.com\\\/hu\\\/kovacs-zoltan-szo-sincs-arrol-hogy-a-velencei-to-ugyet-hirtelen-felindulasbol-egyszerre-meg-lehetne-oldani-24-hu\\\/#breadcrumb\"},\"inLanguage\":\"hu\",\"potentialAction\":[{\"@type\":\"ReadAction\",\"target\":[\"https:\\\/\\\/hotnewsinworld.com\\\/hu\\\/kovacs-zoltan-szo-sincs-arrol-hogy-a-velencei-to-ugyet-hirtelen-felindulasbol-egyszerre-meg-lehetne-oldani-24-hu\\\/\"]}]},{\"@type\":\"ImageObject\",\"inLanguage\":\"hu\",\"@id\":\"https:\\\/\\\/hotnewsinworld.com\\\/hu\\\/kovacs-zoltan-szo-sincs-arrol-hogy-a-velencei-to-ugyet-hirtelen-felindulasbol-egyszerre-meg-lehetne-oldani-24-hu\\\/#primaryimage\",\"url\":\"https:\\\/\\\/hotnewsinworld.com\\\/hu\\\/wp-content\\\/uploads\\\/sites\\\/3\\\/2021\\\/08\\\/Kovacs-Zoltan-Szo-sincs-arrol-hogy-a-Velencei-to-ugyet-hirtelen.jpg\",\"contentUrl\":\"https:\\\/\\\/hotnewsinworld.com\\\/hu\\\/wp-content\\\/uploads\\\/sites\\\/3\\\/2021\\\/08\\\/Kovacs-Zoltan-Szo-sincs-arrol-hogy-a-Velencei-to-ugyet-hirtelen.jpg\",\"width\":1024,\"height\":577,\"caption\":\"Kov\u00e1cs Zolt\u00e1n: Sz\u00f3 sincs arr\u00f3l, hogy a Velencei-t\u00f3 \u00fcgy\u00e9t hirtelen felindul\u00e1sb\u00f3l egyszerre meg lehetne oldani | 24.hu\"},{\"@type\":\"BreadcrumbList\",\"@id\":\"https:\\\/\\\/hotnewsinworld.com\\\/hu\\\/kovacs-zoltan-szo-sincs-arrol-hogy-a-velencei-to-ugyet-hirtelen-felindulasbol-egyszerre-meg-lehetne-oldani-24-hu\\\/#breadcrumb\",\"itemListElement\":[{\"@type\":\"ListItem\",\"position\":1,\"name\":\"\u0413\u043b\u0430\u0432\u043d\u0430\u044f \u0441\u0442\u0440\u0430\u043d\u0438\u0446\u0430\",\"item\":\"https:\\\/\\\/hotnewsinworld.com\\\/hu\\\/\"},{\"@type\":\"ListItem\",\"position\":2,\"name\":\"Kov\u00e1cs Zolt\u00e1n: Sz\u00f3 sincs arr\u00f3l, hogy a Velencei-t\u00f3 \u00fcgy\u00e9t hirtelen felindul\u00e1sb\u00f3l egyszerre meg lehetne oldani | 24.hu\"}]},{\"@type\":\"WebSite\",\"@id\":\"https:\\\/\\\/hotnewsinworld.com\\\/hu\\\/#website\",\"url\":\"https:\\\/\\\/hotnewsinworld.com\\\/hu\\\/\",\"name\":\"Hot News in World\",\"description\":\"Hot News in World from Hungary\",\"potentialAction\":[{\"@type\":\"SearchAction\",\"target\":{\"@type\":\"EntryPoint\",\"urlTemplate\":\"https:\\\/\\\/hotnewsinworld.com\\\/hu\\\/?s={search_term_string}\"},\"query-input\":{\"@type\":\"PropertyValueSpecification\",\"valueRequired\":true,\"valueName\":\"search_term_string\"}}],\"inLanguage\":\"hu\"},{\"@type\":\"Person\",\"@id\":\"https:\\\/\\\/hotnewsinworld.com\\\/hu\\\/#\\\/schema\\\/person\\\/fe61448b21c0d59086e75fcc1f9d8f6b\",\"name\":\"hotnewsinworld\",\"image\":{\"@type\":\"ImageObject\",\"inLanguage\":\"hu\",\"@id\":\"https:\\\/\\\/secure.gravatar.com\\\/avatar\\\/8a09ac165600ce2e1c38fe593c63928eb1e6e7ba5c5a907d67787c41b3d00c14?s=96&d=mm&r=g\",\"url\":\"https:\\\/\\\/secure.gravatar.com\\\/avatar\\\/8a09ac165600ce2e1c38fe593c63928eb1e6e7ba5c5a907d67787c41b3d00c14?s=96&d=mm&r=g\",\"contentUrl\":\"https:\\\/\\\/secure.gravatar.com\\\/avatar\\\/8a09ac165600ce2e1c38fe593c63928eb1e6e7ba5c5a907d67787c41b3d00c14?s=96&d=mm&r=g\",\"caption\":\"hotnewsinworld\"},\"url\":\"https:\\\/\\\/hotnewsinworld.com\\\/hu\\\/author\\\/pt\\\/\"}]}<\/script>\n<!-- \/ Yoast SEO plugin. -->","yoast_head_json":{"title":"Kov\u00e1cs Zolt\u00e1n: Sz\u00f3 sincs arr\u00f3l, hogy a Velencei-t\u00f3 \u00fcgy\u00e9t hirtelen felindul\u00e1sb\u00f3l egyszerre meg lehetne oldani | 24.hu - Hot News in World","robots":{"index":"index","follow":"follow","max-snippet":"max-snippet:-1","max-image-preview":"max-image-preview:large","max-video-preview":"max-video-preview:-1"},"canonical":"https:\/\/hotnewsinworld.com\/hu\/kovacs-zoltan-szo-sincs-arrol-hogy-a-velencei-to-ugyet-hirtelen-felindulasbol-egyszerre-meg-lehetne-oldani-24-hu\/","og_locale":"hu_HU","og_type":"article","og_title":"Kov\u00e1cs Zolt\u00e1n: Sz\u00f3 sincs arr\u00f3l, hogy a Velencei-t\u00f3 \u00fcgy\u00e9t hirtelen felindul\u00e1sb\u00f3l egyszerre meg lehetne oldani | 24.hu - Hot News in World","og_description":"Hi\u00e1ba lenne sz\u00fcks\u00e9g nagyon s\u00fcrg\u0151sen a Velencei-t\u00f3 viz\u00e9nek p\u00f3tl\u00e1s\u00e1ra a rendk\u00edv\u00fcl alacsony v\u00edzszint miatt, a korm\u00e1ny jelenleg nem tudja t\u00e1mogatni az err\u0151l sz\u00f3l\u00f3 javaslatot \u2013 err\u0151l besz\u00e9lt nemr\u00e9g Tessely Zolt\u00e1n, a Velencei-t\u00f3 fejleszt\u00e9s\u00e9\u00e9rt felel\u0151s korm\u00e1nybiztos. A v\u00edz p\u00f3tl\u00e1s\u00e1ra egy 40 milli\u00e1rd forintos k\u00f6lts\u00e9ggel sz\u00e1mol\u00f3 el\u0151terjeszt\u00e9st k\u00e9sz\u00edtettek. Az RTL Klub H\u00edrad\u00f3j\u00e1nak Kov\u00e1cs Zolt\u00e1n \u00e1llamtitk\u00e1r azt mondta, [&hellip;]","og_url":"https:\/\/hotnewsinworld.com\/hu\/kovacs-zoltan-szo-sincs-arrol-hogy-a-velencei-to-ugyet-hirtelen-felindulasbol-egyszerre-meg-lehetne-oldani-24-hu\/","og_site_name":"Hot News in World","article_published_time":"2021-08-03T21:28:03+00:00","article_modified_time":"2021-08-03T21:28:06+00:00","og_image":[{"width":1024,"height":577,"url":"https:\/\/hotnewsinworld.com\/hu\/wp-content\/uploads\/sites\/3\/2021\/08\/Kovacs-Zoltan-Szo-sincs-arrol-hogy-a-Velencei-to-ugyet-hirtelen.jpg","type":"image\/jpeg"}],"author":"hotnewsinworld","twitter_card":"summary_large_image","twitter_misc":{"Szerz\u0151:":"hotnewsinworld","Becs\u00fclt olvas\u00e1si id\u0151":"1 perc"},"schema":{"@context":"https:\/\/schema.org","@graph":[{"@type":"Article","@id":"https:\/\/hotnewsinworld.com\/hu\/kovacs-zoltan-szo-sincs-arrol-hogy-a-velencei-to-ugyet-hirtelen-felindulasbol-egyszerre-meg-lehetne-oldani-24-hu\/#article","isPartOf":{"@id":"https:\/\/hotnewsinworld.com\/hu\/kovacs-zoltan-szo-sincs-arrol-hogy-a-velencei-to-ugyet-hirtelen-felindulasbol-egyszerre-meg-lehetne-oldani-24-hu\/"},"author":{"name":"hotnewsinworld","@id":"https:\/\/hotnewsinworld.com\/hu\/#\/schema\/person\/fe61448b21c0d59086e75fcc1f9d8f6b"},"headline":"Kov\u00e1cs Zolt\u00e1n: Sz\u00f3 sincs arr\u00f3l, hogy a Velencei-t\u00f3 \u00fcgy\u00e9t hirtelen felindul\u00e1sb\u00f3l egyszerre meg lehetne oldani | 24.hu","datePublished":"2021-08-03T21:28:03+00:00","dateModified":"2021-08-03T21:28:06+00:00","mainEntityOfPage":{"@id":"https:\/\/hotnewsinworld.com\/hu\/kovacs-zoltan-szo-sincs-arrol-hogy-a-velencei-to-ugyet-hirtelen-felindulasbol-egyszerre-meg-lehetne-oldani-24-hu\/"},"wordCount":194,"commentCount":0,"image":{"@id":"https:\/\/hotnewsinworld.com\/hu\/kovacs-zoltan-szo-sincs-arrol-hogy-a-velencei-to-ugyet-hirtelen-felindulasbol-egyszerre-meg-lehetne-oldani-24-hu\/#primaryimage"},"thumbnailUrl":"https:\/\/hotnewsinworld.com\/hu\/wp-content\/uploads\/sites\/3\/2021\/08\/Kovacs-Zoltan-Szo-sincs-arrol-hogy-a-Velencei-to-ugyet-hirtelen.jpg","articleSection":["LEG\u00daJABB P\u00c9NZ\u00dcGYI H\u00cdREK"],"inLanguage":"hu","potentialAction":[{"@type":"CommentAction","name":"Comment","target":["https:\/\/hotnewsinworld.com\/hu\/kovacs-zoltan-szo-sincs-arrol-hogy-a-velencei-to-ugyet-hirtelen-felindulasbol-egyszerre-meg-lehetne-oldani-24-hu\/#respond"]}]},{"@type":"WebPage","@id":"https:\/\/hotnewsinworld.com\/hu\/kovacs-zoltan-szo-sincs-arrol-hogy-a-velencei-to-ugyet-hirtelen-felindulasbol-egyszerre-meg-lehetne-oldani-24-hu\/","url":"https:\/\/hotnewsinworld.com\/hu\/kovacs-zoltan-szo-sincs-arrol-hogy-a-velencei-to-ugyet-hirtelen-felindulasbol-egyszerre-meg-lehetne-oldani-24-hu\/","name":"Kov\u00e1cs Zolt\u00e1n: Sz\u00f3 sincs arr\u00f3l, hogy a Velencei-t\u00f3 \u00fcgy\u00e9t hirtelen felindul\u00e1sb\u00f3l egyszerre meg lehetne oldani | 24.hu - Hot News in World","isPartOf":{"@id":"https:\/\/hotnewsinworld.com\/hu\/#website"},"primaryImageOfPage":{"@id":"https:\/\/hotnewsinworld.com\/hu\/kovacs-zoltan-szo-sincs-arrol-hogy-a-velencei-to-ugyet-hirtelen-felindulasbol-egyszerre-meg-lehetne-oldani-24-hu\/#primaryimage"},"image":{"@id":"https:\/\/hotnewsinworld.com\/hu\/kovacs-zoltan-szo-sincs-arrol-hogy-a-velencei-to-ugyet-hirtelen-felindulasbol-egyszerre-meg-lehetne-oldani-24-hu\/#primaryimage"},"thumbnailUrl":"https:\/\/hotnewsinworld.com\/hu\/wp-content\/uploads\/sites\/3\/2021\/08\/Kovacs-Zoltan-Szo-sincs-arrol-hogy-a-Velencei-to-ugyet-hirtelen.jpg","datePublished":"2021-08-03T21:28:03+00:00","dateModified":"2021-08-03T21:28:06+00:00","author":{"@id":"https:\/\/hotnewsinworld.com\/hu\/#\/schema\/person\/fe61448b21c0d59086e75fcc1f9d8f6b"},"breadcrumb":{"@id":"https:\/\/hotnewsinworld.com\/hu\/kovacs-zoltan-szo-sincs-arrol-hogy-a-velencei-to-ugyet-hirtelen-felindulasbol-egyszerre-meg-lehetne-oldani-24-hu\/#breadcrumb"},"inLanguage":"hu","potentialAction":[{"@type":"ReadAction","target":["https:\/\/hotnewsinworld.com\/hu\/kovacs-zoltan-szo-sincs-arrol-hogy-a-velencei-to-ugyet-hirtelen-felindulasbol-egyszerre-meg-lehetne-oldani-24-hu\/"]}]},{"@type":"ImageObject","inLanguage":"hu","@id":"https:\/\/hotnewsinworld.com\/hu\/kovacs-zoltan-szo-sincs-arrol-hogy-a-velencei-to-ugyet-hirtelen-felindulasbol-egyszerre-meg-lehetne-oldani-24-hu\/#primaryimage","url":"https:\/\/hotnewsinworld.com\/hu\/wp-content\/uploads\/sites\/3\/2021\/08\/Kovacs-Zoltan-Szo-sincs-arrol-hogy-a-Velencei-to-ugyet-hirtelen.jpg","contentUrl":"https:\/\/hotnewsinworld.com\/hu\/wp-content\/uploads\/sites\/3\/2021\/08\/Kovacs-Zoltan-Szo-sincs-arrol-hogy-a-Velencei-to-ugyet-hirtelen.jpg","width":1024,"height":577,"caption":"Kov\u00e1cs Zolt\u00e1n: Sz\u00f3 sincs arr\u00f3l, hogy a Velencei-t\u00f3 \u00fcgy\u00e9t hirtelen felindul\u00e1sb\u00f3l egyszerre meg lehetne oldani | 24.hu"},{"@type":"BreadcrumbList","@id":"https:\/\/hotnewsinworld.com\/hu\/kovacs-zoltan-szo-sincs-arrol-hogy-a-velencei-to-ugyet-hirtelen-felindulasbol-egyszerre-meg-lehetne-oldani-24-hu\/#breadcrumb","itemListElement":[{"@type":"ListItem","position":1,"name":"\u0413\u043b\u0430\u0432\u043d\u0430\u044f \u0441\u0442\u0440\u0430\u043d\u0438\u0446\u0430","item":"https:\/\/hotnewsinworld.com\/hu\/"},{"@type":"ListItem","position":2,"name":"Kov\u00e1cs Zolt\u00e1n: Sz\u00f3 sincs arr\u00f3l, hogy a Velencei-t\u00f3 \u00fcgy\u00e9t hirtelen felindul\u00e1sb\u00f3l egyszerre meg lehetne oldani | 24.hu"}]},{"@type":"WebSite","@id":"https:\/\/hotnewsinworld.com\/hu\/#website","url":"https:\/\/hotnewsinworld.com\/hu\/","name":"Hot News in World","description":"Hot News in World from Hungary","potentialAction":[{"@type":"SearchAction","target":{"@type":"EntryPoint","urlTemplate":"https:\/\/hotnewsinworld.com\/hu\/?s={search_term_string}"},"query-input":{"@type":"PropertyValueSpecification","valueRequired":true,"valueName":"search_term_string"}}],"inLanguage":"hu"},{"@type":"Person","@id":"https:\/\/hotnewsinworld.com\/hu\/#\/schema\/person\/fe61448b21c0d59086e75fcc1f9d8f6b","name":"hotnewsinworld","image":{"@type":"ImageObject","inLanguage":"hu","@id":"https:\/\/secure.gravatar.com\/avatar\/8a09ac165600ce2e1c38fe593c63928eb1e6e7ba5c5a907d67787c41b3d00c14?s=96&d=mm&r=g","url":"https:\/\/secure.gravatar.com\/avatar\/8a09ac165600ce2e1c38fe593c63928eb1e6e7ba5c5a907d67787c41b3d00c14?s=96&d=mm&r=g","contentUrl":"https:\/\/secure.gravatar.com\/avatar\/8a09ac165600ce2e1c38fe593c63928eb1e6e7ba5c5a907d67787c41b3d00c14?s=96&d=mm&r=g","caption":"hotnewsinworld"},"url":"https:\/\/hotnewsinworld.com\/hu\/author\/pt\/"}]}},"_links":{"self":[{"href":"https:\/\/hotnewsinworld.com\/hu\/wp-json\/wp\/v2\/posts\/2639","targetHints":{"allow":["GET"]}}],"collection":[{"href":"https:\/\/hotnewsinworld.com\/hu\/wp-json\/wp\/v2\/posts"}],"about":[{"href":"https:\/\/hotnewsinworld.com\/hu\/wp-json\/wp\/v2\/types\/post"}],"author":[{"embeddable":true,"href":"https:\/\/hotnewsinworld.com\/hu\/wp-json\/wp\/v2\/users\/2"}],"replies":[{"embeddable":true,"href":"https:\/\/hotnewsinworld.com\/hu\/wp-json\/wp\/v2\/comments?post=2639"}],"version-history":[{"count":1,"href":"https:\/\/hotnewsinworld.com\/hu\/wp-json\/wp\/v2\/posts\/2639\/revisions"}],"predecessor-version":[{"id":2641,"href":"https:\/\/hotnewsinworld.com\/hu\/wp-json\/wp\/v2\/posts\/2639\/revisions\/2641"}],"wp:featuredmedia":[{"embeddable":true,"href":"https:\/\/hotnewsinworld.com\/hu\/wp-json\/wp\/v2\/media\/2640"}],"wp:attachment":[{"href":"https:\/\/hotnewsinworld.com\/hu\/wp-json\/wp\/v2\/media?parent=2639"}],"wp:term":[{"taxonomy":"category","embeddable":true,"href":"https:\/\/hotnewsinworld.com\/hu\/wp-json\/wp\/v2\/categories?post=2639"},{"taxonomy":"post_tag","embeddable":true,"href":"https:\/\/hotnewsinworld.com\/hu\/wp-json\/wp\/v2\/tags?post=2639"}],"curies":[{"name":"wp","href":"https:\/\/api.w.org\/{rel}","templated":true}]}}