{"id":2651,"date":"2021-09-01T01:51:10","date_gmt":"2021-08-31T22:51:10","guid":{"rendered":"https:\/\/hotnewsinworld.com\/hu\/penzert-cserebe-vehetett-reszt-orban-viktor-es-csaladja-a-romai-katolikus-talalkozon\/"},"modified":"2021-09-01T01:51:19","modified_gmt":"2021-08-31T22:51:19","slug":"penzert-cserebe-vehetett-reszt-orban-viktor-es-csaladja-a-romai-katolikus-talalkozon","status":"publish","type":"post","link":"https:\/\/hotnewsinworld.com\/hu\/penzert-cserebe-vehetett-reszt-orban-viktor-es-csaladja-a-romai-katolikus-talalkozon\/","title":{"rendered":"P\u00e9nz\u00e9rt cser\u00e9be vehetett r\u00e9szt Orb\u00e1n Viktor \u00e9s csal\u00e1dja a r\u00f3mai katolikus tal\u00e1lkoz\u00f3n"},"content":{"rendered":"<p>            Mint azt a HVG a rendezv\u00e9ny szervez\u0151it\u0151l megtudta, r\u00e9szv\u00e9teli d\u00edjat kellett fizetnie azoknak, akik r\u00e9szt vettek a katolikus t\u00f6rv\u00e9nyhoz\u00f3k nemzetk\u00f6zi tal\u00e1lkoz\u00f3j\u00e1n R\u00f3m\u00e1ban. Az esem\u00e9nyen Nov\u00e1k Katalin csal\u00e1dok\u00e9rt felel\u0151s miniszter mellett Orb\u00e1n Viktor, valamint feles\u00e9ge \u00e9s k\u00e9t gyermeke is r\u00e9szt vett. K\u00e9s\u0151bb Orb\u00e1n Bal\u00e1zs, a Minisztereln\u00f6ks\u00e9g frissen kinevezett \u00e1llamtitk\u00e1ra, \u00e9s az esem\u00e9ny szervez\u0151i is elmondt\u00e1k, hogy a megh\u00edv\u00e1s a minisztereln\u00f6k csal\u00e1dtagjaira is kiterjedt.A\u00a0port\u00e1l a\u00a0Katolikus T\u00f6rv\u00e9nyhoz\u00f3k Nemzetk\u00f6zi H\u00e1l\u00f3zata titk\u00e1rs\u00e1g\u00e1t\u00f3l azt is megtudta, hogy minden r\u00e9sztvev\u0151nek ki kellett fizetnie a konferencia d\u00edj\u00e1t, azonban pontos \u00f6sszeget ehhez nem tettek hozz\u00e1, csup\u00e1n annyit mondtak, hogy szer\u00e9ny \u00f6sszegre kell gondolni.\u00a0A h\u00e1l\u00f3zat nem \u00e1llja a vend\u00e9gek \u00e9s csal\u00e1dtagjaik k\u00f6lts\u00e9g\u00e9t sem, ez al\u00f3l pedig csak a felsz\u00f3lal\u00f3k k\u00e9peznek kiv\u00e9telt.(Kiemelt k\u00e9p: Orb\u00e1n Viktor az Eur\u00f3pai Tan\u00e1cs \u00fcl\u00e9s\u00e9n\u00a02021. j\u00fanius 24-\u00e9n. Fot\u00f3: JOHN THYS \/ various sources \/ AFP)\u00a0<br \/>\n<br \/>\n<!--noindex--><br \/>\n<a href=\"https:\/\/hirek.oldal.info\/rssclick\/16174423\" rel=\"nofollow\">Source link <\/a><br \/>\n<!--\/noindex--><\/p>\n","protected":false},"excerpt":{"rendered":"<p>Mint azt a HVG a rendezv\u00e9ny szervez\u0151it\u0151l megtudta, r\u00e9szv\u00e9teli d\u00edjat kellett fizetnie azoknak, akik r\u00e9szt vettek a katolikus t\u00f6rv\u00e9nyhoz\u00f3k nemzetk\u00f6zi tal\u00e1lkoz\u00f3j\u00e1n R\u00f3m\u00e1ban. Az esem\u00e9nyen Nov\u00e1k Katalin csal\u00e1dok\u00e9rt felel\u0151s miniszter mellett Orb\u00e1n Viktor, valamint feles\u00e9ge \u00e9s k\u00e9t gyermeke is r\u00e9szt vett. K\u00e9s\u0151bb Orb\u00e1n Bal\u00e1zs, a Minisztereln\u00f6ks\u00e9g frissen kinevezett \u00e1llamtitk\u00e1ra, \u00e9s az esem\u00e9ny szervez\u0151i is elmondt\u00e1k, hogy [&hellip;]<\/p>\n","protected":false},"author":2,"featured_media":2652,"comment_status":"open","ping_status":"open","sticky":false,"template":"","format":"standard","meta":{"footnotes":""},"categories":[1],"tags":[],"class_list":["post-2651","post","type-post","status-publish","format-standard","has-post-thumbnail","hentry","category-legujabb-penzugyi-hirek"],"yoast_head":"<!-- This site is optimized with the Yoast SEO plugin v27.4 - https:\/\/yoast.com\/product\/yoast-seo-wordpress\/ -->\n<title>P\u00e9nz\u00e9rt cser\u00e9be vehetett r\u00e9szt Orb\u00e1n Viktor \u00e9s csal\u00e1dja a r\u00f3mai katolikus tal\u00e1lkoz\u00f3n - Hot News in World<\/title>\n<meta name=\"robots\" content=\"index, follow, max-snippet:-1, max-image-preview:large, max-video-preview:-1\" \/>\n<link rel=\"canonical\" href=\"https:\/\/hotnewsinworld.com\/hu\/penzert-cserebe-vehetett-reszt-orban-viktor-es-csaladja-a-romai-katolikus-talalkozon\/\" \/>\n<meta property=\"og:locale\" content=\"hu_HU\" \/>\n<meta property=\"og:type\" content=\"article\" \/>\n<meta property=\"og:title\" content=\"P\u00e9nz\u00e9rt cser\u00e9be vehetett r\u00e9szt Orb\u00e1n Viktor \u00e9s csal\u00e1dja a r\u00f3mai katolikus tal\u00e1lkoz\u00f3n - Hot News in World\" \/>\n<meta property=\"og:description\" content=\"Mint azt a HVG a rendezv\u00e9ny szervez\u0151it\u0151l megtudta, r\u00e9szv\u00e9teli d\u00edjat kellett fizetnie azoknak, akik r\u00e9szt vettek a katolikus t\u00f6rv\u00e9nyhoz\u00f3k nemzetk\u00f6zi tal\u00e1lkoz\u00f3j\u00e1n R\u00f3m\u00e1ban. Az esem\u00e9nyen Nov\u00e1k Katalin csal\u00e1dok\u00e9rt felel\u0151s miniszter mellett Orb\u00e1n Viktor, valamint feles\u00e9ge \u00e9s k\u00e9t gyermeke is r\u00e9szt vett. K\u00e9s\u0151bb Orb\u00e1n Bal\u00e1zs, a Minisztereln\u00f6ks\u00e9g frissen kinevezett \u00e1llamtitk\u00e1ra, \u00e9s az esem\u00e9ny szervez\u0151i is elmondt\u00e1k, hogy [&hellip;]\" \/>\n<meta property=\"og:url\" content=\"https:\/\/hotnewsinworld.com\/hu\/penzert-cserebe-vehetett-reszt-orban-viktor-es-csaladja-a-romai-katolikus-talalkozon\/\" \/>\n<meta property=\"og:site_name\" content=\"Hot News in World\" \/>\n<meta property=\"article:published_time\" content=\"2021-08-31T22:51:10+00:00\" \/>\n<meta property=\"article:modified_time\" content=\"2021-08-31T22:51:19+00:00\" \/>\n<meta property=\"og:image\" content=\"https:\/\/hotnewsinworld.com\/hu\/wp-content\/uploads\/sites\/3\/2021\/09\/Penzert-cserebe-vehetett-reszt-Orban-Viktor-es-csaladja-a-romai-scaled.jpg\" \/>\n\t<meta property=\"og:image:width\" content=\"2560\" \/>\n\t<meta property=\"og:image:height\" content=\"1340\" \/>\n\t<meta property=\"og:image:type\" content=\"image\/jpeg\" \/>\n<meta name=\"author\" content=\"hotnewsinworld\" \/>\n<meta name=\"twitter:card\" content=\"summary_large_image\" \/>\n<meta name=\"twitter:label1\" content=\"Szerz\u0151:\" \/>\n\t<meta name=\"twitter:data1\" content=\"hotnewsinworld\" \/>\n\t<meta name=\"twitter:label2\" content=\"Becs\u00fclt olvas\u00e1si id\u0151\" \/>\n\t<meta name=\"twitter:data2\" content=\"1 perc\" \/>\n<script type=\"application\/ld+json\" class=\"yoast-schema-graph\">{\"@context\":\"https:\\\/\\\/schema.org\",\"@graph\":[{\"@type\":\"Article\",\"@id\":\"https:\\\/\\\/hotnewsinworld.com\\\/hu\\\/penzert-cserebe-vehetett-reszt-orban-viktor-es-csaladja-a-romai-katolikus-talalkozon\\\/#article\",\"isPartOf\":{\"@id\":\"https:\\\/\\\/hotnewsinworld.com\\\/hu\\\/penzert-cserebe-vehetett-reszt-orban-viktor-es-csaladja-a-romai-katolikus-talalkozon\\\/\"},\"author\":{\"name\":\"hotnewsinworld\",\"@id\":\"https:\\\/\\\/hotnewsinworld.com\\\/hu\\\/#\\\/schema\\\/person\\\/fe61448b21c0d59086e75fcc1f9d8f6b\"},\"headline\":\"P\u00e9nz\u00e9rt cser\u00e9be vehetett r\u00e9szt Orb\u00e1n Viktor \u00e9s csal\u00e1dja a r\u00f3mai katolikus tal\u00e1lkoz\u00f3n\",\"datePublished\":\"2021-08-31T22:51:10+00:00\",\"dateModified\":\"2021-08-31T22:51:19+00:00\",\"mainEntityOfPage\":{\"@id\":\"https:\\\/\\\/hotnewsinworld.com\\\/hu\\\/penzert-cserebe-vehetett-reszt-orban-viktor-es-csaladja-a-romai-katolikus-talalkozon\\\/\"},\"wordCount\":230,\"commentCount\":0,\"image\":{\"@id\":\"https:\\\/\\\/hotnewsinworld.com\\\/hu\\\/penzert-cserebe-vehetett-reszt-orban-viktor-es-csaladja-a-romai-katolikus-talalkozon\\\/#primaryimage\"},\"thumbnailUrl\":\"https:\\\/\\\/hotnewsinworld.com\\\/hu\\\/wp-content\\\/uploads\\\/sites\\\/3\\\/2021\\\/09\\\/Penzert-cserebe-vehetett-reszt-Orban-Viktor-es-csaladja-a-romai-scaled.jpg\",\"articleSection\":[\"LEG\u00daJABB P\u00c9NZ\u00dcGYI H\u00cdREK\"],\"inLanguage\":\"hu\",\"potentialAction\":[{\"@type\":\"CommentAction\",\"name\":\"Comment\",\"target\":[\"https:\\\/\\\/hotnewsinworld.com\\\/hu\\\/penzert-cserebe-vehetett-reszt-orban-viktor-es-csaladja-a-romai-katolikus-talalkozon\\\/#respond\"]}]},{\"@type\":\"WebPage\",\"@id\":\"https:\\\/\\\/hotnewsinworld.com\\\/hu\\\/penzert-cserebe-vehetett-reszt-orban-viktor-es-csaladja-a-romai-katolikus-talalkozon\\\/\",\"url\":\"https:\\\/\\\/hotnewsinworld.com\\\/hu\\\/penzert-cserebe-vehetett-reszt-orban-viktor-es-csaladja-a-romai-katolikus-talalkozon\\\/\",\"name\":\"P\u00e9nz\u00e9rt cser\u00e9be vehetett r\u00e9szt Orb\u00e1n Viktor \u00e9s csal\u00e1dja a r\u00f3mai katolikus tal\u00e1lkoz\u00f3n - Hot News in World\",\"isPartOf\":{\"@id\":\"https:\\\/\\\/hotnewsinworld.com\\\/hu\\\/#website\"},\"primaryImageOfPage\":{\"@id\":\"https:\\\/\\\/hotnewsinworld.com\\\/hu\\\/penzert-cserebe-vehetett-reszt-orban-viktor-es-csaladja-a-romai-katolikus-talalkozon\\\/#primaryimage\"},\"image\":{\"@id\":\"https:\\\/\\\/hotnewsinworld.com\\\/hu\\\/penzert-cserebe-vehetett-reszt-orban-viktor-es-csaladja-a-romai-katolikus-talalkozon\\\/#primaryimage\"},\"thumbnailUrl\":\"https:\\\/\\\/hotnewsinworld.com\\\/hu\\\/wp-content\\\/uploads\\\/sites\\\/3\\\/2021\\\/09\\\/Penzert-cserebe-vehetett-reszt-Orban-Viktor-es-csaladja-a-romai-scaled.jpg\",\"datePublished\":\"2021-08-31T22:51:10+00:00\",\"dateModified\":\"2021-08-31T22:51:19+00:00\",\"author\":{\"@id\":\"https:\\\/\\\/hotnewsinworld.com\\\/hu\\\/#\\\/schema\\\/person\\\/fe61448b21c0d59086e75fcc1f9d8f6b\"},\"breadcrumb\":{\"@id\":\"https:\\\/\\\/hotnewsinworld.com\\\/hu\\\/penzert-cserebe-vehetett-reszt-orban-viktor-es-csaladja-a-romai-katolikus-talalkozon\\\/#breadcrumb\"},\"inLanguage\":\"hu\",\"potentialAction\":[{\"@type\":\"ReadAction\",\"target\":[\"https:\\\/\\\/hotnewsinworld.com\\\/hu\\\/penzert-cserebe-vehetett-reszt-orban-viktor-es-csaladja-a-romai-katolikus-talalkozon\\\/\"]}]},{\"@type\":\"ImageObject\",\"inLanguage\":\"hu\",\"@id\":\"https:\\\/\\\/hotnewsinworld.com\\\/hu\\\/penzert-cserebe-vehetett-reszt-orban-viktor-es-csaladja-a-romai-katolikus-talalkozon\\\/#primaryimage\",\"url\":\"https:\\\/\\\/hotnewsinworld.com\\\/hu\\\/wp-content\\\/uploads\\\/sites\\\/3\\\/2021\\\/09\\\/Penzert-cserebe-vehetett-reszt-Orban-Viktor-es-csaladja-a-romai-scaled.jpg\",\"contentUrl\":\"https:\\\/\\\/hotnewsinworld.com\\\/hu\\\/wp-content\\\/uploads\\\/sites\\\/3\\\/2021\\\/09\\\/Penzert-cserebe-vehetett-reszt-Orban-Viktor-es-csaladja-a-romai-scaled.jpg\",\"width\":2560,\"height\":1340,\"caption\":\"P\u00e9nz\u00e9rt cser\u00e9be vehetett r\u00e9szt Orb\u00e1n Viktor \u00e9s csal\u00e1dja a r\u00f3mai katolikus tal\u00e1lkoz\u00f3n\"},{\"@type\":\"BreadcrumbList\",\"@id\":\"https:\\\/\\\/hotnewsinworld.com\\\/hu\\\/penzert-cserebe-vehetett-reszt-orban-viktor-es-csaladja-a-romai-katolikus-talalkozon\\\/#breadcrumb\",\"itemListElement\":[{\"@type\":\"ListItem\",\"position\":1,\"name\":\"\u0413\u043b\u0430\u0432\u043d\u0430\u044f \u0441\u0442\u0440\u0430\u043d\u0438\u0446\u0430\",\"item\":\"https:\\\/\\\/hotnewsinworld.com\\\/hu\\\/\"},{\"@type\":\"ListItem\",\"position\":2,\"name\":\"P\u00e9nz\u00e9rt cser\u00e9be vehetett r\u00e9szt Orb\u00e1n Viktor \u00e9s csal\u00e1dja a r\u00f3mai katolikus tal\u00e1lkoz\u00f3n\"}]},{\"@type\":\"WebSite\",\"@id\":\"https:\\\/\\\/hotnewsinworld.com\\\/hu\\\/#website\",\"url\":\"https:\\\/\\\/hotnewsinworld.com\\\/hu\\\/\",\"name\":\"Hot News in World\",\"description\":\"Hot News in World from Hungary\",\"potentialAction\":[{\"@type\":\"SearchAction\",\"target\":{\"@type\":\"EntryPoint\",\"urlTemplate\":\"https:\\\/\\\/hotnewsinworld.com\\\/hu\\\/?s={search_term_string}\"},\"query-input\":{\"@type\":\"PropertyValueSpecification\",\"valueRequired\":true,\"valueName\":\"search_term_string\"}}],\"inLanguage\":\"hu\"},{\"@type\":\"Person\",\"@id\":\"https:\\\/\\\/hotnewsinworld.com\\\/hu\\\/#\\\/schema\\\/person\\\/fe61448b21c0d59086e75fcc1f9d8f6b\",\"name\":\"hotnewsinworld\",\"image\":{\"@type\":\"ImageObject\",\"inLanguage\":\"hu\",\"@id\":\"https:\\\/\\\/secure.gravatar.com\\\/avatar\\\/8a09ac165600ce2e1c38fe593c63928eb1e6e7ba5c5a907d67787c41b3d00c14?s=96&d=mm&r=g\",\"url\":\"https:\\\/\\\/secure.gravatar.com\\\/avatar\\\/8a09ac165600ce2e1c38fe593c63928eb1e6e7ba5c5a907d67787c41b3d00c14?s=96&d=mm&r=g\",\"contentUrl\":\"https:\\\/\\\/secure.gravatar.com\\\/avatar\\\/8a09ac165600ce2e1c38fe593c63928eb1e6e7ba5c5a907d67787c41b3d00c14?s=96&d=mm&r=g\",\"caption\":\"hotnewsinworld\"},\"url\":\"https:\\\/\\\/hotnewsinworld.com\\\/hu\\\/author\\\/pt\\\/\"}]}<\/script>\n<!-- \/ Yoast SEO plugin. -->","yoast_head_json":{"title":"P\u00e9nz\u00e9rt cser\u00e9be vehetett r\u00e9szt Orb\u00e1n Viktor \u00e9s csal\u00e1dja a r\u00f3mai katolikus tal\u00e1lkoz\u00f3n - Hot News in World","robots":{"index":"index","follow":"follow","max-snippet":"max-snippet:-1","max-image-preview":"max-image-preview:large","max-video-preview":"max-video-preview:-1"},"canonical":"https:\/\/hotnewsinworld.com\/hu\/penzert-cserebe-vehetett-reszt-orban-viktor-es-csaladja-a-romai-katolikus-talalkozon\/","og_locale":"hu_HU","og_type":"article","og_title":"P\u00e9nz\u00e9rt cser\u00e9be vehetett r\u00e9szt Orb\u00e1n Viktor \u00e9s csal\u00e1dja a r\u00f3mai katolikus tal\u00e1lkoz\u00f3n - Hot News in World","og_description":"Mint azt a HVG a rendezv\u00e9ny szervez\u0151it\u0151l megtudta, r\u00e9szv\u00e9teli d\u00edjat kellett fizetnie azoknak, akik r\u00e9szt vettek a katolikus t\u00f6rv\u00e9nyhoz\u00f3k nemzetk\u00f6zi tal\u00e1lkoz\u00f3j\u00e1n R\u00f3m\u00e1ban. Az esem\u00e9nyen Nov\u00e1k Katalin csal\u00e1dok\u00e9rt felel\u0151s miniszter mellett Orb\u00e1n Viktor, valamint feles\u00e9ge \u00e9s k\u00e9t gyermeke is r\u00e9szt vett. K\u00e9s\u0151bb Orb\u00e1n Bal\u00e1zs, a Minisztereln\u00f6ks\u00e9g frissen kinevezett \u00e1llamtitk\u00e1ra, \u00e9s az esem\u00e9ny szervez\u0151i is elmondt\u00e1k, hogy [&hellip;]","og_url":"https:\/\/hotnewsinworld.com\/hu\/penzert-cserebe-vehetett-reszt-orban-viktor-es-csaladja-a-romai-katolikus-talalkozon\/","og_site_name":"Hot News in World","article_published_time":"2021-08-31T22:51:10+00:00","article_modified_time":"2021-08-31T22:51:19+00:00","og_image":[{"width":2560,"height":1340,"url":"https:\/\/hotnewsinworld.com\/hu\/wp-content\/uploads\/sites\/3\/2021\/09\/Penzert-cserebe-vehetett-reszt-Orban-Viktor-es-csaladja-a-romai-scaled.jpg","type":"image\/jpeg"}],"author":"hotnewsinworld","twitter_card":"summary_large_image","twitter_misc":{"Szerz\u0151:":"hotnewsinworld","Becs\u00fclt olvas\u00e1si id\u0151":"1 perc"},"schema":{"@context":"https:\/\/schema.org","@graph":[{"@type":"Article","@id":"https:\/\/hotnewsinworld.com\/hu\/penzert-cserebe-vehetett-reszt-orban-viktor-es-csaladja-a-romai-katolikus-talalkozon\/#article","isPartOf":{"@id":"https:\/\/hotnewsinworld.com\/hu\/penzert-cserebe-vehetett-reszt-orban-viktor-es-csaladja-a-romai-katolikus-talalkozon\/"},"author":{"name":"hotnewsinworld","@id":"https:\/\/hotnewsinworld.com\/hu\/#\/schema\/person\/fe61448b21c0d59086e75fcc1f9d8f6b"},"headline":"P\u00e9nz\u00e9rt cser\u00e9be vehetett r\u00e9szt Orb\u00e1n Viktor \u00e9s csal\u00e1dja a r\u00f3mai katolikus tal\u00e1lkoz\u00f3n","datePublished":"2021-08-31T22:51:10+00:00","dateModified":"2021-08-31T22:51:19+00:00","mainEntityOfPage":{"@id":"https:\/\/hotnewsinworld.com\/hu\/penzert-cserebe-vehetett-reszt-orban-viktor-es-csaladja-a-romai-katolikus-talalkozon\/"},"wordCount":230,"commentCount":0,"image":{"@id":"https:\/\/hotnewsinworld.com\/hu\/penzert-cserebe-vehetett-reszt-orban-viktor-es-csaladja-a-romai-katolikus-talalkozon\/#primaryimage"},"thumbnailUrl":"https:\/\/hotnewsinworld.com\/hu\/wp-content\/uploads\/sites\/3\/2021\/09\/Penzert-cserebe-vehetett-reszt-Orban-Viktor-es-csaladja-a-romai-scaled.jpg","articleSection":["LEG\u00daJABB P\u00c9NZ\u00dcGYI H\u00cdREK"],"inLanguage":"hu","potentialAction":[{"@type":"CommentAction","name":"Comment","target":["https:\/\/hotnewsinworld.com\/hu\/penzert-cserebe-vehetett-reszt-orban-viktor-es-csaladja-a-romai-katolikus-talalkozon\/#respond"]}]},{"@type":"WebPage","@id":"https:\/\/hotnewsinworld.com\/hu\/penzert-cserebe-vehetett-reszt-orban-viktor-es-csaladja-a-romai-katolikus-talalkozon\/","url":"https:\/\/hotnewsinworld.com\/hu\/penzert-cserebe-vehetett-reszt-orban-viktor-es-csaladja-a-romai-katolikus-talalkozon\/","name":"P\u00e9nz\u00e9rt cser\u00e9be vehetett r\u00e9szt Orb\u00e1n Viktor \u00e9s csal\u00e1dja a r\u00f3mai katolikus tal\u00e1lkoz\u00f3n - Hot News in World","isPartOf":{"@id":"https:\/\/hotnewsinworld.com\/hu\/#website"},"primaryImageOfPage":{"@id":"https:\/\/hotnewsinworld.com\/hu\/penzert-cserebe-vehetett-reszt-orban-viktor-es-csaladja-a-romai-katolikus-talalkozon\/#primaryimage"},"image":{"@id":"https:\/\/hotnewsinworld.com\/hu\/penzert-cserebe-vehetett-reszt-orban-viktor-es-csaladja-a-romai-katolikus-talalkozon\/#primaryimage"},"thumbnailUrl":"https:\/\/hotnewsinworld.com\/hu\/wp-content\/uploads\/sites\/3\/2021\/09\/Penzert-cserebe-vehetett-reszt-Orban-Viktor-es-csaladja-a-romai-scaled.jpg","datePublished":"2021-08-31T22:51:10+00:00","dateModified":"2021-08-31T22:51:19+00:00","author":{"@id":"https:\/\/hotnewsinworld.com\/hu\/#\/schema\/person\/fe61448b21c0d59086e75fcc1f9d8f6b"},"breadcrumb":{"@id":"https:\/\/hotnewsinworld.com\/hu\/penzert-cserebe-vehetett-reszt-orban-viktor-es-csaladja-a-romai-katolikus-talalkozon\/#breadcrumb"},"inLanguage":"hu","potentialAction":[{"@type":"ReadAction","target":["https:\/\/hotnewsinworld.com\/hu\/penzert-cserebe-vehetett-reszt-orban-viktor-es-csaladja-a-romai-katolikus-talalkozon\/"]}]},{"@type":"ImageObject","inLanguage":"hu","@id":"https:\/\/hotnewsinworld.com\/hu\/penzert-cserebe-vehetett-reszt-orban-viktor-es-csaladja-a-romai-katolikus-talalkozon\/#primaryimage","url":"https:\/\/hotnewsinworld.com\/hu\/wp-content\/uploads\/sites\/3\/2021\/09\/Penzert-cserebe-vehetett-reszt-Orban-Viktor-es-csaladja-a-romai-scaled.jpg","contentUrl":"https:\/\/hotnewsinworld.com\/hu\/wp-content\/uploads\/sites\/3\/2021\/09\/Penzert-cserebe-vehetett-reszt-Orban-Viktor-es-csaladja-a-romai-scaled.jpg","width":2560,"height":1340,"caption":"P\u00e9nz\u00e9rt cser\u00e9be vehetett r\u00e9szt Orb\u00e1n Viktor \u00e9s csal\u00e1dja a r\u00f3mai katolikus tal\u00e1lkoz\u00f3n"},{"@type":"BreadcrumbList","@id":"https:\/\/hotnewsinworld.com\/hu\/penzert-cserebe-vehetett-reszt-orban-viktor-es-csaladja-a-romai-katolikus-talalkozon\/#breadcrumb","itemListElement":[{"@type":"ListItem","position":1,"name":"\u0413\u043b\u0430\u0432\u043d\u0430\u044f \u0441\u0442\u0440\u0430\u043d\u0438\u0446\u0430","item":"https:\/\/hotnewsinworld.com\/hu\/"},{"@type":"ListItem","position":2,"name":"P\u00e9nz\u00e9rt cser\u00e9be vehetett r\u00e9szt Orb\u00e1n Viktor \u00e9s csal\u00e1dja a r\u00f3mai katolikus tal\u00e1lkoz\u00f3n"}]},{"@type":"WebSite","@id":"https:\/\/hotnewsinworld.com\/hu\/#website","url":"https:\/\/hotnewsinworld.com\/hu\/","name":"Hot News in World","description":"Hot News in World from Hungary","potentialAction":[{"@type":"SearchAction","target":{"@type":"EntryPoint","urlTemplate":"https:\/\/hotnewsinworld.com\/hu\/?s={search_term_string}"},"query-input":{"@type":"PropertyValueSpecification","valueRequired":true,"valueName":"search_term_string"}}],"inLanguage":"hu"},{"@type":"Person","@id":"https:\/\/hotnewsinworld.com\/hu\/#\/schema\/person\/fe61448b21c0d59086e75fcc1f9d8f6b","name":"hotnewsinworld","image":{"@type":"ImageObject","inLanguage":"hu","@id":"https:\/\/secure.gravatar.com\/avatar\/8a09ac165600ce2e1c38fe593c63928eb1e6e7ba5c5a907d67787c41b3d00c14?s=96&d=mm&r=g","url":"https:\/\/secure.gravatar.com\/avatar\/8a09ac165600ce2e1c38fe593c63928eb1e6e7ba5c5a907d67787c41b3d00c14?s=96&d=mm&r=g","contentUrl":"https:\/\/secure.gravatar.com\/avatar\/8a09ac165600ce2e1c38fe593c63928eb1e6e7ba5c5a907d67787c41b3d00c14?s=96&d=mm&r=g","caption":"hotnewsinworld"},"url":"https:\/\/hotnewsinworld.com\/hu\/author\/pt\/"}]}},"_links":{"self":[{"href":"https:\/\/hotnewsinworld.com\/hu\/wp-json\/wp\/v2\/posts\/2651","targetHints":{"allow":["GET"]}}],"collection":[{"href":"https:\/\/hotnewsinworld.com\/hu\/wp-json\/wp\/v2\/posts"}],"about":[{"href":"https:\/\/hotnewsinworld.com\/hu\/wp-json\/wp\/v2\/types\/post"}],"author":[{"embeddable":true,"href":"https:\/\/hotnewsinworld.com\/hu\/wp-json\/wp\/v2\/users\/2"}],"replies":[{"embeddable":true,"href":"https:\/\/hotnewsinworld.com\/hu\/wp-json\/wp\/v2\/comments?post=2651"}],"version-history":[{"count":1,"href":"https:\/\/hotnewsinworld.com\/hu\/wp-json\/wp\/v2\/posts\/2651\/revisions"}],"predecessor-version":[{"id":2653,"href":"https:\/\/hotnewsinworld.com\/hu\/wp-json\/wp\/v2\/posts\/2651\/revisions\/2653"}],"wp:featuredmedia":[{"embeddable":true,"href":"https:\/\/hotnewsinworld.com\/hu\/wp-json\/wp\/v2\/media\/2652"}],"wp:attachment":[{"href":"https:\/\/hotnewsinworld.com\/hu\/wp-json\/wp\/v2\/media?parent=2651"}],"wp:term":[{"taxonomy":"category","embeddable":true,"href":"https:\/\/hotnewsinworld.com\/hu\/wp-json\/wp\/v2\/categories?post=2651"},{"taxonomy":"post_tag","embeddable":true,"href":"https:\/\/hotnewsinworld.com\/hu\/wp-json\/wp\/v2\/tags?post=2651"}],"curies":[{"name":"wp","href":"https:\/\/api.w.org\/{rel}","templated":true}]}}