{"id":1657,"date":"2021-06-09T15:51:06","date_gmt":"2021-06-09T15:51:06","guid":{"rendered":"https:\/\/hotnewsinworld.com\/it\/iab-italia-carlo-noseda-confermato-alla-presidenza-corcom\/"},"modified":"2021-06-09T15:51:09","modified_gmt":"2021-06-09T15:51:09","slug":"iab-italia-carlo-noseda-confermato-alla-presidenza-corcom","status":"publish","type":"post","link":"https:\/\/hotnewsinworld.com\/it\/iab-italia-carlo-noseda-confermato-alla-presidenza-corcom\/","title":{"rendered":"Iab Italia, Carlo Noseda confermato alla presidenza &#8211; CorCom"},"content":{"rendered":"<p>Carlo Noseda \u00e8 stato confermato alla presidenza di Iab Italia. A chiedergli la prosecuzione del mandato anche per il prossimo triennio \u00e8 stato il consiglio direttivo della societ\u00e0, eletto la scorsa settimana e che oggi si \u00e8 riunito per la prima volta. Il presidente eletto che secondo quanto stabilito dallo statuto diventa super partes, lascia cos\u00ec il suo posto in Consiglio a Barbara Sala, Cee media director di Coca-Cola.\u201cSono molto felice di proseguire nel mio ruolo di Presidente e accetto con entusiasmo questa sfida \u2013 afferma Noseda \u2013\u00a0Nei primi due mandati abbiamo portato Iab Italia ad avere un ruolo pi\u00f9 strategico nel sistema del digitale in Italia: siamo diventati un interlocutore rilevante per le istituzioni, non solo sui temi del digital marketing ma sulla trasformazione digitale nel suo complesso. Nei prossimi tre anni dovremo sentire ancora pi\u00f9 forte la responsabilit\u00e0 di essere centrali per la crescita del Paese, fare un ulteriore salto e lavorare sia sui nostri asset pi\u00f9 concreti \u2013 la formazione, le competenze su temi come brand safety, privacy, trasparenza, le certificazioni, gli eventi dedicati alla cultura digitale \u2013 sia su quelli intangibili ma fondamentali per la nostra crescita.\u201cSono convinto che Iab \u2013 prosegue Noseda \u2013 debba avere un purpose forte che, nascendo dai suoi associati, venga percepito chiaramente all\u2019esterno. In un momento storico come quello che stiamo vivendo, lavorare sui valori \u00e8 una chiave per poter ripartire. Lo Iab Forum 2020 sar\u00e0 il punto di partenza per raccontare il cambiamento e il ruolo di Iab, combinando elementi valoriali e tecnici, sempre sotto il cappello dell\u2019innovazione.\u201d\u201cDo il mio personale benvenuto ai quattro nuovi consiglieri, Fabrizio d\u2019Aragona, Alfonso Mariniello, Stefano Portu e Barbara Sala, e in particolare a Barbara, una persona di grandissima professionalit\u00e0. Parlando di valori \u2013 conclude Noseda \u2013 le elezioni hanno evidenziato un tema di rappresentanza femminile nell\u2019associazione e penso che ci sia un problema di carattere culturale da affrontare con urgenza. Con Barbara e con il nuovo consiglio, lavoreremo da subito per identificare le modalit\u00e0 per far esprimere a IAB una vera cultura della diversit\u00e0, non solo di genere, affinch\u00e9 diventi patrimonio comune per tutti i soci\u201d.\u201cSono molto felice di essere entrata nel consiglio direttivo di Iab Italia e di poter mettere al servizio dell\u2019associazione non solo il punto di vista di un advertiser come Coca-Cola sul mondo digitale ma anche l\u2019esperienza fatta in tanti anni trascorsi nel mondo della comunicazione in Italia ed in Europa \u2013 afferma Barbara Sala \u2013\u00a0 Non vedo l\u2019ora di iniziare a lavorare con il resto del team ed affrontare le tante sfide che ci attendono gi\u00e0 nelle prossime settimane, inclusa la creazione di una cultura della diversit\u00e0 e le tante altre gi\u00e0 anticipate dal nostro Presidente, con l\u2019obiettivo di aggiungere e creare valore per la nostra industry\u201dAlla vicepresidenza \u00e8 stato confermato Aldo Agostinelli, digital director di Sky Italia, mentre Michele Marzan, chief Strategy officer di MainAd ricoprir\u00e0 la carica di tesoriere.\u00a0Gli altri consiglieri sono Fabrizio Angelini, Sebastiano Cappa, Giorgio Mennella e Roberto Zanaboni.<br \/>\n@RIPRODUZIONE RISERVATA<br \/>\n<br \/>\n<!--noindex--><br \/>\n<a href=\"https:\/\/www.corrierecomunicazioni.it\/protagonisti\/iab-italia-carlo-noseda-confermato-alla-presidenza\/\" rel=\"nofollow\">Source link <\/a><br \/>\n<!--\/noindex--><\/p>\n","protected":false},"excerpt":{"rendered":"<p>Carlo Noseda \u00e8 stato confermato alla presidenza di Iab Italia. A chiedergli la prosecuzione del mandato anche per il prossimo triennio \u00e8 stato il consiglio direttivo della societ\u00e0, eletto la scorsa settimana e che oggi si \u00e8 riunito per la prima volta. Il presidente eletto che secondo quanto stabilito dallo statuto diventa super partes, lascia [&hellip;]<\/p>\n","protected":false},"author":3,"featured_media":1658,"comment_status":"open","ping_status":"open","sticky":false,"template":"","format":"standard","meta":{"footnotes":""},"categories":[2],"tags":[],"class_list":["post-1657","post","type-post","status-publish","format-standard","has-post-thumbnail","hentry","category-novita-di-marketing-su-internet"],"yoast_head":"<!-- This site is optimized with the Yoast SEO plugin v27.4 - https:\/\/yoast.com\/product\/yoast-seo-wordpress\/ -->\n<title>Iab Italia, Carlo Noseda confermato alla presidenza - CorCom - Hot News in World<\/title>\n<meta name=\"robots\" content=\"index, follow, max-snippet:-1, max-image-preview:large, max-video-preview:-1\" \/>\n<link rel=\"canonical\" href=\"https:\/\/hotnewsinworld.com\/it\/iab-italia-carlo-noseda-confermato-alla-presidenza-corcom\/\" \/>\n<meta property=\"og:locale\" content=\"it_IT\" \/>\n<meta property=\"og:type\" content=\"article\" \/>\n<meta property=\"og:title\" content=\"Iab Italia, Carlo Noseda confermato alla presidenza - CorCom - Hot News in World\" \/>\n<meta property=\"og:description\" content=\"Carlo Noseda \u00e8 stato confermato alla presidenza di Iab Italia. A chiedergli la prosecuzione del mandato anche per il prossimo triennio \u00e8 stato il consiglio direttivo della societ\u00e0, eletto la scorsa settimana e che oggi si \u00e8 riunito per la prima volta. Il presidente eletto che secondo quanto stabilito dallo statuto diventa super partes, lascia [&hellip;]\" \/>\n<meta property=\"og:url\" content=\"https:\/\/hotnewsinworld.com\/it\/iab-italia-carlo-noseda-confermato-alla-presidenza-corcom\/\" \/>\n<meta property=\"og:site_name\" content=\"Hot News in World\" \/>\n<meta property=\"article:published_time\" content=\"2021-06-09T15:51:06+00:00\" \/>\n<meta property=\"article:modified_time\" content=\"2021-06-09T15:51:09+00:00\" \/>\n<meta property=\"og:image\" content=\"https:\/\/hotnewsinworld.com\/it\/wp-content\/uploads\/sites\/9\/2021\/06\/Iab-Italia-Carlo-Noseda-confermato-alla-presidenza-CorCom.jpg\" \/>\n\t<meta property=\"og:image:width\" content=\"996\" \/>\n\t<meta property=\"og:image:height\" content=\"584\" \/>\n\t<meta property=\"og:image:type\" content=\"image\/jpeg\" \/>\n<meta name=\"author\" content=\"it\" \/>\n<meta name=\"twitter:card\" content=\"summary_large_image\" \/>\n<meta name=\"twitter:label1\" content=\"Scritto da\" \/>\n\t<meta name=\"twitter:data1\" content=\"it\" \/>\n\t<meta name=\"twitter:label2\" content=\"Tempo di lettura stimato\" \/>\n\t<meta name=\"twitter:data2\" content=\"2 minuti\" \/>\n<script type=\"application\/ld+json\" class=\"yoast-schema-graph\">{\"@context\":\"https:\\\/\\\/schema.org\",\"@graph\":[{\"@type\":\"Article\",\"@id\":\"https:\\\/\\\/hotnewsinworld.com\\\/it\\\/iab-italia-carlo-noseda-confermato-alla-presidenza-corcom\\\/#article\",\"isPartOf\":{\"@id\":\"https:\\\/\\\/hotnewsinworld.com\\\/it\\\/iab-italia-carlo-noseda-confermato-alla-presidenza-corcom\\\/\"},\"author\":{\"name\":\"it\",\"@id\":\"https:\\\/\\\/hotnewsinworld.com\\\/it\\\/#\\\/schema\\\/person\\\/22e85bfc52fc934ba41a2446cdb5a6e2\"},\"headline\":\"Iab Italia, Carlo Noseda confermato alla presidenza &#8211; CorCom\",\"datePublished\":\"2021-06-09T15:51:06+00:00\",\"dateModified\":\"2021-06-09T15:51:09+00:00\",\"mainEntityOfPage\":{\"@id\":\"https:\\\/\\\/hotnewsinworld.com\\\/it\\\/iab-italia-carlo-noseda-confermato-alla-presidenza-corcom\\\/\"},\"wordCount\":506,\"commentCount\":0,\"image\":{\"@id\":\"https:\\\/\\\/hotnewsinworld.com\\\/it\\\/iab-italia-carlo-noseda-confermato-alla-presidenza-corcom\\\/#primaryimage\"},\"thumbnailUrl\":\"https:\\\/\\\/hotnewsinworld.com\\\/it\\\/wp-content\\\/uploads\\\/sites\\\/9\\\/2021\\\/06\\\/Iab-Italia-Carlo-Noseda-confermato-alla-presidenza-CorCom.jpg\",\"articleSection\":[\"NOVIT\u00c0 DI MARKETING SU INTERNET\"],\"inLanguage\":\"it-IT\",\"potentialAction\":[{\"@type\":\"CommentAction\",\"name\":\"Comment\",\"target\":[\"https:\\\/\\\/hotnewsinworld.com\\\/it\\\/iab-italia-carlo-noseda-confermato-alla-presidenza-corcom\\\/#respond\"]}]},{\"@type\":\"WebPage\",\"@id\":\"https:\\\/\\\/hotnewsinworld.com\\\/it\\\/iab-italia-carlo-noseda-confermato-alla-presidenza-corcom\\\/\",\"url\":\"https:\\\/\\\/hotnewsinworld.com\\\/it\\\/iab-italia-carlo-noseda-confermato-alla-presidenza-corcom\\\/\",\"name\":\"Iab Italia, Carlo Noseda confermato alla presidenza - CorCom - Hot News in World\",\"isPartOf\":{\"@id\":\"https:\\\/\\\/hotnewsinworld.com\\\/it\\\/#website\"},\"primaryImageOfPage\":{\"@id\":\"https:\\\/\\\/hotnewsinworld.com\\\/it\\\/iab-italia-carlo-noseda-confermato-alla-presidenza-corcom\\\/#primaryimage\"},\"image\":{\"@id\":\"https:\\\/\\\/hotnewsinworld.com\\\/it\\\/iab-italia-carlo-noseda-confermato-alla-presidenza-corcom\\\/#primaryimage\"},\"thumbnailUrl\":\"https:\\\/\\\/hotnewsinworld.com\\\/it\\\/wp-content\\\/uploads\\\/sites\\\/9\\\/2021\\\/06\\\/Iab-Italia-Carlo-Noseda-confermato-alla-presidenza-CorCom.jpg\",\"datePublished\":\"2021-06-09T15:51:06+00:00\",\"dateModified\":\"2021-06-09T15:51:09+00:00\",\"author\":{\"@id\":\"https:\\\/\\\/hotnewsinworld.com\\\/it\\\/#\\\/schema\\\/person\\\/22e85bfc52fc934ba41a2446cdb5a6e2\"},\"breadcrumb\":{\"@id\":\"https:\\\/\\\/hotnewsinworld.com\\\/it\\\/iab-italia-carlo-noseda-confermato-alla-presidenza-corcom\\\/#breadcrumb\"},\"inLanguage\":\"it-IT\",\"potentialAction\":[{\"@type\":\"ReadAction\",\"target\":[\"https:\\\/\\\/hotnewsinworld.com\\\/it\\\/iab-italia-carlo-noseda-confermato-alla-presidenza-corcom\\\/\"]}]},{\"@type\":\"ImageObject\",\"inLanguage\":\"it-IT\",\"@id\":\"https:\\\/\\\/hotnewsinworld.com\\\/it\\\/iab-italia-carlo-noseda-confermato-alla-presidenza-corcom\\\/#primaryimage\",\"url\":\"https:\\\/\\\/hotnewsinworld.com\\\/it\\\/wp-content\\\/uploads\\\/sites\\\/9\\\/2021\\\/06\\\/Iab-Italia-Carlo-Noseda-confermato-alla-presidenza-CorCom.jpg\",\"contentUrl\":\"https:\\\/\\\/hotnewsinworld.com\\\/it\\\/wp-content\\\/uploads\\\/sites\\\/9\\\/2021\\\/06\\\/Iab-Italia-Carlo-Noseda-confermato-alla-presidenza-CorCom.jpg\",\"width\":996,\"height\":584,\"caption\":\"Iab Italia, Carlo Noseda confermato alla presidenza - CorCom\"},{\"@type\":\"BreadcrumbList\",\"@id\":\"https:\\\/\\\/hotnewsinworld.com\\\/it\\\/iab-italia-carlo-noseda-confermato-alla-presidenza-corcom\\\/#breadcrumb\",\"itemListElement\":[{\"@type\":\"ListItem\",\"position\":1,\"name\":\"Home\",\"item\":\"https:\\\/\\\/hotnewsinworld.com\\\/it\\\/\"},{\"@type\":\"ListItem\",\"position\":2,\"name\":\"Iab Italia, Carlo Noseda confermato alla presidenza &#8211; CorCom\"}]},{\"@type\":\"WebSite\",\"@id\":\"https:\\\/\\\/hotnewsinworld.com\\\/it\\\/#website\",\"url\":\"https:\\\/\\\/hotnewsinworld.com\\\/it\\\/\",\"name\":\"Hot News in World\",\"description\":\"Hot News in World from Italy\",\"potentialAction\":[{\"@type\":\"SearchAction\",\"target\":{\"@type\":\"EntryPoint\",\"urlTemplate\":\"https:\\\/\\\/hotnewsinworld.com\\\/it\\\/?s={search_term_string}\"},\"query-input\":{\"@type\":\"PropertyValueSpecification\",\"valueRequired\":true,\"valueName\":\"search_term_string\"}}],\"inLanguage\":\"it-IT\"},{\"@type\":\"Person\",\"@id\":\"https:\\\/\\\/hotnewsinworld.com\\\/it\\\/#\\\/schema\\\/person\\\/22e85bfc52fc934ba41a2446cdb5a6e2\",\"name\":\"it\",\"image\":{\"@type\":\"ImageObject\",\"inLanguage\":\"it-IT\",\"@id\":\"https:\\\/\\\/secure.gravatar.com\\\/avatar\\\/8231dc295c29b7354b98b34013cd815b15fea229e7f6a167cf90ebe12f9566e1?s=96&d=mm&r=g\",\"url\":\"https:\\\/\\\/secure.gravatar.com\\\/avatar\\\/8231dc295c29b7354b98b34013cd815b15fea229e7f6a167cf90ebe12f9566e1?s=96&d=mm&r=g\",\"contentUrl\":\"https:\\\/\\\/secure.gravatar.com\\\/avatar\\\/8231dc295c29b7354b98b34013cd815b15fea229e7f6a167cf90ebe12f9566e1?s=96&d=mm&r=g\",\"caption\":\"it\"},\"url\":\"https:\\\/\\\/hotnewsinworld.com\\\/it\\\/author\\\/it\\\/\"}]}<\/script>\n<!-- \/ Yoast SEO plugin. -->","yoast_head_json":{"title":"Iab Italia, Carlo Noseda confermato alla presidenza - CorCom - Hot News in World","robots":{"index":"index","follow":"follow","max-snippet":"max-snippet:-1","max-image-preview":"max-image-preview:large","max-video-preview":"max-video-preview:-1"},"canonical":"https:\/\/hotnewsinworld.com\/it\/iab-italia-carlo-noseda-confermato-alla-presidenza-corcom\/","og_locale":"it_IT","og_type":"article","og_title":"Iab Italia, Carlo Noseda confermato alla presidenza - CorCom - Hot News in World","og_description":"Carlo Noseda \u00e8 stato confermato alla presidenza di Iab Italia. A chiedergli la prosecuzione del mandato anche per il prossimo triennio \u00e8 stato il consiglio direttivo della societ\u00e0, eletto la scorsa settimana e che oggi si \u00e8 riunito per la prima volta. Il presidente eletto che secondo quanto stabilito dallo statuto diventa super partes, lascia [&hellip;]","og_url":"https:\/\/hotnewsinworld.com\/it\/iab-italia-carlo-noseda-confermato-alla-presidenza-corcom\/","og_site_name":"Hot News in World","article_published_time":"2021-06-09T15:51:06+00:00","article_modified_time":"2021-06-09T15:51:09+00:00","og_image":[{"width":996,"height":584,"url":"https:\/\/hotnewsinworld.com\/it\/wp-content\/uploads\/sites\/9\/2021\/06\/Iab-Italia-Carlo-Noseda-confermato-alla-presidenza-CorCom.jpg","type":"image\/jpeg"}],"author":"it","twitter_card":"summary_large_image","twitter_misc":{"Scritto da":"it","Tempo di lettura stimato":"2 minuti"},"schema":{"@context":"https:\/\/schema.org","@graph":[{"@type":"Article","@id":"https:\/\/hotnewsinworld.com\/it\/iab-italia-carlo-noseda-confermato-alla-presidenza-corcom\/#article","isPartOf":{"@id":"https:\/\/hotnewsinworld.com\/it\/iab-italia-carlo-noseda-confermato-alla-presidenza-corcom\/"},"author":{"name":"it","@id":"https:\/\/hotnewsinworld.com\/it\/#\/schema\/person\/22e85bfc52fc934ba41a2446cdb5a6e2"},"headline":"Iab Italia, Carlo Noseda confermato alla presidenza &#8211; CorCom","datePublished":"2021-06-09T15:51:06+00:00","dateModified":"2021-06-09T15:51:09+00:00","mainEntityOfPage":{"@id":"https:\/\/hotnewsinworld.com\/it\/iab-italia-carlo-noseda-confermato-alla-presidenza-corcom\/"},"wordCount":506,"commentCount":0,"image":{"@id":"https:\/\/hotnewsinworld.com\/it\/iab-italia-carlo-noseda-confermato-alla-presidenza-corcom\/#primaryimage"},"thumbnailUrl":"https:\/\/hotnewsinworld.com\/it\/wp-content\/uploads\/sites\/9\/2021\/06\/Iab-Italia-Carlo-Noseda-confermato-alla-presidenza-CorCom.jpg","articleSection":["NOVIT\u00c0 DI MARKETING SU INTERNET"],"inLanguage":"it-IT","potentialAction":[{"@type":"CommentAction","name":"Comment","target":["https:\/\/hotnewsinworld.com\/it\/iab-italia-carlo-noseda-confermato-alla-presidenza-corcom\/#respond"]}]},{"@type":"WebPage","@id":"https:\/\/hotnewsinworld.com\/it\/iab-italia-carlo-noseda-confermato-alla-presidenza-corcom\/","url":"https:\/\/hotnewsinworld.com\/it\/iab-italia-carlo-noseda-confermato-alla-presidenza-corcom\/","name":"Iab Italia, Carlo Noseda confermato alla presidenza - CorCom - Hot News in World","isPartOf":{"@id":"https:\/\/hotnewsinworld.com\/it\/#website"},"primaryImageOfPage":{"@id":"https:\/\/hotnewsinworld.com\/it\/iab-italia-carlo-noseda-confermato-alla-presidenza-corcom\/#primaryimage"},"image":{"@id":"https:\/\/hotnewsinworld.com\/it\/iab-italia-carlo-noseda-confermato-alla-presidenza-corcom\/#primaryimage"},"thumbnailUrl":"https:\/\/hotnewsinworld.com\/it\/wp-content\/uploads\/sites\/9\/2021\/06\/Iab-Italia-Carlo-Noseda-confermato-alla-presidenza-CorCom.jpg","datePublished":"2021-06-09T15:51:06+00:00","dateModified":"2021-06-09T15:51:09+00:00","author":{"@id":"https:\/\/hotnewsinworld.com\/it\/#\/schema\/person\/22e85bfc52fc934ba41a2446cdb5a6e2"},"breadcrumb":{"@id":"https:\/\/hotnewsinworld.com\/it\/iab-italia-carlo-noseda-confermato-alla-presidenza-corcom\/#breadcrumb"},"inLanguage":"it-IT","potentialAction":[{"@type":"ReadAction","target":["https:\/\/hotnewsinworld.com\/it\/iab-italia-carlo-noseda-confermato-alla-presidenza-corcom\/"]}]},{"@type":"ImageObject","inLanguage":"it-IT","@id":"https:\/\/hotnewsinworld.com\/it\/iab-italia-carlo-noseda-confermato-alla-presidenza-corcom\/#primaryimage","url":"https:\/\/hotnewsinworld.com\/it\/wp-content\/uploads\/sites\/9\/2021\/06\/Iab-Italia-Carlo-Noseda-confermato-alla-presidenza-CorCom.jpg","contentUrl":"https:\/\/hotnewsinworld.com\/it\/wp-content\/uploads\/sites\/9\/2021\/06\/Iab-Italia-Carlo-Noseda-confermato-alla-presidenza-CorCom.jpg","width":996,"height":584,"caption":"Iab Italia, Carlo Noseda confermato alla presidenza - CorCom"},{"@type":"BreadcrumbList","@id":"https:\/\/hotnewsinworld.com\/it\/iab-italia-carlo-noseda-confermato-alla-presidenza-corcom\/#breadcrumb","itemListElement":[{"@type":"ListItem","position":1,"name":"Home","item":"https:\/\/hotnewsinworld.com\/it\/"},{"@type":"ListItem","position":2,"name":"Iab Italia, Carlo Noseda confermato alla presidenza &#8211; CorCom"}]},{"@type":"WebSite","@id":"https:\/\/hotnewsinworld.com\/it\/#website","url":"https:\/\/hotnewsinworld.com\/it\/","name":"Hot News in World","description":"Hot News in World from Italy","potentialAction":[{"@type":"SearchAction","target":{"@type":"EntryPoint","urlTemplate":"https:\/\/hotnewsinworld.com\/it\/?s={search_term_string}"},"query-input":{"@type":"PropertyValueSpecification","valueRequired":true,"valueName":"search_term_string"}}],"inLanguage":"it-IT"},{"@type":"Person","@id":"https:\/\/hotnewsinworld.com\/it\/#\/schema\/person\/22e85bfc52fc934ba41a2446cdb5a6e2","name":"it","image":{"@type":"ImageObject","inLanguage":"it-IT","@id":"https:\/\/secure.gravatar.com\/avatar\/8231dc295c29b7354b98b34013cd815b15fea229e7f6a167cf90ebe12f9566e1?s=96&d=mm&r=g","url":"https:\/\/secure.gravatar.com\/avatar\/8231dc295c29b7354b98b34013cd815b15fea229e7f6a167cf90ebe12f9566e1?s=96&d=mm&r=g","contentUrl":"https:\/\/secure.gravatar.com\/avatar\/8231dc295c29b7354b98b34013cd815b15fea229e7f6a167cf90ebe12f9566e1?s=96&d=mm&r=g","caption":"it"},"url":"https:\/\/hotnewsinworld.com\/it\/author\/it\/"}]}},"_links":{"self":[{"href":"https:\/\/hotnewsinworld.com\/it\/wp-json\/wp\/v2\/posts\/1657","targetHints":{"allow":["GET"]}}],"collection":[{"href":"https:\/\/hotnewsinworld.com\/it\/wp-json\/wp\/v2\/posts"}],"about":[{"href":"https:\/\/hotnewsinworld.com\/it\/wp-json\/wp\/v2\/types\/post"}],"author":[{"embeddable":true,"href":"https:\/\/hotnewsinworld.com\/it\/wp-json\/wp\/v2\/users\/3"}],"replies":[{"embeddable":true,"href":"https:\/\/hotnewsinworld.com\/it\/wp-json\/wp\/v2\/comments?post=1657"}],"version-history":[{"count":1,"href":"https:\/\/hotnewsinworld.com\/it\/wp-json\/wp\/v2\/posts\/1657\/revisions"}],"predecessor-version":[{"id":1659,"href":"https:\/\/hotnewsinworld.com\/it\/wp-json\/wp\/v2\/posts\/1657\/revisions\/1659"}],"wp:featuredmedia":[{"embeddable":true,"href":"https:\/\/hotnewsinworld.com\/it\/wp-json\/wp\/v2\/media\/1658"}],"wp:attachment":[{"href":"https:\/\/hotnewsinworld.com\/it\/wp-json\/wp\/v2\/media?parent=1657"}],"wp:term":[{"taxonomy":"category","embeddable":true,"href":"https:\/\/hotnewsinworld.com\/it\/wp-json\/wp\/v2\/categories?post=1657"},{"taxonomy":"post_tag","embeddable":true,"href":"https:\/\/hotnewsinworld.com\/it\/wp-json\/wp\/v2\/tags?post=1657"}],"curies":[{"name":"wp","href":"https:\/\/api.w.org\/{rel}","templated":true}]}}