{"id":685,"date":"2020-11-17T13:30:40","date_gmt":"2020-11-17T13:30:40","guid":{"rendered":"https:\/\/hotnewsinworld.com\/it\/sure-von-der-leyen-65-mld-a-cig-italia-nuovi-fondi-ue-ma-e-caos-recovery-fund\/"},"modified":"2020-11-18T12:28:06","modified_gmt":"2020-11-18T12:28:06","slug":"sure-von-der-leyen-65-mld-a-cig-italia-nuovi-fondi-ue-ma-e-caos-recovery-fund","status":"publish","type":"post","link":"https:\/\/hotnewsinworld.com\/it\/sure-von-der-leyen-65-mld-a-cig-italia-nuovi-fondi-ue-ma-e-caos-recovery-fund\/","title":{"rendered":"Sure, Von der Leyen \u201c6,5 mld a Cig Italia\u201d\/ \u201cNuovi fondi Ue\u201d, ma \u00e8 caos Recovery Fund"},"content":{"rendered":"<p>\u00abSono lieta di annunciare che oggi l\u2019Italia ricever\u00e0 altri \u20ac6,5mld sotto forma di prestiti a titolo di\u00a0SURE\u00bb: cos\u00ec su Twitter la presidente della Commissione Europea, Ursula Von der Leyen, annuncia l\u2019aggiunta di ulteriori fondi dopo la prima tranche di 10 miliardi arrivata tramite prestiti per finanziare la Cassa Integrazione sotto emergenza Covid. Dopo gli ultimi accordi a Bruxelles, la Commissione lancia un nuovo piano di sovvenzioni e prestiti all\u2019interno del fondo Sure destinato alle sovvenzioni Ue per il mondo del lavoro. \u00abSURE finanzia i regimi di disoccupazione parziale durante la pandemia e contribuir\u00e0 a tutelare i posti di lavoro. Altri fondi arriveranno presto. L\u2019Europa \u00e8 con voi\u00bb, conclude la Von der Leyen nei giorni \u201ccaldissimi\u201d in Italia per la presentazione della Manovra e in Ue per lo scontro ancora molto acceso sul Recovery Fund. Gi\u00e0 stamattina il Ministro dell\u2019Economia Gualtieri, intervenendo a \u201cUnomattina\u201d su Rai1, aveva preventivato l\u2019ulteriore sforamento del deficit per rilanciare i 38 miliardi di euro in Finanziaria: \u00abIl rallentamento dell\u2019attivit\u00e0 nel quarto trimestre e a inizio 2021, a causa della seconda ondata del contagio, rende necessarie ulteriore misure che arriveranno con uno scostamento di bilancio che sar\u00e0 richiesto al Parlamento\u00bb.<br \/>\nNUOVI FONDI DA SURE, MA \u00c8 CAOS RECOVERY FUND<br \/>\nDopo l\u2019annuncio della Von der Leyen per\u00f2, il Governo ottiene un primo \u201cstep\u201d di aiuti che dovranno poi continuare con il Recovery Plan e l\u2019intero Next Generation Eu: \u00abCon il fondo Sure proteggiamo le nostre imprese e i nostri lavoratori. Insieme ce la facciamo. L\u2019Europa e\u2019 la nostra comunita\u2019 di destino\u00bb, scrive sui social il Ministro degli Affari Europei Vincenzo Amendola. La mossa della Commissione Europea per\u00f2 non risolve il forte nodo ancora presente tra i diversi Stati Ue per i piani di resilienza e ripresa: \u00abdopo il veto di ieri di Polonia e Ungheria alle nuove risorse per il Bilancio, c\u2019\u00e8 il rischio che si fermino le risorse del Recovery Fund\u00bb, spiega il viceministro dell\u2019Economia Antonio Misiani a Radio Capital. Per il n.2 del Mef, l\u2019Italia sostiene la mediazione tra Parlamento Europeo e Consiglio Ue ma chiede anche che i governi che pongono il veto \u2013 Orban e Duda \u2013 \u00abtornino sulle loro posizioni\u00bb. La presidente della Commissione Affari Economici del Parlamento Europeo, Irene Tinagli (Pd), si dice molto delusa dallo stop delle trattative avvenuta ieri sul fronte europeo: \u00abspero che la partita non sia chiusa: Polonia e Ungheria devono rendersi conto che pi\u00f9 che un dispetto all\u2019Europa fanno un danno ai loro cittadini che sono tra i principali beneficiari dei fondi Ue\u00bb. Sul Recovery Fund \u2013 conclude la Tinagli a \u201cLa Stampa\u201d \u2013 \u00ababbiamo proposto per esempio di\u00a0aumentare al 20% l\u2019anticipo ai governi perch\u00e9 molti Stati arriveranno al pagamento della prima tranche in serie difficolt\u00e0\u00a0e quindi \u00e8 giusto concedere maggiori risorse per avviare subito riforme e investimenti. Nel nostro testo manca il famoso freno d\u2019emergenza che d\u00e0 a un singolo Paese il potere di congelare i fondi a un altro, perch\u00e9 pensiamo che la \u2018governance\u2019 dovrebbe essere pi\u00f9 comunitaria possibile. E per quanto riguarda le condizionalit\u00e0 crediamo serva pi\u00f9 flessibilit\u00e0\u00bb.<\/p>\n<p>?? Sono lieta di annunciare che oggi l\u2019Italia ricever\u00e0 altri \u20ac6,5mld sotto forma di prestiti a titolo di\u00a0SURE.<br \/>\nSURE finanzia i regimi di disoccupazione parziale durante la pandemia e contribuir\u00e0 a tutelare i posti di lavoro.<br \/>\nAltri fondi arriveranno presto. L\u2019Europa \u00e8 con voi.<br \/>\n\u2014 Ursula von der Leyen (@vonderleyen) November 17, 2020<br \/>\n\u00a9 RIPRODUZIONE RISERVATA<\/p>\n<p><!--noindex--><br \/>\n<a href=\"https:\/\/www.ilsussidiario.net\/news\/sure-von-der-leyen-65-mld-a-cig-italia-nuovi-fondi-ue-ma-e-caos-recovery-fund\/2094345\/\" rel=\"nofollow\">Source link <\/a><br \/>\n<!--\/noindex--><\/p>\n","protected":false},"excerpt":{"rendered":"<p>\u00abSono lieta di annunciare che oggi l\u2019Italia ricever\u00e0 altri \u20ac6,5mld sotto forma di prestiti a titolo di\u00a0SURE\u00bb: cos\u00ec su Twitter la presidente della Commissione Europea, Ursula Von der Leyen, annuncia l\u2019aggiunta di ulteriori fondi dopo la prima tranche di 10 miliardi arrivata tramite prestiti per finanziare la Cassa Integrazione sotto emergenza Covid. Dopo gli ultimi [&hellip;]<\/p>\n","protected":false},"author":3,"featured_media":686,"comment_status":"open","ping_status":"open","sticky":false,"template":"","format":"standard","meta":{"footnotes":""},"categories":[1],"tags":[],"class_list":["post-685","post","type-post","status-publish","format-standard","has-post-thumbnail","hentry","category-notizie-finanziarie"],"yoast_head":"<!-- This site is optimized with the Yoast SEO plugin v27.4 - https:\/\/yoast.com\/product\/yoast-seo-wordpress\/ -->\n<title>Sure, Von der Leyen \u201c6,5 mld a Cig Italia\u201d\/ \u201cNuovi fondi Ue\u201d, ma \u00e8 caos Recovery Fund - Hot News in World<\/title>\n<meta name=\"robots\" content=\"index, follow, max-snippet:-1, max-image-preview:large, max-video-preview:-1\" \/>\n<link rel=\"canonical\" href=\"https:\/\/hotnewsinworld.com\/it\/sure-von-der-leyen-65-mld-a-cig-italia-nuovi-fondi-ue-ma-e-caos-recovery-fund\/\" \/>\n<meta property=\"og:locale\" content=\"it_IT\" \/>\n<meta property=\"og:type\" content=\"article\" \/>\n<meta property=\"og:title\" content=\"Sure, Von der Leyen \u201c6,5 mld a Cig Italia\u201d\/ \u201cNuovi fondi Ue\u201d, ma \u00e8 caos Recovery Fund - Hot News in World\" \/>\n<meta property=\"og:description\" content=\"\u00abSono lieta di annunciare che oggi l\u2019Italia ricever\u00e0 altri \u20ac6,5mld sotto forma di prestiti a titolo di\u00a0SURE\u00bb: cos\u00ec su Twitter la presidente della Commissione Europea, Ursula Von der Leyen, annuncia l\u2019aggiunta di ulteriori fondi dopo la prima tranche di 10 miliardi arrivata tramite prestiti per finanziare la Cassa Integrazione sotto emergenza Covid. Dopo gli ultimi [&hellip;]\" \/>\n<meta property=\"og:url\" content=\"https:\/\/hotnewsinworld.com\/it\/sure-von-der-leyen-65-mld-a-cig-italia-nuovi-fondi-ue-ma-e-caos-recovery-fund\/\" \/>\n<meta property=\"og:site_name\" content=\"Hot News in World\" \/>\n<meta property=\"article:published_time\" content=\"2020-11-17T13:30:40+00:00\" \/>\n<meta property=\"article:modified_time\" content=\"2020-11-18T12:28:06+00:00\" \/>\n<meta property=\"og:image\" content=\"https:\/\/hotnewsinworld.com\/it\/wp-content\/uploads\/sites\/9\/2020\/11\/Sure-Von-der-Leyen-65-mld-a-Cig-Italia-Nuovi.jpg\" \/>\n\t<meta property=\"og:image:width\" content=\"1280\" \/>\n\t<meta property=\"og:image:height\" content=\"600\" \/>\n\t<meta property=\"og:image:type\" content=\"image\/jpeg\" \/>\n<meta name=\"author\" content=\"it\" \/>\n<meta name=\"twitter:card\" content=\"summary_large_image\" \/>\n<meta name=\"twitter:label1\" content=\"Scritto da\" \/>\n\t<meta name=\"twitter:data1\" content=\"it\" \/>\n\t<meta name=\"twitter:label2\" content=\"Tempo di lettura stimato\" \/>\n\t<meta name=\"twitter:data2\" content=\"3 minuti\" \/>\n<script type=\"application\/ld+json\" class=\"yoast-schema-graph\">{\"@context\":\"https:\\\/\\\/schema.org\",\"@graph\":[{\"@type\":\"Article\",\"@id\":\"https:\\\/\\\/hotnewsinworld.com\\\/it\\\/sure-von-der-leyen-65-mld-a-cig-italia-nuovi-fondi-ue-ma-e-caos-recovery-fund\\\/#article\",\"isPartOf\":{\"@id\":\"https:\\\/\\\/hotnewsinworld.com\\\/it\\\/sure-von-der-leyen-65-mld-a-cig-italia-nuovi-fondi-ue-ma-e-caos-recovery-fund\\\/\"},\"author\":{\"name\":\"it\",\"@id\":\"https:\\\/\\\/hotnewsinworld.com\\\/it\\\/#\\\/schema\\\/person\\\/22e85bfc52fc934ba41a2446cdb5a6e2\"},\"headline\":\"Sure, Von der Leyen \u201c6,5 mld a Cig Italia\u201d\\\/ \u201cNuovi fondi Ue\u201d, ma \u00e8 caos Recovery Fund\",\"datePublished\":\"2020-11-17T13:30:40+00:00\",\"dateModified\":\"2020-11-18T12:28:06+00:00\",\"mainEntityOfPage\":{\"@id\":\"https:\\\/\\\/hotnewsinworld.com\\\/it\\\/sure-von-der-leyen-65-mld-a-cig-italia-nuovi-fondi-ue-ma-e-caos-recovery-fund\\\/\"},\"wordCount\":581,\"commentCount\":0,\"image\":{\"@id\":\"https:\\\/\\\/hotnewsinworld.com\\\/it\\\/sure-von-der-leyen-65-mld-a-cig-italia-nuovi-fondi-ue-ma-e-caos-recovery-fund\\\/#primaryimage\"},\"thumbnailUrl\":\"https:\\\/\\\/hotnewsinworld.com\\\/it\\\/wp-content\\\/uploads\\\/sites\\\/9\\\/2020\\\/11\\\/Sure-Von-der-Leyen-65-mld-a-Cig-Italia-Nuovi.jpg\",\"articleSection\":[\"NOTIZIE FINANZIARIE\"],\"inLanguage\":\"it-IT\",\"potentialAction\":[{\"@type\":\"CommentAction\",\"name\":\"Comment\",\"target\":[\"https:\\\/\\\/hotnewsinworld.com\\\/it\\\/sure-von-der-leyen-65-mld-a-cig-italia-nuovi-fondi-ue-ma-e-caos-recovery-fund\\\/#respond\"]}]},{\"@type\":\"WebPage\",\"@id\":\"https:\\\/\\\/hotnewsinworld.com\\\/it\\\/sure-von-der-leyen-65-mld-a-cig-italia-nuovi-fondi-ue-ma-e-caos-recovery-fund\\\/\",\"url\":\"https:\\\/\\\/hotnewsinworld.com\\\/it\\\/sure-von-der-leyen-65-mld-a-cig-italia-nuovi-fondi-ue-ma-e-caos-recovery-fund\\\/\",\"name\":\"Sure, Von der Leyen \u201c6,5 mld a Cig Italia\u201d\\\/ \u201cNuovi fondi Ue\u201d, ma \u00e8 caos Recovery Fund - Hot News in World\",\"isPartOf\":{\"@id\":\"https:\\\/\\\/hotnewsinworld.com\\\/it\\\/#website\"},\"primaryImageOfPage\":{\"@id\":\"https:\\\/\\\/hotnewsinworld.com\\\/it\\\/sure-von-der-leyen-65-mld-a-cig-italia-nuovi-fondi-ue-ma-e-caos-recovery-fund\\\/#primaryimage\"},\"image\":{\"@id\":\"https:\\\/\\\/hotnewsinworld.com\\\/it\\\/sure-von-der-leyen-65-mld-a-cig-italia-nuovi-fondi-ue-ma-e-caos-recovery-fund\\\/#primaryimage\"},\"thumbnailUrl\":\"https:\\\/\\\/hotnewsinworld.com\\\/it\\\/wp-content\\\/uploads\\\/sites\\\/9\\\/2020\\\/11\\\/Sure-Von-der-Leyen-65-mld-a-Cig-Italia-Nuovi.jpg\",\"datePublished\":\"2020-11-17T13:30:40+00:00\",\"dateModified\":\"2020-11-18T12:28:06+00:00\",\"author\":{\"@id\":\"https:\\\/\\\/hotnewsinworld.com\\\/it\\\/#\\\/schema\\\/person\\\/22e85bfc52fc934ba41a2446cdb5a6e2\"},\"breadcrumb\":{\"@id\":\"https:\\\/\\\/hotnewsinworld.com\\\/it\\\/sure-von-der-leyen-65-mld-a-cig-italia-nuovi-fondi-ue-ma-e-caos-recovery-fund\\\/#breadcrumb\"},\"inLanguage\":\"it-IT\",\"potentialAction\":[{\"@type\":\"ReadAction\",\"target\":[\"https:\\\/\\\/hotnewsinworld.com\\\/it\\\/sure-von-der-leyen-65-mld-a-cig-italia-nuovi-fondi-ue-ma-e-caos-recovery-fund\\\/\"]}]},{\"@type\":\"ImageObject\",\"inLanguage\":\"it-IT\",\"@id\":\"https:\\\/\\\/hotnewsinworld.com\\\/it\\\/sure-von-der-leyen-65-mld-a-cig-italia-nuovi-fondi-ue-ma-e-caos-recovery-fund\\\/#primaryimage\",\"url\":\"https:\\\/\\\/hotnewsinworld.com\\\/it\\\/wp-content\\\/uploads\\\/sites\\\/9\\\/2020\\\/11\\\/Sure-Von-der-Leyen-65-mld-a-Cig-Italia-Nuovi.jpg\",\"contentUrl\":\"https:\\\/\\\/hotnewsinworld.com\\\/it\\\/wp-content\\\/uploads\\\/sites\\\/9\\\/2020\\\/11\\\/Sure-Von-der-Leyen-65-mld-a-Cig-Italia-Nuovi.jpg\",\"width\":1280,\"height\":600,\"caption\":\"Sure, Von der Leyen \u201c6,5 mld a Cig Italia\u201d\\\/ \u201cNuovi fondi Ue\u201d, ma \u00e8 caos Recovery Fund\"},{\"@type\":\"BreadcrumbList\",\"@id\":\"https:\\\/\\\/hotnewsinworld.com\\\/it\\\/sure-von-der-leyen-65-mld-a-cig-italia-nuovi-fondi-ue-ma-e-caos-recovery-fund\\\/#breadcrumb\",\"itemListElement\":[{\"@type\":\"ListItem\",\"position\":1,\"name\":\"Home\",\"item\":\"https:\\\/\\\/hotnewsinworld.com\\\/it\\\/\"},{\"@type\":\"ListItem\",\"position\":2,\"name\":\"Sure, Von der Leyen \u201c6,5 mld a Cig Italia\u201d\\\/ \u201cNuovi fondi Ue\u201d, ma \u00e8 caos Recovery Fund\"}]},{\"@type\":\"WebSite\",\"@id\":\"https:\\\/\\\/hotnewsinworld.com\\\/it\\\/#website\",\"url\":\"https:\\\/\\\/hotnewsinworld.com\\\/it\\\/\",\"name\":\"Hot News in World\",\"description\":\"Hot News in World from Italy\",\"potentialAction\":[{\"@type\":\"SearchAction\",\"target\":{\"@type\":\"EntryPoint\",\"urlTemplate\":\"https:\\\/\\\/hotnewsinworld.com\\\/it\\\/?s={search_term_string}\"},\"query-input\":{\"@type\":\"PropertyValueSpecification\",\"valueRequired\":true,\"valueName\":\"search_term_string\"}}],\"inLanguage\":\"it-IT\"},{\"@type\":\"Person\",\"@id\":\"https:\\\/\\\/hotnewsinworld.com\\\/it\\\/#\\\/schema\\\/person\\\/22e85bfc52fc934ba41a2446cdb5a6e2\",\"name\":\"it\",\"image\":{\"@type\":\"ImageObject\",\"inLanguage\":\"it-IT\",\"@id\":\"https:\\\/\\\/secure.gravatar.com\\\/avatar\\\/8231dc295c29b7354b98b34013cd815b15fea229e7f6a167cf90ebe12f9566e1?s=96&d=mm&r=g\",\"url\":\"https:\\\/\\\/secure.gravatar.com\\\/avatar\\\/8231dc295c29b7354b98b34013cd815b15fea229e7f6a167cf90ebe12f9566e1?s=96&d=mm&r=g\",\"contentUrl\":\"https:\\\/\\\/secure.gravatar.com\\\/avatar\\\/8231dc295c29b7354b98b34013cd815b15fea229e7f6a167cf90ebe12f9566e1?s=96&d=mm&r=g\",\"caption\":\"it\"},\"url\":\"https:\\\/\\\/hotnewsinworld.com\\\/it\\\/author\\\/it\\\/\"}]}<\/script>\n<!-- \/ Yoast SEO plugin. -->","yoast_head_json":{"title":"Sure, Von der Leyen \u201c6,5 mld a Cig Italia\u201d\/ \u201cNuovi fondi Ue\u201d, ma \u00e8 caos Recovery Fund - Hot News in World","robots":{"index":"index","follow":"follow","max-snippet":"max-snippet:-1","max-image-preview":"max-image-preview:large","max-video-preview":"max-video-preview:-1"},"canonical":"https:\/\/hotnewsinworld.com\/it\/sure-von-der-leyen-65-mld-a-cig-italia-nuovi-fondi-ue-ma-e-caos-recovery-fund\/","og_locale":"it_IT","og_type":"article","og_title":"Sure, Von der Leyen \u201c6,5 mld a Cig Italia\u201d\/ \u201cNuovi fondi Ue\u201d, ma \u00e8 caos Recovery Fund - Hot News in World","og_description":"\u00abSono lieta di annunciare che oggi l\u2019Italia ricever\u00e0 altri \u20ac6,5mld sotto forma di prestiti a titolo di\u00a0SURE\u00bb: cos\u00ec su Twitter la presidente della Commissione Europea, Ursula Von der Leyen, annuncia l\u2019aggiunta di ulteriori fondi dopo la prima tranche di 10 miliardi arrivata tramite prestiti per finanziare la Cassa Integrazione sotto emergenza Covid. Dopo gli ultimi [&hellip;]","og_url":"https:\/\/hotnewsinworld.com\/it\/sure-von-der-leyen-65-mld-a-cig-italia-nuovi-fondi-ue-ma-e-caos-recovery-fund\/","og_site_name":"Hot News in World","article_published_time":"2020-11-17T13:30:40+00:00","article_modified_time":"2020-11-18T12:28:06+00:00","og_image":[{"width":1280,"height":600,"url":"https:\/\/hotnewsinworld.com\/it\/wp-content\/uploads\/sites\/9\/2020\/11\/Sure-Von-der-Leyen-65-mld-a-Cig-Italia-Nuovi.jpg","type":"image\/jpeg"}],"author":"it","twitter_card":"summary_large_image","twitter_misc":{"Scritto da":"it","Tempo di lettura stimato":"3 minuti"},"schema":{"@context":"https:\/\/schema.org","@graph":[{"@type":"Article","@id":"https:\/\/hotnewsinworld.com\/it\/sure-von-der-leyen-65-mld-a-cig-italia-nuovi-fondi-ue-ma-e-caos-recovery-fund\/#article","isPartOf":{"@id":"https:\/\/hotnewsinworld.com\/it\/sure-von-der-leyen-65-mld-a-cig-italia-nuovi-fondi-ue-ma-e-caos-recovery-fund\/"},"author":{"name":"it","@id":"https:\/\/hotnewsinworld.com\/it\/#\/schema\/person\/22e85bfc52fc934ba41a2446cdb5a6e2"},"headline":"Sure, Von der Leyen \u201c6,5 mld a Cig Italia\u201d\/ \u201cNuovi fondi Ue\u201d, ma \u00e8 caos Recovery Fund","datePublished":"2020-11-17T13:30:40+00:00","dateModified":"2020-11-18T12:28:06+00:00","mainEntityOfPage":{"@id":"https:\/\/hotnewsinworld.com\/it\/sure-von-der-leyen-65-mld-a-cig-italia-nuovi-fondi-ue-ma-e-caos-recovery-fund\/"},"wordCount":581,"commentCount":0,"image":{"@id":"https:\/\/hotnewsinworld.com\/it\/sure-von-der-leyen-65-mld-a-cig-italia-nuovi-fondi-ue-ma-e-caos-recovery-fund\/#primaryimage"},"thumbnailUrl":"https:\/\/hotnewsinworld.com\/it\/wp-content\/uploads\/sites\/9\/2020\/11\/Sure-Von-der-Leyen-65-mld-a-Cig-Italia-Nuovi.jpg","articleSection":["NOTIZIE FINANZIARIE"],"inLanguage":"it-IT","potentialAction":[{"@type":"CommentAction","name":"Comment","target":["https:\/\/hotnewsinworld.com\/it\/sure-von-der-leyen-65-mld-a-cig-italia-nuovi-fondi-ue-ma-e-caos-recovery-fund\/#respond"]}]},{"@type":"WebPage","@id":"https:\/\/hotnewsinworld.com\/it\/sure-von-der-leyen-65-mld-a-cig-italia-nuovi-fondi-ue-ma-e-caos-recovery-fund\/","url":"https:\/\/hotnewsinworld.com\/it\/sure-von-der-leyen-65-mld-a-cig-italia-nuovi-fondi-ue-ma-e-caos-recovery-fund\/","name":"Sure, Von der Leyen \u201c6,5 mld a Cig Italia\u201d\/ \u201cNuovi fondi Ue\u201d, ma \u00e8 caos Recovery Fund - Hot News in World","isPartOf":{"@id":"https:\/\/hotnewsinworld.com\/it\/#website"},"primaryImageOfPage":{"@id":"https:\/\/hotnewsinworld.com\/it\/sure-von-der-leyen-65-mld-a-cig-italia-nuovi-fondi-ue-ma-e-caos-recovery-fund\/#primaryimage"},"image":{"@id":"https:\/\/hotnewsinworld.com\/it\/sure-von-der-leyen-65-mld-a-cig-italia-nuovi-fondi-ue-ma-e-caos-recovery-fund\/#primaryimage"},"thumbnailUrl":"https:\/\/hotnewsinworld.com\/it\/wp-content\/uploads\/sites\/9\/2020\/11\/Sure-Von-der-Leyen-65-mld-a-Cig-Italia-Nuovi.jpg","datePublished":"2020-11-17T13:30:40+00:00","dateModified":"2020-11-18T12:28:06+00:00","author":{"@id":"https:\/\/hotnewsinworld.com\/it\/#\/schema\/person\/22e85bfc52fc934ba41a2446cdb5a6e2"},"breadcrumb":{"@id":"https:\/\/hotnewsinworld.com\/it\/sure-von-der-leyen-65-mld-a-cig-italia-nuovi-fondi-ue-ma-e-caos-recovery-fund\/#breadcrumb"},"inLanguage":"it-IT","potentialAction":[{"@type":"ReadAction","target":["https:\/\/hotnewsinworld.com\/it\/sure-von-der-leyen-65-mld-a-cig-italia-nuovi-fondi-ue-ma-e-caos-recovery-fund\/"]}]},{"@type":"ImageObject","inLanguage":"it-IT","@id":"https:\/\/hotnewsinworld.com\/it\/sure-von-der-leyen-65-mld-a-cig-italia-nuovi-fondi-ue-ma-e-caos-recovery-fund\/#primaryimage","url":"https:\/\/hotnewsinworld.com\/it\/wp-content\/uploads\/sites\/9\/2020\/11\/Sure-Von-der-Leyen-65-mld-a-Cig-Italia-Nuovi.jpg","contentUrl":"https:\/\/hotnewsinworld.com\/it\/wp-content\/uploads\/sites\/9\/2020\/11\/Sure-Von-der-Leyen-65-mld-a-Cig-Italia-Nuovi.jpg","width":1280,"height":600,"caption":"Sure, Von der Leyen \u201c6,5 mld a Cig Italia\u201d\/ \u201cNuovi fondi Ue\u201d, ma \u00e8 caos Recovery Fund"},{"@type":"BreadcrumbList","@id":"https:\/\/hotnewsinworld.com\/it\/sure-von-der-leyen-65-mld-a-cig-italia-nuovi-fondi-ue-ma-e-caos-recovery-fund\/#breadcrumb","itemListElement":[{"@type":"ListItem","position":1,"name":"Home","item":"https:\/\/hotnewsinworld.com\/it\/"},{"@type":"ListItem","position":2,"name":"Sure, Von der Leyen \u201c6,5 mld a Cig Italia\u201d\/ \u201cNuovi fondi Ue\u201d, ma \u00e8 caos Recovery Fund"}]},{"@type":"WebSite","@id":"https:\/\/hotnewsinworld.com\/it\/#website","url":"https:\/\/hotnewsinworld.com\/it\/","name":"Hot News in World","description":"Hot News in World from Italy","potentialAction":[{"@type":"SearchAction","target":{"@type":"EntryPoint","urlTemplate":"https:\/\/hotnewsinworld.com\/it\/?s={search_term_string}"},"query-input":{"@type":"PropertyValueSpecification","valueRequired":true,"valueName":"search_term_string"}}],"inLanguage":"it-IT"},{"@type":"Person","@id":"https:\/\/hotnewsinworld.com\/it\/#\/schema\/person\/22e85bfc52fc934ba41a2446cdb5a6e2","name":"it","image":{"@type":"ImageObject","inLanguage":"it-IT","@id":"https:\/\/secure.gravatar.com\/avatar\/8231dc295c29b7354b98b34013cd815b15fea229e7f6a167cf90ebe12f9566e1?s=96&d=mm&r=g","url":"https:\/\/secure.gravatar.com\/avatar\/8231dc295c29b7354b98b34013cd815b15fea229e7f6a167cf90ebe12f9566e1?s=96&d=mm&r=g","contentUrl":"https:\/\/secure.gravatar.com\/avatar\/8231dc295c29b7354b98b34013cd815b15fea229e7f6a167cf90ebe12f9566e1?s=96&d=mm&r=g","caption":"it"},"url":"https:\/\/hotnewsinworld.com\/it\/author\/it\/"}]}},"_links":{"self":[{"href":"https:\/\/hotnewsinworld.com\/it\/wp-json\/wp\/v2\/posts\/685","targetHints":{"allow":["GET"]}}],"collection":[{"href":"https:\/\/hotnewsinworld.com\/it\/wp-json\/wp\/v2\/posts"}],"about":[{"href":"https:\/\/hotnewsinworld.com\/it\/wp-json\/wp\/v2\/types\/post"}],"author":[{"embeddable":true,"href":"https:\/\/hotnewsinworld.com\/it\/wp-json\/wp\/v2\/users\/3"}],"replies":[{"embeddable":true,"href":"https:\/\/hotnewsinworld.com\/it\/wp-json\/wp\/v2\/comments?post=685"}],"version-history":[{"count":2,"href":"https:\/\/hotnewsinworld.com\/it\/wp-json\/wp\/v2\/posts\/685\/revisions"}],"predecessor-version":[{"id":697,"href":"https:\/\/hotnewsinworld.com\/it\/wp-json\/wp\/v2\/posts\/685\/revisions\/697"}],"wp:featuredmedia":[{"embeddable":true,"href":"https:\/\/hotnewsinworld.com\/it\/wp-json\/wp\/v2\/media\/686"}],"wp:attachment":[{"href":"https:\/\/hotnewsinworld.com\/it\/wp-json\/wp\/v2\/media?parent=685"}],"wp:term":[{"taxonomy":"category","embeddable":true,"href":"https:\/\/hotnewsinworld.com\/it\/wp-json\/wp\/v2\/categories?post=685"},{"taxonomy":"post_tag","embeddable":true,"href":"https:\/\/hotnewsinworld.com\/it\/wp-json\/wp\/v2\/tags?post=685"}],"curies":[{"name":"wp","href":"https:\/\/api.w.org\/{rel}","templated":true}]}}