{"id":744,"date":"2020-11-24T06:45:11","date_gmt":"2020-11-24T06:45:11","guid":{"rendered":"https:\/\/hotnewsinworld.com\/it\/papa-la-via-di-francesco-per-cambiare-leconomia-bisogna-costruire-un-popolo\/"},"modified":"2020-11-24T06:45:14","modified_gmt":"2020-11-24T06:45:14","slug":"papa-la-via-di-francesco-per-cambiare-leconomia-bisogna-costruire-un-popolo","status":"publish","type":"post","link":"https:\/\/hotnewsinworld.com\/it\/papa-la-via-di-francesco-per-cambiare-leconomia-bisogna-costruire-un-popolo\/","title":{"rendered":"PAPA\/ La via di Francesco: per cambiare l\u2019economia bisogna costruire un popolo"},"content":{"rendered":"<p>\t\t\t\t\t\t\t\t\t\tNell\u2019enciclica Centesimus Annus san Giovanni Paolo II invocava, quasi vent\u2019anni fa, una nuova alleanza fra mercato libero e solidariet\u00e0. La via che ha scelto l\u2019Occidente \u00e8 stata diversa. Abbiamo avuto molto mercato (per\u00f2 non molto libero), ma poca solidariet\u00e0.<br \/>\nAdesso papa Francesco denuncia la crisi in atto del capitalismo. Non \u00e8 la crisi \u201ceconomica\u201d immaginata da Marx. \u00c8 una crisi culturale e morale, che poi alla fine si ripercuote sull\u2019economia. Un\u2019economia che funziona cos\u00ec distrugge l\u2019uomo e l\u2019uomo distrutto naturalmente non \u00e8 in grado di far funzionare l\u2019economia. Il mercato \u00e8 una delle istituzioni di una societ\u00e0 libera, ma non pu\u00f2 essere l\u2019unica. Ha bisogno di essere contenuto, delimitato e sorretto da altre istituzioni: giuridiche, sociali, politiche, morali e religiose. Abbandonato a se stesso il mercato inizia a funzionare contro l\u2019uomo. O smette di funzionare.<br \/>\nIl problema \u00e8 allora la cultura che sta dietro al mercato e al centro della cultura sta l\u2019autocoscienza dell\u2019uomo, il modo in cui l\u2019uomo concepisce se stesso. Al centro dell\u2019autocoscienza, poi, sta il rapporto che l\u2019uomo stabilisce con l\u2019Assoluto o ci\u00f2 a cui decide di donare l\u2019amore assoluto del suo cuore.<br \/>\nNella nostra societ\u00e0 il dio dell\u2019uomo \u00e8 l\u2019uomo stesso. La nostra \u00e8 l\u2019epoca del narcisismo. Questa visione condiziona anche un modo di pensare l\u2019economia. Il fine che l\u2019economia persegue \u00e8 la massimizzazione dell\u2019utile individuale. Chi perde, in questa lotta a morte per l\u2019affermazione di s\u00e9, \u00e8 superfluo ed esce dalla storia. Naturalmente i perdenti non accettano di uscire dalla storia quietamente e senza disturbare. Si rivoltano e, per quanto possono, cercano di sabotare il sistema. Il sistema vuole vivere senza di loro e, di conseguenza, loro non sono interessati alla vita del sistema ed esprimono contro di esso il loro rancore.<br \/>\nLa proposta di Francesco \u00e8 quella di un\u2019economia che funziona secondo un\u2019altra cultura, secondo una cultura comunionale. In una cultura comunionale il soggetto non \u00e8 un individuo astratto, ma una persona aperta alla condivisione della vita dell\u2019altro, perch\u00e9 l\u2019autocoscienza \u00e8 determinata dalla relazione con l\u2019Assoluto di Dio. La presenza dell\u2019altro nella mia vita \u00e8 la fonte della gioia e io scopro la verit\u00e0 di me stesso nella relazione con gli altri uomini.<br \/>\n\u00c8, questa, l\u2019esperienza fondamentale dell\u2019appartenenza, la cosa che cambia i parametri fondamentali della scienza economica. Se ci apparteniamo reciprocamente, se viviamo l\u2019uno nella vita dell\u2019altro, allora il mio interesse \u00e8 che tu viva. Non \u00e8 la massimizzazione solo del mio utile individuale, ma al tempo stesso \u00e8 l\u2019interesse a che cresca il legame in cui consiste la mia vita.<br \/>\nUn grande economista napoletano, Antonio Genovesi, ha scritto nelle sue\u00a0Lezioni di economia civile\u00a0(1765) che l\u2019uomo \u00e8 mosso dalla ricerca dell\u2019utile individuale e, inseparabilmente, da quella del bene comune. Il bene comune non \u00e8 semplicemente una somma di beni individuali. Il bene comune \u00e8 il bene di una comunit\u00e0 e diventa concepibile solo se c\u2019\u00e8 un popolo che si concepisce come soggetto.<br \/>\n\u00c8 per questo che non si pu\u00f2 pensare una nuova economia se non si pensa insieme con essa un popolo nuovo, un soggetto tenuto insieme dalla solidariet\u00e0 in cui ciascuno si preoccupa di realizzare il proprio bene, cooperando al tempo stesso in modo solidale perch\u00e9 anche gli altri possano conseguire il medesimo risultato.<br \/>\nTutto questo \u00e8 molto bello, ma anche molto astratto se non ci poniamo la domanda: da dove viene l\u2019energia che trasforma esseri isolati, egoisti, interessati solo al successo individuale, in soggetti comunionali che costruiscono un popolo e si concepiscono come popolo?<br \/>\nPapa Francesco \u00e8 molto prudente nel rispondere a questa domanda. Chiunque viva un\u2019esperienza di unit\u00e0 e di comunit\u00e0 umana \u00e8 benvenuto nel processo storico della generazione di un popolo. I cristiani vivono questa costruzione, comunque, come un\u2019espressione della loro identit\u00e0 cristiana. Riconoscendo Cristo come loro volto vero i cristiani imparano a essere membra gli uni degli altri e a riconoscere tutti gli uomini come corpo di Cristo. Contenti se altri si aggiungeranno nell\u2019impresa, i cristiani sono consapevoli del fatto che il loro modo di stare dentro la societ\u00e0 \u00e8 costruire un popolo.<\/p>\n<p>\t\t\t\t\t\t\t\t\t\u00a9 RIPRODUZIONE RISERVATA\t<\/p>\n<p>\n<!--noindex--><br \/>\n<a href=\"https:\/\/www.ilsussidiario.net\/news\/papa-la-via-di-francesco-per-cambiare-leconomia-bisogna-costruire-un-popolo\/2096898\/\" rel=\"nofollow\">Source link <\/a><br \/>\n<!--\/noindex--><\/p>\n","protected":false},"excerpt":{"rendered":"<p>Nell\u2019enciclica Centesimus Annus san Giovanni Paolo II invocava, quasi vent\u2019anni fa, una nuova alleanza fra mercato libero e solidariet\u00e0. La via che ha scelto l\u2019Occidente \u00e8 stata diversa. Abbiamo avuto molto mercato (per\u00f2 non molto libero), ma poca solidariet\u00e0. Adesso papa Francesco denuncia la crisi in atto del capitalismo. Non \u00e8 la crisi \u201ceconomica\u201d immaginata [&hellip;]<\/p>\n","protected":false},"author":3,"featured_media":745,"comment_status":"open","ping_status":"open","sticky":false,"template":"","format":"standard","meta":{"footnotes":""},"categories":[1],"tags":[],"class_list":["post-744","post","type-post","status-publish","format-standard","has-post-thumbnail","hentry","category-notizie-finanziarie"],"yoast_head":"<!-- This site is optimized with the Yoast SEO plugin v27.4 - https:\/\/yoast.com\/product\/yoast-seo-wordpress\/ -->\n<title>PAPA\/ La via di Francesco: per cambiare l\u2019economia bisogna costruire un popolo - Hot News in World<\/title>\n<meta name=\"robots\" content=\"index, follow, max-snippet:-1, max-image-preview:large, max-video-preview:-1\" \/>\n<link rel=\"canonical\" href=\"https:\/\/hotnewsinworld.com\/it\/papa-la-via-di-francesco-per-cambiare-leconomia-bisogna-costruire-un-popolo\/\" \/>\n<meta property=\"og:locale\" content=\"it_IT\" \/>\n<meta property=\"og:type\" content=\"article\" \/>\n<meta property=\"og:title\" content=\"PAPA\/ La via di Francesco: per cambiare l\u2019economia bisogna costruire un popolo - Hot News in World\" \/>\n<meta property=\"og:description\" content=\"Nell\u2019enciclica Centesimus Annus san Giovanni Paolo II invocava, quasi vent\u2019anni fa, una nuova alleanza fra mercato libero e solidariet\u00e0. La via che ha scelto l\u2019Occidente \u00e8 stata diversa. Abbiamo avuto molto mercato (per\u00f2 non molto libero), ma poca solidariet\u00e0. Adesso papa Francesco denuncia la crisi in atto del capitalismo. Non \u00e8 la crisi \u201ceconomica\u201d immaginata [&hellip;]\" \/>\n<meta property=\"og:url\" content=\"https:\/\/hotnewsinworld.com\/it\/papa-la-via-di-francesco-per-cambiare-leconomia-bisogna-costruire-un-popolo\/\" \/>\n<meta property=\"og:site_name\" content=\"Hot News in World\" \/>\n<meta property=\"article:published_time\" content=\"2020-11-24T06:45:11+00:00\" \/>\n<meta property=\"article:modified_time\" content=\"2020-11-24T06:45:14+00:00\" \/>\n<meta property=\"og:image\" content=\"https:\/\/hotnewsinworld.com\/it\/wp-content\/uploads\/sites\/9\/2020\/11\/PAPA-La-via-di-Francesco-per-cambiare-leconomia-bisogna-costruire.jpg\" \/>\n\t<meta property=\"og:image:width\" content=\"1282\" \/>\n\t<meta property=\"og:image:height\" content=\"600\" \/>\n\t<meta property=\"og:image:type\" content=\"image\/jpeg\" \/>\n<meta name=\"author\" content=\"it\" \/>\n<meta name=\"twitter:card\" content=\"summary_large_image\" \/>\n<meta name=\"twitter:label1\" content=\"Scritto da\" \/>\n\t<meta name=\"twitter:data1\" content=\"it\" \/>\n\t<meta name=\"twitter:label2\" content=\"Tempo di lettura stimato\" \/>\n\t<meta name=\"twitter:data2\" content=\"3 minuti\" \/>\n<script type=\"application\/ld+json\" class=\"yoast-schema-graph\">{\"@context\":\"https:\\\/\\\/schema.org\",\"@graph\":[{\"@type\":\"Article\",\"@id\":\"https:\\\/\\\/hotnewsinworld.com\\\/it\\\/papa-la-via-di-francesco-per-cambiare-leconomia-bisogna-costruire-un-popolo\\\/#article\",\"isPartOf\":{\"@id\":\"https:\\\/\\\/hotnewsinworld.com\\\/it\\\/papa-la-via-di-francesco-per-cambiare-leconomia-bisogna-costruire-un-popolo\\\/\"},\"author\":{\"name\":\"it\",\"@id\":\"https:\\\/\\\/hotnewsinworld.com\\\/it\\\/#\\\/schema\\\/person\\\/22e85bfc52fc934ba41a2446cdb5a6e2\"},\"headline\":\"PAPA\\\/ La via di Francesco: per cambiare l\u2019economia bisogna costruire un popolo\",\"datePublished\":\"2020-11-24T06:45:11+00:00\",\"dateModified\":\"2020-11-24T06:45:14+00:00\",\"mainEntityOfPage\":{\"@id\":\"https:\\\/\\\/hotnewsinworld.com\\\/it\\\/papa-la-via-di-francesco-per-cambiare-leconomia-bisogna-costruire-un-popolo\\\/\"},\"wordCount\":698,\"commentCount\":0,\"image\":{\"@id\":\"https:\\\/\\\/hotnewsinworld.com\\\/it\\\/papa-la-via-di-francesco-per-cambiare-leconomia-bisogna-costruire-un-popolo\\\/#primaryimage\"},\"thumbnailUrl\":\"https:\\\/\\\/hotnewsinworld.com\\\/it\\\/wp-content\\\/uploads\\\/sites\\\/9\\\/2020\\\/11\\\/PAPA-La-via-di-Francesco-per-cambiare-leconomia-bisogna-costruire.jpg\",\"articleSection\":[\"NOTIZIE FINANZIARIE\"],\"inLanguage\":\"it-IT\",\"potentialAction\":[{\"@type\":\"CommentAction\",\"name\":\"Comment\",\"target\":[\"https:\\\/\\\/hotnewsinworld.com\\\/it\\\/papa-la-via-di-francesco-per-cambiare-leconomia-bisogna-costruire-un-popolo\\\/#respond\"]}]},{\"@type\":\"WebPage\",\"@id\":\"https:\\\/\\\/hotnewsinworld.com\\\/it\\\/papa-la-via-di-francesco-per-cambiare-leconomia-bisogna-costruire-un-popolo\\\/\",\"url\":\"https:\\\/\\\/hotnewsinworld.com\\\/it\\\/papa-la-via-di-francesco-per-cambiare-leconomia-bisogna-costruire-un-popolo\\\/\",\"name\":\"PAPA\\\/ La via di Francesco: per cambiare l\u2019economia bisogna costruire un popolo - Hot News in World\",\"isPartOf\":{\"@id\":\"https:\\\/\\\/hotnewsinworld.com\\\/it\\\/#website\"},\"primaryImageOfPage\":{\"@id\":\"https:\\\/\\\/hotnewsinworld.com\\\/it\\\/papa-la-via-di-francesco-per-cambiare-leconomia-bisogna-costruire-un-popolo\\\/#primaryimage\"},\"image\":{\"@id\":\"https:\\\/\\\/hotnewsinworld.com\\\/it\\\/papa-la-via-di-francesco-per-cambiare-leconomia-bisogna-costruire-un-popolo\\\/#primaryimage\"},\"thumbnailUrl\":\"https:\\\/\\\/hotnewsinworld.com\\\/it\\\/wp-content\\\/uploads\\\/sites\\\/9\\\/2020\\\/11\\\/PAPA-La-via-di-Francesco-per-cambiare-leconomia-bisogna-costruire.jpg\",\"datePublished\":\"2020-11-24T06:45:11+00:00\",\"dateModified\":\"2020-11-24T06:45:14+00:00\",\"author\":{\"@id\":\"https:\\\/\\\/hotnewsinworld.com\\\/it\\\/#\\\/schema\\\/person\\\/22e85bfc52fc934ba41a2446cdb5a6e2\"},\"breadcrumb\":{\"@id\":\"https:\\\/\\\/hotnewsinworld.com\\\/it\\\/papa-la-via-di-francesco-per-cambiare-leconomia-bisogna-costruire-un-popolo\\\/#breadcrumb\"},\"inLanguage\":\"it-IT\",\"potentialAction\":[{\"@type\":\"ReadAction\",\"target\":[\"https:\\\/\\\/hotnewsinworld.com\\\/it\\\/papa-la-via-di-francesco-per-cambiare-leconomia-bisogna-costruire-un-popolo\\\/\"]}]},{\"@type\":\"ImageObject\",\"inLanguage\":\"it-IT\",\"@id\":\"https:\\\/\\\/hotnewsinworld.com\\\/it\\\/papa-la-via-di-francesco-per-cambiare-leconomia-bisogna-costruire-un-popolo\\\/#primaryimage\",\"url\":\"https:\\\/\\\/hotnewsinworld.com\\\/it\\\/wp-content\\\/uploads\\\/sites\\\/9\\\/2020\\\/11\\\/PAPA-La-via-di-Francesco-per-cambiare-leconomia-bisogna-costruire.jpg\",\"contentUrl\":\"https:\\\/\\\/hotnewsinworld.com\\\/it\\\/wp-content\\\/uploads\\\/sites\\\/9\\\/2020\\\/11\\\/PAPA-La-via-di-Francesco-per-cambiare-leconomia-bisogna-costruire.jpg\",\"width\":1282,\"height\":600,\"caption\":\"PAPA\\\/ La via di Francesco: per cambiare l\u2019economia bisogna costruire un popolo\"},{\"@type\":\"BreadcrumbList\",\"@id\":\"https:\\\/\\\/hotnewsinworld.com\\\/it\\\/papa-la-via-di-francesco-per-cambiare-leconomia-bisogna-costruire-un-popolo\\\/#breadcrumb\",\"itemListElement\":[{\"@type\":\"ListItem\",\"position\":1,\"name\":\"Home\",\"item\":\"https:\\\/\\\/hotnewsinworld.com\\\/it\\\/\"},{\"@type\":\"ListItem\",\"position\":2,\"name\":\"PAPA\\\/ La via di Francesco: per cambiare l\u2019economia bisogna costruire un popolo\"}]},{\"@type\":\"WebSite\",\"@id\":\"https:\\\/\\\/hotnewsinworld.com\\\/it\\\/#website\",\"url\":\"https:\\\/\\\/hotnewsinworld.com\\\/it\\\/\",\"name\":\"Hot News in World\",\"description\":\"Hot News in World from Italy\",\"potentialAction\":[{\"@type\":\"SearchAction\",\"target\":{\"@type\":\"EntryPoint\",\"urlTemplate\":\"https:\\\/\\\/hotnewsinworld.com\\\/it\\\/?s={search_term_string}\"},\"query-input\":{\"@type\":\"PropertyValueSpecification\",\"valueRequired\":true,\"valueName\":\"search_term_string\"}}],\"inLanguage\":\"it-IT\"},{\"@type\":\"Person\",\"@id\":\"https:\\\/\\\/hotnewsinworld.com\\\/it\\\/#\\\/schema\\\/person\\\/22e85bfc52fc934ba41a2446cdb5a6e2\",\"name\":\"it\",\"image\":{\"@type\":\"ImageObject\",\"inLanguage\":\"it-IT\",\"@id\":\"https:\\\/\\\/secure.gravatar.com\\\/avatar\\\/8231dc295c29b7354b98b34013cd815b15fea229e7f6a167cf90ebe12f9566e1?s=96&d=mm&r=g\",\"url\":\"https:\\\/\\\/secure.gravatar.com\\\/avatar\\\/8231dc295c29b7354b98b34013cd815b15fea229e7f6a167cf90ebe12f9566e1?s=96&d=mm&r=g\",\"contentUrl\":\"https:\\\/\\\/secure.gravatar.com\\\/avatar\\\/8231dc295c29b7354b98b34013cd815b15fea229e7f6a167cf90ebe12f9566e1?s=96&d=mm&r=g\",\"caption\":\"it\"},\"url\":\"https:\\\/\\\/hotnewsinworld.com\\\/it\\\/author\\\/it\\\/\"}]}<\/script>\n<!-- \/ Yoast SEO plugin. -->","yoast_head_json":{"title":"PAPA\/ La via di Francesco: per cambiare l\u2019economia bisogna costruire un popolo - Hot News in World","robots":{"index":"index","follow":"follow","max-snippet":"max-snippet:-1","max-image-preview":"max-image-preview:large","max-video-preview":"max-video-preview:-1"},"canonical":"https:\/\/hotnewsinworld.com\/it\/papa-la-via-di-francesco-per-cambiare-leconomia-bisogna-costruire-un-popolo\/","og_locale":"it_IT","og_type":"article","og_title":"PAPA\/ La via di Francesco: per cambiare l\u2019economia bisogna costruire un popolo - Hot News in World","og_description":"Nell\u2019enciclica Centesimus Annus san Giovanni Paolo II invocava, quasi vent\u2019anni fa, una nuova alleanza fra mercato libero e solidariet\u00e0. La via che ha scelto l\u2019Occidente \u00e8 stata diversa. Abbiamo avuto molto mercato (per\u00f2 non molto libero), ma poca solidariet\u00e0. Adesso papa Francesco denuncia la crisi in atto del capitalismo. Non \u00e8 la crisi \u201ceconomica\u201d immaginata [&hellip;]","og_url":"https:\/\/hotnewsinworld.com\/it\/papa-la-via-di-francesco-per-cambiare-leconomia-bisogna-costruire-un-popolo\/","og_site_name":"Hot News in World","article_published_time":"2020-11-24T06:45:11+00:00","article_modified_time":"2020-11-24T06:45:14+00:00","og_image":[{"width":1282,"height":600,"url":"https:\/\/hotnewsinworld.com\/it\/wp-content\/uploads\/sites\/9\/2020\/11\/PAPA-La-via-di-Francesco-per-cambiare-leconomia-bisogna-costruire.jpg","type":"image\/jpeg"}],"author":"it","twitter_card":"summary_large_image","twitter_misc":{"Scritto da":"it","Tempo di lettura stimato":"3 minuti"},"schema":{"@context":"https:\/\/schema.org","@graph":[{"@type":"Article","@id":"https:\/\/hotnewsinworld.com\/it\/papa-la-via-di-francesco-per-cambiare-leconomia-bisogna-costruire-un-popolo\/#article","isPartOf":{"@id":"https:\/\/hotnewsinworld.com\/it\/papa-la-via-di-francesco-per-cambiare-leconomia-bisogna-costruire-un-popolo\/"},"author":{"name":"it","@id":"https:\/\/hotnewsinworld.com\/it\/#\/schema\/person\/22e85bfc52fc934ba41a2446cdb5a6e2"},"headline":"PAPA\/ La via di Francesco: per cambiare l\u2019economia bisogna costruire un popolo","datePublished":"2020-11-24T06:45:11+00:00","dateModified":"2020-11-24T06:45:14+00:00","mainEntityOfPage":{"@id":"https:\/\/hotnewsinworld.com\/it\/papa-la-via-di-francesco-per-cambiare-leconomia-bisogna-costruire-un-popolo\/"},"wordCount":698,"commentCount":0,"image":{"@id":"https:\/\/hotnewsinworld.com\/it\/papa-la-via-di-francesco-per-cambiare-leconomia-bisogna-costruire-un-popolo\/#primaryimage"},"thumbnailUrl":"https:\/\/hotnewsinworld.com\/it\/wp-content\/uploads\/sites\/9\/2020\/11\/PAPA-La-via-di-Francesco-per-cambiare-leconomia-bisogna-costruire.jpg","articleSection":["NOTIZIE FINANZIARIE"],"inLanguage":"it-IT","potentialAction":[{"@type":"CommentAction","name":"Comment","target":["https:\/\/hotnewsinworld.com\/it\/papa-la-via-di-francesco-per-cambiare-leconomia-bisogna-costruire-un-popolo\/#respond"]}]},{"@type":"WebPage","@id":"https:\/\/hotnewsinworld.com\/it\/papa-la-via-di-francesco-per-cambiare-leconomia-bisogna-costruire-un-popolo\/","url":"https:\/\/hotnewsinworld.com\/it\/papa-la-via-di-francesco-per-cambiare-leconomia-bisogna-costruire-un-popolo\/","name":"PAPA\/ La via di Francesco: per cambiare l\u2019economia bisogna costruire un popolo - Hot News in World","isPartOf":{"@id":"https:\/\/hotnewsinworld.com\/it\/#website"},"primaryImageOfPage":{"@id":"https:\/\/hotnewsinworld.com\/it\/papa-la-via-di-francesco-per-cambiare-leconomia-bisogna-costruire-un-popolo\/#primaryimage"},"image":{"@id":"https:\/\/hotnewsinworld.com\/it\/papa-la-via-di-francesco-per-cambiare-leconomia-bisogna-costruire-un-popolo\/#primaryimage"},"thumbnailUrl":"https:\/\/hotnewsinworld.com\/it\/wp-content\/uploads\/sites\/9\/2020\/11\/PAPA-La-via-di-Francesco-per-cambiare-leconomia-bisogna-costruire.jpg","datePublished":"2020-11-24T06:45:11+00:00","dateModified":"2020-11-24T06:45:14+00:00","author":{"@id":"https:\/\/hotnewsinworld.com\/it\/#\/schema\/person\/22e85bfc52fc934ba41a2446cdb5a6e2"},"breadcrumb":{"@id":"https:\/\/hotnewsinworld.com\/it\/papa-la-via-di-francesco-per-cambiare-leconomia-bisogna-costruire-un-popolo\/#breadcrumb"},"inLanguage":"it-IT","potentialAction":[{"@type":"ReadAction","target":["https:\/\/hotnewsinworld.com\/it\/papa-la-via-di-francesco-per-cambiare-leconomia-bisogna-costruire-un-popolo\/"]}]},{"@type":"ImageObject","inLanguage":"it-IT","@id":"https:\/\/hotnewsinworld.com\/it\/papa-la-via-di-francesco-per-cambiare-leconomia-bisogna-costruire-un-popolo\/#primaryimage","url":"https:\/\/hotnewsinworld.com\/it\/wp-content\/uploads\/sites\/9\/2020\/11\/PAPA-La-via-di-Francesco-per-cambiare-leconomia-bisogna-costruire.jpg","contentUrl":"https:\/\/hotnewsinworld.com\/it\/wp-content\/uploads\/sites\/9\/2020\/11\/PAPA-La-via-di-Francesco-per-cambiare-leconomia-bisogna-costruire.jpg","width":1282,"height":600,"caption":"PAPA\/ La via di Francesco: per cambiare l\u2019economia bisogna costruire un popolo"},{"@type":"BreadcrumbList","@id":"https:\/\/hotnewsinworld.com\/it\/papa-la-via-di-francesco-per-cambiare-leconomia-bisogna-costruire-un-popolo\/#breadcrumb","itemListElement":[{"@type":"ListItem","position":1,"name":"Home","item":"https:\/\/hotnewsinworld.com\/it\/"},{"@type":"ListItem","position":2,"name":"PAPA\/ La via di Francesco: per cambiare l\u2019economia bisogna costruire un popolo"}]},{"@type":"WebSite","@id":"https:\/\/hotnewsinworld.com\/it\/#website","url":"https:\/\/hotnewsinworld.com\/it\/","name":"Hot News in World","description":"Hot News in World from Italy","potentialAction":[{"@type":"SearchAction","target":{"@type":"EntryPoint","urlTemplate":"https:\/\/hotnewsinworld.com\/it\/?s={search_term_string}"},"query-input":{"@type":"PropertyValueSpecification","valueRequired":true,"valueName":"search_term_string"}}],"inLanguage":"it-IT"},{"@type":"Person","@id":"https:\/\/hotnewsinworld.com\/it\/#\/schema\/person\/22e85bfc52fc934ba41a2446cdb5a6e2","name":"it","image":{"@type":"ImageObject","inLanguage":"it-IT","@id":"https:\/\/secure.gravatar.com\/avatar\/8231dc295c29b7354b98b34013cd815b15fea229e7f6a167cf90ebe12f9566e1?s=96&d=mm&r=g","url":"https:\/\/secure.gravatar.com\/avatar\/8231dc295c29b7354b98b34013cd815b15fea229e7f6a167cf90ebe12f9566e1?s=96&d=mm&r=g","contentUrl":"https:\/\/secure.gravatar.com\/avatar\/8231dc295c29b7354b98b34013cd815b15fea229e7f6a167cf90ebe12f9566e1?s=96&d=mm&r=g","caption":"it"},"url":"https:\/\/hotnewsinworld.com\/it\/author\/it\/"}]}},"_links":{"self":[{"href":"https:\/\/hotnewsinworld.com\/it\/wp-json\/wp\/v2\/posts\/744","targetHints":{"allow":["GET"]}}],"collection":[{"href":"https:\/\/hotnewsinworld.com\/it\/wp-json\/wp\/v2\/posts"}],"about":[{"href":"https:\/\/hotnewsinworld.com\/it\/wp-json\/wp\/v2\/types\/post"}],"author":[{"embeddable":true,"href":"https:\/\/hotnewsinworld.com\/it\/wp-json\/wp\/v2\/users\/3"}],"replies":[{"embeddable":true,"href":"https:\/\/hotnewsinworld.com\/it\/wp-json\/wp\/v2\/comments?post=744"}],"version-history":[{"count":1,"href":"https:\/\/hotnewsinworld.com\/it\/wp-json\/wp\/v2\/posts\/744\/revisions"}],"predecessor-version":[{"id":746,"href":"https:\/\/hotnewsinworld.com\/it\/wp-json\/wp\/v2\/posts\/744\/revisions\/746"}],"wp:featuredmedia":[{"embeddable":true,"href":"https:\/\/hotnewsinworld.com\/it\/wp-json\/wp\/v2\/media\/745"}],"wp:attachment":[{"href":"https:\/\/hotnewsinworld.com\/it\/wp-json\/wp\/v2\/media?parent=744"}],"wp:term":[{"taxonomy":"category","embeddable":true,"href":"https:\/\/hotnewsinworld.com\/it\/wp-json\/wp\/v2\/categories?post=744"},{"taxonomy":"post_tag","embeddable":true,"href":"https:\/\/hotnewsinworld.com\/it\/wp-json\/wp\/v2\/tags?post=744"}],"curies":[{"name":"wp","href":"https:\/\/api.w.org\/{rel}","templated":true}]}}