{"id":752,"date":"2020-11-25T07:00:22","date_gmt":"2020-11-25T07:00:22","guid":{"rendered":"https:\/\/hotnewsinworld.com\/it\/il-costo-della-crisi-in-9-mesi-persi-123-mld-da-manifattura-e-costruzioni\/"},"modified":"2020-11-25T07:00:25","modified_gmt":"2020-11-25T07:00:25","slug":"il-costo-della-crisi-in-9-mesi-persi-123-mld-da-manifattura-e-costruzioni","status":"publish","type":"post","link":"https:\/\/hotnewsinworld.com\/it\/il-costo-della-crisi-in-9-mesi-persi-123-mld-da-manifattura-e-costruzioni\/","title":{"rendered":"IL COSTO DELLA CRISI\/ In 9 mesi persi 123 mld da manifattura e costruzioni"},"content":{"rendered":"<p>\t\t\t\t\t\t\t\t\t\tL\u2019analisi dei dati macroeconomici e congiunturali evidenza effetti della crisi di straordinaria intensit\u00e0 sull\u2019economia italiana e sul sistema delle imprese. Nel contesto dell\u2019ondata autunnale dei contagi, le ultime previsioni per l\u2019Italia della Commissione europea, pubblicate lo scorso 5 novembre, evidenziano per quest\u2019anno un calo del Pil del 9,9% e un rimbalzo del +4,1% nel prossimo anno; nel 2021 il Pil italiano rimarr\u00e0 al di sotto del 6,2% rispetto al livello pre-crisi del 2019 e l\u2019Italia e la Spagna risulteranno i due Paesi maggiormente colpiti dalla recessione causata dall\u2019epidemia di Covid-19.<br \/>\nIl sistema \u00e8 imbrigliato da un eccesso di risparmio: nei primi nove mesi del 2020 i depositi di famiglie e imprese sono saliti di 109,1 miliardi di euro, quasi il doppio dell\u2019incremento di 58,8 miliardi di euro nello stesso periodo dell\u2019anno precedente.<br \/>\nLe componenti della domanda aggregata pi\u00f9 colpite sono gli investimenti ed export. Nel secondo trimestre del 2020 il volume annualizzato degli investimenti in macchinari ritorna ai livelli di tre anni prima; mentre le esportazioni manifatturiere, nei primi nove mesi del 2020, scendono del 11,6%, pari a 40,9 miliardi di euro in meno.<br \/>\nSempre nei primi nove mesi dell\u2019anno la produzione manifatturiera si \u00e8 ridotta del 14,9%, mentre quella delle costruzioni \u00e8 scesa dell\u201911,5%: nel complesso manifattura e costruzioni registrano un calo del valore della produzione di 123,2 miliardi di euro.<br \/>\nTra gennaio e settembre 2020 il volume delle vendite al dettaglio \u00e8 diminuito del 7,2%, con un\u2019accentuazione marcata per quelle di prodotti non alimentari, che registrano un calo del 13,6%. Nei primi sei mesi del 2020 il fatturato dei servizi ha ceduto il 17%.<br \/>\nSul mercato del lavoro, tra febbraio e settembre 2020 l\u2019occupazione registra un calo di 329 mila unit\u00e0. La recessione del 2020 si sta scaricando, come nelle precedenti crisi, sulla componente pi\u00f9 giovane del mercato del lavoro: la quasi totalit\u00e0 (95%) della flessione \u00e8 determinata dal calo di 313 mila occupati under 35. Cali pi\u00f9 intensi degli occupati si osservano per le donne e nelle regioni del Mezzogiorno.<br \/>\nIl calo dei ricavi sta determinando tensioni straordinarie sulla finanza aziendale. A fronte delle richieste di moratoria sui prestiti e delle garanzie sui finanziamenti del Fondo di Garanzia, i prestiti alle imprese segnano un aumento del 6,9%. Dopo molti anni, \u00e8 tornato in territorio positivo anche il trend dei prestiti alle piccole imprese (+2,6% a giugno 2020). Il maggiore credito, per\u00f2, non sta sostenendo la domanda di investimento delle imprese, ma viene utilizzato sopperire alla minore liquidit\u00e0 derivante del crollo dei ricavi, determinando un maggiore costo e un impatto negativo sul valore aggiunto.<br \/>\nLa demografia di impresa sta evidenziando una caduta delle iscrizioni, mentre le cessazioni potrebbero aumentare in modo significativo nel corso del 2021: secondo le valutazioni del panel di esperti di Confartigianato raccolte a ottobre nell\u2019ultima rilevazione dell\u2019Osservatorio Credito Covid-19, entro la fine dell\u2019anno il 21% delle imprese sar\u00e0 soggetta a rischi operativi e avr\u00e0 difficolt\u00e0 nel proseguire l\u2019attivit\u00e0.<br \/>\nL\u2019accentuazione delle restrizioni alle attivit\u00e0 economiche e alla mobilit\u00e0 a seguito del Dpcm dello scorso 3 novembre \u00e8 estesa sul territorio: nelle otto regioni in area rossa si concentra il 46,2% della popolazione, il 48,1% del Pil, viene prodotto il 52% del made in Italy e si concentra il 50% del turismo invernale. Restrizioni prolungate nel mese di dicembre amplificherebbero l\u2019effetto recessivo, considerando che le vendite al dettaglio di prodotti non alimentari del mese delle spese di Natale risultano superiori del 40,3% alla media degli altri undici mesi dell\u2019anno, divario che sale al 48,3% per i prodotti di abbigliamento.<br \/>\nLa politica economica, anche in questa fase difficile, deve guardare lontano. Per rilanciare l\u2019economia italiana serve una politica fiscale espansiva che, per contenere il rapporto debito\/Pil, deve massimizzare il tasso di crescita, focalizzando le risorse a favore degli investimenti privati e pubblici; questi ultimi negli ultimi dieci anni hanno registrato un crollo del 29,9%. Un basso profilo della crescita non porterebbe in sicurezza il rapporto debito\/Pil e, al termine del programma di acquisiti della Bce, dopo l\u2019impegno delle risorse di Next Generation Eu e la disattivazione della clausola di salvaguardia generale del Patto di Stabilit\u00e0 e Crescita, aumenterebbe il rischio di una nuova crisi del debito, molto pi\u00f9 grave di quella scoppiata nel 2011. La crescita del debito pubblico \u00e8 senza precedenti e nel 2020 tale posta salir\u00e0 al 158% del Pil, in prossimit\u00e0 del massimo storico dall\u2019Unit\u00e0 d\u2019Italia. Solo nei primi nove mesi del 2020 il debito della Pa \u00e8 salito di 172,6 miliardi di euro, alla velocit\u00e0 \u2013 impressionante \u2013 di 7.293 euro al secondo.<br \/>\nPer garantire una vitale accelerazione della crescita dell\u2019economia italiana, vanno migliorate le condizioni di competitivit\u00e0 delle imprese, migliorando l\u2019efficienza dei servizi erogati dalla Pubblica amministrazione. L\u2019Italia \u00e8 al 58\u00b0 posto nel mondo per facilit\u00e0 di fare impresa, al 23\u00b0 posto tra i 27 paesi dell\u2019Unione europea. In ambito europeo l\u2019Italia si colloca al 5\u00b0 posto per pressione fiscale ma precipita al 26\u00b0 posto per la qualit\u00e0 dei servizi pubblici.<br \/>\nIl nostro Paese scende al 128\u00b0 posto nel mondo per complessit\u00e0 e tempi necessari alle imprese per pagare le imposte, al 122\u00b0 posto per la risoluzione di una disputa commerciale, al 119\u00b0 posto per l\u2019ottenimento di credito e al 97\u00b0 posto per le licenze edilizie, mentre i prezzi dell\u2019energia elettrica pagati dalle piccole imprese italiane sono del 22,2% superiori alla media Ue a 27 e per consumi inferiori a 20 MWh il costo dell\u2019elettricit\u00e0 \u00e8 il pi\u00f9 elevato di tutta l\u2019Unione.<\/p>\n<p>\t\t\t\t\t\t\t\t\t\u00a9 RIPRODUZIONE RISERVATA\t<\/p>\n<p>\n<!--noindex--><br \/>\n<a href=\"https:\/\/www.ilsussidiario.net\/news\/il-costo-della-crisi-in-9-mesi-persi-123-mld-da-manifattura-e-costruzioni\/2096982\/\" rel=\"nofollow\">Source link <\/a><br \/>\n<!--\/noindex--><\/p>\n","protected":false},"excerpt":{"rendered":"<p>L\u2019analisi dei dati macroeconomici e congiunturali evidenza effetti della crisi di straordinaria intensit\u00e0 sull\u2019economia italiana e sul sistema delle imprese. Nel contesto dell\u2019ondata autunnale dei contagi, le ultime previsioni per l\u2019Italia della Commissione europea, pubblicate lo scorso 5 novembre, evidenziano per quest\u2019anno un calo del Pil del 9,9% e un rimbalzo del +4,1% nel prossimo [&hellip;]<\/p>\n","protected":false},"author":3,"featured_media":753,"comment_status":"open","ping_status":"open","sticky":false,"template":"","format":"standard","meta":{"footnotes":""},"categories":[1],"tags":[],"class_list":["post-752","post","type-post","status-publish","format-standard","has-post-thumbnail","hentry","category-notizie-finanziarie"],"yoast_head":"<!-- This site is optimized with the Yoast SEO plugin v27.4 - https:\/\/yoast.com\/product\/yoast-seo-wordpress\/ -->\n<title>IL COSTO DELLA CRISI\/ In 9 mesi persi 123 mld da manifattura e costruzioni - Hot News in World<\/title>\n<meta name=\"robots\" content=\"index, follow, max-snippet:-1, max-image-preview:large, max-video-preview:-1\" \/>\n<link rel=\"canonical\" href=\"https:\/\/hotnewsinworld.com\/it\/il-costo-della-crisi-in-9-mesi-persi-123-mld-da-manifattura-e-costruzioni\/\" \/>\n<meta property=\"og:locale\" content=\"it_IT\" \/>\n<meta property=\"og:type\" content=\"article\" \/>\n<meta property=\"og:title\" content=\"IL COSTO DELLA CRISI\/ In 9 mesi persi 123 mld da manifattura e costruzioni - Hot News in World\" \/>\n<meta property=\"og:description\" content=\"L\u2019analisi dei dati macroeconomici e congiunturali evidenza effetti della crisi di straordinaria intensit\u00e0 sull\u2019economia italiana e sul sistema delle imprese. Nel contesto dell\u2019ondata autunnale dei contagi, le ultime previsioni per l\u2019Italia della Commissione europea, pubblicate lo scorso 5 novembre, evidenziano per quest\u2019anno un calo del Pil del 9,9% e un rimbalzo del +4,1% nel prossimo [&hellip;]\" \/>\n<meta property=\"og:url\" content=\"https:\/\/hotnewsinworld.com\/it\/il-costo-della-crisi-in-9-mesi-persi-123-mld-da-manifattura-e-costruzioni\/\" \/>\n<meta property=\"og:site_name\" content=\"Hot News in World\" \/>\n<meta property=\"article:published_time\" content=\"2020-11-25T07:00:22+00:00\" \/>\n<meta property=\"article:modified_time\" content=\"2020-11-25T07:00:25+00:00\" \/>\n<meta property=\"og:image\" content=\"https:\/\/hotnewsinworld.com\/it\/wp-content\/uploads\/sites\/9\/2020\/11\/IL-COSTO-DELLA-CRISI-In-9-mesi-persi-123-mld.jpg\" \/>\n\t<meta property=\"og:image:width\" content=\"1280\" \/>\n\t<meta property=\"og:image:height\" content=\"600\" \/>\n\t<meta property=\"og:image:type\" content=\"image\/jpeg\" \/>\n<meta name=\"author\" content=\"it\" \/>\n<meta name=\"twitter:card\" content=\"summary_large_image\" \/>\n<meta name=\"twitter:label1\" content=\"Scritto da\" \/>\n\t<meta name=\"twitter:data1\" content=\"it\" \/>\n\t<meta name=\"twitter:label2\" content=\"Tempo di lettura stimato\" \/>\n\t<meta name=\"twitter:data2\" content=\"4 minuti\" \/>\n<script type=\"application\/ld+json\" class=\"yoast-schema-graph\">{\"@context\":\"https:\\\/\\\/schema.org\",\"@graph\":[{\"@type\":\"Article\",\"@id\":\"https:\\\/\\\/hotnewsinworld.com\\\/it\\\/il-costo-della-crisi-in-9-mesi-persi-123-mld-da-manifattura-e-costruzioni\\\/#article\",\"isPartOf\":{\"@id\":\"https:\\\/\\\/hotnewsinworld.com\\\/it\\\/il-costo-della-crisi-in-9-mesi-persi-123-mld-da-manifattura-e-costruzioni\\\/\"},\"author\":{\"name\":\"it\",\"@id\":\"https:\\\/\\\/hotnewsinworld.com\\\/it\\\/#\\\/schema\\\/person\\\/22e85bfc52fc934ba41a2446cdb5a6e2\"},\"headline\":\"IL COSTO DELLA CRISI\\\/ In 9 mesi persi 123 mld da manifattura e costruzioni\",\"datePublished\":\"2020-11-25T07:00:22+00:00\",\"dateModified\":\"2020-11-25T07:00:25+00:00\",\"mainEntityOfPage\":{\"@id\":\"https:\\\/\\\/hotnewsinworld.com\\\/it\\\/il-costo-della-crisi-in-9-mesi-persi-123-mld-da-manifattura-e-costruzioni\\\/\"},\"wordCount\":880,\"commentCount\":0,\"image\":{\"@id\":\"https:\\\/\\\/hotnewsinworld.com\\\/it\\\/il-costo-della-crisi-in-9-mesi-persi-123-mld-da-manifattura-e-costruzioni\\\/#primaryimage\"},\"thumbnailUrl\":\"https:\\\/\\\/hotnewsinworld.com\\\/it\\\/wp-content\\\/uploads\\\/sites\\\/9\\\/2020\\\/11\\\/IL-COSTO-DELLA-CRISI-In-9-mesi-persi-123-mld.jpg\",\"articleSection\":[\"NOTIZIE FINANZIARIE\"],\"inLanguage\":\"it-IT\",\"potentialAction\":[{\"@type\":\"CommentAction\",\"name\":\"Comment\",\"target\":[\"https:\\\/\\\/hotnewsinworld.com\\\/it\\\/il-costo-della-crisi-in-9-mesi-persi-123-mld-da-manifattura-e-costruzioni\\\/#respond\"]}]},{\"@type\":\"WebPage\",\"@id\":\"https:\\\/\\\/hotnewsinworld.com\\\/it\\\/il-costo-della-crisi-in-9-mesi-persi-123-mld-da-manifattura-e-costruzioni\\\/\",\"url\":\"https:\\\/\\\/hotnewsinworld.com\\\/it\\\/il-costo-della-crisi-in-9-mesi-persi-123-mld-da-manifattura-e-costruzioni\\\/\",\"name\":\"IL COSTO DELLA CRISI\\\/ In 9 mesi persi 123 mld da manifattura e costruzioni - Hot News in World\",\"isPartOf\":{\"@id\":\"https:\\\/\\\/hotnewsinworld.com\\\/it\\\/#website\"},\"primaryImageOfPage\":{\"@id\":\"https:\\\/\\\/hotnewsinworld.com\\\/it\\\/il-costo-della-crisi-in-9-mesi-persi-123-mld-da-manifattura-e-costruzioni\\\/#primaryimage\"},\"image\":{\"@id\":\"https:\\\/\\\/hotnewsinworld.com\\\/it\\\/il-costo-della-crisi-in-9-mesi-persi-123-mld-da-manifattura-e-costruzioni\\\/#primaryimage\"},\"thumbnailUrl\":\"https:\\\/\\\/hotnewsinworld.com\\\/it\\\/wp-content\\\/uploads\\\/sites\\\/9\\\/2020\\\/11\\\/IL-COSTO-DELLA-CRISI-In-9-mesi-persi-123-mld.jpg\",\"datePublished\":\"2020-11-25T07:00:22+00:00\",\"dateModified\":\"2020-11-25T07:00:25+00:00\",\"author\":{\"@id\":\"https:\\\/\\\/hotnewsinworld.com\\\/it\\\/#\\\/schema\\\/person\\\/22e85bfc52fc934ba41a2446cdb5a6e2\"},\"breadcrumb\":{\"@id\":\"https:\\\/\\\/hotnewsinworld.com\\\/it\\\/il-costo-della-crisi-in-9-mesi-persi-123-mld-da-manifattura-e-costruzioni\\\/#breadcrumb\"},\"inLanguage\":\"it-IT\",\"potentialAction\":[{\"@type\":\"ReadAction\",\"target\":[\"https:\\\/\\\/hotnewsinworld.com\\\/it\\\/il-costo-della-crisi-in-9-mesi-persi-123-mld-da-manifattura-e-costruzioni\\\/\"]}]},{\"@type\":\"ImageObject\",\"inLanguage\":\"it-IT\",\"@id\":\"https:\\\/\\\/hotnewsinworld.com\\\/it\\\/il-costo-della-crisi-in-9-mesi-persi-123-mld-da-manifattura-e-costruzioni\\\/#primaryimage\",\"url\":\"https:\\\/\\\/hotnewsinworld.com\\\/it\\\/wp-content\\\/uploads\\\/sites\\\/9\\\/2020\\\/11\\\/IL-COSTO-DELLA-CRISI-In-9-mesi-persi-123-mld.jpg\",\"contentUrl\":\"https:\\\/\\\/hotnewsinworld.com\\\/it\\\/wp-content\\\/uploads\\\/sites\\\/9\\\/2020\\\/11\\\/IL-COSTO-DELLA-CRISI-In-9-mesi-persi-123-mld.jpg\",\"width\":1280,\"height\":600,\"caption\":\"IL COSTO DELLA CRISI\\\/ In 9 mesi persi 123 mld da manifattura e costruzioni\"},{\"@type\":\"BreadcrumbList\",\"@id\":\"https:\\\/\\\/hotnewsinworld.com\\\/it\\\/il-costo-della-crisi-in-9-mesi-persi-123-mld-da-manifattura-e-costruzioni\\\/#breadcrumb\",\"itemListElement\":[{\"@type\":\"ListItem\",\"position\":1,\"name\":\"Home\",\"item\":\"https:\\\/\\\/hotnewsinworld.com\\\/it\\\/\"},{\"@type\":\"ListItem\",\"position\":2,\"name\":\"IL COSTO DELLA CRISI\\\/ In 9 mesi persi 123 mld da manifattura e costruzioni\"}]},{\"@type\":\"WebSite\",\"@id\":\"https:\\\/\\\/hotnewsinworld.com\\\/it\\\/#website\",\"url\":\"https:\\\/\\\/hotnewsinworld.com\\\/it\\\/\",\"name\":\"Hot News in World\",\"description\":\"Hot News in World from Italy\",\"potentialAction\":[{\"@type\":\"SearchAction\",\"target\":{\"@type\":\"EntryPoint\",\"urlTemplate\":\"https:\\\/\\\/hotnewsinworld.com\\\/it\\\/?s={search_term_string}\"},\"query-input\":{\"@type\":\"PropertyValueSpecification\",\"valueRequired\":true,\"valueName\":\"search_term_string\"}}],\"inLanguage\":\"it-IT\"},{\"@type\":\"Person\",\"@id\":\"https:\\\/\\\/hotnewsinworld.com\\\/it\\\/#\\\/schema\\\/person\\\/22e85bfc52fc934ba41a2446cdb5a6e2\",\"name\":\"it\",\"image\":{\"@type\":\"ImageObject\",\"inLanguage\":\"it-IT\",\"@id\":\"https:\\\/\\\/secure.gravatar.com\\\/avatar\\\/8231dc295c29b7354b98b34013cd815b15fea229e7f6a167cf90ebe12f9566e1?s=96&d=mm&r=g\",\"url\":\"https:\\\/\\\/secure.gravatar.com\\\/avatar\\\/8231dc295c29b7354b98b34013cd815b15fea229e7f6a167cf90ebe12f9566e1?s=96&d=mm&r=g\",\"contentUrl\":\"https:\\\/\\\/secure.gravatar.com\\\/avatar\\\/8231dc295c29b7354b98b34013cd815b15fea229e7f6a167cf90ebe12f9566e1?s=96&d=mm&r=g\",\"caption\":\"it\"},\"url\":\"https:\\\/\\\/hotnewsinworld.com\\\/it\\\/author\\\/it\\\/\"}]}<\/script>\n<!-- \/ Yoast SEO plugin. -->","yoast_head_json":{"title":"IL COSTO DELLA CRISI\/ In 9 mesi persi 123 mld da manifattura e costruzioni - Hot News in World","robots":{"index":"index","follow":"follow","max-snippet":"max-snippet:-1","max-image-preview":"max-image-preview:large","max-video-preview":"max-video-preview:-1"},"canonical":"https:\/\/hotnewsinworld.com\/it\/il-costo-della-crisi-in-9-mesi-persi-123-mld-da-manifattura-e-costruzioni\/","og_locale":"it_IT","og_type":"article","og_title":"IL COSTO DELLA CRISI\/ In 9 mesi persi 123 mld da manifattura e costruzioni - Hot News in World","og_description":"L\u2019analisi dei dati macroeconomici e congiunturali evidenza effetti della crisi di straordinaria intensit\u00e0 sull\u2019economia italiana e sul sistema delle imprese. Nel contesto dell\u2019ondata autunnale dei contagi, le ultime previsioni per l\u2019Italia della Commissione europea, pubblicate lo scorso 5 novembre, evidenziano per quest\u2019anno un calo del Pil del 9,9% e un rimbalzo del +4,1% nel prossimo [&hellip;]","og_url":"https:\/\/hotnewsinworld.com\/it\/il-costo-della-crisi-in-9-mesi-persi-123-mld-da-manifattura-e-costruzioni\/","og_site_name":"Hot News in World","article_published_time":"2020-11-25T07:00:22+00:00","article_modified_time":"2020-11-25T07:00:25+00:00","og_image":[{"width":1280,"height":600,"url":"https:\/\/hotnewsinworld.com\/it\/wp-content\/uploads\/sites\/9\/2020\/11\/IL-COSTO-DELLA-CRISI-In-9-mesi-persi-123-mld.jpg","type":"image\/jpeg"}],"author":"it","twitter_card":"summary_large_image","twitter_misc":{"Scritto da":"it","Tempo di lettura stimato":"4 minuti"},"schema":{"@context":"https:\/\/schema.org","@graph":[{"@type":"Article","@id":"https:\/\/hotnewsinworld.com\/it\/il-costo-della-crisi-in-9-mesi-persi-123-mld-da-manifattura-e-costruzioni\/#article","isPartOf":{"@id":"https:\/\/hotnewsinworld.com\/it\/il-costo-della-crisi-in-9-mesi-persi-123-mld-da-manifattura-e-costruzioni\/"},"author":{"name":"it","@id":"https:\/\/hotnewsinworld.com\/it\/#\/schema\/person\/22e85bfc52fc934ba41a2446cdb5a6e2"},"headline":"IL COSTO DELLA CRISI\/ In 9 mesi persi 123 mld da manifattura e costruzioni","datePublished":"2020-11-25T07:00:22+00:00","dateModified":"2020-11-25T07:00:25+00:00","mainEntityOfPage":{"@id":"https:\/\/hotnewsinworld.com\/it\/il-costo-della-crisi-in-9-mesi-persi-123-mld-da-manifattura-e-costruzioni\/"},"wordCount":880,"commentCount":0,"image":{"@id":"https:\/\/hotnewsinworld.com\/it\/il-costo-della-crisi-in-9-mesi-persi-123-mld-da-manifattura-e-costruzioni\/#primaryimage"},"thumbnailUrl":"https:\/\/hotnewsinworld.com\/it\/wp-content\/uploads\/sites\/9\/2020\/11\/IL-COSTO-DELLA-CRISI-In-9-mesi-persi-123-mld.jpg","articleSection":["NOTIZIE FINANZIARIE"],"inLanguage":"it-IT","potentialAction":[{"@type":"CommentAction","name":"Comment","target":["https:\/\/hotnewsinworld.com\/it\/il-costo-della-crisi-in-9-mesi-persi-123-mld-da-manifattura-e-costruzioni\/#respond"]}]},{"@type":"WebPage","@id":"https:\/\/hotnewsinworld.com\/it\/il-costo-della-crisi-in-9-mesi-persi-123-mld-da-manifattura-e-costruzioni\/","url":"https:\/\/hotnewsinworld.com\/it\/il-costo-della-crisi-in-9-mesi-persi-123-mld-da-manifattura-e-costruzioni\/","name":"IL COSTO DELLA CRISI\/ In 9 mesi persi 123 mld da manifattura e costruzioni - Hot News in World","isPartOf":{"@id":"https:\/\/hotnewsinworld.com\/it\/#website"},"primaryImageOfPage":{"@id":"https:\/\/hotnewsinworld.com\/it\/il-costo-della-crisi-in-9-mesi-persi-123-mld-da-manifattura-e-costruzioni\/#primaryimage"},"image":{"@id":"https:\/\/hotnewsinworld.com\/it\/il-costo-della-crisi-in-9-mesi-persi-123-mld-da-manifattura-e-costruzioni\/#primaryimage"},"thumbnailUrl":"https:\/\/hotnewsinworld.com\/it\/wp-content\/uploads\/sites\/9\/2020\/11\/IL-COSTO-DELLA-CRISI-In-9-mesi-persi-123-mld.jpg","datePublished":"2020-11-25T07:00:22+00:00","dateModified":"2020-11-25T07:00:25+00:00","author":{"@id":"https:\/\/hotnewsinworld.com\/it\/#\/schema\/person\/22e85bfc52fc934ba41a2446cdb5a6e2"},"breadcrumb":{"@id":"https:\/\/hotnewsinworld.com\/it\/il-costo-della-crisi-in-9-mesi-persi-123-mld-da-manifattura-e-costruzioni\/#breadcrumb"},"inLanguage":"it-IT","potentialAction":[{"@type":"ReadAction","target":["https:\/\/hotnewsinworld.com\/it\/il-costo-della-crisi-in-9-mesi-persi-123-mld-da-manifattura-e-costruzioni\/"]}]},{"@type":"ImageObject","inLanguage":"it-IT","@id":"https:\/\/hotnewsinworld.com\/it\/il-costo-della-crisi-in-9-mesi-persi-123-mld-da-manifattura-e-costruzioni\/#primaryimage","url":"https:\/\/hotnewsinworld.com\/it\/wp-content\/uploads\/sites\/9\/2020\/11\/IL-COSTO-DELLA-CRISI-In-9-mesi-persi-123-mld.jpg","contentUrl":"https:\/\/hotnewsinworld.com\/it\/wp-content\/uploads\/sites\/9\/2020\/11\/IL-COSTO-DELLA-CRISI-In-9-mesi-persi-123-mld.jpg","width":1280,"height":600,"caption":"IL COSTO DELLA CRISI\/ In 9 mesi persi 123 mld da manifattura e costruzioni"},{"@type":"BreadcrumbList","@id":"https:\/\/hotnewsinworld.com\/it\/il-costo-della-crisi-in-9-mesi-persi-123-mld-da-manifattura-e-costruzioni\/#breadcrumb","itemListElement":[{"@type":"ListItem","position":1,"name":"Home","item":"https:\/\/hotnewsinworld.com\/it\/"},{"@type":"ListItem","position":2,"name":"IL COSTO DELLA CRISI\/ In 9 mesi persi 123 mld da manifattura e costruzioni"}]},{"@type":"WebSite","@id":"https:\/\/hotnewsinworld.com\/it\/#website","url":"https:\/\/hotnewsinworld.com\/it\/","name":"Hot News in World","description":"Hot News in World from Italy","potentialAction":[{"@type":"SearchAction","target":{"@type":"EntryPoint","urlTemplate":"https:\/\/hotnewsinworld.com\/it\/?s={search_term_string}"},"query-input":{"@type":"PropertyValueSpecification","valueRequired":true,"valueName":"search_term_string"}}],"inLanguage":"it-IT"},{"@type":"Person","@id":"https:\/\/hotnewsinworld.com\/it\/#\/schema\/person\/22e85bfc52fc934ba41a2446cdb5a6e2","name":"it","image":{"@type":"ImageObject","inLanguage":"it-IT","@id":"https:\/\/secure.gravatar.com\/avatar\/8231dc295c29b7354b98b34013cd815b15fea229e7f6a167cf90ebe12f9566e1?s=96&d=mm&r=g","url":"https:\/\/secure.gravatar.com\/avatar\/8231dc295c29b7354b98b34013cd815b15fea229e7f6a167cf90ebe12f9566e1?s=96&d=mm&r=g","contentUrl":"https:\/\/secure.gravatar.com\/avatar\/8231dc295c29b7354b98b34013cd815b15fea229e7f6a167cf90ebe12f9566e1?s=96&d=mm&r=g","caption":"it"},"url":"https:\/\/hotnewsinworld.com\/it\/author\/it\/"}]}},"_links":{"self":[{"href":"https:\/\/hotnewsinworld.com\/it\/wp-json\/wp\/v2\/posts\/752","targetHints":{"allow":["GET"]}}],"collection":[{"href":"https:\/\/hotnewsinworld.com\/it\/wp-json\/wp\/v2\/posts"}],"about":[{"href":"https:\/\/hotnewsinworld.com\/it\/wp-json\/wp\/v2\/types\/post"}],"author":[{"embeddable":true,"href":"https:\/\/hotnewsinworld.com\/it\/wp-json\/wp\/v2\/users\/3"}],"replies":[{"embeddable":true,"href":"https:\/\/hotnewsinworld.com\/it\/wp-json\/wp\/v2\/comments?post=752"}],"version-history":[{"count":1,"href":"https:\/\/hotnewsinworld.com\/it\/wp-json\/wp\/v2\/posts\/752\/revisions"}],"predecessor-version":[{"id":754,"href":"https:\/\/hotnewsinworld.com\/it\/wp-json\/wp\/v2\/posts\/752\/revisions\/754"}],"wp:featuredmedia":[{"embeddable":true,"href":"https:\/\/hotnewsinworld.com\/it\/wp-json\/wp\/v2\/media\/753"}],"wp:attachment":[{"href":"https:\/\/hotnewsinworld.com\/it\/wp-json\/wp\/v2\/media?parent=752"}],"wp:term":[{"taxonomy":"category","embeddable":true,"href":"https:\/\/hotnewsinworld.com\/it\/wp-json\/wp\/v2\/categories?post=752"},{"taxonomy":"post_tag","embeddable":true,"href":"https:\/\/hotnewsinworld.com\/it\/wp-json\/wp\/v2\/tags?post=752"}],"curies":[{"name":"wp","href":"https:\/\/api.w.org\/{rel}","templated":true}]}}