{"id":778,"date":"2020-11-28T11:06:03","date_gmt":"2020-11-28T11:06:03","guid":{"rendered":"https:\/\/hotnewsinworld.com\/it\/brexit-accordo-entro-il-31-12-penalizzante-per-londra-ecco-la-richiesta-di-biden\/"},"modified":"2020-11-28T11:06:05","modified_gmt":"2020-11-28T11:06:05","slug":"brexit-accordo-entro-il-31-12-penalizzante-per-londra-ecco-la-richiesta-di-biden","status":"publish","type":"post","link":"https:\/\/hotnewsinworld.com\/it\/brexit-accordo-entro-il-31-12-penalizzante-per-londra-ecco-la-richiesta-di-biden\/","title":{"rendered":"BREXIT\/ &#8220;Accordo entro il 31\/12 penalizzante per Londra, ecco la richiesta di Biden\u201d"},"content":{"rendered":"<p>\t\t\t\t\t\t\t\t\t\tBREXIT\/ \u201cAccordo entro il 31\/12 penalizzante per Londra, ecco la richiesta di Biden\u201d<br \/>\nIl capo negoziatore Ue per la Brexit, Michel Barnier, torna a Londra, dopo due settimane di quarantena dovute alla presenza nel suo staff di persone positive al Covid. Un periodo, come spiega in questa intervista Leonardo Maisano, corrispondente da Londra del Sole 24 Ore, che \u201cnon ha significato l\u2019interruzione dei colloqui, che anzi sono stati portati avanti e molto bene. Prevedo che si arriver\u00e0 a una conclusione alla data prevista del 31 dicembre\u201d. Una conclusione che non significa affatto una vittoria inglese: \u201cComunque vada, per la Gran Bretagna l\u2019accordo sulla Brexit coster\u00e0 molto caro, anche alla luce della grave crisi economica che ha colpito il paese durante la pandemia e che la vedr\u00e0 privata di ogni sostegno da parte dell\u2019Unione Europea\u201d.<br \/>\nA che punto siamo nelle trattative? Durante la quarantena di Barnier il lavoro diplomatico \u00e8 comunque andato avanti?<br \/>\nS\u00ec. Al di l\u00e0 del ruolo che pu\u00f2 avere Barnier, ci sono tutti gli \u201csherpa\u201d sui due lati del tavolo che hanno continuato a lavorare. La trattativa \u00e8 andata avanti ed \u00e8 andata bene. C\u2019\u00e8 ancora un livello di contenzioso da superare, per\u00f2 bisogna dire che si registra un maggior ottimismo rispetto a prima.<br \/>\nChe cosa permette di essere ottimisti?<br \/>\n\u00c8 pi\u00f9 facile dire i punti di contenzioso ancora aperti. Intanto quello politico sulla pesca, cio\u00e8 l\u2019accesso delle imbarcazioni dell\u2019Ue nelle acque britanniche, che ha un peso economico molto relativo, frazioni minime del Pil, per\u00f2 ha un forte impatto politico in aree che sono essenziali per il Partito conservatore per mantenere il vantaggio che ha avuto alle ultime elezioni. Un punto di contenzioso politico molto delicato.<br \/>\nE poi?<br \/>\nPoi c\u2019\u00e8 il tema, caro agli inglesi, della libert\u00e0 di potersi fare regole proprie senza dover, in caso di contenzioso, sottostare alle istituzioni europee. Ma se non saranno queste a dirimere le eventuali querelle anglo-europee, quale sar\u00e0 l\u2019organismo a dover intervenire? Credo che si stia lavorando molto su questo punto. Una istituzione terza dove entrambi potrebbero fare appello in caso di discussioni potrebbe essere la soluzione.<br \/>\nCome \u00e8 la situazione economica del paese alla luce della pandemia? A differenza dei paesi dell\u2019Unione, il Regno Unito non potr\u00e0 contare su alcun aiuto economico da parte di Bruxelles?<br \/>\nLa Gran Bretagna si trova in una situazione molto delicata e difficile. L\u2019economia ha sofferto pesantemente, come tutte le altre economie, ma forse di pi\u00f9 e poi si trova davanti proprio all\u2019incertezza della Brexit. \u00c8 un doppio effetto abbastanza difficile da calcolare. La disoccupazione sta crescendo e cos\u00ec il debito pubblico, come in tutti i paesi colpiti dal Covid, per\u00f2 viene a mancare la forza dell\u2019Unione, che sta aiutando l\u2019Italia e altre nazioni.<br \/>\nCon la fine del mandato di Trump, che sosteneva apertamente la Brexit e Boris Johnson, cosa accadr\u00e0 con Biden alla Casa Bianca?<br \/>\nBiden prima di tutto \u00e8 irlandese, per cui non accetter\u00e0 mai alcuna forma di indebolimento degli accordi del Venerd\u00ec Santo, sui quali si regge la pace in Irlanda del Nord. La via di fuga che aveva immaginato Johnson andava proprio in quella direzione, era una corsa che abbatteva quelle intese. Da questo punto di vista l\u2019arrivo di Biden \u00e8 una cattiva notizia, per\u00f2 non credo che le relazioni anglo-americane saranno in qualche modo danneggiate.<br \/>\nBruxelles e Londra riusciranno davvero a trovare un\u2019intesa entro il 31 dicembre?<br \/>\nS\u00ec, non penso ci sar\u00e0 una rottura, assisteremo da entrambe le parti alle solite sceneggiate di chi deve vendere al proprio pubblico il merito della vittoria, soprattutto per gli inglesi, che devono far digerire un accordo che li penalizzer\u00e0. Comunque vada, per la Gran Bretagna coster\u00e0 molto caro.<br \/>\nDi che stima popolare gode oggi Johnson? \u00c8 stato molto criticato per come ha gestito la pandemia.<br \/>\nAl momento la sua posizione \u00e8 solida, grazie ai voti parlamentari ottenuti alle ultime elezioni. Comincia per\u00f2 ad indebolirsi nel partito, perch\u00e9 molti iniziano a nutrire dubbi sulla sua capacit\u00e0 di gestire una situazione complessa come quella che si sta profilando. Se fino a oggi \u00e8 stato l\u2019uomo giusto per vincere il consenso popolare e guadagnare voti, la gestione della situazione attuale \u00e8 tutta un\u2019altra cosa. Johnson \u00e8 abile nella sua comunicazione, e questo gli garantisce un certo consenso, ma sulla gestione dei problemi conseguenti alle sue scelte politiche restano invece molti dubbi.<\/p>\n<p>\t\t\t\t\t\t\t\t\t\u00a9 RIPRODUZIONE RISERVATA\t<\/p>\n<p>\n<!--noindex--><br \/>\n<a href=\"https:\/\/www.ilsussidiario.net\/news\/brexit-accordo-entro-il-31-12-penalizzante-per-londra-ecco-la-richiesta-di-biden\/2098615\/\" rel=\"nofollow\">Source link <\/a><br \/>\n<!--\/noindex--><\/p>\n","protected":false},"excerpt":{"rendered":"<p>BREXIT\/ \u201cAccordo entro il 31\/12 penalizzante per Londra, ecco la richiesta di Biden\u201d Il capo negoziatore Ue per la Brexit, Michel Barnier, torna a Londra, dopo due settimane di quarantena dovute alla presenza nel suo staff di persone positive al Covid. Un periodo, come spiega in questa intervista Leonardo Maisano, corrispondente da Londra del Sole [&hellip;]<\/p>\n","protected":false},"author":3,"featured_media":779,"comment_status":"open","ping_status":"open","sticky":false,"template":"","format":"standard","meta":{"footnotes":""},"categories":[1],"tags":[],"class_list":["post-778","post","type-post","status-publish","format-standard","has-post-thumbnail","hentry","category-notizie-finanziarie"],"yoast_head":"<!-- This site is optimized with the Yoast SEO plugin v27.4 - https:\/\/yoast.com\/product\/yoast-seo-wordpress\/ -->\n<title>BREXIT\/ &quot;Accordo entro il 31\/12 penalizzante per Londra, ecco la richiesta di Biden\u201d - Hot News in World<\/title>\n<meta name=\"robots\" content=\"index, follow, max-snippet:-1, max-image-preview:large, max-video-preview:-1\" \/>\n<link rel=\"canonical\" href=\"https:\/\/hotnewsinworld.com\/it\/brexit-accordo-entro-il-31-12-penalizzante-per-londra-ecco-la-richiesta-di-biden\/\" \/>\n<meta property=\"og:locale\" content=\"it_IT\" \/>\n<meta property=\"og:type\" content=\"article\" \/>\n<meta property=\"og:title\" content=\"BREXIT\/ &quot;Accordo entro il 31\/12 penalizzante per Londra, ecco la richiesta di Biden\u201d - Hot News in World\" \/>\n<meta property=\"og:description\" content=\"BREXIT\/ \u201cAccordo entro il 31\/12 penalizzante per Londra, ecco la richiesta di Biden\u201d Il capo negoziatore Ue per la Brexit, Michel Barnier, torna a Londra, dopo due settimane di quarantena dovute alla presenza nel suo staff di persone positive al Covid. Un periodo, come spiega in questa intervista Leonardo Maisano, corrispondente da Londra del Sole [&hellip;]\" \/>\n<meta property=\"og:url\" content=\"https:\/\/hotnewsinworld.com\/it\/brexit-accordo-entro-il-31-12-penalizzante-per-londra-ecco-la-richiesta-di-biden\/\" \/>\n<meta property=\"og:site_name\" content=\"Hot News in World\" \/>\n<meta property=\"article:published_time\" content=\"2020-11-28T11:06:03+00:00\" \/>\n<meta property=\"article:modified_time\" content=\"2020-11-28T11:06:05+00:00\" \/>\n<meta property=\"og:image\" content=\"https:\/\/hotnewsinworld.com\/it\/wp-content\/uploads\/sites\/9\/2020\/11\/BREXIT-Accordo-entro-il-3112-penalizzante-per-Londra-ecco-la.jpg\" \/>\n\t<meta property=\"og:image:width\" content=\"1282\" \/>\n\t<meta property=\"og:image:height\" content=\"600\" \/>\n\t<meta property=\"og:image:type\" content=\"image\/jpeg\" \/>\n<meta name=\"author\" content=\"it\" \/>\n<meta name=\"twitter:card\" content=\"summary_large_image\" \/>\n<meta name=\"twitter:label1\" content=\"Scritto da\" \/>\n\t<meta name=\"twitter:data1\" content=\"it\" \/>\n\t<meta name=\"twitter:label2\" content=\"Tempo di lettura stimato\" \/>\n\t<meta name=\"twitter:data2\" content=\"4 minuti\" \/>\n<script type=\"application\/ld+json\" class=\"yoast-schema-graph\">{\"@context\":\"https:\\\/\\\/schema.org\",\"@graph\":[{\"@type\":\"Article\",\"@id\":\"https:\\\/\\\/hotnewsinworld.com\\\/it\\\/brexit-accordo-entro-il-31-12-penalizzante-per-londra-ecco-la-richiesta-di-biden\\\/#article\",\"isPartOf\":{\"@id\":\"https:\\\/\\\/hotnewsinworld.com\\\/it\\\/brexit-accordo-entro-il-31-12-penalizzante-per-londra-ecco-la-richiesta-di-biden\\\/\"},\"author\":{\"name\":\"it\",\"@id\":\"https:\\\/\\\/hotnewsinworld.com\\\/it\\\/#\\\/schema\\\/person\\\/22e85bfc52fc934ba41a2446cdb5a6e2\"},\"headline\":\"BREXIT\\\/ &#8220;Accordo entro il 31\\\/12 penalizzante per Londra, ecco la richiesta di Biden\u201d\",\"datePublished\":\"2020-11-28T11:06:03+00:00\",\"dateModified\":\"2020-11-28T11:06:05+00:00\",\"mainEntityOfPage\":{\"@id\":\"https:\\\/\\\/hotnewsinworld.com\\\/it\\\/brexit-accordo-entro-il-31-12-penalizzante-per-londra-ecco-la-richiesta-di-biden\\\/\"},\"wordCount\":729,\"commentCount\":0,\"image\":{\"@id\":\"https:\\\/\\\/hotnewsinworld.com\\\/it\\\/brexit-accordo-entro-il-31-12-penalizzante-per-londra-ecco-la-richiesta-di-biden\\\/#primaryimage\"},\"thumbnailUrl\":\"https:\\\/\\\/hotnewsinworld.com\\\/it\\\/wp-content\\\/uploads\\\/sites\\\/9\\\/2020\\\/11\\\/BREXIT-Accordo-entro-il-3112-penalizzante-per-Londra-ecco-la.jpg\",\"articleSection\":[\"NOTIZIE FINANZIARIE\"],\"inLanguage\":\"it-IT\",\"potentialAction\":[{\"@type\":\"CommentAction\",\"name\":\"Comment\",\"target\":[\"https:\\\/\\\/hotnewsinworld.com\\\/it\\\/brexit-accordo-entro-il-31-12-penalizzante-per-londra-ecco-la-richiesta-di-biden\\\/#respond\"]}]},{\"@type\":\"WebPage\",\"@id\":\"https:\\\/\\\/hotnewsinworld.com\\\/it\\\/brexit-accordo-entro-il-31-12-penalizzante-per-londra-ecco-la-richiesta-di-biden\\\/\",\"url\":\"https:\\\/\\\/hotnewsinworld.com\\\/it\\\/brexit-accordo-entro-il-31-12-penalizzante-per-londra-ecco-la-richiesta-di-biden\\\/\",\"name\":\"BREXIT\\\/ \\\"Accordo entro il 31\\\/12 penalizzante per Londra, ecco la richiesta di Biden\u201d - Hot News in World\",\"isPartOf\":{\"@id\":\"https:\\\/\\\/hotnewsinworld.com\\\/it\\\/#website\"},\"primaryImageOfPage\":{\"@id\":\"https:\\\/\\\/hotnewsinworld.com\\\/it\\\/brexit-accordo-entro-il-31-12-penalizzante-per-londra-ecco-la-richiesta-di-biden\\\/#primaryimage\"},\"image\":{\"@id\":\"https:\\\/\\\/hotnewsinworld.com\\\/it\\\/brexit-accordo-entro-il-31-12-penalizzante-per-londra-ecco-la-richiesta-di-biden\\\/#primaryimage\"},\"thumbnailUrl\":\"https:\\\/\\\/hotnewsinworld.com\\\/it\\\/wp-content\\\/uploads\\\/sites\\\/9\\\/2020\\\/11\\\/BREXIT-Accordo-entro-il-3112-penalizzante-per-Londra-ecco-la.jpg\",\"datePublished\":\"2020-11-28T11:06:03+00:00\",\"dateModified\":\"2020-11-28T11:06:05+00:00\",\"author\":{\"@id\":\"https:\\\/\\\/hotnewsinworld.com\\\/it\\\/#\\\/schema\\\/person\\\/22e85bfc52fc934ba41a2446cdb5a6e2\"},\"breadcrumb\":{\"@id\":\"https:\\\/\\\/hotnewsinworld.com\\\/it\\\/brexit-accordo-entro-il-31-12-penalizzante-per-londra-ecco-la-richiesta-di-biden\\\/#breadcrumb\"},\"inLanguage\":\"it-IT\",\"potentialAction\":[{\"@type\":\"ReadAction\",\"target\":[\"https:\\\/\\\/hotnewsinworld.com\\\/it\\\/brexit-accordo-entro-il-31-12-penalizzante-per-londra-ecco-la-richiesta-di-biden\\\/\"]}]},{\"@type\":\"ImageObject\",\"inLanguage\":\"it-IT\",\"@id\":\"https:\\\/\\\/hotnewsinworld.com\\\/it\\\/brexit-accordo-entro-il-31-12-penalizzante-per-londra-ecco-la-richiesta-di-biden\\\/#primaryimage\",\"url\":\"https:\\\/\\\/hotnewsinworld.com\\\/it\\\/wp-content\\\/uploads\\\/sites\\\/9\\\/2020\\\/11\\\/BREXIT-Accordo-entro-il-3112-penalizzante-per-Londra-ecco-la.jpg\",\"contentUrl\":\"https:\\\/\\\/hotnewsinworld.com\\\/it\\\/wp-content\\\/uploads\\\/sites\\\/9\\\/2020\\\/11\\\/BREXIT-Accordo-entro-il-3112-penalizzante-per-Londra-ecco-la.jpg\",\"width\":1282,\"height\":600,\"caption\":\"BREXIT\\\/ \\\"Accordo entro il 31\\\/12 penalizzante per Londra, ecco la richiesta di Biden\u201d\"},{\"@type\":\"BreadcrumbList\",\"@id\":\"https:\\\/\\\/hotnewsinworld.com\\\/it\\\/brexit-accordo-entro-il-31-12-penalizzante-per-londra-ecco-la-richiesta-di-biden\\\/#breadcrumb\",\"itemListElement\":[{\"@type\":\"ListItem\",\"position\":1,\"name\":\"Home\",\"item\":\"https:\\\/\\\/hotnewsinworld.com\\\/it\\\/\"},{\"@type\":\"ListItem\",\"position\":2,\"name\":\"BREXIT\\\/ &#8220;Accordo entro il 31\\\/12 penalizzante per Londra, ecco la richiesta di Biden\u201d\"}]},{\"@type\":\"WebSite\",\"@id\":\"https:\\\/\\\/hotnewsinworld.com\\\/it\\\/#website\",\"url\":\"https:\\\/\\\/hotnewsinworld.com\\\/it\\\/\",\"name\":\"Hot News in World\",\"description\":\"Hot News in World from Italy\",\"potentialAction\":[{\"@type\":\"SearchAction\",\"target\":{\"@type\":\"EntryPoint\",\"urlTemplate\":\"https:\\\/\\\/hotnewsinworld.com\\\/it\\\/?s={search_term_string}\"},\"query-input\":{\"@type\":\"PropertyValueSpecification\",\"valueRequired\":true,\"valueName\":\"search_term_string\"}}],\"inLanguage\":\"it-IT\"},{\"@type\":\"Person\",\"@id\":\"https:\\\/\\\/hotnewsinworld.com\\\/it\\\/#\\\/schema\\\/person\\\/22e85bfc52fc934ba41a2446cdb5a6e2\",\"name\":\"it\",\"image\":{\"@type\":\"ImageObject\",\"inLanguage\":\"it-IT\",\"@id\":\"https:\\\/\\\/secure.gravatar.com\\\/avatar\\\/8231dc295c29b7354b98b34013cd815b15fea229e7f6a167cf90ebe12f9566e1?s=96&d=mm&r=g\",\"url\":\"https:\\\/\\\/secure.gravatar.com\\\/avatar\\\/8231dc295c29b7354b98b34013cd815b15fea229e7f6a167cf90ebe12f9566e1?s=96&d=mm&r=g\",\"contentUrl\":\"https:\\\/\\\/secure.gravatar.com\\\/avatar\\\/8231dc295c29b7354b98b34013cd815b15fea229e7f6a167cf90ebe12f9566e1?s=96&d=mm&r=g\",\"caption\":\"it\"},\"url\":\"https:\\\/\\\/hotnewsinworld.com\\\/it\\\/author\\\/it\\\/\"}]}<\/script>\n<!-- \/ Yoast SEO plugin. -->","yoast_head_json":{"title":"BREXIT\/ \"Accordo entro il 31\/12 penalizzante per Londra, ecco la richiesta di Biden\u201d - Hot News in World","robots":{"index":"index","follow":"follow","max-snippet":"max-snippet:-1","max-image-preview":"max-image-preview:large","max-video-preview":"max-video-preview:-1"},"canonical":"https:\/\/hotnewsinworld.com\/it\/brexit-accordo-entro-il-31-12-penalizzante-per-londra-ecco-la-richiesta-di-biden\/","og_locale":"it_IT","og_type":"article","og_title":"BREXIT\/ \"Accordo entro il 31\/12 penalizzante per Londra, ecco la richiesta di Biden\u201d - Hot News in World","og_description":"BREXIT\/ \u201cAccordo entro il 31\/12 penalizzante per Londra, ecco la richiesta di Biden\u201d Il capo negoziatore Ue per la Brexit, Michel Barnier, torna a Londra, dopo due settimane di quarantena dovute alla presenza nel suo staff di persone positive al Covid. Un periodo, come spiega in questa intervista Leonardo Maisano, corrispondente da Londra del Sole [&hellip;]","og_url":"https:\/\/hotnewsinworld.com\/it\/brexit-accordo-entro-il-31-12-penalizzante-per-londra-ecco-la-richiesta-di-biden\/","og_site_name":"Hot News in World","article_published_time":"2020-11-28T11:06:03+00:00","article_modified_time":"2020-11-28T11:06:05+00:00","og_image":[{"width":1282,"height":600,"url":"https:\/\/hotnewsinworld.com\/it\/wp-content\/uploads\/sites\/9\/2020\/11\/BREXIT-Accordo-entro-il-3112-penalizzante-per-Londra-ecco-la.jpg","type":"image\/jpeg"}],"author":"it","twitter_card":"summary_large_image","twitter_misc":{"Scritto da":"it","Tempo di lettura stimato":"4 minuti"},"schema":{"@context":"https:\/\/schema.org","@graph":[{"@type":"Article","@id":"https:\/\/hotnewsinworld.com\/it\/brexit-accordo-entro-il-31-12-penalizzante-per-londra-ecco-la-richiesta-di-biden\/#article","isPartOf":{"@id":"https:\/\/hotnewsinworld.com\/it\/brexit-accordo-entro-il-31-12-penalizzante-per-londra-ecco-la-richiesta-di-biden\/"},"author":{"name":"it","@id":"https:\/\/hotnewsinworld.com\/it\/#\/schema\/person\/22e85bfc52fc934ba41a2446cdb5a6e2"},"headline":"BREXIT\/ &#8220;Accordo entro il 31\/12 penalizzante per Londra, ecco la richiesta di Biden\u201d","datePublished":"2020-11-28T11:06:03+00:00","dateModified":"2020-11-28T11:06:05+00:00","mainEntityOfPage":{"@id":"https:\/\/hotnewsinworld.com\/it\/brexit-accordo-entro-il-31-12-penalizzante-per-londra-ecco-la-richiesta-di-biden\/"},"wordCount":729,"commentCount":0,"image":{"@id":"https:\/\/hotnewsinworld.com\/it\/brexit-accordo-entro-il-31-12-penalizzante-per-londra-ecco-la-richiesta-di-biden\/#primaryimage"},"thumbnailUrl":"https:\/\/hotnewsinworld.com\/it\/wp-content\/uploads\/sites\/9\/2020\/11\/BREXIT-Accordo-entro-il-3112-penalizzante-per-Londra-ecco-la.jpg","articleSection":["NOTIZIE FINANZIARIE"],"inLanguage":"it-IT","potentialAction":[{"@type":"CommentAction","name":"Comment","target":["https:\/\/hotnewsinworld.com\/it\/brexit-accordo-entro-il-31-12-penalizzante-per-londra-ecco-la-richiesta-di-biden\/#respond"]}]},{"@type":"WebPage","@id":"https:\/\/hotnewsinworld.com\/it\/brexit-accordo-entro-il-31-12-penalizzante-per-londra-ecco-la-richiesta-di-biden\/","url":"https:\/\/hotnewsinworld.com\/it\/brexit-accordo-entro-il-31-12-penalizzante-per-londra-ecco-la-richiesta-di-biden\/","name":"BREXIT\/ \"Accordo entro il 31\/12 penalizzante per Londra, ecco la richiesta di Biden\u201d - Hot News in World","isPartOf":{"@id":"https:\/\/hotnewsinworld.com\/it\/#website"},"primaryImageOfPage":{"@id":"https:\/\/hotnewsinworld.com\/it\/brexit-accordo-entro-il-31-12-penalizzante-per-londra-ecco-la-richiesta-di-biden\/#primaryimage"},"image":{"@id":"https:\/\/hotnewsinworld.com\/it\/brexit-accordo-entro-il-31-12-penalizzante-per-londra-ecco-la-richiesta-di-biden\/#primaryimage"},"thumbnailUrl":"https:\/\/hotnewsinworld.com\/it\/wp-content\/uploads\/sites\/9\/2020\/11\/BREXIT-Accordo-entro-il-3112-penalizzante-per-Londra-ecco-la.jpg","datePublished":"2020-11-28T11:06:03+00:00","dateModified":"2020-11-28T11:06:05+00:00","author":{"@id":"https:\/\/hotnewsinworld.com\/it\/#\/schema\/person\/22e85bfc52fc934ba41a2446cdb5a6e2"},"breadcrumb":{"@id":"https:\/\/hotnewsinworld.com\/it\/brexit-accordo-entro-il-31-12-penalizzante-per-londra-ecco-la-richiesta-di-biden\/#breadcrumb"},"inLanguage":"it-IT","potentialAction":[{"@type":"ReadAction","target":["https:\/\/hotnewsinworld.com\/it\/brexit-accordo-entro-il-31-12-penalizzante-per-londra-ecco-la-richiesta-di-biden\/"]}]},{"@type":"ImageObject","inLanguage":"it-IT","@id":"https:\/\/hotnewsinworld.com\/it\/brexit-accordo-entro-il-31-12-penalizzante-per-londra-ecco-la-richiesta-di-biden\/#primaryimage","url":"https:\/\/hotnewsinworld.com\/it\/wp-content\/uploads\/sites\/9\/2020\/11\/BREXIT-Accordo-entro-il-3112-penalizzante-per-Londra-ecco-la.jpg","contentUrl":"https:\/\/hotnewsinworld.com\/it\/wp-content\/uploads\/sites\/9\/2020\/11\/BREXIT-Accordo-entro-il-3112-penalizzante-per-Londra-ecco-la.jpg","width":1282,"height":600,"caption":"BREXIT\/ \"Accordo entro il 31\/12 penalizzante per Londra, ecco la richiesta di Biden\u201d"},{"@type":"BreadcrumbList","@id":"https:\/\/hotnewsinworld.com\/it\/brexit-accordo-entro-il-31-12-penalizzante-per-londra-ecco-la-richiesta-di-biden\/#breadcrumb","itemListElement":[{"@type":"ListItem","position":1,"name":"Home","item":"https:\/\/hotnewsinworld.com\/it\/"},{"@type":"ListItem","position":2,"name":"BREXIT\/ &#8220;Accordo entro il 31\/12 penalizzante per Londra, ecco la richiesta di Biden\u201d"}]},{"@type":"WebSite","@id":"https:\/\/hotnewsinworld.com\/it\/#website","url":"https:\/\/hotnewsinworld.com\/it\/","name":"Hot News in World","description":"Hot News in World from Italy","potentialAction":[{"@type":"SearchAction","target":{"@type":"EntryPoint","urlTemplate":"https:\/\/hotnewsinworld.com\/it\/?s={search_term_string}"},"query-input":{"@type":"PropertyValueSpecification","valueRequired":true,"valueName":"search_term_string"}}],"inLanguage":"it-IT"},{"@type":"Person","@id":"https:\/\/hotnewsinworld.com\/it\/#\/schema\/person\/22e85bfc52fc934ba41a2446cdb5a6e2","name":"it","image":{"@type":"ImageObject","inLanguage":"it-IT","@id":"https:\/\/secure.gravatar.com\/avatar\/8231dc295c29b7354b98b34013cd815b15fea229e7f6a167cf90ebe12f9566e1?s=96&d=mm&r=g","url":"https:\/\/secure.gravatar.com\/avatar\/8231dc295c29b7354b98b34013cd815b15fea229e7f6a167cf90ebe12f9566e1?s=96&d=mm&r=g","contentUrl":"https:\/\/secure.gravatar.com\/avatar\/8231dc295c29b7354b98b34013cd815b15fea229e7f6a167cf90ebe12f9566e1?s=96&d=mm&r=g","caption":"it"},"url":"https:\/\/hotnewsinworld.com\/it\/author\/it\/"}]}},"_links":{"self":[{"href":"https:\/\/hotnewsinworld.com\/it\/wp-json\/wp\/v2\/posts\/778","targetHints":{"allow":["GET"]}}],"collection":[{"href":"https:\/\/hotnewsinworld.com\/it\/wp-json\/wp\/v2\/posts"}],"about":[{"href":"https:\/\/hotnewsinworld.com\/it\/wp-json\/wp\/v2\/types\/post"}],"author":[{"embeddable":true,"href":"https:\/\/hotnewsinworld.com\/it\/wp-json\/wp\/v2\/users\/3"}],"replies":[{"embeddable":true,"href":"https:\/\/hotnewsinworld.com\/it\/wp-json\/wp\/v2\/comments?post=778"}],"version-history":[{"count":1,"href":"https:\/\/hotnewsinworld.com\/it\/wp-json\/wp\/v2\/posts\/778\/revisions"}],"predecessor-version":[{"id":780,"href":"https:\/\/hotnewsinworld.com\/it\/wp-json\/wp\/v2\/posts\/778\/revisions\/780"}],"wp:featuredmedia":[{"embeddable":true,"href":"https:\/\/hotnewsinworld.com\/it\/wp-json\/wp\/v2\/media\/779"}],"wp:attachment":[{"href":"https:\/\/hotnewsinworld.com\/it\/wp-json\/wp\/v2\/media?parent=778"}],"wp:term":[{"taxonomy":"category","embeddable":true,"href":"https:\/\/hotnewsinworld.com\/it\/wp-json\/wp\/v2\/categories?post=778"},{"taxonomy":"post_tag","embeddable":true,"href":"https:\/\/hotnewsinworld.com\/it\/wp-json\/wp\/v2\/tags?post=778"}],"curies":[{"name":"wp","href":"https:\/\/api.w.org\/{rel}","templated":true}]}}